{"id":248006,"date":"2023-07-16T10:28:59","date_gmt":"2023-07-16T13:28:59","guid":{"rendered":"https:\/\/noticiaempauta.com\/portal\/?p=248006"},"modified":"2023-07-16T10:29:01","modified_gmt":"2023-07-16T13:29:01","slug":"8a-edicao-do-projeto-amigos-da-comunidade-acontece-nos-dias-22-e-23-de-julho-em-picos","status":"publish","type":"post","link":"https:\/\/noticiaempauta.com\/portal\/8a-edicao-do-projeto-amigos-da-comunidade-acontece-nos-dias-22-e-23-de-julho-em-picos\/","title":{"rendered":"8\u00aa edi\u00e7\u00e3o do projeto Amigos da Comunidade acontece nos dias 22 e 23 de julho em Picos"},"content":{"rendered":"\n<p>A cidade dePicos receber\u00e1 no pr\u00f3ximo s\u00e1bado e domingo, 22 e 23 de julho, a 8\u00aa edi\u00e7\u00e3o do Amigos da Comunidade. A a\u00e7\u00e3o social ser\u00e1 realizada no pr\u00e9dio do SEST SENAT e ofertar\u00e1 um mutir\u00e3o de atendimentos multiprofissionais, como enfermagem, farm\u00e1cia, fisioterapia, fonoaudiologia, medicina, nutri\u00e7\u00e3o, odontologia e psicologia. Os atendimentos s\u00e3o totalmente gratuitos e buscam assistir pessoas de todas as idades.<\/p>\n\n\n\n<figure class=\"wp-block-image size-full\"><img fetchpriority=\"high\" decoding=\"async\" width=\"605\" height=\"480\" src=\"https:\/\/noticiaempauta.com\/portal\/wp-content\/uploads\/2023\/07\/2587.jpg\" alt=\"\" class=\"wp-image-248009\" srcset=\"https:\/\/noticiaempauta.com\/portal\/wp-content\/uploads\/2023\/07\/2587.jpg 605w, https:\/\/noticiaempauta.com\/portal\/wp-content\/uploads\/2023\/07\/2587-300x238.jpg 300w\" sizes=\"(max-width: 605px) 100vw, 605px\" \/><\/figure>\n\n\n\n<p>Os atendimentos ter\u00e3o in\u00edcio no s\u00e1bado, dia 22, \u00e0s 08h, com pausa no per\u00edodo de almo\u00e7o, retomando \u00e0s 14h. No segundo dia de evento (domingo, 23), tamb\u00e9m ter\u00e1 in\u00edcio \u00e0s 08h e funcionar\u00e1 apenas no turno da manh\u00e3, tendo todos os atendimentos encerrados \u00e0s 12h. Para usufruir dos atendimentos, \u00e9 necess\u00e1rio portar documento oficial com foto &nbsp;e Cart\u00e3o do SUS e as pessoas menores de 18 anos devem estar acompanhadas de seus respectivos respons\u00e1veis.<\/p>\n\n\n\n<p>O Amigos da Comunidade \u00e9 uma Organiza\u00e7\u00e3o Social (OS) sem fins lucrativos, que oferta atendimentos gratuitos em diferentes \u00e1reas da sa\u00fade, envolvendo estudantes, profissionais, professores e pessoas da comunidade. Fundada em 2017, a OS \u00a0j\u00e1 soma mais de 7.600 atendimentos, tendo realizado a\u00e7\u00f5es em cinco diferentes cidades do Piau\u00ed, onde mais de 2.500 pessoas tiveram suas vidas transformadas pelos mais de 600 amigos volunt\u00e1rios.\u00a0<\/p>\n\n\n\n<p>No presente ano, o Amigos da Comunidade j\u00e1 realizou uma edi\u00e7\u00e3o em Janeiro, na cidade de Santa Cruz do Piau\u00ed-PI, e agora no m\u00eas de julho, em parceria com o SEST SENAT, caminha para sua oitava edi\u00e7\u00e3o. Na ocasi\u00e3o, o SEST SENAT estar\u00e1 ofertando tamb\u00e9m atividades infantis e realizando campeonatos, durante os hor\u00e1rios de atendimento.<\/p>\n\n\n\n<p>Al\u00e9m das \u00e1reas de sa\u00fade, o projeto conta em sua estrutura com a log\u00edstica, que possui como objetivo manter o elevado padr\u00e3o de organiza\u00e7\u00e3o, melhor fluxo de atendimentos e assim uma boa execu\u00e7\u00e3o de toda a a\u00e7\u00e3o. O Projeto tamb\u00e9m conta, em seu quadro de organizadores, com amigos volunt\u00e1rios na \u00e1rea de comunica\u00e7\u00e3o e com o rec\u00e9m implementado departamento de tecnologia e informa\u00e7\u00e3o, que possui dois acad\u00eamicos estagi\u00e1rios, sendo assim um grande avan\u00e7o e marco na hist\u00f3ria que constroem.<\/p>\n\n\n\n<p>Para manter os bons resultados acumulados at\u00e9 aqui, a Organiza\u00e7\u00e3o, com sua vasta experi\u00eancia na realiza\u00e7\u00e3o de eventos, conta com o apoio de outras institui\u00e7\u00f5es, para oferta de todos os atendimentos, planejados desde o m\u00eas de fevereiro. Desse modo, buscou-se primeiro as institui\u00e7\u00f5es p\u00fablicas, como a Universidade Federal do Piau\u00ed, que mais uma vez firmou sua parceria com o Projeto, atrav\u00e9s de seu diretor Juscelino, diretor do Campus de Picos. Al\u00e9m dela, institui\u00e7\u00f5es privadas apoiam o projeto, atrav\u00e9s de insumos b\u00e1sicos, recurso monet\u00e1rio e brindes, garantindo assim a continuidade do excelente trabalho humanizado que o Amigos proporciona. Dentre estas, faz-se presente: Cl\u00ednica Popular de Picos; LabAn\u00e1lise; Loja Santa Ana; Dr. Danilo Anestesiologista (CRM PI 8472); Loja Ma\u00e7\u00f4nica Segredo, For\u00e7a e Uni\u00e3o Picoense N\u00b0 1571; Virtex Telecom LTDA; \u00d3tica &amp; Joalheria Brilhante.<\/p>\n","protected":false},"excerpt":{"rendered":"<p>A cidade dePicos receber\u00e1 no pr\u00f3ximo s\u00e1bado e domingo, 22 e 23 de julho, a 8\u00aa edi\u00e7\u00e3o do Amigos da Comunidade. A a\u00e7\u00e3o social ser\u00e1 realizada no pr\u00e9dio do SEST SENAT e ofertar\u00e1 um mutir\u00e3o de atendimentos multiprofissionais, como enfermagem, farm\u00e1cia, fisioterapia, fonoaudiologia, medicina, nutri\u00e7\u00e3o, odontologia e psicologia. Os atendimentos s\u00e3o totalmente gratuitos e buscam [&hellip;]<\/p>\n","protected":false},"author":2,"featured_media":248008,"comment_status":"open","ping_status":"open","sticky":false,"template":"","format":"standard","meta":{"_mi_skip_tracking":false,"footnotes":""},"categories":[25,5],"tags":[192],"class_list":["post-248006","post","type-post","status-publish","format-standard","has-post-thumbnail","hentry","category-destaques-site","category-saude","tag-destaqueprincipal"],"acf":[],"yoast_head":"<!-- This site is optimized with the Yoast SEO Premium plugin v19.2 (Yoast SEO v26.9) - https:\/\/yoast.com\/product\/yoast-seo-premium-wordpress\/ -->\n<title>8\u00aa edi\u00e7\u00e3o do projeto Amigos da Comunidade acontece nos dias 22 e 23 de julho em Picos - Portal Not\u00edcia em Pauta<\/title>\n<meta name=\"robots\" content=\"index, follow, max-snippet:-1, max-image-preview:large, max-video-preview:-1\" \/>\n<link rel=\"canonical\" href=\"https:\/\/noticiaempauta.com\/portal\/8a-edicao-do-projeto-amigos-da-comunidade-acontece-nos-dias-22-e-23-de-julho-em-picos\/\" \/>\n<meta property=\"og:locale\" content=\"pt_BR\" \/>\n<meta property=\"og:type\" content=\"article\" \/>\n<meta property=\"og:title\" content=\"8\u00aa edi\u00e7\u00e3o do projeto Amigos da Comunidade acontece nos dias 22 e 23 de julho em Picos\" \/>\n<meta property=\"og:description\" content=\"A cidade dePicos receber\u00e1 no pr\u00f3ximo s\u00e1bado e domingo, 22 e 23 de julho, a 8\u00aa edi\u00e7\u00e3o do Amigos da Comunidade. A a\u00e7\u00e3o social ser\u00e1 realizada no pr\u00e9dio do SEST SENAT e ofertar\u00e1 um mutir\u00e3o de atendimentos multiprofissionais, como enfermagem, farm\u00e1cia, fisioterapia, fonoaudiologia, medicina, nutri\u00e7\u00e3o, odontologia e psicologia. Os atendimentos s\u00e3o totalmente gratuitos e buscam [&hellip;]\" \/>\n<meta property=\"og:url\" content=\"https:\/\/noticiaempauta.com\/portal\/8a-edicao-do-projeto-amigos-da-comunidade-acontece-nos-dias-22-e-23-de-julho-em-picos\/\" \/>\n<meta property=\"og:site_name\" content=\"Portal Not\u00edcia em Pauta\" \/>\n<meta property=\"article:publisher\" content=\"https:\/\/www.facebook.com\/Portal-Notcia-Em-Pauta-102292869264820\/\" \/>\n<meta property=\"article:published_time\" content=\"2023-07-16T13:28:59+00:00\" \/>\n<meta property=\"article:modified_time\" content=\"2023-07-16T13:29:01+00:00\" \/>\n<meta property=\"og:image\" content=\"https:\/\/noticiaempauta.com\/portal\/wp-content\/uploads\/2023\/07\/FA-IMG-f01605b5537474961a7d.jpg\" \/>\n\t<meta property=\"og:image:width\" content=\"619\" \/>\n\t<meta property=\"og:image:height\" content=\"480\" \/>\n\t<meta property=\"og:image:type\" content=\"image\/jpeg\" \/>\n<meta name=\"author\" content=\"Reda\u00e7\u00e3o\" \/>\n<meta name=\"twitter:card\" content=\"summary_large_image\" \/>\n<meta name=\"twitter:label1\" content=\"Escrito por\" \/>\n\t<meta name=\"twitter:data1\" content=\"Reda\u00e7\u00e3o\" \/>\n\t<meta name=\"twitter:label2\" content=\"Est. tempo de leitura\" \/>\n\t<meta name=\"twitter:data2\" content=\"3 minutos\" \/>\n<script type=\"application\/ld+json\" class=\"yoast-schema-graph\">{\"@context\":\"https:\/\/schema.org\",\"@graph\":[{\"@type\":\"Article\",\"@id\":\"https:\/\/noticiaempauta.com\/portal\/8a-edicao-do-projeto-amigos-da-comunidade-acontece-nos-dias-22-e-23-de-julho-em-picos\/#article\",\"isPartOf\":{\"@id\":\"https:\/\/noticiaempauta.com\/portal\/8a-edicao-do-projeto-amigos-da-comunidade-acontece-nos-dias-22-e-23-de-julho-em-picos\/\"},\"author\":{\"name\":\"Reda\u00e7\u00e3o\",\"@id\":\"https:\/\/noticiaempauta.com\/portal\/#\/schema\/person\/a74af43dd1ab3deca45f988c717d57ac\"},\"headline\":\"8\u00aa edi\u00e7\u00e3o do projeto Amigos da Comunidade acontece nos dias 22 e 23 de julho em Picos\",\"datePublished\":\"2023-07-16T13:28:59+00:00\",\"dateModified\":\"2023-07-16T13:29:01+00:00\",\"mainEntityOfPage\":{\"@id\":\"https:\/\/noticiaempauta.com\/portal\/8a-edicao-do-projeto-amigos-da-comunidade-acontece-nos-dias-22-e-23-de-julho-em-picos\/\"},\"wordCount\":530,\"commentCount\":0,\"publisher\":{\"@id\":\"https:\/\/noticiaempauta.com\/portal\/#organization\"},\"image\":{\"@id\":\"https:\/\/noticiaempauta.com\/portal\/8a-edicao-do-projeto-amigos-da-comunidade-acontece-nos-dias-22-e-23-de-julho-em-picos\/#primaryimage\"},\"thumbnailUrl\":\"https:\/\/noticiaempauta.com\/portal\/wp-content\/uploads\/2023\/07\/FA-IMG-f01605b5537474961a7d.jpg\",\"keywords\":[\"destaqueprincipal\"],\"articleSection\":[\"Destaques\",\"Sa\u00fade\"],\"inLanguage\":\"pt-BR\",\"potentialAction\":[{\"@type\":\"CommentAction\",\"name\":\"Comment\",\"target\":[\"https:\/\/noticiaempauta.com\/portal\/8a-edicao-do-projeto-amigos-da-comunidade-acontece-nos-dias-22-e-23-de-julho-em-picos\/#respond\"]}]},{\"@type\":\"WebPage\",\"@id\":\"https:\/\/noticiaempauta.com\/portal\/8a-edicao-do-projeto-amigos-da-comunidade-acontece-nos-dias-22-e-23-de-julho-em-picos\/\",\"url\":\"https:\/\/noticiaempauta.com\/portal\/8a-edicao-do-projeto-amigos-da-comunidade-acontece-nos-dias-22-e-23-de-julho-em-picos\/\",\"name\":\"8\u00aa edi\u00e7\u00e3o do projeto Amigos da Comunidade acontece nos dias 22 e 23 de julho em Picos - Portal Not\u00edcia em Pauta\",\"isPartOf\":{\"@id\":\"https:\/\/noticiaempauta.com\/portal\/#website\"},\"primaryImageOfPage\":{\"@id\":\"https:\/\/noticiaempauta.com\/portal\/8a-edicao-do-projeto-amigos-da-comunidade-acontece-nos-dias-22-e-23-de-julho-em-picos\/#primaryimage\"},\"image\":{\"@id\":\"https:\/\/noticiaempauta.com\/portal\/8a-edicao-do-projeto-amigos-da-comunidade-acontece-nos-dias-22-e-23-de-julho-em-picos\/#primaryimage\"},\"thumbnailUrl\":\"https:\/\/noticiaempauta.com\/portal\/wp-content\/uploads\/2023\/07\/FA-IMG-f01605b5537474961a7d.jpg\",\"datePublished\":\"2023-07-16T13:28:59+00:00\",\"dateModified\":\"2023-07-16T13:29:01+00:00\",\"breadcrumb\":{\"@id\":\"https:\/\/noticiaempauta.com\/portal\/8a-edicao-do-projeto-amigos-da-comunidade-acontece-nos-dias-22-e-23-de-julho-em-picos\/#breadcrumb\"},\"inLanguage\":\"pt-BR\",\"potentialAction\":[{\"@type\":\"ReadAction\",\"target\":[\"https:\/\/noticiaempauta.com\/portal\/8a-edicao-do-projeto-amigos-da-comunidade-acontece-nos-dias-22-e-23-de-julho-em-picos\/\"]}]},{\"@type\":\"ImageObject\",\"inLanguage\":\"pt-BR\",\"@id\":\"https:\/\/noticiaempauta.com\/portal\/8a-edicao-do-projeto-amigos-da-comunidade-acontece-nos-dias-22-e-23-de-julho-em-picos\/#primaryimage\",\"url\":\"https:\/\/noticiaempauta.com\/portal\/wp-content\/uploads\/2023\/07\/FA-IMG-f01605b5537474961a7d.jpg\",\"contentUrl\":\"https:\/\/noticiaempauta.com\/portal\/wp-content\/uploads\/2023\/07\/FA-IMG-f01605b5537474961a7d.jpg\",\"width\":619,\"height\":480,\"caption\":\"Foto: Divulga\u00e7\u00e3o\"},{\"@type\":\"BreadcrumbList\",\"@id\":\"https:\/\/noticiaempauta.com\/portal\/8a-edicao-do-projeto-amigos-da-comunidade-acontece-nos-dias-22-e-23-de-julho-em-picos\/#breadcrumb\",\"itemListElement\":[{\"@type\":\"ListItem\",\"position\":1,\"name\":\"P\u00e1gina Inicial\",\"item\":\"https:\/\/noticiaempauta.com\/portal\/\"},{\"@type\":\"ListItem\",\"position\":2,\"name\":\"Destaques\",\"item\":\"https:\/\/noticiaempauta.com\/portal\/destaques-site\/\"},{\"@type\":\"ListItem\",\"position\":3,\"name\":\"8\u00aa edi\u00e7\u00e3o do projeto Amigos da Comunidade acontece nos dias 22 e 23 de julho em Picos\"}]},{\"@type\":\"WebSite\",\"@id\":\"https:\/\/noticiaempauta.com\/portal\/#website\",\"url\":\"https:\/\/noticiaempauta.com\/portal\/\",\"name\":\"Portal Not\u00edcia em Pauta\",\"description\":\"Voc\u00ea bem informado\",\"publisher\":{\"@id\":\"https:\/\/noticiaempauta.com\/portal\/#organization\"},\"potentialAction\":[{\"@type\":\"SearchAction\",\"target\":{\"@type\":\"EntryPoint\",\"urlTemplate\":\"https:\/\/noticiaempauta.com\/portal\/?s={search_term_string}\"},\"query-input\":{\"@type\":\"PropertyValueSpecification\",\"valueRequired\":true,\"valueName\":\"search_term_string\"}}],\"inLanguage\":\"pt-BR\"},{\"@type\":\"Organization\",\"@id\":\"https:\/\/noticiaempauta.com\/portal\/#organization\",\"name\":\"Portal Not\u00edcia em Pauta\",\"url\":\"https:\/\/noticiaempauta.com\/portal\/\",\"logo\":{\"@type\":\"ImageObject\",\"inLanguage\":\"pt-BR\",\"@id\":\"https:\/\/noticiaempauta.com\/portal\/#\/schema\/logo\/image\/\",\"url\":\"https:\/\/noticiaempauta.com\/portal\/wp-content\/uploads\/2022\/08\/logomarca_tema.fw_.png\",\"contentUrl\":\"https:\/\/noticiaempauta.com\/portal\/wp-content\/uploads\/2022\/08\/logomarca_tema.fw_.png\",\"width\":400,\"height\":232,\"caption\":\"Portal Not\u00edcia em Pauta\"},\"image\":{\"@id\":\"https:\/\/noticiaempauta.com\/portal\/#\/schema\/logo\/image\/\"},\"sameAs\":[\"https:\/\/www.facebook.com\/Portal-Notcia-Em-Pauta-102292869264820\/\",\"https:\/\/www.instagram.com\/portalnoticiaempauta\/\"]},{\"@type\":\"Person\",\"@id\":\"https:\/\/noticiaempauta.com\/portal\/#\/schema\/person\/a74af43dd1ab3deca45f988c717d57ac\",\"name\":\"Reda\u00e7\u00e3o\",\"image\":{\"@type\":\"ImageObject\",\"inLanguage\":\"pt-BR\",\"@id\":\"https:\/\/noticiaempauta.com\/portal\/#\/schema\/person\/image\/\",\"url\":\"https:\/\/secure.gravatar.com\/avatar\/03179346ecce6cdfc13361603e8f54242a90e5cde8618fa23c5c00aa2b0aadf3?s=96&d=mm&r=g\",\"contentUrl\":\"https:\/\/secure.gravatar.com\/avatar\/03179346ecce6cdfc13361603e8f54242a90e5cde8618fa23c5c00aa2b0aadf3?s=96&d=mm&r=g\",\"caption\":\"Reda\u00e7\u00e3o\"},\"sameAs\":[\"https:\/\/noticiaempauta.com\/portal\/\"],\"url\":\"https:\/\/noticiaempauta.com\/portal\/author\/fernando\/\"}]}<\/script>\n<!-- \/ Yoast SEO Premium plugin. -->","yoast_head_json":{"title":"8\u00aa edi\u00e7\u00e3o do projeto Amigos da Comunidade acontece nos dias 22 e 23 de julho em Picos - Portal Not\u00edcia em Pauta","robots":{"index":"index","follow":"follow","max-snippet":"max-snippet:-1","max-image-preview":"max-image-preview:large","max-video-preview":"max-video-preview:-1"},"canonical":"https:\/\/noticiaempauta.com\/portal\/8a-edicao-do-projeto-amigos-da-comunidade-acontece-nos-dias-22-e-23-de-julho-em-picos\/","og_locale":"pt_BR","og_type":"article","og_title":"8\u00aa edi\u00e7\u00e3o do projeto Amigos da Comunidade acontece nos dias 22 e 23 de julho em Picos","og_description":"A cidade dePicos receber\u00e1 no pr\u00f3ximo s\u00e1bado e domingo, 22 e 23 de julho, a 8\u00aa edi\u00e7\u00e3o do Amigos da Comunidade. A a\u00e7\u00e3o social ser\u00e1 realizada no pr\u00e9dio do SEST SENAT e ofertar\u00e1 um mutir\u00e3o de atendimentos multiprofissionais, como enfermagem, farm\u00e1cia, fisioterapia, fonoaudiologia, medicina, nutri\u00e7\u00e3o, odontologia e psicologia. Os atendimentos s\u00e3o totalmente gratuitos e buscam [&hellip;]","og_url":"https:\/\/noticiaempauta.com\/portal\/8a-edicao-do-projeto-amigos-da-comunidade-acontece-nos-dias-22-e-23-de-julho-em-picos\/","og_site_name":"Portal Not\u00edcia em Pauta","article_publisher":"https:\/\/www.facebook.com\/Portal-Notcia-Em-Pauta-102292869264820\/","article_published_time":"2023-07-16T13:28:59+00:00","article_modified_time":"2023-07-16T13:29:01+00:00","og_image":[{"width":619,"height":480,"url":"https:\/\/noticiaempauta.com\/portal\/wp-content\/uploads\/2023\/07\/FA-IMG-f01605b5537474961a7d.jpg","type":"image\/jpeg"}],"author":"Reda\u00e7\u00e3o","twitter_card":"summary_large_image","twitter_misc":{"Escrito por":"Reda\u00e7\u00e3o","Est. tempo de leitura":"3 minutos"},"schema":{"@context":"https:\/\/schema.org","@graph":[{"@type":"Article","@id":"https:\/\/noticiaempauta.com\/portal\/8a-edicao-do-projeto-amigos-da-comunidade-acontece-nos-dias-22-e-23-de-julho-em-picos\/#article","isPartOf":{"@id":"https:\/\/noticiaempauta.com\/portal\/8a-edicao-do-projeto-amigos-da-comunidade-acontece-nos-dias-22-e-23-de-julho-em-picos\/"},"author":{"name":"Reda\u00e7\u00e3o","@id":"https:\/\/noticiaempauta.com\/portal\/#\/schema\/person\/a74af43dd1ab3deca45f988c717d57ac"},"headline":"8\u00aa edi\u00e7\u00e3o do projeto Amigos da Comunidade acontece nos dias 22 e 23 de julho em Picos","datePublished":"2023-07-16T13:28:59+00:00","dateModified":"2023-07-16T13:29:01+00:00","mainEntityOfPage":{"@id":"https:\/\/noticiaempauta.com\/portal\/8a-edicao-do-projeto-amigos-da-comunidade-acontece-nos-dias-22-e-23-de-julho-em-picos\/"},"wordCount":530,"commentCount":0,"publisher":{"@id":"https:\/\/noticiaempauta.com\/portal\/#organization"},"image":{"@id":"https:\/\/noticiaempauta.com\/portal\/8a-edicao-do-projeto-amigos-da-comunidade-acontece-nos-dias-22-e-23-de-julho-em-picos\/#primaryimage"},"thumbnailUrl":"https:\/\/noticiaempauta.com\/portal\/wp-content\/uploads\/2023\/07\/FA-IMG-f01605b5537474961a7d.jpg","keywords":["destaqueprincipal"],"articleSection":["Destaques","Sa\u00fade"],"inLanguage":"pt-BR","potentialAction":[{"@type":"CommentAction","name":"Comment","target":["https:\/\/noticiaempauta.com\/portal\/8a-edicao-do-projeto-amigos-da-comunidade-acontece-nos-dias-22-e-23-de-julho-em-picos\/#respond"]}]},{"@type":"WebPage","@id":"https:\/\/noticiaempauta.com\/portal\/8a-edicao-do-projeto-amigos-da-comunidade-acontece-nos-dias-22-e-23-de-julho-em-picos\/","url":"https:\/\/noticiaempauta.com\/portal\/8a-edicao-do-projeto-amigos-da-comunidade-acontece-nos-dias-22-e-23-de-julho-em-picos\/","name":"8\u00aa edi\u00e7\u00e3o do projeto Amigos da Comunidade acontece nos dias 22 e 23 de julho em Picos - Portal Not\u00edcia em Pauta","isPartOf":{"@id":"https:\/\/noticiaempauta.com\/portal\/#website"},"primaryImageOfPage":{"@id":"https:\/\/noticiaempauta.com\/portal\/8a-edicao-do-projeto-amigos-da-comunidade-acontece-nos-dias-22-e-23-de-julho-em-picos\/#primaryimage"},"image":{"@id":"https:\/\/noticiaempauta.com\/portal\/8a-edicao-do-projeto-amigos-da-comunidade-acontece-nos-dias-22-e-23-de-julho-em-picos\/#primaryimage"},"thumbnailUrl":"https:\/\/noticiaempauta.com\/portal\/wp-content\/uploads\/2023\/07\/FA-IMG-f01605b5537474961a7d.jpg","datePublished":"2023-07-16T13:28:59+00:00","dateModified":"2023-07-16T13:29:01+00:00","breadcrumb":{"@id":"https:\/\/noticiaempauta.com\/portal\/8a-edicao-do-projeto-amigos-da-comunidade-acontece-nos-dias-22-e-23-de-julho-em-picos\/#breadcrumb"},"inLanguage":"pt-BR","potentialAction":[{"@type":"ReadAction","target":["https:\/\/noticiaempauta.com\/portal\/8a-edicao-do-projeto-amigos-da-comunidade-acontece-nos-dias-22-e-23-de-julho-em-picos\/"]}]},{"@type":"ImageObject","inLanguage":"pt-BR","@id":"https:\/\/noticiaempauta.com\/portal\/8a-edicao-do-projeto-amigos-da-comunidade-acontece-nos-dias-22-e-23-de-julho-em-picos\/#primaryimage","url":"https:\/\/noticiaempauta.com\/portal\/wp-content\/uploads\/2023\/07\/FA-IMG-f01605b5537474961a7d.jpg","contentUrl":"https:\/\/noticiaempauta.com\/portal\/wp-content\/uploads\/2023\/07\/FA-IMG-f01605b5537474961a7d.jpg","width":619,"height":480,"caption":"Foto: Divulga\u00e7\u00e3o"},{"@type":"BreadcrumbList","@id":"https:\/\/noticiaempauta.com\/portal\/8a-edicao-do-projeto-amigos-da-comunidade-acontece-nos-dias-22-e-23-de-julho-em-picos\/#breadcrumb","itemListElement":[{"@type":"ListItem","position":1,"name":"P\u00e1gina Inicial","item":"https:\/\/noticiaempauta.com\/portal\/"},{"@type":"ListItem","position":2,"name":"Destaques","item":"https:\/\/noticiaempauta.com\/portal\/destaques-site\/"},{"@type":"ListItem","position":3,"name":"8\u00aa edi\u00e7\u00e3o do projeto Amigos da Comunidade acontece nos dias 22 e 23 de julho em Picos"}]},{"@type":"WebSite","@id":"https:\/\/noticiaempauta.com\/portal\/#website","url":"https:\/\/noticiaempauta.com\/portal\/","name":"Portal Not\u00edcia em Pauta","description":"Voc\u00ea bem informado","publisher":{"@id":"https:\/\/noticiaempauta.com\/portal\/#organization"},"potentialAction":[{"@type":"SearchAction","target":{"@type":"EntryPoint","urlTemplate":"https:\/\/noticiaempauta.com\/portal\/?s={search_term_string}"},"query-input":{"@type":"PropertyValueSpecification","valueRequired":true,"valueName":"search_term_string"}}],"inLanguage":"pt-BR"},{"@type":"Organization","@id":"https:\/\/noticiaempauta.com\/portal\/#organization","name":"Portal Not\u00edcia em Pauta","url":"https:\/\/noticiaempauta.com\/portal\/","logo":{"@type":"ImageObject","inLanguage":"pt-BR","@id":"https:\/\/noticiaempauta.com\/portal\/#\/schema\/logo\/image\/","url":"https:\/\/noticiaempauta.com\/portal\/wp-content\/uploads\/2022\/08\/logomarca_tema.fw_.png","contentUrl":"https:\/\/noticiaempauta.com\/portal\/wp-content\/uploads\/2022\/08\/logomarca_tema.fw_.png","width":400,"height":232,"caption":"Portal Not\u00edcia em Pauta"},"image":{"@id":"https:\/\/noticiaempauta.com\/portal\/#\/schema\/logo\/image\/"},"sameAs":["https:\/\/www.facebook.com\/Portal-Notcia-Em-Pauta-102292869264820\/","https:\/\/www.instagram.com\/portalnoticiaempauta\/"]},{"@type":"Person","@id":"https:\/\/noticiaempauta.com\/portal\/#\/schema\/person\/a74af43dd1ab3deca45f988c717d57ac","name":"Reda\u00e7\u00e3o","image":{"@type":"ImageObject","inLanguage":"pt-BR","@id":"https:\/\/noticiaempauta.com\/portal\/#\/schema\/person\/image\/","url":"https:\/\/secure.gravatar.com\/avatar\/03179346ecce6cdfc13361603e8f54242a90e5cde8618fa23c5c00aa2b0aadf3?s=96&d=mm&r=g","contentUrl":"https:\/\/secure.gravatar.com\/avatar\/03179346ecce6cdfc13361603e8f54242a90e5cde8618fa23c5c00aa2b0aadf3?s=96&d=mm&r=g","caption":"Reda\u00e7\u00e3o"},"sameAs":["https:\/\/noticiaempauta.com\/portal\/"],"url":"https:\/\/noticiaempauta.com\/portal\/author\/fernando\/"}]}},"_links":{"self":[{"href":"https:\/\/noticiaempauta.com\/portal\/wp-json\/wp\/v2\/posts\/248006","targetHints":{"allow":["GET"]}}],"collection":[{"href":"https:\/\/noticiaempauta.com\/portal\/wp-json\/wp\/v2\/posts"}],"about":[{"href":"https:\/\/noticiaempauta.com\/portal\/wp-json\/wp\/v2\/types\/post"}],"author":[{"embeddable":true,"href":"https:\/\/noticiaempauta.com\/portal\/wp-json\/wp\/v2\/users\/2"}],"replies":[{"embeddable":true,"href":"https:\/\/noticiaempauta.com\/portal\/wp-json\/wp\/v2\/comments?post=248006"}],"version-history":[{"count":2,"href":"https:\/\/noticiaempauta.com\/portal\/wp-json\/wp\/v2\/posts\/248006\/revisions"}],"predecessor-version":[{"id":248011,"href":"https:\/\/noticiaempauta.com\/portal\/wp-json\/wp\/v2\/posts\/248006\/revisions\/248011"}],"wp:featuredmedia":[{"embeddable":true,"href":"https:\/\/noticiaempauta.com\/portal\/wp-json\/wp\/v2\/media\/248008"}],"wp:attachment":[{"href":"https:\/\/noticiaempauta.com\/portal\/wp-json\/wp\/v2\/media?parent=248006"}],"wp:term":[{"taxonomy":"category","embeddable":true,"href":"https:\/\/noticiaempauta.com\/portal\/wp-json\/wp\/v2\/categories?post=248006"},{"taxonomy":"post_tag","embeddable":true,"href":"https:\/\/noticiaempauta.com\/portal\/wp-json\/wp\/v2\/tags?post=248006"}],"curies":[{"name":"wp","href":"https:\/\/api.w.org\/{rel}","templated":true}]}}