{"id":253643,"date":"2024-01-17T09:12:16","date_gmt":"2024-01-17T12:12:16","guid":{"rendered":"https:\/\/noticiaempauta.com\/portal\/?p=253643"},"modified":"2024-01-17T09:12:17","modified_gmt":"2024-01-17T12:12:17","slug":"dra-veronica-sa-confirma-pre-candidatura-a-vereadora-pelo-time-do-prefeito-djalma-policarpo","status":"publish","type":"post","link":"https:\/\/noticiaempauta.com\/portal\/dra-veronica-sa-confirma-pre-candidatura-a-vereadora-pelo-time-do-prefeito-djalma-policarpo\/","title":{"rendered":"Dra. Ver\u00f4nica S\u00e1 confirma pr\u00e9-candidatura a vereadora pelo time do Prefeito Djalma Policarpo"},"content":{"rendered":"\n<p>Mais um excelente nome confirma pr\u00e9-candidatura a vereador pelo time do Prefeito Djalma Policarpo. Nesta ter\u00e7a-feira, 16 de janeiro de 2024, a advogada Dra. Ver\u00f4nica S\u00e1 confirmou a sua pr\u00e9-candidatura a vereador de Monsenhor Hip\u00f3lito nas elei\u00e7\u00f5es de outubro. Ver\u00f4nica \u00e9 irm\u00e3 do ex-vereador Ant\u00f4nio S\u00e1 e \u00e9 neta de Pascol Ant\u00f4nio de S\u00e1 ex-vereador, ex-presidente da C\u00e2mara e ex-vice-prefeito.\u00a0<\/p>\n\n\n\n<figure class=\"wp-block-image size-full\"><img fetchpriority=\"high\" decoding=\"async\" width=\"715\" height=\"473\" src=\"https:\/\/noticiaempauta.com\/portal\/wp-content\/uploads\/2024\/01\/0139eac0ad9119439bb7c83c87798cb3.jpg\" alt=\"\" class=\"wp-image-253645\" srcset=\"https:\/\/noticiaempauta.com\/portal\/wp-content\/uploads\/2024\/01\/0139eac0ad9119439bb7c83c87798cb3.jpg 715w, https:\/\/noticiaempauta.com\/portal\/wp-content\/uploads\/2024\/01\/0139eac0ad9119439bb7c83c87798cb3-300x198.jpg 300w\" sizes=\"(max-width: 715px) 100vw, 715px\" \/><\/figure>\n\n\n\n<p>Djalma Policarpo, atual prefeito tamb\u00e9m j\u00e1 confirmou que \u00e9 pr\u00e9-candidato a reelei\u00e7\u00e3o e segundo pesquisas (realizadas em 2023) ele \u00e9 o favorito para vencer novamente em Monsenhor Hip\u00f3lito.<\/p>\n\n\n\n<p>Atualmente a base de vereadores que apoiam a gest\u00e3o do Prefeito Djalma formam maioria e presidem \u00e0 C\u00e2mara Municipal. E pelos nomes j\u00e1 apresentados como pr\u00e9-candidatos, e agora com a chegada da Dra. Ver\u00f4nica S\u00e1, o time de Djalma deve eleger nas pr\u00f3ximas elei\u00e7\u00f5es mais vereadores que na \u00faltima elei\u00e7\u00e3o de 2020.<\/p>\n\n\n\n<p><em>Fonte: Manchete Piau\u00ed<\/em><\/p>\n","protected":false},"excerpt":{"rendered":"<p>Mais um excelente nome confirma pr\u00e9-candidatura a vereador pelo time do Prefeito Djalma Policarpo. Nesta ter\u00e7a-feira, 16 de janeiro de 2024, a advogada Dra. Ver\u00f4nica S\u00e1 confirmou a sua pr\u00e9-candidatura a vereador de Monsenhor Hip\u00f3lito nas elei\u00e7\u00f5es de outubro. Ver\u00f4nica \u00e9 irm\u00e3 do ex-vereador Ant\u00f4nio S\u00e1 e \u00e9 neta de Pascol Ant\u00f4nio de S\u00e1 ex-vereador, [&hellip;]<\/p>\n","protected":false},"author":2,"featured_media":253645,"comment_status":"open","ping_status":"open","sticky":false,"template":"","format":"standard","meta":{"_mi_skip_tracking":false,"footnotes":""},"categories":[25,9,3],"tags":[192],"class_list":["post-253643","post","type-post","status-publish","format-standard","has-post-thumbnail","hentry","category-destaques-site","category-municipios","category-politica","tag-destaqueprincipal"],"acf":[],"yoast_head":"<!-- This site is optimized with the Yoast SEO Premium plugin v19.2 (Yoast SEO v26.9) - https:\/\/yoast.com\/product\/yoast-seo-premium-wordpress\/ -->\n<title>Dra. Ver\u00f4nica S\u00e1 confirma pr\u00e9-candidatura a vereadora pelo time do Prefeito Djalma Policarpo - Portal Not\u00edcia em Pauta<\/title>\n<meta name=\"robots\" content=\"index, follow, max-snippet:-1, max-image-preview:large, max-video-preview:-1\" \/>\n<link rel=\"canonical\" href=\"https:\/\/noticiaempauta.com\/portal\/dra-veronica-sa-confirma-pre-candidatura-a-vereadora-pelo-time-do-prefeito-djalma-policarpo\/\" \/>\n<meta property=\"og:locale\" content=\"pt_BR\" \/>\n<meta property=\"og:type\" content=\"article\" \/>\n<meta property=\"og:title\" content=\"Dra. Ver\u00f4nica S\u00e1 confirma pr\u00e9-candidatura a vereadora pelo time do Prefeito Djalma Policarpo\" \/>\n<meta property=\"og:description\" content=\"Mais um excelente nome confirma pr\u00e9-candidatura a vereador pelo time do Prefeito Djalma Policarpo. Nesta ter\u00e7a-feira, 16 de janeiro de 2024, a advogada Dra. Ver\u00f4nica S\u00e1 confirmou a sua pr\u00e9-candidatura a vereador de Monsenhor Hip\u00f3lito nas elei\u00e7\u00f5es de outubro. Ver\u00f4nica \u00e9 irm\u00e3 do ex-vereador Ant\u00f4nio S\u00e1 e \u00e9 neta de Pascol Ant\u00f4nio de S\u00e1 ex-vereador, [&hellip;]\" \/>\n<meta property=\"og:url\" content=\"https:\/\/noticiaempauta.com\/portal\/dra-veronica-sa-confirma-pre-candidatura-a-vereadora-pelo-time-do-prefeito-djalma-policarpo\/\" \/>\n<meta property=\"og:site_name\" content=\"Portal Not\u00edcia em Pauta\" \/>\n<meta property=\"article:publisher\" content=\"https:\/\/www.facebook.com\/Portal-Notcia-Em-Pauta-102292869264820\/\" \/>\n<meta property=\"article:published_time\" content=\"2024-01-17T12:12:16+00:00\" \/>\n<meta property=\"article:modified_time\" content=\"2024-01-17T12:12:17+00:00\" \/>\n<meta property=\"og:image\" content=\"https:\/\/noticiaempauta.com\/portal\/wp-content\/uploads\/2024\/01\/0139eac0ad9119439bb7c83c87798cb3.jpg\" \/>\n\t<meta property=\"og:image:width\" content=\"715\" \/>\n\t<meta property=\"og:image:height\" content=\"473\" \/>\n\t<meta property=\"og:image:type\" content=\"image\/jpeg\" \/>\n<meta name=\"author\" content=\"Reda\u00e7\u00e3o\" \/>\n<meta name=\"twitter:card\" content=\"summary_large_image\" \/>\n<meta name=\"twitter:label1\" content=\"Escrito por\" \/>\n\t<meta name=\"twitter:data1\" content=\"Reda\u00e7\u00e3o\" \/>\n\t<meta name=\"twitter:label2\" content=\"Est. tempo de leitura\" \/>\n\t<meta name=\"twitter:data2\" content=\"2 minutos\" \/>\n<script type=\"application\/ld+json\" class=\"yoast-schema-graph\">{\"@context\":\"https:\/\/schema.org\",\"@graph\":[{\"@type\":\"Article\",\"@id\":\"https:\/\/noticiaempauta.com\/portal\/dra-veronica-sa-confirma-pre-candidatura-a-vereadora-pelo-time-do-prefeito-djalma-policarpo\/#article\",\"isPartOf\":{\"@id\":\"https:\/\/noticiaempauta.com\/portal\/dra-veronica-sa-confirma-pre-candidatura-a-vereadora-pelo-time-do-prefeito-djalma-policarpo\/\"},\"author\":{\"name\":\"Reda\u00e7\u00e3o\",\"@id\":\"https:\/\/noticiaempauta.com\/portal\/#\/schema\/person\/a74af43dd1ab3deca45f988c717d57ac\"},\"headline\":\"Dra. Ver\u00f4nica S\u00e1 confirma pr\u00e9-candidatura a vereadora pelo time do Prefeito Djalma Policarpo\",\"datePublished\":\"2024-01-17T12:12:16+00:00\",\"dateModified\":\"2024-01-17T12:12:17+00:00\",\"mainEntityOfPage\":{\"@id\":\"https:\/\/noticiaempauta.com\/portal\/dra-veronica-sa-confirma-pre-candidatura-a-vereadora-pelo-time-do-prefeito-djalma-policarpo\/\"},\"wordCount\":170,\"commentCount\":0,\"publisher\":{\"@id\":\"https:\/\/noticiaempauta.com\/portal\/#organization\"},\"image\":{\"@id\":\"https:\/\/noticiaempauta.com\/portal\/dra-veronica-sa-confirma-pre-candidatura-a-vereadora-pelo-time-do-prefeito-djalma-policarpo\/#primaryimage\"},\"thumbnailUrl\":\"https:\/\/noticiaempauta.com\/portal\/wp-content\/uploads\/2024\/01\/0139eac0ad9119439bb7c83c87798cb3.jpg\",\"keywords\":[\"destaqueprincipal\"],\"articleSection\":[\"Destaques\",\"Munic\u00edpios\",\"Pol\u00edtica\"],\"inLanguage\":\"pt-BR\",\"potentialAction\":[{\"@type\":\"CommentAction\",\"name\":\"Comment\",\"target\":[\"https:\/\/noticiaempauta.com\/portal\/dra-veronica-sa-confirma-pre-candidatura-a-vereadora-pelo-time-do-prefeito-djalma-policarpo\/#respond\"]}]},{\"@type\":\"WebPage\",\"@id\":\"https:\/\/noticiaempauta.com\/portal\/dra-veronica-sa-confirma-pre-candidatura-a-vereadora-pelo-time-do-prefeito-djalma-policarpo\/\",\"url\":\"https:\/\/noticiaempauta.com\/portal\/dra-veronica-sa-confirma-pre-candidatura-a-vereadora-pelo-time-do-prefeito-djalma-policarpo\/\",\"name\":\"Dra. Ver\u00f4nica S\u00e1 confirma pr\u00e9-candidatura a vereadora pelo time do Prefeito Djalma Policarpo - Portal Not\u00edcia em Pauta\",\"isPartOf\":{\"@id\":\"https:\/\/noticiaempauta.com\/portal\/#website\"},\"primaryImageOfPage\":{\"@id\":\"https:\/\/noticiaempauta.com\/portal\/dra-veronica-sa-confirma-pre-candidatura-a-vereadora-pelo-time-do-prefeito-djalma-policarpo\/#primaryimage\"},\"image\":{\"@id\":\"https:\/\/noticiaempauta.com\/portal\/dra-veronica-sa-confirma-pre-candidatura-a-vereadora-pelo-time-do-prefeito-djalma-policarpo\/#primaryimage\"},\"thumbnailUrl\":\"https:\/\/noticiaempauta.com\/portal\/wp-content\/uploads\/2024\/01\/0139eac0ad9119439bb7c83c87798cb3.jpg\",\"datePublished\":\"2024-01-17T12:12:16+00:00\",\"dateModified\":\"2024-01-17T12:12:17+00:00\",\"breadcrumb\":{\"@id\":\"https:\/\/noticiaempauta.com\/portal\/dra-veronica-sa-confirma-pre-candidatura-a-vereadora-pelo-time-do-prefeito-djalma-policarpo\/#breadcrumb\"},\"inLanguage\":\"pt-BR\",\"potentialAction\":[{\"@type\":\"ReadAction\",\"target\":[\"https:\/\/noticiaempauta.com\/portal\/dra-veronica-sa-confirma-pre-candidatura-a-vereadora-pelo-time-do-prefeito-djalma-policarpo\/\"]}]},{\"@type\":\"ImageObject\",\"inLanguage\":\"pt-BR\",\"@id\":\"https:\/\/noticiaempauta.com\/portal\/dra-veronica-sa-confirma-pre-candidatura-a-vereadora-pelo-time-do-prefeito-djalma-policarpo\/#primaryimage\",\"url\":\"https:\/\/noticiaempauta.com\/portal\/wp-content\/uploads\/2024\/01\/0139eac0ad9119439bb7c83c87798cb3.jpg\",\"contentUrl\":\"https:\/\/noticiaempauta.com\/portal\/wp-content\/uploads\/2024\/01\/0139eac0ad9119439bb7c83c87798cb3.jpg\",\"width\":715,\"height\":473},{\"@type\":\"BreadcrumbList\",\"@id\":\"https:\/\/noticiaempauta.com\/portal\/dra-veronica-sa-confirma-pre-candidatura-a-vereadora-pelo-time-do-prefeito-djalma-policarpo\/#breadcrumb\",\"itemListElement\":[{\"@type\":\"ListItem\",\"position\":1,\"name\":\"P\u00e1gina Inicial\",\"item\":\"https:\/\/noticiaempauta.com\/portal\/\"},{\"@type\":\"ListItem\",\"position\":2,\"name\":\"Destaques\",\"item\":\"https:\/\/noticiaempauta.com\/portal\/destaques-site\/\"},{\"@type\":\"ListItem\",\"position\":3,\"name\":\"Dra. Ver\u00f4nica S\u00e1 confirma pr\u00e9-candidatura a vereadora pelo time do Prefeito Djalma Policarpo\"}]},{\"@type\":\"WebSite\",\"@id\":\"https:\/\/noticiaempauta.com\/portal\/#website\",\"url\":\"https:\/\/noticiaempauta.com\/portal\/\",\"name\":\"Portal Not\u00edcia em Pauta\",\"description\":\"Voc\u00ea bem informado\",\"publisher\":{\"@id\":\"https:\/\/noticiaempauta.com\/portal\/#organization\"},\"potentialAction\":[{\"@type\":\"SearchAction\",\"target\":{\"@type\":\"EntryPoint\",\"urlTemplate\":\"https:\/\/noticiaempauta.com\/portal\/?s={search_term_string}\"},\"query-input\":{\"@type\":\"PropertyValueSpecification\",\"valueRequired\":true,\"valueName\":\"search_term_string\"}}],\"inLanguage\":\"pt-BR\"},{\"@type\":\"Organization\",\"@id\":\"https:\/\/noticiaempauta.com\/portal\/#organization\",\"name\":\"Portal Not\u00edcia em Pauta\",\"url\":\"https:\/\/noticiaempauta.com\/portal\/\",\"logo\":{\"@type\":\"ImageObject\",\"inLanguage\":\"pt-BR\",\"@id\":\"https:\/\/noticiaempauta.com\/portal\/#\/schema\/logo\/image\/\",\"url\":\"https:\/\/noticiaempauta.com\/portal\/wp-content\/uploads\/2022\/08\/logomarca_tema.fw_.png\",\"contentUrl\":\"https:\/\/noticiaempauta.com\/portal\/wp-content\/uploads\/2022\/08\/logomarca_tema.fw_.png\",\"width\":400,\"height\":232,\"caption\":\"Portal Not\u00edcia em Pauta\"},\"image\":{\"@id\":\"https:\/\/noticiaempauta.com\/portal\/#\/schema\/logo\/image\/\"},\"sameAs\":[\"https:\/\/www.facebook.com\/Portal-Notcia-Em-Pauta-102292869264820\/\",\"https:\/\/www.instagram.com\/portalnoticiaempauta\/\"]},{\"@type\":\"Person\",\"@id\":\"https:\/\/noticiaempauta.com\/portal\/#\/schema\/person\/a74af43dd1ab3deca45f988c717d57ac\",\"name\":\"Reda\u00e7\u00e3o\",\"image\":{\"@type\":\"ImageObject\",\"inLanguage\":\"pt-BR\",\"@id\":\"https:\/\/noticiaempauta.com\/portal\/#\/schema\/person\/image\/\",\"url\":\"https:\/\/secure.gravatar.com\/avatar\/03179346ecce6cdfc13361603e8f54242a90e5cde8618fa23c5c00aa2b0aadf3?s=96&d=mm&r=g\",\"contentUrl\":\"https:\/\/secure.gravatar.com\/avatar\/03179346ecce6cdfc13361603e8f54242a90e5cde8618fa23c5c00aa2b0aadf3?s=96&d=mm&r=g\",\"caption\":\"Reda\u00e7\u00e3o\"},\"sameAs\":[\"https:\/\/noticiaempauta.com\/portal\/\"],\"url\":\"https:\/\/noticiaempauta.com\/portal\/author\/fernando\/\"}]}<\/script>\n<!-- \/ Yoast SEO Premium plugin. -->","yoast_head_json":{"title":"Dra. Ver\u00f4nica S\u00e1 confirma pr\u00e9-candidatura a vereadora pelo time do Prefeito Djalma Policarpo - Portal Not\u00edcia em Pauta","robots":{"index":"index","follow":"follow","max-snippet":"max-snippet:-1","max-image-preview":"max-image-preview:large","max-video-preview":"max-video-preview:-1"},"canonical":"https:\/\/noticiaempauta.com\/portal\/dra-veronica-sa-confirma-pre-candidatura-a-vereadora-pelo-time-do-prefeito-djalma-policarpo\/","og_locale":"pt_BR","og_type":"article","og_title":"Dra. Ver\u00f4nica S\u00e1 confirma pr\u00e9-candidatura a vereadora pelo time do Prefeito Djalma Policarpo","og_description":"Mais um excelente nome confirma pr\u00e9-candidatura a vereador pelo time do Prefeito Djalma Policarpo. Nesta ter\u00e7a-feira, 16 de janeiro de 2024, a advogada Dra. Ver\u00f4nica S\u00e1 confirmou a sua pr\u00e9-candidatura a vereador de Monsenhor Hip\u00f3lito nas elei\u00e7\u00f5es de outubro. Ver\u00f4nica \u00e9 irm\u00e3 do ex-vereador Ant\u00f4nio S\u00e1 e \u00e9 neta de Pascol Ant\u00f4nio de S\u00e1 ex-vereador, [&hellip;]","og_url":"https:\/\/noticiaempauta.com\/portal\/dra-veronica-sa-confirma-pre-candidatura-a-vereadora-pelo-time-do-prefeito-djalma-policarpo\/","og_site_name":"Portal Not\u00edcia em Pauta","article_publisher":"https:\/\/www.facebook.com\/Portal-Notcia-Em-Pauta-102292869264820\/","article_published_time":"2024-01-17T12:12:16+00:00","article_modified_time":"2024-01-17T12:12:17+00:00","og_image":[{"width":715,"height":473,"url":"https:\/\/noticiaempauta.com\/portal\/wp-content\/uploads\/2024\/01\/0139eac0ad9119439bb7c83c87798cb3.jpg","type":"image\/jpeg"}],"author":"Reda\u00e7\u00e3o","twitter_card":"summary_large_image","twitter_misc":{"Escrito por":"Reda\u00e7\u00e3o","Est. tempo de leitura":"2 minutos"},"schema":{"@context":"https:\/\/schema.org","@graph":[{"@type":"Article","@id":"https:\/\/noticiaempauta.com\/portal\/dra-veronica-sa-confirma-pre-candidatura-a-vereadora-pelo-time-do-prefeito-djalma-policarpo\/#article","isPartOf":{"@id":"https:\/\/noticiaempauta.com\/portal\/dra-veronica-sa-confirma-pre-candidatura-a-vereadora-pelo-time-do-prefeito-djalma-policarpo\/"},"author":{"name":"Reda\u00e7\u00e3o","@id":"https:\/\/noticiaempauta.com\/portal\/#\/schema\/person\/a74af43dd1ab3deca45f988c717d57ac"},"headline":"Dra. Ver\u00f4nica S\u00e1 confirma pr\u00e9-candidatura a vereadora pelo time do Prefeito Djalma Policarpo","datePublished":"2024-01-17T12:12:16+00:00","dateModified":"2024-01-17T12:12:17+00:00","mainEntityOfPage":{"@id":"https:\/\/noticiaempauta.com\/portal\/dra-veronica-sa-confirma-pre-candidatura-a-vereadora-pelo-time-do-prefeito-djalma-policarpo\/"},"wordCount":170,"commentCount":0,"publisher":{"@id":"https:\/\/noticiaempauta.com\/portal\/#organization"},"image":{"@id":"https:\/\/noticiaempauta.com\/portal\/dra-veronica-sa-confirma-pre-candidatura-a-vereadora-pelo-time-do-prefeito-djalma-policarpo\/#primaryimage"},"thumbnailUrl":"https:\/\/noticiaempauta.com\/portal\/wp-content\/uploads\/2024\/01\/0139eac0ad9119439bb7c83c87798cb3.jpg","keywords":["destaqueprincipal"],"articleSection":["Destaques","Munic\u00edpios","Pol\u00edtica"],"inLanguage":"pt-BR","potentialAction":[{"@type":"CommentAction","name":"Comment","target":["https:\/\/noticiaempauta.com\/portal\/dra-veronica-sa-confirma-pre-candidatura-a-vereadora-pelo-time-do-prefeito-djalma-policarpo\/#respond"]}]},{"@type":"WebPage","@id":"https:\/\/noticiaempauta.com\/portal\/dra-veronica-sa-confirma-pre-candidatura-a-vereadora-pelo-time-do-prefeito-djalma-policarpo\/","url":"https:\/\/noticiaempauta.com\/portal\/dra-veronica-sa-confirma-pre-candidatura-a-vereadora-pelo-time-do-prefeito-djalma-policarpo\/","name":"Dra. Ver\u00f4nica S\u00e1 confirma pr\u00e9-candidatura a vereadora pelo time do Prefeito Djalma Policarpo - Portal Not\u00edcia em Pauta","isPartOf":{"@id":"https:\/\/noticiaempauta.com\/portal\/#website"},"primaryImageOfPage":{"@id":"https:\/\/noticiaempauta.com\/portal\/dra-veronica-sa-confirma-pre-candidatura-a-vereadora-pelo-time-do-prefeito-djalma-policarpo\/#primaryimage"},"image":{"@id":"https:\/\/noticiaempauta.com\/portal\/dra-veronica-sa-confirma-pre-candidatura-a-vereadora-pelo-time-do-prefeito-djalma-policarpo\/#primaryimage"},"thumbnailUrl":"https:\/\/noticiaempauta.com\/portal\/wp-content\/uploads\/2024\/01\/0139eac0ad9119439bb7c83c87798cb3.jpg","datePublished":"2024-01-17T12:12:16+00:00","dateModified":"2024-01-17T12:12:17+00:00","breadcrumb":{"@id":"https:\/\/noticiaempauta.com\/portal\/dra-veronica-sa-confirma-pre-candidatura-a-vereadora-pelo-time-do-prefeito-djalma-policarpo\/#breadcrumb"},"inLanguage":"pt-BR","potentialAction":[{"@type":"ReadAction","target":["https:\/\/noticiaempauta.com\/portal\/dra-veronica-sa-confirma-pre-candidatura-a-vereadora-pelo-time-do-prefeito-djalma-policarpo\/"]}]},{"@type":"ImageObject","inLanguage":"pt-BR","@id":"https:\/\/noticiaempauta.com\/portal\/dra-veronica-sa-confirma-pre-candidatura-a-vereadora-pelo-time-do-prefeito-djalma-policarpo\/#primaryimage","url":"https:\/\/noticiaempauta.com\/portal\/wp-content\/uploads\/2024\/01\/0139eac0ad9119439bb7c83c87798cb3.jpg","contentUrl":"https:\/\/noticiaempauta.com\/portal\/wp-content\/uploads\/2024\/01\/0139eac0ad9119439bb7c83c87798cb3.jpg","width":715,"height":473},{"@type":"BreadcrumbList","@id":"https:\/\/noticiaempauta.com\/portal\/dra-veronica-sa-confirma-pre-candidatura-a-vereadora-pelo-time-do-prefeito-djalma-policarpo\/#breadcrumb","itemListElement":[{"@type":"ListItem","position":1,"name":"P\u00e1gina Inicial","item":"https:\/\/noticiaempauta.com\/portal\/"},{"@type":"ListItem","position":2,"name":"Destaques","item":"https:\/\/noticiaempauta.com\/portal\/destaques-site\/"},{"@type":"ListItem","position":3,"name":"Dra. Ver\u00f4nica S\u00e1 confirma pr\u00e9-candidatura a vereadora pelo time do Prefeito Djalma Policarpo"}]},{"@type":"WebSite","@id":"https:\/\/noticiaempauta.com\/portal\/#website","url":"https:\/\/noticiaempauta.com\/portal\/","name":"Portal Not\u00edcia em Pauta","description":"Voc\u00ea bem informado","publisher":{"@id":"https:\/\/noticiaempauta.com\/portal\/#organization"},"potentialAction":[{"@type":"SearchAction","target":{"@type":"EntryPoint","urlTemplate":"https:\/\/noticiaempauta.com\/portal\/?s={search_term_string}"},"query-input":{"@type":"PropertyValueSpecification","valueRequired":true,"valueName":"search_term_string"}}],"inLanguage":"pt-BR"},{"@type":"Organization","@id":"https:\/\/noticiaempauta.com\/portal\/#organization","name":"Portal Not\u00edcia em Pauta","url":"https:\/\/noticiaempauta.com\/portal\/","logo":{"@type":"ImageObject","inLanguage":"pt-BR","@id":"https:\/\/noticiaempauta.com\/portal\/#\/schema\/logo\/image\/","url":"https:\/\/noticiaempauta.com\/portal\/wp-content\/uploads\/2022\/08\/logomarca_tema.fw_.png","contentUrl":"https:\/\/noticiaempauta.com\/portal\/wp-content\/uploads\/2022\/08\/logomarca_tema.fw_.png","width":400,"height":232,"caption":"Portal Not\u00edcia em Pauta"},"image":{"@id":"https:\/\/noticiaempauta.com\/portal\/#\/schema\/logo\/image\/"},"sameAs":["https:\/\/www.facebook.com\/Portal-Notcia-Em-Pauta-102292869264820\/","https:\/\/www.instagram.com\/portalnoticiaempauta\/"]},{"@type":"Person","@id":"https:\/\/noticiaempauta.com\/portal\/#\/schema\/person\/a74af43dd1ab3deca45f988c717d57ac","name":"Reda\u00e7\u00e3o","image":{"@type":"ImageObject","inLanguage":"pt-BR","@id":"https:\/\/noticiaempauta.com\/portal\/#\/schema\/person\/image\/","url":"https:\/\/secure.gravatar.com\/avatar\/03179346ecce6cdfc13361603e8f54242a90e5cde8618fa23c5c00aa2b0aadf3?s=96&d=mm&r=g","contentUrl":"https:\/\/secure.gravatar.com\/avatar\/03179346ecce6cdfc13361603e8f54242a90e5cde8618fa23c5c00aa2b0aadf3?s=96&d=mm&r=g","caption":"Reda\u00e7\u00e3o"},"sameAs":["https:\/\/noticiaempauta.com\/portal\/"],"url":"https:\/\/noticiaempauta.com\/portal\/author\/fernando\/"}]}},"_links":{"self":[{"href":"https:\/\/noticiaempauta.com\/portal\/wp-json\/wp\/v2\/posts\/253643","targetHints":{"allow":["GET"]}}],"collection":[{"href":"https:\/\/noticiaempauta.com\/portal\/wp-json\/wp\/v2\/posts"}],"about":[{"href":"https:\/\/noticiaempauta.com\/portal\/wp-json\/wp\/v2\/types\/post"}],"author":[{"embeddable":true,"href":"https:\/\/noticiaempauta.com\/portal\/wp-json\/wp\/v2\/users\/2"}],"replies":[{"embeddable":true,"href":"https:\/\/noticiaempauta.com\/portal\/wp-json\/wp\/v2\/comments?post=253643"}],"version-history":[{"count":2,"href":"https:\/\/noticiaempauta.com\/portal\/wp-json\/wp\/v2\/posts\/253643\/revisions"}],"predecessor-version":[{"id":253647,"href":"https:\/\/noticiaempauta.com\/portal\/wp-json\/wp\/v2\/posts\/253643\/revisions\/253647"}],"wp:featuredmedia":[{"embeddable":true,"href":"https:\/\/noticiaempauta.com\/portal\/wp-json\/wp\/v2\/media\/253645"}],"wp:attachment":[{"href":"https:\/\/noticiaempauta.com\/portal\/wp-json\/wp\/v2\/media?parent=253643"}],"wp:term":[{"taxonomy":"category","embeddable":true,"href":"https:\/\/noticiaempauta.com\/portal\/wp-json\/wp\/v2\/categories?post=253643"},{"taxonomy":"post_tag","embeddable":true,"href":"https:\/\/noticiaempauta.com\/portal\/wp-json\/wp\/v2\/tags?post=253643"}],"curies":[{"name":"wp","href":"https:\/\/api.w.org\/{rel}","templated":true}]}}