{"id":253665,"date":"2024-01-18T09:17:17","date_gmt":"2024-01-18T12:17:17","guid":{"rendered":"https:\/\/noticiaempauta.com\/portal\/?p=253665"},"modified":"2024-01-18T09:24:42","modified_gmt":"2024-01-18T12:24:42","slug":"em-audiencia-com-lula-rafael-apresenta-projetos-de-hidrogenio-verde-e-do-intermodal-do-vale-do-parnaiba-e-pede-mais-investimentos-para-o-piaui","status":"publish","type":"post","link":"https:\/\/noticiaempauta.com\/portal\/em-audiencia-com-lula-rafael-apresenta-projetos-de-hidrogenio-verde-e-do-intermodal-do-vale-do-parnaiba-e-pede-mais-investimentos-para-o-piaui\/","title":{"rendered":"Em audi\u00eancia com Lula, Rafael apresenta projetos de hidrog\u00eanio verde e do intermodal do Vale do Parna\u00edba e pede mais investimentos para o Piau\u00ed"},"content":{"rendered":"\n<p>O governador Rafael Fonteles esteve reunido na tarde desta quarta-feira (17), em Bras\u00edlia, com o presidente Luiz In\u00e1cio Lula da Silva. Ele apresentou ao presidente os projetos de hidrog\u00eanio verde que ser\u00e3o implantados em Parna\u00edba e do Intermodal Vale do Parna\u00edba, que vai ligar a regi\u00e3o do cerrado piauiense at\u00e9 o Porto de Lu\u00eds Correia, no litoral piauiense. Os ministros do Desenvolvimento e Assist\u00eancia Social, Fam\u00edlia e Combate \u00e0 Fome, ex-governador Wellington Dias, e da Casa Civil, Rui Costa, tamb\u00e9m participaram da audi\u00eancia. \u00a0<\/p>\n\n\n\n<figure class=\"wp-block-image size-full\"><img fetchpriority=\"high\" decoding=\"async\" width=\"1000\" height=\"666\" src=\"https:\/\/noticiaempauta.com\/portal\/wp-content\/uploads\/2024\/01\/large_Whats_App_Image_2024_01_17_at_20_33_40_a4d50b8123-1.jpeg\" alt=\"\" class=\"wp-image-253668\" srcset=\"https:\/\/noticiaempauta.com\/portal\/wp-content\/uploads\/2024\/01\/large_Whats_App_Image_2024_01_17_at_20_33_40_a4d50b8123-1.jpeg 1000w, https:\/\/noticiaempauta.com\/portal\/wp-content\/uploads\/2024\/01\/large_Whats_App_Image_2024_01_17_at_20_33_40_a4d50b8123-1-300x200.jpeg 300w, https:\/\/noticiaempauta.com\/portal\/wp-content\/uploads\/2024\/01\/large_Whats_App_Image_2024_01_17_at_20_33_40_a4d50b8123-1-768x511.jpeg 768w\" sizes=\"(max-width: 1000px) 100vw, 1000px\" \/><\/figure>\n\n\n\n<p>Os projetos de hidrog\u00eanio verde somam investimentos superiores a R$ 200 bilh\u00f5es no Piau\u00ed. J\u00e1 o Intermodal Vale do Parna\u00edba consiste em um mega projeto para o transporte de soja e milho por hidrovias, rodovias e ferrovias at\u00e9 o litoral, facilitando a exporta\u00e7\u00e3o de gr\u00e3os, min\u00e9rios e outros produtos para exporta\u00e7\u00e3o.<\/p>\n\n\n\n<p>Rafael Fonteles destaca que a reuni\u00e3o com o presidente Lula foi muito proveitosa. \u201cSa\u00ed muito feliz do encontro com o nosso presidente Lula, agora h\u00e1 pouco, no Pal\u00e1cio do Planalto, aqui em Bras\u00edlia. Tratamos dos projetos de produ\u00e7\u00e3o de hidrog\u00eanio verde, que vamos instalar em Parna\u00edba, e do Intermodal Vale do Parna\u00edba, que ligar\u00e1 o nosso Cerrrado ao Porto de Lu\u00eds Correia. S\u00e3o empreendimentos estrat\u00e9gicos para o desenvolvimento do nosso estado\u201d, disse, por meio das redes sociais.<\/p>\n\n\n\n<p>Al\u00e9m do intermodal e do hidrog\u00eanio verde, tamb\u00e9m esteve em pauta a inclus\u00e3o de outros projetos no Novo PAC. &#8220;Tratamos tamb\u00e9m da inclus\u00e3o de outros projetos no Novo PAC, buscando sempre mais investimentos para desenvolver mais o nosso estado e melhorar a vida do nosso povo\u201d, complementou.<\/p>\n\n\n\n<figure class=\"wp-block-image size-full\"><img decoding=\"async\" width=\"1000\" height=\"557\" src=\"https:\/\/noticiaempauta.com\/portal\/wp-content\/uploads\/2024\/01\/large_Whats_App_Image_2024_01_17_at_19_23_18_a079df5970.jpeg\" alt=\"\" class=\"wp-image-253669\" srcset=\"https:\/\/noticiaempauta.com\/portal\/wp-content\/uploads\/2024\/01\/large_Whats_App_Image_2024_01_17_at_19_23_18_a079df5970.jpeg 1000w, https:\/\/noticiaempauta.com\/portal\/wp-content\/uploads\/2024\/01\/large_Whats_App_Image_2024_01_17_at_19_23_18_a079df5970-300x167.jpeg 300w, https:\/\/noticiaempauta.com\/portal\/wp-content\/uploads\/2024\/01\/large_Whats_App_Image_2024_01_17_at_19_23_18_a079df5970-768x428.jpeg 768w\" sizes=\"(max-width: 1000px) 100vw, 1000px\" \/><\/figure>\n\n\n\n<p>As agendas em Bras\u00edlia iniciaram \u00e0s 11h, com duas reuni\u00f5es do governador com o vice-presidente Geraldo Alckmin e executivos das empresas Solatio e Green Energy Park. As empresas v\u00e3o instalar usinas de produ\u00e7\u00e3o de hidrog\u00eanio verde na Zona de Processamento de Exporta\u00e7\u00e3o (ZPE) de Parna\u00edba. Em seguida, \u00e0s 12h, Fonteles teve uma audi\u00eancia com o Ministro das Cidades, Jader Filho.<\/p>\n\n\n\n<figure class=\"wp-block-image size-full\"><img decoding=\"async\" width=\"1000\" height=\"621\" src=\"https:\/\/noticiaempauta.com\/portal\/wp-content\/uploads\/2024\/01\/large_Whats_App_Image_2024_01_17_at_20_02_41_20574c35c6.jpeg\" alt=\"\" class=\"wp-image-253670\" srcset=\"https:\/\/noticiaempauta.com\/portal\/wp-content\/uploads\/2024\/01\/large_Whats_App_Image_2024_01_17_at_20_02_41_20574c35c6.jpeg 1000w, https:\/\/noticiaempauta.com\/portal\/wp-content\/uploads\/2024\/01\/large_Whats_App_Image_2024_01_17_at_20_02_41_20574c35c6-300x186.jpeg 300w, https:\/\/noticiaempauta.com\/portal\/wp-content\/uploads\/2024\/01\/large_Whats_App_Image_2024_01_17_at_20_02_41_20574c35c6-768x477.jpeg 768w\" sizes=\"(max-width: 1000px) 100vw, 1000px\" \/><figcaption class=\"wp-element-caption\"><em>Governador com o ministro das Cidades (Renato Braga)<\/em><\/figcaption><\/figure>\n\n\n\n<p>Durante a tarde, ap\u00f3s a reuni\u00e3o com Lula, a agenda do governador Rafael Fonteles seguiu com uma reuni\u00e3o com a Agence Fran\u00e7aise de D\u00e9veloppement (AFD), tratando sobre o turismo do Piau\u00ed.\u00a0<\/p>\n\n\n\n<figure class=\"wp-block-image size-full\"><img loading=\"lazy\" decoding=\"async\" width=\"1000\" height=\"668\" src=\"https:\/\/noticiaempauta.com\/portal\/wp-content\/uploads\/2024\/01\/large_Whats_App_Image_2024_01_17_at_20_06_27_2cd5411fe3.jpeg\" alt=\"\" class=\"wp-image-253671\" srcset=\"https:\/\/noticiaempauta.com\/portal\/wp-content\/uploads\/2024\/01\/large_Whats_App_Image_2024_01_17_at_20_06_27_2cd5411fe3.jpeg 1000w, https:\/\/noticiaempauta.com\/portal\/wp-content\/uploads\/2024\/01\/large_Whats_App_Image_2024_01_17_at_20_06_27_2cd5411fe3-300x200.jpeg 300w, https:\/\/noticiaempauta.com\/portal\/wp-content\/uploads\/2024\/01\/large_Whats_App_Image_2024_01_17_at_20_06_27_2cd5411fe3-768x513.jpeg 768w\" sizes=\"(max-width: 1000px) 100vw, 1000px\" \/><\/figure>\n","protected":false},"excerpt":{"rendered":"<p>Encontro aconteceu nesta quarta-feira em Bras\u00edlia; governador pediu a inclus\u00e3o de mais investimentos e obras no Novo PAC no Piau\u00ed.<\/p>\n","protected":false},"author":2,"featured_media":253667,"comment_status":"open","ping_status":"open","sticky":false,"template":"","format":"standard","meta":{"_mi_skip_tracking":false,"footnotes":""},"categories":[25,6,1,3,16],"tags":[192],"class_list":["post-253665","post","type-post","status-publish","format-standard","has-post-thumbnail","hentry","category-destaques-site","category-economia","category-geral","category-politica","category-todas","tag-destaqueprincipal"],"acf":[],"yoast_head":"<!-- This site is optimized with the Yoast SEO Premium plugin v19.2 (Yoast SEO v26.9) - https:\/\/yoast.com\/product\/yoast-seo-premium-wordpress\/ -->\n<title>Em audi\u00eancia com Lula, Rafael apresenta projetos de hidrog\u00eanio verde e do intermodal do Vale do Parna\u00edba e pede mais investimentos para o Piau\u00ed - Portal Not\u00edcia em Pauta<\/title>\n<meta name=\"robots\" content=\"index, follow, max-snippet:-1, max-image-preview:large, max-video-preview:-1\" \/>\n<link rel=\"canonical\" href=\"https:\/\/noticiaempauta.com\/portal\/em-audiencia-com-lula-rafael-apresenta-projetos-de-hidrogenio-verde-e-do-intermodal-do-vale-do-parnaiba-e-pede-mais-investimentos-para-o-piaui\/\" \/>\n<meta property=\"og:locale\" content=\"pt_BR\" \/>\n<meta property=\"og:type\" content=\"article\" \/>\n<meta property=\"og:title\" content=\"Em audi\u00eancia com Lula, Rafael apresenta projetos de hidrog\u00eanio verde e do intermodal do Vale do Parna\u00edba e pede mais investimentos para o Piau\u00ed\" \/>\n<meta property=\"og:description\" content=\"Encontro aconteceu nesta quarta-feira em Bras\u00edlia; governador pediu a inclus\u00e3o de mais investimentos e obras no Novo PAC no Piau\u00ed.\" \/>\n<meta property=\"og:url\" content=\"https:\/\/noticiaempauta.com\/portal\/em-audiencia-com-lula-rafael-apresenta-projetos-de-hidrogenio-verde-e-do-intermodal-do-vale-do-parnaiba-e-pede-mais-investimentos-para-o-piaui\/\" \/>\n<meta property=\"og:site_name\" content=\"Portal Not\u00edcia em Pauta\" \/>\n<meta property=\"article:publisher\" content=\"https:\/\/www.facebook.com\/Portal-Notcia-Em-Pauta-102292869264820\/\" \/>\n<meta property=\"article:published_time\" content=\"2024-01-18T12:17:17+00:00\" \/>\n<meta property=\"article:modified_time\" content=\"2024-01-18T12:24:42+00:00\" \/>\n<meta property=\"og:image\" content=\"https:\/\/noticiaempauta.com\/portal\/wp-content\/uploads\/2024\/01\/large_Whats_App_Image_2024_01_17_at_20_33_40_a4d50b8123.jpeg\" \/>\n\t<meta property=\"og:image:width\" content=\"1000\" \/>\n\t<meta property=\"og:image:height\" content=\"666\" \/>\n\t<meta property=\"og:image:type\" content=\"image\/jpeg\" \/>\n<meta name=\"author\" content=\"Reda\u00e7\u00e3o\" \/>\n<meta name=\"twitter:card\" content=\"summary_large_image\" \/>\n<meta name=\"twitter:label1\" content=\"Escrito por\" \/>\n\t<meta name=\"twitter:data1\" content=\"Reda\u00e7\u00e3o\" \/>\n\t<meta name=\"twitter:label2\" content=\"Est. tempo de leitura\" \/>\n\t<meta name=\"twitter:data2\" content=\"3 minutos\" \/>\n<script type=\"application\/ld+json\" class=\"yoast-schema-graph\">{\"@context\":\"https:\/\/schema.org\",\"@graph\":[{\"@type\":\"Article\",\"@id\":\"https:\/\/noticiaempauta.com\/portal\/em-audiencia-com-lula-rafael-apresenta-projetos-de-hidrogenio-verde-e-do-intermodal-do-vale-do-parnaiba-e-pede-mais-investimentos-para-o-piaui\/#article\",\"isPartOf\":{\"@id\":\"https:\/\/noticiaempauta.com\/portal\/em-audiencia-com-lula-rafael-apresenta-projetos-de-hidrogenio-verde-e-do-intermodal-do-vale-do-parnaiba-e-pede-mais-investimentos-para-o-piaui\/\"},\"author\":{\"name\":\"Reda\u00e7\u00e3o\",\"@id\":\"https:\/\/noticiaempauta.com\/portal\/#\/schema\/person\/a74af43dd1ab3deca45f988c717d57ac\"},\"headline\":\"Em audi\u00eancia com Lula, Rafael apresenta projetos de hidrog\u00eanio verde e do intermodal do Vale do Parna\u00edba e pede mais investimentos para o Piau\u00ed\",\"datePublished\":\"2024-01-18T12:17:17+00:00\",\"dateModified\":\"2024-01-18T12:24:42+00:00\",\"mainEntityOfPage\":{\"@id\":\"https:\/\/noticiaempauta.com\/portal\/em-audiencia-com-lula-rafael-apresenta-projetos-de-hidrogenio-verde-e-do-intermodal-do-vale-do-parnaiba-e-pede-mais-investimentos-para-o-piaui\/\"},\"wordCount\":429,\"commentCount\":0,\"publisher\":{\"@id\":\"https:\/\/noticiaempauta.com\/portal\/#organization\"},\"image\":{\"@id\":\"https:\/\/noticiaempauta.com\/portal\/em-audiencia-com-lula-rafael-apresenta-projetos-de-hidrogenio-verde-e-do-intermodal-do-vale-do-parnaiba-e-pede-mais-investimentos-para-o-piaui\/#primaryimage\"},\"thumbnailUrl\":\"https:\/\/noticiaempauta.com\/portal\/wp-content\/uploads\/2024\/01\/large_Whats_App_Image_2024_01_17_at_20_33_40_a4d50b8123.jpeg\",\"keywords\":[\"destaqueprincipal\"],\"articleSection\":[\"Destaques\",\"Economia\",\"Geral\",\"Pol\u00edtica\",\"Todas as Not\u00edcias\"],\"inLanguage\":\"pt-BR\",\"potentialAction\":[{\"@type\":\"CommentAction\",\"name\":\"Comment\",\"target\":[\"https:\/\/noticiaempauta.com\/portal\/em-audiencia-com-lula-rafael-apresenta-projetos-de-hidrogenio-verde-e-do-intermodal-do-vale-do-parnaiba-e-pede-mais-investimentos-para-o-piaui\/#respond\"]}]},{\"@type\":\"WebPage\",\"@id\":\"https:\/\/noticiaempauta.com\/portal\/em-audiencia-com-lula-rafael-apresenta-projetos-de-hidrogenio-verde-e-do-intermodal-do-vale-do-parnaiba-e-pede-mais-investimentos-para-o-piaui\/\",\"url\":\"https:\/\/noticiaempauta.com\/portal\/em-audiencia-com-lula-rafael-apresenta-projetos-de-hidrogenio-verde-e-do-intermodal-do-vale-do-parnaiba-e-pede-mais-investimentos-para-o-piaui\/\",\"name\":\"Em audi\u00eancia com Lula, Rafael apresenta projetos de hidrog\u00eanio verde e do intermodal do Vale do Parna\u00edba e pede mais investimentos para o Piau\u00ed - Portal Not\u00edcia em Pauta\",\"isPartOf\":{\"@id\":\"https:\/\/noticiaempauta.com\/portal\/#website\"},\"primaryImageOfPage\":{\"@id\":\"https:\/\/noticiaempauta.com\/portal\/em-audiencia-com-lula-rafael-apresenta-projetos-de-hidrogenio-verde-e-do-intermodal-do-vale-do-parnaiba-e-pede-mais-investimentos-para-o-piaui\/#primaryimage\"},\"image\":{\"@id\":\"https:\/\/noticiaempauta.com\/portal\/em-audiencia-com-lula-rafael-apresenta-projetos-de-hidrogenio-verde-e-do-intermodal-do-vale-do-parnaiba-e-pede-mais-investimentos-para-o-piaui\/#primaryimage\"},\"thumbnailUrl\":\"https:\/\/noticiaempauta.com\/portal\/wp-content\/uploads\/2024\/01\/large_Whats_App_Image_2024_01_17_at_20_33_40_a4d50b8123.jpeg\",\"datePublished\":\"2024-01-18T12:17:17+00:00\",\"dateModified\":\"2024-01-18T12:24:42+00:00\",\"breadcrumb\":{\"@id\":\"https:\/\/noticiaempauta.com\/portal\/em-audiencia-com-lula-rafael-apresenta-projetos-de-hidrogenio-verde-e-do-intermodal-do-vale-do-parnaiba-e-pede-mais-investimentos-para-o-piaui\/#breadcrumb\"},\"inLanguage\":\"pt-BR\",\"potentialAction\":[{\"@type\":\"ReadAction\",\"target\":[\"https:\/\/noticiaempauta.com\/portal\/em-audiencia-com-lula-rafael-apresenta-projetos-de-hidrogenio-verde-e-do-intermodal-do-vale-do-parnaiba-e-pede-mais-investimentos-para-o-piaui\/\"]}]},{\"@type\":\"ImageObject\",\"inLanguage\":\"pt-BR\",\"@id\":\"https:\/\/noticiaempauta.com\/portal\/em-audiencia-com-lula-rafael-apresenta-projetos-de-hidrogenio-verde-e-do-intermodal-do-vale-do-parnaiba-e-pede-mais-investimentos-para-o-piaui\/#primaryimage\",\"url\":\"https:\/\/noticiaempauta.com\/portal\/wp-content\/uploads\/2024\/01\/large_Whats_App_Image_2024_01_17_at_20_33_40_a4d50b8123.jpeg\",\"contentUrl\":\"https:\/\/noticiaempauta.com\/portal\/wp-content\/uploads\/2024\/01\/large_Whats_App_Image_2024_01_17_at_20_33_40_a4d50b8123.jpeg\",\"width\":1000,\"height\":666},{\"@type\":\"BreadcrumbList\",\"@id\":\"https:\/\/noticiaempauta.com\/portal\/em-audiencia-com-lula-rafael-apresenta-projetos-de-hidrogenio-verde-e-do-intermodal-do-vale-do-parnaiba-e-pede-mais-investimentos-para-o-piaui\/#breadcrumb\",\"itemListElement\":[{\"@type\":\"ListItem\",\"position\":1,\"name\":\"P\u00e1gina Inicial\",\"item\":\"https:\/\/noticiaempauta.com\/portal\/\"},{\"@type\":\"ListItem\",\"position\":2,\"name\":\"Destaques\",\"item\":\"https:\/\/noticiaempauta.com\/portal\/destaques-site\/\"},{\"@type\":\"ListItem\",\"position\":3,\"name\":\"Em audi\u00eancia com Lula, Rafael apresenta projetos de hidrog\u00eanio verde e do intermodal do Vale do Parna\u00edba e pede mais investimentos para o Piau\u00ed\"}]},{\"@type\":\"WebSite\",\"@id\":\"https:\/\/noticiaempauta.com\/portal\/#website\",\"url\":\"https:\/\/noticiaempauta.com\/portal\/\",\"name\":\"Portal Not\u00edcia em Pauta\",\"description\":\"Voc\u00ea bem informado\",\"publisher\":{\"@id\":\"https:\/\/noticiaempauta.com\/portal\/#organization\"},\"potentialAction\":[{\"@type\":\"SearchAction\",\"target\":{\"@type\":\"EntryPoint\",\"urlTemplate\":\"https:\/\/noticiaempauta.com\/portal\/?s={search_term_string}\"},\"query-input\":{\"@type\":\"PropertyValueSpecification\",\"valueRequired\":true,\"valueName\":\"search_term_string\"}}],\"inLanguage\":\"pt-BR\"},{\"@type\":\"Organization\",\"@id\":\"https:\/\/noticiaempauta.com\/portal\/#organization\",\"name\":\"Portal Not\u00edcia em Pauta\",\"url\":\"https:\/\/noticiaempauta.com\/portal\/\",\"logo\":{\"@type\":\"ImageObject\",\"inLanguage\":\"pt-BR\",\"@id\":\"https:\/\/noticiaempauta.com\/portal\/#\/schema\/logo\/image\/\",\"url\":\"https:\/\/noticiaempauta.com\/portal\/wp-content\/uploads\/2022\/08\/logomarca_tema.fw_.png\",\"contentUrl\":\"https:\/\/noticiaempauta.com\/portal\/wp-content\/uploads\/2022\/08\/logomarca_tema.fw_.png\",\"width\":400,\"height\":232,\"caption\":\"Portal Not\u00edcia em Pauta\"},\"image\":{\"@id\":\"https:\/\/noticiaempauta.com\/portal\/#\/schema\/logo\/image\/\"},\"sameAs\":[\"https:\/\/www.facebook.com\/Portal-Notcia-Em-Pauta-102292869264820\/\",\"https:\/\/www.instagram.com\/portalnoticiaempauta\/\"]},{\"@type\":\"Person\",\"@id\":\"https:\/\/noticiaempauta.com\/portal\/#\/schema\/person\/a74af43dd1ab3deca45f988c717d57ac\",\"name\":\"Reda\u00e7\u00e3o\",\"image\":{\"@type\":\"ImageObject\",\"inLanguage\":\"pt-BR\",\"@id\":\"https:\/\/noticiaempauta.com\/portal\/#\/schema\/person\/image\/\",\"url\":\"https:\/\/secure.gravatar.com\/avatar\/03179346ecce6cdfc13361603e8f54242a90e5cde8618fa23c5c00aa2b0aadf3?s=96&d=mm&r=g\",\"contentUrl\":\"https:\/\/secure.gravatar.com\/avatar\/03179346ecce6cdfc13361603e8f54242a90e5cde8618fa23c5c00aa2b0aadf3?s=96&d=mm&r=g\",\"caption\":\"Reda\u00e7\u00e3o\"},\"sameAs\":[\"https:\/\/noticiaempauta.com\/portal\/\"],\"url\":\"https:\/\/noticiaempauta.com\/portal\/author\/fernando\/\"}]}<\/script>\n<!-- \/ Yoast SEO Premium plugin. -->","yoast_head_json":{"title":"Em audi\u00eancia com Lula, Rafael apresenta projetos de hidrog\u00eanio verde e do intermodal do Vale do Parna\u00edba e pede mais investimentos para o Piau\u00ed - Portal Not\u00edcia em Pauta","robots":{"index":"index","follow":"follow","max-snippet":"max-snippet:-1","max-image-preview":"max-image-preview:large","max-video-preview":"max-video-preview:-1"},"canonical":"https:\/\/noticiaempauta.com\/portal\/em-audiencia-com-lula-rafael-apresenta-projetos-de-hidrogenio-verde-e-do-intermodal-do-vale-do-parnaiba-e-pede-mais-investimentos-para-o-piaui\/","og_locale":"pt_BR","og_type":"article","og_title":"Em audi\u00eancia com Lula, Rafael apresenta projetos de hidrog\u00eanio verde e do intermodal do Vale do Parna\u00edba e pede mais investimentos para o Piau\u00ed","og_description":"Encontro aconteceu nesta quarta-feira em Bras\u00edlia; governador pediu a inclus\u00e3o de mais investimentos e obras no Novo PAC no Piau\u00ed.","og_url":"https:\/\/noticiaempauta.com\/portal\/em-audiencia-com-lula-rafael-apresenta-projetos-de-hidrogenio-verde-e-do-intermodal-do-vale-do-parnaiba-e-pede-mais-investimentos-para-o-piaui\/","og_site_name":"Portal Not\u00edcia em Pauta","article_publisher":"https:\/\/www.facebook.com\/Portal-Notcia-Em-Pauta-102292869264820\/","article_published_time":"2024-01-18T12:17:17+00:00","article_modified_time":"2024-01-18T12:24:42+00:00","og_image":[{"width":1000,"height":666,"url":"https:\/\/noticiaempauta.com\/portal\/wp-content\/uploads\/2024\/01\/large_Whats_App_Image_2024_01_17_at_20_33_40_a4d50b8123.jpeg","type":"image\/jpeg"}],"author":"Reda\u00e7\u00e3o","twitter_card":"summary_large_image","twitter_misc":{"Escrito por":"Reda\u00e7\u00e3o","Est. tempo de leitura":"3 minutos"},"schema":{"@context":"https:\/\/schema.org","@graph":[{"@type":"Article","@id":"https:\/\/noticiaempauta.com\/portal\/em-audiencia-com-lula-rafael-apresenta-projetos-de-hidrogenio-verde-e-do-intermodal-do-vale-do-parnaiba-e-pede-mais-investimentos-para-o-piaui\/#article","isPartOf":{"@id":"https:\/\/noticiaempauta.com\/portal\/em-audiencia-com-lula-rafael-apresenta-projetos-de-hidrogenio-verde-e-do-intermodal-do-vale-do-parnaiba-e-pede-mais-investimentos-para-o-piaui\/"},"author":{"name":"Reda\u00e7\u00e3o","@id":"https:\/\/noticiaempauta.com\/portal\/#\/schema\/person\/a74af43dd1ab3deca45f988c717d57ac"},"headline":"Em audi\u00eancia com Lula, Rafael apresenta projetos de hidrog\u00eanio verde e do intermodal do Vale do Parna\u00edba e pede mais investimentos para o Piau\u00ed","datePublished":"2024-01-18T12:17:17+00:00","dateModified":"2024-01-18T12:24:42+00:00","mainEntityOfPage":{"@id":"https:\/\/noticiaempauta.com\/portal\/em-audiencia-com-lula-rafael-apresenta-projetos-de-hidrogenio-verde-e-do-intermodal-do-vale-do-parnaiba-e-pede-mais-investimentos-para-o-piaui\/"},"wordCount":429,"commentCount":0,"publisher":{"@id":"https:\/\/noticiaempauta.com\/portal\/#organization"},"image":{"@id":"https:\/\/noticiaempauta.com\/portal\/em-audiencia-com-lula-rafael-apresenta-projetos-de-hidrogenio-verde-e-do-intermodal-do-vale-do-parnaiba-e-pede-mais-investimentos-para-o-piaui\/#primaryimage"},"thumbnailUrl":"https:\/\/noticiaempauta.com\/portal\/wp-content\/uploads\/2024\/01\/large_Whats_App_Image_2024_01_17_at_20_33_40_a4d50b8123.jpeg","keywords":["destaqueprincipal"],"articleSection":["Destaques","Economia","Geral","Pol\u00edtica","Todas as Not\u00edcias"],"inLanguage":"pt-BR","potentialAction":[{"@type":"CommentAction","name":"Comment","target":["https:\/\/noticiaempauta.com\/portal\/em-audiencia-com-lula-rafael-apresenta-projetos-de-hidrogenio-verde-e-do-intermodal-do-vale-do-parnaiba-e-pede-mais-investimentos-para-o-piaui\/#respond"]}]},{"@type":"WebPage","@id":"https:\/\/noticiaempauta.com\/portal\/em-audiencia-com-lula-rafael-apresenta-projetos-de-hidrogenio-verde-e-do-intermodal-do-vale-do-parnaiba-e-pede-mais-investimentos-para-o-piaui\/","url":"https:\/\/noticiaempauta.com\/portal\/em-audiencia-com-lula-rafael-apresenta-projetos-de-hidrogenio-verde-e-do-intermodal-do-vale-do-parnaiba-e-pede-mais-investimentos-para-o-piaui\/","name":"Em audi\u00eancia com Lula, Rafael apresenta projetos de hidrog\u00eanio verde e do intermodal do Vale do Parna\u00edba e pede mais investimentos para o Piau\u00ed - Portal Not\u00edcia em Pauta","isPartOf":{"@id":"https:\/\/noticiaempauta.com\/portal\/#website"},"primaryImageOfPage":{"@id":"https:\/\/noticiaempauta.com\/portal\/em-audiencia-com-lula-rafael-apresenta-projetos-de-hidrogenio-verde-e-do-intermodal-do-vale-do-parnaiba-e-pede-mais-investimentos-para-o-piaui\/#primaryimage"},"image":{"@id":"https:\/\/noticiaempauta.com\/portal\/em-audiencia-com-lula-rafael-apresenta-projetos-de-hidrogenio-verde-e-do-intermodal-do-vale-do-parnaiba-e-pede-mais-investimentos-para-o-piaui\/#primaryimage"},"thumbnailUrl":"https:\/\/noticiaempauta.com\/portal\/wp-content\/uploads\/2024\/01\/large_Whats_App_Image_2024_01_17_at_20_33_40_a4d50b8123.jpeg","datePublished":"2024-01-18T12:17:17+00:00","dateModified":"2024-01-18T12:24:42+00:00","breadcrumb":{"@id":"https:\/\/noticiaempauta.com\/portal\/em-audiencia-com-lula-rafael-apresenta-projetos-de-hidrogenio-verde-e-do-intermodal-do-vale-do-parnaiba-e-pede-mais-investimentos-para-o-piaui\/#breadcrumb"},"inLanguage":"pt-BR","potentialAction":[{"@type":"ReadAction","target":["https:\/\/noticiaempauta.com\/portal\/em-audiencia-com-lula-rafael-apresenta-projetos-de-hidrogenio-verde-e-do-intermodal-do-vale-do-parnaiba-e-pede-mais-investimentos-para-o-piaui\/"]}]},{"@type":"ImageObject","inLanguage":"pt-BR","@id":"https:\/\/noticiaempauta.com\/portal\/em-audiencia-com-lula-rafael-apresenta-projetos-de-hidrogenio-verde-e-do-intermodal-do-vale-do-parnaiba-e-pede-mais-investimentos-para-o-piaui\/#primaryimage","url":"https:\/\/noticiaempauta.com\/portal\/wp-content\/uploads\/2024\/01\/large_Whats_App_Image_2024_01_17_at_20_33_40_a4d50b8123.jpeg","contentUrl":"https:\/\/noticiaempauta.com\/portal\/wp-content\/uploads\/2024\/01\/large_Whats_App_Image_2024_01_17_at_20_33_40_a4d50b8123.jpeg","width":1000,"height":666},{"@type":"BreadcrumbList","@id":"https:\/\/noticiaempauta.com\/portal\/em-audiencia-com-lula-rafael-apresenta-projetos-de-hidrogenio-verde-e-do-intermodal-do-vale-do-parnaiba-e-pede-mais-investimentos-para-o-piaui\/#breadcrumb","itemListElement":[{"@type":"ListItem","position":1,"name":"P\u00e1gina Inicial","item":"https:\/\/noticiaempauta.com\/portal\/"},{"@type":"ListItem","position":2,"name":"Destaques","item":"https:\/\/noticiaempauta.com\/portal\/destaques-site\/"},{"@type":"ListItem","position":3,"name":"Em audi\u00eancia com Lula, Rafael apresenta projetos de hidrog\u00eanio verde e do intermodal do Vale do Parna\u00edba e pede mais investimentos para o Piau\u00ed"}]},{"@type":"WebSite","@id":"https:\/\/noticiaempauta.com\/portal\/#website","url":"https:\/\/noticiaempauta.com\/portal\/","name":"Portal Not\u00edcia em Pauta","description":"Voc\u00ea bem informado","publisher":{"@id":"https:\/\/noticiaempauta.com\/portal\/#organization"},"potentialAction":[{"@type":"SearchAction","target":{"@type":"EntryPoint","urlTemplate":"https:\/\/noticiaempauta.com\/portal\/?s={search_term_string}"},"query-input":{"@type":"PropertyValueSpecification","valueRequired":true,"valueName":"search_term_string"}}],"inLanguage":"pt-BR"},{"@type":"Organization","@id":"https:\/\/noticiaempauta.com\/portal\/#organization","name":"Portal Not\u00edcia em Pauta","url":"https:\/\/noticiaempauta.com\/portal\/","logo":{"@type":"ImageObject","inLanguage":"pt-BR","@id":"https:\/\/noticiaempauta.com\/portal\/#\/schema\/logo\/image\/","url":"https:\/\/noticiaempauta.com\/portal\/wp-content\/uploads\/2022\/08\/logomarca_tema.fw_.png","contentUrl":"https:\/\/noticiaempauta.com\/portal\/wp-content\/uploads\/2022\/08\/logomarca_tema.fw_.png","width":400,"height":232,"caption":"Portal Not\u00edcia em Pauta"},"image":{"@id":"https:\/\/noticiaempauta.com\/portal\/#\/schema\/logo\/image\/"},"sameAs":["https:\/\/www.facebook.com\/Portal-Notcia-Em-Pauta-102292869264820\/","https:\/\/www.instagram.com\/portalnoticiaempauta\/"]},{"@type":"Person","@id":"https:\/\/noticiaempauta.com\/portal\/#\/schema\/person\/a74af43dd1ab3deca45f988c717d57ac","name":"Reda\u00e7\u00e3o","image":{"@type":"ImageObject","inLanguage":"pt-BR","@id":"https:\/\/noticiaempauta.com\/portal\/#\/schema\/person\/image\/","url":"https:\/\/secure.gravatar.com\/avatar\/03179346ecce6cdfc13361603e8f54242a90e5cde8618fa23c5c00aa2b0aadf3?s=96&d=mm&r=g","contentUrl":"https:\/\/secure.gravatar.com\/avatar\/03179346ecce6cdfc13361603e8f54242a90e5cde8618fa23c5c00aa2b0aadf3?s=96&d=mm&r=g","caption":"Reda\u00e7\u00e3o"},"sameAs":["https:\/\/noticiaempauta.com\/portal\/"],"url":"https:\/\/noticiaempauta.com\/portal\/author\/fernando\/"}]}},"_links":{"self":[{"href":"https:\/\/noticiaempauta.com\/portal\/wp-json\/wp\/v2\/posts\/253665","targetHints":{"allow":["GET"]}}],"collection":[{"href":"https:\/\/noticiaempauta.com\/portal\/wp-json\/wp\/v2\/posts"}],"about":[{"href":"https:\/\/noticiaempauta.com\/portal\/wp-json\/wp\/v2\/types\/post"}],"author":[{"embeddable":true,"href":"https:\/\/noticiaempauta.com\/portal\/wp-json\/wp\/v2\/users\/2"}],"replies":[{"embeddable":true,"href":"https:\/\/noticiaempauta.com\/portal\/wp-json\/wp\/v2\/comments?post=253665"}],"version-history":[{"count":5,"href":"https:\/\/noticiaempauta.com\/portal\/wp-json\/wp\/v2\/posts\/253665\/revisions"}],"predecessor-version":[{"id":253676,"href":"https:\/\/noticiaempauta.com\/portal\/wp-json\/wp\/v2\/posts\/253665\/revisions\/253676"}],"wp:featuredmedia":[{"embeddable":true,"href":"https:\/\/noticiaempauta.com\/portal\/wp-json\/wp\/v2\/media\/253667"}],"wp:attachment":[{"href":"https:\/\/noticiaempauta.com\/portal\/wp-json\/wp\/v2\/media?parent=253665"}],"wp:term":[{"taxonomy":"category","embeddable":true,"href":"https:\/\/noticiaempauta.com\/portal\/wp-json\/wp\/v2\/categories?post=253665"},{"taxonomy":"post_tag","embeddable":true,"href":"https:\/\/noticiaempauta.com\/portal\/wp-json\/wp\/v2\/tags?post=253665"}],"curies":[{"name":"wp","href":"https:\/\/api.w.org\/{rel}","templated":true}]}}