{"id":253793,"date":"2024-01-22T17:28:30","date_gmt":"2024-01-22T20:28:30","guid":{"rendered":"https:\/\/noticiaempauta.com\/portal\/?p=253793"},"modified":"2024-01-22T17:28:31","modified_gmt":"2024-01-22T20:28:31","slug":"deputado-dr-thales-coelho-anuncia-adesao-ao-prefeito-fellipe-alves-em-canto-do-buriti","status":"publish","type":"post","link":"https:\/\/noticiaempauta.com\/portal\/deputado-dr-thales-coelho-anuncia-adesao-ao-prefeito-fellipe-alves-em-canto-do-buriti\/","title":{"rendered":"Deputado Dr. Thales Coelho anuncia ades\u00e3o ao prefeito Fellipe Alves em Canto do Buriti"},"content":{"rendered":"\n<p>No \u00faltimo s\u00e1bado (20), Canto do Buriti testemunhou uma reuni\u00e3o pol\u00edtica de peso que selou a ades\u00e3o do grupo liderado pelo Deputado Estadual Dr. Thales Coelho ao atual prefeito, Dr. Fellipe Alves. Participaram do encontro o pr\u00f3prio Dr. Thales, sua irm\u00e3, Dra. Caroline Coelho, seu cunhado, Dr. Sammuel Nunes, e o prefeito Dr. Fellipe Alves. A uni\u00e3o visa consolidar esfor\u00e7os para a reelei\u00e7\u00e3o deste ano.<\/p>\n\n\n\n<figure class=\"wp-block-image size-full\"><img fetchpriority=\"high\" decoding=\"async\" width=\"960\" height=\"757\" src=\"https:\/\/noticiaempauta.com\/portal\/wp-content\/uploads\/2024\/01\/WhatsApp-Image-2024-01-22-at-10.52.46.jpeg\" alt=\"\" class=\"wp-image-253795\" srcset=\"https:\/\/noticiaempauta.com\/portal\/wp-content\/uploads\/2024\/01\/WhatsApp-Image-2024-01-22-at-10.52.46.jpeg 960w, https:\/\/noticiaempauta.com\/portal\/wp-content\/uploads\/2024\/01\/WhatsApp-Image-2024-01-22-at-10.52.46-300x237.jpeg 300w, https:\/\/noticiaempauta.com\/portal\/wp-content\/uploads\/2024\/01\/WhatsApp-Image-2024-01-22-at-10.52.46-768x606.jpeg 768w\" sizes=\"(max-width: 960px) 100vw, 960px\" \/><\/figure>\n\n\n\n<p>Para o prefeito, a ades\u00e3o representa um refor\u00e7o significativo \u00e0 gest\u00e3o municipal. Ele destacou o prest\u00edgio do Dr. Thales na regi\u00e3o e acredita que a parceria garantir\u00e1 um desenvolvimento mais expressivo por meio da atua\u00e7\u00e3o parlamentar. &#8220;Junto com Dra. Caroline, que tem contribu\u00eddo muito para a sa\u00fade, estamos certos de que formamos um grupo forte para a reelei\u00e7\u00e3o&#8221;, comemorou o prefeito.<\/p>\n\n\n\n<p>Dr. Thales, que tem ra\u00edzes profundas em Canto do Buriti, ressaltou seu orgulho pela terra natal e reafirmou seu compromisso com o desenvolvimento local. Ele assegurou uma atua\u00e7\u00e3o conjunta com a prefeitura, destacando que est\u00e1 pronto para contribuir com a cidade na Assembleia Legislativa. &#8220;Dr. Fellipe e a popula\u00e7\u00e3o podem contar comigo. Vamos realizar muito pela nossa cidade&#8221;, afirmou o deputado.<\/p>\n\n\n\n<p>A articula\u00e7\u00e3o para essa alian\u00e7a contou com a atua\u00e7\u00e3o estrat\u00e9gica da Dra. Caroline Coelho, lideran\u00e7a pol\u00edtica e m\u00e9dica. Ela expressou sua satisfa\u00e7\u00e3o com a parceria em constru\u00e7\u00e3o, enxergando benef\u00edcios significativos para a popula\u00e7\u00e3o de Canto do Buriti. &#8220;Estamos construindo uma parceria s\u00f3lida, e o resultado ser\u00e1 mais progresso para o nosso munic\u00edpio&#8221;, ressaltou Dra. Caroline.<\/p>\n\n\n\n<p>Ambos, prefeito e deputado, fazem parte do partido PROGRESSISTAS, fortalecendo assim a base da atual gest\u00e3o para a disputa eleitoral deste ano. Para selar a ades\u00e3o uma Caravana est\u00e1 marcada para o pr\u00f3ximo dia 26 em Canto do Buriti, com a presen\u00e7a de autoridades locais e popula\u00e7\u00e3o em geral.<\/p>\n\n\n\n<p><em>Ascom<\/em><\/p>\n","protected":false},"excerpt":{"rendered":"<p>Reuni\u00e3o estrat\u00e9gica firma parceria pol\u00edtica para fortalecer gest\u00e3o e buscar reelei\u00e7\u00e3o no munic\u00edpio.<\/p>\n","protected":false},"author":2,"featured_media":253795,"comment_status":"open","ping_status":"open","sticky":false,"template":"","format":"standard","meta":{"_mi_skip_tracking":false,"footnotes":""},"categories":[25,1,9,3],"tags":[192],"class_list":["post-253793","post","type-post","status-publish","format-standard","has-post-thumbnail","hentry","category-destaques-site","category-geral","category-municipios","category-politica","tag-destaqueprincipal"],"acf":[],"yoast_head":"<!-- This site is optimized with the Yoast SEO Premium plugin v19.2 (Yoast SEO v26.9) - https:\/\/yoast.com\/product\/yoast-seo-premium-wordpress\/ -->\n<title>Deputado Dr. Thales Coelho anuncia ades\u00e3o ao prefeito Fellipe Alves em Canto do Buriti - Portal Not\u00edcia em Pauta<\/title>\n<meta name=\"robots\" content=\"index, follow, max-snippet:-1, max-image-preview:large, max-video-preview:-1\" \/>\n<link rel=\"canonical\" href=\"https:\/\/noticiaempauta.com\/portal\/deputado-dr-thales-coelho-anuncia-adesao-ao-prefeito-fellipe-alves-em-canto-do-buriti\/\" \/>\n<meta property=\"og:locale\" content=\"pt_BR\" \/>\n<meta property=\"og:type\" content=\"article\" \/>\n<meta property=\"og:title\" content=\"Deputado Dr. Thales Coelho anuncia ades\u00e3o ao prefeito Fellipe Alves em Canto do Buriti\" \/>\n<meta property=\"og:description\" content=\"Reuni\u00e3o estrat\u00e9gica firma parceria pol\u00edtica para fortalecer gest\u00e3o e buscar reelei\u00e7\u00e3o no munic\u00edpio.\" \/>\n<meta property=\"og:url\" content=\"https:\/\/noticiaempauta.com\/portal\/deputado-dr-thales-coelho-anuncia-adesao-ao-prefeito-fellipe-alves-em-canto-do-buriti\/\" \/>\n<meta property=\"og:site_name\" content=\"Portal Not\u00edcia em Pauta\" \/>\n<meta property=\"article:publisher\" content=\"https:\/\/www.facebook.com\/Portal-Notcia-Em-Pauta-102292869264820\/\" \/>\n<meta property=\"article:published_time\" content=\"2024-01-22T20:28:30+00:00\" \/>\n<meta property=\"article:modified_time\" content=\"2024-01-22T20:28:31+00:00\" \/>\n<meta property=\"og:image\" content=\"https:\/\/noticiaempauta.com\/portal\/wp-content\/uploads\/2024\/01\/WhatsApp-Image-2024-01-22-at-10.52.46.jpeg\" \/>\n\t<meta property=\"og:image:width\" content=\"960\" \/>\n\t<meta property=\"og:image:height\" content=\"757\" \/>\n\t<meta property=\"og:image:type\" content=\"image\/jpeg\" \/>\n<meta name=\"author\" content=\"Reda\u00e7\u00e3o\" \/>\n<meta name=\"twitter:card\" content=\"summary_large_image\" \/>\n<meta name=\"twitter:label1\" content=\"Escrito por\" \/>\n\t<meta name=\"twitter:data1\" content=\"Reda\u00e7\u00e3o\" \/>\n\t<meta name=\"twitter:label2\" content=\"Est. tempo de leitura\" \/>\n\t<meta name=\"twitter:data2\" content=\"3 minutos\" \/>\n<script type=\"application\/ld+json\" class=\"yoast-schema-graph\">{\"@context\":\"https:\/\/schema.org\",\"@graph\":[{\"@type\":\"Article\",\"@id\":\"https:\/\/noticiaempauta.com\/portal\/deputado-dr-thales-coelho-anuncia-adesao-ao-prefeito-fellipe-alves-em-canto-do-buriti\/#article\",\"isPartOf\":{\"@id\":\"https:\/\/noticiaempauta.com\/portal\/deputado-dr-thales-coelho-anuncia-adesao-ao-prefeito-fellipe-alves-em-canto-do-buriti\/\"},\"author\":{\"name\":\"Reda\u00e7\u00e3o\",\"@id\":\"https:\/\/noticiaempauta.com\/portal\/#\/schema\/person\/a74af43dd1ab3deca45f988c717d57ac\"},\"headline\":\"Deputado Dr. Thales Coelho anuncia ades\u00e3o ao prefeito Fellipe Alves em Canto do Buriti\",\"datePublished\":\"2024-01-22T20:28:30+00:00\",\"dateModified\":\"2024-01-22T20:28:31+00:00\",\"mainEntityOfPage\":{\"@id\":\"https:\/\/noticiaempauta.com\/portal\/deputado-dr-thales-coelho-anuncia-adesao-ao-prefeito-fellipe-alves-em-canto-do-buriti\/\"},\"wordCount\":342,\"commentCount\":0,\"publisher\":{\"@id\":\"https:\/\/noticiaempauta.com\/portal\/#organization\"},\"image\":{\"@id\":\"https:\/\/noticiaempauta.com\/portal\/deputado-dr-thales-coelho-anuncia-adesao-ao-prefeito-fellipe-alves-em-canto-do-buriti\/#primaryimage\"},\"thumbnailUrl\":\"https:\/\/noticiaempauta.com\/portal\/wp-content\/uploads\/2024\/01\/WhatsApp-Image-2024-01-22-at-10.52.46.jpeg\",\"keywords\":[\"destaqueprincipal\"],\"articleSection\":[\"Destaques\",\"Geral\",\"Munic\u00edpios\",\"Pol\u00edtica\"],\"inLanguage\":\"pt-BR\",\"potentialAction\":[{\"@type\":\"CommentAction\",\"name\":\"Comment\",\"target\":[\"https:\/\/noticiaempauta.com\/portal\/deputado-dr-thales-coelho-anuncia-adesao-ao-prefeito-fellipe-alves-em-canto-do-buriti\/#respond\"]}]},{\"@type\":\"WebPage\",\"@id\":\"https:\/\/noticiaempauta.com\/portal\/deputado-dr-thales-coelho-anuncia-adesao-ao-prefeito-fellipe-alves-em-canto-do-buriti\/\",\"url\":\"https:\/\/noticiaempauta.com\/portal\/deputado-dr-thales-coelho-anuncia-adesao-ao-prefeito-fellipe-alves-em-canto-do-buriti\/\",\"name\":\"Deputado Dr. Thales Coelho anuncia ades\u00e3o ao prefeito Fellipe Alves em Canto do Buriti - Portal Not\u00edcia em Pauta\",\"isPartOf\":{\"@id\":\"https:\/\/noticiaempauta.com\/portal\/#website\"},\"primaryImageOfPage\":{\"@id\":\"https:\/\/noticiaempauta.com\/portal\/deputado-dr-thales-coelho-anuncia-adesao-ao-prefeito-fellipe-alves-em-canto-do-buriti\/#primaryimage\"},\"image\":{\"@id\":\"https:\/\/noticiaempauta.com\/portal\/deputado-dr-thales-coelho-anuncia-adesao-ao-prefeito-fellipe-alves-em-canto-do-buriti\/#primaryimage\"},\"thumbnailUrl\":\"https:\/\/noticiaempauta.com\/portal\/wp-content\/uploads\/2024\/01\/WhatsApp-Image-2024-01-22-at-10.52.46.jpeg\",\"datePublished\":\"2024-01-22T20:28:30+00:00\",\"dateModified\":\"2024-01-22T20:28:31+00:00\",\"breadcrumb\":{\"@id\":\"https:\/\/noticiaempauta.com\/portal\/deputado-dr-thales-coelho-anuncia-adesao-ao-prefeito-fellipe-alves-em-canto-do-buriti\/#breadcrumb\"},\"inLanguage\":\"pt-BR\",\"potentialAction\":[{\"@type\":\"ReadAction\",\"target\":[\"https:\/\/noticiaempauta.com\/portal\/deputado-dr-thales-coelho-anuncia-adesao-ao-prefeito-fellipe-alves-em-canto-do-buriti\/\"]}]},{\"@type\":\"ImageObject\",\"inLanguage\":\"pt-BR\",\"@id\":\"https:\/\/noticiaempauta.com\/portal\/deputado-dr-thales-coelho-anuncia-adesao-ao-prefeito-fellipe-alves-em-canto-do-buriti\/#primaryimage\",\"url\":\"https:\/\/noticiaempauta.com\/portal\/wp-content\/uploads\/2024\/01\/WhatsApp-Image-2024-01-22-at-10.52.46.jpeg\",\"contentUrl\":\"https:\/\/noticiaempauta.com\/portal\/wp-content\/uploads\/2024\/01\/WhatsApp-Image-2024-01-22-at-10.52.46.jpeg\",\"width\":960,\"height\":757},{\"@type\":\"BreadcrumbList\",\"@id\":\"https:\/\/noticiaempauta.com\/portal\/deputado-dr-thales-coelho-anuncia-adesao-ao-prefeito-fellipe-alves-em-canto-do-buriti\/#breadcrumb\",\"itemListElement\":[{\"@type\":\"ListItem\",\"position\":1,\"name\":\"P\u00e1gina Inicial\",\"item\":\"https:\/\/noticiaempauta.com\/portal\/\"},{\"@type\":\"ListItem\",\"position\":2,\"name\":\"Destaques\",\"item\":\"https:\/\/noticiaempauta.com\/portal\/destaques-site\/\"},{\"@type\":\"ListItem\",\"position\":3,\"name\":\"Deputado Dr. Thales Coelho anuncia ades\u00e3o ao prefeito Fellipe Alves em Canto do Buriti\"}]},{\"@type\":\"WebSite\",\"@id\":\"https:\/\/noticiaempauta.com\/portal\/#website\",\"url\":\"https:\/\/noticiaempauta.com\/portal\/\",\"name\":\"Portal Not\u00edcia em Pauta\",\"description\":\"Voc\u00ea bem informado\",\"publisher\":{\"@id\":\"https:\/\/noticiaempauta.com\/portal\/#organization\"},\"potentialAction\":[{\"@type\":\"SearchAction\",\"target\":{\"@type\":\"EntryPoint\",\"urlTemplate\":\"https:\/\/noticiaempauta.com\/portal\/?s={search_term_string}\"},\"query-input\":{\"@type\":\"PropertyValueSpecification\",\"valueRequired\":true,\"valueName\":\"search_term_string\"}}],\"inLanguage\":\"pt-BR\"},{\"@type\":\"Organization\",\"@id\":\"https:\/\/noticiaempauta.com\/portal\/#organization\",\"name\":\"Portal Not\u00edcia em Pauta\",\"url\":\"https:\/\/noticiaempauta.com\/portal\/\",\"logo\":{\"@type\":\"ImageObject\",\"inLanguage\":\"pt-BR\",\"@id\":\"https:\/\/noticiaempauta.com\/portal\/#\/schema\/logo\/image\/\",\"url\":\"https:\/\/noticiaempauta.com\/portal\/wp-content\/uploads\/2022\/08\/logomarca_tema.fw_.png\",\"contentUrl\":\"https:\/\/noticiaempauta.com\/portal\/wp-content\/uploads\/2022\/08\/logomarca_tema.fw_.png\",\"width\":400,\"height\":232,\"caption\":\"Portal Not\u00edcia em Pauta\"},\"image\":{\"@id\":\"https:\/\/noticiaempauta.com\/portal\/#\/schema\/logo\/image\/\"},\"sameAs\":[\"https:\/\/www.facebook.com\/Portal-Notcia-Em-Pauta-102292869264820\/\",\"https:\/\/www.instagram.com\/portalnoticiaempauta\/\"]},{\"@type\":\"Person\",\"@id\":\"https:\/\/noticiaempauta.com\/portal\/#\/schema\/person\/a74af43dd1ab3deca45f988c717d57ac\",\"name\":\"Reda\u00e7\u00e3o\",\"image\":{\"@type\":\"ImageObject\",\"inLanguage\":\"pt-BR\",\"@id\":\"https:\/\/noticiaempauta.com\/portal\/#\/schema\/person\/image\/\",\"url\":\"https:\/\/secure.gravatar.com\/avatar\/03179346ecce6cdfc13361603e8f54242a90e5cde8618fa23c5c00aa2b0aadf3?s=96&d=mm&r=g\",\"contentUrl\":\"https:\/\/secure.gravatar.com\/avatar\/03179346ecce6cdfc13361603e8f54242a90e5cde8618fa23c5c00aa2b0aadf3?s=96&d=mm&r=g\",\"caption\":\"Reda\u00e7\u00e3o\"},\"sameAs\":[\"https:\/\/noticiaempauta.com\/portal\/\"],\"url\":\"https:\/\/noticiaempauta.com\/portal\/author\/fernando\/\"}]}<\/script>\n<!-- \/ Yoast SEO Premium plugin. -->","yoast_head_json":{"title":"Deputado Dr. Thales Coelho anuncia ades\u00e3o ao prefeito Fellipe Alves em Canto do Buriti - Portal Not\u00edcia em Pauta","robots":{"index":"index","follow":"follow","max-snippet":"max-snippet:-1","max-image-preview":"max-image-preview:large","max-video-preview":"max-video-preview:-1"},"canonical":"https:\/\/noticiaempauta.com\/portal\/deputado-dr-thales-coelho-anuncia-adesao-ao-prefeito-fellipe-alves-em-canto-do-buriti\/","og_locale":"pt_BR","og_type":"article","og_title":"Deputado Dr. Thales Coelho anuncia ades\u00e3o ao prefeito Fellipe Alves em Canto do Buriti","og_description":"Reuni\u00e3o estrat\u00e9gica firma parceria pol\u00edtica para fortalecer gest\u00e3o e buscar reelei\u00e7\u00e3o no munic\u00edpio.","og_url":"https:\/\/noticiaempauta.com\/portal\/deputado-dr-thales-coelho-anuncia-adesao-ao-prefeito-fellipe-alves-em-canto-do-buriti\/","og_site_name":"Portal Not\u00edcia em Pauta","article_publisher":"https:\/\/www.facebook.com\/Portal-Notcia-Em-Pauta-102292869264820\/","article_published_time":"2024-01-22T20:28:30+00:00","article_modified_time":"2024-01-22T20:28:31+00:00","og_image":[{"width":960,"height":757,"url":"https:\/\/noticiaempauta.com\/portal\/wp-content\/uploads\/2024\/01\/WhatsApp-Image-2024-01-22-at-10.52.46.jpeg","type":"image\/jpeg"}],"author":"Reda\u00e7\u00e3o","twitter_card":"summary_large_image","twitter_misc":{"Escrito por":"Reda\u00e7\u00e3o","Est. tempo de leitura":"3 minutos"},"schema":{"@context":"https:\/\/schema.org","@graph":[{"@type":"Article","@id":"https:\/\/noticiaempauta.com\/portal\/deputado-dr-thales-coelho-anuncia-adesao-ao-prefeito-fellipe-alves-em-canto-do-buriti\/#article","isPartOf":{"@id":"https:\/\/noticiaempauta.com\/portal\/deputado-dr-thales-coelho-anuncia-adesao-ao-prefeito-fellipe-alves-em-canto-do-buriti\/"},"author":{"name":"Reda\u00e7\u00e3o","@id":"https:\/\/noticiaempauta.com\/portal\/#\/schema\/person\/a74af43dd1ab3deca45f988c717d57ac"},"headline":"Deputado Dr. Thales Coelho anuncia ades\u00e3o ao prefeito Fellipe Alves em Canto do Buriti","datePublished":"2024-01-22T20:28:30+00:00","dateModified":"2024-01-22T20:28:31+00:00","mainEntityOfPage":{"@id":"https:\/\/noticiaempauta.com\/portal\/deputado-dr-thales-coelho-anuncia-adesao-ao-prefeito-fellipe-alves-em-canto-do-buriti\/"},"wordCount":342,"commentCount":0,"publisher":{"@id":"https:\/\/noticiaempauta.com\/portal\/#organization"},"image":{"@id":"https:\/\/noticiaempauta.com\/portal\/deputado-dr-thales-coelho-anuncia-adesao-ao-prefeito-fellipe-alves-em-canto-do-buriti\/#primaryimage"},"thumbnailUrl":"https:\/\/noticiaempauta.com\/portal\/wp-content\/uploads\/2024\/01\/WhatsApp-Image-2024-01-22-at-10.52.46.jpeg","keywords":["destaqueprincipal"],"articleSection":["Destaques","Geral","Munic\u00edpios","Pol\u00edtica"],"inLanguage":"pt-BR","potentialAction":[{"@type":"CommentAction","name":"Comment","target":["https:\/\/noticiaempauta.com\/portal\/deputado-dr-thales-coelho-anuncia-adesao-ao-prefeito-fellipe-alves-em-canto-do-buriti\/#respond"]}]},{"@type":"WebPage","@id":"https:\/\/noticiaempauta.com\/portal\/deputado-dr-thales-coelho-anuncia-adesao-ao-prefeito-fellipe-alves-em-canto-do-buriti\/","url":"https:\/\/noticiaempauta.com\/portal\/deputado-dr-thales-coelho-anuncia-adesao-ao-prefeito-fellipe-alves-em-canto-do-buriti\/","name":"Deputado Dr. Thales Coelho anuncia ades\u00e3o ao prefeito Fellipe Alves em Canto do Buriti - Portal Not\u00edcia em Pauta","isPartOf":{"@id":"https:\/\/noticiaempauta.com\/portal\/#website"},"primaryImageOfPage":{"@id":"https:\/\/noticiaempauta.com\/portal\/deputado-dr-thales-coelho-anuncia-adesao-ao-prefeito-fellipe-alves-em-canto-do-buriti\/#primaryimage"},"image":{"@id":"https:\/\/noticiaempauta.com\/portal\/deputado-dr-thales-coelho-anuncia-adesao-ao-prefeito-fellipe-alves-em-canto-do-buriti\/#primaryimage"},"thumbnailUrl":"https:\/\/noticiaempauta.com\/portal\/wp-content\/uploads\/2024\/01\/WhatsApp-Image-2024-01-22-at-10.52.46.jpeg","datePublished":"2024-01-22T20:28:30+00:00","dateModified":"2024-01-22T20:28:31+00:00","breadcrumb":{"@id":"https:\/\/noticiaempauta.com\/portal\/deputado-dr-thales-coelho-anuncia-adesao-ao-prefeito-fellipe-alves-em-canto-do-buriti\/#breadcrumb"},"inLanguage":"pt-BR","potentialAction":[{"@type":"ReadAction","target":["https:\/\/noticiaempauta.com\/portal\/deputado-dr-thales-coelho-anuncia-adesao-ao-prefeito-fellipe-alves-em-canto-do-buriti\/"]}]},{"@type":"ImageObject","inLanguage":"pt-BR","@id":"https:\/\/noticiaempauta.com\/portal\/deputado-dr-thales-coelho-anuncia-adesao-ao-prefeito-fellipe-alves-em-canto-do-buriti\/#primaryimage","url":"https:\/\/noticiaempauta.com\/portal\/wp-content\/uploads\/2024\/01\/WhatsApp-Image-2024-01-22-at-10.52.46.jpeg","contentUrl":"https:\/\/noticiaempauta.com\/portal\/wp-content\/uploads\/2024\/01\/WhatsApp-Image-2024-01-22-at-10.52.46.jpeg","width":960,"height":757},{"@type":"BreadcrumbList","@id":"https:\/\/noticiaempauta.com\/portal\/deputado-dr-thales-coelho-anuncia-adesao-ao-prefeito-fellipe-alves-em-canto-do-buriti\/#breadcrumb","itemListElement":[{"@type":"ListItem","position":1,"name":"P\u00e1gina Inicial","item":"https:\/\/noticiaempauta.com\/portal\/"},{"@type":"ListItem","position":2,"name":"Destaques","item":"https:\/\/noticiaempauta.com\/portal\/destaques-site\/"},{"@type":"ListItem","position":3,"name":"Deputado Dr. Thales Coelho anuncia ades\u00e3o ao prefeito Fellipe Alves em Canto do Buriti"}]},{"@type":"WebSite","@id":"https:\/\/noticiaempauta.com\/portal\/#website","url":"https:\/\/noticiaempauta.com\/portal\/","name":"Portal Not\u00edcia em Pauta","description":"Voc\u00ea bem informado","publisher":{"@id":"https:\/\/noticiaempauta.com\/portal\/#organization"},"potentialAction":[{"@type":"SearchAction","target":{"@type":"EntryPoint","urlTemplate":"https:\/\/noticiaempauta.com\/portal\/?s={search_term_string}"},"query-input":{"@type":"PropertyValueSpecification","valueRequired":true,"valueName":"search_term_string"}}],"inLanguage":"pt-BR"},{"@type":"Organization","@id":"https:\/\/noticiaempauta.com\/portal\/#organization","name":"Portal Not\u00edcia em Pauta","url":"https:\/\/noticiaempauta.com\/portal\/","logo":{"@type":"ImageObject","inLanguage":"pt-BR","@id":"https:\/\/noticiaempauta.com\/portal\/#\/schema\/logo\/image\/","url":"https:\/\/noticiaempauta.com\/portal\/wp-content\/uploads\/2022\/08\/logomarca_tema.fw_.png","contentUrl":"https:\/\/noticiaempauta.com\/portal\/wp-content\/uploads\/2022\/08\/logomarca_tema.fw_.png","width":400,"height":232,"caption":"Portal Not\u00edcia em Pauta"},"image":{"@id":"https:\/\/noticiaempauta.com\/portal\/#\/schema\/logo\/image\/"},"sameAs":["https:\/\/www.facebook.com\/Portal-Notcia-Em-Pauta-102292869264820\/","https:\/\/www.instagram.com\/portalnoticiaempauta\/"]},{"@type":"Person","@id":"https:\/\/noticiaempauta.com\/portal\/#\/schema\/person\/a74af43dd1ab3deca45f988c717d57ac","name":"Reda\u00e7\u00e3o","image":{"@type":"ImageObject","inLanguage":"pt-BR","@id":"https:\/\/noticiaempauta.com\/portal\/#\/schema\/person\/image\/","url":"https:\/\/secure.gravatar.com\/avatar\/03179346ecce6cdfc13361603e8f54242a90e5cde8618fa23c5c00aa2b0aadf3?s=96&d=mm&r=g","contentUrl":"https:\/\/secure.gravatar.com\/avatar\/03179346ecce6cdfc13361603e8f54242a90e5cde8618fa23c5c00aa2b0aadf3?s=96&d=mm&r=g","caption":"Reda\u00e7\u00e3o"},"sameAs":["https:\/\/noticiaempauta.com\/portal\/"],"url":"https:\/\/noticiaempauta.com\/portal\/author\/fernando\/"}]}},"_links":{"self":[{"href":"https:\/\/noticiaempauta.com\/portal\/wp-json\/wp\/v2\/posts\/253793","targetHints":{"allow":["GET"]}}],"collection":[{"href":"https:\/\/noticiaempauta.com\/portal\/wp-json\/wp\/v2\/posts"}],"about":[{"href":"https:\/\/noticiaempauta.com\/portal\/wp-json\/wp\/v2\/types\/post"}],"author":[{"embeddable":true,"href":"https:\/\/noticiaempauta.com\/portal\/wp-json\/wp\/v2\/users\/2"}],"replies":[{"embeddable":true,"href":"https:\/\/noticiaempauta.com\/portal\/wp-json\/wp\/v2\/comments?post=253793"}],"version-history":[{"count":2,"href":"https:\/\/noticiaempauta.com\/portal\/wp-json\/wp\/v2\/posts\/253793\/revisions"}],"predecessor-version":[{"id":253797,"href":"https:\/\/noticiaempauta.com\/portal\/wp-json\/wp\/v2\/posts\/253793\/revisions\/253797"}],"wp:featuredmedia":[{"embeddable":true,"href":"https:\/\/noticiaempauta.com\/portal\/wp-json\/wp\/v2\/media\/253795"}],"wp:attachment":[{"href":"https:\/\/noticiaempauta.com\/portal\/wp-json\/wp\/v2\/media?parent=253793"}],"wp:term":[{"taxonomy":"category","embeddable":true,"href":"https:\/\/noticiaempauta.com\/portal\/wp-json\/wp\/v2\/categories?post=253793"},{"taxonomy":"post_tag","embeddable":true,"href":"https:\/\/noticiaempauta.com\/portal\/wp-json\/wp\/v2\/tags?post=253793"}],"curies":[{"name":"wp","href":"https:\/\/api.w.org\/{rel}","templated":true}]}}