{"id":253810,"date":"2024-01-23T10:48:26","date_gmt":"2024-01-23T13:48:26","guid":{"rendered":"https:\/\/noticiaempauta.com\/portal\/?p=253810"},"modified":"2024-01-23T10:48:28","modified_gmt":"2024-01-23T13:48:28","slug":"rompimento-jeova-alencar-pede-exoneracao-da-saad-sul-apos-reuniao-com-dr-pessoa","status":"publish","type":"post","link":"https:\/\/noticiaempauta.com\/portal\/rompimento-jeova-alencar-pede-exoneracao-da-saad-sul-apos-reuniao-com-dr-pessoa\/","title":{"rendered":"Rompimento | Jeov\u00e1 Alencar pede exonera\u00e7\u00e3o da Saad Sul ap\u00f3s reuni\u00e3o com Dr. Pessoa"},"content":{"rendered":"\n<p>O deputado estadual Jeov\u00e1 Alencar (Republicanos), pediu exonera\u00e7\u00e3o do cargo de superintendente da SAAD Sul na manh\u00e3 desta ter\u00e7a-feira (23\/01). Em carta de ren\u00fancia entregue \u00e0 Dr. Pessoa, Jeov\u00e1 fala que passou a discordar da gest\u00e3o municipal e que por isso n\u00e3o fazia mais sentido permanecer no cargo.<\/p>\n\n\n\n<p>Em outro ponto da carta de ren\u00fancia, Jeov\u00e1 Alencar \u201ccoloca seu nome para julgamento da popula\u00e7\u00e3o de Teresina\u201d e deixa a entender que pode ser candidato \u00e0 prefeito da capital nas Elei\u00e7\u00f5es 2024.<\/p>\n\n\n\n<p><em>\u201cA partir do momento em que passo a discordar da gest\u00e3o, n\u00e3o faz sentido continuar nela, mas por querer continuar contribuindo com nossa capital, agora coloco meu nome para julgamento da popula\u00e7\u00e3o de Teresina, a quem vou ouvir se me considera um alternativa para cuidar da cidade\u201d, escreveu Jeov\u00e1.&nbsp;<\/em><\/p>\n\n\n\n<p><em>\u201cEntrei quando fui chamado, e agora saio pela porta da frente. Deixo a SAAD, mas n\u00e3o o compromisso de fazer mais por Teresina\u201d, concluiu o deputado estadual.\u00a0<\/em><\/p>\n\n\n\n<figure class=\"wp-block-image size-full\"><img fetchpriority=\"high\" decoding=\"async\" width=\"1024\" height=\"740\" src=\"https:\/\/noticiaempauta.com\/portal\/wp-content\/uploads\/2024\/01\/Jeova-Alencar-Renuncia-SAAD-Sul.jpg\" alt=\"\" class=\"wp-image-253812\" srcset=\"https:\/\/noticiaempauta.com\/portal\/wp-content\/uploads\/2024\/01\/Jeova-Alencar-Renuncia-SAAD-Sul.jpg 1024w, https:\/\/noticiaempauta.com\/portal\/wp-content\/uploads\/2024\/01\/Jeova-Alencar-Renuncia-SAAD-Sul-300x217.jpg 300w, https:\/\/noticiaempauta.com\/portal\/wp-content\/uploads\/2024\/01\/Jeova-Alencar-Renuncia-SAAD-Sul-768x555.jpg 768w\" sizes=\"(max-width: 1024px) 100vw, 1024px\" \/><\/figure>\n\n\n\n<p>Ainda nesta ter\u00e7a-feira (23), Jeov\u00e1 Alencar conceder\u00e1 entrevista coletiva para falar sobre o assunto. O pronunciamento est\u00e1 marcado para \u00e0s 11h.<\/p>\n\n\n\n<p><em>Com informa\u00e7\u00f5es do Portal OitoMeia<\/em><\/p>\n","protected":false},"excerpt":{"rendered":"<p>O deputado estadual Jeov\u00e1 Alencar (Republicanos), pediu exonera\u00e7\u00e3o do cargo de superintendente da SAAD Sul na manh\u00e3 desta ter\u00e7a-feira (23\/01). Em carta de ren\u00fancia entregue \u00e0 Dr. Pessoa, Jeov\u00e1 fala que passou a discordar da gest\u00e3o municipal e que por isso n\u00e3o fazia mais sentido permanecer no cargo. Em outro ponto da carta de ren\u00fancia, [&hellip;]<\/p>\n","protected":false},"author":2,"featured_media":253662,"comment_status":"open","ping_status":"open","sticky":false,"template":"","format":"standard","meta":{"_mi_skip_tracking":false,"footnotes":""},"categories":[25,1,3],"tags":[192],"class_list":["post-253810","post","type-post","status-publish","format-standard","has-post-thumbnail","hentry","category-destaques-site","category-geral","category-politica","tag-destaqueprincipal"],"acf":[],"yoast_head":"<!-- This site is optimized with the Yoast SEO Premium plugin v19.2 (Yoast SEO v26.9) - https:\/\/yoast.com\/product\/yoast-seo-premium-wordpress\/ -->\n<title>Rompimento | Jeov\u00e1 Alencar pede exonera\u00e7\u00e3o da Saad Sul ap\u00f3s reuni\u00e3o com Dr. Pessoa - Portal Not\u00edcia em Pauta<\/title>\n<meta name=\"robots\" content=\"index, follow, max-snippet:-1, max-image-preview:large, max-video-preview:-1\" \/>\n<link rel=\"canonical\" href=\"https:\/\/noticiaempauta.com\/portal\/rompimento-jeova-alencar-pede-exoneracao-da-saad-sul-apos-reuniao-com-dr-pessoa\/\" \/>\n<meta property=\"og:locale\" content=\"pt_BR\" \/>\n<meta property=\"og:type\" content=\"article\" \/>\n<meta property=\"og:title\" content=\"Rompimento | Jeov\u00e1 Alencar pede exonera\u00e7\u00e3o da Saad Sul ap\u00f3s reuni\u00e3o com Dr. Pessoa\" \/>\n<meta property=\"og:description\" content=\"O deputado estadual Jeov\u00e1 Alencar (Republicanos), pediu exonera\u00e7\u00e3o do cargo de superintendente da SAAD Sul na manh\u00e3 desta ter\u00e7a-feira (23\/01). Em carta de ren\u00fancia entregue \u00e0 Dr. Pessoa, Jeov\u00e1 fala que passou a discordar da gest\u00e3o municipal e que por isso n\u00e3o fazia mais sentido permanecer no cargo. Em outro ponto da carta de ren\u00fancia, [&hellip;]\" \/>\n<meta property=\"og:url\" content=\"https:\/\/noticiaempauta.com\/portal\/rompimento-jeova-alencar-pede-exoneracao-da-saad-sul-apos-reuniao-com-dr-pessoa\/\" \/>\n<meta property=\"og:site_name\" content=\"Portal Not\u00edcia em Pauta\" \/>\n<meta property=\"article:publisher\" content=\"https:\/\/www.facebook.com\/Portal-Notcia-Em-Pauta-102292869264820\/\" \/>\n<meta property=\"article:published_time\" content=\"2024-01-23T13:48:26+00:00\" \/>\n<meta property=\"article:modified_time\" content=\"2024-01-23T13:48:28+00:00\" \/>\n<meta property=\"og:image\" content=\"https:\/\/noticiaempauta.com\/portal\/wp-content\/uploads\/2024\/01\/jeova55.jpg\" \/>\n\t<meta property=\"og:image:width\" content=\"790\" \/>\n\t<meta property=\"og:image:height\" content=\"550\" \/>\n\t<meta property=\"og:image:type\" content=\"image\/jpeg\" \/>\n<meta name=\"author\" content=\"Reda\u00e7\u00e3o\" \/>\n<meta name=\"twitter:card\" content=\"summary_large_image\" \/>\n<meta name=\"twitter:label1\" content=\"Escrito por\" \/>\n\t<meta name=\"twitter:data1\" content=\"Reda\u00e7\u00e3o\" \/>\n\t<meta name=\"twitter:label2\" content=\"Est. tempo de leitura\" \/>\n\t<meta name=\"twitter:data2\" content=\"2 minutos\" \/>\n<script type=\"application\/ld+json\" class=\"yoast-schema-graph\">{\"@context\":\"https:\/\/schema.org\",\"@graph\":[{\"@type\":\"Article\",\"@id\":\"https:\/\/noticiaempauta.com\/portal\/rompimento-jeova-alencar-pede-exoneracao-da-saad-sul-apos-reuniao-com-dr-pessoa\/#article\",\"isPartOf\":{\"@id\":\"https:\/\/noticiaempauta.com\/portal\/rompimento-jeova-alencar-pede-exoneracao-da-saad-sul-apos-reuniao-com-dr-pessoa\/\"},\"author\":{\"name\":\"Reda\u00e7\u00e3o\",\"@id\":\"https:\/\/noticiaempauta.com\/portal\/#\/schema\/person\/a74af43dd1ab3deca45f988c717d57ac\"},\"headline\":\"Rompimento | Jeov\u00e1 Alencar pede exonera\u00e7\u00e3o da Saad Sul ap\u00f3s reuni\u00e3o com Dr. Pessoa\",\"datePublished\":\"2024-01-23T13:48:26+00:00\",\"dateModified\":\"2024-01-23T13:48:28+00:00\",\"mainEntityOfPage\":{\"@id\":\"https:\/\/noticiaempauta.com\/portal\/rompimento-jeova-alencar-pede-exoneracao-da-saad-sul-apos-reuniao-com-dr-pessoa\/\"},\"wordCount\":209,\"commentCount\":0,\"publisher\":{\"@id\":\"https:\/\/noticiaempauta.com\/portal\/#organization\"},\"image\":{\"@id\":\"https:\/\/noticiaempauta.com\/portal\/rompimento-jeova-alencar-pede-exoneracao-da-saad-sul-apos-reuniao-com-dr-pessoa\/#primaryimage\"},\"thumbnailUrl\":\"https:\/\/noticiaempauta.com\/portal\/wp-content\/uploads\/2024\/01\/jeova55.jpg\",\"keywords\":[\"destaqueprincipal\"],\"articleSection\":[\"Destaques\",\"Geral\",\"Pol\u00edtica\"],\"inLanguage\":\"pt-BR\",\"potentialAction\":[{\"@type\":\"CommentAction\",\"name\":\"Comment\",\"target\":[\"https:\/\/noticiaempauta.com\/portal\/rompimento-jeova-alencar-pede-exoneracao-da-saad-sul-apos-reuniao-com-dr-pessoa\/#respond\"]}]},{\"@type\":\"WebPage\",\"@id\":\"https:\/\/noticiaempauta.com\/portal\/rompimento-jeova-alencar-pede-exoneracao-da-saad-sul-apos-reuniao-com-dr-pessoa\/\",\"url\":\"https:\/\/noticiaempauta.com\/portal\/rompimento-jeova-alencar-pede-exoneracao-da-saad-sul-apos-reuniao-com-dr-pessoa\/\",\"name\":\"Rompimento | Jeov\u00e1 Alencar pede exonera\u00e7\u00e3o da Saad Sul ap\u00f3s reuni\u00e3o com Dr. Pessoa - Portal Not\u00edcia em Pauta\",\"isPartOf\":{\"@id\":\"https:\/\/noticiaempauta.com\/portal\/#website\"},\"primaryImageOfPage\":{\"@id\":\"https:\/\/noticiaempauta.com\/portal\/rompimento-jeova-alencar-pede-exoneracao-da-saad-sul-apos-reuniao-com-dr-pessoa\/#primaryimage\"},\"image\":{\"@id\":\"https:\/\/noticiaempauta.com\/portal\/rompimento-jeova-alencar-pede-exoneracao-da-saad-sul-apos-reuniao-com-dr-pessoa\/#primaryimage\"},\"thumbnailUrl\":\"https:\/\/noticiaempauta.com\/portal\/wp-content\/uploads\/2024\/01\/jeova55.jpg\",\"datePublished\":\"2024-01-23T13:48:26+00:00\",\"dateModified\":\"2024-01-23T13:48:28+00:00\",\"breadcrumb\":{\"@id\":\"https:\/\/noticiaempauta.com\/portal\/rompimento-jeova-alencar-pede-exoneracao-da-saad-sul-apos-reuniao-com-dr-pessoa\/#breadcrumb\"},\"inLanguage\":\"pt-BR\",\"potentialAction\":[{\"@type\":\"ReadAction\",\"target\":[\"https:\/\/noticiaempauta.com\/portal\/rompimento-jeova-alencar-pede-exoneracao-da-saad-sul-apos-reuniao-com-dr-pessoa\/\"]}]},{\"@type\":\"ImageObject\",\"inLanguage\":\"pt-BR\",\"@id\":\"https:\/\/noticiaempauta.com\/portal\/rompimento-jeova-alencar-pede-exoneracao-da-saad-sul-apos-reuniao-com-dr-pessoa\/#primaryimage\",\"url\":\"https:\/\/noticiaempauta.com\/portal\/wp-content\/uploads\/2024\/01\/jeova55.jpg\",\"contentUrl\":\"https:\/\/noticiaempauta.com\/portal\/wp-content\/uploads\/2024\/01\/jeova55.jpg\",\"width\":790,\"height\":550,\"caption\":\"Foto: Reprodu\u00e7\u00e3o\/cidadeverde\"},{\"@type\":\"BreadcrumbList\",\"@id\":\"https:\/\/noticiaempauta.com\/portal\/rompimento-jeova-alencar-pede-exoneracao-da-saad-sul-apos-reuniao-com-dr-pessoa\/#breadcrumb\",\"itemListElement\":[{\"@type\":\"ListItem\",\"position\":1,\"name\":\"P\u00e1gina Inicial\",\"item\":\"https:\/\/noticiaempauta.com\/portal\/\"},{\"@type\":\"ListItem\",\"position\":2,\"name\":\"Destaques\",\"item\":\"https:\/\/noticiaempauta.com\/portal\/destaques-site\/\"},{\"@type\":\"ListItem\",\"position\":3,\"name\":\"Rompimento | Jeov\u00e1 Alencar pede exonera\u00e7\u00e3o da Saad Sul ap\u00f3s reuni\u00e3o com Dr. Pessoa\"}]},{\"@type\":\"WebSite\",\"@id\":\"https:\/\/noticiaempauta.com\/portal\/#website\",\"url\":\"https:\/\/noticiaempauta.com\/portal\/\",\"name\":\"Portal Not\u00edcia em Pauta\",\"description\":\"Voc\u00ea bem informado\",\"publisher\":{\"@id\":\"https:\/\/noticiaempauta.com\/portal\/#organization\"},\"potentialAction\":[{\"@type\":\"SearchAction\",\"target\":{\"@type\":\"EntryPoint\",\"urlTemplate\":\"https:\/\/noticiaempauta.com\/portal\/?s={search_term_string}\"},\"query-input\":{\"@type\":\"PropertyValueSpecification\",\"valueRequired\":true,\"valueName\":\"search_term_string\"}}],\"inLanguage\":\"pt-BR\"},{\"@type\":\"Organization\",\"@id\":\"https:\/\/noticiaempauta.com\/portal\/#organization\",\"name\":\"Portal Not\u00edcia em Pauta\",\"url\":\"https:\/\/noticiaempauta.com\/portal\/\",\"logo\":{\"@type\":\"ImageObject\",\"inLanguage\":\"pt-BR\",\"@id\":\"https:\/\/noticiaempauta.com\/portal\/#\/schema\/logo\/image\/\",\"url\":\"https:\/\/noticiaempauta.com\/portal\/wp-content\/uploads\/2022\/08\/logomarca_tema.fw_.png\",\"contentUrl\":\"https:\/\/noticiaempauta.com\/portal\/wp-content\/uploads\/2022\/08\/logomarca_tema.fw_.png\",\"width\":400,\"height\":232,\"caption\":\"Portal Not\u00edcia em Pauta\"},\"image\":{\"@id\":\"https:\/\/noticiaempauta.com\/portal\/#\/schema\/logo\/image\/\"},\"sameAs\":[\"https:\/\/www.facebook.com\/Portal-Notcia-Em-Pauta-102292869264820\/\",\"https:\/\/www.instagram.com\/portalnoticiaempauta\/\"]},{\"@type\":\"Person\",\"@id\":\"https:\/\/noticiaempauta.com\/portal\/#\/schema\/person\/a74af43dd1ab3deca45f988c717d57ac\",\"name\":\"Reda\u00e7\u00e3o\",\"image\":{\"@type\":\"ImageObject\",\"inLanguage\":\"pt-BR\",\"@id\":\"https:\/\/noticiaempauta.com\/portal\/#\/schema\/person\/image\/\",\"url\":\"https:\/\/secure.gravatar.com\/avatar\/03179346ecce6cdfc13361603e8f54242a90e5cde8618fa23c5c00aa2b0aadf3?s=96&d=mm&r=g\",\"contentUrl\":\"https:\/\/secure.gravatar.com\/avatar\/03179346ecce6cdfc13361603e8f54242a90e5cde8618fa23c5c00aa2b0aadf3?s=96&d=mm&r=g\",\"caption\":\"Reda\u00e7\u00e3o\"},\"sameAs\":[\"https:\/\/noticiaempauta.com\/portal\/\"],\"url\":\"https:\/\/noticiaempauta.com\/portal\/author\/fernando\/\"}]}<\/script>\n<!-- \/ Yoast SEO Premium plugin. -->","yoast_head_json":{"title":"Rompimento | Jeov\u00e1 Alencar pede exonera\u00e7\u00e3o da Saad Sul ap\u00f3s reuni\u00e3o com Dr. Pessoa - Portal Not\u00edcia em Pauta","robots":{"index":"index","follow":"follow","max-snippet":"max-snippet:-1","max-image-preview":"max-image-preview:large","max-video-preview":"max-video-preview:-1"},"canonical":"https:\/\/noticiaempauta.com\/portal\/rompimento-jeova-alencar-pede-exoneracao-da-saad-sul-apos-reuniao-com-dr-pessoa\/","og_locale":"pt_BR","og_type":"article","og_title":"Rompimento | Jeov\u00e1 Alencar pede exonera\u00e7\u00e3o da Saad Sul ap\u00f3s reuni\u00e3o com Dr. Pessoa","og_description":"O deputado estadual Jeov\u00e1 Alencar (Republicanos), pediu exonera\u00e7\u00e3o do cargo de superintendente da SAAD Sul na manh\u00e3 desta ter\u00e7a-feira (23\/01). Em carta de ren\u00fancia entregue \u00e0 Dr. Pessoa, Jeov\u00e1 fala que passou a discordar da gest\u00e3o municipal e que por isso n\u00e3o fazia mais sentido permanecer no cargo. Em outro ponto da carta de ren\u00fancia, [&hellip;]","og_url":"https:\/\/noticiaempauta.com\/portal\/rompimento-jeova-alencar-pede-exoneracao-da-saad-sul-apos-reuniao-com-dr-pessoa\/","og_site_name":"Portal Not\u00edcia em Pauta","article_publisher":"https:\/\/www.facebook.com\/Portal-Notcia-Em-Pauta-102292869264820\/","article_published_time":"2024-01-23T13:48:26+00:00","article_modified_time":"2024-01-23T13:48:28+00:00","og_image":[{"width":790,"height":550,"url":"https:\/\/noticiaempauta.com\/portal\/wp-content\/uploads\/2024\/01\/jeova55.jpg","type":"image\/jpeg"}],"author":"Reda\u00e7\u00e3o","twitter_card":"summary_large_image","twitter_misc":{"Escrito por":"Reda\u00e7\u00e3o","Est. tempo de leitura":"2 minutos"},"schema":{"@context":"https:\/\/schema.org","@graph":[{"@type":"Article","@id":"https:\/\/noticiaempauta.com\/portal\/rompimento-jeova-alencar-pede-exoneracao-da-saad-sul-apos-reuniao-com-dr-pessoa\/#article","isPartOf":{"@id":"https:\/\/noticiaempauta.com\/portal\/rompimento-jeova-alencar-pede-exoneracao-da-saad-sul-apos-reuniao-com-dr-pessoa\/"},"author":{"name":"Reda\u00e7\u00e3o","@id":"https:\/\/noticiaempauta.com\/portal\/#\/schema\/person\/a74af43dd1ab3deca45f988c717d57ac"},"headline":"Rompimento | Jeov\u00e1 Alencar pede exonera\u00e7\u00e3o da Saad Sul ap\u00f3s reuni\u00e3o com Dr. Pessoa","datePublished":"2024-01-23T13:48:26+00:00","dateModified":"2024-01-23T13:48:28+00:00","mainEntityOfPage":{"@id":"https:\/\/noticiaempauta.com\/portal\/rompimento-jeova-alencar-pede-exoneracao-da-saad-sul-apos-reuniao-com-dr-pessoa\/"},"wordCount":209,"commentCount":0,"publisher":{"@id":"https:\/\/noticiaempauta.com\/portal\/#organization"},"image":{"@id":"https:\/\/noticiaempauta.com\/portal\/rompimento-jeova-alencar-pede-exoneracao-da-saad-sul-apos-reuniao-com-dr-pessoa\/#primaryimage"},"thumbnailUrl":"https:\/\/noticiaempauta.com\/portal\/wp-content\/uploads\/2024\/01\/jeova55.jpg","keywords":["destaqueprincipal"],"articleSection":["Destaques","Geral","Pol\u00edtica"],"inLanguage":"pt-BR","potentialAction":[{"@type":"CommentAction","name":"Comment","target":["https:\/\/noticiaempauta.com\/portal\/rompimento-jeova-alencar-pede-exoneracao-da-saad-sul-apos-reuniao-com-dr-pessoa\/#respond"]}]},{"@type":"WebPage","@id":"https:\/\/noticiaempauta.com\/portal\/rompimento-jeova-alencar-pede-exoneracao-da-saad-sul-apos-reuniao-com-dr-pessoa\/","url":"https:\/\/noticiaempauta.com\/portal\/rompimento-jeova-alencar-pede-exoneracao-da-saad-sul-apos-reuniao-com-dr-pessoa\/","name":"Rompimento | Jeov\u00e1 Alencar pede exonera\u00e7\u00e3o da Saad Sul ap\u00f3s reuni\u00e3o com Dr. Pessoa - Portal Not\u00edcia em Pauta","isPartOf":{"@id":"https:\/\/noticiaempauta.com\/portal\/#website"},"primaryImageOfPage":{"@id":"https:\/\/noticiaempauta.com\/portal\/rompimento-jeova-alencar-pede-exoneracao-da-saad-sul-apos-reuniao-com-dr-pessoa\/#primaryimage"},"image":{"@id":"https:\/\/noticiaempauta.com\/portal\/rompimento-jeova-alencar-pede-exoneracao-da-saad-sul-apos-reuniao-com-dr-pessoa\/#primaryimage"},"thumbnailUrl":"https:\/\/noticiaempauta.com\/portal\/wp-content\/uploads\/2024\/01\/jeova55.jpg","datePublished":"2024-01-23T13:48:26+00:00","dateModified":"2024-01-23T13:48:28+00:00","breadcrumb":{"@id":"https:\/\/noticiaempauta.com\/portal\/rompimento-jeova-alencar-pede-exoneracao-da-saad-sul-apos-reuniao-com-dr-pessoa\/#breadcrumb"},"inLanguage":"pt-BR","potentialAction":[{"@type":"ReadAction","target":["https:\/\/noticiaempauta.com\/portal\/rompimento-jeova-alencar-pede-exoneracao-da-saad-sul-apos-reuniao-com-dr-pessoa\/"]}]},{"@type":"ImageObject","inLanguage":"pt-BR","@id":"https:\/\/noticiaempauta.com\/portal\/rompimento-jeova-alencar-pede-exoneracao-da-saad-sul-apos-reuniao-com-dr-pessoa\/#primaryimage","url":"https:\/\/noticiaempauta.com\/portal\/wp-content\/uploads\/2024\/01\/jeova55.jpg","contentUrl":"https:\/\/noticiaempauta.com\/portal\/wp-content\/uploads\/2024\/01\/jeova55.jpg","width":790,"height":550,"caption":"Foto: Reprodu\u00e7\u00e3o\/cidadeverde"},{"@type":"BreadcrumbList","@id":"https:\/\/noticiaempauta.com\/portal\/rompimento-jeova-alencar-pede-exoneracao-da-saad-sul-apos-reuniao-com-dr-pessoa\/#breadcrumb","itemListElement":[{"@type":"ListItem","position":1,"name":"P\u00e1gina Inicial","item":"https:\/\/noticiaempauta.com\/portal\/"},{"@type":"ListItem","position":2,"name":"Destaques","item":"https:\/\/noticiaempauta.com\/portal\/destaques-site\/"},{"@type":"ListItem","position":3,"name":"Rompimento | Jeov\u00e1 Alencar pede exonera\u00e7\u00e3o da Saad Sul ap\u00f3s reuni\u00e3o com Dr. Pessoa"}]},{"@type":"WebSite","@id":"https:\/\/noticiaempauta.com\/portal\/#website","url":"https:\/\/noticiaempauta.com\/portal\/","name":"Portal Not\u00edcia em Pauta","description":"Voc\u00ea bem informado","publisher":{"@id":"https:\/\/noticiaempauta.com\/portal\/#organization"},"potentialAction":[{"@type":"SearchAction","target":{"@type":"EntryPoint","urlTemplate":"https:\/\/noticiaempauta.com\/portal\/?s={search_term_string}"},"query-input":{"@type":"PropertyValueSpecification","valueRequired":true,"valueName":"search_term_string"}}],"inLanguage":"pt-BR"},{"@type":"Organization","@id":"https:\/\/noticiaempauta.com\/portal\/#organization","name":"Portal Not\u00edcia em Pauta","url":"https:\/\/noticiaempauta.com\/portal\/","logo":{"@type":"ImageObject","inLanguage":"pt-BR","@id":"https:\/\/noticiaempauta.com\/portal\/#\/schema\/logo\/image\/","url":"https:\/\/noticiaempauta.com\/portal\/wp-content\/uploads\/2022\/08\/logomarca_tema.fw_.png","contentUrl":"https:\/\/noticiaempauta.com\/portal\/wp-content\/uploads\/2022\/08\/logomarca_tema.fw_.png","width":400,"height":232,"caption":"Portal Not\u00edcia em Pauta"},"image":{"@id":"https:\/\/noticiaempauta.com\/portal\/#\/schema\/logo\/image\/"},"sameAs":["https:\/\/www.facebook.com\/Portal-Notcia-Em-Pauta-102292869264820\/","https:\/\/www.instagram.com\/portalnoticiaempauta\/"]},{"@type":"Person","@id":"https:\/\/noticiaempauta.com\/portal\/#\/schema\/person\/a74af43dd1ab3deca45f988c717d57ac","name":"Reda\u00e7\u00e3o","image":{"@type":"ImageObject","inLanguage":"pt-BR","@id":"https:\/\/noticiaempauta.com\/portal\/#\/schema\/person\/image\/","url":"https:\/\/secure.gravatar.com\/avatar\/03179346ecce6cdfc13361603e8f54242a90e5cde8618fa23c5c00aa2b0aadf3?s=96&d=mm&r=g","contentUrl":"https:\/\/secure.gravatar.com\/avatar\/03179346ecce6cdfc13361603e8f54242a90e5cde8618fa23c5c00aa2b0aadf3?s=96&d=mm&r=g","caption":"Reda\u00e7\u00e3o"},"sameAs":["https:\/\/noticiaempauta.com\/portal\/"],"url":"https:\/\/noticiaempauta.com\/portal\/author\/fernando\/"}]}},"_links":{"self":[{"href":"https:\/\/noticiaempauta.com\/portal\/wp-json\/wp\/v2\/posts\/253810","targetHints":{"allow":["GET"]}}],"collection":[{"href":"https:\/\/noticiaempauta.com\/portal\/wp-json\/wp\/v2\/posts"}],"about":[{"href":"https:\/\/noticiaempauta.com\/portal\/wp-json\/wp\/v2\/types\/post"}],"author":[{"embeddable":true,"href":"https:\/\/noticiaempauta.com\/portal\/wp-json\/wp\/v2\/users\/2"}],"replies":[{"embeddable":true,"href":"https:\/\/noticiaempauta.com\/portal\/wp-json\/wp\/v2\/comments?post=253810"}],"version-history":[{"count":2,"href":"https:\/\/noticiaempauta.com\/portal\/wp-json\/wp\/v2\/posts\/253810\/revisions"}],"predecessor-version":[{"id":253814,"href":"https:\/\/noticiaempauta.com\/portal\/wp-json\/wp\/v2\/posts\/253810\/revisions\/253814"}],"wp:featuredmedia":[{"embeddable":true,"href":"https:\/\/noticiaempauta.com\/portal\/wp-json\/wp\/v2\/media\/253662"}],"wp:attachment":[{"href":"https:\/\/noticiaempauta.com\/portal\/wp-json\/wp\/v2\/media?parent=253810"}],"wp:term":[{"taxonomy":"category","embeddable":true,"href":"https:\/\/noticiaempauta.com\/portal\/wp-json\/wp\/v2\/categories?post=253810"},{"taxonomy":"post_tag","embeddable":true,"href":"https:\/\/noticiaempauta.com\/portal\/wp-json\/wp\/v2\/tags?post=253810"}],"curies":[{"name":"wp","href":"https:\/\/api.w.org\/{rel}","templated":true}]}}