{"id":254188,"date":"2024-01-31T07:56:01","date_gmt":"2024-01-31T10:56:01","guid":{"rendered":"https:\/\/noticiaempauta.com\/portal\/?p=254188"},"modified":"2024-01-31T10:18:11","modified_gmt":"2024-01-31T13:18:11","slug":"joao-guilherme-recebe-apoio-do-vereador-deuzim-e-do-suplente-ze-domingos-e-reforca-sua-pre-candidatura-a-prefeitura-de-santana-do-piaui","status":"publish","type":"post","link":"https:\/\/noticiaempauta.com\/portal\/joao-guilherme-recebe-apoio-do-vereador-deuzim-e-do-suplente-ze-domingos-e-reforca-sua-pre-candidatura-a-prefeitura-de-santana-do-piaui\/","title":{"rendered":"Jo\u00e3o Guilherme recebe apoio do vereador Deuzim e do suplente Z\u00e9 Domingos e refor\u00e7a sua pr\u00e9-candidatura \u00e0 prefeitura de Santana do Piau\u00ed"},"content":{"rendered":"\n<p>O pr\u00e9-candidato \u00e0 Prefeitura de Santana do Piau\u00ed, vereador Jo\u00e3o Guilherme (MDB), recebeu nesta segunda-feira (29), um importante refor\u00e7o em sua pr\u00e9-campanha com a ades\u00e3o do vereador Deuzim e do suplente de vereador Z\u00e9 Domingos, que deixam a base da prefeita Maria Jos\u00e9, passando a somar for\u00e7as em apoio a pr\u00e9-candidatura a prefeito pela oposi\u00e7\u00e3o do vereador e ex-presidente da C\u00e2mara Municipal Jo\u00e3o Guilherme.<\/p>\n\n\n\n<figure class=\"wp-block-image size-full is-resized\"><img fetchpriority=\"high\" decoding=\"async\" width=\"2560\" height=\"1769\" src=\"https:\/\/noticiaempauta.com\/portal\/wp-content\/uploads\/2024\/01\/A8288794-465A-4358-9463-668B8D7DB5D4-scaled.jpeg\" alt=\"\" class=\"wp-image-254192\" style=\"width:398px;height:auto\" srcset=\"https:\/\/noticiaempauta.com\/portal\/wp-content\/uploads\/2024\/01\/A8288794-465A-4358-9463-668B8D7DB5D4-scaled.jpeg 2560w, https:\/\/noticiaempauta.com\/portal\/wp-content\/uploads\/2024\/01\/A8288794-465A-4358-9463-668B8D7DB5D4-300x207.jpeg 300w, https:\/\/noticiaempauta.com\/portal\/wp-content\/uploads\/2024\/01\/A8288794-465A-4358-9463-668B8D7DB5D4-1024x708.jpeg 1024w, https:\/\/noticiaempauta.com\/portal\/wp-content\/uploads\/2024\/01\/A8288794-465A-4358-9463-668B8D7DB5D4-768x531.jpeg 768w, https:\/\/noticiaempauta.com\/portal\/wp-content\/uploads\/2024\/01\/A8288794-465A-4358-9463-668B8D7DB5D4-1536x1062.jpeg 1536w, https:\/\/noticiaempauta.com\/portal\/wp-content\/uploads\/2024\/01\/A8288794-465A-4358-9463-668B8D7DB5D4-2048x1415.jpeg 2048w\" sizes=\"(max-width: 2560px) 100vw, 2560px\" \/><\/figure>\n\n\n\n<p><br>Em entrevista a nossa reportagem Jo\u00e3o Guilherme agradeceu o apoio e a confian\u00e7a das lideran\u00e7as que chegam para somar, reafirmando seu compromisso de trabalhar para construir uma Santana do Piau\u00ed melhor.<\/p>\n\n\n\n<figure class=\"wp-block-image size-full\"><img decoding=\"async\" width=\"679\" height=\"452\" src=\"https:\/\/noticiaempauta.com\/portal\/wp-content\/uploads\/2024\/01\/AB0AD17F-4031-4F4C-B314-197D956D1640.jpeg\" alt=\"\" class=\"wp-image-254193\" srcset=\"https:\/\/noticiaempauta.com\/portal\/wp-content\/uploads\/2024\/01\/AB0AD17F-4031-4F4C-B314-197D956D1640.jpeg 679w, https:\/\/noticiaempauta.com\/portal\/wp-content\/uploads\/2024\/01\/AB0AD17F-4031-4F4C-B314-197D956D1640-300x200.jpeg 300w\" sizes=\"(max-width: 679px) 100vw, 679px\" \/><\/figure>\n\n\n\n<p> \u201c \u00c9 uma honra contar com o apoio desses importantes l\u00edderes, que tem uma hist\u00f3ria de trabalho e est\u00e3o comprometidos com o desenvolvimento e o futuro do nosso munic\u00edpio, tenho certeza que juntos faremos uma cidade melhor para todos \u201d, enfatizou o pr\u00e9-candidato.<br><br>Na elei\u00e7\u00e3o de 2020 o vereador Deuzim (PSD) obteve 342 votos, ficando em 1\u00ba lugar entre os 9 vereadores eleitos, a lideran\u00e7a e suplente de vereador Z\u00e9 Domingos (MDB) obteve 98 votos ficando na segunda supl\u00eancia do partido.<\/p>\n","protected":false},"excerpt":{"rendered":"<p>O pr\u00e9-candidato \u00e0 Prefeitura de Santana do Piau\u00ed, vereador Jo\u00e3o Guilherme (MDB), recebeu nesta segunda-feira (29), um importante refor\u00e7o em sua pr\u00e9-campanha com a ades\u00e3o do vereador Deuzim e do suplente de vereador Z\u00e9 Domingos, que deixam a base da prefeita Maria Jos\u00e9, passando a somar for\u00e7as em apoio a pr\u00e9-candidatura a prefeito pela oposi\u00e7\u00e3o [&hellip;]<\/p>\n","protected":false},"author":2,"featured_media":254192,"comment_status":"open","ping_status":"open","sticky":false,"template":"","format":"standard","meta":{"_mi_skip_tracking":false,"footnotes":""},"categories":[25,9,3,16],"tags":[192],"class_list":["post-254188","post","type-post","status-publish","format-standard","has-post-thumbnail","hentry","category-destaques-site","category-municipios","category-politica","category-todas","tag-destaqueprincipal"],"acf":[],"yoast_head":"<!-- This site is optimized with the Yoast SEO Premium plugin v19.2 (Yoast SEO v26.9) - https:\/\/yoast.com\/product\/yoast-seo-premium-wordpress\/ -->\n<title>Jo\u00e3o Guilherme recebe apoio do vereador Deuzim e do suplente Z\u00e9 Domingos e refor\u00e7a sua pr\u00e9-candidatura \u00e0 prefeitura de Santana do Piau\u00ed - Portal Not\u00edcia em Pauta<\/title>\n<meta name=\"robots\" content=\"index, follow, max-snippet:-1, max-image-preview:large, max-video-preview:-1\" \/>\n<link rel=\"canonical\" href=\"https:\/\/noticiaempauta.com\/portal\/joao-guilherme-recebe-apoio-do-vereador-deuzim-e-do-suplente-ze-domingos-e-reforca-sua-pre-candidatura-a-prefeitura-de-santana-do-piaui\/\" \/>\n<meta property=\"og:locale\" content=\"pt_BR\" \/>\n<meta property=\"og:type\" content=\"article\" \/>\n<meta property=\"og:title\" content=\"Jo\u00e3o Guilherme recebe apoio do vereador Deuzim e do suplente Z\u00e9 Domingos e refor\u00e7a sua pr\u00e9-candidatura \u00e0 prefeitura de Santana do Piau\u00ed\" \/>\n<meta property=\"og:description\" content=\"O pr\u00e9-candidato \u00e0 Prefeitura de Santana do Piau\u00ed, vereador Jo\u00e3o Guilherme (MDB), recebeu nesta segunda-feira (29), um importante refor\u00e7o em sua pr\u00e9-campanha com a ades\u00e3o do vereador Deuzim e do suplente de vereador Z\u00e9 Domingos, que deixam a base da prefeita Maria Jos\u00e9, passando a somar for\u00e7as em apoio a pr\u00e9-candidatura a prefeito pela oposi\u00e7\u00e3o [&hellip;]\" \/>\n<meta property=\"og:url\" content=\"https:\/\/noticiaempauta.com\/portal\/joao-guilherme-recebe-apoio-do-vereador-deuzim-e-do-suplente-ze-domingos-e-reforca-sua-pre-candidatura-a-prefeitura-de-santana-do-piaui\/\" \/>\n<meta property=\"og:site_name\" content=\"Portal Not\u00edcia em Pauta\" \/>\n<meta property=\"article:publisher\" content=\"https:\/\/www.facebook.com\/Portal-Notcia-Em-Pauta-102292869264820\/\" \/>\n<meta property=\"article:published_time\" content=\"2024-01-31T10:56:01+00:00\" \/>\n<meta property=\"article:modified_time\" content=\"2024-01-31T13:18:11+00:00\" \/>\n<meta property=\"og:image\" content=\"https:\/\/noticiaempauta.com\/portal\/wp-content\/uploads\/2024\/01\/A8288794-465A-4358-9463-668B8D7DB5D4-scaled.jpeg\" \/>\n\t<meta property=\"og:image:width\" content=\"2560\" \/>\n\t<meta property=\"og:image:height\" content=\"1769\" \/>\n\t<meta property=\"og:image:type\" content=\"image\/jpeg\" \/>\n<meta name=\"author\" content=\"Reda\u00e7\u00e3o\" \/>\n<meta name=\"twitter:card\" content=\"summary_large_image\" \/>\n<meta name=\"twitter:label1\" content=\"Escrito por\" \/>\n\t<meta name=\"twitter:data1\" content=\"Reda\u00e7\u00e3o\" \/>\n\t<meta name=\"twitter:label2\" content=\"Est. tempo de leitura\" \/>\n\t<meta name=\"twitter:data2\" content=\"2 minutos\" \/>\n<script type=\"application\/ld+json\" class=\"yoast-schema-graph\">{\"@context\":\"https:\/\/schema.org\",\"@graph\":[{\"@type\":\"Article\",\"@id\":\"https:\/\/noticiaempauta.com\/portal\/joao-guilherme-recebe-apoio-do-vereador-deuzim-e-do-suplente-ze-domingos-e-reforca-sua-pre-candidatura-a-prefeitura-de-santana-do-piaui\/#article\",\"isPartOf\":{\"@id\":\"https:\/\/noticiaempauta.com\/portal\/joao-guilherme-recebe-apoio-do-vereador-deuzim-e-do-suplente-ze-domingos-e-reforca-sua-pre-candidatura-a-prefeitura-de-santana-do-piaui\/\"},\"author\":{\"name\":\"Reda\u00e7\u00e3o\",\"@id\":\"https:\/\/noticiaempauta.com\/portal\/#\/schema\/person\/a74af43dd1ab3deca45f988c717d57ac\"},\"headline\":\"Jo\u00e3o Guilherme recebe apoio do vereador Deuzim e do suplente Z\u00e9 Domingos e refor\u00e7a sua pr\u00e9-candidatura \u00e0 prefeitura de Santana do Piau\u00ed\",\"datePublished\":\"2024-01-31T10:56:01+00:00\",\"dateModified\":\"2024-01-31T13:18:11+00:00\",\"mainEntityOfPage\":{\"@id\":\"https:\/\/noticiaempauta.com\/portal\/joao-guilherme-recebe-apoio-do-vereador-deuzim-e-do-suplente-ze-domingos-e-reforca-sua-pre-candidatura-a-prefeitura-de-santana-do-piaui\/\"},\"wordCount\":211,\"commentCount\":0,\"publisher\":{\"@id\":\"https:\/\/noticiaempauta.com\/portal\/#organization\"},\"image\":{\"@id\":\"https:\/\/noticiaempauta.com\/portal\/joao-guilherme-recebe-apoio-do-vereador-deuzim-e-do-suplente-ze-domingos-e-reforca-sua-pre-candidatura-a-prefeitura-de-santana-do-piaui\/#primaryimage\"},\"thumbnailUrl\":\"https:\/\/noticiaempauta.com\/portal\/wp-content\/uploads\/2024\/01\/A8288794-465A-4358-9463-668B8D7DB5D4-scaled.jpeg\",\"keywords\":[\"destaqueprincipal\"],\"articleSection\":[\"Destaques\",\"Munic\u00edpios\",\"Pol\u00edtica\",\"Todas as Not\u00edcias\"],\"inLanguage\":\"pt-BR\",\"potentialAction\":[{\"@type\":\"CommentAction\",\"name\":\"Comment\",\"target\":[\"https:\/\/noticiaempauta.com\/portal\/joao-guilherme-recebe-apoio-do-vereador-deuzim-e-do-suplente-ze-domingos-e-reforca-sua-pre-candidatura-a-prefeitura-de-santana-do-piaui\/#respond\"]}]},{\"@type\":\"WebPage\",\"@id\":\"https:\/\/noticiaempauta.com\/portal\/joao-guilherme-recebe-apoio-do-vereador-deuzim-e-do-suplente-ze-domingos-e-reforca-sua-pre-candidatura-a-prefeitura-de-santana-do-piaui\/\",\"url\":\"https:\/\/noticiaempauta.com\/portal\/joao-guilherme-recebe-apoio-do-vereador-deuzim-e-do-suplente-ze-domingos-e-reforca-sua-pre-candidatura-a-prefeitura-de-santana-do-piaui\/\",\"name\":\"Jo\u00e3o Guilherme recebe apoio do vereador Deuzim e do suplente Z\u00e9 Domingos e refor\u00e7a sua pr\u00e9-candidatura \u00e0 prefeitura de Santana do Piau\u00ed - Portal Not\u00edcia em Pauta\",\"isPartOf\":{\"@id\":\"https:\/\/noticiaempauta.com\/portal\/#website\"},\"primaryImageOfPage\":{\"@id\":\"https:\/\/noticiaempauta.com\/portal\/joao-guilherme-recebe-apoio-do-vereador-deuzim-e-do-suplente-ze-domingos-e-reforca-sua-pre-candidatura-a-prefeitura-de-santana-do-piaui\/#primaryimage\"},\"image\":{\"@id\":\"https:\/\/noticiaempauta.com\/portal\/joao-guilherme-recebe-apoio-do-vereador-deuzim-e-do-suplente-ze-domingos-e-reforca-sua-pre-candidatura-a-prefeitura-de-santana-do-piaui\/#primaryimage\"},\"thumbnailUrl\":\"https:\/\/noticiaempauta.com\/portal\/wp-content\/uploads\/2024\/01\/A8288794-465A-4358-9463-668B8D7DB5D4-scaled.jpeg\",\"datePublished\":\"2024-01-31T10:56:01+00:00\",\"dateModified\":\"2024-01-31T13:18:11+00:00\",\"breadcrumb\":{\"@id\":\"https:\/\/noticiaempauta.com\/portal\/joao-guilherme-recebe-apoio-do-vereador-deuzim-e-do-suplente-ze-domingos-e-reforca-sua-pre-candidatura-a-prefeitura-de-santana-do-piaui\/#breadcrumb\"},\"inLanguage\":\"pt-BR\",\"potentialAction\":[{\"@type\":\"ReadAction\",\"target\":[\"https:\/\/noticiaempauta.com\/portal\/joao-guilherme-recebe-apoio-do-vereador-deuzim-e-do-suplente-ze-domingos-e-reforca-sua-pre-candidatura-a-prefeitura-de-santana-do-piaui\/\"]}]},{\"@type\":\"ImageObject\",\"inLanguage\":\"pt-BR\",\"@id\":\"https:\/\/noticiaempauta.com\/portal\/joao-guilherme-recebe-apoio-do-vereador-deuzim-e-do-suplente-ze-domingos-e-reforca-sua-pre-candidatura-a-prefeitura-de-santana-do-piaui\/#primaryimage\",\"url\":\"https:\/\/noticiaempauta.com\/portal\/wp-content\/uploads\/2024\/01\/A8288794-465A-4358-9463-668B8D7DB5D4-scaled.jpeg\",\"contentUrl\":\"https:\/\/noticiaempauta.com\/portal\/wp-content\/uploads\/2024\/01\/A8288794-465A-4358-9463-668B8D7DB5D4-scaled.jpeg\",\"width\":2560,\"height\":1769},{\"@type\":\"BreadcrumbList\",\"@id\":\"https:\/\/noticiaempauta.com\/portal\/joao-guilherme-recebe-apoio-do-vereador-deuzim-e-do-suplente-ze-domingos-e-reforca-sua-pre-candidatura-a-prefeitura-de-santana-do-piaui\/#breadcrumb\",\"itemListElement\":[{\"@type\":\"ListItem\",\"position\":1,\"name\":\"P\u00e1gina Inicial\",\"item\":\"https:\/\/noticiaempauta.com\/portal\/\"},{\"@type\":\"ListItem\",\"position\":2,\"name\":\"Munic\u00edpios\",\"item\":\"https:\/\/noticiaempauta.com\/portal\/municipios\/\"},{\"@type\":\"ListItem\",\"position\":3,\"name\":\"Jo\u00e3o Guilherme recebe apoio do vereador Deuzim e do suplente Z\u00e9 Domingos e refor\u00e7a sua pr\u00e9-candidatura \u00e0 prefeitura de Santana do Piau\u00ed\"}]},{\"@type\":\"WebSite\",\"@id\":\"https:\/\/noticiaempauta.com\/portal\/#website\",\"url\":\"https:\/\/noticiaempauta.com\/portal\/\",\"name\":\"Portal Not\u00edcia em Pauta\",\"description\":\"Voc\u00ea bem informado\",\"publisher\":{\"@id\":\"https:\/\/noticiaempauta.com\/portal\/#organization\"},\"potentialAction\":[{\"@type\":\"SearchAction\",\"target\":{\"@type\":\"EntryPoint\",\"urlTemplate\":\"https:\/\/noticiaempauta.com\/portal\/?s={search_term_string}\"},\"query-input\":{\"@type\":\"PropertyValueSpecification\",\"valueRequired\":true,\"valueName\":\"search_term_string\"}}],\"inLanguage\":\"pt-BR\"},{\"@type\":\"Organization\",\"@id\":\"https:\/\/noticiaempauta.com\/portal\/#organization\",\"name\":\"Portal Not\u00edcia em Pauta\",\"url\":\"https:\/\/noticiaempauta.com\/portal\/\",\"logo\":{\"@type\":\"ImageObject\",\"inLanguage\":\"pt-BR\",\"@id\":\"https:\/\/noticiaempauta.com\/portal\/#\/schema\/logo\/image\/\",\"url\":\"https:\/\/noticiaempauta.com\/portal\/wp-content\/uploads\/2022\/08\/logomarca_tema.fw_.png\",\"contentUrl\":\"https:\/\/noticiaempauta.com\/portal\/wp-content\/uploads\/2022\/08\/logomarca_tema.fw_.png\",\"width\":400,\"height\":232,\"caption\":\"Portal Not\u00edcia em Pauta\"},\"image\":{\"@id\":\"https:\/\/noticiaempauta.com\/portal\/#\/schema\/logo\/image\/\"},\"sameAs\":[\"https:\/\/www.facebook.com\/Portal-Notcia-Em-Pauta-102292869264820\/\",\"https:\/\/www.instagram.com\/portalnoticiaempauta\/\"]},{\"@type\":\"Person\",\"@id\":\"https:\/\/noticiaempauta.com\/portal\/#\/schema\/person\/a74af43dd1ab3deca45f988c717d57ac\",\"name\":\"Reda\u00e7\u00e3o\",\"image\":{\"@type\":\"ImageObject\",\"inLanguage\":\"pt-BR\",\"@id\":\"https:\/\/noticiaempauta.com\/portal\/#\/schema\/person\/image\/\",\"url\":\"https:\/\/secure.gravatar.com\/avatar\/03179346ecce6cdfc13361603e8f54242a90e5cde8618fa23c5c00aa2b0aadf3?s=96&d=mm&r=g\",\"contentUrl\":\"https:\/\/secure.gravatar.com\/avatar\/03179346ecce6cdfc13361603e8f54242a90e5cde8618fa23c5c00aa2b0aadf3?s=96&d=mm&r=g\",\"caption\":\"Reda\u00e7\u00e3o\"},\"sameAs\":[\"https:\/\/noticiaempauta.com\/portal\/\"],\"url\":\"https:\/\/noticiaempauta.com\/portal\/author\/fernando\/\"}]}<\/script>\n<!-- \/ Yoast SEO Premium plugin. -->","yoast_head_json":{"title":"Jo\u00e3o Guilherme recebe apoio do vereador Deuzim e do suplente Z\u00e9 Domingos e refor\u00e7a sua pr\u00e9-candidatura \u00e0 prefeitura de Santana do Piau\u00ed - Portal Not\u00edcia em Pauta","robots":{"index":"index","follow":"follow","max-snippet":"max-snippet:-1","max-image-preview":"max-image-preview:large","max-video-preview":"max-video-preview:-1"},"canonical":"https:\/\/noticiaempauta.com\/portal\/joao-guilherme-recebe-apoio-do-vereador-deuzim-e-do-suplente-ze-domingos-e-reforca-sua-pre-candidatura-a-prefeitura-de-santana-do-piaui\/","og_locale":"pt_BR","og_type":"article","og_title":"Jo\u00e3o Guilherme recebe apoio do vereador Deuzim e do suplente Z\u00e9 Domingos e refor\u00e7a sua pr\u00e9-candidatura \u00e0 prefeitura de Santana do Piau\u00ed","og_description":"O pr\u00e9-candidato \u00e0 Prefeitura de Santana do Piau\u00ed, vereador Jo\u00e3o Guilherme (MDB), recebeu nesta segunda-feira (29), um importante refor\u00e7o em sua pr\u00e9-campanha com a ades\u00e3o do vereador Deuzim e do suplente de vereador Z\u00e9 Domingos, que deixam a base da prefeita Maria Jos\u00e9, passando a somar for\u00e7as em apoio a pr\u00e9-candidatura a prefeito pela oposi\u00e7\u00e3o [&hellip;]","og_url":"https:\/\/noticiaempauta.com\/portal\/joao-guilherme-recebe-apoio-do-vereador-deuzim-e-do-suplente-ze-domingos-e-reforca-sua-pre-candidatura-a-prefeitura-de-santana-do-piaui\/","og_site_name":"Portal Not\u00edcia em Pauta","article_publisher":"https:\/\/www.facebook.com\/Portal-Notcia-Em-Pauta-102292869264820\/","article_published_time":"2024-01-31T10:56:01+00:00","article_modified_time":"2024-01-31T13:18:11+00:00","og_image":[{"width":2560,"height":1769,"url":"https:\/\/noticiaempauta.com\/portal\/wp-content\/uploads\/2024\/01\/A8288794-465A-4358-9463-668B8D7DB5D4-scaled.jpeg","type":"image\/jpeg"}],"author":"Reda\u00e7\u00e3o","twitter_card":"summary_large_image","twitter_misc":{"Escrito por":"Reda\u00e7\u00e3o","Est. tempo de leitura":"2 minutos"},"schema":{"@context":"https:\/\/schema.org","@graph":[{"@type":"Article","@id":"https:\/\/noticiaempauta.com\/portal\/joao-guilherme-recebe-apoio-do-vereador-deuzim-e-do-suplente-ze-domingos-e-reforca-sua-pre-candidatura-a-prefeitura-de-santana-do-piaui\/#article","isPartOf":{"@id":"https:\/\/noticiaempauta.com\/portal\/joao-guilherme-recebe-apoio-do-vereador-deuzim-e-do-suplente-ze-domingos-e-reforca-sua-pre-candidatura-a-prefeitura-de-santana-do-piaui\/"},"author":{"name":"Reda\u00e7\u00e3o","@id":"https:\/\/noticiaempauta.com\/portal\/#\/schema\/person\/a74af43dd1ab3deca45f988c717d57ac"},"headline":"Jo\u00e3o Guilherme recebe apoio do vereador Deuzim e do suplente Z\u00e9 Domingos e refor\u00e7a sua pr\u00e9-candidatura \u00e0 prefeitura de Santana do Piau\u00ed","datePublished":"2024-01-31T10:56:01+00:00","dateModified":"2024-01-31T13:18:11+00:00","mainEntityOfPage":{"@id":"https:\/\/noticiaempauta.com\/portal\/joao-guilherme-recebe-apoio-do-vereador-deuzim-e-do-suplente-ze-domingos-e-reforca-sua-pre-candidatura-a-prefeitura-de-santana-do-piaui\/"},"wordCount":211,"commentCount":0,"publisher":{"@id":"https:\/\/noticiaempauta.com\/portal\/#organization"},"image":{"@id":"https:\/\/noticiaempauta.com\/portal\/joao-guilherme-recebe-apoio-do-vereador-deuzim-e-do-suplente-ze-domingos-e-reforca-sua-pre-candidatura-a-prefeitura-de-santana-do-piaui\/#primaryimage"},"thumbnailUrl":"https:\/\/noticiaempauta.com\/portal\/wp-content\/uploads\/2024\/01\/A8288794-465A-4358-9463-668B8D7DB5D4-scaled.jpeg","keywords":["destaqueprincipal"],"articleSection":["Destaques","Munic\u00edpios","Pol\u00edtica","Todas as Not\u00edcias"],"inLanguage":"pt-BR","potentialAction":[{"@type":"CommentAction","name":"Comment","target":["https:\/\/noticiaempauta.com\/portal\/joao-guilherme-recebe-apoio-do-vereador-deuzim-e-do-suplente-ze-domingos-e-reforca-sua-pre-candidatura-a-prefeitura-de-santana-do-piaui\/#respond"]}]},{"@type":"WebPage","@id":"https:\/\/noticiaempauta.com\/portal\/joao-guilherme-recebe-apoio-do-vereador-deuzim-e-do-suplente-ze-domingos-e-reforca-sua-pre-candidatura-a-prefeitura-de-santana-do-piaui\/","url":"https:\/\/noticiaempauta.com\/portal\/joao-guilherme-recebe-apoio-do-vereador-deuzim-e-do-suplente-ze-domingos-e-reforca-sua-pre-candidatura-a-prefeitura-de-santana-do-piaui\/","name":"Jo\u00e3o Guilherme recebe apoio do vereador Deuzim e do suplente Z\u00e9 Domingos e refor\u00e7a sua pr\u00e9-candidatura \u00e0 prefeitura de Santana do Piau\u00ed - Portal Not\u00edcia em Pauta","isPartOf":{"@id":"https:\/\/noticiaempauta.com\/portal\/#website"},"primaryImageOfPage":{"@id":"https:\/\/noticiaempauta.com\/portal\/joao-guilherme-recebe-apoio-do-vereador-deuzim-e-do-suplente-ze-domingos-e-reforca-sua-pre-candidatura-a-prefeitura-de-santana-do-piaui\/#primaryimage"},"image":{"@id":"https:\/\/noticiaempauta.com\/portal\/joao-guilherme-recebe-apoio-do-vereador-deuzim-e-do-suplente-ze-domingos-e-reforca-sua-pre-candidatura-a-prefeitura-de-santana-do-piaui\/#primaryimage"},"thumbnailUrl":"https:\/\/noticiaempauta.com\/portal\/wp-content\/uploads\/2024\/01\/A8288794-465A-4358-9463-668B8D7DB5D4-scaled.jpeg","datePublished":"2024-01-31T10:56:01+00:00","dateModified":"2024-01-31T13:18:11+00:00","breadcrumb":{"@id":"https:\/\/noticiaempauta.com\/portal\/joao-guilherme-recebe-apoio-do-vereador-deuzim-e-do-suplente-ze-domingos-e-reforca-sua-pre-candidatura-a-prefeitura-de-santana-do-piaui\/#breadcrumb"},"inLanguage":"pt-BR","potentialAction":[{"@type":"ReadAction","target":["https:\/\/noticiaempauta.com\/portal\/joao-guilherme-recebe-apoio-do-vereador-deuzim-e-do-suplente-ze-domingos-e-reforca-sua-pre-candidatura-a-prefeitura-de-santana-do-piaui\/"]}]},{"@type":"ImageObject","inLanguage":"pt-BR","@id":"https:\/\/noticiaempauta.com\/portal\/joao-guilherme-recebe-apoio-do-vereador-deuzim-e-do-suplente-ze-domingos-e-reforca-sua-pre-candidatura-a-prefeitura-de-santana-do-piaui\/#primaryimage","url":"https:\/\/noticiaempauta.com\/portal\/wp-content\/uploads\/2024\/01\/A8288794-465A-4358-9463-668B8D7DB5D4-scaled.jpeg","contentUrl":"https:\/\/noticiaempauta.com\/portal\/wp-content\/uploads\/2024\/01\/A8288794-465A-4358-9463-668B8D7DB5D4-scaled.jpeg","width":2560,"height":1769},{"@type":"BreadcrumbList","@id":"https:\/\/noticiaempauta.com\/portal\/joao-guilherme-recebe-apoio-do-vereador-deuzim-e-do-suplente-ze-domingos-e-reforca-sua-pre-candidatura-a-prefeitura-de-santana-do-piaui\/#breadcrumb","itemListElement":[{"@type":"ListItem","position":1,"name":"P\u00e1gina Inicial","item":"https:\/\/noticiaempauta.com\/portal\/"},{"@type":"ListItem","position":2,"name":"Munic\u00edpios","item":"https:\/\/noticiaempauta.com\/portal\/municipios\/"},{"@type":"ListItem","position":3,"name":"Jo\u00e3o Guilherme recebe apoio do vereador Deuzim e do suplente Z\u00e9 Domingos e refor\u00e7a sua pr\u00e9-candidatura \u00e0 prefeitura de Santana do Piau\u00ed"}]},{"@type":"WebSite","@id":"https:\/\/noticiaempauta.com\/portal\/#website","url":"https:\/\/noticiaempauta.com\/portal\/","name":"Portal Not\u00edcia em Pauta","description":"Voc\u00ea bem informado","publisher":{"@id":"https:\/\/noticiaempauta.com\/portal\/#organization"},"potentialAction":[{"@type":"SearchAction","target":{"@type":"EntryPoint","urlTemplate":"https:\/\/noticiaempauta.com\/portal\/?s={search_term_string}"},"query-input":{"@type":"PropertyValueSpecification","valueRequired":true,"valueName":"search_term_string"}}],"inLanguage":"pt-BR"},{"@type":"Organization","@id":"https:\/\/noticiaempauta.com\/portal\/#organization","name":"Portal Not\u00edcia em Pauta","url":"https:\/\/noticiaempauta.com\/portal\/","logo":{"@type":"ImageObject","inLanguage":"pt-BR","@id":"https:\/\/noticiaempauta.com\/portal\/#\/schema\/logo\/image\/","url":"https:\/\/noticiaempauta.com\/portal\/wp-content\/uploads\/2022\/08\/logomarca_tema.fw_.png","contentUrl":"https:\/\/noticiaempauta.com\/portal\/wp-content\/uploads\/2022\/08\/logomarca_tema.fw_.png","width":400,"height":232,"caption":"Portal Not\u00edcia em Pauta"},"image":{"@id":"https:\/\/noticiaempauta.com\/portal\/#\/schema\/logo\/image\/"},"sameAs":["https:\/\/www.facebook.com\/Portal-Notcia-Em-Pauta-102292869264820\/","https:\/\/www.instagram.com\/portalnoticiaempauta\/"]},{"@type":"Person","@id":"https:\/\/noticiaempauta.com\/portal\/#\/schema\/person\/a74af43dd1ab3deca45f988c717d57ac","name":"Reda\u00e7\u00e3o","image":{"@type":"ImageObject","inLanguage":"pt-BR","@id":"https:\/\/noticiaempauta.com\/portal\/#\/schema\/person\/image\/","url":"https:\/\/secure.gravatar.com\/avatar\/03179346ecce6cdfc13361603e8f54242a90e5cde8618fa23c5c00aa2b0aadf3?s=96&d=mm&r=g","contentUrl":"https:\/\/secure.gravatar.com\/avatar\/03179346ecce6cdfc13361603e8f54242a90e5cde8618fa23c5c00aa2b0aadf3?s=96&d=mm&r=g","caption":"Reda\u00e7\u00e3o"},"sameAs":["https:\/\/noticiaempauta.com\/portal\/"],"url":"https:\/\/noticiaempauta.com\/portal\/author\/fernando\/"}]}},"_links":{"self":[{"href":"https:\/\/noticiaempauta.com\/portal\/wp-json\/wp\/v2\/posts\/254188","targetHints":{"allow":["GET"]}}],"collection":[{"href":"https:\/\/noticiaempauta.com\/portal\/wp-json\/wp\/v2\/posts"}],"about":[{"href":"https:\/\/noticiaempauta.com\/portal\/wp-json\/wp\/v2\/types\/post"}],"author":[{"embeddable":true,"href":"https:\/\/noticiaempauta.com\/portal\/wp-json\/wp\/v2\/users\/2"}],"replies":[{"embeddable":true,"href":"https:\/\/noticiaempauta.com\/portal\/wp-json\/wp\/v2\/comments?post=254188"}],"version-history":[{"count":2,"href":"https:\/\/noticiaempauta.com\/portal\/wp-json\/wp\/v2\/posts\/254188\/revisions"}],"predecessor-version":[{"id":254195,"href":"https:\/\/noticiaempauta.com\/portal\/wp-json\/wp\/v2\/posts\/254188\/revisions\/254195"}],"wp:featuredmedia":[{"embeddable":true,"href":"https:\/\/noticiaempauta.com\/portal\/wp-json\/wp\/v2\/media\/254192"}],"wp:attachment":[{"href":"https:\/\/noticiaempauta.com\/portal\/wp-json\/wp\/v2\/media?parent=254188"}],"wp:term":[{"taxonomy":"category","embeddable":true,"href":"https:\/\/noticiaempauta.com\/portal\/wp-json\/wp\/v2\/categories?post=254188"},{"taxonomy":"post_tag","embeddable":true,"href":"https:\/\/noticiaempauta.com\/portal\/wp-json\/wp\/v2\/tags?post=254188"}],"curies":[{"name":"wp","href":"https:\/\/api.w.org\/{rel}","templated":true}]}}