{"id":254197,"date":"2024-01-31T08:34:14","date_gmt":"2024-01-31T11:34:14","guid":{"rendered":"https:\/\/noticiaempauta.com\/portal\/?p=254197"},"modified":"2024-01-31T08:34:16","modified_gmt":"2024-01-31T11:34:16","slug":"ze-neri-e-xandu-comentam-rompimento-politico-com-gil-paraibano","status":"publish","type":"post","link":"https:\/\/noticiaempauta.com\/portal\/ze-neri-e-xandu-comentam-rompimento-politico-com-gil-paraibano\/","title":{"rendered":"Z\u00e9 Neri e Xand\u00fa comentam rompimento pol\u00edtico com Gil Paraibano"},"content":{"rendered":"\n<p>A vice-prefeita Maria Cec\u00edlia Lavor Neri, mais conhecida por Xand\u00fa Neri (PT), acompanhada do seu pai o ex-prefeito de Picos Jos\u00e9 Neri de Sousa, concederam entrevista coletiva na tarde desta ter\u00e7a-feira (30), e comentaram o rompimento pol\u00edtico com o prefeito Gil Paraibano. O an\u00fancio do fim da parceria teria ocorrido horas antes feito pelo o prefeito Gil Paraibano (Progressistas) e o secret\u00e1rio de Sa\u00fade e filho do gestor. Aldo Gil (Progressistas).<\/p>\n\n\n\n<figure class=\"wp-block-image size-full\"><img fetchpriority=\"high\" decoding=\"async\" width=\"640\" height=\"480\" src=\"https:\/\/noticiaempauta.com\/portal\/wp-content\/uploads\/2024\/01\/WhatsApp-Image-2024-01-30-at-17.47.57.jpeg\" alt=\"\" class=\"wp-image-254200\" srcset=\"https:\/\/noticiaempauta.com\/portal\/wp-content\/uploads\/2024\/01\/WhatsApp-Image-2024-01-30-at-17.47.57.jpeg 640w, https:\/\/noticiaempauta.com\/portal\/wp-content\/uploads\/2024\/01\/WhatsApp-Image-2024-01-30-at-17.47.57-300x225.jpeg 300w\" sizes=\"(max-width: 640px) 100vw, 640px\" \/><\/figure>\n\n\n\n<p>Segundo a petista, o grupo recebeu a not\u00edcia com muita surpresa, j\u00e1 que segundo ela, havia um entendimento que o deputado Nerinho (PT) estava em tratativa com o governador Rafael Fonteles (PT), e s\u00f3 ent\u00e3o ap\u00f3s a conversa, decidiria a posi\u00e7\u00e3o do partido para a elei\u00e7\u00e3o deste ano.<\/p>\n\n\n\n<figure class=\"wp-block-image size-full\"><img decoding=\"async\" width=\"640\" height=\"485\" src=\"https:\/\/noticiaempauta.com\/portal\/wp-content\/uploads\/2024\/01\/WhatsApp-Image-2024-01-30-at-18.53.49-1.jpeg\" alt=\"\" class=\"wp-image-254199\" srcset=\"https:\/\/noticiaempauta.com\/portal\/wp-content\/uploads\/2024\/01\/WhatsApp-Image-2024-01-30-at-18.53.49-1.jpeg 640w, https:\/\/noticiaempauta.com\/portal\/wp-content\/uploads\/2024\/01\/WhatsApp-Image-2024-01-30-at-18.53.49-1-300x227.jpeg 300w\" sizes=\"(max-width: 640px) 100vw, 640px\" \/><\/figure>\n\n\n\n<p>\u201cEu diria que fomos pegos de surpresa, pois saibamos que quem estava conduzindo as negocia\u00e7\u00f5es era o deputado Nerinho. Mas estamos tranquilos e queremos aqui agradecer a acolhida que tivemos enquanto fizemos parte do projeto do prefeito\u201d, salientou.<\/p>\n\n\n\n<figure class=\"wp-block-image size-full\"><img decoding=\"async\" width=\"640\" height=\"468\" src=\"https:\/\/noticiaempauta.com\/portal\/wp-content\/uploads\/2024\/01\/WhatsApp-Image-2024-01-30-at-18.53.49.jpeg\" alt=\"\" class=\"wp-image-254201\" srcset=\"https:\/\/noticiaempauta.com\/portal\/wp-content\/uploads\/2024\/01\/WhatsApp-Image-2024-01-30-at-18.53.49.jpeg 640w, https:\/\/noticiaempauta.com\/portal\/wp-content\/uploads\/2024\/01\/WhatsApp-Image-2024-01-30-at-18.53.49-300x219.jpeg 300w\" sizes=\"(max-width: 640px) 100vw, 640px\" \/><\/figure>\n\n\n\n<p>O prefeito Z\u00e9 Neri tamb\u00e9m ponderou sobre assunto e reafirmou o que foi dito pela vice-prefeita. O ex-gestor afirmou que apesar da boa rela\u00e7\u00e3o que tem com o prefeito, o seu grupo foi colocado para fora de forma brusca. \u201cEu confesso que fiquei surpreso. Se ouvia falar hist\u00f3ria de ouvir dizer, mas hoje fui surpreendido pelo deputado Aldo Gil e seu assessor Edivan, de que n\u00f3s a partir do dia primeiro n\u00f3s estamos fora da prefeitura. Mas quero dizer apesar disso, n\u00e3o ficam ressentimentos, mas quando somos jogados para fora de uma casa, s\u00f3 resta sair\u201d, disse ele.<\/p>\n\n\n\n<p>Acompanharam a entrevista a vereadora Dalva Moc\u00f3, os suplentes de vereador Mat\u00e9, Matusal\u00e9m Almeida e Valmir Santos e outras lideran\u00e7as pol\u00edticas.<\/p>\n\n\n\n<p><em>Fonte: Portal Grande Picos<\/em><\/p>\n","protected":false},"excerpt":{"rendered":"<p>A vice-prefeita Maria Cec\u00edlia Lavor Neri, mais conhecida por Xand\u00fa Neri (PT), acompanhada do seu pai o ex-prefeito de Picos Jos\u00e9 Neri de Sousa, concederam entrevista coletiva na tarde desta ter\u00e7a-feira (30), e comentaram o rompimento pol\u00edtico com o prefeito Gil Paraibano. O an\u00fancio do fim da parceria teria ocorrido horas antes feito pelo o [&hellip;]<\/p>\n","protected":false},"author":2,"featured_media":254199,"comment_status":"open","ping_status":"open","sticky":false,"template":"","format":"standard","meta":{"_mi_skip_tracking":false,"footnotes":""},"categories":[25,1,3,16],"tags":[192],"class_list":["post-254197","post","type-post","status-publish","format-standard","has-post-thumbnail","hentry","category-destaques-site","category-geral","category-politica","category-todas","tag-destaqueprincipal"],"acf":[],"yoast_head":"<!-- This site is optimized with the Yoast SEO Premium plugin v19.2 (Yoast SEO v26.9) - https:\/\/yoast.com\/product\/yoast-seo-premium-wordpress\/ -->\n<title>Z\u00e9 Neri e Xand\u00fa comentam rompimento pol\u00edtico com Gil Paraibano - Portal Not\u00edcia em Pauta<\/title>\n<meta name=\"robots\" content=\"index, follow, max-snippet:-1, max-image-preview:large, max-video-preview:-1\" \/>\n<link rel=\"canonical\" href=\"https:\/\/noticiaempauta.com\/portal\/ze-neri-e-xandu-comentam-rompimento-politico-com-gil-paraibano\/\" \/>\n<meta property=\"og:locale\" content=\"pt_BR\" \/>\n<meta property=\"og:type\" content=\"article\" \/>\n<meta property=\"og:title\" content=\"Z\u00e9 Neri e Xand\u00fa comentam rompimento pol\u00edtico com Gil Paraibano\" \/>\n<meta property=\"og:description\" content=\"A vice-prefeita Maria Cec\u00edlia Lavor Neri, mais conhecida por Xand\u00fa Neri (PT), acompanhada do seu pai o ex-prefeito de Picos Jos\u00e9 Neri de Sousa, concederam entrevista coletiva na tarde desta ter\u00e7a-feira (30), e comentaram o rompimento pol\u00edtico com o prefeito Gil Paraibano. O an\u00fancio do fim da parceria teria ocorrido horas antes feito pelo o [&hellip;]\" \/>\n<meta property=\"og:url\" content=\"https:\/\/noticiaempauta.com\/portal\/ze-neri-e-xandu-comentam-rompimento-politico-com-gil-paraibano\/\" \/>\n<meta property=\"og:site_name\" content=\"Portal Not\u00edcia em Pauta\" \/>\n<meta property=\"article:publisher\" content=\"https:\/\/www.facebook.com\/Portal-Notcia-Em-Pauta-102292869264820\/\" \/>\n<meta property=\"article:published_time\" content=\"2024-01-31T11:34:14+00:00\" \/>\n<meta property=\"article:modified_time\" content=\"2024-01-31T11:34:16+00:00\" \/>\n<meta property=\"og:image\" content=\"https:\/\/noticiaempauta.com\/portal\/wp-content\/uploads\/2024\/01\/WhatsApp-Image-2024-01-30-at-18.53.49-1.jpeg\" \/>\n\t<meta property=\"og:image:width\" content=\"640\" \/>\n\t<meta property=\"og:image:height\" content=\"485\" \/>\n\t<meta property=\"og:image:type\" content=\"image\/jpeg\" \/>\n<meta name=\"author\" content=\"Reda\u00e7\u00e3o\" \/>\n<meta name=\"twitter:card\" content=\"summary_large_image\" \/>\n<meta name=\"twitter:label1\" content=\"Escrito por\" \/>\n\t<meta name=\"twitter:data1\" content=\"Reda\u00e7\u00e3o\" \/>\n\t<meta name=\"twitter:label2\" content=\"Est. tempo de leitura\" \/>\n\t<meta name=\"twitter:data2\" content=\"3 minutos\" \/>\n<script type=\"application\/ld+json\" class=\"yoast-schema-graph\">{\"@context\":\"https:\/\/schema.org\",\"@graph\":[{\"@type\":\"Article\",\"@id\":\"https:\/\/noticiaempauta.com\/portal\/ze-neri-e-xandu-comentam-rompimento-politico-com-gil-paraibano\/#article\",\"isPartOf\":{\"@id\":\"https:\/\/noticiaempauta.com\/portal\/ze-neri-e-xandu-comentam-rompimento-politico-com-gil-paraibano\/\"},\"author\":{\"name\":\"Reda\u00e7\u00e3o\",\"@id\":\"https:\/\/noticiaempauta.com\/portal\/#\/schema\/person\/a74af43dd1ab3deca45f988c717d57ac\"},\"headline\":\"Z\u00e9 Neri e Xand\u00fa comentam rompimento pol\u00edtico com Gil Paraibano\",\"datePublished\":\"2024-01-31T11:34:14+00:00\",\"dateModified\":\"2024-01-31T11:34:16+00:00\",\"mainEntityOfPage\":{\"@id\":\"https:\/\/noticiaempauta.com\/portal\/ze-neri-e-xandu-comentam-rompimento-politico-com-gil-paraibano\/\"},\"wordCount\":311,\"commentCount\":0,\"publisher\":{\"@id\":\"https:\/\/noticiaempauta.com\/portal\/#organization\"},\"image\":{\"@id\":\"https:\/\/noticiaempauta.com\/portal\/ze-neri-e-xandu-comentam-rompimento-politico-com-gil-paraibano\/#primaryimage\"},\"thumbnailUrl\":\"https:\/\/noticiaempauta.com\/portal\/wp-content\/uploads\/2024\/01\/WhatsApp-Image-2024-01-30-at-18.53.49-1.jpeg\",\"keywords\":[\"destaqueprincipal\"],\"articleSection\":[\"Destaques\",\"Geral\",\"Pol\u00edtica\",\"Todas as Not\u00edcias\"],\"inLanguage\":\"pt-BR\",\"potentialAction\":[{\"@type\":\"CommentAction\",\"name\":\"Comment\",\"target\":[\"https:\/\/noticiaempauta.com\/portal\/ze-neri-e-xandu-comentam-rompimento-politico-com-gil-paraibano\/#respond\"]}]},{\"@type\":\"WebPage\",\"@id\":\"https:\/\/noticiaempauta.com\/portal\/ze-neri-e-xandu-comentam-rompimento-politico-com-gil-paraibano\/\",\"url\":\"https:\/\/noticiaempauta.com\/portal\/ze-neri-e-xandu-comentam-rompimento-politico-com-gil-paraibano\/\",\"name\":\"Z\u00e9 Neri e Xand\u00fa comentam rompimento pol\u00edtico com Gil Paraibano - Portal Not\u00edcia em Pauta\",\"isPartOf\":{\"@id\":\"https:\/\/noticiaempauta.com\/portal\/#website\"},\"primaryImageOfPage\":{\"@id\":\"https:\/\/noticiaempauta.com\/portal\/ze-neri-e-xandu-comentam-rompimento-politico-com-gil-paraibano\/#primaryimage\"},\"image\":{\"@id\":\"https:\/\/noticiaempauta.com\/portal\/ze-neri-e-xandu-comentam-rompimento-politico-com-gil-paraibano\/#primaryimage\"},\"thumbnailUrl\":\"https:\/\/noticiaempauta.com\/portal\/wp-content\/uploads\/2024\/01\/WhatsApp-Image-2024-01-30-at-18.53.49-1.jpeg\",\"datePublished\":\"2024-01-31T11:34:14+00:00\",\"dateModified\":\"2024-01-31T11:34:16+00:00\",\"breadcrumb\":{\"@id\":\"https:\/\/noticiaempauta.com\/portal\/ze-neri-e-xandu-comentam-rompimento-politico-com-gil-paraibano\/#breadcrumb\"},\"inLanguage\":\"pt-BR\",\"potentialAction\":[{\"@type\":\"ReadAction\",\"target\":[\"https:\/\/noticiaempauta.com\/portal\/ze-neri-e-xandu-comentam-rompimento-politico-com-gil-paraibano\/\"]}]},{\"@type\":\"ImageObject\",\"inLanguage\":\"pt-BR\",\"@id\":\"https:\/\/noticiaempauta.com\/portal\/ze-neri-e-xandu-comentam-rompimento-politico-com-gil-paraibano\/#primaryimage\",\"url\":\"https:\/\/noticiaempauta.com\/portal\/wp-content\/uploads\/2024\/01\/WhatsApp-Image-2024-01-30-at-18.53.49-1.jpeg\",\"contentUrl\":\"https:\/\/noticiaempauta.com\/portal\/wp-content\/uploads\/2024\/01\/WhatsApp-Image-2024-01-30-at-18.53.49-1.jpeg\",\"width\":640,\"height\":485},{\"@type\":\"BreadcrumbList\",\"@id\":\"https:\/\/noticiaempauta.com\/portal\/ze-neri-e-xandu-comentam-rompimento-politico-com-gil-paraibano\/#breadcrumb\",\"itemListElement\":[{\"@type\":\"ListItem\",\"position\":1,\"name\":\"P\u00e1gina Inicial\",\"item\":\"https:\/\/noticiaempauta.com\/portal\/\"},{\"@type\":\"ListItem\",\"position\":2,\"name\":\"Destaques\",\"item\":\"https:\/\/noticiaempauta.com\/portal\/destaques-site\/\"},{\"@type\":\"ListItem\",\"position\":3,\"name\":\"Z\u00e9 Neri e Xand\u00fa comentam rompimento pol\u00edtico com Gil Paraibano\"}]},{\"@type\":\"WebSite\",\"@id\":\"https:\/\/noticiaempauta.com\/portal\/#website\",\"url\":\"https:\/\/noticiaempauta.com\/portal\/\",\"name\":\"Portal Not\u00edcia em Pauta\",\"description\":\"Voc\u00ea bem informado\",\"publisher\":{\"@id\":\"https:\/\/noticiaempauta.com\/portal\/#organization\"},\"potentialAction\":[{\"@type\":\"SearchAction\",\"target\":{\"@type\":\"EntryPoint\",\"urlTemplate\":\"https:\/\/noticiaempauta.com\/portal\/?s={search_term_string}\"},\"query-input\":{\"@type\":\"PropertyValueSpecification\",\"valueRequired\":true,\"valueName\":\"search_term_string\"}}],\"inLanguage\":\"pt-BR\"},{\"@type\":\"Organization\",\"@id\":\"https:\/\/noticiaempauta.com\/portal\/#organization\",\"name\":\"Portal Not\u00edcia em Pauta\",\"url\":\"https:\/\/noticiaempauta.com\/portal\/\",\"logo\":{\"@type\":\"ImageObject\",\"inLanguage\":\"pt-BR\",\"@id\":\"https:\/\/noticiaempauta.com\/portal\/#\/schema\/logo\/image\/\",\"url\":\"https:\/\/noticiaempauta.com\/portal\/wp-content\/uploads\/2022\/08\/logomarca_tema.fw_.png\",\"contentUrl\":\"https:\/\/noticiaempauta.com\/portal\/wp-content\/uploads\/2022\/08\/logomarca_tema.fw_.png\",\"width\":400,\"height\":232,\"caption\":\"Portal Not\u00edcia em Pauta\"},\"image\":{\"@id\":\"https:\/\/noticiaempauta.com\/portal\/#\/schema\/logo\/image\/\"},\"sameAs\":[\"https:\/\/www.facebook.com\/Portal-Notcia-Em-Pauta-102292869264820\/\",\"https:\/\/www.instagram.com\/portalnoticiaempauta\/\"]},{\"@type\":\"Person\",\"@id\":\"https:\/\/noticiaempauta.com\/portal\/#\/schema\/person\/a74af43dd1ab3deca45f988c717d57ac\",\"name\":\"Reda\u00e7\u00e3o\",\"image\":{\"@type\":\"ImageObject\",\"inLanguage\":\"pt-BR\",\"@id\":\"https:\/\/noticiaempauta.com\/portal\/#\/schema\/person\/image\/\",\"url\":\"https:\/\/secure.gravatar.com\/avatar\/03179346ecce6cdfc13361603e8f54242a90e5cde8618fa23c5c00aa2b0aadf3?s=96&d=mm&r=g\",\"contentUrl\":\"https:\/\/secure.gravatar.com\/avatar\/03179346ecce6cdfc13361603e8f54242a90e5cde8618fa23c5c00aa2b0aadf3?s=96&d=mm&r=g\",\"caption\":\"Reda\u00e7\u00e3o\"},\"sameAs\":[\"https:\/\/noticiaempauta.com\/portal\/\"],\"url\":\"https:\/\/noticiaempauta.com\/portal\/author\/fernando\/\"}]}<\/script>\n<!-- \/ Yoast SEO Premium plugin. -->","yoast_head_json":{"title":"Z\u00e9 Neri e Xand\u00fa comentam rompimento pol\u00edtico com Gil Paraibano - Portal Not\u00edcia em Pauta","robots":{"index":"index","follow":"follow","max-snippet":"max-snippet:-1","max-image-preview":"max-image-preview:large","max-video-preview":"max-video-preview:-1"},"canonical":"https:\/\/noticiaempauta.com\/portal\/ze-neri-e-xandu-comentam-rompimento-politico-com-gil-paraibano\/","og_locale":"pt_BR","og_type":"article","og_title":"Z\u00e9 Neri e Xand\u00fa comentam rompimento pol\u00edtico com Gil Paraibano","og_description":"A vice-prefeita Maria Cec\u00edlia Lavor Neri, mais conhecida por Xand\u00fa Neri (PT), acompanhada do seu pai o ex-prefeito de Picos Jos\u00e9 Neri de Sousa, concederam entrevista coletiva na tarde desta ter\u00e7a-feira (30), e comentaram o rompimento pol\u00edtico com o prefeito Gil Paraibano. O an\u00fancio do fim da parceria teria ocorrido horas antes feito pelo o [&hellip;]","og_url":"https:\/\/noticiaempauta.com\/portal\/ze-neri-e-xandu-comentam-rompimento-politico-com-gil-paraibano\/","og_site_name":"Portal Not\u00edcia em Pauta","article_publisher":"https:\/\/www.facebook.com\/Portal-Notcia-Em-Pauta-102292869264820\/","article_published_time":"2024-01-31T11:34:14+00:00","article_modified_time":"2024-01-31T11:34:16+00:00","og_image":[{"width":640,"height":485,"url":"https:\/\/noticiaempauta.com\/portal\/wp-content\/uploads\/2024\/01\/WhatsApp-Image-2024-01-30-at-18.53.49-1.jpeg","type":"image\/jpeg"}],"author":"Reda\u00e7\u00e3o","twitter_card":"summary_large_image","twitter_misc":{"Escrito por":"Reda\u00e7\u00e3o","Est. tempo de leitura":"3 minutos"},"schema":{"@context":"https:\/\/schema.org","@graph":[{"@type":"Article","@id":"https:\/\/noticiaempauta.com\/portal\/ze-neri-e-xandu-comentam-rompimento-politico-com-gil-paraibano\/#article","isPartOf":{"@id":"https:\/\/noticiaempauta.com\/portal\/ze-neri-e-xandu-comentam-rompimento-politico-com-gil-paraibano\/"},"author":{"name":"Reda\u00e7\u00e3o","@id":"https:\/\/noticiaempauta.com\/portal\/#\/schema\/person\/a74af43dd1ab3deca45f988c717d57ac"},"headline":"Z\u00e9 Neri e Xand\u00fa comentam rompimento pol\u00edtico com Gil Paraibano","datePublished":"2024-01-31T11:34:14+00:00","dateModified":"2024-01-31T11:34:16+00:00","mainEntityOfPage":{"@id":"https:\/\/noticiaempauta.com\/portal\/ze-neri-e-xandu-comentam-rompimento-politico-com-gil-paraibano\/"},"wordCount":311,"commentCount":0,"publisher":{"@id":"https:\/\/noticiaempauta.com\/portal\/#organization"},"image":{"@id":"https:\/\/noticiaempauta.com\/portal\/ze-neri-e-xandu-comentam-rompimento-politico-com-gil-paraibano\/#primaryimage"},"thumbnailUrl":"https:\/\/noticiaempauta.com\/portal\/wp-content\/uploads\/2024\/01\/WhatsApp-Image-2024-01-30-at-18.53.49-1.jpeg","keywords":["destaqueprincipal"],"articleSection":["Destaques","Geral","Pol\u00edtica","Todas as Not\u00edcias"],"inLanguage":"pt-BR","potentialAction":[{"@type":"CommentAction","name":"Comment","target":["https:\/\/noticiaempauta.com\/portal\/ze-neri-e-xandu-comentam-rompimento-politico-com-gil-paraibano\/#respond"]}]},{"@type":"WebPage","@id":"https:\/\/noticiaempauta.com\/portal\/ze-neri-e-xandu-comentam-rompimento-politico-com-gil-paraibano\/","url":"https:\/\/noticiaempauta.com\/portal\/ze-neri-e-xandu-comentam-rompimento-politico-com-gil-paraibano\/","name":"Z\u00e9 Neri e Xand\u00fa comentam rompimento pol\u00edtico com Gil Paraibano - Portal Not\u00edcia em Pauta","isPartOf":{"@id":"https:\/\/noticiaempauta.com\/portal\/#website"},"primaryImageOfPage":{"@id":"https:\/\/noticiaempauta.com\/portal\/ze-neri-e-xandu-comentam-rompimento-politico-com-gil-paraibano\/#primaryimage"},"image":{"@id":"https:\/\/noticiaempauta.com\/portal\/ze-neri-e-xandu-comentam-rompimento-politico-com-gil-paraibano\/#primaryimage"},"thumbnailUrl":"https:\/\/noticiaempauta.com\/portal\/wp-content\/uploads\/2024\/01\/WhatsApp-Image-2024-01-30-at-18.53.49-1.jpeg","datePublished":"2024-01-31T11:34:14+00:00","dateModified":"2024-01-31T11:34:16+00:00","breadcrumb":{"@id":"https:\/\/noticiaempauta.com\/portal\/ze-neri-e-xandu-comentam-rompimento-politico-com-gil-paraibano\/#breadcrumb"},"inLanguage":"pt-BR","potentialAction":[{"@type":"ReadAction","target":["https:\/\/noticiaempauta.com\/portal\/ze-neri-e-xandu-comentam-rompimento-politico-com-gil-paraibano\/"]}]},{"@type":"ImageObject","inLanguage":"pt-BR","@id":"https:\/\/noticiaempauta.com\/portal\/ze-neri-e-xandu-comentam-rompimento-politico-com-gil-paraibano\/#primaryimage","url":"https:\/\/noticiaempauta.com\/portal\/wp-content\/uploads\/2024\/01\/WhatsApp-Image-2024-01-30-at-18.53.49-1.jpeg","contentUrl":"https:\/\/noticiaempauta.com\/portal\/wp-content\/uploads\/2024\/01\/WhatsApp-Image-2024-01-30-at-18.53.49-1.jpeg","width":640,"height":485},{"@type":"BreadcrumbList","@id":"https:\/\/noticiaempauta.com\/portal\/ze-neri-e-xandu-comentam-rompimento-politico-com-gil-paraibano\/#breadcrumb","itemListElement":[{"@type":"ListItem","position":1,"name":"P\u00e1gina Inicial","item":"https:\/\/noticiaempauta.com\/portal\/"},{"@type":"ListItem","position":2,"name":"Destaques","item":"https:\/\/noticiaempauta.com\/portal\/destaques-site\/"},{"@type":"ListItem","position":3,"name":"Z\u00e9 Neri e Xand\u00fa comentam rompimento pol\u00edtico com Gil Paraibano"}]},{"@type":"WebSite","@id":"https:\/\/noticiaempauta.com\/portal\/#website","url":"https:\/\/noticiaempauta.com\/portal\/","name":"Portal Not\u00edcia em Pauta","description":"Voc\u00ea bem informado","publisher":{"@id":"https:\/\/noticiaempauta.com\/portal\/#organization"},"potentialAction":[{"@type":"SearchAction","target":{"@type":"EntryPoint","urlTemplate":"https:\/\/noticiaempauta.com\/portal\/?s={search_term_string}"},"query-input":{"@type":"PropertyValueSpecification","valueRequired":true,"valueName":"search_term_string"}}],"inLanguage":"pt-BR"},{"@type":"Organization","@id":"https:\/\/noticiaempauta.com\/portal\/#organization","name":"Portal Not\u00edcia em Pauta","url":"https:\/\/noticiaempauta.com\/portal\/","logo":{"@type":"ImageObject","inLanguage":"pt-BR","@id":"https:\/\/noticiaempauta.com\/portal\/#\/schema\/logo\/image\/","url":"https:\/\/noticiaempauta.com\/portal\/wp-content\/uploads\/2022\/08\/logomarca_tema.fw_.png","contentUrl":"https:\/\/noticiaempauta.com\/portal\/wp-content\/uploads\/2022\/08\/logomarca_tema.fw_.png","width":400,"height":232,"caption":"Portal Not\u00edcia em Pauta"},"image":{"@id":"https:\/\/noticiaempauta.com\/portal\/#\/schema\/logo\/image\/"},"sameAs":["https:\/\/www.facebook.com\/Portal-Notcia-Em-Pauta-102292869264820\/","https:\/\/www.instagram.com\/portalnoticiaempauta\/"]},{"@type":"Person","@id":"https:\/\/noticiaempauta.com\/portal\/#\/schema\/person\/a74af43dd1ab3deca45f988c717d57ac","name":"Reda\u00e7\u00e3o","image":{"@type":"ImageObject","inLanguage":"pt-BR","@id":"https:\/\/noticiaempauta.com\/portal\/#\/schema\/person\/image\/","url":"https:\/\/secure.gravatar.com\/avatar\/03179346ecce6cdfc13361603e8f54242a90e5cde8618fa23c5c00aa2b0aadf3?s=96&d=mm&r=g","contentUrl":"https:\/\/secure.gravatar.com\/avatar\/03179346ecce6cdfc13361603e8f54242a90e5cde8618fa23c5c00aa2b0aadf3?s=96&d=mm&r=g","caption":"Reda\u00e7\u00e3o"},"sameAs":["https:\/\/noticiaempauta.com\/portal\/"],"url":"https:\/\/noticiaempauta.com\/portal\/author\/fernando\/"}]}},"_links":{"self":[{"href":"https:\/\/noticiaempauta.com\/portal\/wp-json\/wp\/v2\/posts\/254197","targetHints":{"allow":["GET"]}}],"collection":[{"href":"https:\/\/noticiaempauta.com\/portal\/wp-json\/wp\/v2\/posts"}],"about":[{"href":"https:\/\/noticiaempauta.com\/portal\/wp-json\/wp\/v2\/types\/post"}],"author":[{"embeddable":true,"href":"https:\/\/noticiaempauta.com\/portal\/wp-json\/wp\/v2\/users\/2"}],"replies":[{"embeddable":true,"href":"https:\/\/noticiaempauta.com\/portal\/wp-json\/wp\/v2\/comments?post=254197"}],"version-history":[{"count":2,"href":"https:\/\/noticiaempauta.com\/portal\/wp-json\/wp\/v2\/posts\/254197\/revisions"}],"predecessor-version":[{"id":254203,"href":"https:\/\/noticiaempauta.com\/portal\/wp-json\/wp\/v2\/posts\/254197\/revisions\/254203"}],"wp:featuredmedia":[{"embeddable":true,"href":"https:\/\/noticiaempauta.com\/portal\/wp-json\/wp\/v2\/media\/254199"}],"wp:attachment":[{"href":"https:\/\/noticiaempauta.com\/portal\/wp-json\/wp\/v2\/media?parent=254197"}],"wp:term":[{"taxonomy":"category","embeddable":true,"href":"https:\/\/noticiaempauta.com\/portal\/wp-json\/wp\/v2\/categories?post=254197"},{"taxonomy":"post_tag","embeddable":true,"href":"https:\/\/noticiaempauta.com\/portal\/wp-json\/wp\/v2\/tags?post=254197"}],"curies":[{"name":"wp","href":"https:\/\/api.w.org\/{rel}","templated":true}]}}