{"id":254231,"date":"2024-02-01T06:55:00","date_gmt":"2024-02-01T09:55:00","guid":{"rendered":"https:\/\/noticiaempauta.com\/portal\/?p=254231"},"modified":"2024-02-01T06:55:02","modified_gmt":"2024-02-01T09:55:02","slug":"congresso-estuda-proibicao-de-redes-sociais-para-menores-de-12-anos-entenda","status":"publish","type":"post","link":"https:\/\/noticiaempauta.com\/portal\/congresso-estuda-proibicao-de-redes-sociais-para-menores-de-12-anos-entenda\/","title":{"rendered":"Congresso estuda proibi\u00e7\u00e3o de redes sociais para menores de 12 anos; entenda"},"content":{"rendered":"\n<p>Um projeto de lei prop\u00f5e cria\u00e7\u00e3ode regras para impedir crian\u00e7as e adolescentes de at\u00e9 12 anos de acessar as redes sociais. \u00c9 o que diz a PL 2.628\/2022 que poder\u00e1 entrar na pauta de vota\u00e7\u00f5es da Comiss\u00e3o de Constitui\u00e7\u00e3o e Justi\u00e7a e Cidadania (CCJ).<\/p>\n\n\n\n<p>A proposta do senador Alessandro Vieira (MDB-SE), sob relatoria do senador Jorge Kajuru (PSB-GO), quer cria\u00e7\u00e3o de regras de uso para essa faixa de idade, assim como a proibi\u00e7\u00e3o de cria\u00e7\u00e3o de contas para menores de 12 anos e da publicidade digital direcionada \u00e0s crian\u00e7as.<\/p>\n\n\n\n<p>Vieira explica que a proposta se baseia em estudos que apontam o dano que o uso da rede social provoca nas crian\u00e7as e que tamb\u00e9m seria uma forma de proteger o jovem de potenciais amea\u00e7as.<\/p>\n\n\n\n<p>Quando voc\u00ea transfere isso para a vida real, voc\u00ea n\u00e3o vai deixar o seu filho sozinho numa pra\u00e7a \u00e0 noite, conversando com qualquer pessoa, interagindo com qualquer pessoa em qualquer ambiente sobre qualquer tema. Nas redes sociais \u00e9 o que acontece, disse o senador \u00e0 Ag\u00eancia Senado.<\/p>\n\n\n\n<p>Os principais pontos da PL s\u00e3o:<\/p>\n\n\n\n<ul class=\"wp-block-list\">\n<li>Proibi\u00e7\u00f5es de contas em redes sociais para menores de 12 anos<\/li>\n\n\n\n<li>Proibi\u00e7\u00e3o de publicidade dirigida ao p\u00fablico infantil<\/li>\n<\/ul>\n\n\n\n<p>O autor da proposta ainda ressalta que o PL se alinha com propostas mundo afora que tamb\u00e9m est\u00e3o preocupados com o uso das redes sociais pelos menores. Para ele a medida tamb\u00e9m impede as empresas que ganham dinheiro com eles e, ao mesmo tempo, ajudando os pais a ter um controle m\u00ednimo sobre os filhos na internet.<\/p>\n\n\n\n<p>Criar regras para que voc\u00ea tenha clareza, acesso garantido, ningu\u00e9m est\u00e1 proibindo de ter acesso \u00e0 rede social ou acesso \u00e0 internet, n\u00e3o \u00e9 isso! Mas tem que ter regras e transpar\u00eancia. Tem todo um leque de empresas que ganham dinheiro com publicidade focada em crian\u00e7a e adolescente. Ent\u00e3o, a gente cria uma s\u00e9rie de obriga\u00e7\u00f5es para elas, ressalta o emedebista.<\/p>\n\n\n\n<p><em>Fonte: SBT News<\/em><\/p>\n","protected":false},"excerpt":{"rendered":"<p>Um projeto de lei prop\u00f5e cria\u00e7\u00e3ode regras para impedir crian\u00e7as e adolescentes de at\u00e9 12 anos de acessar as redes sociais. \u00c9 o que diz a PL 2.628\/2022 que poder\u00e1 entrar na pauta de vota\u00e7\u00f5es da Comiss\u00e3o de Constitui\u00e7\u00e3o e Justi\u00e7a e Cidadania (CCJ). A proposta do senador Alessandro Vieira (MDB-SE), sob relatoria do senador [&hellip;]<\/p>\n","protected":false},"author":2,"featured_media":254233,"comment_status":"open","ping_status":"open","sticky":false,"template":"","format":"standard","meta":{"_mi_skip_tracking":false,"footnotes":""},"categories":[25,1,16],"tags":[192],"class_list":["post-254231","post","type-post","status-publish","format-standard","has-post-thumbnail","hentry","category-destaques-site","category-geral","category-todas","tag-destaqueprincipal"],"acf":[],"yoast_head":"<!-- This site is optimized with the Yoast SEO Premium plugin v19.2 (Yoast SEO v26.9) - https:\/\/yoast.com\/product\/yoast-seo-premium-wordpress\/ -->\n<title>Congresso estuda proibi\u00e7\u00e3o de redes sociais para menores de 12 anos; entenda - Portal Not\u00edcia em Pauta<\/title>\n<meta name=\"robots\" content=\"index, follow, max-snippet:-1, max-image-preview:large, max-video-preview:-1\" \/>\n<link rel=\"canonical\" href=\"https:\/\/noticiaempauta.com\/portal\/congresso-estuda-proibicao-de-redes-sociais-para-menores-de-12-anos-entenda\/\" \/>\n<meta property=\"og:locale\" content=\"pt_BR\" \/>\n<meta property=\"og:type\" content=\"article\" \/>\n<meta property=\"og:title\" content=\"Congresso estuda proibi\u00e7\u00e3o de redes sociais para menores de 12 anos; entenda\" \/>\n<meta property=\"og:description\" content=\"Um projeto de lei prop\u00f5e cria\u00e7\u00e3ode regras para impedir crian\u00e7as e adolescentes de at\u00e9 12 anos de acessar as redes sociais. \u00c9 o que diz a PL 2.628\/2022 que poder\u00e1 entrar na pauta de vota\u00e7\u00f5es da Comiss\u00e3o de Constitui\u00e7\u00e3o e Justi\u00e7a e Cidadania (CCJ). A proposta do senador Alessandro Vieira (MDB-SE), sob relatoria do senador [&hellip;]\" \/>\n<meta property=\"og:url\" content=\"https:\/\/noticiaempauta.com\/portal\/congresso-estuda-proibicao-de-redes-sociais-para-menores-de-12-anos-entenda\/\" \/>\n<meta property=\"og:site_name\" content=\"Portal Not\u00edcia em Pauta\" \/>\n<meta property=\"article:publisher\" content=\"https:\/\/www.facebook.com\/Portal-Notcia-Em-Pauta-102292869264820\/\" \/>\n<meta property=\"article:published_time\" content=\"2024-02-01T09:55:00+00:00\" \/>\n<meta property=\"article:modified_time\" content=\"2024-02-01T09:55:02+00:00\" \/>\n<meta property=\"og:image\" content=\"https:\/\/noticiaempauta.com\/portal\/wp-content\/uploads\/2024\/02\/EA583926-BDC1-49D2-AFFE-A65A1D28D9F5.jpeg\" \/>\n\t<meta property=\"og:image:width\" content=\"790\" \/>\n\t<meta property=\"og:image:height\" content=\"550\" \/>\n\t<meta property=\"og:image:type\" content=\"image\/jpeg\" \/>\n<meta name=\"author\" content=\"Reda\u00e7\u00e3o\" \/>\n<meta name=\"twitter:card\" content=\"summary_large_image\" \/>\n<meta name=\"twitter:label1\" content=\"Escrito por\" \/>\n\t<meta name=\"twitter:data1\" content=\"Reda\u00e7\u00e3o\" \/>\n\t<meta name=\"twitter:label2\" content=\"Est. tempo de leitura\" \/>\n\t<meta name=\"twitter:data2\" content=\"2 minutos\" \/>\n<script type=\"application\/ld+json\" class=\"yoast-schema-graph\">{\"@context\":\"https:\/\/schema.org\",\"@graph\":[{\"@type\":\"Article\",\"@id\":\"https:\/\/noticiaempauta.com\/portal\/congresso-estuda-proibicao-de-redes-sociais-para-menores-de-12-anos-entenda\/#article\",\"isPartOf\":{\"@id\":\"https:\/\/noticiaempauta.com\/portal\/congresso-estuda-proibicao-de-redes-sociais-para-menores-de-12-anos-entenda\/\"},\"author\":{\"name\":\"Reda\u00e7\u00e3o\",\"@id\":\"https:\/\/noticiaempauta.com\/portal\/#\/schema\/person\/a74af43dd1ab3deca45f988c717d57ac\"},\"headline\":\"Congresso estuda proibi\u00e7\u00e3o de redes sociais para menores de 12 anos; entenda\",\"datePublished\":\"2024-02-01T09:55:00+00:00\",\"dateModified\":\"2024-02-01T09:55:02+00:00\",\"mainEntityOfPage\":{\"@id\":\"https:\/\/noticiaempauta.com\/portal\/congresso-estuda-proibicao-de-redes-sociais-para-menores-de-12-anos-entenda\/\"},\"wordCount\":349,\"commentCount\":0,\"publisher\":{\"@id\":\"https:\/\/noticiaempauta.com\/portal\/#organization\"},\"image\":{\"@id\":\"https:\/\/noticiaempauta.com\/portal\/congresso-estuda-proibicao-de-redes-sociais-para-menores-de-12-anos-entenda\/#primaryimage\"},\"thumbnailUrl\":\"https:\/\/noticiaempauta.com\/portal\/wp-content\/uploads\/2024\/02\/EA583926-BDC1-49D2-AFFE-A65A1D28D9F5.jpeg\",\"keywords\":[\"destaqueprincipal\"],\"articleSection\":[\"Destaques\",\"Geral\",\"Todas as Not\u00edcias\"],\"inLanguage\":\"pt-BR\",\"potentialAction\":[{\"@type\":\"CommentAction\",\"name\":\"Comment\",\"target\":[\"https:\/\/noticiaempauta.com\/portal\/congresso-estuda-proibicao-de-redes-sociais-para-menores-de-12-anos-entenda\/#respond\"]}]},{\"@type\":\"WebPage\",\"@id\":\"https:\/\/noticiaempauta.com\/portal\/congresso-estuda-proibicao-de-redes-sociais-para-menores-de-12-anos-entenda\/\",\"url\":\"https:\/\/noticiaempauta.com\/portal\/congresso-estuda-proibicao-de-redes-sociais-para-menores-de-12-anos-entenda\/\",\"name\":\"Congresso estuda proibi\u00e7\u00e3o de redes sociais para menores de 12 anos; entenda - Portal Not\u00edcia em Pauta\",\"isPartOf\":{\"@id\":\"https:\/\/noticiaempauta.com\/portal\/#website\"},\"primaryImageOfPage\":{\"@id\":\"https:\/\/noticiaempauta.com\/portal\/congresso-estuda-proibicao-de-redes-sociais-para-menores-de-12-anos-entenda\/#primaryimage\"},\"image\":{\"@id\":\"https:\/\/noticiaempauta.com\/portal\/congresso-estuda-proibicao-de-redes-sociais-para-menores-de-12-anos-entenda\/#primaryimage\"},\"thumbnailUrl\":\"https:\/\/noticiaempauta.com\/portal\/wp-content\/uploads\/2024\/02\/EA583926-BDC1-49D2-AFFE-A65A1D28D9F5.jpeg\",\"datePublished\":\"2024-02-01T09:55:00+00:00\",\"dateModified\":\"2024-02-01T09:55:02+00:00\",\"breadcrumb\":{\"@id\":\"https:\/\/noticiaempauta.com\/portal\/congresso-estuda-proibicao-de-redes-sociais-para-menores-de-12-anos-entenda\/#breadcrumb\"},\"inLanguage\":\"pt-BR\",\"potentialAction\":[{\"@type\":\"ReadAction\",\"target\":[\"https:\/\/noticiaempauta.com\/portal\/congresso-estuda-proibicao-de-redes-sociais-para-menores-de-12-anos-entenda\/\"]}]},{\"@type\":\"ImageObject\",\"inLanguage\":\"pt-BR\",\"@id\":\"https:\/\/noticiaempauta.com\/portal\/congresso-estuda-proibicao-de-redes-sociais-para-menores-de-12-anos-entenda\/#primaryimage\",\"url\":\"https:\/\/noticiaempauta.com\/portal\/wp-content\/uploads\/2024\/02\/EA583926-BDC1-49D2-AFFE-A65A1D28D9F5.jpeg\",\"contentUrl\":\"https:\/\/noticiaempauta.com\/portal\/wp-content\/uploads\/2024\/02\/EA583926-BDC1-49D2-AFFE-A65A1D28D9F5.jpeg\",\"width\":790,\"height\":550,\"caption\":\"Loei, Thailand - May 10, 2017: Hand holding samsung s8 with mobile application for Instagram on the screen\"},{\"@type\":\"BreadcrumbList\",\"@id\":\"https:\/\/noticiaempauta.com\/portal\/congresso-estuda-proibicao-de-redes-sociais-para-menores-de-12-anos-entenda\/#breadcrumb\",\"itemListElement\":[{\"@type\":\"ListItem\",\"position\":1,\"name\":\"P\u00e1gina Inicial\",\"item\":\"https:\/\/noticiaempauta.com\/portal\/\"},{\"@type\":\"ListItem\",\"position\":2,\"name\":\"Destaques\",\"item\":\"https:\/\/noticiaempauta.com\/portal\/destaques-site\/\"},{\"@type\":\"ListItem\",\"position\":3,\"name\":\"Congresso estuda proibi\u00e7\u00e3o de redes sociais para menores de 12 anos; entenda\"}]},{\"@type\":\"WebSite\",\"@id\":\"https:\/\/noticiaempauta.com\/portal\/#website\",\"url\":\"https:\/\/noticiaempauta.com\/portal\/\",\"name\":\"Portal Not\u00edcia em Pauta\",\"description\":\"Voc\u00ea bem informado\",\"publisher\":{\"@id\":\"https:\/\/noticiaempauta.com\/portal\/#organization\"},\"potentialAction\":[{\"@type\":\"SearchAction\",\"target\":{\"@type\":\"EntryPoint\",\"urlTemplate\":\"https:\/\/noticiaempauta.com\/portal\/?s={search_term_string}\"},\"query-input\":{\"@type\":\"PropertyValueSpecification\",\"valueRequired\":true,\"valueName\":\"search_term_string\"}}],\"inLanguage\":\"pt-BR\"},{\"@type\":\"Organization\",\"@id\":\"https:\/\/noticiaempauta.com\/portal\/#organization\",\"name\":\"Portal Not\u00edcia em Pauta\",\"url\":\"https:\/\/noticiaempauta.com\/portal\/\",\"logo\":{\"@type\":\"ImageObject\",\"inLanguage\":\"pt-BR\",\"@id\":\"https:\/\/noticiaempauta.com\/portal\/#\/schema\/logo\/image\/\",\"url\":\"https:\/\/noticiaempauta.com\/portal\/wp-content\/uploads\/2022\/08\/logomarca_tema.fw_.png\",\"contentUrl\":\"https:\/\/noticiaempauta.com\/portal\/wp-content\/uploads\/2022\/08\/logomarca_tema.fw_.png\",\"width\":400,\"height\":232,\"caption\":\"Portal Not\u00edcia em Pauta\"},\"image\":{\"@id\":\"https:\/\/noticiaempauta.com\/portal\/#\/schema\/logo\/image\/\"},\"sameAs\":[\"https:\/\/www.facebook.com\/Portal-Notcia-Em-Pauta-102292869264820\/\",\"https:\/\/www.instagram.com\/portalnoticiaempauta\/\"]},{\"@type\":\"Person\",\"@id\":\"https:\/\/noticiaempauta.com\/portal\/#\/schema\/person\/a74af43dd1ab3deca45f988c717d57ac\",\"name\":\"Reda\u00e7\u00e3o\",\"image\":{\"@type\":\"ImageObject\",\"inLanguage\":\"pt-BR\",\"@id\":\"https:\/\/noticiaempauta.com\/portal\/#\/schema\/person\/image\/\",\"url\":\"https:\/\/secure.gravatar.com\/avatar\/03179346ecce6cdfc13361603e8f54242a90e5cde8618fa23c5c00aa2b0aadf3?s=96&d=mm&r=g\",\"contentUrl\":\"https:\/\/secure.gravatar.com\/avatar\/03179346ecce6cdfc13361603e8f54242a90e5cde8618fa23c5c00aa2b0aadf3?s=96&d=mm&r=g\",\"caption\":\"Reda\u00e7\u00e3o\"},\"sameAs\":[\"https:\/\/noticiaempauta.com\/portal\/\"],\"url\":\"https:\/\/noticiaempauta.com\/portal\/author\/fernando\/\"}]}<\/script>\n<!-- \/ Yoast SEO Premium plugin. -->","yoast_head_json":{"title":"Congresso estuda proibi\u00e7\u00e3o de redes sociais para menores de 12 anos; entenda - Portal Not\u00edcia em Pauta","robots":{"index":"index","follow":"follow","max-snippet":"max-snippet:-1","max-image-preview":"max-image-preview:large","max-video-preview":"max-video-preview:-1"},"canonical":"https:\/\/noticiaempauta.com\/portal\/congresso-estuda-proibicao-de-redes-sociais-para-menores-de-12-anos-entenda\/","og_locale":"pt_BR","og_type":"article","og_title":"Congresso estuda proibi\u00e7\u00e3o de redes sociais para menores de 12 anos; entenda","og_description":"Um projeto de lei prop\u00f5e cria\u00e7\u00e3ode regras para impedir crian\u00e7as e adolescentes de at\u00e9 12 anos de acessar as redes sociais. \u00c9 o que diz a PL 2.628\/2022 que poder\u00e1 entrar na pauta de vota\u00e7\u00f5es da Comiss\u00e3o de Constitui\u00e7\u00e3o e Justi\u00e7a e Cidadania (CCJ). A proposta do senador Alessandro Vieira (MDB-SE), sob relatoria do senador [&hellip;]","og_url":"https:\/\/noticiaempauta.com\/portal\/congresso-estuda-proibicao-de-redes-sociais-para-menores-de-12-anos-entenda\/","og_site_name":"Portal Not\u00edcia em Pauta","article_publisher":"https:\/\/www.facebook.com\/Portal-Notcia-Em-Pauta-102292869264820\/","article_published_time":"2024-02-01T09:55:00+00:00","article_modified_time":"2024-02-01T09:55:02+00:00","og_image":[{"width":790,"height":550,"url":"https:\/\/noticiaempauta.com\/portal\/wp-content\/uploads\/2024\/02\/EA583926-BDC1-49D2-AFFE-A65A1D28D9F5.jpeg","type":"image\/jpeg"}],"author":"Reda\u00e7\u00e3o","twitter_card":"summary_large_image","twitter_misc":{"Escrito por":"Reda\u00e7\u00e3o","Est. tempo de leitura":"2 minutos"},"schema":{"@context":"https:\/\/schema.org","@graph":[{"@type":"Article","@id":"https:\/\/noticiaempauta.com\/portal\/congresso-estuda-proibicao-de-redes-sociais-para-menores-de-12-anos-entenda\/#article","isPartOf":{"@id":"https:\/\/noticiaempauta.com\/portal\/congresso-estuda-proibicao-de-redes-sociais-para-menores-de-12-anos-entenda\/"},"author":{"name":"Reda\u00e7\u00e3o","@id":"https:\/\/noticiaempauta.com\/portal\/#\/schema\/person\/a74af43dd1ab3deca45f988c717d57ac"},"headline":"Congresso estuda proibi\u00e7\u00e3o de redes sociais para menores de 12 anos; entenda","datePublished":"2024-02-01T09:55:00+00:00","dateModified":"2024-02-01T09:55:02+00:00","mainEntityOfPage":{"@id":"https:\/\/noticiaempauta.com\/portal\/congresso-estuda-proibicao-de-redes-sociais-para-menores-de-12-anos-entenda\/"},"wordCount":349,"commentCount":0,"publisher":{"@id":"https:\/\/noticiaempauta.com\/portal\/#organization"},"image":{"@id":"https:\/\/noticiaempauta.com\/portal\/congresso-estuda-proibicao-de-redes-sociais-para-menores-de-12-anos-entenda\/#primaryimage"},"thumbnailUrl":"https:\/\/noticiaempauta.com\/portal\/wp-content\/uploads\/2024\/02\/EA583926-BDC1-49D2-AFFE-A65A1D28D9F5.jpeg","keywords":["destaqueprincipal"],"articleSection":["Destaques","Geral","Todas as Not\u00edcias"],"inLanguage":"pt-BR","potentialAction":[{"@type":"CommentAction","name":"Comment","target":["https:\/\/noticiaempauta.com\/portal\/congresso-estuda-proibicao-de-redes-sociais-para-menores-de-12-anos-entenda\/#respond"]}]},{"@type":"WebPage","@id":"https:\/\/noticiaempauta.com\/portal\/congresso-estuda-proibicao-de-redes-sociais-para-menores-de-12-anos-entenda\/","url":"https:\/\/noticiaempauta.com\/portal\/congresso-estuda-proibicao-de-redes-sociais-para-menores-de-12-anos-entenda\/","name":"Congresso estuda proibi\u00e7\u00e3o de redes sociais para menores de 12 anos; entenda - Portal Not\u00edcia em Pauta","isPartOf":{"@id":"https:\/\/noticiaempauta.com\/portal\/#website"},"primaryImageOfPage":{"@id":"https:\/\/noticiaempauta.com\/portal\/congresso-estuda-proibicao-de-redes-sociais-para-menores-de-12-anos-entenda\/#primaryimage"},"image":{"@id":"https:\/\/noticiaempauta.com\/portal\/congresso-estuda-proibicao-de-redes-sociais-para-menores-de-12-anos-entenda\/#primaryimage"},"thumbnailUrl":"https:\/\/noticiaempauta.com\/portal\/wp-content\/uploads\/2024\/02\/EA583926-BDC1-49D2-AFFE-A65A1D28D9F5.jpeg","datePublished":"2024-02-01T09:55:00+00:00","dateModified":"2024-02-01T09:55:02+00:00","breadcrumb":{"@id":"https:\/\/noticiaempauta.com\/portal\/congresso-estuda-proibicao-de-redes-sociais-para-menores-de-12-anos-entenda\/#breadcrumb"},"inLanguage":"pt-BR","potentialAction":[{"@type":"ReadAction","target":["https:\/\/noticiaempauta.com\/portal\/congresso-estuda-proibicao-de-redes-sociais-para-menores-de-12-anos-entenda\/"]}]},{"@type":"ImageObject","inLanguage":"pt-BR","@id":"https:\/\/noticiaempauta.com\/portal\/congresso-estuda-proibicao-de-redes-sociais-para-menores-de-12-anos-entenda\/#primaryimage","url":"https:\/\/noticiaempauta.com\/portal\/wp-content\/uploads\/2024\/02\/EA583926-BDC1-49D2-AFFE-A65A1D28D9F5.jpeg","contentUrl":"https:\/\/noticiaempauta.com\/portal\/wp-content\/uploads\/2024\/02\/EA583926-BDC1-49D2-AFFE-A65A1D28D9F5.jpeg","width":790,"height":550,"caption":"Loei, Thailand - May 10, 2017: Hand holding samsung s8 with mobile application for Instagram on the screen"},{"@type":"BreadcrumbList","@id":"https:\/\/noticiaempauta.com\/portal\/congresso-estuda-proibicao-de-redes-sociais-para-menores-de-12-anos-entenda\/#breadcrumb","itemListElement":[{"@type":"ListItem","position":1,"name":"P\u00e1gina Inicial","item":"https:\/\/noticiaempauta.com\/portal\/"},{"@type":"ListItem","position":2,"name":"Destaques","item":"https:\/\/noticiaempauta.com\/portal\/destaques-site\/"},{"@type":"ListItem","position":3,"name":"Congresso estuda proibi\u00e7\u00e3o de redes sociais para menores de 12 anos; entenda"}]},{"@type":"WebSite","@id":"https:\/\/noticiaempauta.com\/portal\/#website","url":"https:\/\/noticiaempauta.com\/portal\/","name":"Portal Not\u00edcia em Pauta","description":"Voc\u00ea bem informado","publisher":{"@id":"https:\/\/noticiaempauta.com\/portal\/#organization"},"potentialAction":[{"@type":"SearchAction","target":{"@type":"EntryPoint","urlTemplate":"https:\/\/noticiaempauta.com\/portal\/?s={search_term_string}"},"query-input":{"@type":"PropertyValueSpecification","valueRequired":true,"valueName":"search_term_string"}}],"inLanguage":"pt-BR"},{"@type":"Organization","@id":"https:\/\/noticiaempauta.com\/portal\/#organization","name":"Portal Not\u00edcia em Pauta","url":"https:\/\/noticiaempauta.com\/portal\/","logo":{"@type":"ImageObject","inLanguage":"pt-BR","@id":"https:\/\/noticiaempauta.com\/portal\/#\/schema\/logo\/image\/","url":"https:\/\/noticiaempauta.com\/portal\/wp-content\/uploads\/2022\/08\/logomarca_tema.fw_.png","contentUrl":"https:\/\/noticiaempauta.com\/portal\/wp-content\/uploads\/2022\/08\/logomarca_tema.fw_.png","width":400,"height":232,"caption":"Portal Not\u00edcia em Pauta"},"image":{"@id":"https:\/\/noticiaempauta.com\/portal\/#\/schema\/logo\/image\/"},"sameAs":["https:\/\/www.facebook.com\/Portal-Notcia-Em-Pauta-102292869264820\/","https:\/\/www.instagram.com\/portalnoticiaempauta\/"]},{"@type":"Person","@id":"https:\/\/noticiaempauta.com\/portal\/#\/schema\/person\/a74af43dd1ab3deca45f988c717d57ac","name":"Reda\u00e7\u00e3o","image":{"@type":"ImageObject","inLanguage":"pt-BR","@id":"https:\/\/noticiaempauta.com\/portal\/#\/schema\/person\/image\/","url":"https:\/\/secure.gravatar.com\/avatar\/03179346ecce6cdfc13361603e8f54242a90e5cde8618fa23c5c00aa2b0aadf3?s=96&d=mm&r=g","contentUrl":"https:\/\/secure.gravatar.com\/avatar\/03179346ecce6cdfc13361603e8f54242a90e5cde8618fa23c5c00aa2b0aadf3?s=96&d=mm&r=g","caption":"Reda\u00e7\u00e3o"},"sameAs":["https:\/\/noticiaempauta.com\/portal\/"],"url":"https:\/\/noticiaempauta.com\/portal\/author\/fernando\/"}]}},"_links":{"self":[{"href":"https:\/\/noticiaempauta.com\/portal\/wp-json\/wp\/v2\/posts\/254231","targetHints":{"allow":["GET"]}}],"collection":[{"href":"https:\/\/noticiaempauta.com\/portal\/wp-json\/wp\/v2\/posts"}],"about":[{"href":"https:\/\/noticiaempauta.com\/portal\/wp-json\/wp\/v2\/types\/post"}],"author":[{"embeddable":true,"href":"https:\/\/noticiaempauta.com\/portal\/wp-json\/wp\/v2\/users\/2"}],"replies":[{"embeddable":true,"href":"https:\/\/noticiaempauta.com\/portal\/wp-json\/wp\/v2\/comments?post=254231"}],"version-history":[{"count":2,"href":"https:\/\/noticiaempauta.com\/portal\/wp-json\/wp\/v2\/posts\/254231\/revisions"}],"predecessor-version":[{"id":254235,"href":"https:\/\/noticiaempauta.com\/portal\/wp-json\/wp\/v2\/posts\/254231\/revisions\/254235"}],"wp:featuredmedia":[{"embeddable":true,"href":"https:\/\/noticiaempauta.com\/portal\/wp-json\/wp\/v2\/media\/254233"}],"wp:attachment":[{"href":"https:\/\/noticiaempauta.com\/portal\/wp-json\/wp\/v2\/media?parent=254231"}],"wp:term":[{"taxonomy":"category","embeddable":true,"href":"https:\/\/noticiaempauta.com\/portal\/wp-json\/wp\/v2\/categories?post=254231"},{"taxonomy":"post_tag","embeddable":true,"href":"https:\/\/noticiaempauta.com\/portal\/wp-json\/wp\/v2\/tags?post=254231"}],"curies":[{"name":"wp","href":"https:\/\/api.w.org\/{rel}","templated":true}]}}