{"id":254242,"date":"2024-02-01T16:50:43","date_gmt":"2024-02-01T19:50:43","guid":{"rendered":"https:\/\/noticiaempauta.com\/portal\/?p=254242"},"modified":"2024-02-01T16:50:45","modified_gmt":"2024-02-01T19:50:45","slug":"ze-pereira-de-picos-acontece-nesta-sexta-02-com-shows-musicais-de-e-o-tchan-e-leo-santana","status":"publish","type":"post","link":"https:\/\/noticiaempauta.com\/portal\/ze-pereira-de-picos-acontece-nesta-sexta-02-com-shows-musicais-de-e-o-tchan-e-leo-santana\/","title":{"rendered":"Z\u00e9 Pereira de Picos acontece nesta sexta (02) com shows musicais de \u00c9 O Tchan e L\u00e9o Santana"},"content":{"rendered":"\n<p>Dando o pontap\u00e9 inicial para a \u00e9poca mais festiva do ano, o Carnaval, a segunda edi\u00e7\u00e3o do Z\u00e9 Pereira de Picos acontece nesta sexta (02), no estacionamento do Piau\u00ed Shopping. O evento conta com apresenta\u00e7\u00f5es de artistas nacionais como a banda \u00c9 O Tchan e o cantor L\u00e9o Santana.<\/p>\n\n\n\n<figure class=\"wp-block-image size-full\"><img fetchpriority=\"high\" decoding=\"async\" width=\"780\" height=\"470\" src=\"https:\/\/noticiaempauta.com\/portal\/wp-content\/uploads\/2024\/02\/WhatsApp-Image-2023-12-28-at-07.42.44-1-780x470-1.jpeg\" alt=\"\" class=\"wp-image-254247\" srcset=\"https:\/\/noticiaempauta.com\/portal\/wp-content\/uploads\/2024\/02\/WhatsApp-Image-2023-12-28-at-07.42.44-1-780x470-1.jpeg 780w, https:\/\/noticiaempauta.com\/portal\/wp-content\/uploads\/2024\/02\/WhatsApp-Image-2023-12-28-at-07.42.44-1-780x470-1-300x181.jpeg 300w, https:\/\/noticiaempauta.com\/portal\/wp-content\/uploads\/2024\/02\/WhatsApp-Image-2023-12-28-at-07.42.44-1-780x470-1-768x463.jpeg 768w\" sizes=\"(max-width: 780px) 100vw, 780px\" \/><\/figure>\n\n\n\n<p>Para o secret\u00e1rio do Turismo, Pablo Santos, a edi\u00e7\u00e3o pretende se destacar como uma das melhores pr\u00e9vias de Carnaval do estado, movimentando o com\u00e9rcio local e atraindo a aten\u00e7\u00e3o de turistas para Picos e regi\u00e3o, que se fortalecem como destinos para visitar durante o per\u00edodo momesco.<\/p>\n\n\n\n<figure class=\"wp-block-image size-large\"><img decoding=\"async\" width=\"1024\" height=\"682\" src=\"https:\/\/noticiaempauta.com\/portal\/wp-content\/uploads\/2024\/02\/pablo-santos-1024x682.jpeg\" alt=\"\" class=\"wp-image-254244\" srcset=\"https:\/\/noticiaempauta.com\/portal\/wp-content\/uploads\/2024\/02\/pablo-santos-1024x682.jpeg 1024w, https:\/\/noticiaempauta.com\/portal\/wp-content\/uploads\/2024\/02\/pablo-santos-300x200.jpeg 300w, https:\/\/noticiaempauta.com\/portal\/wp-content\/uploads\/2024\/02\/pablo-santos-768x511.jpeg 768w, https:\/\/noticiaempauta.com\/portal\/wp-content\/uploads\/2024\/02\/pablo-santos.jpeg 1200w\" sizes=\"(max-width: 1024px) 100vw, 1024px\" \/><\/figure>\n\n\n\n<p>\u201cO Z\u00e9 Pereira vem em mais uma edi\u00e7\u00e3o, como uma op\u00e7\u00e3o de evento que engrandece Picos e munic\u00edpios pr\u00f3ximos. Tamb\u00e9m s\u00e3o esperados \u00edndices positivos relacionados \u00e0 economia, gerando receita por meio do turismo, com\u00e9rcio de alimentos, bebidas, hotelaria e entre outros servi\u00e7os. Ser\u00e1 uma grande festa, e refor\u00e7amos o convite aos piauienses e turistas para marcar presen\u00e7a e fazer parte dessa hist\u00f3ria\u201d, destaca o gestor.<\/p>\n\n\n\n<figure class=\"wp-block-image size-full\"><img decoding=\"async\" width=\"889\" height=\"577\" src=\"https:\/\/noticiaempauta.com\/portal\/wp-content\/uploads\/2024\/02\/Imagem-do-WhatsApp-de-2024-02-01-as-10.37.49_5fbc688d.jpg\" alt=\"\" class=\"wp-image-254245\" srcset=\"https:\/\/noticiaempauta.com\/portal\/wp-content\/uploads\/2024\/02\/Imagem-do-WhatsApp-de-2024-02-01-as-10.37.49_5fbc688d.jpg 889w, https:\/\/noticiaempauta.com\/portal\/wp-content\/uploads\/2024\/02\/Imagem-do-WhatsApp-de-2024-02-01-as-10.37.49_5fbc688d-300x195.jpg 300w, https:\/\/noticiaempauta.com\/portal\/wp-content\/uploads\/2024\/02\/Imagem-do-WhatsApp-de-2024-02-01-as-10.37.49_5fbc688d-768x498.jpg 768w\" sizes=\"(max-width: 889px) 100vw, 889px\" \/><\/figure>\n\n\n\n<figure class=\"wp-block-image size-large\"><img loading=\"lazy\" decoding=\"async\" width=\"1024\" height=\"1004\" src=\"https:\/\/noticiaempauta.com\/portal\/wp-content\/uploads\/2024\/02\/Imagem-do-WhatsApp-de-2024-02-01-as-10.37.48_98ed717f-1024x1004.jpg\" alt=\"\" class=\"wp-image-254246\" srcset=\"https:\/\/noticiaempauta.com\/portal\/wp-content\/uploads\/2024\/02\/Imagem-do-WhatsApp-de-2024-02-01-as-10.37.48_98ed717f-1024x1004.jpg 1024w, https:\/\/noticiaempauta.com\/portal\/wp-content\/uploads\/2024\/02\/Imagem-do-WhatsApp-de-2024-02-01-as-10.37.48_98ed717f-300x294.jpg 300w, https:\/\/noticiaempauta.com\/portal\/wp-content\/uploads\/2024\/02\/Imagem-do-WhatsApp-de-2024-02-01-as-10.37.48_98ed717f-768x753.jpg 768w, https:\/\/noticiaempauta.com\/portal\/wp-content\/uploads\/2024\/02\/Imagem-do-WhatsApp-de-2024-02-01-as-10.37.48_98ed717f.jpg 1080w\" sizes=\"(max-width: 1024px) 100vw, 1024px\" \/><\/figure>\n\n\n\n<p>Com uma grande estrutura montada para a realiza\u00e7\u00e3o dos shows musicais e receber os foli\u00f5es com qualidade e seguran\u00e7a, o Z\u00e9 Pereira de Picos \u00e9 uma realiza\u00e7\u00e3o da Pronome Produ\u00e7\u00f5es e Eventos, e conta com patroc\u00ednio do Governo do Estado do Piau\u00ed, por meio da Secretaria do Turismo do\u00a0Piau\u00ed\u00a0(Setur).<\/p>\n","protected":false},"excerpt":{"rendered":"<p>Dando o pontap\u00e9 inicial para a \u00e9poca mais festiva do ano, o Carnaval, a segunda edi\u00e7\u00e3o do Z\u00e9 Pereira de Picos acontece nesta sexta (02), no estacionamento do Piau\u00ed Shopping. O evento conta com apresenta\u00e7\u00f5es de artistas nacionais como a banda \u00c9 O Tchan e o cantor L\u00e9o Santana. Para o secret\u00e1rio do Turismo, Pablo [&hellip;]<\/p>\n","protected":false},"author":2,"featured_media":254247,"comment_status":"open","ping_status":"open","sticky":false,"template":"","format":"standard","meta":{"_mi_skip_tracking":false,"footnotes":""},"categories":[167,25,1,16],"tags":[192],"class_list":["post-254242","post","type-post","status-publish","format-standard","has-post-thumbnail","hentry","category-cultura","category-destaques-site","category-geral","category-todas","tag-destaqueprincipal"],"acf":[],"yoast_head":"<!-- This site is optimized with the Yoast SEO Premium plugin v19.2 (Yoast SEO v26.9) - https:\/\/yoast.com\/product\/yoast-seo-premium-wordpress\/ -->\n<title>Z\u00e9 Pereira de Picos acontece nesta sexta (02) com shows musicais de \u00c9 O Tchan e L\u00e9o Santana - Portal Not\u00edcia em Pauta<\/title>\n<meta name=\"robots\" content=\"index, follow, max-snippet:-1, max-image-preview:large, max-video-preview:-1\" \/>\n<link rel=\"canonical\" href=\"https:\/\/noticiaempauta.com\/portal\/ze-pereira-de-picos-acontece-nesta-sexta-02-com-shows-musicais-de-e-o-tchan-e-leo-santana\/\" \/>\n<meta property=\"og:locale\" content=\"pt_BR\" \/>\n<meta property=\"og:type\" content=\"article\" \/>\n<meta property=\"og:title\" content=\"Z\u00e9 Pereira de Picos acontece nesta sexta (02) com shows musicais de \u00c9 O Tchan e L\u00e9o Santana\" \/>\n<meta property=\"og:description\" content=\"Dando o pontap\u00e9 inicial para a \u00e9poca mais festiva do ano, o Carnaval, a segunda edi\u00e7\u00e3o do Z\u00e9 Pereira de Picos acontece nesta sexta (02), no estacionamento do Piau\u00ed Shopping. O evento conta com apresenta\u00e7\u00f5es de artistas nacionais como a banda \u00c9 O Tchan e o cantor L\u00e9o Santana. Para o secret\u00e1rio do Turismo, Pablo [&hellip;]\" \/>\n<meta property=\"og:url\" content=\"https:\/\/noticiaempauta.com\/portal\/ze-pereira-de-picos-acontece-nesta-sexta-02-com-shows-musicais-de-e-o-tchan-e-leo-santana\/\" \/>\n<meta property=\"og:site_name\" content=\"Portal Not\u00edcia em Pauta\" \/>\n<meta property=\"article:publisher\" content=\"https:\/\/www.facebook.com\/Portal-Notcia-Em-Pauta-102292869264820\/\" \/>\n<meta property=\"article:published_time\" content=\"2024-02-01T19:50:43+00:00\" \/>\n<meta property=\"article:modified_time\" content=\"2024-02-01T19:50:45+00:00\" \/>\n<meta property=\"og:image\" content=\"https:\/\/noticiaempauta.com\/portal\/wp-content\/uploads\/2024\/02\/WhatsApp-Image-2023-12-28-at-07.42.44-1-780x470-1.jpeg\" \/>\n\t<meta property=\"og:image:width\" content=\"780\" \/>\n\t<meta property=\"og:image:height\" content=\"470\" \/>\n\t<meta property=\"og:image:type\" content=\"image\/jpeg\" \/>\n<meta name=\"author\" content=\"Reda\u00e7\u00e3o\" \/>\n<meta name=\"twitter:card\" content=\"summary_large_image\" \/>\n<meta name=\"twitter:label1\" content=\"Escrito por\" \/>\n\t<meta name=\"twitter:data1\" content=\"Reda\u00e7\u00e3o\" \/>\n\t<meta name=\"twitter:label2\" content=\"Est. tempo de leitura\" \/>\n\t<meta name=\"twitter:data2\" content=\"3 minutos\" \/>\n<script type=\"application\/ld+json\" class=\"yoast-schema-graph\">{\"@context\":\"https:\/\/schema.org\",\"@graph\":[{\"@type\":\"Article\",\"@id\":\"https:\/\/noticiaempauta.com\/portal\/ze-pereira-de-picos-acontece-nesta-sexta-02-com-shows-musicais-de-e-o-tchan-e-leo-santana\/#article\",\"isPartOf\":{\"@id\":\"https:\/\/noticiaempauta.com\/portal\/ze-pereira-de-picos-acontece-nesta-sexta-02-com-shows-musicais-de-e-o-tchan-e-leo-santana\/\"},\"author\":{\"name\":\"Reda\u00e7\u00e3o\",\"@id\":\"https:\/\/noticiaempauta.com\/portal\/#\/schema\/person\/a74af43dd1ab3deca45f988c717d57ac\"},\"headline\":\"Z\u00e9 Pereira de Picos acontece nesta sexta (02) com shows musicais de \u00c9 O Tchan e L\u00e9o Santana\",\"datePublished\":\"2024-02-01T19:50:43+00:00\",\"dateModified\":\"2024-02-01T19:50:45+00:00\",\"mainEntityOfPage\":{\"@id\":\"https:\/\/noticiaempauta.com\/portal\/ze-pereira-de-picos-acontece-nesta-sexta-02-com-shows-musicais-de-e-o-tchan-e-leo-santana\/\"},\"wordCount\":251,\"commentCount\":0,\"publisher\":{\"@id\":\"https:\/\/noticiaempauta.com\/portal\/#organization\"},\"image\":{\"@id\":\"https:\/\/noticiaempauta.com\/portal\/ze-pereira-de-picos-acontece-nesta-sexta-02-com-shows-musicais-de-e-o-tchan-e-leo-santana\/#primaryimage\"},\"thumbnailUrl\":\"https:\/\/noticiaempauta.com\/portal\/wp-content\/uploads\/2024\/02\/WhatsApp-Image-2023-12-28-at-07.42.44-1-780x470-1.jpeg\",\"keywords\":[\"destaqueprincipal\"],\"articleSection\":[\"Cultura\",\"Destaques\",\"Geral\",\"Todas as Not\u00edcias\"],\"inLanguage\":\"pt-BR\",\"potentialAction\":[{\"@type\":\"CommentAction\",\"name\":\"Comment\",\"target\":[\"https:\/\/noticiaempauta.com\/portal\/ze-pereira-de-picos-acontece-nesta-sexta-02-com-shows-musicais-de-e-o-tchan-e-leo-santana\/#respond\"]}]},{\"@type\":\"WebPage\",\"@id\":\"https:\/\/noticiaempauta.com\/portal\/ze-pereira-de-picos-acontece-nesta-sexta-02-com-shows-musicais-de-e-o-tchan-e-leo-santana\/\",\"url\":\"https:\/\/noticiaempauta.com\/portal\/ze-pereira-de-picos-acontece-nesta-sexta-02-com-shows-musicais-de-e-o-tchan-e-leo-santana\/\",\"name\":\"Z\u00e9 Pereira de Picos acontece nesta sexta (02) com shows musicais de \u00c9 O Tchan e L\u00e9o Santana - Portal Not\u00edcia em Pauta\",\"isPartOf\":{\"@id\":\"https:\/\/noticiaempauta.com\/portal\/#website\"},\"primaryImageOfPage\":{\"@id\":\"https:\/\/noticiaempauta.com\/portal\/ze-pereira-de-picos-acontece-nesta-sexta-02-com-shows-musicais-de-e-o-tchan-e-leo-santana\/#primaryimage\"},\"image\":{\"@id\":\"https:\/\/noticiaempauta.com\/portal\/ze-pereira-de-picos-acontece-nesta-sexta-02-com-shows-musicais-de-e-o-tchan-e-leo-santana\/#primaryimage\"},\"thumbnailUrl\":\"https:\/\/noticiaempauta.com\/portal\/wp-content\/uploads\/2024\/02\/WhatsApp-Image-2023-12-28-at-07.42.44-1-780x470-1.jpeg\",\"datePublished\":\"2024-02-01T19:50:43+00:00\",\"dateModified\":\"2024-02-01T19:50:45+00:00\",\"breadcrumb\":{\"@id\":\"https:\/\/noticiaempauta.com\/portal\/ze-pereira-de-picos-acontece-nesta-sexta-02-com-shows-musicais-de-e-o-tchan-e-leo-santana\/#breadcrumb\"},\"inLanguage\":\"pt-BR\",\"potentialAction\":[{\"@type\":\"ReadAction\",\"target\":[\"https:\/\/noticiaempauta.com\/portal\/ze-pereira-de-picos-acontece-nesta-sexta-02-com-shows-musicais-de-e-o-tchan-e-leo-santana\/\"]}]},{\"@type\":\"ImageObject\",\"inLanguage\":\"pt-BR\",\"@id\":\"https:\/\/noticiaempauta.com\/portal\/ze-pereira-de-picos-acontece-nesta-sexta-02-com-shows-musicais-de-e-o-tchan-e-leo-santana\/#primaryimage\",\"url\":\"https:\/\/noticiaempauta.com\/portal\/wp-content\/uploads\/2024\/02\/WhatsApp-Image-2023-12-28-at-07.42.44-1-780x470-1.jpeg\",\"contentUrl\":\"https:\/\/noticiaempauta.com\/portal\/wp-content\/uploads\/2024\/02\/WhatsApp-Image-2023-12-28-at-07.42.44-1-780x470-1.jpeg\",\"width\":780,\"height\":470},{\"@type\":\"BreadcrumbList\",\"@id\":\"https:\/\/noticiaempauta.com\/portal\/ze-pereira-de-picos-acontece-nesta-sexta-02-com-shows-musicais-de-e-o-tchan-e-leo-santana\/#breadcrumb\",\"itemListElement\":[{\"@type\":\"ListItem\",\"position\":1,\"name\":\"P\u00e1gina Inicial\",\"item\":\"https:\/\/noticiaempauta.com\/portal\/\"},{\"@type\":\"ListItem\",\"position\":2,\"name\":\"Cultura\",\"item\":\"https:\/\/noticiaempauta.com\/portal\/cultura\/\"},{\"@type\":\"ListItem\",\"position\":3,\"name\":\"Z\u00e9 Pereira de Picos acontece nesta sexta (02) com shows musicais de \u00c9 O Tchan e L\u00e9o Santana\"}]},{\"@type\":\"WebSite\",\"@id\":\"https:\/\/noticiaempauta.com\/portal\/#website\",\"url\":\"https:\/\/noticiaempauta.com\/portal\/\",\"name\":\"Portal Not\u00edcia em Pauta\",\"description\":\"Voc\u00ea bem informado\",\"publisher\":{\"@id\":\"https:\/\/noticiaempauta.com\/portal\/#organization\"},\"potentialAction\":[{\"@type\":\"SearchAction\",\"target\":{\"@type\":\"EntryPoint\",\"urlTemplate\":\"https:\/\/noticiaempauta.com\/portal\/?s={search_term_string}\"},\"query-input\":{\"@type\":\"PropertyValueSpecification\",\"valueRequired\":true,\"valueName\":\"search_term_string\"}}],\"inLanguage\":\"pt-BR\"},{\"@type\":\"Organization\",\"@id\":\"https:\/\/noticiaempauta.com\/portal\/#organization\",\"name\":\"Portal Not\u00edcia em Pauta\",\"url\":\"https:\/\/noticiaempauta.com\/portal\/\",\"logo\":{\"@type\":\"ImageObject\",\"inLanguage\":\"pt-BR\",\"@id\":\"https:\/\/noticiaempauta.com\/portal\/#\/schema\/logo\/image\/\",\"url\":\"https:\/\/noticiaempauta.com\/portal\/wp-content\/uploads\/2022\/08\/logomarca_tema.fw_.png\",\"contentUrl\":\"https:\/\/noticiaempauta.com\/portal\/wp-content\/uploads\/2022\/08\/logomarca_tema.fw_.png\",\"width\":400,\"height\":232,\"caption\":\"Portal Not\u00edcia em Pauta\"},\"image\":{\"@id\":\"https:\/\/noticiaempauta.com\/portal\/#\/schema\/logo\/image\/\"},\"sameAs\":[\"https:\/\/www.facebook.com\/Portal-Notcia-Em-Pauta-102292869264820\/\",\"https:\/\/www.instagram.com\/portalnoticiaempauta\/\"]},{\"@type\":\"Person\",\"@id\":\"https:\/\/noticiaempauta.com\/portal\/#\/schema\/person\/a74af43dd1ab3deca45f988c717d57ac\",\"name\":\"Reda\u00e7\u00e3o\",\"image\":{\"@type\":\"ImageObject\",\"inLanguage\":\"pt-BR\",\"@id\":\"https:\/\/noticiaempauta.com\/portal\/#\/schema\/person\/image\/\",\"url\":\"https:\/\/secure.gravatar.com\/avatar\/03179346ecce6cdfc13361603e8f54242a90e5cde8618fa23c5c00aa2b0aadf3?s=96&d=mm&r=g\",\"contentUrl\":\"https:\/\/secure.gravatar.com\/avatar\/03179346ecce6cdfc13361603e8f54242a90e5cde8618fa23c5c00aa2b0aadf3?s=96&d=mm&r=g\",\"caption\":\"Reda\u00e7\u00e3o\"},\"sameAs\":[\"https:\/\/noticiaempauta.com\/portal\/\"],\"url\":\"https:\/\/noticiaempauta.com\/portal\/author\/fernando\/\"}]}<\/script>\n<!-- \/ Yoast SEO Premium plugin. -->","yoast_head_json":{"title":"Z\u00e9 Pereira de Picos acontece nesta sexta (02) com shows musicais de \u00c9 O Tchan e L\u00e9o Santana - Portal Not\u00edcia em Pauta","robots":{"index":"index","follow":"follow","max-snippet":"max-snippet:-1","max-image-preview":"max-image-preview:large","max-video-preview":"max-video-preview:-1"},"canonical":"https:\/\/noticiaempauta.com\/portal\/ze-pereira-de-picos-acontece-nesta-sexta-02-com-shows-musicais-de-e-o-tchan-e-leo-santana\/","og_locale":"pt_BR","og_type":"article","og_title":"Z\u00e9 Pereira de Picos acontece nesta sexta (02) com shows musicais de \u00c9 O Tchan e L\u00e9o Santana","og_description":"Dando o pontap\u00e9 inicial para a \u00e9poca mais festiva do ano, o Carnaval, a segunda edi\u00e7\u00e3o do Z\u00e9 Pereira de Picos acontece nesta sexta (02), no estacionamento do Piau\u00ed Shopping. O evento conta com apresenta\u00e7\u00f5es de artistas nacionais como a banda \u00c9 O Tchan e o cantor L\u00e9o Santana. Para o secret\u00e1rio do Turismo, Pablo [&hellip;]","og_url":"https:\/\/noticiaempauta.com\/portal\/ze-pereira-de-picos-acontece-nesta-sexta-02-com-shows-musicais-de-e-o-tchan-e-leo-santana\/","og_site_name":"Portal Not\u00edcia em Pauta","article_publisher":"https:\/\/www.facebook.com\/Portal-Notcia-Em-Pauta-102292869264820\/","article_published_time":"2024-02-01T19:50:43+00:00","article_modified_time":"2024-02-01T19:50:45+00:00","og_image":[{"width":780,"height":470,"url":"https:\/\/noticiaempauta.com\/portal\/wp-content\/uploads\/2024\/02\/WhatsApp-Image-2023-12-28-at-07.42.44-1-780x470-1.jpeg","type":"image\/jpeg"}],"author":"Reda\u00e7\u00e3o","twitter_card":"summary_large_image","twitter_misc":{"Escrito por":"Reda\u00e7\u00e3o","Est. tempo de leitura":"3 minutos"},"schema":{"@context":"https:\/\/schema.org","@graph":[{"@type":"Article","@id":"https:\/\/noticiaempauta.com\/portal\/ze-pereira-de-picos-acontece-nesta-sexta-02-com-shows-musicais-de-e-o-tchan-e-leo-santana\/#article","isPartOf":{"@id":"https:\/\/noticiaempauta.com\/portal\/ze-pereira-de-picos-acontece-nesta-sexta-02-com-shows-musicais-de-e-o-tchan-e-leo-santana\/"},"author":{"name":"Reda\u00e7\u00e3o","@id":"https:\/\/noticiaempauta.com\/portal\/#\/schema\/person\/a74af43dd1ab3deca45f988c717d57ac"},"headline":"Z\u00e9 Pereira de Picos acontece nesta sexta (02) com shows musicais de \u00c9 O Tchan e L\u00e9o Santana","datePublished":"2024-02-01T19:50:43+00:00","dateModified":"2024-02-01T19:50:45+00:00","mainEntityOfPage":{"@id":"https:\/\/noticiaempauta.com\/portal\/ze-pereira-de-picos-acontece-nesta-sexta-02-com-shows-musicais-de-e-o-tchan-e-leo-santana\/"},"wordCount":251,"commentCount":0,"publisher":{"@id":"https:\/\/noticiaempauta.com\/portal\/#organization"},"image":{"@id":"https:\/\/noticiaempauta.com\/portal\/ze-pereira-de-picos-acontece-nesta-sexta-02-com-shows-musicais-de-e-o-tchan-e-leo-santana\/#primaryimage"},"thumbnailUrl":"https:\/\/noticiaempauta.com\/portal\/wp-content\/uploads\/2024\/02\/WhatsApp-Image-2023-12-28-at-07.42.44-1-780x470-1.jpeg","keywords":["destaqueprincipal"],"articleSection":["Cultura","Destaques","Geral","Todas as Not\u00edcias"],"inLanguage":"pt-BR","potentialAction":[{"@type":"CommentAction","name":"Comment","target":["https:\/\/noticiaempauta.com\/portal\/ze-pereira-de-picos-acontece-nesta-sexta-02-com-shows-musicais-de-e-o-tchan-e-leo-santana\/#respond"]}]},{"@type":"WebPage","@id":"https:\/\/noticiaempauta.com\/portal\/ze-pereira-de-picos-acontece-nesta-sexta-02-com-shows-musicais-de-e-o-tchan-e-leo-santana\/","url":"https:\/\/noticiaempauta.com\/portal\/ze-pereira-de-picos-acontece-nesta-sexta-02-com-shows-musicais-de-e-o-tchan-e-leo-santana\/","name":"Z\u00e9 Pereira de Picos acontece nesta sexta (02) com shows musicais de \u00c9 O Tchan e L\u00e9o Santana - Portal Not\u00edcia em Pauta","isPartOf":{"@id":"https:\/\/noticiaempauta.com\/portal\/#website"},"primaryImageOfPage":{"@id":"https:\/\/noticiaempauta.com\/portal\/ze-pereira-de-picos-acontece-nesta-sexta-02-com-shows-musicais-de-e-o-tchan-e-leo-santana\/#primaryimage"},"image":{"@id":"https:\/\/noticiaempauta.com\/portal\/ze-pereira-de-picos-acontece-nesta-sexta-02-com-shows-musicais-de-e-o-tchan-e-leo-santana\/#primaryimage"},"thumbnailUrl":"https:\/\/noticiaempauta.com\/portal\/wp-content\/uploads\/2024\/02\/WhatsApp-Image-2023-12-28-at-07.42.44-1-780x470-1.jpeg","datePublished":"2024-02-01T19:50:43+00:00","dateModified":"2024-02-01T19:50:45+00:00","breadcrumb":{"@id":"https:\/\/noticiaempauta.com\/portal\/ze-pereira-de-picos-acontece-nesta-sexta-02-com-shows-musicais-de-e-o-tchan-e-leo-santana\/#breadcrumb"},"inLanguage":"pt-BR","potentialAction":[{"@type":"ReadAction","target":["https:\/\/noticiaempauta.com\/portal\/ze-pereira-de-picos-acontece-nesta-sexta-02-com-shows-musicais-de-e-o-tchan-e-leo-santana\/"]}]},{"@type":"ImageObject","inLanguage":"pt-BR","@id":"https:\/\/noticiaempauta.com\/portal\/ze-pereira-de-picos-acontece-nesta-sexta-02-com-shows-musicais-de-e-o-tchan-e-leo-santana\/#primaryimage","url":"https:\/\/noticiaempauta.com\/portal\/wp-content\/uploads\/2024\/02\/WhatsApp-Image-2023-12-28-at-07.42.44-1-780x470-1.jpeg","contentUrl":"https:\/\/noticiaempauta.com\/portal\/wp-content\/uploads\/2024\/02\/WhatsApp-Image-2023-12-28-at-07.42.44-1-780x470-1.jpeg","width":780,"height":470},{"@type":"BreadcrumbList","@id":"https:\/\/noticiaempauta.com\/portal\/ze-pereira-de-picos-acontece-nesta-sexta-02-com-shows-musicais-de-e-o-tchan-e-leo-santana\/#breadcrumb","itemListElement":[{"@type":"ListItem","position":1,"name":"P\u00e1gina Inicial","item":"https:\/\/noticiaempauta.com\/portal\/"},{"@type":"ListItem","position":2,"name":"Cultura","item":"https:\/\/noticiaempauta.com\/portal\/cultura\/"},{"@type":"ListItem","position":3,"name":"Z\u00e9 Pereira de Picos acontece nesta sexta (02) com shows musicais de \u00c9 O Tchan e L\u00e9o Santana"}]},{"@type":"WebSite","@id":"https:\/\/noticiaempauta.com\/portal\/#website","url":"https:\/\/noticiaempauta.com\/portal\/","name":"Portal Not\u00edcia em Pauta","description":"Voc\u00ea bem informado","publisher":{"@id":"https:\/\/noticiaempauta.com\/portal\/#organization"},"potentialAction":[{"@type":"SearchAction","target":{"@type":"EntryPoint","urlTemplate":"https:\/\/noticiaempauta.com\/portal\/?s={search_term_string}"},"query-input":{"@type":"PropertyValueSpecification","valueRequired":true,"valueName":"search_term_string"}}],"inLanguage":"pt-BR"},{"@type":"Organization","@id":"https:\/\/noticiaempauta.com\/portal\/#organization","name":"Portal Not\u00edcia em Pauta","url":"https:\/\/noticiaempauta.com\/portal\/","logo":{"@type":"ImageObject","inLanguage":"pt-BR","@id":"https:\/\/noticiaempauta.com\/portal\/#\/schema\/logo\/image\/","url":"https:\/\/noticiaempauta.com\/portal\/wp-content\/uploads\/2022\/08\/logomarca_tema.fw_.png","contentUrl":"https:\/\/noticiaempauta.com\/portal\/wp-content\/uploads\/2022\/08\/logomarca_tema.fw_.png","width":400,"height":232,"caption":"Portal Not\u00edcia em Pauta"},"image":{"@id":"https:\/\/noticiaempauta.com\/portal\/#\/schema\/logo\/image\/"},"sameAs":["https:\/\/www.facebook.com\/Portal-Notcia-Em-Pauta-102292869264820\/","https:\/\/www.instagram.com\/portalnoticiaempauta\/"]},{"@type":"Person","@id":"https:\/\/noticiaempauta.com\/portal\/#\/schema\/person\/a74af43dd1ab3deca45f988c717d57ac","name":"Reda\u00e7\u00e3o","image":{"@type":"ImageObject","inLanguage":"pt-BR","@id":"https:\/\/noticiaempauta.com\/portal\/#\/schema\/person\/image\/","url":"https:\/\/secure.gravatar.com\/avatar\/03179346ecce6cdfc13361603e8f54242a90e5cde8618fa23c5c00aa2b0aadf3?s=96&d=mm&r=g","contentUrl":"https:\/\/secure.gravatar.com\/avatar\/03179346ecce6cdfc13361603e8f54242a90e5cde8618fa23c5c00aa2b0aadf3?s=96&d=mm&r=g","caption":"Reda\u00e7\u00e3o"},"sameAs":["https:\/\/noticiaempauta.com\/portal\/"],"url":"https:\/\/noticiaempauta.com\/portal\/author\/fernando\/"}]}},"_links":{"self":[{"href":"https:\/\/noticiaempauta.com\/portal\/wp-json\/wp\/v2\/posts\/254242","targetHints":{"allow":["GET"]}}],"collection":[{"href":"https:\/\/noticiaempauta.com\/portal\/wp-json\/wp\/v2\/posts"}],"about":[{"href":"https:\/\/noticiaempauta.com\/portal\/wp-json\/wp\/v2\/types\/post"}],"author":[{"embeddable":true,"href":"https:\/\/noticiaempauta.com\/portal\/wp-json\/wp\/v2\/users\/2"}],"replies":[{"embeddable":true,"href":"https:\/\/noticiaempauta.com\/portal\/wp-json\/wp\/v2\/comments?post=254242"}],"version-history":[{"count":2,"href":"https:\/\/noticiaempauta.com\/portal\/wp-json\/wp\/v2\/posts\/254242\/revisions"}],"predecessor-version":[{"id":254249,"href":"https:\/\/noticiaempauta.com\/portal\/wp-json\/wp\/v2\/posts\/254242\/revisions\/254249"}],"wp:featuredmedia":[{"embeddable":true,"href":"https:\/\/noticiaempauta.com\/portal\/wp-json\/wp\/v2\/media\/254247"}],"wp:attachment":[{"href":"https:\/\/noticiaempauta.com\/portal\/wp-json\/wp\/v2\/media?parent=254242"}],"wp:term":[{"taxonomy":"category","embeddable":true,"href":"https:\/\/noticiaempauta.com\/portal\/wp-json\/wp\/v2\/categories?post=254242"},{"taxonomy":"post_tag","embeddable":true,"href":"https:\/\/noticiaempauta.com\/portal\/wp-json\/wp\/v2\/tags?post=254242"}],"curies":[{"name":"wp","href":"https:\/\/api.w.org\/{rel}","templated":true}]}}