{"id":254261,"date":"2024-02-01T17:24:03","date_gmt":"2024-02-01T20:24:03","guid":{"rendered":"https:\/\/noticiaempauta.com\/portal\/?p=254261"},"modified":"2024-02-01T17:24:13","modified_gmt":"2024-02-01T20:24:13","slug":"melhor-escolha-para-teresina-diz-marden-apos-adesao-a-fabio-novo","status":"publish","type":"post","link":"https:\/\/noticiaempauta.com\/portal\/melhor-escolha-para-teresina-diz-marden-apos-adesao-a-fabio-novo\/","title":{"rendered":"\u201cMelhor escolha para Teresina\u201d, diz Marden ap\u00f3s ades\u00e3o a F\u00e1bio Novo"},"content":{"rendered":"\n<p>O deputado estadual e l\u00edder da oposi\u00e7\u00e3o na Alepi, Marden Menezes,\u00a0usou as redes sociais para se pronunciar ap\u00f3s o ato de ades\u00e3o ao pr\u00e9-candidato do PT, F\u00e1bio Novo,\u00a0que aconteceu durante evento na manh\u00e3 desta quinta-feira (01).<\/p>\n\n\n\n<p>De acordo com o parlamentar, o apoio ao projeto do petista foi tomado com inteira convic\u00e7\u00e3o de se tratar do melhor para a capital piauiense.\u00a0Al\u00e9m disso, ele tamb\u00e9m refor\u00e7ou que F\u00e1bio Novo representa a uni\u00e3o que Teresina precisa.<\/p>\n\n\n\n<figure class=\"wp-block-image size-full\"><img fetchpriority=\"high\" decoding=\"async\" width=\"855\" height=\"480\" src=\"https:\/\/noticiaempauta.com\/portal\/wp-content\/uploads\/2024\/02\/melhor-escolha-para-teresina-diz-marden-apos-adesao-a-fabio-novo-912f4653-f647-4b9e-ba9e-5988ce8a3483.webp\" alt=\"\" class=\"wp-image-254263\" srcset=\"https:\/\/noticiaempauta.com\/portal\/wp-content\/uploads\/2024\/02\/melhor-escolha-para-teresina-diz-marden-apos-adesao-a-fabio-novo-912f4653-f647-4b9e-ba9e-5988ce8a3483.webp 855w, https:\/\/noticiaempauta.com\/portal\/wp-content\/uploads\/2024\/02\/melhor-escolha-para-teresina-diz-marden-apos-adesao-a-fabio-novo-912f4653-f647-4b9e-ba9e-5988ce8a3483-300x168.webp 300w, https:\/\/noticiaempauta.com\/portal\/wp-content\/uploads\/2024\/02\/melhor-escolha-para-teresina-diz-marden-apos-adesao-a-fabio-novo-912f4653-f647-4b9e-ba9e-5988ce8a3483-768x431.webp 768w\" sizes=\"(max-width: 855px) 100vw, 855px\" \/><\/figure>\n\n\n\n<p>&#8220;Uma decis\u00e3o que tomo com toda convic\u00e7\u00e3o de ser a melhor escolha para Teresina e, claro, para o Piau\u00ed, nesse momento. Ser\u00e3o necess\u00e1rias muitas m\u00e3os, c\u00e9rebros e cora\u00e7\u00f5es, juntos, motivados, para tirar nossa capital dessa situa\u00e7\u00e3o&#8221;, escreveu.<\/p>\n\n\n\n<p>Al\u00e9m de declarar apoio a F\u00e1bio Novo, o ato tamb\u00e9m marcou a entrada oficial de Marden na base de apoio ao governador Rafael Fonteles.\u00a0A tend\u00eancia \u00e9 que, durante a janela partid\u00e1ria, ele migre para o PSB.<\/p>\n\n\n\n<p>&#8220;\u00c9 ineg\u00e1vel que o momento vivido pelo Estado, com a gest\u00e3o inovadora do governador Rafael Fonteles refor\u00e7a a cren\u00e7a de que tem tudo para dar certo! Sem radicalismos, sem quest\u00f5es pessoais, sem qualquer outro sentimento que n\u00e3o seja levantar Teresina e fazer o melhor Piau\u00ed&#8221;, concluiu.<\/p>\n\n\n\n<p><em>Fonte: Meio Norte<\/em><\/p>\n","protected":false},"excerpt":{"rendered":"<p>O deputado estadual e l\u00edder da oposi\u00e7\u00e3o na Alepi, Marden Menezes,\u00a0usou as redes sociais para se pronunciar ap\u00f3s o ato de ades\u00e3o ao pr\u00e9-candidato do PT, F\u00e1bio Novo,\u00a0que aconteceu durante evento na manh\u00e3 desta quinta-feira (01). De acordo com o parlamentar, o apoio ao projeto do petista foi tomado com inteira convic\u00e7\u00e3o de se tratar [&hellip;]<\/p>\n","protected":false},"author":2,"featured_media":254263,"comment_status":"open","ping_status":"open","sticky":false,"template":"","format":"standard","meta":{"_mi_skip_tracking":false,"footnotes":""},"categories":[25,3,16],"tags":[192],"class_list":["post-254261","post","type-post","status-publish","format-standard","has-post-thumbnail","hentry","category-destaques-site","category-politica","category-todas","tag-destaqueprincipal"],"acf":[],"yoast_head":"<!-- This site is optimized with the Yoast SEO Premium plugin v19.2 (Yoast SEO v26.9) - https:\/\/yoast.com\/product\/yoast-seo-premium-wordpress\/ -->\n<title>\u201cMelhor escolha para Teresina\u201d, diz Marden ap\u00f3s ades\u00e3o a F\u00e1bio Novo - Portal Not\u00edcia em Pauta<\/title>\n<meta name=\"robots\" content=\"index, follow, max-snippet:-1, max-image-preview:large, max-video-preview:-1\" \/>\n<link rel=\"canonical\" href=\"https:\/\/noticiaempauta.com\/portal\/melhor-escolha-para-teresina-diz-marden-apos-adesao-a-fabio-novo\/\" \/>\n<meta property=\"og:locale\" content=\"pt_BR\" \/>\n<meta property=\"og:type\" content=\"article\" \/>\n<meta property=\"og:title\" content=\"\u201cMelhor escolha para Teresina\u201d, diz Marden ap\u00f3s ades\u00e3o a F\u00e1bio Novo\" \/>\n<meta property=\"og:description\" content=\"O deputado estadual e l\u00edder da oposi\u00e7\u00e3o na Alepi, Marden Menezes,\u00a0usou as redes sociais para se pronunciar ap\u00f3s o ato de ades\u00e3o ao pr\u00e9-candidato do PT, F\u00e1bio Novo,\u00a0que aconteceu durante evento na manh\u00e3 desta quinta-feira (01). De acordo com o parlamentar, o apoio ao projeto do petista foi tomado com inteira convic\u00e7\u00e3o de se tratar [&hellip;]\" \/>\n<meta property=\"og:url\" content=\"https:\/\/noticiaempauta.com\/portal\/melhor-escolha-para-teresina-diz-marden-apos-adesao-a-fabio-novo\/\" \/>\n<meta property=\"og:site_name\" content=\"Portal Not\u00edcia em Pauta\" \/>\n<meta property=\"article:publisher\" content=\"https:\/\/www.facebook.com\/Portal-Notcia-Em-Pauta-102292869264820\/\" \/>\n<meta property=\"article:published_time\" content=\"2024-02-01T20:24:03+00:00\" \/>\n<meta property=\"article:modified_time\" content=\"2024-02-01T20:24:13+00:00\" \/>\n<meta property=\"og:image\" content=\"https:\/\/noticiaempauta.com\/portal\/wp-content\/uploads\/2024\/02\/melhor-escolha-para-teresina-diz-marden-apos-adesao-a-fabio-novo-912f4653-f647-4b9e-ba9e-5988ce8a3483.webp\" \/>\n\t<meta property=\"og:image:width\" content=\"855\" \/>\n\t<meta property=\"og:image:height\" content=\"480\" \/>\n\t<meta property=\"og:image:type\" content=\"image\/webp\" \/>\n<meta name=\"author\" content=\"Reda\u00e7\u00e3o\" \/>\n<meta name=\"twitter:card\" content=\"summary_large_image\" \/>\n<meta name=\"twitter:label1\" content=\"Escrito por\" \/>\n\t<meta name=\"twitter:data1\" content=\"Reda\u00e7\u00e3o\" \/>\n\t<meta name=\"twitter:label2\" content=\"Est. tempo de leitura\" \/>\n\t<meta name=\"twitter:data2\" content=\"2 minutos\" \/>\n<script type=\"application\/ld+json\" class=\"yoast-schema-graph\">{\"@context\":\"https:\/\/schema.org\",\"@graph\":[{\"@type\":\"Article\",\"@id\":\"https:\/\/noticiaempauta.com\/portal\/melhor-escolha-para-teresina-diz-marden-apos-adesao-a-fabio-novo\/#article\",\"isPartOf\":{\"@id\":\"https:\/\/noticiaempauta.com\/portal\/melhor-escolha-para-teresina-diz-marden-apos-adesao-a-fabio-novo\/\"},\"author\":{\"name\":\"Reda\u00e7\u00e3o\",\"@id\":\"https:\/\/noticiaempauta.com\/portal\/#\/schema\/person\/a74af43dd1ab3deca45f988c717d57ac\"},\"headline\":\"\u201cMelhor escolha para Teresina\u201d, diz Marden ap\u00f3s ades\u00e3o a F\u00e1bio Novo\",\"datePublished\":\"2024-02-01T20:24:03+00:00\",\"dateModified\":\"2024-02-01T20:24:13+00:00\",\"mainEntityOfPage\":{\"@id\":\"https:\/\/noticiaempauta.com\/portal\/melhor-escolha-para-teresina-diz-marden-apos-adesao-a-fabio-novo\/\"},\"wordCount\":242,\"commentCount\":0,\"publisher\":{\"@id\":\"https:\/\/noticiaempauta.com\/portal\/#organization\"},\"image\":{\"@id\":\"https:\/\/noticiaempauta.com\/portal\/melhor-escolha-para-teresina-diz-marden-apos-adesao-a-fabio-novo\/#primaryimage\"},\"thumbnailUrl\":\"https:\/\/noticiaempauta.com\/portal\/wp-content\/uploads\/2024\/02\/melhor-escolha-para-teresina-diz-marden-apos-adesao-a-fabio-novo-912f4653-f647-4b9e-ba9e-5988ce8a3483.webp\",\"keywords\":[\"destaqueprincipal\"],\"articleSection\":[\"Destaques\",\"Pol\u00edtica\",\"Todas as Not\u00edcias\"],\"inLanguage\":\"pt-BR\",\"potentialAction\":[{\"@type\":\"CommentAction\",\"name\":\"Comment\",\"target\":[\"https:\/\/noticiaempauta.com\/portal\/melhor-escolha-para-teresina-diz-marden-apos-adesao-a-fabio-novo\/#respond\"]}]},{\"@type\":\"WebPage\",\"@id\":\"https:\/\/noticiaempauta.com\/portal\/melhor-escolha-para-teresina-diz-marden-apos-adesao-a-fabio-novo\/\",\"url\":\"https:\/\/noticiaempauta.com\/portal\/melhor-escolha-para-teresina-diz-marden-apos-adesao-a-fabio-novo\/\",\"name\":\"\u201cMelhor escolha para Teresina\u201d, diz Marden ap\u00f3s ades\u00e3o a F\u00e1bio Novo - Portal Not\u00edcia em Pauta\",\"isPartOf\":{\"@id\":\"https:\/\/noticiaempauta.com\/portal\/#website\"},\"primaryImageOfPage\":{\"@id\":\"https:\/\/noticiaempauta.com\/portal\/melhor-escolha-para-teresina-diz-marden-apos-adesao-a-fabio-novo\/#primaryimage\"},\"image\":{\"@id\":\"https:\/\/noticiaempauta.com\/portal\/melhor-escolha-para-teresina-diz-marden-apos-adesao-a-fabio-novo\/#primaryimage\"},\"thumbnailUrl\":\"https:\/\/noticiaempauta.com\/portal\/wp-content\/uploads\/2024\/02\/melhor-escolha-para-teresina-diz-marden-apos-adesao-a-fabio-novo-912f4653-f647-4b9e-ba9e-5988ce8a3483.webp\",\"datePublished\":\"2024-02-01T20:24:03+00:00\",\"dateModified\":\"2024-02-01T20:24:13+00:00\",\"breadcrumb\":{\"@id\":\"https:\/\/noticiaempauta.com\/portal\/melhor-escolha-para-teresina-diz-marden-apos-adesao-a-fabio-novo\/#breadcrumb\"},\"inLanguage\":\"pt-BR\",\"potentialAction\":[{\"@type\":\"ReadAction\",\"target\":[\"https:\/\/noticiaempauta.com\/portal\/melhor-escolha-para-teresina-diz-marden-apos-adesao-a-fabio-novo\/\"]}]},{\"@type\":\"ImageObject\",\"inLanguage\":\"pt-BR\",\"@id\":\"https:\/\/noticiaempauta.com\/portal\/melhor-escolha-para-teresina-diz-marden-apos-adesao-a-fabio-novo\/#primaryimage\",\"url\":\"https:\/\/noticiaempauta.com\/portal\/wp-content\/uploads\/2024\/02\/melhor-escolha-para-teresina-diz-marden-apos-adesao-a-fabio-novo-912f4653-f647-4b9e-ba9e-5988ce8a3483.webp\",\"contentUrl\":\"https:\/\/noticiaempauta.com\/portal\/wp-content\/uploads\/2024\/02\/melhor-escolha-para-teresina-diz-marden-apos-adesao-a-fabio-novo-912f4653-f647-4b9e-ba9e-5988ce8a3483.webp\",\"width\":855,\"height\":480},{\"@type\":\"BreadcrumbList\",\"@id\":\"https:\/\/noticiaempauta.com\/portal\/melhor-escolha-para-teresina-diz-marden-apos-adesao-a-fabio-novo\/#breadcrumb\",\"itemListElement\":[{\"@type\":\"ListItem\",\"position\":1,\"name\":\"P\u00e1gina Inicial\",\"item\":\"https:\/\/noticiaempauta.com\/portal\/\"},{\"@type\":\"ListItem\",\"position\":2,\"name\":\"Destaques\",\"item\":\"https:\/\/noticiaempauta.com\/portal\/destaques-site\/\"},{\"@type\":\"ListItem\",\"position\":3,\"name\":\"\u201cMelhor escolha para Teresina\u201d, diz Marden ap\u00f3s ades\u00e3o a F\u00e1bio Novo\"}]},{\"@type\":\"WebSite\",\"@id\":\"https:\/\/noticiaempauta.com\/portal\/#website\",\"url\":\"https:\/\/noticiaempauta.com\/portal\/\",\"name\":\"Portal Not\u00edcia em Pauta\",\"description\":\"Voc\u00ea bem informado\",\"publisher\":{\"@id\":\"https:\/\/noticiaempauta.com\/portal\/#organization\"},\"potentialAction\":[{\"@type\":\"SearchAction\",\"target\":{\"@type\":\"EntryPoint\",\"urlTemplate\":\"https:\/\/noticiaempauta.com\/portal\/?s={search_term_string}\"},\"query-input\":{\"@type\":\"PropertyValueSpecification\",\"valueRequired\":true,\"valueName\":\"search_term_string\"}}],\"inLanguage\":\"pt-BR\"},{\"@type\":\"Organization\",\"@id\":\"https:\/\/noticiaempauta.com\/portal\/#organization\",\"name\":\"Portal Not\u00edcia em Pauta\",\"url\":\"https:\/\/noticiaempauta.com\/portal\/\",\"logo\":{\"@type\":\"ImageObject\",\"inLanguage\":\"pt-BR\",\"@id\":\"https:\/\/noticiaempauta.com\/portal\/#\/schema\/logo\/image\/\",\"url\":\"https:\/\/noticiaempauta.com\/portal\/wp-content\/uploads\/2022\/08\/logomarca_tema.fw_.png\",\"contentUrl\":\"https:\/\/noticiaempauta.com\/portal\/wp-content\/uploads\/2022\/08\/logomarca_tema.fw_.png\",\"width\":400,\"height\":232,\"caption\":\"Portal Not\u00edcia em Pauta\"},\"image\":{\"@id\":\"https:\/\/noticiaempauta.com\/portal\/#\/schema\/logo\/image\/\"},\"sameAs\":[\"https:\/\/www.facebook.com\/Portal-Notcia-Em-Pauta-102292869264820\/\",\"https:\/\/www.instagram.com\/portalnoticiaempauta\/\"]},{\"@type\":\"Person\",\"@id\":\"https:\/\/noticiaempauta.com\/portal\/#\/schema\/person\/a74af43dd1ab3deca45f988c717d57ac\",\"name\":\"Reda\u00e7\u00e3o\",\"image\":{\"@type\":\"ImageObject\",\"inLanguage\":\"pt-BR\",\"@id\":\"https:\/\/noticiaempauta.com\/portal\/#\/schema\/person\/image\/\",\"url\":\"https:\/\/secure.gravatar.com\/avatar\/03179346ecce6cdfc13361603e8f54242a90e5cde8618fa23c5c00aa2b0aadf3?s=96&d=mm&r=g\",\"contentUrl\":\"https:\/\/secure.gravatar.com\/avatar\/03179346ecce6cdfc13361603e8f54242a90e5cde8618fa23c5c00aa2b0aadf3?s=96&d=mm&r=g\",\"caption\":\"Reda\u00e7\u00e3o\"},\"sameAs\":[\"https:\/\/noticiaempauta.com\/portal\/\"],\"url\":\"https:\/\/noticiaempauta.com\/portal\/author\/fernando\/\"}]}<\/script>\n<!-- \/ Yoast SEO Premium plugin. -->","yoast_head_json":{"title":"\u201cMelhor escolha para Teresina\u201d, diz Marden ap\u00f3s ades\u00e3o a F\u00e1bio Novo - Portal Not\u00edcia em Pauta","robots":{"index":"index","follow":"follow","max-snippet":"max-snippet:-1","max-image-preview":"max-image-preview:large","max-video-preview":"max-video-preview:-1"},"canonical":"https:\/\/noticiaempauta.com\/portal\/melhor-escolha-para-teresina-diz-marden-apos-adesao-a-fabio-novo\/","og_locale":"pt_BR","og_type":"article","og_title":"\u201cMelhor escolha para Teresina\u201d, diz Marden ap\u00f3s ades\u00e3o a F\u00e1bio Novo","og_description":"O deputado estadual e l\u00edder da oposi\u00e7\u00e3o na Alepi, Marden Menezes,\u00a0usou as redes sociais para se pronunciar ap\u00f3s o ato de ades\u00e3o ao pr\u00e9-candidato do PT, F\u00e1bio Novo,\u00a0que aconteceu durante evento na manh\u00e3 desta quinta-feira (01). De acordo com o parlamentar, o apoio ao projeto do petista foi tomado com inteira convic\u00e7\u00e3o de se tratar [&hellip;]","og_url":"https:\/\/noticiaempauta.com\/portal\/melhor-escolha-para-teresina-diz-marden-apos-adesao-a-fabio-novo\/","og_site_name":"Portal Not\u00edcia em Pauta","article_publisher":"https:\/\/www.facebook.com\/Portal-Notcia-Em-Pauta-102292869264820\/","article_published_time":"2024-02-01T20:24:03+00:00","article_modified_time":"2024-02-01T20:24:13+00:00","og_image":[{"width":855,"height":480,"url":"https:\/\/noticiaempauta.com\/portal\/wp-content\/uploads\/2024\/02\/melhor-escolha-para-teresina-diz-marden-apos-adesao-a-fabio-novo-912f4653-f647-4b9e-ba9e-5988ce8a3483.webp","type":"image\/webp"}],"author":"Reda\u00e7\u00e3o","twitter_card":"summary_large_image","twitter_misc":{"Escrito por":"Reda\u00e7\u00e3o","Est. tempo de leitura":"2 minutos"},"schema":{"@context":"https:\/\/schema.org","@graph":[{"@type":"Article","@id":"https:\/\/noticiaempauta.com\/portal\/melhor-escolha-para-teresina-diz-marden-apos-adesao-a-fabio-novo\/#article","isPartOf":{"@id":"https:\/\/noticiaempauta.com\/portal\/melhor-escolha-para-teresina-diz-marden-apos-adesao-a-fabio-novo\/"},"author":{"name":"Reda\u00e7\u00e3o","@id":"https:\/\/noticiaempauta.com\/portal\/#\/schema\/person\/a74af43dd1ab3deca45f988c717d57ac"},"headline":"\u201cMelhor escolha para Teresina\u201d, diz Marden ap\u00f3s ades\u00e3o a F\u00e1bio Novo","datePublished":"2024-02-01T20:24:03+00:00","dateModified":"2024-02-01T20:24:13+00:00","mainEntityOfPage":{"@id":"https:\/\/noticiaempauta.com\/portal\/melhor-escolha-para-teresina-diz-marden-apos-adesao-a-fabio-novo\/"},"wordCount":242,"commentCount":0,"publisher":{"@id":"https:\/\/noticiaempauta.com\/portal\/#organization"},"image":{"@id":"https:\/\/noticiaempauta.com\/portal\/melhor-escolha-para-teresina-diz-marden-apos-adesao-a-fabio-novo\/#primaryimage"},"thumbnailUrl":"https:\/\/noticiaempauta.com\/portal\/wp-content\/uploads\/2024\/02\/melhor-escolha-para-teresina-diz-marden-apos-adesao-a-fabio-novo-912f4653-f647-4b9e-ba9e-5988ce8a3483.webp","keywords":["destaqueprincipal"],"articleSection":["Destaques","Pol\u00edtica","Todas as Not\u00edcias"],"inLanguage":"pt-BR","potentialAction":[{"@type":"CommentAction","name":"Comment","target":["https:\/\/noticiaempauta.com\/portal\/melhor-escolha-para-teresina-diz-marden-apos-adesao-a-fabio-novo\/#respond"]}]},{"@type":"WebPage","@id":"https:\/\/noticiaempauta.com\/portal\/melhor-escolha-para-teresina-diz-marden-apos-adesao-a-fabio-novo\/","url":"https:\/\/noticiaempauta.com\/portal\/melhor-escolha-para-teresina-diz-marden-apos-adesao-a-fabio-novo\/","name":"\u201cMelhor escolha para Teresina\u201d, diz Marden ap\u00f3s ades\u00e3o a F\u00e1bio Novo - Portal Not\u00edcia em Pauta","isPartOf":{"@id":"https:\/\/noticiaempauta.com\/portal\/#website"},"primaryImageOfPage":{"@id":"https:\/\/noticiaempauta.com\/portal\/melhor-escolha-para-teresina-diz-marden-apos-adesao-a-fabio-novo\/#primaryimage"},"image":{"@id":"https:\/\/noticiaempauta.com\/portal\/melhor-escolha-para-teresina-diz-marden-apos-adesao-a-fabio-novo\/#primaryimage"},"thumbnailUrl":"https:\/\/noticiaempauta.com\/portal\/wp-content\/uploads\/2024\/02\/melhor-escolha-para-teresina-diz-marden-apos-adesao-a-fabio-novo-912f4653-f647-4b9e-ba9e-5988ce8a3483.webp","datePublished":"2024-02-01T20:24:03+00:00","dateModified":"2024-02-01T20:24:13+00:00","breadcrumb":{"@id":"https:\/\/noticiaempauta.com\/portal\/melhor-escolha-para-teresina-diz-marden-apos-adesao-a-fabio-novo\/#breadcrumb"},"inLanguage":"pt-BR","potentialAction":[{"@type":"ReadAction","target":["https:\/\/noticiaempauta.com\/portal\/melhor-escolha-para-teresina-diz-marden-apos-adesao-a-fabio-novo\/"]}]},{"@type":"ImageObject","inLanguage":"pt-BR","@id":"https:\/\/noticiaempauta.com\/portal\/melhor-escolha-para-teresina-diz-marden-apos-adesao-a-fabio-novo\/#primaryimage","url":"https:\/\/noticiaempauta.com\/portal\/wp-content\/uploads\/2024\/02\/melhor-escolha-para-teresina-diz-marden-apos-adesao-a-fabio-novo-912f4653-f647-4b9e-ba9e-5988ce8a3483.webp","contentUrl":"https:\/\/noticiaempauta.com\/portal\/wp-content\/uploads\/2024\/02\/melhor-escolha-para-teresina-diz-marden-apos-adesao-a-fabio-novo-912f4653-f647-4b9e-ba9e-5988ce8a3483.webp","width":855,"height":480},{"@type":"BreadcrumbList","@id":"https:\/\/noticiaempauta.com\/portal\/melhor-escolha-para-teresina-diz-marden-apos-adesao-a-fabio-novo\/#breadcrumb","itemListElement":[{"@type":"ListItem","position":1,"name":"P\u00e1gina Inicial","item":"https:\/\/noticiaempauta.com\/portal\/"},{"@type":"ListItem","position":2,"name":"Destaques","item":"https:\/\/noticiaempauta.com\/portal\/destaques-site\/"},{"@type":"ListItem","position":3,"name":"\u201cMelhor escolha para Teresina\u201d, diz Marden ap\u00f3s ades\u00e3o a F\u00e1bio Novo"}]},{"@type":"WebSite","@id":"https:\/\/noticiaempauta.com\/portal\/#website","url":"https:\/\/noticiaempauta.com\/portal\/","name":"Portal Not\u00edcia em Pauta","description":"Voc\u00ea bem informado","publisher":{"@id":"https:\/\/noticiaempauta.com\/portal\/#organization"},"potentialAction":[{"@type":"SearchAction","target":{"@type":"EntryPoint","urlTemplate":"https:\/\/noticiaempauta.com\/portal\/?s={search_term_string}"},"query-input":{"@type":"PropertyValueSpecification","valueRequired":true,"valueName":"search_term_string"}}],"inLanguage":"pt-BR"},{"@type":"Organization","@id":"https:\/\/noticiaempauta.com\/portal\/#organization","name":"Portal Not\u00edcia em Pauta","url":"https:\/\/noticiaempauta.com\/portal\/","logo":{"@type":"ImageObject","inLanguage":"pt-BR","@id":"https:\/\/noticiaempauta.com\/portal\/#\/schema\/logo\/image\/","url":"https:\/\/noticiaempauta.com\/portal\/wp-content\/uploads\/2022\/08\/logomarca_tema.fw_.png","contentUrl":"https:\/\/noticiaempauta.com\/portal\/wp-content\/uploads\/2022\/08\/logomarca_tema.fw_.png","width":400,"height":232,"caption":"Portal Not\u00edcia em Pauta"},"image":{"@id":"https:\/\/noticiaempauta.com\/portal\/#\/schema\/logo\/image\/"},"sameAs":["https:\/\/www.facebook.com\/Portal-Notcia-Em-Pauta-102292869264820\/","https:\/\/www.instagram.com\/portalnoticiaempauta\/"]},{"@type":"Person","@id":"https:\/\/noticiaempauta.com\/portal\/#\/schema\/person\/a74af43dd1ab3deca45f988c717d57ac","name":"Reda\u00e7\u00e3o","image":{"@type":"ImageObject","inLanguage":"pt-BR","@id":"https:\/\/noticiaempauta.com\/portal\/#\/schema\/person\/image\/","url":"https:\/\/secure.gravatar.com\/avatar\/03179346ecce6cdfc13361603e8f54242a90e5cde8618fa23c5c00aa2b0aadf3?s=96&d=mm&r=g","contentUrl":"https:\/\/secure.gravatar.com\/avatar\/03179346ecce6cdfc13361603e8f54242a90e5cde8618fa23c5c00aa2b0aadf3?s=96&d=mm&r=g","caption":"Reda\u00e7\u00e3o"},"sameAs":["https:\/\/noticiaempauta.com\/portal\/"],"url":"https:\/\/noticiaempauta.com\/portal\/author\/fernando\/"}]}},"_links":{"self":[{"href":"https:\/\/noticiaempauta.com\/portal\/wp-json\/wp\/v2\/posts\/254261","targetHints":{"allow":["GET"]}}],"collection":[{"href":"https:\/\/noticiaempauta.com\/portal\/wp-json\/wp\/v2\/posts"}],"about":[{"href":"https:\/\/noticiaempauta.com\/portal\/wp-json\/wp\/v2\/types\/post"}],"author":[{"embeddable":true,"href":"https:\/\/noticiaempauta.com\/portal\/wp-json\/wp\/v2\/users\/2"}],"replies":[{"embeddable":true,"href":"https:\/\/noticiaempauta.com\/portal\/wp-json\/wp\/v2\/comments?post=254261"}],"version-history":[{"count":2,"href":"https:\/\/noticiaempauta.com\/portal\/wp-json\/wp\/v2\/posts\/254261\/revisions"}],"predecessor-version":[{"id":254265,"href":"https:\/\/noticiaempauta.com\/portal\/wp-json\/wp\/v2\/posts\/254261\/revisions\/254265"}],"wp:featuredmedia":[{"embeddable":true,"href":"https:\/\/noticiaempauta.com\/portal\/wp-json\/wp\/v2\/media\/254263"}],"wp:attachment":[{"href":"https:\/\/noticiaempauta.com\/portal\/wp-json\/wp\/v2\/media?parent=254261"}],"wp:term":[{"taxonomy":"category","embeddable":true,"href":"https:\/\/noticiaempauta.com\/portal\/wp-json\/wp\/v2\/categories?post=254261"},{"taxonomy":"post_tag","embeddable":true,"href":"https:\/\/noticiaempauta.com\/portal\/wp-json\/wp\/v2\/tags?post=254261"}],"curies":[{"name":"wp","href":"https:\/\/api.w.org\/{rel}","templated":true}]}}