{"id":254590,"date":"2024-02-08T18:58:27","date_gmt":"2024-02-08T21:58:27","guid":{"rendered":"https:\/\/noticiaempauta.com\/portal\/?p=254590"},"modified":"2024-02-08T19:10:56","modified_gmt":"2024-02-08T22:10:56","slug":"camara-municipal-de-picos-realiza-sessao-de-abertura-do-ano-legislativo-2024","status":"publish","type":"post","link":"https:\/\/noticiaempauta.com\/portal\/camara-municipal-de-picos-realiza-sessao-de-abertura-do-ano-legislativo-2024\/","title":{"rendered":"C\u00e2mara Municipal de Picos realiza sess\u00e3o de abertura do Ano Legislativo 2024"},"content":{"rendered":"\n<p>Na tarde desta quinta-feira, 08 de fevereiro, a C\u00e2mara Municipal de Picos deu in\u00edcio \u00e0s atividades do ano legislativo de 2024 com uma cerim\u00f4nia solene. <\/p>\n\n\n\n<figure class=\"wp-block-image size-full\"><img decoding=\"async\" src=\"https:\/\/noticiaempauta.com\/portal\/wp-content\/uploads\/2024\/02\/DBE39CF6-EDA1-429C-8964-B2DB21DE8A02.jpeg\" alt=\"\" class=\"wp-image-254593\"\/><\/figure>\n\n\n\n<p><br>O evento, realizado no audit\u00f3rio da Associa\u00e7\u00e3o Comercial e Industrial da Grande Picos (ACINPI), marcou a abertura dos trabalhos legislativos, j\u00e1 que o Plen\u00e1rio Vereador Pedro Barbosa est\u00e1 passando por mudan\u00e7as na estrutura organizacional.<\/p>\n\n\n\n<figure class=\"wp-block-image size-large\"><img fetchpriority=\"high\" decoding=\"async\" width=\"1024\" height=\"768\" src=\"https:\/\/noticiaempauta.com\/portal\/wp-content\/uploads\/2024\/02\/C94696BC-D26F-436F-82CB-FB2CAEF2F9FB-1024x768.jpeg\" alt=\"\" class=\"wp-image-254596\" srcset=\"https:\/\/noticiaempauta.com\/portal\/wp-content\/uploads\/2024\/02\/C94696BC-D26F-436F-82CB-FB2CAEF2F9FB-1024x768.jpeg 1024w, https:\/\/noticiaempauta.com\/portal\/wp-content\/uploads\/2024\/02\/C94696BC-D26F-436F-82CB-FB2CAEF2F9FB-300x225.jpeg 300w, https:\/\/noticiaempauta.com\/portal\/wp-content\/uploads\/2024\/02\/C94696BC-D26F-436F-82CB-FB2CAEF2F9FB-768x576.jpeg 768w, https:\/\/noticiaempauta.com\/portal\/wp-content\/uploads\/2024\/02\/C94696BC-D26F-436F-82CB-FB2CAEF2F9FB-1536x1152.jpeg 1536w, https:\/\/noticiaempauta.com\/portal\/wp-content\/uploads\/2024\/02\/C94696BC-D26F-436F-82CB-FB2CAEF2F9FB-2048x1536.jpeg 2048w\" sizes=\"(max-width: 1024px) 100vw, 1024px\" \/><\/figure>\n\n\n\n<figure class=\"wp-block-image size-large\"><img decoding=\"async\" width=\"1024\" height=\"768\" src=\"https:\/\/noticiaempauta.com\/portal\/wp-content\/uploads\/2024\/02\/ABDEA675-D867-44CA-952A-A7CFEE32017A-1024x768.jpeg\" alt=\"\" class=\"wp-image-254595\" srcset=\"https:\/\/noticiaempauta.com\/portal\/wp-content\/uploads\/2024\/02\/ABDEA675-D867-44CA-952A-A7CFEE32017A-1024x768.jpeg 1024w, https:\/\/noticiaempauta.com\/portal\/wp-content\/uploads\/2024\/02\/ABDEA675-D867-44CA-952A-A7CFEE32017A-300x225.jpeg 300w, https:\/\/noticiaempauta.com\/portal\/wp-content\/uploads\/2024\/02\/ABDEA675-D867-44CA-952A-A7CFEE32017A-768x576.jpeg 768w, https:\/\/noticiaempauta.com\/portal\/wp-content\/uploads\/2024\/02\/ABDEA675-D867-44CA-952A-A7CFEE32017A-1536x1152.jpeg 1536w, https:\/\/noticiaempauta.com\/portal\/wp-content\/uploads\/2024\/02\/ABDEA675-D867-44CA-952A-A7CFEE32017A-2048x1536.jpeg 2048w\" sizes=\"(max-width: 1024px) 100vw, 1024px\" \/><\/figure>\n\n\n\n<p>Presidindo a sess\u00e3o, o vereador Eriberto Barros conduziu o momento que contou com a presen\u00e7a de onze vereadores.<\/p>\n\n\n\n<figure class=\"wp-block-image size-large\"><img decoding=\"async\" width=\"768\" height=\"1024\" src=\"https:\/\/noticiaempauta.com\/portal\/wp-content\/uploads\/2024\/02\/AC240BC0-F6C8-4826-89D5-256A93445391-768x1024.jpeg\" alt=\"\" class=\"wp-image-254597\" srcset=\"https:\/\/noticiaempauta.com\/portal\/wp-content\/uploads\/2024\/02\/AC240BC0-F6C8-4826-89D5-256A93445391-768x1024.jpeg 768w, https:\/\/noticiaempauta.com\/portal\/wp-content\/uploads\/2024\/02\/AC240BC0-F6C8-4826-89D5-256A93445391-225x300.jpeg 225w, https:\/\/noticiaempauta.com\/portal\/wp-content\/uploads\/2024\/02\/AC240BC0-F6C8-4826-89D5-256A93445391-1152x1536.jpeg 1152w, https:\/\/noticiaempauta.com\/portal\/wp-content\/uploads\/2024\/02\/AC240BC0-F6C8-4826-89D5-256A93445391-1536x2048.jpeg 1536w, https:\/\/noticiaempauta.com\/portal\/wp-content\/uploads\/2024\/02\/AC240BC0-F6C8-4826-89D5-256A93445391-scaled.jpeg 1920w\" sizes=\"(max-width: 768px) 100vw, 768px\" \/><\/figure>\n\n\n\n<p>\u201c Hoje iniciamos oficialmente os trabalhos da nossa casa legislativa, a expectativa \u00e9 de que tenhamos um ano produtivo, de projetos e debates importantes em prol do desenvolvimento de Picos, tenho certeza de que os colegas vereadores tamb\u00e9m expressam essa mesma expectativa, sabemos que \u00e9 um ano eleitoral e para isso vale adotar uma maior aten\u00e7\u00e3o quanto as trabalhos da casa, prezando sempre pelo respeito e o cumprimento do nosso regimento interno que recentemente foi revisado e atualizado. As sess\u00f5es continuar\u00e3o a acontecer as 15h de forma provis\u00f3ria aqui no audit\u00f3rio da Associa\u00e7\u00e3o Comercial at\u00e9 que a reforma e amplia\u00e7\u00e3o do plen\u00e1rio seja conclu\u00edda, com previs\u00e3o para primeira quinzena de mar\u00e7o, portanto convido a popula\u00e7\u00e3o a acompanhar os trabalhos da casa e contribuir para o progresso de Picos\u201d, destacou o presidente da C\u00e2mara.<\/p>\n\n\n\n<figure class=\"wp-block-image size-full\"><img loading=\"lazy\" decoding=\"async\" width=\"780\" height=\"520\" src=\"https:\/\/noticiaempauta.com\/portal\/wp-content\/uploads\/2024\/02\/8E6F4FA3-5B93-4CB5-B5E2-C9B714213360.jpeg\" alt=\"\" class=\"wp-image-254598\" srcset=\"https:\/\/noticiaempauta.com\/portal\/wp-content\/uploads\/2024\/02\/8E6F4FA3-5B93-4CB5-B5E2-C9B714213360.jpeg 780w, https:\/\/noticiaempauta.com\/portal\/wp-content\/uploads\/2024\/02\/8E6F4FA3-5B93-4CB5-B5E2-C9B714213360-300x200.jpeg 300w, https:\/\/noticiaempauta.com\/portal\/wp-content\/uploads\/2024\/02\/8E6F4FA3-5B93-4CB5-B5E2-C9B714213360-768x512.jpeg 768w\" sizes=\"(max-width: 780px) 100vw, 780px\" \/><\/figure>\n\n\n\n<p>Na oportunidade, o prefeito Gil Paraibano esteve acompanhado da primeira-dama Diana Belo, da secret\u00e1ria de educa\u00e7\u00e3o No\u00eamia Marques e do procurador-geral do munic\u00edpio, Dr. Ant\u00f4nio J\u00fanior.<\/p>\n\n\n\n<p>A tradicional mensagem do Poder Executivo aos vereadores e mun\u00edcipe foi apresentada pelo procurador Dr. Ant\u00f4nio J\u00fanior.<\/p>\n\n\n\n<figure class=\"wp-block-image size-large\"><img loading=\"lazy\" decoding=\"async\" width=\"1024\" height=\"768\" src=\"https:\/\/noticiaempauta.com\/portal\/wp-content\/uploads\/2024\/02\/7AC49C52-4B72-4781-AC99-81DA63D92A32-1024x768.jpeg\" alt=\"\" class=\"wp-image-254599\" srcset=\"https:\/\/noticiaempauta.com\/portal\/wp-content\/uploads\/2024\/02\/7AC49C52-4B72-4781-AC99-81DA63D92A32-1024x768.jpeg 1024w, https:\/\/noticiaempauta.com\/portal\/wp-content\/uploads\/2024\/02\/7AC49C52-4B72-4781-AC99-81DA63D92A32-300x225.jpeg 300w, https:\/\/noticiaempauta.com\/portal\/wp-content\/uploads\/2024\/02\/7AC49C52-4B72-4781-AC99-81DA63D92A32-768x576.jpeg 768w, https:\/\/noticiaempauta.com\/portal\/wp-content\/uploads\/2024\/02\/7AC49C52-4B72-4781-AC99-81DA63D92A32-1536x1152.jpeg 1536w, https:\/\/noticiaempauta.com\/portal\/wp-content\/uploads\/2024\/02\/7AC49C52-4B72-4781-AC99-81DA63D92A32-2048x1536.jpeg 2048w\" sizes=\"(max-width: 1024px) 100vw, 1024px\" \/><\/figure>\n\n\n\n<p>A mensagem destacou um balan\u00e7o das realiza\u00e7\u00f5es de 2023 em todas as \u00e1reas da administra\u00e7\u00e3o e metas para o ano de 2024.<\/p>\n\n\n\n<p>Sess\u00e3o Completa no link abaixo <\/p>\n\n\n\n<figure class=\"wp-block-embed is-type-video is-provider-youtube wp-block-embed-youtube wp-embed-aspect-4-3 wp-has-aspect-ratio\"><div class=\"wp-block-embed__wrapper\">\n<iframe title=\"08.02.2024 | Abertura Ano Legislativo da C\u00e2mara Municipal de Picos | 4\u00ba Ano - 19\u00aa Legislatura\" width=\"800\" height=\"600\" src=\"https:\/\/www.youtube.com\/embed\/ynhB8au7E8k?feature=oembed\" frameborder=\"0\" allow=\"accelerometer; autoplay; clipboard-write; encrypted-media; gyroscope; picture-in-picture; web-share\" allowfullscreen><\/iframe>\n<\/div><\/figure>\n\n\n\n<figure class=\"wp-block-image size-large\"><img loading=\"lazy\" decoding=\"async\" width=\"1024\" height=\"768\" src=\"https:\/\/noticiaempauta.com\/portal\/wp-content\/uploads\/2024\/02\/1AAACBBD-CFA7-4A7D-AD29-D168CC61C7B8-1024x768.jpeg\" alt=\"\" class=\"wp-image-254600\" srcset=\"https:\/\/noticiaempauta.com\/portal\/wp-content\/uploads\/2024\/02\/1AAACBBD-CFA7-4A7D-AD29-D168CC61C7B8-1024x768.jpeg 1024w, https:\/\/noticiaempauta.com\/portal\/wp-content\/uploads\/2024\/02\/1AAACBBD-CFA7-4A7D-AD29-D168CC61C7B8-300x225.jpeg 300w, https:\/\/noticiaempauta.com\/portal\/wp-content\/uploads\/2024\/02\/1AAACBBD-CFA7-4A7D-AD29-D168CC61C7B8-768x576.jpeg 768w, https:\/\/noticiaempauta.com\/portal\/wp-content\/uploads\/2024\/02\/1AAACBBD-CFA7-4A7D-AD29-D168CC61C7B8-1536x1152.jpeg 1536w, https:\/\/noticiaempauta.com\/portal\/wp-content\/uploads\/2024\/02\/1AAACBBD-CFA7-4A7D-AD29-D168CC61C7B8-2048x1536.jpeg 2048w\" sizes=\"(max-width: 1024px) 100vw, 1024px\" \/><\/figure>\n\n\n\n<figure class=\"wp-block-image size-large\"><img loading=\"lazy\" decoding=\"async\" width=\"768\" height=\"1024\" src=\"https:\/\/noticiaempauta.com\/portal\/wp-content\/uploads\/2024\/02\/51162754-30D6-4E7A-BC2D-CCC5A1AF614F-768x1024.jpeg\" alt=\"\" class=\"wp-image-254603\" srcset=\"https:\/\/noticiaempauta.com\/portal\/wp-content\/uploads\/2024\/02\/51162754-30D6-4E7A-BC2D-CCC5A1AF614F-768x1024.jpeg 768w, https:\/\/noticiaempauta.com\/portal\/wp-content\/uploads\/2024\/02\/51162754-30D6-4E7A-BC2D-CCC5A1AF614F-225x300.jpeg 225w, https:\/\/noticiaempauta.com\/portal\/wp-content\/uploads\/2024\/02\/51162754-30D6-4E7A-BC2D-CCC5A1AF614F-1152x1536.jpeg 1152w, https:\/\/noticiaempauta.com\/portal\/wp-content\/uploads\/2024\/02\/51162754-30D6-4E7A-BC2D-CCC5A1AF614F-1536x2048.jpeg 1536w, https:\/\/noticiaempauta.com\/portal\/wp-content\/uploads\/2024\/02\/51162754-30D6-4E7A-BC2D-CCC5A1AF614F-scaled.jpeg 1920w\" sizes=\"(max-width: 768px) 100vw, 768px\" \/><\/figure>\n","protected":false},"excerpt":{"rendered":"<p>Na tarde desta quinta-feira, 08 de fevereiro, a C\u00e2mara Municipal de Picos deu in\u00edcio \u00e0s atividades do ano legislativo de 2024 com uma cerim\u00f4nia solene. O evento, realizado no audit\u00f3rio da Associa\u00e7\u00e3o Comercial e Industrial da Grande Picos (ACINPI), marcou a abertura dos trabalhos legislativos, j\u00e1 que o Plen\u00e1rio Vereador Pedro Barbosa est\u00e1 passando por [&hellip;]<\/p>\n","protected":false},"author":2,"featured_media":254607,"comment_status":"open","ping_status":"open","sticky":false,"template":"","format":"standard","meta":{"_mi_skip_tracking":false,"footnotes":""},"categories":[25,1,16],"tags":[192],"class_list":["post-254590","post","type-post","status-publish","format-standard","has-post-thumbnail","hentry","category-destaques-site","category-geral","category-todas","tag-destaqueprincipal"],"acf":[],"yoast_head":"<!-- This site is optimized with the Yoast SEO Premium plugin v19.2 (Yoast SEO v26.9) - https:\/\/yoast.com\/product\/yoast-seo-premium-wordpress\/ -->\n<title>C\u00e2mara Municipal de Picos realiza sess\u00e3o de abertura do Ano Legislativo 2024 - Portal Not\u00edcia em Pauta<\/title>\n<meta name=\"robots\" content=\"index, follow, max-snippet:-1, max-image-preview:large, max-video-preview:-1\" \/>\n<link rel=\"canonical\" href=\"https:\/\/noticiaempauta.com\/portal\/camara-municipal-de-picos-realiza-sessao-de-abertura-do-ano-legislativo-2024\/\" \/>\n<meta property=\"og:locale\" content=\"pt_BR\" \/>\n<meta property=\"og:type\" content=\"article\" \/>\n<meta property=\"og:title\" content=\"C\u00e2mara Municipal de Picos realiza sess\u00e3o de abertura do Ano Legislativo 2024\" \/>\n<meta property=\"og:description\" content=\"Na tarde desta quinta-feira, 08 de fevereiro, a C\u00e2mara Municipal de Picos deu in\u00edcio \u00e0s atividades do ano legislativo de 2024 com uma cerim\u00f4nia solene. O evento, realizado no audit\u00f3rio da Associa\u00e7\u00e3o Comercial e Industrial da Grande Picos (ACINPI), marcou a abertura dos trabalhos legislativos, j\u00e1 que o Plen\u00e1rio Vereador Pedro Barbosa est\u00e1 passando por [&hellip;]\" \/>\n<meta property=\"og:url\" content=\"https:\/\/noticiaempauta.com\/portal\/camara-municipal-de-picos-realiza-sessao-de-abertura-do-ano-legislativo-2024\/\" \/>\n<meta property=\"og:site_name\" content=\"Portal Not\u00edcia em Pauta\" \/>\n<meta property=\"article:publisher\" content=\"https:\/\/www.facebook.com\/Portal-Notcia-Em-Pauta-102292869264820\/\" \/>\n<meta property=\"article:published_time\" content=\"2024-02-08T21:58:27+00:00\" \/>\n<meta property=\"article:modified_time\" content=\"2024-02-08T22:10:56+00:00\" \/>\n<meta property=\"og:image\" content=\"https:\/\/noticiaempauta.com\/portal\/wp-content\/uploads\/2024\/02\/18EEA51D-7347-4627-9233-A3941F75F0FB-scaled.jpeg\" \/>\n\t<meta property=\"og:image:width\" content=\"2560\" \/>\n\t<meta property=\"og:image:height\" content=\"1920\" \/>\n\t<meta property=\"og:image:type\" content=\"image\/jpeg\" \/>\n<meta name=\"author\" content=\"Reda\u00e7\u00e3o\" \/>\n<meta name=\"twitter:card\" content=\"summary_large_image\" \/>\n<meta name=\"twitter:label1\" content=\"Escrito por\" \/>\n\t<meta name=\"twitter:data1\" content=\"Reda\u00e7\u00e3o\" \/>\n\t<meta name=\"twitter:label2\" content=\"Est. tempo de leitura\" \/>\n\t<meta name=\"twitter:data2\" content=\"4 minutos\" \/>\n<script type=\"application\/ld+json\" class=\"yoast-schema-graph\">{\"@context\":\"https:\/\/schema.org\",\"@graph\":[{\"@type\":\"Article\",\"@id\":\"https:\/\/noticiaempauta.com\/portal\/camara-municipal-de-picos-realiza-sessao-de-abertura-do-ano-legislativo-2024\/#article\",\"isPartOf\":{\"@id\":\"https:\/\/noticiaempauta.com\/portal\/camara-municipal-de-picos-realiza-sessao-de-abertura-do-ano-legislativo-2024\/\"},\"author\":{\"name\":\"Reda\u00e7\u00e3o\",\"@id\":\"https:\/\/noticiaempauta.com\/portal\/#\/schema\/person\/a74af43dd1ab3deca45f988c717d57ac\"},\"headline\":\"C\u00e2mara Municipal de Picos realiza sess\u00e3o de abertura do Ano Legislativo 2024\",\"datePublished\":\"2024-02-08T21:58:27+00:00\",\"dateModified\":\"2024-02-08T22:10:56+00:00\",\"mainEntityOfPage\":{\"@id\":\"https:\/\/noticiaempauta.com\/portal\/camara-municipal-de-picos-realiza-sessao-de-abertura-do-ano-legislativo-2024\/\"},\"wordCount\":335,\"commentCount\":0,\"publisher\":{\"@id\":\"https:\/\/noticiaempauta.com\/portal\/#organization\"},\"image\":{\"@id\":\"https:\/\/noticiaempauta.com\/portal\/camara-municipal-de-picos-realiza-sessao-de-abertura-do-ano-legislativo-2024\/#primaryimage\"},\"thumbnailUrl\":\"https:\/\/noticiaempauta.com\/portal\/wp-content\/uploads\/2024\/02\/18EEA51D-7347-4627-9233-A3941F75F0FB-scaled.jpeg\",\"keywords\":[\"destaqueprincipal\"],\"articleSection\":[\"Destaques\",\"Geral\",\"Todas as Not\u00edcias\"],\"inLanguage\":\"pt-BR\",\"potentialAction\":[{\"@type\":\"CommentAction\",\"name\":\"Comment\",\"target\":[\"https:\/\/noticiaempauta.com\/portal\/camara-municipal-de-picos-realiza-sessao-de-abertura-do-ano-legislativo-2024\/#respond\"]}]},{\"@type\":\"WebPage\",\"@id\":\"https:\/\/noticiaempauta.com\/portal\/camara-municipal-de-picos-realiza-sessao-de-abertura-do-ano-legislativo-2024\/\",\"url\":\"https:\/\/noticiaempauta.com\/portal\/camara-municipal-de-picos-realiza-sessao-de-abertura-do-ano-legislativo-2024\/\",\"name\":\"C\u00e2mara Municipal de Picos realiza sess\u00e3o de abertura do Ano Legislativo 2024 - Portal Not\u00edcia em Pauta\",\"isPartOf\":{\"@id\":\"https:\/\/noticiaempauta.com\/portal\/#website\"},\"primaryImageOfPage\":{\"@id\":\"https:\/\/noticiaempauta.com\/portal\/camara-municipal-de-picos-realiza-sessao-de-abertura-do-ano-legislativo-2024\/#primaryimage\"},\"image\":{\"@id\":\"https:\/\/noticiaempauta.com\/portal\/camara-municipal-de-picos-realiza-sessao-de-abertura-do-ano-legislativo-2024\/#primaryimage\"},\"thumbnailUrl\":\"https:\/\/noticiaempauta.com\/portal\/wp-content\/uploads\/2024\/02\/18EEA51D-7347-4627-9233-A3941F75F0FB-scaled.jpeg\",\"datePublished\":\"2024-02-08T21:58:27+00:00\",\"dateModified\":\"2024-02-08T22:10:56+00:00\",\"breadcrumb\":{\"@id\":\"https:\/\/noticiaempauta.com\/portal\/camara-municipal-de-picos-realiza-sessao-de-abertura-do-ano-legislativo-2024\/#breadcrumb\"},\"inLanguage\":\"pt-BR\",\"potentialAction\":[{\"@type\":\"ReadAction\",\"target\":[\"https:\/\/noticiaempauta.com\/portal\/camara-municipal-de-picos-realiza-sessao-de-abertura-do-ano-legislativo-2024\/\"]}]},{\"@type\":\"ImageObject\",\"inLanguage\":\"pt-BR\",\"@id\":\"https:\/\/noticiaempauta.com\/portal\/camara-municipal-de-picos-realiza-sessao-de-abertura-do-ano-legislativo-2024\/#primaryimage\",\"url\":\"https:\/\/noticiaempauta.com\/portal\/wp-content\/uploads\/2024\/02\/18EEA51D-7347-4627-9233-A3941F75F0FB-scaled.jpeg\",\"contentUrl\":\"https:\/\/noticiaempauta.com\/portal\/wp-content\/uploads\/2024\/02\/18EEA51D-7347-4627-9233-A3941F75F0FB-scaled.jpeg\",\"width\":2560,\"height\":1920},{\"@type\":\"BreadcrumbList\",\"@id\":\"https:\/\/noticiaempauta.com\/portal\/camara-municipal-de-picos-realiza-sessao-de-abertura-do-ano-legislativo-2024\/#breadcrumb\",\"itemListElement\":[{\"@type\":\"ListItem\",\"position\":1,\"name\":\"P\u00e1gina Inicial\",\"item\":\"https:\/\/noticiaempauta.com\/portal\/\"},{\"@type\":\"ListItem\",\"position\":2,\"name\":\"Destaques\",\"item\":\"https:\/\/noticiaempauta.com\/portal\/destaques-site\/\"},{\"@type\":\"ListItem\",\"position\":3,\"name\":\"C\u00e2mara Municipal de Picos realiza sess\u00e3o de abertura do Ano Legislativo 2024\"}]},{\"@type\":\"WebSite\",\"@id\":\"https:\/\/noticiaempauta.com\/portal\/#website\",\"url\":\"https:\/\/noticiaempauta.com\/portal\/\",\"name\":\"Portal Not\u00edcia em Pauta\",\"description\":\"Voc\u00ea bem informado\",\"publisher\":{\"@id\":\"https:\/\/noticiaempauta.com\/portal\/#organization\"},\"potentialAction\":[{\"@type\":\"SearchAction\",\"target\":{\"@type\":\"EntryPoint\",\"urlTemplate\":\"https:\/\/noticiaempauta.com\/portal\/?s={search_term_string}\"},\"query-input\":{\"@type\":\"PropertyValueSpecification\",\"valueRequired\":true,\"valueName\":\"search_term_string\"}}],\"inLanguage\":\"pt-BR\"},{\"@type\":\"Organization\",\"@id\":\"https:\/\/noticiaempauta.com\/portal\/#organization\",\"name\":\"Portal Not\u00edcia em Pauta\",\"url\":\"https:\/\/noticiaempauta.com\/portal\/\",\"logo\":{\"@type\":\"ImageObject\",\"inLanguage\":\"pt-BR\",\"@id\":\"https:\/\/noticiaempauta.com\/portal\/#\/schema\/logo\/image\/\",\"url\":\"https:\/\/noticiaempauta.com\/portal\/wp-content\/uploads\/2022\/08\/logomarca_tema.fw_.png\",\"contentUrl\":\"https:\/\/noticiaempauta.com\/portal\/wp-content\/uploads\/2022\/08\/logomarca_tema.fw_.png\",\"width\":400,\"height\":232,\"caption\":\"Portal Not\u00edcia em Pauta\"},\"image\":{\"@id\":\"https:\/\/noticiaempauta.com\/portal\/#\/schema\/logo\/image\/\"},\"sameAs\":[\"https:\/\/www.facebook.com\/Portal-Notcia-Em-Pauta-102292869264820\/\",\"https:\/\/www.instagram.com\/portalnoticiaempauta\/\"]},{\"@type\":\"Person\",\"@id\":\"https:\/\/noticiaempauta.com\/portal\/#\/schema\/person\/a74af43dd1ab3deca45f988c717d57ac\",\"name\":\"Reda\u00e7\u00e3o\",\"image\":{\"@type\":\"ImageObject\",\"inLanguage\":\"pt-BR\",\"@id\":\"https:\/\/noticiaempauta.com\/portal\/#\/schema\/person\/image\/\",\"url\":\"https:\/\/secure.gravatar.com\/avatar\/03179346ecce6cdfc13361603e8f54242a90e5cde8618fa23c5c00aa2b0aadf3?s=96&d=mm&r=g\",\"contentUrl\":\"https:\/\/secure.gravatar.com\/avatar\/03179346ecce6cdfc13361603e8f54242a90e5cde8618fa23c5c00aa2b0aadf3?s=96&d=mm&r=g\",\"caption\":\"Reda\u00e7\u00e3o\"},\"sameAs\":[\"https:\/\/noticiaempauta.com\/portal\/\"],\"url\":\"https:\/\/noticiaempauta.com\/portal\/author\/fernando\/\"}]}<\/script>\n<!-- \/ Yoast SEO Premium plugin. -->","yoast_head_json":{"title":"C\u00e2mara Municipal de Picos realiza sess\u00e3o de abertura do Ano Legislativo 2024 - Portal Not\u00edcia em Pauta","robots":{"index":"index","follow":"follow","max-snippet":"max-snippet:-1","max-image-preview":"max-image-preview:large","max-video-preview":"max-video-preview:-1"},"canonical":"https:\/\/noticiaempauta.com\/portal\/camara-municipal-de-picos-realiza-sessao-de-abertura-do-ano-legislativo-2024\/","og_locale":"pt_BR","og_type":"article","og_title":"C\u00e2mara Municipal de Picos realiza sess\u00e3o de abertura do Ano Legislativo 2024","og_description":"Na tarde desta quinta-feira, 08 de fevereiro, a C\u00e2mara Municipal de Picos deu in\u00edcio \u00e0s atividades do ano legislativo de 2024 com uma cerim\u00f4nia solene. O evento, realizado no audit\u00f3rio da Associa\u00e7\u00e3o Comercial e Industrial da Grande Picos (ACINPI), marcou a abertura dos trabalhos legislativos, j\u00e1 que o Plen\u00e1rio Vereador Pedro Barbosa est\u00e1 passando por [&hellip;]","og_url":"https:\/\/noticiaempauta.com\/portal\/camara-municipal-de-picos-realiza-sessao-de-abertura-do-ano-legislativo-2024\/","og_site_name":"Portal Not\u00edcia em Pauta","article_publisher":"https:\/\/www.facebook.com\/Portal-Notcia-Em-Pauta-102292869264820\/","article_published_time":"2024-02-08T21:58:27+00:00","article_modified_time":"2024-02-08T22:10:56+00:00","og_image":[{"width":2560,"height":1920,"url":"https:\/\/noticiaempauta.com\/portal\/wp-content\/uploads\/2024\/02\/18EEA51D-7347-4627-9233-A3941F75F0FB-scaled.jpeg","type":"image\/jpeg"}],"author":"Reda\u00e7\u00e3o","twitter_card":"summary_large_image","twitter_misc":{"Escrito por":"Reda\u00e7\u00e3o","Est. tempo de leitura":"4 minutos"},"schema":{"@context":"https:\/\/schema.org","@graph":[{"@type":"Article","@id":"https:\/\/noticiaempauta.com\/portal\/camara-municipal-de-picos-realiza-sessao-de-abertura-do-ano-legislativo-2024\/#article","isPartOf":{"@id":"https:\/\/noticiaempauta.com\/portal\/camara-municipal-de-picos-realiza-sessao-de-abertura-do-ano-legislativo-2024\/"},"author":{"name":"Reda\u00e7\u00e3o","@id":"https:\/\/noticiaempauta.com\/portal\/#\/schema\/person\/a74af43dd1ab3deca45f988c717d57ac"},"headline":"C\u00e2mara Municipal de Picos realiza sess\u00e3o de abertura do Ano Legislativo 2024","datePublished":"2024-02-08T21:58:27+00:00","dateModified":"2024-02-08T22:10:56+00:00","mainEntityOfPage":{"@id":"https:\/\/noticiaempauta.com\/portal\/camara-municipal-de-picos-realiza-sessao-de-abertura-do-ano-legislativo-2024\/"},"wordCount":335,"commentCount":0,"publisher":{"@id":"https:\/\/noticiaempauta.com\/portal\/#organization"},"image":{"@id":"https:\/\/noticiaempauta.com\/portal\/camara-municipal-de-picos-realiza-sessao-de-abertura-do-ano-legislativo-2024\/#primaryimage"},"thumbnailUrl":"https:\/\/noticiaempauta.com\/portal\/wp-content\/uploads\/2024\/02\/18EEA51D-7347-4627-9233-A3941F75F0FB-scaled.jpeg","keywords":["destaqueprincipal"],"articleSection":["Destaques","Geral","Todas as Not\u00edcias"],"inLanguage":"pt-BR","potentialAction":[{"@type":"CommentAction","name":"Comment","target":["https:\/\/noticiaempauta.com\/portal\/camara-municipal-de-picos-realiza-sessao-de-abertura-do-ano-legislativo-2024\/#respond"]}]},{"@type":"WebPage","@id":"https:\/\/noticiaempauta.com\/portal\/camara-municipal-de-picos-realiza-sessao-de-abertura-do-ano-legislativo-2024\/","url":"https:\/\/noticiaempauta.com\/portal\/camara-municipal-de-picos-realiza-sessao-de-abertura-do-ano-legislativo-2024\/","name":"C\u00e2mara Municipal de Picos realiza sess\u00e3o de abertura do Ano Legislativo 2024 - Portal Not\u00edcia em Pauta","isPartOf":{"@id":"https:\/\/noticiaempauta.com\/portal\/#website"},"primaryImageOfPage":{"@id":"https:\/\/noticiaempauta.com\/portal\/camara-municipal-de-picos-realiza-sessao-de-abertura-do-ano-legislativo-2024\/#primaryimage"},"image":{"@id":"https:\/\/noticiaempauta.com\/portal\/camara-municipal-de-picos-realiza-sessao-de-abertura-do-ano-legislativo-2024\/#primaryimage"},"thumbnailUrl":"https:\/\/noticiaempauta.com\/portal\/wp-content\/uploads\/2024\/02\/18EEA51D-7347-4627-9233-A3941F75F0FB-scaled.jpeg","datePublished":"2024-02-08T21:58:27+00:00","dateModified":"2024-02-08T22:10:56+00:00","breadcrumb":{"@id":"https:\/\/noticiaempauta.com\/portal\/camara-municipal-de-picos-realiza-sessao-de-abertura-do-ano-legislativo-2024\/#breadcrumb"},"inLanguage":"pt-BR","potentialAction":[{"@type":"ReadAction","target":["https:\/\/noticiaempauta.com\/portal\/camara-municipal-de-picos-realiza-sessao-de-abertura-do-ano-legislativo-2024\/"]}]},{"@type":"ImageObject","inLanguage":"pt-BR","@id":"https:\/\/noticiaempauta.com\/portal\/camara-municipal-de-picos-realiza-sessao-de-abertura-do-ano-legislativo-2024\/#primaryimage","url":"https:\/\/noticiaempauta.com\/portal\/wp-content\/uploads\/2024\/02\/18EEA51D-7347-4627-9233-A3941F75F0FB-scaled.jpeg","contentUrl":"https:\/\/noticiaempauta.com\/portal\/wp-content\/uploads\/2024\/02\/18EEA51D-7347-4627-9233-A3941F75F0FB-scaled.jpeg","width":2560,"height":1920},{"@type":"BreadcrumbList","@id":"https:\/\/noticiaempauta.com\/portal\/camara-municipal-de-picos-realiza-sessao-de-abertura-do-ano-legislativo-2024\/#breadcrumb","itemListElement":[{"@type":"ListItem","position":1,"name":"P\u00e1gina Inicial","item":"https:\/\/noticiaempauta.com\/portal\/"},{"@type":"ListItem","position":2,"name":"Destaques","item":"https:\/\/noticiaempauta.com\/portal\/destaques-site\/"},{"@type":"ListItem","position":3,"name":"C\u00e2mara Municipal de Picos realiza sess\u00e3o de abertura do Ano Legislativo 2024"}]},{"@type":"WebSite","@id":"https:\/\/noticiaempauta.com\/portal\/#website","url":"https:\/\/noticiaempauta.com\/portal\/","name":"Portal Not\u00edcia em Pauta","description":"Voc\u00ea bem informado","publisher":{"@id":"https:\/\/noticiaempauta.com\/portal\/#organization"},"potentialAction":[{"@type":"SearchAction","target":{"@type":"EntryPoint","urlTemplate":"https:\/\/noticiaempauta.com\/portal\/?s={search_term_string}"},"query-input":{"@type":"PropertyValueSpecification","valueRequired":true,"valueName":"search_term_string"}}],"inLanguage":"pt-BR"},{"@type":"Organization","@id":"https:\/\/noticiaempauta.com\/portal\/#organization","name":"Portal Not\u00edcia em Pauta","url":"https:\/\/noticiaempauta.com\/portal\/","logo":{"@type":"ImageObject","inLanguage":"pt-BR","@id":"https:\/\/noticiaempauta.com\/portal\/#\/schema\/logo\/image\/","url":"https:\/\/noticiaempauta.com\/portal\/wp-content\/uploads\/2022\/08\/logomarca_tema.fw_.png","contentUrl":"https:\/\/noticiaempauta.com\/portal\/wp-content\/uploads\/2022\/08\/logomarca_tema.fw_.png","width":400,"height":232,"caption":"Portal Not\u00edcia em Pauta"},"image":{"@id":"https:\/\/noticiaempauta.com\/portal\/#\/schema\/logo\/image\/"},"sameAs":["https:\/\/www.facebook.com\/Portal-Notcia-Em-Pauta-102292869264820\/","https:\/\/www.instagram.com\/portalnoticiaempauta\/"]},{"@type":"Person","@id":"https:\/\/noticiaempauta.com\/portal\/#\/schema\/person\/a74af43dd1ab3deca45f988c717d57ac","name":"Reda\u00e7\u00e3o","image":{"@type":"ImageObject","inLanguage":"pt-BR","@id":"https:\/\/noticiaempauta.com\/portal\/#\/schema\/person\/image\/","url":"https:\/\/secure.gravatar.com\/avatar\/03179346ecce6cdfc13361603e8f54242a90e5cde8618fa23c5c00aa2b0aadf3?s=96&d=mm&r=g","contentUrl":"https:\/\/secure.gravatar.com\/avatar\/03179346ecce6cdfc13361603e8f54242a90e5cde8618fa23c5c00aa2b0aadf3?s=96&d=mm&r=g","caption":"Reda\u00e7\u00e3o"},"sameAs":["https:\/\/noticiaempauta.com\/portal\/"],"url":"https:\/\/noticiaempauta.com\/portal\/author\/fernando\/"}]}},"_links":{"self":[{"href":"https:\/\/noticiaempauta.com\/portal\/wp-json\/wp\/v2\/posts\/254590","targetHints":{"allow":["GET"]}}],"collection":[{"href":"https:\/\/noticiaempauta.com\/portal\/wp-json\/wp\/v2\/posts"}],"about":[{"href":"https:\/\/noticiaempauta.com\/portal\/wp-json\/wp\/v2\/types\/post"}],"author":[{"embeddable":true,"href":"https:\/\/noticiaempauta.com\/portal\/wp-json\/wp\/v2\/users\/2"}],"replies":[{"embeddable":true,"href":"https:\/\/noticiaempauta.com\/portal\/wp-json\/wp\/v2\/comments?post=254590"}],"version-history":[{"count":4,"href":"https:\/\/noticiaempauta.com\/portal\/wp-json\/wp\/v2\/posts\/254590\/revisions"}],"predecessor-version":[{"id":254606,"href":"https:\/\/noticiaempauta.com\/portal\/wp-json\/wp\/v2\/posts\/254590\/revisions\/254606"}],"wp:featuredmedia":[{"embeddable":true,"href":"https:\/\/noticiaempauta.com\/portal\/wp-json\/wp\/v2\/media\/254607"}],"wp:attachment":[{"href":"https:\/\/noticiaempauta.com\/portal\/wp-json\/wp\/v2\/media?parent=254590"}],"wp:term":[{"taxonomy":"category","embeddable":true,"href":"https:\/\/noticiaempauta.com\/portal\/wp-json\/wp\/v2\/categories?post=254590"},{"taxonomy":"post_tag","embeddable":true,"href":"https:\/\/noticiaempauta.com\/portal\/wp-json\/wp\/v2\/tags?post=254590"}],"curies":[{"name":"wp","href":"https:\/\/api.w.org\/{rel}","templated":true}]}}