{"id":254608,"date":"2024-02-09T08:27:29","date_gmt":"2024-02-09T11:27:29","guid":{"rendered":"https:\/\/noticiaempauta.com\/portal\/?p=254608"},"modified":"2024-02-09T08:27:31","modified_gmt":"2024-02-09T11:27:31","slug":"deputados-que-faltarem-as-sessoes-em-2024-na-alepi-terao-salarios-cortados","status":"publish","type":"post","link":"https:\/\/noticiaempauta.com\/portal\/deputados-que-faltarem-as-sessoes-em-2024-na-alepi-terao-salarios-cortados\/","title":{"rendered":"Deputados que faltarem \u00e0s sess\u00f5es em 2024 na Alepi ter\u00e3o sal\u00e1rios cortados"},"content":{"rendered":"\n<p>Os deputados que faltarem \u00e0s sess\u00f5es ordin\u00e1rias na Assembleia Legislativa do Piau\u00ed (Alepi) e n\u00e3o apresentar justificativa para a aus\u00eancia, ter\u00e3o desconto nos sal\u00e1rios. A inten\u00e7\u00e3o do Poder Legislativo \u00e9 garantir a assiduidade dos parlamentares em paralelo \u00e0s elei\u00e7\u00f5es municipais de 2024.<\/p>\n\n\n\n<p>Em entrevista, o presidente da Alepi, deputado Franz\u00e9 Silva (PT), disse que firmou um acordo com os demais deputados da Casa em 2023 quanto \u00e0 presen\u00e7a nas sess\u00f5es. Na avalia\u00e7\u00e3o de Franz\u00e9 Silva, o qu\u00f3rum reduzido em sess\u00f5es importantes pode afetar nas decis\u00f5es da Alepi.<\/p>\n\n\n\n<figure class=\"wp-block-image size-full\"><img fetchpriority=\"high\" decoding=\"async\" width=\"1000\" height=\"667\" src=\"https:\/\/noticiaempauta.com\/portal\/wp-content\/uploads\/2023\/02\/urgente-todas-as-nomeacoes-da-alepi-passarao-por-triagem-9e489f4f-753c-4813-a695-de59ab77b39d.webp\" alt=\"\" class=\"wp-image-244418\" srcset=\"https:\/\/noticiaempauta.com\/portal\/wp-content\/uploads\/2023\/02\/urgente-todas-as-nomeacoes-da-alepi-passarao-por-triagem-9e489f4f-753c-4813-a695-de59ab77b39d.webp 1000w, https:\/\/noticiaempauta.com\/portal\/wp-content\/uploads\/2023\/02\/urgente-todas-as-nomeacoes-da-alepi-passarao-por-triagem-9e489f4f-753c-4813-a695-de59ab77b39d-300x200.webp 300w, https:\/\/noticiaempauta.com\/portal\/wp-content\/uploads\/2023\/02\/urgente-todas-as-nomeacoes-da-alepi-passarao-por-triagem-9e489f4f-753c-4813-a695-de59ab77b39d-768x512.webp 768w\" sizes=\"(max-width: 1000px) 100vw, 1000px\" \/><\/figure>\n\n\n\n<p>\u201cNos dias nos quais estamos concentrando a produtividade da Assembleia, os parlamentares que n\u00e3o comparecerem ou n\u00e3o justificam de forma correta, j\u00e1 que temos as condi\u00e7\u00f5es de justificativa de aus\u00eancia, ter\u00e3o os seus dias descontadas caso n\u00e3o estejam na Casa\u201d, declarou.<\/p>\n\n\n\n<p>Para garantir a presen\u00e7a dos parlamentares, a Mesa Diretora da Assembleia decidiu alterar os dias de sess\u00e3o, que ocorrer\u00e3o \u00e0s segundas, ter\u00e7as e quartas-feiras. Nos demais dias da semana, os deputados ter\u00e3o liberdade para viajarem ao interior do estado para dar apoio \u00e0s suas bases eleitorais.<\/p>\n\n\n\n<p>\u201cTodos os deputados e deputadas t\u00eam interesse nas elei\u00e7\u00f5es municipais e v\u00e3o acompanhar essas elei\u00e7\u00f5es nos munic\u00edpios onde s\u00e3o votados. Ent\u00e3o, vamos antecipar o ritmo de trabalho para que os deputados e deputadas possam fazer a pol\u00edtica do dia a dia no acompanhamento das elei\u00e7\u00f5es\u201d, disse.<\/p>\n\n\n\n<p><em>Fonte: Portal Clube News<\/em><\/p>\n","protected":false},"excerpt":{"rendered":"<p>A inten\u00e7\u00e3o do Poder Legislativo \u00e9 garantir a assiduidade dos parlamentares.<\/p>\n","protected":false},"author":2,"featured_media":245480,"comment_status":"open","ping_status":"open","sticky":false,"template":"","format":"standard","meta":{"_mi_skip_tracking":false,"footnotes":""},"categories":[25,1,16],"tags":[192],"class_list":["post-254608","post","type-post","status-publish","format-standard","has-post-thumbnail","hentry","category-destaques-site","category-geral","category-todas","tag-destaqueprincipal"],"acf":[],"yoast_head":"<!-- This site is optimized with the Yoast SEO Premium plugin v19.2 (Yoast SEO v26.9) - https:\/\/yoast.com\/product\/yoast-seo-premium-wordpress\/ -->\n<title>Deputados que faltarem \u00e0s sess\u00f5es em 2024 na Alepi ter\u00e3o sal\u00e1rios cortados - Portal Not\u00edcia em Pauta<\/title>\n<meta name=\"robots\" content=\"index, follow, max-snippet:-1, max-image-preview:large, max-video-preview:-1\" \/>\n<link rel=\"canonical\" href=\"https:\/\/noticiaempauta.com\/portal\/deputados-que-faltarem-as-sessoes-em-2024-na-alepi-terao-salarios-cortados\/\" \/>\n<meta property=\"og:locale\" content=\"pt_BR\" \/>\n<meta property=\"og:type\" content=\"article\" \/>\n<meta property=\"og:title\" content=\"Deputados que faltarem \u00e0s sess\u00f5es em 2024 na Alepi ter\u00e3o sal\u00e1rios cortados\" \/>\n<meta property=\"og:description\" content=\"A inten\u00e7\u00e3o do Poder Legislativo \u00e9 garantir a assiduidade dos parlamentares.\" \/>\n<meta property=\"og:url\" content=\"https:\/\/noticiaempauta.com\/portal\/deputados-que-faltarem-as-sessoes-em-2024-na-alepi-terao-salarios-cortados\/\" \/>\n<meta property=\"og:site_name\" content=\"Portal Not\u00edcia em Pauta\" \/>\n<meta property=\"article:publisher\" content=\"https:\/\/www.facebook.com\/Portal-Notcia-Em-Pauta-102292869264820\/\" \/>\n<meta property=\"article:published_time\" content=\"2024-02-09T11:27:29+00:00\" \/>\n<meta property=\"article:modified_time\" content=\"2024-02-09T11:27:31+00:00\" \/>\n<meta property=\"og:image\" content=\"https:\/\/noticiaempauta.com\/portal\/wp-content\/uploads\/2023\/03\/e3ce4f60139fd56680588b87874d46b7.jpg\" \/>\n\t<meta property=\"og:image:width\" content=\"790\" \/>\n\t<meta property=\"og:image:height\" content=\"527\" \/>\n\t<meta property=\"og:image:type\" content=\"image\/jpeg\" \/>\n<meta name=\"author\" content=\"Reda\u00e7\u00e3o\" \/>\n<meta name=\"twitter:card\" content=\"summary_large_image\" \/>\n<meta name=\"twitter:label1\" content=\"Escrito por\" \/>\n\t<meta name=\"twitter:data1\" content=\"Reda\u00e7\u00e3o\" \/>\n\t<meta name=\"twitter:label2\" content=\"Est. tempo de leitura\" \/>\n\t<meta name=\"twitter:data2\" content=\"2 minutos\" \/>\n<script type=\"application\/ld+json\" class=\"yoast-schema-graph\">{\"@context\":\"https:\/\/schema.org\",\"@graph\":[{\"@type\":\"Article\",\"@id\":\"https:\/\/noticiaempauta.com\/portal\/deputados-que-faltarem-as-sessoes-em-2024-na-alepi-terao-salarios-cortados\/#article\",\"isPartOf\":{\"@id\":\"https:\/\/noticiaempauta.com\/portal\/deputados-que-faltarem-as-sessoes-em-2024-na-alepi-terao-salarios-cortados\/\"},\"author\":{\"name\":\"Reda\u00e7\u00e3o\",\"@id\":\"https:\/\/noticiaempauta.com\/portal\/#\/schema\/person\/a74af43dd1ab3deca45f988c717d57ac\"},\"headline\":\"Deputados que faltarem \u00e0s sess\u00f5es em 2024 na Alepi ter\u00e3o sal\u00e1rios cortados\",\"datePublished\":\"2024-02-09T11:27:29+00:00\",\"dateModified\":\"2024-02-09T11:27:31+00:00\",\"mainEntityOfPage\":{\"@id\":\"https:\/\/noticiaempauta.com\/portal\/deputados-que-faltarem-as-sessoes-em-2024-na-alepi-terao-salarios-cortados\/\"},\"wordCount\":268,\"commentCount\":0,\"publisher\":{\"@id\":\"https:\/\/noticiaempauta.com\/portal\/#organization\"},\"image\":{\"@id\":\"https:\/\/noticiaempauta.com\/portal\/deputados-que-faltarem-as-sessoes-em-2024-na-alepi-terao-salarios-cortados\/#primaryimage\"},\"thumbnailUrl\":\"https:\/\/noticiaempauta.com\/portal\/wp-content\/uploads\/2023\/03\/e3ce4f60139fd56680588b87874d46b7.jpg\",\"keywords\":[\"destaqueprincipal\"],\"articleSection\":[\"Destaques\",\"Geral\",\"Todas as Not\u00edcias\"],\"inLanguage\":\"pt-BR\",\"potentialAction\":[{\"@type\":\"CommentAction\",\"name\":\"Comment\",\"target\":[\"https:\/\/noticiaempauta.com\/portal\/deputados-que-faltarem-as-sessoes-em-2024-na-alepi-terao-salarios-cortados\/#respond\"]}]},{\"@type\":\"WebPage\",\"@id\":\"https:\/\/noticiaempauta.com\/portal\/deputados-que-faltarem-as-sessoes-em-2024-na-alepi-terao-salarios-cortados\/\",\"url\":\"https:\/\/noticiaempauta.com\/portal\/deputados-que-faltarem-as-sessoes-em-2024-na-alepi-terao-salarios-cortados\/\",\"name\":\"Deputados que faltarem \u00e0s sess\u00f5es em 2024 na Alepi ter\u00e3o sal\u00e1rios cortados - Portal Not\u00edcia em Pauta\",\"isPartOf\":{\"@id\":\"https:\/\/noticiaempauta.com\/portal\/#website\"},\"primaryImageOfPage\":{\"@id\":\"https:\/\/noticiaempauta.com\/portal\/deputados-que-faltarem-as-sessoes-em-2024-na-alepi-terao-salarios-cortados\/#primaryimage\"},\"image\":{\"@id\":\"https:\/\/noticiaempauta.com\/portal\/deputados-que-faltarem-as-sessoes-em-2024-na-alepi-terao-salarios-cortados\/#primaryimage\"},\"thumbnailUrl\":\"https:\/\/noticiaempauta.com\/portal\/wp-content\/uploads\/2023\/03\/e3ce4f60139fd56680588b87874d46b7.jpg\",\"datePublished\":\"2024-02-09T11:27:29+00:00\",\"dateModified\":\"2024-02-09T11:27:31+00:00\",\"breadcrumb\":{\"@id\":\"https:\/\/noticiaempauta.com\/portal\/deputados-que-faltarem-as-sessoes-em-2024-na-alepi-terao-salarios-cortados\/#breadcrumb\"},\"inLanguage\":\"pt-BR\",\"potentialAction\":[{\"@type\":\"ReadAction\",\"target\":[\"https:\/\/noticiaempauta.com\/portal\/deputados-que-faltarem-as-sessoes-em-2024-na-alepi-terao-salarios-cortados\/\"]}]},{\"@type\":\"ImageObject\",\"inLanguage\":\"pt-BR\",\"@id\":\"https:\/\/noticiaempauta.com\/portal\/deputados-que-faltarem-as-sessoes-em-2024-na-alepi-terao-salarios-cortados\/#primaryimage\",\"url\":\"https:\/\/noticiaempauta.com\/portal\/wp-content\/uploads\/2023\/03\/e3ce4f60139fd56680588b87874d46b7.jpg\",\"contentUrl\":\"https:\/\/noticiaempauta.com\/portal\/wp-content\/uploads\/2023\/03\/e3ce4f60139fd56680588b87874d46b7.jpg\",\"width\":790,\"height\":527,\"caption\":\"Foto: Jarbas Santana\/Alepi\"},{\"@type\":\"BreadcrumbList\",\"@id\":\"https:\/\/noticiaempauta.com\/portal\/deputados-que-faltarem-as-sessoes-em-2024-na-alepi-terao-salarios-cortados\/#breadcrumb\",\"itemListElement\":[{\"@type\":\"ListItem\",\"position\":1,\"name\":\"P\u00e1gina Inicial\",\"item\":\"https:\/\/noticiaempauta.com\/portal\/\"},{\"@type\":\"ListItem\",\"position\":2,\"name\":\"Destaques\",\"item\":\"https:\/\/noticiaempauta.com\/portal\/destaques-site\/\"},{\"@type\":\"ListItem\",\"position\":3,\"name\":\"Deputados que faltarem \u00e0s sess\u00f5es em 2024 na Alepi ter\u00e3o sal\u00e1rios cortados\"}]},{\"@type\":\"WebSite\",\"@id\":\"https:\/\/noticiaempauta.com\/portal\/#website\",\"url\":\"https:\/\/noticiaempauta.com\/portal\/\",\"name\":\"Portal Not\u00edcia em Pauta\",\"description\":\"Voc\u00ea bem informado\",\"publisher\":{\"@id\":\"https:\/\/noticiaempauta.com\/portal\/#organization\"},\"potentialAction\":[{\"@type\":\"SearchAction\",\"target\":{\"@type\":\"EntryPoint\",\"urlTemplate\":\"https:\/\/noticiaempauta.com\/portal\/?s={search_term_string}\"},\"query-input\":{\"@type\":\"PropertyValueSpecification\",\"valueRequired\":true,\"valueName\":\"search_term_string\"}}],\"inLanguage\":\"pt-BR\"},{\"@type\":\"Organization\",\"@id\":\"https:\/\/noticiaempauta.com\/portal\/#organization\",\"name\":\"Portal Not\u00edcia em Pauta\",\"url\":\"https:\/\/noticiaempauta.com\/portal\/\",\"logo\":{\"@type\":\"ImageObject\",\"inLanguage\":\"pt-BR\",\"@id\":\"https:\/\/noticiaempauta.com\/portal\/#\/schema\/logo\/image\/\",\"url\":\"https:\/\/noticiaempauta.com\/portal\/wp-content\/uploads\/2022\/08\/logomarca_tema.fw_.png\",\"contentUrl\":\"https:\/\/noticiaempauta.com\/portal\/wp-content\/uploads\/2022\/08\/logomarca_tema.fw_.png\",\"width\":400,\"height\":232,\"caption\":\"Portal Not\u00edcia em Pauta\"},\"image\":{\"@id\":\"https:\/\/noticiaempauta.com\/portal\/#\/schema\/logo\/image\/\"},\"sameAs\":[\"https:\/\/www.facebook.com\/Portal-Notcia-Em-Pauta-102292869264820\/\",\"https:\/\/www.instagram.com\/portalnoticiaempauta\/\"]},{\"@type\":\"Person\",\"@id\":\"https:\/\/noticiaempauta.com\/portal\/#\/schema\/person\/a74af43dd1ab3deca45f988c717d57ac\",\"name\":\"Reda\u00e7\u00e3o\",\"image\":{\"@type\":\"ImageObject\",\"inLanguage\":\"pt-BR\",\"@id\":\"https:\/\/noticiaempauta.com\/portal\/#\/schema\/person\/image\/\",\"url\":\"https:\/\/secure.gravatar.com\/avatar\/03179346ecce6cdfc13361603e8f54242a90e5cde8618fa23c5c00aa2b0aadf3?s=96&d=mm&r=g\",\"contentUrl\":\"https:\/\/secure.gravatar.com\/avatar\/03179346ecce6cdfc13361603e8f54242a90e5cde8618fa23c5c00aa2b0aadf3?s=96&d=mm&r=g\",\"caption\":\"Reda\u00e7\u00e3o\"},\"sameAs\":[\"https:\/\/noticiaempauta.com\/portal\/\"],\"url\":\"https:\/\/noticiaempauta.com\/portal\/author\/fernando\/\"}]}<\/script>\n<!-- \/ Yoast SEO Premium plugin. -->","yoast_head_json":{"title":"Deputados que faltarem \u00e0s sess\u00f5es em 2024 na Alepi ter\u00e3o sal\u00e1rios cortados - Portal Not\u00edcia em Pauta","robots":{"index":"index","follow":"follow","max-snippet":"max-snippet:-1","max-image-preview":"max-image-preview:large","max-video-preview":"max-video-preview:-1"},"canonical":"https:\/\/noticiaempauta.com\/portal\/deputados-que-faltarem-as-sessoes-em-2024-na-alepi-terao-salarios-cortados\/","og_locale":"pt_BR","og_type":"article","og_title":"Deputados que faltarem \u00e0s sess\u00f5es em 2024 na Alepi ter\u00e3o sal\u00e1rios cortados","og_description":"A inten\u00e7\u00e3o do Poder Legislativo \u00e9 garantir a assiduidade dos parlamentares.","og_url":"https:\/\/noticiaempauta.com\/portal\/deputados-que-faltarem-as-sessoes-em-2024-na-alepi-terao-salarios-cortados\/","og_site_name":"Portal Not\u00edcia em Pauta","article_publisher":"https:\/\/www.facebook.com\/Portal-Notcia-Em-Pauta-102292869264820\/","article_published_time":"2024-02-09T11:27:29+00:00","article_modified_time":"2024-02-09T11:27:31+00:00","og_image":[{"width":790,"height":527,"url":"https:\/\/noticiaempauta.com\/portal\/wp-content\/uploads\/2023\/03\/e3ce4f60139fd56680588b87874d46b7.jpg","type":"image\/jpeg"}],"author":"Reda\u00e7\u00e3o","twitter_card":"summary_large_image","twitter_misc":{"Escrito por":"Reda\u00e7\u00e3o","Est. tempo de leitura":"2 minutos"},"schema":{"@context":"https:\/\/schema.org","@graph":[{"@type":"Article","@id":"https:\/\/noticiaempauta.com\/portal\/deputados-que-faltarem-as-sessoes-em-2024-na-alepi-terao-salarios-cortados\/#article","isPartOf":{"@id":"https:\/\/noticiaempauta.com\/portal\/deputados-que-faltarem-as-sessoes-em-2024-na-alepi-terao-salarios-cortados\/"},"author":{"name":"Reda\u00e7\u00e3o","@id":"https:\/\/noticiaempauta.com\/portal\/#\/schema\/person\/a74af43dd1ab3deca45f988c717d57ac"},"headline":"Deputados que faltarem \u00e0s sess\u00f5es em 2024 na Alepi ter\u00e3o sal\u00e1rios cortados","datePublished":"2024-02-09T11:27:29+00:00","dateModified":"2024-02-09T11:27:31+00:00","mainEntityOfPage":{"@id":"https:\/\/noticiaempauta.com\/portal\/deputados-que-faltarem-as-sessoes-em-2024-na-alepi-terao-salarios-cortados\/"},"wordCount":268,"commentCount":0,"publisher":{"@id":"https:\/\/noticiaempauta.com\/portal\/#organization"},"image":{"@id":"https:\/\/noticiaempauta.com\/portal\/deputados-que-faltarem-as-sessoes-em-2024-na-alepi-terao-salarios-cortados\/#primaryimage"},"thumbnailUrl":"https:\/\/noticiaempauta.com\/portal\/wp-content\/uploads\/2023\/03\/e3ce4f60139fd56680588b87874d46b7.jpg","keywords":["destaqueprincipal"],"articleSection":["Destaques","Geral","Todas as Not\u00edcias"],"inLanguage":"pt-BR","potentialAction":[{"@type":"CommentAction","name":"Comment","target":["https:\/\/noticiaempauta.com\/portal\/deputados-que-faltarem-as-sessoes-em-2024-na-alepi-terao-salarios-cortados\/#respond"]}]},{"@type":"WebPage","@id":"https:\/\/noticiaempauta.com\/portal\/deputados-que-faltarem-as-sessoes-em-2024-na-alepi-terao-salarios-cortados\/","url":"https:\/\/noticiaempauta.com\/portal\/deputados-que-faltarem-as-sessoes-em-2024-na-alepi-terao-salarios-cortados\/","name":"Deputados que faltarem \u00e0s sess\u00f5es em 2024 na Alepi ter\u00e3o sal\u00e1rios cortados - Portal Not\u00edcia em Pauta","isPartOf":{"@id":"https:\/\/noticiaempauta.com\/portal\/#website"},"primaryImageOfPage":{"@id":"https:\/\/noticiaempauta.com\/portal\/deputados-que-faltarem-as-sessoes-em-2024-na-alepi-terao-salarios-cortados\/#primaryimage"},"image":{"@id":"https:\/\/noticiaempauta.com\/portal\/deputados-que-faltarem-as-sessoes-em-2024-na-alepi-terao-salarios-cortados\/#primaryimage"},"thumbnailUrl":"https:\/\/noticiaempauta.com\/portal\/wp-content\/uploads\/2023\/03\/e3ce4f60139fd56680588b87874d46b7.jpg","datePublished":"2024-02-09T11:27:29+00:00","dateModified":"2024-02-09T11:27:31+00:00","breadcrumb":{"@id":"https:\/\/noticiaempauta.com\/portal\/deputados-que-faltarem-as-sessoes-em-2024-na-alepi-terao-salarios-cortados\/#breadcrumb"},"inLanguage":"pt-BR","potentialAction":[{"@type":"ReadAction","target":["https:\/\/noticiaempauta.com\/portal\/deputados-que-faltarem-as-sessoes-em-2024-na-alepi-terao-salarios-cortados\/"]}]},{"@type":"ImageObject","inLanguage":"pt-BR","@id":"https:\/\/noticiaempauta.com\/portal\/deputados-que-faltarem-as-sessoes-em-2024-na-alepi-terao-salarios-cortados\/#primaryimage","url":"https:\/\/noticiaempauta.com\/portal\/wp-content\/uploads\/2023\/03\/e3ce4f60139fd56680588b87874d46b7.jpg","contentUrl":"https:\/\/noticiaempauta.com\/portal\/wp-content\/uploads\/2023\/03\/e3ce4f60139fd56680588b87874d46b7.jpg","width":790,"height":527,"caption":"Foto: Jarbas Santana\/Alepi"},{"@type":"BreadcrumbList","@id":"https:\/\/noticiaempauta.com\/portal\/deputados-que-faltarem-as-sessoes-em-2024-na-alepi-terao-salarios-cortados\/#breadcrumb","itemListElement":[{"@type":"ListItem","position":1,"name":"P\u00e1gina Inicial","item":"https:\/\/noticiaempauta.com\/portal\/"},{"@type":"ListItem","position":2,"name":"Destaques","item":"https:\/\/noticiaempauta.com\/portal\/destaques-site\/"},{"@type":"ListItem","position":3,"name":"Deputados que faltarem \u00e0s sess\u00f5es em 2024 na Alepi ter\u00e3o sal\u00e1rios cortados"}]},{"@type":"WebSite","@id":"https:\/\/noticiaempauta.com\/portal\/#website","url":"https:\/\/noticiaempauta.com\/portal\/","name":"Portal Not\u00edcia em Pauta","description":"Voc\u00ea bem informado","publisher":{"@id":"https:\/\/noticiaempauta.com\/portal\/#organization"},"potentialAction":[{"@type":"SearchAction","target":{"@type":"EntryPoint","urlTemplate":"https:\/\/noticiaempauta.com\/portal\/?s={search_term_string}"},"query-input":{"@type":"PropertyValueSpecification","valueRequired":true,"valueName":"search_term_string"}}],"inLanguage":"pt-BR"},{"@type":"Organization","@id":"https:\/\/noticiaempauta.com\/portal\/#organization","name":"Portal Not\u00edcia em Pauta","url":"https:\/\/noticiaempauta.com\/portal\/","logo":{"@type":"ImageObject","inLanguage":"pt-BR","@id":"https:\/\/noticiaempauta.com\/portal\/#\/schema\/logo\/image\/","url":"https:\/\/noticiaempauta.com\/portal\/wp-content\/uploads\/2022\/08\/logomarca_tema.fw_.png","contentUrl":"https:\/\/noticiaempauta.com\/portal\/wp-content\/uploads\/2022\/08\/logomarca_tema.fw_.png","width":400,"height":232,"caption":"Portal Not\u00edcia em Pauta"},"image":{"@id":"https:\/\/noticiaempauta.com\/portal\/#\/schema\/logo\/image\/"},"sameAs":["https:\/\/www.facebook.com\/Portal-Notcia-Em-Pauta-102292869264820\/","https:\/\/www.instagram.com\/portalnoticiaempauta\/"]},{"@type":"Person","@id":"https:\/\/noticiaempauta.com\/portal\/#\/schema\/person\/a74af43dd1ab3deca45f988c717d57ac","name":"Reda\u00e7\u00e3o","image":{"@type":"ImageObject","inLanguage":"pt-BR","@id":"https:\/\/noticiaempauta.com\/portal\/#\/schema\/person\/image\/","url":"https:\/\/secure.gravatar.com\/avatar\/03179346ecce6cdfc13361603e8f54242a90e5cde8618fa23c5c00aa2b0aadf3?s=96&d=mm&r=g","contentUrl":"https:\/\/secure.gravatar.com\/avatar\/03179346ecce6cdfc13361603e8f54242a90e5cde8618fa23c5c00aa2b0aadf3?s=96&d=mm&r=g","caption":"Reda\u00e7\u00e3o"},"sameAs":["https:\/\/noticiaempauta.com\/portal\/"],"url":"https:\/\/noticiaempauta.com\/portal\/author\/fernando\/"}]}},"_links":{"self":[{"href":"https:\/\/noticiaempauta.com\/portal\/wp-json\/wp\/v2\/posts\/254608","targetHints":{"allow":["GET"]}}],"collection":[{"href":"https:\/\/noticiaempauta.com\/portal\/wp-json\/wp\/v2\/posts"}],"about":[{"href":"https:\/\/noticiaempauta.com\/portal\/wp-json\/wp\/v2\/types\/post"}],"author":[{"embeddable":true,"href":"https:\/\/noticiaempauta.com\/portal\/wp-json\/wp\/v2\/users\/2"}],"replies":[{"embeddable":true,"href":"https:\/\/noticiaempauta.com\/portal\/wp-json\/wp\/v2\/comments?post=254608"}],"version-history":[{"count":2,"href":"https:\/\/noticiaempauta.com\/portal\/wp-json\/wp\/v2\/posts\/254608\/revisions"}],"predecessor-version":[{"id":254611,"href":"https:\/\/noticiaempauta.com\/portal\/wp-json\/wp\/v2\/posts\/254608\/revisions\/254611"}],"wp:featuredmedia":[{"embeddable":true,"href":"https:\/\/noticiaempauta.com\/portal\/wp-json\/wp\/v2\/media\/245480"}],"wp:attachment":[{"href":"https:\/\/noticiaempauta.com\/portal\/wp-json\/wp\/v2\/media?parent=254608"}],"wp:term":[{"taxonomy":"category","embeddable":true,"href":"https:\/\/noticiaempauta.com\/portal\/wp-json\/wp\/v2\/categories?post=254608"},{"taxonomy":"post_tag","embeddable":true,"href":"https:\/\/noticiaempauta.com\/portal\/wp-json\/wp\/v2\/tags?post=254608"}],"curies":[{"name":"wp","href":"https:\/\/api.w.org\/{rel}","templated":true}]}}