{"id":254612,"date":"2024-02-09T08:45:14","date_gmt":"2024-02-09T11:45:14","guid":{"rendered":"https:\/\/noticiaempauta.com\/portal\/?p=254612"},"modified":"2024-02-09T08:47:21","modified_gmt":"2024-02-09T11:47:21","slug":"marcelo-castro-defende-neutralidade-de-rafael-fonteles-em-cidades-com-mais-de-um-pre-candidato-da-base","status":"publish","type":"post","link":"https:\/\/noticiaempauta.com\/portal\/marcelo-castro-defende-neutralidade-de-rafael-fonteles-em-cidades-com-mais-de-um-pre-candidato-da-base\/","title":{"rendered":"Marcelo Castro defende neutralidade de Rafael Fonteles em cidades com mais de um pr\u00e9-candidato da base"},"content":{"rendered":"\n<p>O senador Marcelo Castro (MDB) defendeu, nesta quinta-feira (08), que o\u00a0governador Rafael Fonteles (PT) permane\u00e7a neutro em munic\u00edpios onde tenham mais de dois partidos da base disputando a prefeitura.<\/p>\n\n\n\n<figure class=\"wp-block-image size-large\"><img fetchpriority=\"high\" decoding=\"async\" width=\"1024\" height=\"682\" src=\"https:\/\/noticiaempauta.com\/portal\/wp-content\/uploads\/2023\/09\/WhatsApp-Image-2023-08-25-at-10.09.02-1-1536x1023-1-1024x682.jpeg\" alt=\"\" class=\"wp-image-249684\" srcset=\"https:\/\/noticiaempauta.com\/portal\/wp-content\/uploads\/2023\/09\/WhatsApp-Image-2023-08-25-at-10.09.02-1-1536x1023-1-1024x682.jpeg 1024w, https:\/\/noticiaempauta.com\/portal\/wp-content\/uploads\/2023\/09\/WhatsApp-Image-2023-08-25-at-10.09.02-1-1536x1023-1-300x200.jpeg 300w, https:\/\/noticiaempauta.com\/portal\/wp-content\/uploads\/2023\/09\/WhatsApp-Image-2023-08-25-at-10.09.02-1-1536x1023-1-768x512.jpeg 768w, https:\/\/noticiaempauta.com\/portal\/wp-content\/uploads\/2023\/09\/WhatsApp-Image-2023-08-25-at-10.09.02-1-1536x1023-1.jpeg 1536w\" sizes=\"(max-width: 1024px) 100vw, 1024px\" \/><figcaption class=\"wp-element-caption\"><em>Senador Marcelo Castro (Foto: Jonas Carvalho\/ Portal ClubeNews)<\/em><\/figcaption><\/figure>\n\n\n\n<blockquote class=\"wp-block-quote is-layout-flow wp-block-quote-is-layout-flow\">\n<p>\u201cImagino que no lugar que tiverem dois ou mais candidatos da base do governo, de partidos da base, que votaram no governador Rafael Fonteles para governador, pronto, n\u00f3s estaremos neutros, eu, o governador, todo mundo, ningu\u00e9m vai se meter porque todos t\u00eam o mesmo direito\u201d, destacou.<\/p>\n<\/blockquote>\n\n\n\n<p>Marcelo Castro tamb\u00e9m avaliou como \u201cnatural\u201d que algumas cidades tenham pr\u00e9-candidaturas do PT, MDB e PSD, embora a estrat\u00e9gia seja a unifica\u00e7\u00e3o da base. Pelo menos duas das maiores cidades est\u00e3o nessa situa\u00e7\u00e3o: Parna\u00edba e Piripiri.<\/p>\n\n\n\n<blockquote class=\"wp-block-quote is-layout-flow wp-block-quote-is-layout-flow\">\n<p>\u201cIsso \u00e9 natural, n\u00f3s temos aqui no Brasil um clube de partidarismo muito grande, a base do governo tem n\u00famero, muitos partidos que est\u00e3o na base do governo, seria impens\u00e1vel voc\u00ea ter uma concilia\u00e7\u00e3o de todos esses partidos, em todos os munic\u00edpios do Piau\u00ed, foi um esfor\u00e7o extraordin\u00e1rio, at\u00e9 em Teresina\u201d, pontuou.<\/p>\n\n\n\n<p><em>Fonte: Cidade Verde<\/em><\/p>\n<\/blockquote>\n\n\n\n<p><\/p>\n","protected":false},"excerpt":{"rendered":"<p>O senador Marcelo Castro (MDB) defendeu, nesta quinta-feira (08), que o\u00a0governador Rafael Fonteles (PT) permane\u00e7a neutro em munic\u00edpios onde tenham mais de dois partidos da base disputando a prefeitura. \u201cImagino que no lugar que tiverem dois ou mais candidatos da base do governo, de partidos da base, que votaram no governador Rafael Fonteles para governador, [&hellip;]<\/p>\n","protected":false},"author":2,"featured_media":249684,"comment_status":"open","ping_status":"open","sticky":false,"template":"","format":"standard","meta":{"_mi_skip_tracking":false,"footnotes":""},"categories":[25,1,9,3,16],"tags":[192],"class_list":["post-254612","post","type-post","status-publish","format-standard","has-post-thumbnail","hentry","category-destaques-site","category-geral","category-municipios","category-politica","category-todas","tag-destaqueprincipal"],"acf":[],"yoast_head":"<!-- This site is optimized with the Yoast SEO Premium plugin v19.2 (Yoast SEO v26.9) - https:\/\/yoast.com\/product\/yoast-seo-premium-wordpress\/ -->\n<title>Marcelo Castro defende neutralidade de Rafael Fonteles em cidades com mais de um pr\u00e9-candidato da base - Portal Not\u00edcia em Pauta<\/title>\n<meta name=\"robots\" content=\"index, follow, max-snippet:-1, max-image-preview:large, max-video-preview:-1\" \/>\n<link rel=\"canonical\" href=\"https:\/\/noticiaempauta.com\/portal\/marcelo-castro-defende-neutralidade-de-rafael-fonteles-em-cidades-com-mais-de-um-pre-candidato-da-base\/\" \/>\n<meta property=\"og:locale\" content=\"pt_BR\" \/>\n<meta property=\"og:type\" content=\"article\" \/>\n<meta property=\"og:title\" content=\"Marcelo Castro defende neutralidade de Rafael Fonteles em cidades com mais de um pr\u00e9-candidato da base\" \/>\n<meta property=\"og:description\" content=\"O senador Marcelo Castro (MDB) defendeu, nesta quinta-feira (08), que o\u00a0governador Rafael Fonteles (PT) permane\u00e7a neutro em munic\u00edpios onde tenham mais de dois partidos da base disputando a prefeitura. \u201cImagino que no lugar que tiverem dois ou mais candidatos da base do governo, de partidos da base, que votaram no governador Rafael Fonteles para governador, [&hellip;]\" \/>\n<meta property=\"og:url\" content=\"https:\/\/noticiaempauta.com\/portal\/marcelo-castro-defende-neutralidade-de-rafael-fonteles-em-cidades-com-mais-de-um-pre-candidato-da-base\/\" \/>\n<meta property=\"og:site_name\" content=\"Portal Not\u00edcia em Pauta\" \/>\n<meta property=\"article:publisher\" content=\"https:\/\/www.facebook.com\/Portal-Notcia-Em-Pauta-102292869264820\/\" \/>\n<meta property=\"article:published_time\" content=\"2024-02-09T11:45:14+00:00\" \/>\n<meta property=\"article:modified_time\" content=\"2024-02-09T11:47:21+00:00\" \/>\n<meta property=\"og:image\" content=\"https:\/\/noticiaempauta.com\/portal\/wp-content\/uploads\/2023\/09\/WhatsApp-Image-2023-08-25-at-10.09.02-1-1536x1023-1.jpeg\" \/>\n\t<meta property=\"og:image:width\" content=\"1536\" \/>\n\t<meta property=\"og:image:height\" content=\"1023\" \/>\n\t<meta property=\"og:image:type\" content=\"image\/jpeg\" \/>\n<meta name=\"author\" content=\"Reda\u00e7\u00e3o\" \/>\n<meta name=\"twitter:card\" content=\"summary_large_image\" \/>\n<meta name=\"twitter:label1\" content=\"Escrito por\" \/>\n\t<meta name=\"twitter:data1\" content=\"Reda\u00e7\u00e3o\" \/>\n\t<meta name=\"twitter:label2\" content=\"Est. tempo de leitura\" \/>\n\t<meta name=\"twitter:data2\" content=\"1 minuto\" \/>\n<script type=\"application\/ld+json\" class=\"yoast-schema-graph\">{\"@context\":\"https:\/\/schema.org\",\"@graph\":[{\"@type\":\"Article\",\"@id\":\"https:\/\/noticiaempauta.com\/portal\/marcelo-castro-defende-neutralidade-de-rafael-fonteles-em-cidades-com-mais-de-um-pre-candidato-da-base\/#article\",\"isPartOf\":{\"@id\":\"https:\/\/noticiaempauta.com\/portal\/marcelo-castro-defende-neutralidade-de-rafael-fonteles-em-cidades-com-mais-de-um-pre-candidato-da-base\/\"},\"author\":{\"name\":\"Reda\u00e7\u00e3o\",\"@id\":\"https:\/\/noticiaempauta.com\/portal\/#\/schema\/person\/a74af43dd1ab3deca45f988c717d57ac\"},\"headline\":\"Marcelo Castro defende neutralidade de Rafael Fonteles em cidades com mais de um pr\u00e9-candidato da base\",\"datePublished\":\"2024-02-09T11:45:14+00:00\",\"dateModified\":\"2024-02-09T11:47:21+00:00\",\"mainEntityOfPage\":{\"@id\":\"https:\/\/noticiaempauta.com\/portal\/marcelo-castro-defende-neutralidade-de-rafael-fonteles-em-cidades-com-mais-de-um-pre-candidato-da-base\/\"},\"wordCount\":210,\"commentCount\":0,\"publisher\":{\"@id\":\"https:\/\/noticiaempauta.com\/portal\/#organization\"},\"image\":{\"@id\":\"https:\/\/noticiaempauta.com\/portal\/marcelo-castro-defende-neutralidade-de-rafael-fonteles-em-cidades-com-mais-de-um-pre-candidato-da-base\/#primaryimage\"},\"thumbnailUrl\":\"https:\/\/noticiaempauta.com\/portal\/wp-content\/uploads\/2023\/09\/WhatsApp-Image-2023-08-25-at-10.09.02-1-1536x1023-1.jpeg\",\"keywords\":[\"destaqueprincipal\"],\"articleSection\":[\"Destaques\",\"Geral\",\"Munic\u00edpios\",\"Pol\u00edtica\",\"Todas as Not\u00edcias\"],\"inLanguage\":\"pt-BR\",\"potentialAction\":[{\"@type\":\"CommentAction\",\"name\":\"Comment\",\"target\":[\"https:\/\/noticiaempauta.com\/portal\/marcelo-castro-defende-neutralidade-de-rafael-fonteles-em-cidades-com-mais-de-um-pre-candidato-da-base\/#respond\"]}]},{\"@type\":\"WebPage\",\"@id\":\"https:\/\/noticiaempauta.com\/portal\/marcelo-castro-defende-neutralidade-de-rafael-fonteles-em-cidades-com-mais-de-um-pre-candidato-da-base\/\",\"url\":\"https:\/\/noticiaempauta.com\/portal\/marcelo-castro-defende-neutralidade-de-rafael-fonteles-em-cidades-com-mais-de-um-pre-candidato-da-base\/\",\"name\":\"Marcelo Castro defende neutralidade de Rafael Fonteles em cidades com mais de um pr\u00e9-candidato da base - Portal Not\u00edcia em Pauta\",\"isPartOf\":{\"@id\":\"https:\/\/noticiaempauta.com\/portal\/#website\"},\"primaryImageOfPage\":{\"@id\":\"https:\/\/noticiaempauta.com\/portal\/marcelo-castro-defende-neutralidade-de-rafael-fonteles-em-cidades-com-mais-de-um-pre-candidato-da-base\/#primaryimage\"},\"image\":{\"@id\":\"https:\/\/noticiaempauta.com\/portal\/marcelo-castro-defende-neutralidade-de-rafael-fonteles-em-cidades-com-mais-de-um-pre-candidato-da-base\/#primaryimage\"},\"thumbnailUrl\":\"https:\/\/noticiaempauta.com\/portal\/wp-content\/uploads\/2023\/09\/WhatsApp-Image-2023-08-25-at-10.09.02-1-1536x1023-1.jpeg\",\"datePublished\":\"2024-02-09T11:45:14+00:00\",\"dateModified\":\"2024-02-09T11:47:21+00:00\",\"breadcrumb\":{\"@id\":\"https:\/\/noticiaempauta.com\/portal\/marcelo-castro-defende-neutralidade-de-rafael-fonteles-em-cidades-com-mais-de-um-pre-candidato-da-base\/#breadcrumb\"},\"inLanguage\":\"pt-BR\",\"potentialAction\":[{\"@type\":\"ReadAction\",\"target\":[\"https:\/\/noticiaempauta.com\/portal\/marcelo-castro-defende-neutralidade-de-rafael-fonteles-em-cidades-com-mais-de-um-pre-candidato-da-base\/\"]}]},{\"@type\":\"ImageObject\",\"inLanguage\":\"pt-BR\",\"@id\":\"https:\/\/noticiaempauta.com\/portal\/marcelo-castro-defende-neutralidade-de-rafael-fonteles-em-cidades-com-mais-de-um-pre-candidato-da-base\/#primaryimage\",\"url\":\"https:\/\/noticiaempauta.com\/portal\/wp-content\/uploads\/2023\/09\/WhatsApp-Image-2023-08-25-at-10.09.02-1-1536x1023-1.jpeg\",\"contentUrl\":\"https:\/\/noticiaempauta.com\/portal\/wp-content\/uploads\/2023\/09\/WhatsApp-Image-2023-08-25-at-10.09.02-1-1536x1023-1.jpeg\",\"width\":1536,\"height\":1023,\"caption\":\"Senador Marcelo Castro (Foto: Jonas Carvalho\/ Portal ClubeNews)\"},{\"@type\":\"BreadcrumbList\",\"@id\":\"https:\/\/noticiaempauta.com\/portal\/marcelo-castro-defende-neutralidade-de-rafael-fonteles-em-cidades-com-mais-de-um-pre-candidato-da-base\/#breadcrumb\",\"itemListElement\":[{\"@type\":\"ListItem\",\"position\":1,\"name\":\"P\u00e1gina Inicial\",\"item\":\"https:\/\/noticiaempauta.com\/portal\/\"},{\"@type\":\"ListItem\",\"position\":2,\"name\":\"Destaques\",\"item\":\"https:\/\/noticiaempauta.com\/portal\/destaques-site\/\"},{\"@type\":\"ListItem\",\"position\":3,\"name\":\"Marcelo Castro defende neutralidade de Rafael Fonteles em cidades com mais de um pr\u00e9-candidato da base\"}]},{\"@type\":\"WebSite\",\"@id\":\"https:\/\/noticiaempauta.com\/portal\/#website\",\"url\":\"https:\/\/noticiaempauta.com\/portal\/\",\"name\":\"Portal Not\u00edcia em Pauta\",\"description\":\"Voc\u00ea bem informado\",\"publisher\":{\"@id\":\"https:\/\/noticiaempauta.com\/portal\/#organization\"},\"potentialAction\":[{\"@type\":\"SearchAction\",\"target\":{\"@type\":\"EntryPoint\",\"urlTemplate\":\"https:\/\/noticiaempauta.com\/portal\/?s={search_term_string}\"},\"query-input\":{\"@type\":\"PropertyValueSpecification\",\"valueRequired\":true,\"valueName\":\"search_term_string\"}}],\"inLanguage\":\"pt-BR\"},{\"@type\":\"Organization\",\"@id\":\"https:\/\/noticiaempauta.com\/portal\/#organization\",\"name\":\"Portal Not\u00edcia em Pauta\",\"url\":\"https:\/\/noticiaempauta.com\/portal\/\",\"logo\":{\"@type\":\"ImageObject\",\"inLanguage\":\"pt-BR\",\"@id\":\"https:\/\/noticiaempauta.com\/portal\/#\/schema\/logo\/image\/\",\"url\":\"https:\/\/noticiaempauta.com\/portal\/wp-content\/uploads\/2022\/08\/logomarca_tema.fw_.png\",\"contentUrl\":\"https:\/\/noticiaempauta.com\/portal\/wp-content\/uploads\/2022\/08\/logomarca_tema.fw_.png\",\"width\":400,\"height\":232,\"caption\":\"Portal Not\u00edcia em Pauta\"},\"image\":{\"@id\":\"https:\/\/noticiaempauta.com\/portal\/#\/schema\/logo\/image\/\"},\"sameAs\":[\"https:\/\/www.facebook.com\/Portal-Notcia-Em-Pauta-102292869264820\/\",\"https:\/\/www.instagram.com\/portalnoticiaempauta\/\"]},{\"@type\":\"Person\",\"@id\":\"https:\/\/noticiaempauta.com\/portal\/#\/schema\/person\/a74af43dd1ab3deca45f988c717d57ac\",\"name\":\"Reda\u00e7\u00e3o\",\"image\":{\"@type\":\"ImageObject\",\"inLanguage\":\"pt-BR\",\"@id\":\"https:\/\/noticiaempauta.com\/portal\/#\/schema\/person\/image\/\",\"url\":\"https:\/\/secure.gravatar.com\/avatar\/03179346ecce6cdfc13361603e8f54242a90e5cde8618fa23c5c00aa2b0aadf3?s=96&d=mm&r=g\",\"contentUrl\":\"https:\/\/secure.gravatar.com\/avatar\/03179346ecce6cdfc13361603e8f54242a90e5cde8618fa23c5c00aa2b0aadf3?s=96&d=mm&r=g\",\"caption\":\"Reda\u00e7\u00e3o\"},\"sameAs\":[\"https:\/\/noticiaempauta.com\/portal\/\"],\"url\":\"https:\/\/noticiaempauta.com\/portal\/author\/fernando\/\"}]}<\/script>\n<!-- \/ Yoast SEO Premium plugin. -->","yoast_head_json":{"title":"Marcelo Castro defende neutralidade de Rafael Fonteles em cidades com mais de um pr\u00e9-candidato da base - Portal Not\u00edcia em Pauta","robots":{"index":"index","follow":"follow","max-snippet":"max-snippet:-1","max-image-preview":"max-image-preview:large","max-video-preview":"max-video-preview:-1"},"canonical":"https:\/\/noticiaempauta.com\/portal\/marcelo-castro-defende-neutralidade-de-rafael-fonteles-em-cidades-com-mais-de-um-pre-candidato-da-base\/","og_locale":"pt_BR","og_type":"article","og_title":"Marcelo Castro defende neutralidade de Rafael Fonteles em cidades com mais de um pr\u00e9-candidato da base","og_description":"O senador Marcelo Castro (MDB) defendeu, nesta quinta-feira (08), que o\u00a0governador Rafael Fonteles (PT) permane\u00e7a neutro em munic\u00edpios onde tenham mais de dois partidos da base disputando a prefeitura. \u201cImagino que no lugar que tiverem dois ou mais candidatos da base do governo, de partidos da base, que votaram no governador Rafael Fonteles para governador, [&hellip;]","og_url":"https:\/\/noticiaempauta.com\/portal\/marcelo-castro-defende-neutralidade-de-rafael-fonteles-em-cidades-com-mais-de-um-pre-candidato-da-base\/","og_site_name":"Portal Not\u00edcia em Pauta","article_publisher":"https:\/\/www.facebook.com\/Portal-Notcia-Em-Pauta-102292869264820\/","article_published_time":"2024-02-09T11:45:14+00:00","article_modified_time":"2024-02-09T11:47:21+00:00","og_image":[{"width":1536,"height":1023,"url":"https:\/\/noticiaempauta.com\/portal\/wp-content\/uploads\/2023\/09\/WhatsApp-Image-2023-08-25-at-10.09.02-1-1536x1023-1.jpeg","type":"image\/jpeg"}],"author":"Reda\u00e7\u00e3o","twitter_card":"summary_large_image","twitter_misc":{"Escrito por":"Reda\u00e7\u00e3o","Est. tempo de leitura":"1 minuto"},"schema":{"@context":"https:\/\/schema.org","@graph":[{"@type":"Article","@id":"https:\/\/noticiaempauta.com\/portal\/marcelo-castro-defende-neutralidade-de-rafael-fonteles-em-cidades-com-mais-de-um-pre-candidato-da-base\/#article","isPartOf":{"@id":"https:\/\/noticiaempauta.com\/portal\/marcelo-castro-defende-neutralidade-de-rafael-fonteles-em-cidades-com-mais-de-um-pre-candidato-da-base\/"},"author":{"name":"Reda\u00e7\u00e3o","@id":"https:\/\/noticiaempauta.com\/portal\/#\/schema\/person\/a74af43dd1ab3deca45f988c717d57ac"},"headline":"Marcelo Castro defende neutralidade de Rafael Fonteles em cidades com mais de um pr\u00e9-candidato da base","datePublished":"2024-02-09T11:45:14+00:00","dateModified":"2024-02-09T11:47:21+00:00","mainEntityOfPage":{"@id":"https:\/\/noticiaempauta.com\/portal\/marcelo-castro-defende-neutralidade-de-rafael-fonteles-em-cidades-com-mais-de-um-pre-candidato-da-base\/"},"wordCount":210,"commentCount":0,"publisher":{"@id":"https:\/\/noticiaempauta.com\/portal\/#organization"},"image":{"@id":"https:\/\/noticiaempauta.com\/portal\/marcelo-castro-defende-neutralidade-de-rafael-fonteles-em-cidades-com-mais-de-um-pre-candidato-da-base\/#primaryimage"},"thumbnailUrl":"https:\/\/noticiaempauta.com\/portal\/wp-content\/uploads\/2023\/09\/WhatsApp-Image-2023-08-25-at-10.09.02-1-1536x1023-1.jpeg","keywords":["destaqueprincipal"],"articleSection":["Destaques","Geral","Munic\u00edpios","Pol\u00edtica","Todas as Not\u00edcias"],"inLanguage":"pt-BR","potentialAction":[{"@type":"CommentAction","name":"Comment","target":["https:\/\/noticiaempauta.com\/portal\/marcelo-castro-defende-neutralidade-de-rafael-fonteles-em-cidades-com-mais-de-um-pre-candidato-da-base\/#respond"]}]},{"@type":"WebPage","@id":"https:\/\/noticiaempauta.com\/portal\/marcelo-castro-defende-neutralidade-de-rafael-fonteles-em-cidades-com-mais-de-um-pre-candidato-da-base\/","url":"https:\/\/noticiaempauta.com\/portal\/marcelo-castro-defende-neutralidade-de-rafael-fonteles-em-cidades-com-mais-de-um-pre-candidato-da-base\/","name":"Marcelo Castro defende neutralidade de Rafael Fonteles em cidades com mais de um pr\u00e9-candidato da base - Portal Not\u00edcia em Pauta","isPartOf":{"@id":"https:\/\/noticiaempauta.com\/portal\/#website"},"primaryImageOfPage":{"@id":"https:\/\/noticiaempauta.com\/portal\/marcelo-castro-defende-neutralidade-de-rafael-fonteles-em-cidades-com-mais-de-um-pre-candidato-da-base\/#primaryimage"},"image":{"@id":"https:\/\/noticiaempauta.com\/portal\/marcelo-castro-defende-neutralidade-de-rafael-fonteles-em-cidades-com-mais-de-um-pre-candidato-da-base\/#primaryimage"},"thumbnailUrl":"https:\/\/noticiaempauta.com\/portal\/wp-content\/uploads\/2023\/09\/WhatsApp-Image-2023-08-25-at-10.09.02-1-1536x1023-1.jpeg","datePublished":"2024-02-09T11:45:14+00:00","dateModified":"2024-02-09T11:47:21+00:00","breadcrumb":{"@id":"https:\/\/noticiaempauta.com\/portal\/marcelo-castro-defende-neutralidade-de-rafael-fonteles-em-cidades-com-mais-de-um-pre-candidato-da-base\/#breadcrumb"},"inLanguage":"pt-BR","potentialAction":[{"@type":"ReadAction","target":["https:\/\/noticiaempauta.com\/portal\/marcelo-castro-defende-neutralidade-de-rafael-fonteles-em-cidades-com-mais-de-um-pre-candidato-da-base\/"]}]},{"@type":"ImageObject","inLanguage":"pt-BR","@id":"https:\/\/noticiaempauta.com\/portal\/marcelo-castro-defende-neutralidade-de-rafael-fonteles-em-cidades-com-mais-de-um-pre-candidato-da-base\/#primaryimage","url":"https:\/\/noticiaempauta.com\/portal\/wp-content\/uploads\/2023\/09\/WhatsApp-Image-2023-08-25-at-10.09.02-1-1536x1023-1.jpeg","contentUrl":"https:\/\/noticiaempauta.com\/portal\/wp-content\/uploads\/2023\/09\/WhatsApp-Image-2023-08-25-at-10.09.02-1-1536x1023-1.jpeg","width":1536,"height":1023,"caption":"Senador Marcelo Castro (Foto: Jonas Carvalho\/ Portal ClubeNews)"},{"@type":"BreadcrumbList","@id":"https:\/\/noticiaempauta.com\/portal\/marcelo-castro-defende-neutralidade-de-rafael-fonteles-em-cidades-com-mais-de-um-pre-candidato-da-base\/#breadcrumb","itemListElement":[{"@type":"ListItem","position":1,"name":"P\u00e1gina Inicial","item":"https:\/\/noticiaempauta.com\/portal\/"},{"@type":"ListItem","position":2,"name":"Destaques","item":"https:\/\/noticiaempauta.com\/portal\/destaques-site\/"},{"@type":"ListItem","position":3,"name":"Marcelo Castro defende neutralidade de Rafael Fonteles em cidades com mais de um pr\u00e9-candidato da base"}]},{"@type":"WebSite","@id":"https:\/\/noticiaempauta.com\/portal\/#website","url":"https:\/\/noticiaempauta.com\/portal\/","name":"Portal Not\u00edcia em Pauta","description":"Voc\u00ea bem informado","publisher":{"@id":"https:\/\/noticiaempauta.com\/portal\/#organization"},"potentialAction":[{"@type":"SearchAction","target":{"@type":"EntryPoint","urlTemplate":"https:\/\/noticiaempauta.com\/portal\/?s={search_term_string}"},"query-input":{"@type":"PropertyValueSpecification","valueRequired":true,"valueName":"search_term_string"}}],"inLanguage":"pt-BR"},{"@type":"Organization","@id":"https:\/\/noticiaempauta.com\/portal\/#organization","name":"Portal Not\u00edcia em Pauta","url":"https:\/\/noticiaempauta.com\/portal\/","logo":{"@type":"ImageObject","inLanguage":"pt-BR","@id":"https:\/\/noticiaempauta.com\/portal\/#\/schema\/logo\/image\/","url":"https:\/\/noticiaempauta.com\/portal\/wp-content\/uploads\/2022\/08\/logomarca_tema.fw_.png","contentUrl":"https:\/\/noticiaempauta.com\/portal\/wp-content\/uploads\/2022\/08\/logomarca_tema.fw_.png","width":400,"height":232,"caption":"Portal Not\u00edcia em Pauta"},"image":{"@id":"https:\/\/noticiaempauta.com\/portal\/#\/schema\/logo\/image\/"},"sameAs":["https:\/\/www.facebook.com\/Portal-Notcia-Em-Pauta-102292869264820\/","https:\/\/www.instagram.com\/portalnoticiaempauta\/"]},{"@type":"Person","@id":"https:\/\/noticiaempauta.com\/portal\/#\/schema\/person\/a74af43dd1ab3deca45f988c717d57ac","name":"Reda\u00e7\u00e3o","image":{"@type":"ImageObject","inLanguage":"pt-BR","@id":"https:\/\/noticiaempauta.com\/portal\/#\/schema\/person\/image\/","url":"https:\/\/secure.gravatar.com\/avatar\/03179346ecce6cdfc13361603e8f54242a90e5cde8618fa23c5c00aa2b0aadf3?s=96&d=mm&r=g","contentUrl":"https:\/\/secure.gravatar.com\/avatar\/03179346ecce6cdfc13361603e8f54242a90e5cde8618fa23c5c00aa2b0aadf3?s=96&d=mm&r=g","caption":"Reda\u00e7\u00e3o"},"sameAs":["https:\/\/noticiaempauta.com\/portal\/"],"url":"https:\/\/noticiaempauta.com\/portal\/author\/fernando\/"}]}},"_links":{"self":[{"href":"https:\/\/noticiaempauta.com\/portal\/wp-json\/wp\/v2\/posts\/254612","targetHints":{"allow":["GET"]}}],"collection":[{"href":"https:\/\/noticiaempauta.com\/portal\/wp-json\/wp\/v2\/posts"}],"about":[{"href":"https:\/\/noticiaempauta.com\/portal\/wp-json\/wp\/v2\/types\/post"}],"author":[{"embeddable":true,"href":"https:\/\/noticiaempauta.com\/portal\/wp-json\/wp\/v2\/users\/2"}],"replies":[{"embeddable":true,"href":"https:\/\/noticiaempauta.com\/portal\/wp-json\/wp\/v2\/comments?post=254612"}],"version-history":[{"count":6,"href":"https:\/\/noticiaempauta.com\/portal\/wp-json\/wp\/v2\/posts\/254612\/revisions"}],"predecessor-version":[{"id":254619,"href":"https:\/\/noticiaempauta.com\/portal\/wp-json\/wp\/v2\/posts\/254612\/revisions\/254619"}],"wp:featuredmedia":[{"embeddable":true,"href":"https:\/\/noticiaempauta.com\/portal\/wp-json\/wp\/v2\/media\/249684"}],"wp:attachment":[{"href":"https:\/\/noticiaempauta.com\/portal\/wp-json\/wp\/v2\/media?parent=254612"}],"wp:term":[{"taxonomy":"category","embeddable":true,"href":"https:\/\/noticiaempauta.com\/portal\/wp-json\/wp\/v2\/categories?post=254612"},{"taxonomy":"post_tag","embeddable":true,"href":"https:\/\/noticiaempauta.com\/portal\/wp-json\/wp\/v2\/tags?post=254612"}],"curies":[{"name":"wp","href":"https:\/\/api.w.org\/{rel}","templated":true}]}}