{"id":254620,"date":"2024-02-09T09:11:03","date_gmt":"2024-02-09T12:11:03","guid":{"rendered":"https:\/\/noticiaempauta.com\/portal\/?p=254620"},"modified":"2024-02-09T09:11:05","modified_gmt":"2024-02-09T12:11:05","slug":"governo-federal-reconhece-situacao-de-emergencia-pela-seca-e-estiagem-em-quatro-municipios-do-piaui","status":"publish","type":"post","link":"https:\/\/noticiaempauta.com\/portal\/governo-federal-reconhece-situacao-de-emergencia-pela-seca-e-estiagem-em-quatro-municipios-do-piaui\/","title":{"rendered":"Governo Federal reconhece situa\u00e7\u00e3o de emerg\u00eancia pela seca e estiagem em quatro munic\u00edpios do Piau\u00ed"},"content":{"rendered":"\n<p>As cidades de Bet\u00e2nia do Piau\u00ed, Dom Inoc\u00eancio, Fartura do Piau\u00ed e Jacobina do Piau\u00ed, localizadas na regi\u00e3o sudeste do estado, tiveram a situa\u00e7\u00e3o de emerg\u00eancia por seca e estiagem reconhecida pelo Minist\u00e9rio da Integra\u00e7\u00e3o e do Desenvolvimento Regional (MIDR) nesta quinta-feira (08).&nbsp;<a href=\"https:\/\/www.in.gov.br\/en\/web\/dou\/-\/portaria-n-478-de-7-de-fevereiro-de-2024-542258119\">A portaria foi publicada no Di\u00e1rio Oficial da Uni\u00e3o.<\/a><\/p>\n\n\n\n<p>De acordo com o Formul\u00e1rio de Informa\u00e7\u00f5es do Desastre (FIDE), somente o munic\u00edpio de Fartura do Piau\u00ed sofre com estiagem, que ocorre quando h\u00e1 aus\u00eancia de chuvas previstas para uma determinada temporada. J\u00e1 as outras tr\u00eas cidades est\u00e3o sendo castigadas pela seca, que corresponde a uma aus\u00eancia prolongada de chuvas, sua escassez acentuada ou sua fraca distribui\u00e7\u00e3o. A situa\u00e7\u00e3o tamb\u00e9m foi reconhecida em outros munic\u00edpios do Nordeste.\u00a0<\/p>\n\n\n\n<figure class=\"wp-block-image size-full\"><img fetchpriority=\"high\" decoding=\"async\" width=\"790\" height=\"384\" src=\"https:\/\/noticiaempauta.com\/portal\/wp-content\/uploads\/2024\/02\/056dc68eba8480eb1f9fde0f10281c65.jpg\" alt=\"\" class=\"wp-image-254622\" srcset=\"https:\/\/noticiaempauta.com\/portal\/wp-content\/uploads\/2024\/02\/056dc68eba8480eb1f9fde0f10281c65.jpg 790w, https:\/\/noticiaempauta.com\/portal\/wp-content\/uploads\/2024\/02\/056dc68eba8480eb1f9fde0f10281c65-300x146.jpg 300w, https:\/\/noticiaempauta.com\/portal\/wp-content\/uploads\/2024\/02\/056dc68eba8480eb1f9fde0f10281c65-768x373.jpg 768w\" sizes=\"(max-width: 790px) 100vw, 790px\" \/><figcaption class=\"wp-element-caption\"><em>Fonte: DOU<\/em><\/figcaption><\/figure>\n\n\n\n<p>Ainda segundo a Defesa Civil Nacional, 66 cidades de oito estados brasileiros est\u00e3o em situa\u00e7\u00e3o de emerg\u00eancia por desastres. Com a medida, os munic\u00edpios podem solicitar recursos do Governo Federal para atendimento \u00e0 popula\u00e7\u00e3o afetada, restabelecimento de servi\u00e7os e reconstru\u00e7\u00e3o de infraestruturas e moradias.<\/p>\n\n\n\n<p><strong>Como solicitar recursos federais para a\u00e7\u00f5es de defesa civil<\/strong><\/p>\n\n\n\n<p>Cidades em situa\u00e7\u00e3o de emerg\u00eancia ou estado de calamidade p\u00fablica reconhecidos pela Defesa Civil Nacional est\u00e3o aptas a solicitar recursos do Minist\u00e9rio da Integra\u00e7\u00e3o e do Desenvolvimento Regional para atendimento \u00e0 popula\u00e7\u00e3o afetada.<\/p>\n\n\n\n<p>As a\u00e7\u00f5es envolvem socorro, assist\u00eancia \u00e0s v\u00edtimas, restabelecimento de servi\u00e7os essenciais e reconstru\u00e7\u00e3o de infraestrutura destru\u00edda ou danificada. A solicita\u00e7\u00e3o deve ser feita por meio do&nbsp;<a href=\"https:\/\/s2id.mi.gov.br\/\">Sistema Integrado de Informa\u00e7\u00f5es sobre Desastres (S2iD).<\/a><\/p>\n\n\n\n<p>Com base nas informa\u00e7\u00f5es enviadas, a equipe t\u00e9cnica da Defesa Civil Nacional avalia as metas e os valores solicitados. Com a aprova\u00e7\u00e3o, \u00e9 publicada portaria no DOU com o valor a ser liberado.<\/p>\n\n\n\n<p><em>Fonte: Cidade Verde<\/em><\/p>\n","protected":false},"excerpt":{"rendered":"<p>As cidades de Bet\u00e2nia do Piau\u00ed, Dom Inoc\u00eancio, Fartura do Piau\u00ed e Jacobina do Piau\u00ed, localizadas na regi\u00e3o sudeste do estado, tiveram a situa\u00e7\u00e3o de emerg\u00eancia por seca e estiagem reconhecida pelo Minist\u00e9rio da Integra\u00e7\u00e3o e do Desenvolvimento Regional (MIDR) nesta quinta-feira (08).&nbsp;A portaria foi publicada no Di\u00e1rio Oficial da Uni\u00e3o. De acordo com o [&hellip;]<\/p>\n","protected":false},"author":2,"featured_media":241410,"comment_status":"open","ping_status":"open","sticky":false,"template":"","format":"standard","meta":{"_mi_skip_tracking":false,"footnotes":""},"categories":[25,1,9,16],"tags":[192],"class_list":["post-254620","post","type-post","status-publish","format-standard","has-post-thumbnail","hentry","category-destaques-site","category-geral","category-municipios","category-todas","tag-destaqueprincipal"],"acf":[],"yoast_head":"<!-- This site is optimized with the Yoast SEO Premium plugin v19.2 (Yoast SEO v26.9) - https:\/\/yoast.com\/product\/yoast-seo-premium-wordpress\/ -->\n<title>Governo Federal reconhece situa\u00e7\u00e3o de emerg\u00eancia pela seca e estiagem em quatro munic\u00edpios do Piau\u00ed - Portal Not\u00edcia em Pauta<\/title>\n<meta name=\"robots\" content=\"index, follow, max-snippet:-1, max-image-preview:large, max-video-preview:-1\" \/>\n<link rel=\"canonical\" href=\"https:\/\/noticiaempauta.com\/portal\/governo-federal-reconhece-situacao-de-emergencia-pela-seca-e-estiagem-em-quatro-municipios-do-piaui\/\" \/>\n<meta property=\"og:locale\" content=\"pt_BR\" \/>\n<meta property=\"og:type\" content=\"article\" \/>\n<meta property=\"og:title\" content=\"Governo Federal reconhece situa\u00e7\u00e3o de emerg\u00eancia pela seca e estiagem em quatro munic\u00edpios do Piau\u00ed\" \/>\n<meta property=\"og:description\" content=\"As cidades de Bet\u00e2nia do Piau\u00ed, Dom Inoc\u00eancio, Fartura do Piau\u00ed e Jacobina do Piau\u00ed, localizadas na regi\u00e3o sudeste do estado, tiveram a situa\u00e7\u00e3o de emerg\u00eancia por seca e estiagem reconhecida pelo Minist\u00e9rio da Integra\u00e7\u00e3o e do Desenvolvimento Regional (MIDR) nesta quinta-feira (08).&nbsp;A portaria foi publicada no Di\u00e1rio Oficial da Uni\u00e3o. De acordo com o [&hellip;]\" \/>\n<meta property=\"og:url\" content=\"https:\/\/noticiaempauta.com\/portal\/governo-federal-reconhece-situacao-de-emergencia-pela-seca-e-estiagem-em-quatro-municipios-do-piaui\/\" \/>\n<meta property=\"og:site_name\" content=\"Portal Not\u00edcia em Pauta\" \/>\n<meta property=\"article:publisher\" content=\"https:\/\/www.facebook.com\/Portal-Notcia-Em-Pauta-102292869264820\/\" \/>\n<meta property=\"article:published_time\" content=\"2024-02-09T12:11:03+00:00\" \/>\n<meta property=\"article:modified_time\" content=\"2024-02-09T12:11:05+00:00\" \/>\n<meta property=\"og:image\" content=\"https:\/\/noticiaempauta.com\/portal\/wp-content\/uploads\/2022\/09\/foto-seca.png\" \/>\n\t<meta property=\"og:image:width\" content=\"800\" \/>\n\t<meta property=\"og:image:height\" content=\"529\" \/>\n\t<meta property=\"og:image:type\" content=\"image\/png\" \/>\n<meta name=\"author\" content=\"Reda\u00e7\u00e3o\" \/>\n<meta name=\"twitter:card\" content=\"summary_large_image\" \/>\n<meta name=\"twitter:label1\" content=\"Escrito por\" \/>\n\t<meta name=\"twitter:data1\" content=\"Reda\u00e7\u00e3o\" \/>\n\t<meta name=\"twitter:label2\" content=\"Est. tempo de leitura\" \/>\n\t<meta name=\"twitter:data2\" content=\"2 minutos\" \/>\n<script type=\"application\/ld+json\" class=\"yoast-schema-graph\">{\"@context\":\"https:\/\/schema.org\",\"@graph\":[{\"@type\":\"Article\",\"@id\":\"https:\/\/noticiaempauta.com\/portal\/governo-federal-reconhece-situacao-de-emergencia-pela-seca-e-estiagem-em-quatro-municipios-do-piaui\/#article\",\"isPartOf\":{\"@id\":\"https:\/\/noticiaempauta.com\/portal\/governo-federal-reconhece-situacao-de-emergencia-pela-seca-e-estiagem-em-quatro-municipios-do-piaui\/\"},\"author\":{\"name\":\"Reda\u00e7\u00e3o\",\"@id\":\"https:\/\/noticiaempauta.com\/portal\/#\/schema\/person\/a74af43dd1ab3deca45f988c717d57ac\"},\"headline\":\"Governo Federal reconhece situa\u00e7\u00e3o de emerg\u00eancia pela seca e estiagem em quatro munic\u00edpios do Piau\u00ed\",\"datePublished\":\"2024-02-09T12:11:03+00:00\",\"dateModified\":\"2024-02-09T12:11:05+00:00\",\"mainEntityOfPage\":{\"@id\":\"https:\/\/noticiaempauta.com\/portal\/governo-federal-reconhece-situacao-de-emergencia-pela-seca-e-estiagem-em-quatro-municipios-do-piaui\/\"},\"wordCount\":338,\"commentCount\":0,\"publisher\":{\"@id\":\"https:\/\/noticiaempauta.com\/portal\/#organization\"},\"image\":{\"@id\":\"https:\/\/noticiaempauta.com\/portal\/governo-federal-reconhece-situacao-de-emergencia-pela-seca-e-estiagem-em-quatro-municipios-do-piaui\/#primaryimage\"},\"thumbnailUrl\":\"https:\/\/noticiaempauta.com\/portal\/wp-content\/uploads\/2022\/09\/foto-seca.png\",\"keywords\":[\"destaqueprincipal\"],\"articleSection\":[\"Destaques\",\"Geral\",\"Munic\u00edpios\",\"Todas as Not\u00edcias\"],\"inLanguage\":\"pt-BR\",\"potentialAction\":[{\"@type\":\"CommentAction\",\"name\":\"Comment\",\"target\":[\"https:\/\/noticiaempauta.com\/portal\/governo-federal-reconhece-situacao-de-emergencia-pela-seca-e-estiagem-em-quatro-municipios-do-piaui\/#respond\"]}]},{\"@type\":\"WebPage\",\"@id\":\"https:\/\/noticiaempauta.com\/portal\/governo-federal-reconhece-situacao-de-emergencia-pela-seca-e-estiagem-em-quatro-municipios-do-piaui\/\",\"url\":\"https:\/\/noticiaempauta.com\/portal\/governo-federal-reconhece-situacao-de-emergencia-pela-seca-e-estiagem-em-quatro-municipios-do-piaui\/\",\"name\":\"Governo Federal reconhece situa\u00e7\u00e3o de emerg\u00eancia pela seca e estiagem em quatro munic\u00edpios do Piau\u00ed - Portal Not\u00edcia em Pauta\",\"isPartOf\":{\"@id\":\"https:\/\/noticiaempauta.com\/portal\/#website\"},\"primaryImageOfPage\":{\"@id\":\"https:\/\/noticiaempauta.com\/portal\/governo-federal-reconhece-situacao-de-emergencia-pela-seca-e-estiagem-em-quatro-municipios-do-piaui\/#primaryimage\"},\"image\":{\"@id\":\"https:\/\/noticiaempauta.com\/portal\/governo-federal-reconhece-situacao-de-emergencia-pela-seca-e-estiagem-em-quatro-municipios-do-piaui\/#primaryimage\"},\"thumbnailUrl\":\"https:\/\/noticiaempauta.com\/portal\/wp-content\/uploads\/2022\/09\/foto-seca.png\",\"datePublished\":\"2024-02-09T12:11:03+00:00\",\"dateModified\":\"2024-02-09T12:11:05+00:00\",\"breadcrumb\":{\"@id\":\"https:\/\/noticiaempauta.com\/portal\/governo-federal-reconhece-situacao-de-emergencia-pela-seca-e-estiagem-em-quatro-municipios-do-piaui\/#breadcrumb\"},\"inLanguage\":\"pt-BR\",\"potentialAction\":[{\"@type\":\"ReadAction\",\"target\":[\"https:\/\/noticiaempauta.com\/portal\/governo-federal-reconhece-situacao-de-emergencia-pela-seca-e-estiagem-em-quatro-municipios-do-piaui\/\"]}]},{\"@type\":\"ImageObject\",\"inLanguage\":\"pt-BR\",\"@id\":\"https:\/\/noticiaempauta.com\/portal\/governo-federal-reconhece-situacao-de-emergencia-pela-seca-e-estiagem-em-quatro-municipios-do-piaui\/#primaryimage\",\"url\":\"https:\/\/noticiaempauta.com\/portal\/wp-content\/uploads\/2022\/09\/foto-seca.png\",\"contentUrl\":\"https:\/\/noticiaempauta.com\/portal\/wp-content\/uploads\/2022\/09\/foto-seca.png\",\"width\":800,\"height\":529,\"caption\":\"Foto: Reprodu\u00e7\u00e3o\"},{\"@type\":\"BreadcrumbList\",\"@id\":\"https:\/\/noticiaempauta.com\/portal\/governo-federal-reconhece-situacao-de-emergencia-pela-seca-e-estiagem-em-quatro-municipios-do-piaui\/#breadcrumb\",\"itemListElement\":[{\"@type\":\"ListItem\",\"position\":1,\"name\":\"P\u00e1gina Inicial\",\"item\":\"https:\/\/noticiaempauta.com\/portal\/\"},{\"@type\":\"ListItem\",\"position\":2,\"name\":\"Destaques\",\"item\":\"https:\/\/noticiaempauta.com\/portal\/destaques-site\/\"},{\"@type\":\"ListItem\",\"position\":3,\"name\":\"Governo Federal reconhece situa\u00e7\u00e3o de emerg\u00eancia pela seca e estiagem em quatro munic\u00edpios do Piau\u00ed\"}]},{\"@type\":\"WebSite\",\"@id\":\"https:\/\/noticiaempauta.com\/portal\/#website\",\"url\":\"https:\/\/noticiaempauta.com\/portal\/\",\"name\":\"Portal Not\u00edcia em Pauta\",\"description\":\"Voc\u00ea bem informado\",\"publisher\":{\"@id\":\"https:\/\/noticiaempauta.com\/portal\/#organization\"},\"potentialAction\":[{\"@type\":\"SearchAction\",\"target\":{\"@type\":\"EntryPoint\",\"urlTemplate\":\"https:\/\/noticiaempauta.com\/portal\/?s={search_term_string}\"},\"query-input\":{\"@type\":\"PropertyValueSpecification\",\"valueRequired\":true,\"valueName\":\"search_term_string\"}}],\"inLanguage\":\"pt-BR\"},{\"@type\":\"Organization\",\"@id\":\"https:\/\/noticiaempauta.com\/portal\/#organization\",\"name\":\"Portal Not\u00edcia em Pauta\",\"url\":\"https:\/\/noticiaempauta.com\/portal\/\",\"logo\":{\"@type\":\"ImageObject\",\"inLanguage\":\"pt-BR\",\"@id\":\"https:\/\/noticiaempauta.com\/portal\/#\/schema\/logo\/image\/\",\"url\":\"https:\/\/noticiaempauta.com\/portal\/wp-content\/uploads\/2022\/08\/logomarca_tema.fw_.png\",\"contentUrl\":\"https:\/\/noticiaempauta.com\/portal\/wp-content\/uploads\/2022\/08\/logomarca_tema.fw_.png\",\"width\":400,\"height\":232,\"caption\":\"Portal Not\u00edcia em Pauta\"},\"image\":{\"@id\":\"https:\/\/noticiaempauta.com\/portal\/#\/schema\/logo\/image\/\"},\"sameAs\":[\"https:\/\/www.facebook.com\/Portal-Notcia-Em-Pauta-102292869264820\/\",\"https:\/\/www.instagram.com\/portalnoticiaempauta\/\"]},{\"@type\":\"Person\",\"@id\":\"https:\/\/noticiaempauta.com\/portal\/#\/schema\/person\/a74af43dd1ab3deca45f988c717d57ac\",\"name\":\"Reda\u00e7\u00e3o\",\"image\":{\"@type\":\"ImageObject\",\"inLanguage\":\"pt-BR\",\"@id\":\"https:\/\/noticiaempauta.com\/portal\/#\/schema\/person\/image\/\",\"url\":\"https:\/\/secure.gravatar.com\/avatar\/03179346ecce6cdfc13361603e8f54242a90e5cde8618fa23c5c00aa2b0aadf3?s=96&d=mm&r=g\",\"contentUrl\":\"https:\/\/secure.gravatar.com\/avatar\/03179346ecce6cdfc13361603e8f54242a90e5cde8618fa23c5c00aa2b0aadf3?s=96&d=mm&r=g\",\"caption\":\"Reda\u00e7\u00e3o\"},\"sameAs\":[\"https:\/\/noticiaempauta.com\/portal\/\"],\"url\":\"https:\/\/noticiaempauta.com\/portal\/author\/fernando\/\"}]}<\/script>\n<!-- \/ Yoast SEO Premium plugin. -->","yoast_head_json":{"title":"Governo Federal reconhece situa\u00e7\u00e3o de emerg\u00eancia pela seca e estiagem em quatro munic\u00edpios do Piau\u00ed - Portal Not\u00edcia em Pauta","robots":{"index":"index","follow":"follow","max-snippet":"max-snippet:-1","max-image-preview":"max-image-preview:large","max-video-preview":"max-video-preview:-1"},"canonical":"https:\/\/noticiaempauta.com\/portal\/governo-federal-reconhece-situacao-de-emergencia-pela-seca-e-estiagem-em-quatro-municipios-do-piaui\/","og_locale":"pt_BR","og_type":"article","og_title":"Governo Federal reconhece situa\u00e7\u00e3o de emerg\u00eancia pela seca e estiagem em quatro munic\u00edpios do Piau\u00ed","og_description":"As cidades de Bet\u00e2nia do Piau\u00ed, Dom Inoc\u00eancio, Fartura do Piau\u00ed e Jacobina do Piau\u00ed, localizadas na regi\u00e3o sudeste do estado, tiveram a situa\u00e7\u00e3o de emerg\u00eancia por seca e estiagem reconhecida pelo Minist\u00e9rio da Integra\u00e7\u00e3o e do Desenvolvimento Regional (MIDR) nesta quinta-feira (08).&nbsp;A portaria foi publicada no Di\u00e1rio Oficial da Uni\u00e3o. De acordo com o [&hellip;]","og_url":"https:\/\/noticiaempauta.com\/portal\/governo-federal-reconhece-situacao-de-emergencia-pela-seca-e-estiagem-em-quatro-municipios-do-piaui\/","og_site_name":"Portal Not\u00edcia em Pauta","article_publisher":"https:\/\/www.facebook.com\/Portal-Notcia-Em-Pauta-102292869264820\/","article_published_time":"2024-02-09T12:11:03+00:00","article_modified_time":"2024-02-09T12:11:05+00:00","og_image":[{"width":800,"height":529,"url":"https:\/\/noticiaempauta.com\/portal\/wp-content\/uploads\/2022\/09\/foto-seca.png","type":"image\/png"}],"author":"Reda\u00e7\u00e3o","twitter_card":"summary_large_image","twitter_misc":{"Escrito por":"Reda\u00e7\u00e3o","Est. tempo de leitura":"2 minutos"},"schema":{"@context":"https:\/\/schema.org","@graph":[{"@type":"Article","@id":"https:\/\/noticiaempauta.com\/portal\/governo-federal-reconhece-situacao-de-emergencia-pela-seca-e-estiagem-em-quatro-municipios-do-piaui\/#article","isPartOf":{"@id":"https:\/\/noticiaempauta.com\/portal\/governo-federal-reconhece-situacao-de-emergencia-pela-seca-e-estiagem-em-quatro-municipios-do-piaui\/"},"author":{"name":"Reda\u00e7\u00e3o","@id":"https:\/\/noticiaempauta.com\/portal\/#\/schema\/person\/a74af43dd1ab3deca45f988c717d57ac"},"headline":"Governo Federal reconhece situa\u00e7\u00e3o de emerg\u00eancia pela seca e estiagem em quatro munic\u00edpios do Piau\u00ed","datePublished":"2024-02-09T12:11:03+00:00","dateModified":"2024-02-09T12:11:05+00:00","mainEntityOfPage":{"@id":"https:\/\/noticiaempauta.com\/portal\/governo-federal-reconhece-situacao-de-emergencia-pela-seca-e-estiagem-em-quatro-municipios-do-piaui\/"},"wordCount":338,"commentCount":0,"publisher":{"@id":"https:\/\/noticiaempauta.com\/portal\/#organization"},"image":{"@id":"https:\/\/noticiaempauta.com\/portal\/governo-federal-reconhece-situacao-de-emergencia-pela-seca-e-estiagem-em-quatro-municipios-do-piaui\/#primaryimage"},"thumbnailUrl":"https:\/\/noticiaempauta.com\/portal\/wp-content\/uploads\/2022\/09\/foto-seca.png","keywords":["destaqueprincipal"],"articleSection":["Destaques","Geral","Munic\u00edpios","Todas as Not\u00edcias"],"inLanguage":"pt-BR","potentialAction":[{"@type":"CommentAction","name":"Comment","target":["https:\/\/noticiaempauta.com\/portal\/governo-federal-reconhece-situacao-de-emergencia-pela-seca-e-estiagem-em-quatro-municipios-do-piaui\/#respond"]}]},{"@type":"WebPage","@id":"https:\/\/noticiaempauta.com\/portal\/governo-federal-reconhece-situacao-de-emergencia-pela-seca-e-estiagem-em-quatro-municipios-do-piaui\/","url":"https:\/\/noticiaempauta.com\/portal\/governo-federal-reconhece-situacao-de-emergencia-pela-seca-e-estiagem-em-quatro-municipios-do-piaui\/","name":"Governo Federal reconhece situa\u00e7\u00e3o de emerg\u00eancia pela seca e estiagem em quatro munic\u00edpios do Piau\u00ed - Portal Not\u00edcia em Pauta","isPartOf":{"@id":"https:\/\/noticiaempauta.com\/portal\/#website"},"primaryImageOfPage":{"@id":"https:\/\/noticiaempauta.com\/portal\/governo-federal-reconhece-situacao-de-emergencia-pela-seca-e-estiagem-em-quatro-municipios-do-piaui\/#primaryimage"},"image":{"@id":"https:\/\/noticiaempauta.com\/portal\/governo-federal-reconhece-situacao-de-emergencia-pela-seca-e-estiagem-em-quatro-municipios-do-piaui\/#primaryimage"},"thumbnailUrl":"https:\/\/noticiaempauta.com\/portal\/wp-content\/uploads\/2022\/09\/foto-seca.png","datePublished":"2024-02-09T12:11:03+00:00","dateModified":"2024-02-09T12:11:05+00:00","breadcrumb":{"@id":"https:\/\/noticiaempauta.com\/portal\/governo-federal-reconhece-situacao-de-emergencia-pela-seca-e-estiagem-em-quatro-municipios-do-piaui\/#breadcrumb"},"inLanguage":"pt-BR","potentialAction":[{"@type":"ReadAction","target":["https:\/\/noticiaempauta.com\/portal\/governo-federal-reconhece-situacao-de-emergencia-pela-seca-e-estiagem-em-quatro-municipios-do-piaui\/"]}]},{"@type":"ImageObject","inLanguage":"pt-BR","@id":"https:\/\/noticiaempauta.com\/portal\/governo-federal-reconhece-situacao-de-emergencia-pela-seca-e-estiagem-em-quatro-municipios-do-piaui\/#primaryimage","url":"https:\/\/noticiaempauta.com\/portal\/wp-content\/uploads\/2022\/09\/foto-seca.png","contentUrl":"https:\/\/noticiaempauta.com\/portal\/wp-content\/uploads\/2022\/09\/foto-seca.png","width":800,"height":529,"caption":"Foto: Reprodu\u00e7\u00e3o"},{"@type":"BreadcrumbList","@id":"https:\/\/noticiaempauta.com\/portal\/governo-federal-reconhece-situacao-de-emergencia-pela-seca-e-estiagem-em-quatro-municipios-do-piaui\/#breadcrumb","itemListElement":[{"@type":"ListItem","position":1,"name":"P\u00e1gina Inicial","item":"https:\/\/noticiaempauta.com\/portal\/"},{"@type":"ListItem","position":2,"name":"Destaques","item":"https:\/\/noticiaempauta.com\/portal\/destaques-site\/"},{"@type":"ListItem","position":3,"name":"Governo Federal reconhece situa\u00e7\u00e3o de emerg\u00eancia pela seca e estiagem em quatro munic\u00edpios do Piau\u00ed"}]},{"@type":"WebSite","@id":"https:\/\/noticiaempauta.com\/portal\/#website","url":"https:\/\/noticiaempauta.com\/portal\/","name":"Portal Not\u00edcia em Pauta","description":"Voc\u00ea bem informado","publisher":{"@id":"https:\/\/noticiaempauta.com\/portal\/#organization"},"potentialAction":[{"@type":"SearchAction","target":{"@type":"EntryPoint","urlTemplate":"https:\/\/noticiaempauta.com\/portal\/?s={search_term_string}"},"query-input":{"@type":"PropertyValueSpecification","valueRequired":true,"valueName":"search_term_string"}}],"inLanguage":"pt-BR"},{"@type":"Organization","@id":"https:\/\/noticiaempauta.com\/portal\/#organization","name":"Portal Not\u00edcia em Pauta","url":"https:\/\/noticiaempauta.com\/portal\/","logo":{"@type":"ImageObject","inLanguage":"pt-BR","@id":"https:\/\/noticiaempauta.com\/portal\/#\/schema\/logo\/image\/","url":"https:\/\/noticiaempauta.com\/portal\/wp-content\/uploads\/2022\/08\/logomarca_tema.fw_.png","contentUrl":"https:\/\/noticiaempauta.com\/portal\/wp-content\/uploads\/2022\/08\/logomarca_tema.fw_.png","width":400,"height":232,"caption":"Portal Not\u00edcia em Pauta"},"image":{"@id":"https:\/\/noticiaempauta.com\/portal\/#\/schema\/logo\/image\/"},"sameAs":["https:\/\/www.facebook.com\/Portal-Notcia-Em-Pauta-102292869264820\/","https:\/\/www.instagram.com\/portalnoticiaempauta\/"]},{"@type":"Person","@id":"https:\/\/noticiaempauta.com\/portal\/#\/schema\/person\/a74af43dd1ab3deca45f988c717d57ac","name":"Reda\u00e7\u00e3o","image":{"@type":"ImageObject","inLanguage":"pt-BR","@id":"https:\/\/noticiaempauta.com\/portal\/#\/schema\/person\/image\/","url":"https:\/\/secure.gravatar.com\/avatar\/03179346ecce6cdfc13361603e8f54242a90e5cde8618fa23c5c00aa2b0aadf3?s=96&d=mm&r=g","contentUrl":"https:\/\/secure.gravatar.com\/avatar\/03179346ecce6cdfc13361603e8f54242a90e5cde8618fa23c5c00aa2b0aadf3?s=96&d=mm&r=g","caption":"Reda\u00e7\u00e3o"},"sameAs":["https:\/\/noticiaempauta.com\/portal\/"],"url":"https:\/\/noticiaempauta.com\/portal\/author\/fernando\/"}]}},"_links":{"self":[{"href":"https:\/\/noticiaempauta.com\/portal\/wp-json\/wp\/v2\/posts\/254620","targetHints":{"allow":["GET"]}}],"collection":[{"href":"https:\/\/noticiaempauta.com\/portal\/wp-json\/wp\/v2\/posts"}],"about":[{"href":"https:\/\/noticiaempauta.com\/portal\/wp-json\/wp\/v2\/types\/post"}],"author":[{"embeddable":true,"href":"https:\/\/noticiaempauta.com\/portal\/wp-json\/wp\/v2\/users\/2"}],"replies":[{"embeddable":true,"href":"https:\/\/noticiaempauta.com\/portal\/wp-json\/wp\/v2\/comments?post=254620"}],"version-history":[{"count":2,"href":"https:\/\/noticiaempauta.com\/portal\/wp-json\/wp\/v2\/posts\/254620\/revisions"}],"predecessor-version":[{"id":254624,"href":"https:\/\/noticiaempauta.com\/portal\/wp-json\/wp\/v2\/posts\/254620\/revisions\/254624"}],"wp:featuredmedia":[{"embeddable":true,"href":"https:\/\/noticiaempauta.com\/portal\/wp-json\/wp\/v2\/media\/241410"}],"wp:attachment":[{"href":"https:\/\/noticiaempauta.com\/portal\/wp-json\/wp\/v2\/media?parent=254620"}],"wp:term":[{"taxonomy":"category","embeddable":true,"href":"https:\/\/noticiaempauta.com\/portal\/wp-json\/wp\/v2\/categories?post=254620"},{"taxonomy":"post_tag","embeddable":true,"href":"https:\/\/noticiaempauta.com\/portal\/wp-json\/wp\/v2\/tags?post=254620"}],"curies":[{"name":"wp","href":"https:\/\/api.w.org\/{rel}","templated":true}]}}