{"id":254733,"date":"2024-02-14T12:56:34","date_gmt":"2024-02-14T15:56:34","guid":{"rendered":"https:\/\/noticiaempauta.com\/portal\/?p=254733"},"modified":"2024-02-14T12:56:36","modified_gmt":"2024-02-14T15:56:36","slug":"vitimas-de-violencia-domestica-ou-situacao-de-risco-podem-pedir-medida-protetiva-via-whatsapp","status":"publish","type":"post","link":"https:\/\/noticiaempauta.com\/portal\/vitimas-de-violencia-domestica-ou-situacao-de-risco-podem-pedir-medida-protetiva-via-whatsapp\/","title":{"rendered":"V\u00edtimas de viol\u00eancia dom\u00e9stica ou situa\u00e7\u00e3o de risco podem pedir medida protetiva via WhatsApp"},"content":{"rendered":"\n<p>O Tribunal de Justi\u00e7a do Piau\u00ed iniciou, durante o carnaval, a implanta\u00e7\u00e3o de um projeto-piloto que permite a solicita\u00e7\u00e3o de medidas protetivas pelo WhatsApp, em caso de viol\u00eancia dom\u00e9stica ou situa\u00e7\u00e3o de risco.&nbsp;<strong>A medida inovadora foi adotada na cidade de S\u00e3o Raimundo Nonato, no interior do Piau\u00ed. O contato disponibilizado \u00e9 o&nbsp;<a href=\"tel:86-98141-9280\">86-98141-9280<\/a>&nbsp;e funciona 24 horas.&nbsp;<\/strong><\/p>\n\n\n\n<p>\u201cAp\u00f3s interagir de qualquer forma com o WhatsApp da Primeira Vara, vinculado exclusivamente ao programa, a requerente ser\u00e1 instada a fornecer seu nome completo, endere\u00e7o e dados da parte requerente, e a escolher as medidas protetivas desejadas. Para garantir a veracidade quanto a identidade da parte e dar maior autenticidade ao pedido, ao final, \u00e9 solicitada uma selfie da requerente\u201d, detalha o juiz Carlos Alberto Bezerra Chagas, titular da 1\u00aa Vara da comarca de S\u00e3o Raimundo.&nbsp;<\/p>\n\n\n\n<p>O magistrado frisa que o programa Requerimento Direto de Medidas Protetivas de Urg\u00eancia \u201cconsiste em pol\u00edtica judici\u00e1ria destinada a garantir o efetivo exerc\u00edcio do direito ao acesso \u00e0 justi\u00e7a por mulheres v\u00edtimas de viol\u00eancia dom\u00e9stica ou em situa\u00e7\u00e3o de risco\u201d.&nbsp;<\/p>\n\n\n\n<p>Ap\u00f3s a solicita\u00e7\u00e3o pelo WhatsApp, um servidor da unidade autua o processo no PJE e o faz concluso ao juiz, que o decidir\u00e1, remetendo uma c\u00f3pia da decis\u00e3o \u00e0 requerente e intimando o requerido e o Minist\u00e9rio P\u00fablico Estadual.<\/p>\n\n\n\n<p>\u201cCom o programa, espera-se facilitar o acesso \u00e0 justi\u00e7a das mulheres v\u00edtimas de viol\u00eancia dom\u00e9stica ou em situa\u00e7\u00e3o de risco, e alcan\u00e7ar todo o territ\u00f3rio da comarca, que compreende os munic\u00edpios de S\u00e3o Raimundo Nonato, Bonfim do Piau\u00ed, Coronel Jos\u00e9 Dias, Dirceu Arcoverde, Dom Inoc\u00eancio, Fartura do Piau\u00ed, S\u00e3o Louren\u00e7o do Piau\u00ed, S\u00e3o Braz do Piau\u00ed, V\u00e1rzea Branca\u201d, enumera o juiz Carlos Alberto Bezerra Chagas.<\/p>\n\n\n\n<p>Fonte: Cidade Verde <\/p>\n","protected":false},"excerpt":{"rendered":"<p>O Tribunal de Justi\u00e7a do Piau\u00ed iniciou, durante o carnaval, a implanta\u00e7\u00e3o de um projeto-piloto que permite a solicita\u00e7\u00e3o de medidas protetivas pelo WhatsApp, em caso de viol\u00eancia dom\u00e9stica ou situa\u00e7\u00e3o de risco.&nbsp;A medida inovadora foi adotada na cidade de S\u00e3o Raimundo Nonato, no interior do Piau\u00ed. O contato disponibilizado \u00e9 o&nbsp;86-98141-9280&nbsp;e funciona 24 horas.&nbsp; [&hellip;]<\/p>\n","protected":false},"author":2,"featured_media":254736,"comment_status":"open","ping_status":"open","sticky":false,"template":"","format":"standard","meta":{"_mi_skip_tracking":false,"footnotes":""},"categories":[25,16],"tags":[192],"class_list":["post-254733","post","type-post","status-publish","format-standard","has-post-thumbnail","hentry","category-destaques-site","category-todas","tag-destaqueprincipal"],"acf":[],"yoast_head":"<!-- This site is optimized with the Yoast SEO Premium plugin v19.2 (Yoast SEO v26.9) - https:\/\/yoast.com\/product\/yoast-seo-premium-wordpress\/ -->\n<title>V\u00edtimas de viol\u00eancia dom\u00e9stica ou situa\u00e7\u00e3o de risco podem pedir medida protetiva via WhatsApp - Portal Not\u00edcia em Pauta<\/title>\n<meta name=\"robots\" content=\"index, follow, max-snippet:-1, max-image-preview:large, max-video-preview:-1\" \/>\n<link rel=\"canonical\" href=\"https:\/\/noticiaempauta.com\/portal\/vitimas-de-violencia-domestica-ou-situacao-de-risco-podem-pedir-medida-protetiva-via-whatsapp\/\" \/>\n<meta property=\"og:locale\" content=\"pt_BR\" \/>\n<meta property=\"og:type\" content=\"article\" \/>\n<meta property=\"og:title\" content=\"V\u00edtimas de viol\u00eancia dom\u00e9stica ou situa\u00e7\u00e3o de risco podem pedir medida protetiva via WhatsApp\" \/>\n<meta property=\"og:description\" content=\"O Tribunal de Justi\u00e7a do Piau\u00ed iniciou, durante o carnaval, a implanta\u00e7\u00e3o de um projeto-piloto que permite a solicita\u00e7\u00e3o de medidas protetivas pelo WhatsApp, em caso de viol\u00eancia dom\u00e9stica ou situa\u00e7\u00e3o de risco.&nbsp;A medida inovadora foi adotada na cidade de S\u00e3o Raimundo Nonato, no interior do Piau\u00ed. O contato disponibilizado \u00e9 o&nbsp;86-98141-9280&nbsp;e funciona 24 horas.&nbsp; [&hellip;]\" \/>\n<meta property=\"og:url\" content=\"https:\/\/noticiaempauta.com\/portal\/vitimas-de-violencia-domestica-ou-situacao-de-risco-podem-pedir-medida-protetiva-via-whatsapp\/\" \/>\n<meta property=\"og:site_name\" content=\"Portal Not\u00edcia em Pauta\" \/>\n<meta property=\"article:publisher\" content=\"https:\/\/www.facebook.com\/Portal-Notcia-Em-Pauta-102292869264820\/\" \/>\n<meta property=\"article:published_time\" content=\"2024-02-14T15:56:34+00:00\" \/>\n<meta property=\"article:modified_time\" content=\"2024-02-14T15:56:36+00:00\" \/>\n<meta property=\"og:image\" content=\"https:\/\/noticiaempauta.com\/portal\/wp-content\/uploads\/2024\/02\/1BA619FE-9982-4D8F-8A1B-52060D5BDE2B.jpeg\" \/>\n\t<meta property=\"og:image:width\" content=\"790\" \/>\n\t<meta property=\"og:image:height\" content=\"450\" \/>\n\t<meta property=\"og:image:type\" content=\"image\/jpeg\" \/>\n<meta name=\"author\" content=\"Reda\u00e7\u00e3o\" \/>\n<meta name=\"twitter:card\" content=\"summary_large_image\" \/>\n<meta name=\"twitter:label1\" content=\"Escrito por\" \/>\n\t<meta name=\"twitter:data1\" content=\"Reda\u00e7\u00e3o\" \/>\n\t<meta name=\"twitter:label2\" content=\"Est. tempo de leitura\" \/>\n\t<meta name=\"twitter:data2\" content=\"2 minutos\" \/>\n<script type=\"application\/ld+json\" class=\"yoast-schema-graph\">{\"@context\":\"https:\/\/schema.org\",\"@graph\":[{\"@type\":\"Article\",\"@id\":\"https:\/\/noticiaempauta.com\/portal\/vitimas-de-violencia-domestica-ou-situacao-de-risco-podem-pedir-medida-protetiva-via-whatsapp\/#article\",\"isPartOf\":{\"@id\":\"https:\/\/noticiaempauta.com\/portal\/vitimas-de-violencia-domestica-ou-situacao-de-risco-podem-pedir-medida-protetiva-via-whatsapp\/\"},\"author\":{\"name\":\"Reda\u00e7\u00e3o\",\"@id\":\"https:\/\/noticiaempauta.com\/portal\/#\/schema\/person\/a74af43dd1ab3deca45f988c717d57ac\"},\"headline\":\"V\u00edtimas de viol\u00eancia dom\u00e9stica ou situa\u00e7\u00e3o de risco podem pedir medida protetiva via WhatsApp\",\"datePublished\":\"2024-02-14T15:56:34+00:00\",\"dateModified\":\"2024-02-14T15:56:36+00:00\",\"mainEntityOfPage\":{\"@id\":\"https:\/\/noticiaempauta.com\/portal\/vitimas-de-violencia-domestica-ou-situacao-de-risco-podem-pedir-medida-protetiva-via-whatsapp\/\"},\"wordCount\":338,\"commentCount\":0,\"publisher\":{\"@id\":\"https:\/\/noticiaempauta.com\/portal\/#organization\"},\"image\":{\"@id\":\"https:\/\/noticiaempauta.com\/portal\/vitimas-de-violencia-domestica-ou-situacao-de-risco-podem-pedir-medida-protetiva-via-whatsapp\/#primaryimage\"},\"thumbnailUrl\":\"https:\/\/noticiaempauta.com\/portal\/wp-content\/uploads\/2024\/02\/1BA619FE-9982-4D8F-8A1B-52060D5BDE2B.jpeg\",\"keywords\":[\"destaqueprincipal\"],\"articleSection\":[\"Destaques\",\"Todas as Not\u00edcias\"],\"inLanguage\":\"pt-BR\",\"potentialAction\":[{\"@type\":\"CommentAction\",\"name\":\"Comment\",\"target\":[\"https:\/\/noticiaempauta.com\/portal\/vitimas-de-violencia-domestica-ou-situacao-de-risco-podem-pedir-medida-protetiva-via-whatsapp\/#respond\"]}]},{\"@type\":\"WebPage\",\"@id\":\"https:\/\/noticiaempauta.com\/portal\/vitimas-de-violencia-domestica-ou-situacao-de-risco-podem-pedir-medida-protetiva-via-whatsapp\/\",\"url\":\"https:\/\/noticiaempauta.com\/portal\/vitimas-de-violencia-domestica-ou-situacao-de-risco-podem-pedir-medida-protetiva-via-whatsapp\/\",\"name\":\"V\u00edtimas de viol\u00eancia dom\u00e9stica ou situa\u00e7\u00e3o de risco podem pedir medida protetiva via WhatsApp - Portal Not\u00edcia em Pauta\",\"isPartOf\":{\"@id\":\"https:\/\/noticiaempauta.com\/portal\/#website\"},\"primaryImageOfPage\":{\"@id\":\"https:\/\/noticiaempauta.com\/portal\/vitimas-de-violencia-domestica-ou-situacao-de-risco-podem-pedir-medida-protetiva-via-whatsapp\/#primaryimage\"},\"image\":{\"@id\":\"https:\/\/noticiaempauta.com\/portal\/vitimas-de-violencia-domestica-ou-situacao-de-risco-podem-pedir-medida-protetiva-via-whatsapp\/#primaryimage\"},\"thumbnailUrl\":\"https:\/\/noticiaempauta.com\/portal\/wp-content\/uploads\/2024\/02\/1BA619FE-9982-4D8F-8A1B-52060D5BDE2B.jpeg\",\"datePublished\":\"2024-02-14T15:56:34+00:00\",\"dateModified\":\"2024-02-14T15:56:36+00:00\",\"breadcrumb\":{\"@id\":\"https:\/\/noticiaempauta.com\/portal\/vitimas-de-violencia-domestica-ou-situacao-de-risco-podem-pedir-medida-protetiva-via-whatsapp\/#breadcrumb\"},\"inLanguage\":\"pt-BR\",\"potentialAction\":[{\"@type\":\"ReadAction\",\"target\":[\"https:\/\/noticiaempauta.com\/portal\/vitimas-de-violencia-domestica-ou-situacao-de-risco-podem-pedir-medida-protetiva-via-whatsapp\/\"]}]},{\"@type\":\"ImageObject\",\"inLanguage\":\"pt-BR\",\"@id\":\"https:\/\/noticiaempauta.com\/portal\/vitimas-de-violencia-domestica-ou-situacao-de-risco-podem-pedir-medida-protetiva-via-whatsapp\/#primaryimage\",\"url\":\"https:\/\/noticiaempauta.com\/portal\/wp-content\/uploads\/2024\/02\/1BA619FE-9982-4D8F-8A1B-52060D5BDE2B.jpeg\",\"contentUrl\":\"https:\/\/noticiaempauta.com\/portal\/wp-content\/uploads\/2024\/02\/1BA619FE-9982-4D8F-8A1B-52060D5BDE2B.jpeg\",\"width\":790,\"height\":450},{\"@type\":\"BreadcrumbList\",\"@id\":\"https:\/\/noticiaempauta.com\/portal\/vitimas-de-violencia-domestica-ou-situacao-de-risco-podem-pedir-medida-protetiva-via-whatsapp\/#breadcrumb\",\"itemListElement\":[{\"@type\":\"ListItem\",\"position\":1,\"name\":\"P\u00e1gina Inicial\",\"item\":\"https:\/\/noticiaempauta.com\/portal\/\"},{\"@type\":\"ListItem\",\"position\":2,\"name\":\"Destaques\",\"item\":\"https:\/\/noticiaempauta.com\/portal\/destaques-site\/\"},{\"@type\":\"ListItem\",\"position\":3,\"name\":\"V\u00edtimas de viol\u00eancia dom\u00e9stica ou situa\u00e7\u00e3o de risco podem pedir medida protetiva via WhatsApp\"}]},{\"@type\":\"WebSite\",\"@id\":\"https:\/\/noticiaempauta.com\/portal\/#website\",\"url\":\"https:\/\/noticiaempauta.com\/portal\/\",\"name\":\"Portal Not\u00edcia em Pauta\",\"description\":\"Voc\u00ea bem informado\",\"publisher\":{\"@id\":\"https:\/\/noticiaempauta.com\/portal\/#organization\"},\"potentialAction\":[{\"@type\":\"SearchAction\",\"target\":{\"@type\":\"EntryPoint\",\"urlTemplate\":\"https:\/\/noticiaempauta.com\/portal\/?s={search_term_string}\"},\"query-input\":{\"@type\":\"PropertyValueSpecification\",\"valueRequired\":true,\"valueName\":\"search_term_string\"}}],\"inLanguage\":\"pt-BR\"},{\"@type\":\"Organization\",\"@id\":\"https:\/\/noticiaempauta.com\/portal\/#organization\",\"name\":\"Portal Not\u00edcia em Pauta\",\"url\":\"https:\/\/noticiaempauta.com\/portal\/\",\"logo\":{\"@type\":\"ImageObject\",\"inLanguage\":\"pt-BR\",\"@id\":\"https:\/\/noticiaempauta.com\/portal\/#\/schema\/logo\/image\/\",\"url\":\"https:\/\/noticiaempauta.com\/portal\/wp-content\/uploads\/2022\/08\/logomarca_tema.fw_.png\",\"contentUrl\":\"https:\/\/noticiaempauta.com\/portal\/wp-content\/uploads\/2022\/08\/logomarca_tema.fw_.png\",\"width\":400,\"height\":232,\"caption\":\"Portal Not\u00edcia em Pauta\"},\"image\":{\"@id\":\"https:\/\/noticiaempauta.com\/portal\/#\/schema\/logo\/image\/\"},\"sameAs\":[\"https:\/\/www.facebook.com\/Portal-Notcia-Em-Pauta-102292869264820\/\",\"https:\/\/www.instagram.com\/portalnoticiaempauta\/\"]},{\"@type\":\"Person\",\"@id\":\"https:\/\/noticiaempauta.com\/portal\/#\/schema\/person\/a74af43dd1ab3deca45f988c717d57ac\",\"name\":\"Reda\u00e7\u00e3o\",\"image\":{\"@type\":\"ImageObject\",\"inLanguage\":\"pt-BR\",\"@id\":\"https:\/\/noticiaempauta.com\/portal\/#\/schema\/person\/image\/\",\"url\":\"https:\/\/secure.gravatar.com\/avatar\/03179346ecce6cdfc13361603e8f54242a90e5cde8618fa23c5c00aa2b0aadf3?s=96&d=mm&r=g\",\"contentUrl\":\"https:\/\/secure.gravatar.com\/avatar\/03179346ecce6cdfc13361603e8f54242a90e5cde8618fa23c5c00aa2b0aadf3?s=96&d=mm&r=g\",\"caption\":\"Reda\u00e7\u00e3o\"},\"sameAs\":[\"https:\/\/noticiaempauta.com\/portal\/\"],\"url\":\"https:\/\/noticiaempauta.com\/portal\/author\/fernando\/\"}]}<\/script>\n<!-- \/ Yoast SEO Premium plugin. -->","yoast_head_json":{"title":"V\u00edtimas de viol\u00eancia dom\u00e9stica ou situa\u00e7\u00e3o de risco podem pedir medida protetiva via WhatsApp - Portal Not\u00edcia em Pauta","robots":{"index":"index","follow":"follow","max-snippet":"max-snippet:-1","max-image-preview":"max-image-preview:large","max-video-preview":"max-video-preview:-1"},"canonical":"https:\/\/noticiaempauta.com\/portal\/vitimas-de-violencia-domestica-ou-situacao-de-risco-podem-pedir-medida-protetiva-via-whatsapp\/","og_locale":"pt_BR","og_type":"article","og_title":"V\u00edtimas de viol\u00eancia dom\u00e9stica ou situa\u00e7\u00e3o de risco podem pedir medida protetiva via WhatsApp","og_description":"O Tribunal de Justi\u00e7a do Piau\u00ed iniciou, durante o carnaval, a implanta\u00e7\u00e3o de um projeto-piloto que permite a solicita\u00e7\u00e3o de medidas protetivas pelo WhatsApp, em caso de viol\u00eancia dom\u00e9stica ou situa\u00e7\u00e3o de risco.&nbsp;A medida inovadora foi adotada na cidade de S\u00e3o Raimundo Nonato, no interior do Piau\u00ed. O contato disponibilizado \u00e9 o&nbsp;86-98141-9280&nbsp;e funciona 24 horas.&nbsp; [&hellip;]","og_url":"https:\/\/noticiaempauta.com\/portal\/vitimas-de-violencia-domestica-ou-situacao-de-risco-podem-pedir-medida-protetiva-via-whatsapp\/","og_site_name":"Portal Not\u00edcia em Pauta","article_publisher":"https:\/\/www.facebook.com\/Portal-Notcia-Em-Pauta-102292869264820\/","article_published_time":"2024-02-14T15:56:34+00:00","article_modified_time":"2024-02-14T15:56:36+00:00","og_image":[{"width":790,"height":450,"url":"https:\/\/noticiaempauta.com\/portal\/wp-content\/uploads\/2024\/02\/1BA619FE-9982-4D8F-8A1B-52060D5BDE2B.jpeg","type":"image\/jpeg"}],"author":"Reda\u00e7\u00e3o","twitter_card":"summary_large_image","twitter_misc":{"Escrito por":"Reda\u00e7\u00e3o","Est. tempo de leitura":"2 minutos"},"schema":{"@context":"https:\/\/schema.org","@graph":[{"@type":"Article","@id":"https:\/\/noticiaempauta.com\/portal\/vitimas-de-violencia-domestica-ou-situacao-de-risco-podem-pedir-medida-protetiva-via-whatsapp\/#article","isPartOf":{"@id":"https:\/\/noticiaempauta.com\/portal\/vitimas-de-violencia-domestica-ou-situacao-de-risco-podem-pedir-medida-protetiva-via-whatsapp\/"},"author":{"name":"Reda\u00e7\u00e3o","@id":"https:\/\/noticiaempauta.com\/portal\/#\/schema\/person\/a74af43dd1ab3deca45f988c717d57ac"},"headline":"V\u00edtimas de viol\u00eancia dom\u00e9stica ou situa\u00e7\u00e3o de risco podem pedir medida protetiva via WhatsApp","datePublished":"2024-02-14T15:56:34+00:00","dateModified":"2024-02-14T15:56:36+00:00","mainEntityOfPage":{"@id":"https:\/\/noticiaempauta.com\/portal\/vitimas-de-violencia-domestica-ou-situacao-de-risco-podem-pedir-medida-protetiva-via-whatsapp\/"},"wordCount":338,"commentCount":0,"publisher":{"@id":"https:\/\/noticiaempauta.com\/portal\/#organization"},"image":{"@id":"https:\/\/noticiaempauta.com\/portal\/vitimas-de-violencia-domestica-ou-situacao-de-risco-podem-pedir-medida-protetiva-via-whatsapp\/#primaryimage"},"thumbnailUrl":"https:\/\/noticiaempauta.com\/portal\/wp-content\/uploads\/2024\/02\/1BA619FE-9982-4D8F-8A1B-52060D5BDE2B.jpeg","keywords":["destaqueprincipal"],"articleSection":["Destaques","Todas as Not\u00edcias"],"inLanguage":"pt-BR","potentialAction":[{"@type":"CommentAction","name":"Comment","target":["https:\/\/noticiaempauta.com\/portal\/vitimas-de-violencia-domestica-ou-situacao-de-risco-podem-pedir-medida-protetiva-via-whatsapp\/#respond"]}]},{"@type":"WebPage","@id":"https:\/\/noticiaempauta.com\/portal\/vitimas-de-violencia-domestica-ou-situacao-de-risco-podem-pedir-medida-protetiva-via-whatsapp\/","url":"https:\/\/noticiaempauta.com\/portal\/vitimas-de-violencia-domestica-ou-situacao-de-risco-podem-pedir-medida-protetiva-via-whatsapp\/","name":"V\u00edtimas de viol\u00eancia dom\u00e9stica ou situa\u00e7\u00e3o de risco podem pedir medida protetiva via WhatsApp - Portal Not\u00edcia em Pauta","isPartOf":{"@id":"https:\/\/noticiaempauta.com\/portal\/#website"},"primaryImageOfPage":{"@id":"https:\/\/noticiaempauta.com\/portal\/vitimas-de-violencia-domestica-ou-situacao-de-risco-podem-pedir-medida-protetiva-via-whatsapp\/#primaryimage"},"image":{"@id":"https:\/\/noticiaempauta.com\/portal\/vitimas-de-violencia-domestica-ou-situacao-de-risco-podem-pedir-medida-protetiva-via-whatsapp\/#primaryimage"},"thumbnailUrl":"https:\/\/noticiaempauta.com\/portal\/wp-content\/uploads\/2024\/02\/1BA619FE-9982-4D8F-8A1B-52060D5BDE2B.jpeg","datePublished":"2024-02-14T15:56:34+00:00","dateModified":"2024-02-14T15:56:36+00:00","breadcrumb":{"@id":"https:\/\/noticiaempauta.com\/portal\/vitimas-de-violencia-domestica-ou-situacao-de-risco-podem-pedir-medida-protetiva-via-whatsapp\/#breadcrumb"},"inLanguage":"pt-BR","potentialAction":[{"@type":"ReadAction","target":["https:\/\/noticiaempauta.com\/portal\/vitimas-de-violencia-domestica-ou-situacao-de-risco-podem-pedir-medida-protetiva-via-whatsapp\/"]}]},{"@type":"ImageObject","inLanguage":"pt-BR","@id":"https:\/\/noticiaempauta.com\/portal\/vitimas-de-violencia-domestica-ou-situacao-de-risco-podem-pedir-medida-protetiva-via-whatsapp\/#primaryimage","url":"https:\/\/noticiaempauta.com\/portal\/wp-content\/uploads\/2024\/02\/1BA619FE-9982-4D8F-8A1B-52060D5BDE2B.jpeg","contentUrl":"https:\/\/noticiaempauta.com\/portal\/wp-content\/uploads\/2024\/02\/1BA619FE-9982-4D8F-8A1B-52060D5BDE2B.jpeg","width":790,"height":450},{"@type":"BreadcrumbList","@id":"https:\/\/noticiaempauta.com\/portal\/vitimas-de-violencia-domestica-ou-situacao-de-risco-podem-pedir-medida-protetiva-via-whatsapp\/#breadcrumb","itemListElement":[{"@type":"ListItem","position":1,"name":"P\u00e1gina Inicial","item":"https:\/\/noticiaempauta.com\/portal\/"},{"@type":"ListItem","position":2,"name":"Destaques","item":"https:\/\/noticiaempauta.com\/portal\/destaques-site\/"},{"@type":"ListItem","position":3,"name":"V\u00edtimas de viol\u00eancia dom\u00e9stica ou situa\u00e7\u00e3o de risco podem pedir medida protetiva via WhatsApp"}]},{"@type":"WebSite","@id":"https:\/\/noticiaempauta.com\/portal\/#website","url":"https:\/\/noticiaempauta.com\/portal\/","name":"Portal Not\u00edcia em Pauta","description":"Voc\u00ea bem informado","publisher":{"@id":"https:\/\/noticiaempauta.com\/portal\/#organization"},"potentialAction":[{"@type":"SearchAction","target":{"@type":"EntryPoint","urlTemplate":"https:\/\/noticiaempauta.com\/portal\/?s={search_term_string}"},"query-input":{"@type":"PropertyValueSpecification","valueRequired":true,"valueName":"search_term_string"}}],"inLanguage":"pt-BR"},{"@type":"Organization","@id":"https:\/\/noticiaempauta.com\/portal\/#organization","name":"Portal Not\u00edcia em Pauta","url":"https:\/\/noticiaempauta.com\/portal\/","logo":{"@type":"ImageObject","inLanguage":"pt-BR","@id":"https:\/\/noticiaempauta.com\/portal\/#\/schema\/logo\/image\/","url":"https:\/\/noticiaempauta.com\/portal\/wp-content\/uploads\/2022\/08\/logomarca_tema.fw_.png","contentUrl":"https:\/\/noticiaempauta.com\/portal\/wp-content\/uploads\/2022\/08\/logomarca_tema.fw_.png","width":400,"height":232,"caption":"Portal Not\u00edcia em Pauta"},"image":{"@id":"https:\/\/noticiaempauta.com\/portal\/#\/schema\/logo\/image\/"},"sameAs":["https:\/\/www.facebook.com\/Portal-Notcia-Em-Pauta-102292869264820\/","https:\/\/www.instagram.com\/portalnoticiaempauta\/"]},{"@type":"Person","@id":"https:\/\/noticiaempauta.com\/portal\/#\/schema\/person\/a74af43dd1ab3deca45f988c717d57ac","name":"Reda\u00e7\u00e3o","image":{"@type":"ImageObject","inLanguage":"pt-BR","@id":"https:\/\/noticiaempauta.com\/portal\/#\/schema\/person\/image\/","url":"https:\/\/secure.gravatar.com\/avatar\/03179346ecce6cdfc13361603e8f54242a90e5cde8618fa23c5c00aa2b0aadf3?s=96&d=mm&r=g","contentUrl":"https:\/\/secure.gravatar.com\/avatar\/03179346ecce6cdfc13361603e8f54242a90e5cde8618fa23c5c00aa2b0aadf3?s=96&d=mm&r=g","caption":"Reda\u00e7\u00e3o"},"sameAs":["https:\/\/noticiaempauta.com\/portal\/"],"url":"https:\/\/noticiaempauta.com\/portal\/author\/fernando\/"}]}},"_links":{"self":[{"href":"https:\/\/noticiaempauta.com\/portal\/wp-json\/wp\/v2\/posts\/254733","targetHints":{"allow":["GET"]}}],"collection":[{"href":"https:\/\/noticiaempauta.com\/portal\/wp-json\/wp\/v2\/posts"}],"about":[{"href":"https:\/\/noticiaempauta.com\/portal\/wp-json\/wp\/v2\/types\/post"}],"author":[{"embeddable":true,"href":"https:\/\/noticiaempauta.com\/portal\/wp-json\/wp\/v2\/users\/2"}],"replies":[{"embeddable":true,"href":"https:\/\/noticiaempauta.com\/portal\/wp-json\/wp\/v2\/comments?post=254733"}],"version-history":[{"count":3,"href":"https:\/\/noticiaempauta.com\/portal\/wp-json\/wp\/v2\/posts\/254733\/revisions"}],"predecessor-version":[{"id":254738,"href":"https:\/\/noticiaempauta.com\/portal\/wp-json\/wp\/v2\/posts\/254733\/revisions\/254738"}],"wp:featuredmedia":[{"embeddable":true,"href":"https:\/\/noticiaempauta.com\/portal\/wp-json\/wp\/v2\/media\/254736"}],"wp:attachment":[{"href":"https:\/\/noticiaempauta.com\/portal\/wp-json\/wp\/v2\/media?parent=254733"}],"wp:term":[{"taxonomy":"category","embeddable":true,"href":"https:\/\/noticiaempauta.com\/portal\/wp-json\/wp\/v2\/categories?post=254733"},{"taxonomy":"post_tag","embeddable":true,"href":"https:\/\/noticiaempauta.com\/portal\/wp-json\/wp\/v2\/tags?post=254733"}],"curies":[{"name":"wp","href":"https:\/\/api.w.org\/{rel}","templated":true}]}}