{"id":254755,"date":"2024-02-14T19:13:46","date_gmt":"2024-02-14T22:13:46","guid":{"rendered":"https:\/\/noticiaempauta.com\/portal\/?p=254755"},"modified":"2024-02-14T19:13:48","modified_gmt":"2024-02-14T22:13:48","slug":"juiz-de-comarca-do-piaui-morre-vitima-de-afogamento-na-paraiba","status":"publish","type":"post","link":"https:\/\/noticiaempauta.com\/portal\/juiz-de-comarca-do-piaui-morre-vitima-de-afogamento-na-paraiba\/","title":{"rendered":"Juiz de comarca do Piau\u00ed morre v\u00edtima de afogamento na Para\u00edba"},"content":{"rendered":"\n<p>O juiz Diego Ricardo Melo de Almeida, da 2\u00aa Vara da \u00a0comarca de Pedro II, faleceu na manh\u00e3 desta quarta-feira (14), v\u00edtima de afogamento na praia de Barra do Gra\u00fa, no munic\u00edpio de Pitimb\u00fa, litoral da Para\u00edba.<\/p>\n\n\n\n<figure class=\"wp-block-image size-full\"><img fetchpriority=\"high\" decoding=\"async\" width=\"1024\" height=\"574\" src=\"https:\/\/noticiaempauta.com\/portal\/wp-content\/uploads\/2024\/02\/P40G-IMG-192b7c8d878509b38f.jpg\" alt=\"\" class=\"wp-image-254757\" srcset=\"https:\/\/noticiaempauta.com\/portal\/wp-content\/uploads\/2024\/02\/P40G-IMG-192b7c8d878509b38f.jpg 1024w, https:\/\/noticiaempauta.com\/portal\/wp-content\/uploads\/2024\/02\/P40G-IMG-192b7c8d878509b38f-300x168.jpg 300w, https:\/\/noticiaempauta.com\/portal\/wp-content\/uploads\/2024\/02\/P40G-IMG-192b7c8d878509b38f-768x431.jpg 768w\" sizes=\"(max-width: 1024px) 100vw, 1024px\" \/><figcaption class=\"wp-element-caption\"><em>(Foto: Reprodu\u00e7\u00e3o)<\/em><\/figcaption><\/figure>\n\n\n\n<p>O magistrado de 40 anos&nbsp;se afogou ap\u00f3s entrar em uma corrente de retorno no mar na tarde de ontem, ter\u00e7a-feira (13). Ele chegou a ser socorrido por uma equipe de salva-vidas que monitorava o local e foi encaminhado para o Hospital de Trauma de Jo\u00e3o Pessoa.<\/p>\n\n\n\n<p>Na unidade de sa\u00fade, o magistrado foi internado na Unidade de Terapia Intensiva (UTI) em estado grave, mas n\u00e3o resistiu e faleceu nesta quarta-feira (14).<\/p>\n\n\n\n<p>A Associa\u00e7\u00e3o dos Magistrados Piauienses (Amapi) emitiu uma nota de pesar lamentando o falecimento do juiz Diego Ricardo e destacando o seu trabalho na magistratura.<\/p>\n\n\n\n<p>&#8220;A Associa\u00e7\u00e3o dos Magistrados Piauienses recebe, com o mais profundo pesar, a not\u00edcia do falecimento do Juiz Diego Ricardo Melo de Almeida, da comarca de Pedro II, ocorrido em em Pitimbu, na Para\u00edba (PB).<\/p>\n\n\n\n<p>O Juiz Diego Ricardo edificou a Magistratura com sua compet\u00eancia e comprometimento. No Poder Judici\u00e1rio do Piau\u00ed, atuou por 10 anos, passando por comarcas como Cristal\u00e2ndia, Landri Sales e Pedro II.<\/p>\n\n\n\n<p>Neste momento de imensa tristeza e dor, externamos nossa solidariedade aos familiares, amigos e colegas de trabalho, rogando a Deus que traga o conforto necess\u00e1rio para superar essa perda irrepar\u00e1vel.<\/p>\n\n\n\n<p>Teresina, 14 de fevereiro de 2024<br>Associa\u00e7\u00e3o dos Magistrados Piauienses&#8221;<\/p>\n\n\n\n<p>O Tribunal de Justi\u00e7a do Piau\u00ed (TJPI) tamb\u00e9m emitiu nota sobre o falecimento do juiz, prestando condol\u00eancias aos familiares e amigos:<\/p>\n\n\n\n<p>&#8220;Com profundo pesar, o Tribunal de Justi\u00e7a do Estado do Piau\u00ed (TJ-PI) lamenta o falecimento precoce, nesta ter\u00e7a-feira (13), em Pitimb\u00fa (PB), do magistrado Diego Ricardo Melo de Almeida, juiz da 2\u00aa Vara da comarca de Pedro II.<\/p>\n\n\n\n<p>Integrante da magistratura piauiense desde 2013, atuou, ainda, em comarcas como Cristal\u00e2ndia do Piau\u00ed e Landri Sales, sempre com dedica\u00e7\u00e3o \u00e0 sua fun\u00e7\u00e3o e respeito aos jurisdicionados e integrantes do Sistema de Justi\u00e7a, colaborando com o desenvolvimento do Poder Judici\u00e1rio e do Estado do Piau\u00ed.<\/p>\n\n\n\n<p>Que haja conforto para os cora\u00e7\u00f5es de seus familiares e amigos neste momento de inestim\u00e1vel perda.<\/p>\n\n\n\n<p>Desembargador Hilo de Almeida Sousa<\/p>\n\n\n\n<p>Presidente do TJ-PI&#8221;<\/p>\n\n\n\n<p>Fonte: Cidade Verde<\/p>\n","protected":false},"excerpt":{"rendered":"<p>O juiz Diego Ricardo Melo de Almeida, da 2\u00aa Vara da \u00a0comarca de Pedro II, faleceu na manh\u00e3 desta quarta-feira (14), v\u00edtima de afogamento na praia de Barra do Gra\u00fa, no munic\u00edpio de Pitimb\u00fa, litoral da Para\u00edba. O magistrado de 40 anos&nbsp;se afogou ap\u00f3s entrar em uma corrente de retorno no mar na tarde de [&hellip;]<\/p>\n","protected":false},"author":2,"featured_media":254757,"comment_status":"open","ping_status":"open","sticky":false,"template":"","format":"standard","meta":{"_mi_skip_tracking":false,"footnotes":""},"categories":[25,1,16],"tags":[192],"class_list":["post-254755","post","type-post","status-publish","format-standard","has-post-thumbnail","hentry","category-destaques-site","category-geral","category-todas","tag-destaqueprincipal"],"acf":[],"yoast_head":"<!-- This site is optimized with the Yoast SEO Premium plugin v19.2 (Yoast SEO v26.9) - https:\/\/yoast.com\/product\/yoast-seo-premium-wordpress\/ -->\n<title>Juiz de comarca do Piau\u00ed morre v\u00edtima de afogamento na Para\u00edba - Portal Not\u00edcia em Pauta<\/title>\n<meta name=\"robots\" content=\"index, follow, max-snippet:-1, max-image-preview:large, max-video-preview:-1\" \/>\n<link rel=\"canonical\" href=\"https:\/\/noticiaempauta.com\/portal\/juiz-de-comarca-do-piaui-morre-vitima-de-afogamento-na-paraiba\/\" \/>\n<meta property=\"og:locale\" content=\"pt_BR\" \/>\n<meta property=\"og:type\" content=\"article\" \/>\n<meta property=\"og:title\" content=\"Juiz de comarca do Piau\u00ed morre v\u00edtima de afogamento na Para\u00edba\" \/>\n<meta property=\"og:description\" content=\"O juiz Diego Ricardo Melo de Almeida, da 2\u00aa Vara da \u00a0comarca de Pedro II, faleceu na manh\u00e3 desta quarta-feira (14), v\u00edtima de afogamento na praia de Barra do Gra\u00fa, no munic\u00edpio de Pitimb\u00fa, litoral da Para\u00edba. O magistrado de 40 anos&nbsp;se afogou ap\u00f3s entrar em uma corrente de retorno no mar na tarde de [&hellip;]\" \/>\n<meta property=\"og:url\" content=\"https:\/\/noticiaempauta.com\/portal\/juiz-de-comarca-do-piaui-morre-vitima-de-afogamento-na-paraiba\/\" \/>\n<meta property=\"og:site_name\" content=\"Portal Not\u00edcia em Pauta\" \/>\n<meta property=\"article:publisher\" content=\"https:\/\/www.facebook.com\/Portal-Notcia-Em-Pauta-102292869264820\/\" \/>\n<meta property=\"article:published_time\" content=\"2024-02-14T22:13:46+00:00\" \/>\n<meta property=\"article:modified_time\" content=\"2024-02-14T22:13:48+00:00\" \/>\n<meta property=\"og:image\" content=\"https:\/\/noticiaempauta.com\/portal\/wp-content\/uploads\/2024\/02\/P40G-IMG-192b7c8d878509b38f.jpg\" \/>\n\t<meta property=\"og:image:width\" content=\"1024\" \/>\n\t<meta property=\"og:image:height\" content=\"574\" \/>\n\t<meta property=\"og:image:type\" content=\"image\/jpeg\" \/>\n<meta name=\"author\" content=\"Reda\u00e7\u00e3o\" \/>\n<meta name=\"twitter:card\" content=\"summary_large_image\" \/>\n<meta name=\"twitter:label1\" content=\"Escrito por\" \/>\n\t<meta name=\"twitter:data1\" content=\"Reda\u00e7\u00e3o\" \/>\n\t<meta name=\"twitter:label2\" content=\"Est. tempo de leitura\" \/>\n\t<meta name=\"twitter:data2\" content=\"3 minutos\" \/>\n<script type=\"application\/ld+json\" class=\"yoast-schema-graph\">{\"@context\":\"https:\/\/schema.org\",\"@graph\":[{\"@type\":\"Article\",\"@id\":\"https:\/\/noticiaempauta.com\/portal\/juiz-de-comarca-do-piaui-morre-vitima-de-afogamento-na-paraiba\/#article\",\"isPartOf\":{\"@id\":\"https:\/\/noticiaempauta.com\/portal\/juiz-de-comarca-do-piaui-morre-vitima-de-afogamento-na-paraiba\/\"},\"author\":{\"name\":\"Reda\u00e7\u00e3o\",\"@id\":\"https:\/\/noticiaempauta.com\/portal\/#\/schema\/person\/a74af43dd1ab3deca45f988c717d57ac\"},\"headline\":\"Juiz de comarca do Piau\u00ed morre v\u00edtima de afogamento na Para\u00edba\",\"datePublished\":\"2024-02-14T22:13:46+00:00\",\"dateModified\":\"2024-02-14T22:13:48+00:00\",\"mainEntityOfPage\":{\"@id\":\"https:\/\/noticiaempauta.com\/portal\/juiz-de-comarca-do-piaui-morre-vitima-de-afogamento-na-paraiba\/\"},\"wordCount\":405,\"commentCount\":0,\"publisher\":{\"@id\":\"https:\/\/noticiaempauta.com\/portal\/#organization\"},\"image\":{\"@id\":\"https:\/\/noticiaempauta.com\/portal\/juiz-de-comarca-do-piaui-morre-vitima-de-afogamento-na-paraiba\/#primaryimage\"},\"thumbnailUrl\":\"https:\/\/noticiaempauta.com\/portal\/wp-content\/uploads\/2024\/02\/P40G-IMG-192b7c8d878509b38f.jpg\",\"keywords\":[\"destaqueprincipal\"],\"articleSection\":[\"Destaques\",\"Geral\",\"Todas as Not\u00edcias\"],\"inLanguage\":\"pt-BR\",\"potentialAction\":[{\"@type\":\"CommentAction\",\"name\":\"Comment\",\"target\":[\"https:\/\/noticiaempauta.com\/portal\/juiz-de-comarca-do-piaui-morre-vitima-de-afogamento-na-paraiba\/#respond\"]}]},{\"@type\":\"WebPage\",\"@id\":\"https:\/\/noticiaempauta.com\/portal\/juiz-de-comarca-do-piaui-morre-vitima-de-afogamento-na-paraiba\/\",\"url\":\"https:\/\/noticiaempauta.com\/portal\/juiz-de-comarca-do-piaui-morre-vitima-de-afogamento-na-paraiba\/\",\"name\":\"Juiz de comarca do Piau\u00ed morre v\u00edtima de afogamento na Para\u00edba - Portal Not\u00edcia em Pauta\",\"isPartOf\":{\"@id\":\"https:\/\/noticiaempauta.com\/portal\/#website\"},\"primaryImageOfPage\":{\"@id\":\"https:\/\/noticiaempauta.com\/portal\/juiz-de-comarca-do-piaui-morre-vitima-de-afogamento-na-paraiba\/#primaryimage\"},\"image\":{\"@id\":\"https:\/\/noticiaempauta.com\/portal\/juiz-de-comarca-do-piaui-morre-vitima-de-afogamento-na-paraiba\/#primaryimage\"},\"thumbnailUrl\":\"https:\/\/noticiaempauta.com\/portal\/wp-content\/uploads\/2024\/02\/P40G-IMG-192b7c8d878509b38f.jpg\",\"datePublished\":\"2024-02-14T22:13:46+00:00\",\"dateModified\":\"2024-02-14T22:13:48+00:00\",\"breadcrumb\":{\"@id\":\"https:\/\/noticiaempauta.com\/portal\/juiz-de-comarca-do-piaui-morre-vitima-de-afogamento-na-paraiba\/#breadcrumb\"},\"inLanguage\":\"pt-BR\",\"potentialAction\":[{\"@type\":\"ReadAction\",\"target\":[\"https:\/\/noticiaempauta.com\/portal\/juiz-de-comarca-do-piaui-morre-vitima-de-afogamento-na-paraiba\/\"]}]},{\"@type\":\"ImageObject\",\"inLanguage\":\"pt-BR\",\"@id\":\"https:\/\/noticiaempauta.com\/portal\/juiz-de-comarca-do-piaui-morre-vitima-de-afogamento-na-paraiba\/#primaryimage\",\"url\":\"https:\/\/noticiaempauta.com\/portal\/wp-content\/uploads\/2024\/02\/P40G-IMG-192b7c8d878509b38f.jpg\",\"contentUrl\":\"https:\/\/noticiaempauta.com\/portal\/wp-content\/uploads\/2024\/02\/P40G-IMG-192b7c8d878509b38f.jpg\",\"width\":1024,\"height\":574},{\"@type\":\"BreadcrumbList\",\"@id\":\"https:\/\/noticiaempauta.com\/portal\/juiz-de-comarca-do-piaui-morre-vitima-de-afogamento-na-paraiba\/#breadcrumb\",\"itemListElement\":[{\"@type\":\"ListItem\",\"position\":1,\"name\":\"P\u00e1gina Inicial\",\"item\":\"https:\/\/noticiaempauta.com\/portal\/\"},{\"@type\":\"ListItem\",\"position\":2,\"name\":\"Destaques\",\"item\":\"https:\/\/noticiaempauta.com\/portal\/destaques-site\/\"},{\"@type\":\"ListItem\",\"position\":3,\"name\":\"Juiz de comarca do Piau\u00ed morre v\u00edtima de afogamento na Para\u00edba\"}]},{\"@type\":\"WebSite\",\"@id\":\"https:\/\/noticiaempauta.com\/portal\/#website\",\"url\":\"https:\/\/noticiaempauta.com\/portal\/\",\"name\":\"Portal Not\u00edcia em Pauta\",\"description\":\"Voc\u00ea bem informado\",\"publisher\":{\"@id\":\"https:\/\/noticiaempauta.com\/portal\/#organization\"},\"potentialAction\":[{\"@type\":\"SearchAction\",\"target\":{\"@type\":\"EntryPoint\",\"urlTemplate\":\"https:\/\/noticiaempauta.com\/portal\/?s={search_term_string}\"},\"query-input\":{\"@type\":\"PropertyValueSpecification\",\"valueRequired\":true,\"valueName\":\"search_term_string\"}}],\"inLanguage\":\"pt-BR\"},{\"@type\":\"Organization\",\"@id\":\"https:\/\/noticiaempauta.com\/portal\/#organization\",\"name\":\"Portal Not\u00edcia em Pauta\",\"url\":\"https:\/\/noticiaempauta.com\/portal\/\",\"logo\":{\"@type\":\"ImageObject\",\"inLanguage\":\"pt-BR\",\"@id\":\"https:\/\/noticiaempauta.com\/portal\/#\/schema\/logo\/image\/\",\"url\":\"https:\/\/noticiaempauta.com\/portal\/wp-content\/uploads\/2022\/08\/logomarca_tema.fw_.png\",\"contentUrl\":\"https:\/\/noticiaempauta.com\/portal\/wp-content\/uploads\/2022\/08\/logomarca_tema.fw_.png\",\"width\":400,\"height\":232,\"caption\":\"Portal Not\u00edcia em Pauta\"},\"image\":{\"@id\":\"https:\/\/noticiaempauta.com\/portal\/#\/schema\/logo\/image\/\"},\"sameAs\":[\"https:\/\/www.facebook.com\/Portal-Notcia-Em-Pauta-102292869264820\/\",\"https:\/\/www.instagram.com\/portalnoticiaempauta\/\"]},{\"@type\":\"Person\",\"@id\":\"https:\/\/noticiaempauta.com\/portal\/#\/schema\/person\/a74af43dd1ab3deca45f988c717d57ac\",\"name\":\"Reda\u00e7\u00e3o\",\"image\":{\"@type\":\"ImageObject\",\"inLanguage\":\"pt-BR\",\"@id\":\"https:\/\/noticiaempauta.com\/portal\/#\/schema\/person\/image\/\",\"url\":\"https:\/\/secure.gravatar.com\/avatar\/03179346ecce6cdfc13361603e8f54242a90e5cde8618fa23c5c00aa2b0aadf3?s=96&d=mm&r=g\",\"contentUrl\":\"https:\/\/secure.gravatar.com\/avatar\/03179346ecce6cdfc13361603e8f54242a90e5cde8618fa23c5c00aa2b0aadf3?s=96&d=mm&r=g\",\"caption\":\"Reda\u00e7\u00e3o\"},\"sameAs\":[\"https:\/\/noticiaempauta.com\/portal\/\"],\"url\":\"https:\/\/noticiaempauta.com\/portal\/author\/fernando\/\"}]}<\/script>\n<!-- \/ Yoast SEO Premium plugin. -->","yoast_head_json":{"title":"Juiz de comarca do Piau\u00ed morre v\u00edtima de afogamento na Para\u00edba - Portal Not\u00edcia em Pauta","robots":{"index":"index","follow":"follow","max-snippet":"max-snippet:-1","max-image-preview":"max-image-preview:large","max-video-preview":"max-video-preview:-1"},"canonical":"https:\/\/noticiaempauta.com\/portal\/juiz-de-comarca-do-piaui-morre-vitima-de-afogamento-na-paraiba\/","og_locale":"pt_BR","og_type":"article","og_title":"Juiz de comarca do Piau\u00ed morre v\u00edtima de afogamento na Para\u00edba","og_description":"O juiz Diego Ricardo Melo de Almeida, da 2\u00aa Vara da \u00a0comarca de Pedro II, faleceu na manh\u00e3 desta quarta-feira (14), v\u00edtima de afogamento na praia de Barra do Gra\u00fa, no munic\u00edpio de Pitimb\u00fa, litoral da Para\u00edba. O magistrado de 40 anos&nbsp;se afogou ap\u00f3s entrar em uma corrente de retorno no mar na tarde de [&hellip;]","og_url":"https:\/\/noticiaempauta.com\/portal\/juiz-de-comarca-do-piaui-morre-vitima-de-afogamento-na-paraiba\/","og_site_name":"Portal Not\u00edcia em Pauta","article_publisher":"https:\/\/www.facebook.com\/Portal-Notcia-Em-Pauta-102292869264820\/","article_published_time":"2024-02-14T22:13:46+00:00","article_modified_time":"2024-02-14T22:13:48+00:00","og_image":[{"width":1024,"height":574,"url":"https:\/\/noticiaempauta.com\/portal\/wp-content\/uploads\/2024\/02\/P40G-IMG-192b7c8d878509b38f.jpg","type":"image\/jpeg"}],"author":"Reda\u00e7\u00e3o","twitter_card":"summary_large_image","twitter_misc":{"Escrito por":"Reda\u00e7\u00e3o","Est. tempo de leitura":"3 minutos"},"schema":{"@context":"https:\/\/schema.org","@graph":[{"@type":"Article","@id":"https:\/\/noticiaempauta.com\/portal\/juiz-de-comarca-do-piaui-morre-vitima-de-afogamento-na-paraiba\/#article","isPartOf":{"@id":"https:\/\/noticiaempauta.com\/portal\/juiz-de-comarca-do-piaui-morre-vitima-de-afogamento-na-paraiba\/"},"author":{"name":"Reda\u00e7\u00e3o","@id":"https:\/\/noticiaempauta.com\/portal\/#\/schema\/person\/a74af43dd1ab3deca45f988c717d57ac"},"headline":"Juiz de comarca do Piau\u00ed morre v\u00edtima de afogamento na Para\u00edba","datePublished":"2024-02-14T22:13:46+00:00","dateModified":"2024-02-14T22:13:48+00:00","mainEntityOfPage":{"@id":"https:\/\/noticiaempauta.com\/portal\/juiz-de-comarca-do-piaui-morre-vitima-de-afogamento-na-paraiba\/"},"wordCount":405,"commentCount":0,"publisher":{"@id":"https:\/\/noticiaempauta.com\/portal\/#organization"},"image":{"@id":"https:\/\/noticiaempauta.com\/portal\/juiz-de-comarca-do-piaui-morre-vitima-de-afogamento-na-paraiba\/#primaryimage"},"thumbnailUrl":"https:\/\/noticiaempauta.com\/portal\/wp-content\/uploads\/2024\/02\/P40G-IMG-192b7c8d878509b38f.jpg","keywords":["destaqueprincipal"],"articleSection":["Destaques","Geral","Todas as Not\u00edcias"],"inLanguage":"pt-BR","potentialAction":[{"@type":"CommentAction","name":"Comment","target":["https:\/\/noticiaempauta.com\/portal\/juiz-de-comarca-do-piaui-morre-vitima-de-afogamento-na-paraiba\/#respond"]}]},{"@type":"WebPage","@id":"https:\/\/noticiaempauta.com\/portal\/juiz-de-comarca-do-piaui-morre-vitima-de-afogamento-na-paraiba\/","url":"https:\/\/noticiaempauta.com\/portal\/juiz-de-comarca-do-piaui-morre-vitima-de-afogamento-na-paraiba\/","name":"Juiz de comarca do Piau\u00ed morre v\u00edtima de afogamento na Para\u00edba - Portal Not\u00edcia em Pauta","isPartOf":{"@id":"https:\/\/noticiaempauta.com\/portal\/#website"},"primaryImageOfPage":{"@id":"https:\/\/noticiaempauta.com\/portal\/juiz-de-comarca-do-piaui-morre-vitima-de-afogamento-na-paraiba\/#primaryimage"},"image":{"@id":"https:\/\/noticiaempauta.com\/portal\/juiz-de-comarca-do-piaui-morre-vitima-de-afogamento-na-paraiba\/#primaryimage"},"thumbnailUrl":"https:\/\/noticiaempauta.com\/portal\/wp-content\/uploads\/2024\/02\/P40G-IMG-192b7c8d878509b38f.jpg","datePublished":"2024-02-14T22:13:46+00:00","dateModified":"2024-02-14T22:13:48+00:00","breadcrumb":{"@id":"https:\/\/noticiaempauta.com\/portal\/juiz-de-comarca-do-piaui-morre-vitima-de-afogamento-na-paraiba\/#breadcrumb"},"inLanguage":"pt-BR","potentialAction":[{"@type":"ReadAction","target":["https:\/\/noticiaempauta.com\/portal\/juiz-de-comarca-do-piaui-morre-vitima-de-afogamento-na-paraiba\/"]}]},{"@type":"ImageObject","inLanguage":"pt-BR","@id":"https:\/\/noticiaempauta.com\/portal\/juiz-de-comarca-do-piaui-morre-vitima-de-afogamento-na-paraiba\/#primaryimage","url":"https:\/\/noticiaempauta.com\/portal\/wp-content\/uploads\/2024\/02\/P40G-IMG-192b7c8d878509b38f.jpg","contentUrl":"https:\/\/noticiaempauta.com\/portal\/wp-content\/uploads\/2024\/02\/P40G-IMG-192b7c8d878509b38f.jpg","width":1024,"height":574},{"@type":"BreadcrumbList","@id":"https:\/\/noticiaempauta.com\/portal\/juiz-de-comarca-do-piaui-morre-vitima-de-afogamento-na-paraiba\/#breadcrumb","itemListElement":[{"@type":"ListItem","position":1,"name":"P\u00e1gina Inicial","item":"https:\/\/noticiaempauta.com\/portal\/"},{"@type":"ListItem","position":2,"name":"Destaques","item":"https:\/\/noticiaempauta.com\/portal\/destaques-site\/"},{"@type":"ListItem","position":3,"name":"Juiz de comarca do Piau\u00ed morre v\u00edtima de afogamento na Para\u00edba"}]},{"@type":"WebSite","@id":"https:\/\/noticiaempauta.com\/portal\/#website","url":"https:\/\/noticiaempauta.com\/portal\/","name":"Portal Not\u00edcia em Pauta","description":"Voc\u00ea bem informado","publisher":{"@id":"https:\/\/noticiaempauta.com\/portal\/#organization"},"potentialAction":[{"@type":"SearchAction","target":{"@type":"EntryPoint","urlTemplate":"https:\/\/noticiaempauta.com\/portal\/?s={search_term_string}"},"query-input":{"@type":"PropertyValueSpecification","valueRequired":true,"valueName":"search_term_string"}}],"inLanguage":"pt-BR"},{"@type":"Organization","@id":"https:\/\/noticiaempauta.com\/portal\/#organization","name":"Portal Not\u00edcia em Pauta","url":"https:\/\/noticiaempauta.com\/portal\/","logo":{"@type":"ImageObject","inLanguage":"pt-BR","@id":"https:\/\/noticiaempauta.com\/portal\/#\/schema\/logo\/image\/","url":"https:\/\/noticiaempauta.com\/portal\/wp-content\/uploads\/2022\/08\/logomarca_tema.fw_.png","contentUrl":"https:\/\/noticiaempauta.com\/portal\/wp-content\/uploads\/2022\/08\/logomarca_tema.fw_.png","width":400,"height":232,"caption":"Portal Not\u00edcia em Pauta"},"image":{"@id":"https:\/\/noticiaempauta.com\/portal\/#\/schema\/logo\/image\/"},"sameAs":["https:\/\/www.facebook.com\/Portal-Notcia-Em-Pauta-102292869264820\/","https:\/\/www.instagram.com\/portalnoticiaempauta\/"]},{"@type":"Person","@id":"https:\/\/noticiaempauta.com\/portal\/#\/schema\/person\/a74af43dd1ab3deca45f988c717d57ac","name":"Reda\u00e7\u00e3o","image":{"@type":"ImageObject","inLanguage":"pt-BR","@id":"https:\/\/noticiaempauta.com\/portal\/#\/schema\/person\/image\/","url":"https:\/\/secure.gravatar.com\/avatar\/03179346ecce6cdfc13361603e8f54242a90e5cde8618fa23c5c00aa2b0aadf3?s=96&d=mm&r=g","contentUrl":"https:\/\/secure.gravatar.com\/avatar\/03179346ecce6cdfc13361603e8f54242a90e5cde8618fa23c5c00aa2b0aadf3?s=96&d=mm&r=g","caption":"Reda\u00e7\u00e3o"},"sameAs":["https:\/\/noticiaempauta.com\/portal\/"],"url":"https:\/\/noticiaempauta.com\/portal\/author\/fernando\/"}]}},"_links":{"self":[{"href":"https:\/\/noticiaempauta.com\/portal\/wp-json\/wp\/v2\/posts\/254755","targetHints":{"allow":["GET"]}}],"collection":[{"href":"https:\/\/noticiaempauta.com\/portal\/wp-json\/wp\/v2\/posts"}],"about":[{"href":"https:\/\/noticiaempauta.com\/portal\/wp-json\/wp\/v2\/types\/post"}],"author":[{"embeddable":true,"href":"https:\/\/noticiaempauta.com\/portal\/wp-json\/wp\/v2\/users\/2"}],"replies":[{"embeddable":true,"href":"https:\/\/noticiaempauta.com\/portal\/wp-json\/wp\/v2\/comments?post=254755"}],"version-history":[{"count":2,"href":"https:\/\/noticiaempauta.com\/portal\/wp-json\/wp\/v2\/posts\/254755\/revisions"}],"predecessor-version":[{"id":254759,"href":"https:\/\/noticiaempauta.com\/portal\/wp-json\/wp\/v2\/posts\/254755\/revisions\/254759"}],"wp:featuredmedia":[{"embeddable":true,"href":"https:\/\/noticiaempauta.com\/portal\/wp-json\/wp\/v2\/media\/254757"}],"wp:attachment":[{"href":"https:\/\/noticiaempauta.com\/portal\/wp-json\/wp\/v2\/media?parent=254755"}],"wp:term":[{"taxonomy":"category","embeddable":true,"href":"https:\/\/noticiaempauta.com\/portal\/wp-json\/wp\/v2\/categories?post=254755"},{"taxonomy":"post_tag","embeddable":true,"href":"https:\/\/noticiaempauta.com\/portal\/wp-json\/wp\/v2\/tags?post=254755"}],"curies":[{"name":"wp","href":"https:\/\/api.w.org\/{rel}","templated":true}]}}