{"id":254851,"date":"2024-02-18T18:46:29","date_gmt":"2024-02-18T21:46:29","guid":{"rendered":"https:\/\/noticiaempauta.com\/portal\/?p=254851"},"modified":"2024-02-18T18:49:13","modified_gmt":"2024-02-18T21:49:13","slug":"massape-do-piaui-dr-wilton-recebe-adesoes-e-reforca-pre-candidatura-a-prefeito-no-municipio","status":"publish","type":"post","link":"https:\/\/noticiaempauta.com\/portal\/massape-do-piaui-dr-wilton-recebe-adesoes-e-reforca-pre-candidatura-a-prefeito-no-municipio\/","title":{"rendered":"MASSAP\u00ca DO PIAU\u00cd | Dr. Wilton recebe ades\u00f5es e refor\u00e7a pr\u00e9-candidatura a prefeito no munic\u00edpio"},"content":{"rendered":"\n<p>A pr\u00e9-candidatura de Dr. Wilton Coutinho em Massap\u00ea do Piau\u00ed a cada dia que se aproxima da elei\u00e7\u00e3o ganha mais ades\u00f5es. Al\u00e9m das in\u00fameras fam\u00edlias que diariamente se manifestam como apoiadoras, o l\u00edder pol\u00edtico tem ganhado ades\u00f5es de representantes do povo, de vereadores e suplentes, que acreditam no novo projeto apresentado pelo grupo da oposi\u00e7\u00e3o.<\/p>\n\n\n\n<figure class=\"wp-block-image size-full\"><img fetchpriority=\"high\" decoding=\"async\" width=\"640\" height=\"452\" src=\"https:\/\/noticiaempauta.com\/portal\/wp-content\/uploads\/2024\/02\/FA-IMG-2453eb6ce8d79646b775.jpg\" alt=\"\" class=\"wp-image-254854\" srcset=\"https:\/\/noticiaempauta.com\/portal\/wp-content\/uploads\/2024\/02\/FA-IMG-2453eb6ce8d79646b775.jpg 640w, https:\/\/noticiaempauta.com\/portal\/wp-content\/uploads\/2024\/02\/FA-IMG-2453eb6ce8d79646b775-300x212.jpg 300w\" sizes=\"(max-width: 640px) 100vw, 640px\" \/><\/figure>\n\n\n\n<p>Depois de receber no \u00faltimo dia 13 de dezembro, o apoio dos vereadores Marilson e Nonato de Apol\u00f4nio, como tamb\u00e9m da professora Roseli e do l\u00edder pol\u00edtico Ataildo, agora vem somar ao grupo oposicionista o suplente de vereador Elder Morais, que declarou seu apoio oficialmente neste s\u00e1bado, 17 de fevereiro.<\/p>\n\n\n\n<figure class=\"wp-block-image size-large\"><img decoding=\"async\" width=\"753\" height=\"1024\" src=\"https:\/\/noticiaempauta.com\/portal\/wp-content\/uploads\/2024\/02\/WhatsApp-Image-2024-02-18-at-18.44.44-753x1024.jpeg\" alt=\"\" class=\"wp-image-254859\" srcset=\"https:\/\/noticiaempauta.com\/portal\/wp-content\/uploads\/2024\/02\/WhatsApp-Image-2024-02-18-at-18.44.44-753x1024.jpeg 753w, https:\/\/noticiaempauta.com\/portal\/wp-content\/uploads\/2024\/02\/WhatsApp-Image-2024-02-18-at-18.44.44-221x300.jpeg 221w, https:\/\/noticiaempauta.com\/portal\/wp-content\/uploads\/2024\/02\/WhatsApp-Image-2024-02-18-at-18.44.44-768x1044.jpeg 768w, https:\/\/noticiaempauta.com\/portal\/wp-content\/uploads\/2024\/02\/WhatsApp-Image-2024-02-18-at-18.44.44-1130x1536.jpeg 1130w, https:\/\/noticiaempauta.com\/portal\/wp-content\/uploads\/2024\/02\/WhatsApp-Image-2024-02-18-at-18.44.44.jpeg 1177w\" sizes=\"(max-width: 753px) 100vw, 753px\" \/><\/figure>\n\n\n\n<p>\u201cQuando decidimos apoiar a pr\u00e9-candidatura de Doutor Wilton, foi baseado na uni\u00e3o, respeito e considera\u00e7\u00e3o. J\u00e1 conhe\u00e7o sua vontade e seu trabalho, onde j\u00e1 tem colaborado muito, e ele sendo prefeito, ter\u00e1 oportunidade de contribuir ainda mais para Massap\u00ea do Piau\u00ed\u201d, disse Elder Morais.<\/p>\n\n\n\n<figure class=\"wp-block-image size-full\"><img decoding=\"async\" width=\"629\" height=\"480\" src=\"https:\/\/noticiaempauta.com\/portal\/wp-content\/uploads\/2024\/02\/x68.jpg\" alt=\"\" class=\"wp-image-254857\" srcset=\"https:\/\/noticiaempauta.com\/portal\/wp-content\/uploads\/2024\/02\/x68.jpg 629w, https:\/\/noticiaempauta.com\/portal\/wp-content\/uploads\/2024\/02\/x68-300x229.jpg 300w\" sizes=\"(max-width: 629px) 100vw, 629px\" \/><\/figure>\n\n\n\n<figure class=\"wp-block-image size-large\"><img loading=\"lazy\" decoding=\"async\" width=\"574\" height=\"1024\" src=\"https:\/\/noticiaempauta.com\/portal\/wp-content\/uploads\/2024\/02\/WhatsApp-Image-2024-02-18-at-18.40.27-574x1024.jpeg\" alt=\"\" class=\"wp-image-254858\" srcset=\"https:\/\/noticiaempauta.com\/portal\/wp-content\/uploads\/2024\/02\/WhatsApp-Image-2024-02-18-at-18.40.27-574x1024.jpeg 574w, https:\/\/noticiaempauta.com\/portal\/wp-content\/uploads\/2024\/02\/WhatsApp-Image-2024-02-18-at-18.40.27-168x300.jpeg 168w, https:\/\/noticiaempauta.com\/portal\/wp-content\/uploads\/2024\/02\/WhatsApp-Image-2024-02-18-at-18.40.27-768x1370.jpeg 768w, https:\/\/noticiaempauta.com\/portal\/wp-content\/uploads\/2024\/02\/WhatsApp-Image-2024-02-18-at-18.40.27-861x1536.jpeg 861w, https:\/\/noticiaempauta.com\/portal\/wp-content\/uploads\/2024\/02\/WhatsApp-Image-2024-02-18-at-18.40.27.jpeg 897w\" sizes=\"(max-width: 574px) 100vw, 574px\" \/><\/figure>\n\n\n\n<p>J\u00e1 Dr. Wilton manifestou sua alegria em receber mais este apoio. \u201cEstamos felizes, pois s\u00e3o pessoas que querem o bem de Massap\u00ea que est\u00e3o vindo se unir ao nosso grupo. Elder Morais \u00e9 um l\u00edder pol\u00edtico que sempre manifestou seu interesse de trabalhar em prol do povo de nossa cidade e com esta uni\u00e3o tenho certeza que iremos conseguir muitas melhorias para o nosso munic\u00edpio\u201d, destacou Dr. Wilton.<\/p>\n\n\n\n<p>Na \u00faltima elei\u00e7\u00e3o municipal, Elder Morais conquistou nas urnas 242 votos, ficando na segunda supl\u00eancia do Partido Progressista. Agora ele chega para somar com o Dr. Wilton Coutinho, que nesta mesma elei\u00e7\u00e3o perdeu apenas com uma diferen\u00e7a para o atual prefeito de 43 votos.<\/p>\n\n\n\n<figure class=\"wp-block-image size-full\"><img loading=\"lazy\" decoding=\"async\" width=\"640\" height=\"432\" src=\"https:\/\/noticiaempauta.com\/portal\/wp-content\/uploads\/2024\/02\/x335.jpg\" alt=\"\" class=\"wp-image-254856\" srcset=\"https:\/\/noticiaempauta.com\/portal\/wp-content\/uploads\/2024\/02\/x335.jpg 640w, https:\/\/noticiaempauta.com\/portal\/wp-content\/uploads\/2024\/02\/x335-300x203.jpg 300w\" sizes=\"(max-width: 640px) 100vw, 640px\" \/><\/figure>\n\n\n\n<p>Elder Morais \u00e9 casado com Paula Fernanda Morais Coutinho que exerceu o cargo de secret\u00e1ria municipal de Assist\u00eancia Social do atual governo at\u00e9 o \u00faltimo dia 15 de fevereiro.<\/p>\n\n\n\n<figure class=\"wp-block-image size-full\"><img loading=\"lazy\" decoding=\"async\" width=\"640\" height=\"360\" src=\"https:\/\/noticiaempauta.com\/portal\/wp-content\/uploads\/2024\/02\/x426.jpg\" alt=\"\" class=\"wp-image-254855\" srcset=\"https:\/\/noticiaempauta.com\/portal\/wp-content\/uploads\/2024\/02\/x426.jpg 640w, https:\/\/noticiaempauta.com\/portal\/wp-content\/uploads\/2024\/02\/x426-300x169.jpg 300w\" sizes=\"(max-width: 640px) 100vw, 640px\" \/><\/figure>\n\n\n\n<p><\/p>\n","protected":false},"excerpt":{"rendered":"<p>O suplente de vereador Elder Morais e esposa Paula Morais ex &#8211; secret\u00e1ria de Assist\u00eancia Social passam a compor o grupo oposicionista no munic\u00edpio.<\/p>\n","protected":false},"author":2,"featured_media":254854,"comment_status":"open","ping_status":"open","sticky":false,"template":"","format":"standard","meta":{"_mi_skip_tracking":false,"footnotes":""},"categories":[25,1,3,16],"tags":[192],"class_list":["post-254851","post","type-post","status-publish","format-standard","has-post-thumbnail","hentry","category-destaques-site","category-geral","category-politica","category-todas","tag-destaqueprincipal"],"acf":[],"yoast_head":"<!-- This site is optimized with the Yoast SEO Premium plugin v19.2 (Yoast SEO v26.9) - https:\/\/yoast.com\/product\/yoast-seo-premium-wordpress\/ -->\n<title>MASSAP\u00ca DO PIAU\u00cd | Dr. Wilton recebe ades\u00f5es e refor\u00e7a pr\u00e9-candidatura a prefeito no munic\u00edpio - Portal Not\u00edcia em Pauta<\/title>\n<meta name=\"robots\" content=\"index, follow, max-snippet:-1, max-image-preview:large, max-video-preview:-1\" \/>\n<link rel=\"canonical\" href=\"https:\/\/noticiaempauta.com\/portal\/massape-do-piaui-dr-wilton-recebe-adesoes-e-reforca-pre-candidatura-a-prefeito-no-municipio\/\" \/>\n<meta property=\"og:locale\" content=\"pt_BR\" \/>\n<meta property=\"og:type\" content=\"article\" \/>\n<meta property=\"og:title\" content=\"MASSAP\u00ca DO PIAU\u00cd | Dr. Wilton recebe ades\u00f5es e refor\u00e7a pr\u00e9-candidatura a prefeito no munic\u00edpio\" \/>\n<meta property=\"og:description\" content=\"O suplente de vereador Elder Morais e esposa Paula Morais ex - secret\u00e1ria de Assist\u00eancia Social passam a compor o grupo oposicionista no munic\u00edpio.\" \/>\n<meta property=\"og:url\" content=\"https:\/\/noticiaempauta.com\/portal\/massape-do-piaui-dr-wilton-recebe-adesoes-e-reforca-pre-candidatura-a-prefeito-no-municipio\/\" \/>\n<meta property=\"og:site_name\" content=\"Portal Not\u00edcia em Pauta\" \/>\n<meta property=\"article:publisher\" content=\"https:\/\/www.facebook.com\/Portal-Notcia-Em-Pauta-102292869264820\/\" \/>\n<meta property=\"article:published_time\" content=\"2024-02-18T21:46:29+00:00\" \/>\n<meta property=\"article:modified_time\" content=\"2024-02-18T21:49:13+00:00\" \/>\n<meta property=\"og:image\" content=\"https:\/\/noticiaempauta.com\/portal\/wp-content\/uploads\/2024\/02\/FA-IMG-2453eb6ce8d79646b775.jpg\" \/>\n\t<meta property=\"og:image:width\" content=\"640\" \/>\n\t<meta property=\"og:image:height\" content=\"452\" \/>\n\t<meta property=\"og:image:type\" content=\"image\/jpeg\" \/>\n<meta name=\"author\" content=\"Reda\u00e7\u00e3o\" \/>\n<meta name=\"twitter:card\" content=\"summary_large_image\" \/>\n<meta name=\"twitter:label1\" content=\"Escrito por\" \/>\n\t<meta name=\"twitter:data1\" content=\"Reda\u00e7\u00e3o\" \/>\n\t<meta name=\"twitter:label2\" content=\"Est. tempo de leitura\" \/>\n\t<meta name=\"twitter:data2\" content=\"4 minutos\" \/>\n<script type=\"application\/ld+json\" class=\"yoast-schema-graph\">{\"@context\":\"https:\/\/schema.org\",\"@graph\":[{\"@type\":\"Article\",\"@id\":\"https:\/\/noticiaempauta.com\/portal\/massape-do-piaui-dr-wilton-recebe-adesoes-e-reforca-pre-candidatura-a-prefeito-no-municipio\/#article\",\"isPartOf\":{\"@id\":\"https:\/\/noticiaempauta.com\/portal\/massape-do-piaui-dr-wilton-recebe-adesoes-e-reforca-pre-candidatura-a-prefeito-no-municipio\/\"},\"author\":{\"name\":\"Reda\u00e7\u00e3o\",\"@id\":\"https:\/\/noticiaempauta.com\/portal\/#\/schema\/person\/a74af43dd1ab3deca45f988c717d57ac\"},\"headline\":\"MASSAP\u00ca DO PIAU\u00cd | Dr. Wilton recebe ades\u00f5es e refor\u00e7a pr\u00e9-candidatura a prefeito no munic\u00edpio\",\"datePublished\":\"2024-02-18T21:46:29+00:00\",\"dateModified\":\"2024-02-18T21:49:13+00:00\",\"mainEntityOfPage\":{\"@id\":\"https:\/\/noticiaempauta.com\/portal\/massape-do-piaui-dr-wilton-recebe-adesoes-e-reforca-pre-candidatura-a-prefeito-no-municipio\/\"},\"wordCount\":332,\"commentCount\":0,\"publisher\":{\"@id\":\"https:\/\/noticiaempauta.com\/portal\/#organization\"},\"image\":{\"@id\":\"https:\/\/noticiaempauta.com\/portal\/massape-do-piaui-dr-wilton-recebe-adesoes-e-reforca-pre-candidatura-a-prefeito-no-municipio\/#primaryimage\"},\"thumbnailUrl\":\"https:\/\/noticiaempauta.com\/portal\/wp-content\/uploads\/2024\/02\/FA-IMG-2453eb6ce8d79646b775.jpg\",\"keywords\":[\"destaqueprincipal\"],\"articleSection\":[\"Destaques\",\"Geral\",\"Pol\u00edtica\",\"Todas as Not\u00edcias\"],\"inLanguage\":\"pt-BR\",\"potentialAction\":[{\"@type\":\"CommentAction\",\"name\":\"Comment\",\"target\":[\"https:\/\/noticiaempauta.com\/portal\/massape-do-piaui-dr-wilton-recebe-adesoes-e-reforca-pre-candidatura-a-prefeito-no-municipio\/#respond\"]}]},{\"@type\":\"WebPage\",\"@id\":\"https:\/\/noticiaempauta.com\/portal\/massape-do-piaui-dr-wilton-recebe-adesoes-e-reforca-pre-candidatura-a-prefeito-no-municipio\/\",\"url\":\"https:\/\/noticiaempauta.com\/portal\/massape-do-piaui-dr-wilton-recebe-adesoes-e-reforca-pre-candidatura-a-prefeito-no-municipio\/\",\"name\":\"MASSAP\u00ca DO PIAU\u00cd | Dr. Wilton recebe ades\u00f5es e refor\u00e7a pr\u00e9-candidatura a prefeito no munic\u00edpio - Portal Not\u00edcia em Pauta\",\"isPartOf\":{\"@id\":\"https:\/\/noticiaempauta.com\/portal\/#website\"},\"primaryImageOfPage\":{\"@id\":\"https:\/\/noticiaempauta.com\/portal\/massape-do-piaui-dr-wilton-recebe-adesoes-e-reforca-pre-candidatura-a-prefeito-no-municipio\/#primaryimage\"},\"image\":{\"@id\":\"https:\/\/noticiaempauta.com\/portal\/massape-do-piaui-dr-wilton-recebe-adesoes-e-reforca-pre-candidatura-a-prefeito-no-municipio\/#primaryimage\"},\"thumbnailUrl\":\"https:\/\/noticiaempauta.com\/portal\/wp-content\/uploads\/2024\/02\/FA-IMG-2453eb6ce8d79646b775.jpg\",\"datePublished\":\"2024-02-18T21:46:29+00:00\",\"dateModified\":\"2024-02-18T21:49:13+00:00\",\"breadcrumb\":{\"@id\":\"https:\/\/noticiaempauta.com\/portal\/massape-do-piaui-dr-wilton-recebe-adesoes-e-reforca-pre-candidatura-a-prefeito-no-municipio\/#breadcrumb\"},\"inLanguage\":\"pt-BR\",\"potentialAction\":[{\"@type\":\"ReadAction\",\"target\":[\"https:\/\/noticiaempauta.com\/portal\/massape-do-piaui-dr-wilton-recebe-adesoes-e-reforca-pre-candidatura-a-prefeito-no-municipio\/\"]}]},{\"@type\":\"ImageObject\",\"inLanguage\":\"pt-BR\",\"@id\":\"https:\/\/noticiaempauta.com\/portal\/massape-do-piaui-dr-wilton-recebe-adesoes-e-reforca-pre-candidatura-a-prefeito-no-municipio\/#primaryimage\",\"url\":\"https:\/\/noticiaempauta.com\/portal\/wp-content\/uploads\/2024\/02\/FA-IMG-2453eb6ce8d79646b775.jpg\",\"contentUrl\":\"https:\/\/noticiaempauta.com\/portal\/wp-content\/uploads\/2024\/02\/FA-IMG-2453eb6ce8d79646b775.jpg\",\"width\":640,\"height\":452},{\"@type\":\"BreadcrumbList\",\"@id\":\"https:\/\/noticiaempauta.com\/portal\/massape-do-piaui-dr-wilton-recebe-adesoes-e-reforca-pre-candidatura-a-prefeito-no-municipio\/#breadcrumb\",\"itemListElement\":[{\"@type\":\"ListItem\",\"position\":1,\"name\":\"P\u00e1gina Inicial\",\"item\":\"https:\/\/noticiaempauta.com\/portal\/\"},{\"@type\":\"ListItem\",\"position\":2,\"name\":\"Destaques\",\"item\":\"https:\/\/noticiaempauta.com\/portal\/destaques-site\/\"},{\"@type\":\"ListItem\",\"position\":3,\"name\":\"MASSAP\u00ca DO PIAU\u00cd | Dr. Wilton recebe ades\u00f5es e refor\u00e7a pr\u00e9-candidatura a prefeito no munic\u00edpio\"}]},{\"@type\":\"WebSite\",\"@id\":\"https:\/\/noticiaempauta.com\/portal\/#website\",\"url\":\"https:\/\/noticiaempauta.com\/portal\/\",\"name\":\"Portal Not\u00edcia em Pauta\",\"description\":\"Voc\u00ea bem informado\",\"publisher\":{\"@id\":\"https:\/\/noticiaempauta.com\/portal\/#organization\"},\"potentialAction\":[{\"@type\":\"SearchAction\",\"target\":{\"@type\":\"EntryPoint\",\"urlTemplate\":\"https:\/\/noticiaempauta.com\/portal\/?s={search_term_string}\"},\"query-input\":{\"@type\":\"PropertyValueSpecification\",\"valueRequired\":true,\"valueName\":\"search_term_string\"}}],\"inLanguage\":\"pt-BR\"},{\"@type\":\"Organization\",\"@id\":\"https:\/\/noticiaempauta.com\/portal\/#organization\",\"name\":\"Portal Not\u00edcia em Pauta\",\"url\":\"https:\/\/noticiaempauta.com\/portal\/\",\"logo\":{\"@type\":\"ImageObject\",\"inLanguage\":\"pt-BR\",\"@id\":\"https:\/\/noticiaempauta.com\/portal\/#\/schema\/logo\/image\/\",\"url\":\"https:\/\/noticiaempauta.com\/portal\/wp-content\/uploads\/2022\/08\/logomarca_tema.fw_.png\",\"contentUrl\":\"https:\/\/noticiaempauta.com\/portal\/wp-content\/uploads\/2022\/08\/logomarca_tema.fw_.png\",\"width\":400,\"height\":232,\"caption\":\"Portal Not\u00edcia em Pauta\"},\"image\":{\"@id\":\"https:\/\/noticiaempauta.com\/portal\/#\/schema\/logo\/image\/\"},\"sameAs\":[\"https:\/\/www.facebook.com\/Portal-Notcia-Em-Pauta-102292869264820\/\",\"https:\/\/www.instagram.com\/portalnoticiaempauta\/\"]},{\"@type\":\"Person\",\"@id\":\"https:\/\/noticiaempauta.com\/portal\/#\/schema\/person\/a74af43dd1ab3deca45f988c717d57ac\",\"name\":\"Reda\u00e7\u00e3o\",\"image\":{\"@type\":\"ImageObject\",\"inLanguage\":\"pt-BR\",\"@id\":\"https:\/\/noticiaempauta.com\/portal\/#\/schema\/person\/image\/\",\"url\":\"https:\/\/secure.gravatar.com\/avatar\/03179346ecce6cdfc13361603e8f54242a90e5cde8618fa23c5c00aa2b0aadf3?s=96&d=mm&r=g\",\"contentUrl\":\"https:\/\/secure.gravatar.com\/avatar\/03179346ecce6cdfc13361603e8f54242a90e5cde8618fa23c5c00aa2b0aadf3?s=96&d=mm&r=g\",\"caption\":\"Reda\u00e7\u00e3o\"},\"sameAs\":[\"https:\/\/noticiaempauta.com\/portal\/\"],\"url\":\"https:\/\/noticiaempauta.com\/portal\/author\/fernando\/\"}]}<\/script>\n<!-- \/ Yoast SEO Premium plugin. -->","yoast_head_json":{"title":"MASSAP\u00ca DO PIAU\u00cd | Dr. Wilton recebe ades\u00f5es e refor\u00e7a pr\u00e9-candidatura a prefeito no munic\u00edpio - Portal Not\u00edcia em Pauta","robots":{"index":"index","follow":"follow","max-snippet":"max-snippet:-1","max-image-preview":"max-image-preview:large","max-video-preview":"max-video-preview:-1"},"canonical":"https:\/\/noticiaempauta.com\/portal\/massape-do-piaui-dr-wilton-recebe-adesoes-e-reforca-pre-candidatura-a-prefeito-no-municipio\/","og_locale":"pt_BR","og_type":"article","og_title":"MASSAP\u00ca DO PIAU\u00cd | Dr. Wilton recebe ades\u00f5es e refor\u00e7a pr\u00e9-candidatura a prefeito no munic\u00edpio","og_description":"O suplente de vereador Elder Morais e esposa Paula Morais ex - secret\u00e1ria de Assist\u00eancia Social passam a compor o grupo oposicionista no munic\u00edpio.","og_url":"https:\/\/noticiaempauta.com\/portal\/massape-do-piaui-dr-wilton-recebe-adesoes-e-reforca-pre-candidatura-a-prefeito-no-municipio\/","og_site_name":"Portal Not\u00edcia em Pauta","article_publisher":"https:\/\/www.facebook.com\/Portal-Notcia-Em-Pauta-102292869264820\/","article_published_time":"2024-02-18T21:46:29+00:00","article_modified_time":"2024-02-18T21:49:13+00:00","og_image":[{"width":640,"height":452,"url":"https:\/\/noticiaempauta.com\/portal\/wp-content\/uploads\/2024\/02\/FA-IMG-2453eb6ce8d79646b775.jpg","type":"image\/jpeg"}],"author":"Reda\u00e7\u00e3o","twitter_card":"summary_large_image","twitter_misc":{"Escrito por":"Reda\u00e7\u00e3o","Est. tempo de leitura":"4 minutos"},"schema":{"@context":"https:\/\/schema.org","@graph":[{"@type":"Article","@id":"https:\/\/noticiaempauta.com\/portal\/massape-do-piaui-dr-wilton-recebe-adesoes-e-reforca-pre-candidatura-a-prefeito-no-municipio\/#article","isPartOf":{"@id":"https:\/\/noticiaempauta.com\/portal\/massape-do-piaui-dr-wilton-recebe-adesoes-e-reforca-pre-candidatura-a-prefeito-no-municipio\/"},"author":{"name":"Reda\u00e7\u00e3o","@id":"https:\/\/noticiaempauta.com\/portal\/#\/schema\/person\/a74af43dd1ab3deca45f988c717d57ac"},"headline":"MASSAP\u00ca DO PIAU\u00cd | Dr. Wilton recebe ades\u00f5es e refor\u00e7a pr\u00e9-candidatura a prefeito no munic\u00edpio","datePublished":"2024-02-18T21:46:29+00:00","dateModified":"2024-02-18T21:49:13+00:00","mainEntityOfPage":{"@id":"https:\/\/noticiaempauta.com\/portal\/massape-do-piaui-dr-wilton-recebe-adesoes-e-reforca-pre-candidatura-a-prefeito-no-municipio\/"},"wordCount":332,"commentCount":0,"publisher":{"@id":"https:\/\/noticiaempauta.com\/portal\/#organization"},"image":{"@id":"https:\/\/noticiaempauta.com\/portal\/massape-do-piaui-dr-wilton-recebe-adesoes-e-reforca-pre-candidatura-a-prefeito-no-municipio\/#primaryimage"},"thumbnailUrl":"https:\/\/noticiaempauta.com\/portal\/wp-content\/uploads\/2024\/02\/FA-IMG-2453eb6ce8d79646b775.jpg","keywords":["destaqueprincipal"],"articleSection":["Destaques","Geral","Pol\u00edtica","Todas as Not\u00edcias"],"inLanguage":"pt-BR","potentialAction":[{"@type":"CommentAction","name":"Comment","target":["https:\/\/noticiaempauta.com\/portal\/massape-do-piaui-dr-wilton-recebe-adesoes-e-reforca-pre-candidatura-a-prefeito-no-municipio\/#respond"]}]},{"@type":"WebPage","@id":"https:\/\/noticiaempauta.com\/portal\/massape-do-piaui-dr-wilton-recebe-adesoes-e-reforca-pre-candidatura-a-prefeito-no-municipio\/","url":"https:\/\/noticiaempauta.com\/portal\/massape-do-piaui-dr-wilton-recebe-adesoes-e-reforca-pre-candidatura-a-prefeito-no-municipio\/","name":"MASSAP\u00ca DO PIAU\u00cd | Dr. Wilton recebe ades\u00f5es e refor\u00e7a pr\u00e9-candidatura a prefeito no munic\u00edpio - Portal Not\u00edcia em Pauta","isPartOf":{"@id":"https:\/\/noticiaempauta.com\/portal\/#website"},"primaryImageOfPage":{"@id":"https:\/\/noticiaempauta.com\/portal\/massape-do-piaui-dr-wilton-recebe-adesoes-e-reforca-pre-candidatura-a-prefeito-no-municipio\/#primaryimage"},"image":{"@id":"https:\/\/noticiaempauta.com\/portal\/massape-do-piaui-dr-wilton-recebe-adesoes-e-reforca-pre-candidatura-a-prefeito-no-municipio\/#primaryimage"},"thumbnailUrl":"https:\/\/noticiaempauta.com\/portal\/wp-content\/uploads\/2024\/02\/FA-IMG-2453eb6ce8d79646b775.jpg","datePublished":"2024-02-18T21:46:29+00:00","dateModified":"2024-02-18T21:49:13+00:00","breadcrumb":{"@id":"https:\/\/noticiaempauta.com\/portal\/massape-do-piaui-dr-wilton-recebe-adesoes-e-reforca-pre-candidatura-a-prefeito-no-municipio\/#breadcrumb"},"inLanguage":"pt-BR","potentialAction":[{"@type":"ReadAction","target":["https:\/\/noticiaempauta.com\/portal\/massape-do-piaui-dr-wilton-recebe-adesoes-e-reforca-pre-candidatura-a-prefeito-no-municipio\/"]}]},{"@type":"ImageObject","inLanguage":"pt-BR","@id":"https:\/\/noticiaempauta.com\/portal\/massape-do-piaui-dr-wilton-recebe-adesoes-e-reforca-pre-candidatura-a-prefeito-no-municipio\/#primaryimage","url":"https:\/\/noticiaempauta.com\/portal\/wp-content\/uploads\/2024\/02\/FA-IMG-2453eb6ce8d79646b775.jpg","contentUrl":"https:\/\/noticiaempauta.com\/portal\/wp-content\/uploads\/2024\/02\/FA-IMG-2453eb6ce8d79646b775.jpg","width":640,"height":452},{"@type":"BreadcrumbList","@id":"https:\/\/noticiaempauta.com\/portal\/massape-do-piaui-dr-wilton-recebe-adesoes-e-reforca-pre-candidatura-a-prefeito-no-municipio\/#breadcrumb","itemListElement":[{"@type":"ListItem","position":1,"name":"P\u00e1gina Inicial","item":"https:\/\/noticiaempauta.com\/portal\/"},{"@type":"ListItem","position":2,"name":"Destaques","item":"https:\/\/noticiaempauta.com\/portal\/destaques-site\/"},{"@type":"ListItem","position":3,"name":"MASSAP\u00ca DO PIAU\u00cd | Dr. Wilton recebe ades\u00f5es e refor\u00e7a pr\u00e9-candidatura a prefeito no munic\u00edpio"}]},{"@type":"WebSite","@id":"https:\/\/noticiaempauta.com\/portal\/#website","url":"https:\/\/noticiaempauta.com\/portal\/","name":"Portal Not\u00edcia em Pauta","description":"Voc\u00ea bem informado","publisher":{"@id":"https:\/\/noticiaempauta.com\/portal\/#organization"},"potentialAction":[{"@type":"SearchAction","target":{"@type":"EntryPoint","urlTemplate":"https:\/\/noticiaempauta.com\/portal\/?s={search_term_string}"},"query-input":{"@type":"PropertyValueSpecification","valueRequired":true,"valueName":"search_term_string"}}],"inLanguage":"pt-BR"},{"@type":"Organization","@id":"https:\/\/noticiaempauta.com\/portal\/#organization","name":"Portal Not\u00edcia em Pauta","url":"https:\/\/noticiaempauta.com\/portal\/","logo":{"@type":"ImageObject","inLanguage":"pt-BR","@id":"https:\/\/noticiaempauta.com\/portal\/#\/schema\/logo\/image\/","url":"https:\/\/noticiaempauta.com\/portal\/wp-content\/uploads\/2022\/08\/logomarca_tema.fw_.png","contentUrl":"https:\/\/noticiaempauta.com\/portal\/wp-content\/uploads\/2022\/08\/logomarca_tema.fw_.png","width":400,"height":232,"caption":"Portal Not\u00edcia em Pauta"},"image":{"@id":"https:\/\/noticiaempauta.com\/portal\/#\/schema\/logo\/image\/"},"sameAs":["https:\/\/www.facebook.com\/Portal-Notcia-Em-Pauta-102292869264820\/","https:\/\/www.instagram.com\/portalnoticiaempauta\/"]},{"@type":"Person","@id":"https:\/\/noticiaempauta.com\/portal\/#\/schema\/person\/a74af43dd1ab3deca45f988c717d57ac","name":"Reda\u00e7\u00e3o","image":{"@type":"ImageObject","inLanguage":"pt-BR","@id":"https:\/\/noticiaempauta.com\/portal\/#\/schema\/person\/image\/","url":"https:\/\/secure.gravatar.com\/avatar\/03179346ecce6cdfc13361603e8f54242a90e5cde8618fa23c5c00aa2b0aadf3?s=96&d=mm&r=g","contentUrl":"https:\/\/secure.gravatar.com\/avatar\/03179346ecce6cdfc13361603e8f54242a90e5cde8618fa23c5c00aa2b0aadf3?s=96&d=mm&r=g","caption":"Reda\u00e7\u00e3o"},"sameAs":["https:\/\/noticiaempauta.com\/portal\/"],"url":"https:\/\/noticiaempauta.com\/portal\/author\/fernando\/"}]}},"_links":{"self":[{"href":"https:\/\/noticiaempauta.com\/portal\/wp-json\/wp\/v2\/posts\/254851","targetHints":{"allow":["GET"]}}],"collection":[{"href":"https:\/\/noticiaempauta.com\/portal\/wp-json\/wp\/v2\/posts"}],"about":[{"href":"https:\/\/noticiaempauta.com\/portal\/wp-json\/wp\/v2\/types\/post"}],"author":[{"embeddable":true,"href":"https:\/\/noticiaempauta.com\/portal\/wp-json\/wp\/v2\/users\/2"}],"replies":[{"embeddable":true,"href":"https:\/\/noticiaempauta.com\/portal\/wp-json\/wp\/v2\/comments?post=254851"}],"version-history":[{"count":3,"href":"https:\/\/noticiaempauta.com\/portal\/wp-json\/wp\/v2\/posts\/254851\/revisions"}],"predecessor-version":[{"id":254862,"href":"https:\/\/noticiaempauta.com\/portal\/wp-json\/wp\/v2\/posts\/254851\/revisions\/254862"}],"wp:featuredmedia":[{"embeddable":true,"href":"https:\/\/noticiaempauta.com\/portal\/wp-json\/wp\/v2\/media\/254854"}],"wp:attachment":[{"href":"https:\/\/noticiaempauta.com\/portal\/wp-json\/wp\/v2\/media?parent=254851"}],"wp:term":[{"taxonomy":"category","embeddable":true,"href":"https:\/\/noticiaempauta.com\/portal\/wp-json\/wp\/v2\/categories?post=254851"},{"taxonomy":"post_tag","embeddable":true,"href":"https:\/\/noticiaempauta.com\/portal\/wp-json\/wp\/v2\/tags?post=254851"}],"curies":[{"name":"wp","href":"https:\/\/api.w.org\/{rel}","templated":true}]}}