{"id":254863,"date":"2024-02-18T18:55:44","date_gmt":"2024-02-18T21:55:44","guid":{"rendered":"https:\/\/noticiaempauta.com\/portal\/?p=254863"},"modified":"2024-02-18T18:55:46","modified_gmt":"2024-02-18T21:55:46","slug":"piaui-tem-previsao-de-temporais-podendo-chegar-aos-250-milimetros","status":"publish","type":"post","link":"https:\/\/noticiaempauta.com\/portal\/piaui-tem-previsao-de-temporais-podendo-chegar-aos-250-milimetros\/","title":{"rendered":"Piau\u00ed tem previs\u00e3o de temporais podendo chegar aos 250 mil\u00edmetros"},"content":{"rendered":"\n<p>O Piau\u00ed voltou a ficar sob alerta para temporais neste s\u00e1bado (17), com previs\u00e3o para acumulados de chuva podendo chegar aos 250 mil\u00edmetros (mm) at\u00e9 a pr\u00f3xima sexta-feira (23). Segundo o Climatempo, h\u00e1 possibilidade de fortes precipita\u00e7\u00f5es acompanhadas de rajadas de vento de mais de 80km\/h e descargas el\u00e9tricas no Sul do estado e chuvas mais isoladas e de grande volume em Teresina.<\/p>\n\n\n\n<figure class=\"wp-block-image size-large\"><img fetchpriority=\"high\" decoding=\"async\" width=\"1024\" height=\"1024\" src=\"https:\/\/noticiaempauta.com\/portal\/wp-content\/uploads\/2024\/02\/c9b00ab9d54fee858aa49babf57d9df2-1024x1024.jpg\" alt=\"\" class=\"wp-image-254865\" srcset=\"https:\/\/noticiaempauta.com\/portal\/wp-content\/uploads\/2024\/02\/c9b00ab9d54fee858aa49babf57d9df2-1024x1024.jpg 1024w, https:\/\/noticiaempauta.com\/portal\/wp-content\/uploads\/2024\/02\/c9b00ab9d54fee858aa49babf57d9df2-300x300.jpg 300w, https:\/\/noticiaempauta.com\/portal\/wp-content\/uploads\/2024\/02\/c9b00ab9d54fee858aa49babf57d9df2-150x150.jpg 150w, https:\/\/noticiaempauta.com\/portal\/wp-content\/uploads\/2024\/02\/c9b00ab9d54fee858aa49babf57d9df2-768x768.jpg 768w, https:\/\/noticiaempauta.com\/portal\/wp-content\/uploads\/2024\/02\/c9b00ab9d54fee858aa49babf57d9df2.jpg 1080w\" sizes=\"(max-width: 1024px) 100vw, 1024px\" \/><\/figure>\n\n\n\n<p>De acordo com a empresa de monitoramento meteorol\u00f3gico, esse cen\u00e1rio \u00e9 decorrente da circula\u00e7\u00e3o de ventos nos diferentes n\u00edveis da atmosfera e a entrada constante de umidade do mar para o continente, proporcionando assim a forma\u00e7\u00e3o de nuvens carregadas. Outro fator \u00e9 a atua\u00e7\u00e3o da Zona de Converg\u00eancia Intertropical (ZCIT), mais posicionada pr\u00f3ximo \u00e0 costa Norte nordestina.\u00a0<\/p>\n\n\n\n<p>Neste domingo (18), o&nbsp;<a href=\"https:\/\/alertas2.inmet.gov.br\/\">Instituto Nacional de Meteorologia (Inmet) emitiu alerta de chuvas intensas em todo o estado<\/a>. Para munic\u00edpios da regi\u00e3o Centro-Norte, a previs\u00e3o \u00e9 perigo potencial com acumulados de at\u00e9 50 mm ao dia e ventos variando entre 40km\/h e 60km\/h. J\u00e1 no Sul do estado, o alerta laranja \u00e9 de perigo para chuvas de at\u00e9 100 mm e ventos intensos, podendo chegar aos 100 km\/h.<\/p>\n\n\n\n<p><strong>Orienta\u00e7\u00f5es para essas situa\u00e7\u00f5es:<\/strong><\/p>\n\n\n\n<ul class=\"wp-block-list\">\n<li>Em caso de rajadas de vento: (n\u00e3o se abrigue debaixo de \u00e1rvores, pois h\u00e1 risco de queda e descargas el\u00e9tricas e n\u00e3o estacione ve\u00edculos pr\u00f3ximos a torres de transmiss\u00e3o e placas de propaganda)<\/li>\n\n\n\n<li>Se poss\u00edvel, desligue aparelhos el\u00e9tricos e quadro geral de energia.<\/li>\n\n\n\n<li>Obtenha mais informa\u00e7\u00f5es junto \u00e0 Defesa Civil (telefone 199) e ao Corpo de Bombeiros (telefone 193).<\/li>\n<\/ul>\n\n\n\n<p><\/p>\n","protected":false},"excerpt":{"rendered":"<p>O Piau\u00ed voltou a ficar sob alerta para temporais neste s\u00e1bado (17), com previs\u00e3o para acumulados de chuva podendo chegar aos 250 mil\u00edmetros (mm) at\u00e9 a pr\u00f3xima sexta-feira (23). Segundo o Climatempo, h\u00e1 possibilidade de fortes precipita\u00e7\u00f5es acompanhadas de rajadas de vento de mais de 80km\/h e descargas el\u00e9tricas no Sul do estado e chuvas [&hellip;]<\/p>\n","protected":false},"author":2,"featured_media":245062,"comment_status":"open","ping_status":"open","sticky":false,"template":"","format":"standard","meta":{"_mi_skip_tracking":false,"footnotes":""},"categories":[25,1,16],"tags":[192],"class_list":["post-254863","post","type-post","status-publish","format-standard","has-post-thumbnail","hentry","category-destaques-site","category-geral","category-todas","tag-destaqueprincipal"],"acf":[],"yoast_head":"<!-- This site is optimized with the Yoast SEO Premium plugin v19.2 (Yoast SEO v26.9) - https:\/\/yoast.com\/product\/yoast-seo-premium-wordpress\/ -->\n<title>Piau\u00ed tem previs\u00e3o de temporais podendo chegar aos 250 mil\u00edmetros - Portal Not\u00edcia em Pauta<\/title>\n<meta name=\"robots\" content=\"index, follow, max-snippet:-1, max-image-preview:large, max-video-preview:-1\" \/>\n<link rel=\"canonical\" href=\"https:\/\/noticiaempauta.com\/portal\/piaui-tem-previsao-de-temporais-podendo-chegar-aos-250-milimetros\/\" \/>\n<meta property=\"og:locale\" content=\"pt_BR\" \/>\n<meta property=\"og:type\" content=\"article\" \/>\n<meta property=\"og:title\" content=\"Piau\u00ed tem previs\u00e3o de temporais podendo chegar aos 250 mil\u00edmetros\" \/>\n<meta property=\"og:description\" content=\"O Piau\u00ed voltou a ficar sob alerta para temporais neste s\u00e1bado (17), com previs\u00e3o para acumulados de chuva podendo chegar aos 250 mil\u00edmetros (mm) at\u00e9 a pr\u00f3xima sexta-feira (23). Segundo o Climatempo, h\u00e1 possibilidade de fortes precipita\u00e7\u00f5es acompanhadas de rajadas de vento de mais de 80km\/h e descargas el\u00e9tricas no Sul do estado e chuvas [&hellip;]\" \/>\n<meta property=\"og:url\" content=\"https:\/\/noticiaempauta.com\/portal\/piaui-tem-previsao-de-temporais-podendo-chegar-aos-250-milimetros\/\" \/>\n<meta property=\"og:site_name\" content=\"Portal Not\u00edcia em Pauta\" \/>\n<meta property=\"article:publisher\" content=\"https:\/\/www.facebook.com\/Portal-Notcia-Em-Pauta-102292869264820\/\" \/>\n<meta property=\"article:published_time\" content=\"2024-02-18T21:55:44+00:00\" \/>\n<meta property=\"article:modified_time\" content=\"2024-02-18T21:55:46+00:00\" \/>\n<meta property=\"og:image\" content=\"https:\/\/noticiaempauta.com\/portal\/wp-content\/uploads\/2023\/03\/chuva-teresina.jpg\" \/>\n\t<meta property=\"og:image:width\" content=\"600\" \/>\n\t<meta property=\"og:image:height\" content=\"400\" \/>\n\t<meta property=\"og:image:type\" content=\"image\/jpeg\" \/>\n<meta name=\"author\" content=\"Reda\u00e7\u00e3o\" \/>\n<meta name=\"twitter:card\" content=\"summary_large_image\" \/>\n<meta name=\"twitter:label1\" content=\"Escrito por\" \/>\n\t<meta name=\"twitter:data1\" content=\"Reda\u00e7\u00e3o\" \/>\n\t<meta name=\"twitter:label2\" content=\"Est. tempo de leitura\" \/>\n\t<meta name=\"twitter:data2\" content=\"2 minutos\" \/>\n<script type=\"application\/ld+json\" class=\"yoast-schema-graph\">{\"@context\":\"https:\/\/schema.org\",\"@graph\":[{\"@type\":\"Article\",\"@id\":\"https:\/\/noticiaempauta.com\/portal\/piaui-tem-previsao-de-temporais-podendo-chegar-aos-250-milimetros\/#article\",\"isPartOf\":{\"@id\":\"https:\/\/noticiaempauta.com\/portal\/piaui-tem-previsao-de-temporais-podendo-chegar-aos-250-milimetros\/\"},\"author\":{\"name\":\"Reda\u00e7\u00e3o\",\"@id\":\"https:\/\/noticiaempauta.com\/portal\/#\/schema\/person\/a74af43dd1ab3deca45f988c717d57ac\"},\"headline\":\"Piau\u00ed tem previs\u00e3o de temporais podendo chegar aos 250 mil\u00edmetros\",\"datePublished\":\"2024-02-18T21:55:44+00:00\",\"dateModified\":\"2024-02-18T21:55:46+00:00\",\"mainEntityOfPage\":{\"@id\":\"https:\/\/noticiaempauta.com\/portal\/piaui-tem-previsao-de-temporais-podendo-chegar-aos-250-milimetros\/\"},\"wordCount\":280,\"commentCount\":0,\"publisher\":{\"@id\":\"https:\/\/noticiaempauta.com\/portal\/#organization\"},\"image\":{\"@id\":\"https:\/\/noticiaempauta.com\/portal\/piaui-tem-previsao-de-temporais-podendo-chegar-aos-250-milimetros\/#primaryimage\"},\"thumbnailUrl\":\"https:\/\/noticiaempauta.com\/portal\/wp-content\/uploads\/2023\/03\/chuva-teresina.jpg\",\"keywords\":[\"destaqueprincipal\"],\"articleSection\":[\"Destaques\",\"Geral\",\"Todas as Not\u00edcias\"],\"inLanguage\":\"pt-BR\",\"potentialAction\":[{\"@type\":\"CommentAction\",\"name\":\"Comment\",\"target\":[\"https:\/\/noticiaempauta.com\/portal\/piaui-tem-previsao-de-temporais-podendo-chegar-aos-250-milimetros\/#respond\"]}]},{\"@type\":\"WebPage\",\"@id\":\"https:\/\/noticiaempauta.com\/portal\/piaui-tem-previsao-de-temporais-podendo-chegar-aos-250-milimetros\/\",\"url\":\"https:\/\/noticiaempauta.com\/portal\/piaui-tem-previsao-de-temporais-podendo-chegar-aos-250-milimetros\/\",\"name\":\"Piau\u00ed tem previs\u00e3o de temporais podendo chegar aos 250 mil\u00edmetros - Portal Not\u00edcia em Pauta\",\"isPartOf\":{\"@id\":\"https:\/\/noticiaempauta.com\/portal\/#website\"},\"primaryImageOfPage\":{\"@id\":\"https:\/\/noticiaempauta.com\/portal\/piaui-tem-previsao-de-temporais-podendo-chegar-aos-250-milimetros\/#primaryimage\"},\"image\":{\"@id\":\"https:\/\/noticiaempauta.com\/portal\/piaui-tem-previsao-de-temporais-podendo-chegar-aos-250-milimetros\/#primaryimage\"},\"thumbnailUrl\":\"https:\/\/noticiaempauta.com\/portal\/wp-content\/uploads\/2023\/03\/chuva-teresina.jpg\",\"datePublished\":\"2024-02-18T21:55:44+00:00\",\"dateModified\":\"2024-02-18T21:55:46+00:00\",\"breadcrumb\":{\"@id\":\"https:\/\/noticiaempauta.com\/portal\/piaui-tem-previsao-de-temporais-podendo-chegar-aos-250-milimetros\/#breadcrumb\"},\"inLanguage\":\"pt-BR\",\"potentialAction\":[{\"@type\":\"ReadAction\",\"target\":[\"https:\/\/noticiaempauta.com\/portal\/piaui-tem-previsao-de-temporais-podendo-chegar-aos-250-milimetros\/\"]}]},{\"@type\":\"ImageObject\",\"inLanguage\":\"pt-BR\",\"@id\":\"https:\/\/noticiaempauta.com\/portal\/piaui-tem-previsao-de-temporais-podendo-chegar-aos-250-milimetros\/#primaryimage\",\"url\":\"https:\/\/noticiaempauta.com\/portal\/wp-content\/uploads\/2023\/03\/chuva-teresina.jpg\",\"contentUrl\":\"https:\/\/noticiaempauta.com\/portal\/wp-content\/uploads\/2023\/03\/chuva-teresina.jpg\",\"width\":600,\"height\":400,\"caption\":\"Foto: Reprodu\u00e7\u00e3o\"},{\"@type\":\"BreadcrumbList\",\"@id\":\"https:\/\/noticiaempauta.com\/portal\/piaui-tem-previsao-de-temporais-podendo-chegar-aos-250-milimetros\/#breadcrumb\",\"itemListElement\":[{\"@type\":\"ListItem\",\"position\":1,\"name\":\"P\u00e1gina Inicial\",\"item\":\"https:\/\/noticiaempauta.com\/portal\/\"},{\"@type\":\"ListItem\",\"position\":2,\"name\":\"Destaques\",\"item\":\"https:\/\/noticiaempauta.com\/portal\/destaques-site\/\"},{\"@type\":\"ListItem\",\"position\":3,\"name\":\"Piau\u00ed tem previs\u00e3o de temporais podendo chegar aos 250 mil\u00edmetros\"}]},{\"@type\":\"WebSite\",\"@id\":\"https:\/\/noticiaempauta.com\/portal\/#website\",\"url\":\"https:\/\/noticiaempauta.com\/portal\/\",\"name\":\"Portal Not\u00edcia em Pauta\",\"description\":\"Voc\u00ea bem informado\",\"publisher\":{\"@id\":\"https:\/\/noticiaempauta.com\/portal\/#organization\"},\"potentialAction\":[{\"@type\":\"SearchAction\",\"target\":{\"@type\":\"EntryPoint\",\"urlTemplate\":\"https:\/\/noticiaempauta.com\/portal\/?s={search_term_string}\"},\"query-input\":{\"@type\":\"PropertyValueSpecification\",\"valueRequired\":true,\"valueName\":\"search_term_string\"}}],\"inLanguage\":\"pt-BR\"},{\"@type\":\"Organization\",\"@id\":\"https:\/\/noticiaempauta.com\/portal\/#organization\",\"name\":\"Portal Not\u00edcia em Pauta\",\"url\":\"https:\/\/noticiaempauta.com\/portal\/\",\"logo\":{\"@type\":\"ImageObject\",\"inLanguage\":\"pt-BR\",\"@id\":\"https:\/\/noticiaempauta.com\/portal\/#\/schema\/logo\/image\/\",\"url\":\"https:\/\/noticiaempauta.com\/portal\/wp-content\/uploads\/2022\/08\/logomarca_tema.fw_.png\",\"contentUrl\":\"https:\/\/noticiaempauta.com\/portal\/wp-content\/uploads\/2022\/08\/logomarca_tema.fw_.png\",\"width\":400,\"height\":232,\"caption\":\"Portal Not\u00edcia em Pauta\"},\"image\":{\"@id\":\"https:\/\/noticiaempauta.com\/portal\/#\/schema\/logo\/image\/\"},\"sameAs\":[\"https:\/\/www.facebook.com\/Portal-Notcia-Em-Pauta-102292869264820\/\",\"https:\/\/www.instagram.com\/portalnoticiaempauta\/\"]},{\"@type\":\"Person\",\"@id\":\"https:\/\/noticiaempauta.com\/portal\/#\/schema\/person\/a74af43dd1ab3deca45f988c717d57ac\",\"name\":\"Reda\u00e7\u00e3o\",\"image\":{\"@type\":\"ImageObject\",\"inLanguage\":\"pt-BR\",\"@id\":\"https:\/\/noticiaempauta.com\/portal\/#\/schema\/person\/image\/\",\"url\":\"https:\/\/secure.gravatar.com\/avatar\/03179346ecce6cdfc13361603e8f54242a90e5cde8618fa23c5c00aa2b0aadf3?s=96&d=mm&r=g\",\"contentUrl\":\"https:\/\/secure.gravatar.com\/avatar\/03179346ecce6cdfc13361603e8f54242a90e5cde8618fa23c5c00aa2b0aadf3?s=96&d=mm&r=g\",\"caption\":\"Reda\u00e7\u00e3o\"},\"sameAs\":[\"https:\/\/noticiaempauta.com\/portal\/\"],\"url\":\"https:\/\/noticiaempauta.com\/portal\/author\/fernando\/\"}]}<\/script>\n<!-- \/ Yoast SEO Premium plugin. -->","yoast_head_json":{"title":"Piau\u00ed tem previs\u00e3o de temporais podendo chegar aos 250 mil\u00edmetros - Portal Not\u00edcia em Pauta","robots":{"index":"index","follow":"follow","max-snippet":"max-snippet:-1","max-image-preview":"max-image-preview:large","max-video-preview":"max-video-preview:-1"},"canonical":"https:\/\/noticiaempauta.com\/portal\/piaui-tem-previsao-de-temporais-podendo-chegar-aos-250-milimetros\/","og_locale":"pt_BR","og_type":"article","og_title":"Piau\u00ed tem previs\u00e3o de temporais podendo chegar aos 250 mil\u00edmetros","og_description":"O Piau\u00ed voltou a ficar sob alerta para temporais neste s\u00e1bado (17), com previs\u00e3o para acumulados de chuva podendo chegar aos 250 mil\u00edmetros (mm) at\u00e9 a pr\u00f3xima sexta-feira (23). Segundo o Climatempo, h\u00e1 possibilidade de fortes precipita\u00e7\u00f5es acompanhadas de rajadas de vento de mais de 80km\/h e descargas el\u00e9tricas no Sul do estado e chuvas [&hellip;]","og_url":"https:\/\/noticiaempauta.com\/portal\/piaui-tem-previsao-de-temporais-podendo-chegar-aos-250-milimetros\/","og_site_name":"Portal Not\u00edcia em Pauta","article_publisher":"https:\/\/www.facebook.com\/Portal-Notcia-Em-Pauta-102292869264820\/","article_published_time":"2024-02-18T21:55:44+00:00","article_modified_time":"2024-02-18T21:55:46+00:00","og_image":[{"width":600,"height":400,"url":"https:\/\/noticiaempauta.com\/portal\/wp-content\/uploads\/2023\/03\/chuva-teresina.jpg","type":"image\/jpeg"}],"author":"Reda\u00e7\u00e3o","twitter_card":"summary_large_image","twitter_misc":{"Escrito por":"Reda\u00e7\u00e3o","Est. tempo de leitura":"2 minutos"},"schema":{"@context":"https:\/\/schema.org","@graph":[{"@type":"Article","@id":"https:\/\/noticiaempauta.com\/portal\/piaui-tem-previsao-de-temporais-podendo-chegar-aos-250-milimetros\/#article","isPartOf":{"@id":"https:\/\/noticiaempauta.com\/portal\/piaui-tem-previsao-de-temporais-podendo-chegar-aos-250-milimetros\/"},"author":{"name":"Reda\u00e7\u00e3o","@id":"https:\/\/noticiaempauta.com\/portal\/#\/schema\/person\/a74af43dd1ab3deca45f988c717d57ac"},"headline":"Piau\u00ed tem previs\u00e3o de temporais podendo chegar aos 250 mil\u00edmetros","datePublished":"2024-02-18T21:55:44+00:00","dateModified":"2024-02-18T21:55:46+00:00","mainEntityOfPage":{"@id":"https:\/\/noticiaempauta.com\/portal\/piaui-tem-previsao-de-temporais-podendo-chegar-aos-250-milimetros\/"},"wordCount":280,"commentCount":0,"publisher":{"@id":"https:\/\/noticiaempauta.com\/portal\/#organization"},"image":{"@id":"https:\/\/noticiaempauta.com\/portal\/piaui-tem-previsao-de-temporais-podendo-chegar-aos-250-milimetros\/#primaryimage"},"thumbnailUrl":"https:\/\/noticiaempauta.com\/portal\/wp-content\/uploads\/2023\/03\/chuva-teresina.jpg","keywords":["destaqueprincipal"],"articleSection":["Destaques","Geral","Todas as Not\u00edcias"],"inLanguage":"pt-BR","potentialAction":[{"@type":"CommentAction","name":"Comment","target":["https:\/\/noticiaempauta.com\/portal\/piaui-tem-previsao-de-temporais-podendo-chegar-aos-250-milimetros\/#respond"]}]},{"@type":"WebPage","@id":"https:\/\/noticiaempauta.com\/portal\/piaui-tem-previsao-de-temporais-podendo-chegar-aos-250-milimetros\/","url":"https:\/\/noticiaempauta.com\/portal\/piaui-tem-previsao-de-temporais-podendo-chegar-aos-250-milimetros\/","name":"Piau\u00ed tem previs\u00e3o de temporais podendo chegar aos 250 mil\u00edmetros - Portal Not\u00edcia em Pauta","isPartOf":{"@id":"https:\/\/noticiaempauta.com\/portal\/#website"},"primaryImageOfPage":{"@id":"https:\/\/noticiaempauta.com\/portal\/piaui-tem-previsao-de-temporais-podendo-chegar-aos-250-milimetros\/#primaryimage"},"image":{"@id":"https:\/\/noticiaempauta.com\/portal\/piaui-tem-previsao-de-temporais-podendo-chegar-aos-250-milimetros\/#primaryimage"},"thumbnailUrl":"https:\/\/noticiaempauta.com\/portal\/wp-content\/uploads\/2023\/03\/chuva-teresina.jpg","datePublished":"2024-02-18T21:55:44+00:00","dateModified":"2024-02-18T21:55:46+00:00","breadcrumb":{"@id":"https:\/\/noticiaempauta.com\/portal\/piaui-tem-previsao-de-temporais-podendo-chegar-aos-250-milimetros\/#breadcrumb"},"inLanguage":"pt-BR","potentialAction":[{"@type":"ReadAction","target":["https:\/\/noticiaempauta.com\/portal\/piaui-tem-previsao-de-temporais-podendo-chegar-aos-250-milimetros\/"]}]},{"@type":"ImageObject","inLanguage":"pt-BR","@id":"https:\/\/noticiaempauta.com\/portal\/piaui-tem-previsao-de-temporais-podendo-chegar-aos-250-milimetros\/#primaryimage","url":"https:\/\/noticiaempauta.com\/portal\/wp-content\/uploads\/2023\/03\/chuva-teresina.jpg","contentUrl":"https:\/\/noticiaempauta.com\/portal\/wp-content\/uploads\/2023\/03\/chuva-teresina.jpg","width":600,"height":400,"caption":"Foto: Reprodu\u00e7\u00e3o"},{"@type":"BreadcrumbList","@id":"https:\/\/noticiaempauta.com\/portal\/piaui-tem-previsao-de-temporais-podendo-chegar-aos-250-milimetros\/#breadcrumb","itemListElement":[{"@type":"ListItem","position":1,"name":"P\u00e1gina Inicial","item":"https:\/\/noticiaempauta.com\/portal\/"},{"@type":"ListItem","position":2,"name":"Destaques","item":"https:\/\/noticiaempauta.com\/portal\/destaques-site\/"},{"@type":"ListItem","position":3,"name":"Piau\u00ed tem previs\u00e3o de temporais podendo chegar aos 250 mil\u00edmetros"}]},{"@type":"WebSite","@id":"https:\/\/noticiaempauta.com\/portal\/#website","url":"https:\/\/noticiaempauta.com\/portal\/","name":"Portal Not\u00edcia em Pauta","description":"Voc\u00ea bem informado","publisher":{"@id":"https:\/\/noticiaempauta.com\/portal\/#organization"},"potentialAction":[{"@type":"SearchAction","target":{"@type":"EntryPoint","urlTemplate":"https:\/\/noticiaempauta.com\/portal\/?s={search_term_string}"},"query-input":{"@type":"PropertyValueSpecification","valueRequired":true,"valueName":"search_term_string"}}],"inLanguage":"pt-BR"},{"@type":"Organization","@id":"https:\/\/noticiaempauta.com\/portal\/#organization","name":"Portal Not\u00edcia em Pauta","url":"https:\/\/noticiaempauta.com\/portal\/","logo":{"@type":"ImageObject","inLanguage":"pt-BR","@id":"https:\/\/noticiaempauta.com\/portal\/#\/schema\/logo\/image\/","url":"https:\/\/noticiaempauta.com\/portal\/wp-content\/uploads\/2022\/08\/logomarca_tema.fw_.png","contentUrl":"https:\/\/noticiaempauta.com\/portal\/wp-content\/uploads\/2022\/08\/logomarca_tema.fw_.png","width":400,"height":232,"caption":"Portal Not\u00edcia em Pauta"},"image":{"@id":"https:\/\/noticiaempauta.com\/portal\/#\/schema\/logo\/image\/"},"sameAs":["https:\/\/www.facebook.com\/Portal-Notcia-Em-Pauta-102292869264820\/","https:\/\/www.instagram.com\/portalnoticiaempauta\/"]},{"@type":"Person","@id":"https:\/\/noticiaempauta.com\/portal\/#\/schema\/person\/a74af43dd1ab3deca45f988c717d57ac","name":"Reda\u00e7\u00e3o","image":{"@type":"ImageObject","inLanguage":"pt-BR","@id":"https:\/\/noticiaempauta.com\/portal\/#\/schema\/person\/image\/","url":"https:\/\/secure.gravatar.com\/avatar\/03179346ecce6cdfc13361603e8f54242a90e5cde8618fa23c5c00aa2b0aadf3?s=96&d=mm&r=g","contentUrl":"https:\/\/secure.gravatar.com\/avatar\/03179346ecce6cdfc13361603e8f54242a90e5cde8618fa23c5c00aa2b0aadf3?s=96&d=mm&r=g","caption":"Reda\u00e7\u00e3o"},"sameAs":["https:\/\/noticiaempauta.com\/portal\/"],"url":"https:\/\/noticiaempauta.com\/portal\/author\/fernando\/"}]}},"_links":{"self":[{"href":"https:\/\/noticiaempauta.com\/portal\/wp-json\/wp\/v2\/posts\/254863","targetHints":{"allow":["GET"]}}],"collection":[{"href":"https:\/\/noticiaempauta.com\/portal\/wp-json\/wp\/v2\/posts"}],"about":[{"href":"https:\/\/noticiaempauta.com\/portal\/wp-json\/wp\/v2\/types\/post"}],"author":[{"embeddable":true,"href":"https:\/\/noticiaempauta.com\/portal\/wp-json\/wp\/v2\/users\/2"}],"replies":[{"embeddable":true,"href":"https:\/\/noticiaempauta.com\/portal\/wp-json\/wp\/v2\/comments?post=254863"}],"version-history":[{"count":2,"href":"https:\/\/noticiaempauta.com\/portal\/wp-json\/wp\/v2\/posts\/254863\/revisions"}],"predecessor-version":[{"id":254867,"href":"https:\/\/noticiaempauta.com\/portal\/wp-json\/wp\/v2\/posts\/254863\/revisions\/254867"}],"wp:featuredmedia":[{"embeddable":true,"href":"https:\/\/noticiaempauta.com\/portal\/wp-json\/wp\/v2\/media\/245062"}],"wp:attachment":[{"href":"https:\/\/noticiaempauta.com\/portal\/wp-json\/wp\/v2\/media?parent=254863"}],"wp:term":[{"taxonomy":"category","embeddable":true,"href":"https:\/\/noticiaempauta.com\/portal\/wp-json\/wp\/v2\/categories?post=254863"},{"taxonomy":"post_tag","embeddable":true,"href":"https:\/\/noticiaempauta.com\/portal\/wp-json\/wp\/v2\/tags?post=254863"}],"curies":[{"name":"wp","href":"https:\/\/api.w.org\/{rel}","templated":true}]}}