{"id":254868,"date":"2024-02-18T19:01:54","date_gmt":"2024-02-18T22:01:54","guid":{"rendered":"https:\/\/noticiaempauta.com\/portal\/?p=254868"},"modified":"2024-02-18T19:02:32","modified_gmt":"2024-02-18T22:02:32","slug":"254868-2","status":"publish","type":"post","link":"https:\/\/noticiaempauta.com\/portal\/254868-2\/","title":{"rendered":"Luciano Nunes anunciar\u00e1 PSDB no palanque de F\u00e1bio Novo"},"content":{"rendered":"\n<p>O presidente estadual do PSDB convocou a imprensa para entrevista coletiva na manh\u00e3 desta segunda-feira, 19. Anunciar\u00e1 desist\u00eancia da pr\u00e9-candidatura ao Pal\u00e1cio da Cidade e apoio ao petista F\u00e1bio Novo. Luciano Nunes anunciar\u00e1 apoio pessoal e de partido. <\/p>\n\n\n\n<p>A dire\u00e7\u00e3o estadual do PSDB vai \u00a0declarar alian\u00e7a com o PT em Teresina. Na ter\u00e7a-feira, 20, o diret\u00f3rio municipal tucano ter\u00e1 reuni\u00e3o para defini\u00e7\u00e3o de rumos para o PSDB na capital. <\/p>\n\n\n\n<figure class=\"wp-block-image size-full\"><img fetchpriority=\"high\" decoding=\"async\" width=\"780\" height=\"470\" src=\"https:\/\/noticiaempauta.com\/portal\/wp-content\/uploads\/2024\/02\/LUCIANONUNESEFABIONOVO.webp\" alt=\"\" class=\"wp-image-254870\" srcset=\"https:\/\/noticiaempauta.com\/portal\/wp-content\/uploads\/2024\/02\/LUCIANONUNESEFABIONOVO.webp 780w, https:\/\/noticiaempauta.com\/portal\/wp-content\/uploads\/2024\/02\/LUCIANONUNESEFABIONOVO-300x181.webp 300w, https:\/\/noticiaempauta.com\/portal\/wp-content\/uploads\/2024\/02\/LUCIANONUNESEFABIONOVO-768x463.webp 768w\" sizes=\"(max-width: 780px) 100vw, 780px\" \/><figcaption class=\"wp-element-caption\"><em>Foto: Reprodu\u00e7\u00e3o\/TVNPI<\/em><\/figcaption><\/figure>\n\n\n\n<p>Deve adotar \u00a0caminho oposto ao que ser\u00e1 anunciado por Luciano Nunes, nesta segunda-feira, deflagrando disputa interna no partido. Interven\u00e7\u00e3o no ninho tucano de Teresina n\u00e3o \u00e9 descartada. A semana promete turbul\u00eancia pol\u00edtica no PSDB da capital piauiense.\u00a0<\/p>\n\n\n\n<p><em>Fonte: Elivaldo Barbosa\/ CidadeVerde<\/em><\/p>\n","protected":false},"excerpt":{"rendered":"<p>O presidente estadual do PSDB convocou a imprensa para entrevista coletiva na manh\u00e3 desta segunda-feira, 19. Anunciar\u00e1 desist\u00eancia da pr\u00e9-candidatura ao Pal\u00e1cio da Cidade e apoio ao petista F\u00e1bio Novo. Luciano Nunes anunciar\u00e1 apoio pessoal e de partido. A dire\u00e7\u00e3o estadual do PSDB vai \u00a0declarar alian\u00e7a com o PT em Teresina. Na ter\u00e7a-feira, 20, o [&hellip;]<\/p>\n","protected":false},"author":2,"featured_media":254870,"comment_status":"open","ping_status":"open","sticky":false,"template":"","format":"standard","meta":{"_mi_skip_tracking":false,"footnotes":""},"categories":[25,1,3],"tags":[192],"class_list":["post-254868","post","type-post","status-publish","format-standard","has-post-thumbnail","hentry","category-destaques-site","category-geral","category-politica","tag-destaqueprincipal"],"acf":[],"yoast_head":"<!-- This site is optimized with the Yoast SEO Premium plugin v19.2 (Yoast SEO v26.9) - https:\/\/yoast.com\/product\/yoast-seo-premium-wordpress\/ -->\n<title>Luciano Nunes anunciar\u00e1 PSDB no palanque de F\u00e1bio Novo - Portal Not\u00edcia em Pauta<\/title>\n<meta name=\"robots\" content=\"index, follow, max-snippet:-1, max-image-preview:large, max-video-preview:-1\" \/>\n<link rel=\"canonical\" href=\"https:\/\/noticiaempauta.com\/portal\/254868-2\/\" \/>\n<meta property=\"og:locale\" content=\"pt_BR\" \/>\n<meta property=\"og:type\" content=\"article\" \/>\n<meta property=\"og:title\" content=\"Luciano Nunes anunciar\u00e1 PSDB no palanque de F\u00e1bio Novo\" \/>\n<meta property=\"og:description\" content=\"O presidente estadual do PSDB convocou a imprensa para entrevista coletiva na manh\u00e3 desta segunda-feira, 19. Anunciar\u00e1 desist\u00eancia da pr\u00e9-candidatura ao Pal\u00e1cio da Cidade e apoio ao petista F\u00e1bio Novo. Luciano Nunes anunciar\u00e1 apoio pessoal e de partido. A dire\u00e7\u00e3o estadual do PSDB vai \u00a0declarar alian\u00e7a com o PT em Teresina. Na ter\u00e7a-feira, 20, o [&hellip;]\" \/>\n<meta property=\"og:url\" content=\"https:\/\/noticiaempauta.com\/portal\/254868-2\/\" \/>\n<meta property=\"og:site_name\" content=\"Portal Not\u00edcia em Pauta\" \/>\n<meta property=\"article:publisher\" content=\"https:\/\/www.facebook.com\/Portal-Notcia-Em-Pauta-102292869264820\/\" \/>\n<meta property=\"article:published_time\" content=\"2024-02-18T22:01:54+00:00\" \/>\n<meta property=\"article:modified_time\" content=\"2024-02-18T22:02:32+00:00\" \/>\n<meta property=\"og:image\" content=\"https:\/\/noticiaempauta.com\/portal\/wp-content\/uploads\/2024\/02\/LUCIANONUNESEFABIONOVO.webp\" \/>\n\t<meta property=\"og:image:width\" content=\"780\" \/>\n\t<meta property=\"og:image:height\" content=\"470\" \/>\n\t<meta property=\"og:image:type\" content=\"image\/webp\" \/>\n<meta name=\"author\" content=\"Reda\u00e7\u00e3o\" \/>\n<meta name=\"twitter:card\" content=\"summary_large_image\" \/>\n<meta name=\"twitter:label1\" content=\"Escrito por\" \/>\n\t<meta name=\"twitter:data1\" content=\"Reda\u00e7\u00e3o\" \/>\n\t<meta name=\"twitter:label2\" content=\"Est. tempo de leitura\" \/>\n\t<meta name=\"twitter:data2\" content=\"2 minutos\" \/>\n<script type=\"application\/ld+json\" class=\"yoast-schema-graph\">{\"@context\":\"https:\/\/schema.org\",\"@graph\":[{\"@type\":\"Article\",\"@id\":\"https:\/\/noticiaempauta.com\/portal\/254868-2\/#article\",\"isPartOf\":{\"@id\":\"https:\/\/noticiaempauta.com\/portal\/254868-2\/\"},\"author\":{\"name\":\"Reda\u00e7\u00e3o\",\"@id\":\"https:\/\/noticiaempauta.com\/portal\/#\/schema\/person\/a74af43dd1ab3deca45f988c717d57ac\"},\"headline\":\"Luciano Nunes anunciar\u00e1 PSDB no palanque de F\u00e1bio Novo\",\"datePublished\":\"2024-02-18T22:01:54+00:00\",\"dateModified\":\"2024-02-18T22:02:32+00:00\",\"mainEntityOfPage\":{\"@id\":\"https:\/\/noticiaempauta.com\/portal\/254868-2\/\"},\"wordCount\":135,\"commentCount\":0,\"publisher\":{\"@id\":\"https:\/\/noticiaempauta.com\/portal\/#organization\"},\"image\":{\"@id\":\"https:\/\/noticiaempauta.com\/portal\/254868-2\/#primaryimage\"},\"thumbnailUrl\":\"https:\/\/noticiaempauta.com\/portal\/wp-content\/uploads\/2024\/02\/LUCIANONUNESEFABIONOVO.webp\",\"keywords\":[\"destaqueprincipal\"],\"articleSection\":[\"Destaques\",\"Geral\",\"Pol\u00edtica\"],\"inLanguage\":\"pt-BR\",\"potentialAction\":[{\"@type\":\"CommentAction\",\"name\":\"Comment\",\"target\":[\"https:\/\/noticiaempauta.com\/portal\/254868-2\/#respond\"]}]},{\"@type\":\"WebPage\",\"@id\":\"https:\/\/noticiaempauta.com\/portal\/254868-2\/\",\"url\":\"https:\/\/noticiaempauta.com\/portal\/254868-2\/\",\"name\":\"Luciano Nunes anunciar\u00e1 PSDB no palanque de F\u00e1bio Novo - Portal Not\u00edcia em Pauta\",\"isPartOf\":{\"@id\":\"https:\/\/noticiaempauta.com\/portal\/#website\"},\"primaryImageOfPage\":{\"@id\":\"https:\/\/noticiaempauta.com\/portal\/254868-2\/#primaryimage\"},\"image\":{\"@id\":\"https:\/\/noticiaempauta.com\/portal\/254868-2\/#primaryimage\"},\"thumbnailUrl\":\"https:\/\/noticiaempauta.com\/portal\/wp-content\/uploads\/2024\/02\/LUCIANONUNESEFABIONOVO.webp\",\"datePublished\":\"2024-02-18T22:01:54+00:00\",\"dateModified\":\"2024-02-18T22:02:32+00:00\",\"breadcrumb\":{\"@id\":\"https:\/\/noticiaempauta.com\/portal\/254868-2\/#breadcrumb\"},\"inLanguage\":\"pt-BR\",\"potentialAction\":[{\"@type\":\"ReadAction\",\"target\":[\"https:\/\/noticiaempauta.com\/portal\/254868-2\/\"]}]},{\"@type\":\"ImageObject\",\"inLanguage\":\"pt-BR\",\"@id\":\"https:\/\/noticiaempauta.com\/portal\/254868-2\/#primaryimage\",\"url\":\"https:\/\/noticiaempauta.com\/portal\/wp-content\/uploads\/2024\/02\/LUCIANONUNESEFABIONOVO.webp\",\"contentUrl\":\"https:\/\/noticiaempauta.com\/portal\/wp-content\/uploads\/2024\/02\/LUCIANONUNESEFABIONOVO.webp\",\"width\":780,\"height\":470,\"caption\":\"Foto: Reprodu\u00e7\u00e3o\/TVNPI\"},{\"@type\":\"BreadcrumbList\",\"@id\":\"https:\/\/noticiaempauta.com\/portal\/254868-2\/#breadcrumb\",\"itemListElement\":[{\"@type\":\"ListItem\",\"position\":1,\"name\":\"P\u00e1gina Inicial\",\"item\":\"https:\/\/noticiaempauta.com\/portal\/\"},{\"@type\":\"ListItem\",\"position\":2,\"name\":\"Destaques\",\"item\":\"https:\/\/noticiaempauta.com\/portal\/destaques-site\/\"},{\"@type\":\"ListItem\",\"position\":3,\"name\":\"Luciano Nunes anunciar\u00e1 PSDB no palanque de F\u00e1bio Novo\"}]},{\"@type\":\"WebSite\",\"@id\":\"https:\/\/noticiaempauta.com\/portal\/#website\",\"url\":\"https:\/\/noticiaempauta.com\/portal\/\",\"name\":\"Portal Not\u00edcia em Pauta\",\"description\":\"Voc\u00ea bem informado\",\"publisher\":{\"@id\":\"https:\/\/noticiaempauta.com\/portal\/#organization\"},\"potentialAction\":[{\"@type\":\"SearchAction\",\"target\":{\"@type\":\"EntryPoint\",\"urlTemplate\":\"https:\/\/noticiaempauta.com\/portal\/?s={search_term_string}\"},\"query-input\":{\"@type\":\"PropertyValueSpecification\",\"valueRequired\":true,\"valueName\":\"search_term_string\"}}],\"inLanguage\":\"pt-BR\"},{\"@type\":\"Organization\",\"@id\":\"https:\/\/noticiaempauta.com\/portal\/#organization\",\"name\":\"Portal Not\u00edcia em Pauta\",\"url\":\"https:\/\/noticiaempauta.com\/portal\/\",\"logo\":{\"@type\":\"ImageObject\",\"inLanguage\":\"pt-BR\",\"@id\":\"https:\/\/noticiaempauta.com\/portal\/#\/schema\/logo\/image\/\",\"url\":\"https:\/\/noticiaempauta.com\/portal\/wp-content\/uploads\/2022\/08\/logomarca_tema.fw_.png\",\"contentUrl\":\"https:\/\/noticiaempauta.com\/portal\/wp-content\/uploads\/2022\/08\/logomarca_tema.fw_.png\",\"width\":400,\"height\":232,\"caption\":\"Portal Not\u00edcia em Pauta\"},\"image\":{\"@id\":\"https:\/\/noticiaempauta.com\/portal\/#\/schema\/logo\/image\/\"},\"sameAs\":[\"https:\/\/www.facebook.com\/Portal-Notcia-Em-Pauta-102292869264820\/\",\"https:\/\/www.instagram.com\/portalnoticiaempauta\/\"]},{\"@type\":\"Person\",\"@id\":\"https:\/\/noticiaempauta.com\/portal\/#\/schema\/person\/a74af43dd1ab3deca45f988c717d57ac\",\"name\":\"Reda\u00e7\u00e3o\",\"image\":{\"@type\":\"ImageObject\",\"inLanguage\":\"pt-BR\",\"@id\":\"https:\/\/noticiaempauta.com\/portal\/#\/schema\/person\/image\/\",\"url\":\"https:\/\/secure.gravatar.com\/avatar\/03179346ecce6cdfc13361603e8f54242a90e5cde8618fa23c5c00aa2b0aadf3?s=96&d=mm&r=g\",\"contentUrl\":\"https:\/\/secure.gravatar.com\/avatar\/03179346ecce6cdfc13361603e8f54242a90e5cde8618fa23c5c00aa2b0aadf3?s=96&d=mm&r=g\",\"caption\":\"Reda\u00e7\u00e3o\"},\"sameAs\":[\"https:\/\/noticiaempauta.com\/portal\/\"],\"url\":\"https:\/\/noticiaempauta.com\/portal\/author\/fernando\/\"}]}<\/script>\n<!-- \/ Yoast SEO Premium plugin. -->","yoast_head_json":{"title":"Luciano Nunes anunciar\u00e1 PSDB no palanque de F\u00e1bio Novo - Portal Not\u00edcia em Pauta","robots":{"index":"index","follow":"follow","max-snippet":"max-snippet:-1","max-image-preview":"max-image-preview:large","max-video-preview":"max-video-preview:-1"},"canonical":"https:\/\/noticiaempauta.com\/portal\/254868-2\/","og_locale":"pt_BR","og_type":"article","og_title":"Luciano Nunes anunciar\u00e1 PSDB no palanque de F\u00e1bio Novo","og_description":"O presidente estadual do PSDB convocou a imprensa para entrevista coletiva na manh\u00e3 desta segunda-feira, 19. Anunciar\u00e1 desist\u00eancia da pr\u00e9-candidatura ao Pal\u00e1cio da Cidade e apoio ao petista F\u00e1bio Novo. Luciano Nunes anunciar\u00e1 apoio pessoal e de partido. A dire\u00e7\u00e3o estadual do PSDB vai \u00a0declarar alian\u00e7a com o PT em Teresina. Na ter\u00e7a-feira, 20, o [&hellip;]","og_url":"https:\/\/noticiaempauta.com\/portal\/254868-2\/","og_site_name":"Portal Not\u00edcia em Pauta","article_publisher":"https:\/\/www.facebook.com\/Portal-Notcia-Em-Pauta-102292869264820\/","article_published_time":"2024-02-18T22:01:54+00:00","article_modified_time":"2024-02-18T22:02:32+00:00","og_image":[{"width":780,"height":470,"url":"https:\/\/noticiaempauta.com\/portal\/wp-content\/uploads\/2024\/02\/LUCIANONUNESEFABIONOVO.webp","type":"image\/webp"}],"author":"Reda\u00e7\u00e3o","twitter_card":"summary_large_image","twitter_misc":{"Escrito por":"Reda\u00e7\u00e3o","Est. tempo de leitura":"2 minutos"},"schema":{"@context":"https:\/\/schema.org","@graph":[{"@type":"Article","@id":"https:\/\/noticiaempauta.com\/portal\/254868-2\/#article","isPartOf":{"@id":"https:\/\/noticiaempauta.com\/portal\/254868-2\/"},"author":{"name":"Reda\u00e7\u00e3o","@id":"https:\/\/noticiaempauta.com\/portal\/#\/schema\/person\/a74af43dd1ab3deca45f988c717d57ac"},"headline":"Luciano Nunes anunciar\u00e1 PSDB no palanque de F\u00e1bio Novo","datePublished":"2024-02-18T22:01:54+00:00","dateModified":"2024-02-18T22:02:32+00:00","mainEntityOfPage":{"@id":"https:\/\/noticiaempauta.com\/portal\/254868-2\/"},"wordCount":135,"commentCount":0,"publisher":{"@id":"https:\/\/noticiaempauta.com\/portal\/#organization"},"image":{"@id":"https:\/\/noticiaempauta.com\/portal\/254868-2\/#primaryimage"},"thumbnailUrl":"https:\/\/noticiaempauta.com\/portal\/wp-content\/uploads\/2024\/02\/LUCIANONUNESEFABIONOVO.webp","keywords":["destaqueprincipal"],"articleSection":["Destaques","Geral","Pol\u00edtica"],"inLanguage":"pt-BR","potentialAction":[{"@type":"CommentAction","name":"Comment","target":["https:\/\/noticiaempauta.com\/portal\/254868-2\/#respond"]}]},{"@type":"WebPage","@id":"https:\/\/noticiaempauta.com\/portal\/254868-2\/","url":"https:\/\/noticiaempauta.com\/portal\/254868-2\/","name":"Luciano Nunes anunciar\u00e1 PSDB no palanque de F\u00e1bio Novo - Portal Not\u00edcia em Pauta","isPartOf":{"@id":"https:\/\/noticiaempauta.com\/portal\/#website"},"primaryImageOfPage":{"@id":"https:\/\/noticiaempauta.com\/portal\/254868-2\/#primaryimage"},"image":{"@id":"https:\/\/noticiaempauta.com\/portal\/254868-2\/#primaryimage"},"thumbnailUrl":"https:\/\/noticiaempauta.com\/portal\/wp-content\/uploads\/2024\/02\/LUCIANONUNESEFABIONOVO.webp","datePublished":"2024-02-18T22:01:54+00:00","dateModified":"2024-02-18T22:02:32+00:00","breadcrumb":{"@id":"https:\/\/noticiaempauta.com\/portal\/254868-2\/#breadcrumb"},"inLanguage":"pt-BR","potentialAction":[{"@type":"ReadAction","target":["https:\/\/noticiaempauta.com\/portal\/254868-2\/"]}]},{"@type":"ImageObject","inLanguage":"pt-BR","@id":"https:\/\/noticiaempauta.com\/portal\/254868-2\/#primaryimage","url":"https:\/\/noticiaempauta.com\/portal\/wp-content\/uploads\/2024\/02\/LUCIANONUNESEFABIONOVO.webp","contentUrl":"https:\/\/noticiaempauta.com\/portal\/wp-content\/uploads\/2024\/02\/LUCIANONUNESEFABIONOVO.webp","width":780,"height":470,"caption":"Foto: Reprodu\u00e7\u00e3o\/TVNPI"},{"@type":"BreadcrumbList","@id":"https:\/\/noticiaempauta.com\/portal\/254868-2\/#breadcrumb","itemListElement":[{"@type":"ListItem","position":1,"name":"P\u00e1gina Inicial","item":"https:\/\/noticiaempauta.com\/portal\/"},{"@type":"ListItem","position":2,"name":"Destaques","item":"https:\/\/noticiaempauta.com\/portal\/destaques-site\/"},{"@type":"ListItem","position":3,"name":"Luciano Nunes anunciar\u00e1 PSDB no palanque de F\u00e1bio Novo"}]},{"@type":"WebSite","@id":"https:\/\/noticiaempauta.com\/portal\/#website","url":"https:\/\/noticiaempauta.com\/portal\/","name":"Portal Not\u00edcia em Pauta","description":"Voc\u00ea bem informado","publisher":{"@id":"https:\/\/noticiaempauta.com\/portal\/#organization"},"potentialAction":[{"@type":"SearchAction","target":{"@type":"EntryPoint","urlTemplate":"https:\/\/noticiaempauta.com\/portal\/?s={search_term_string}"},"query-input":{"@type":"PropertyValueSpecification","valueRequired":true,"valueName":"search_term_string"}}],"inLanguage":"pt-BR"},{"@type":"Organization","@id":"https:\/\/noticiaempauta.com\/portal\/#organization","name":"Portal Not\u00edcia em Pauta","url":"https:\/\/noticiaempauta.com\/portal\/","logo":{"@type":"ImageObject","inLanguage":"pt-BR","@id":"https:\/\/noticiaempauta.com\/portal\/#\/schema\/logo\/image\/","url":"https:\/\/noticiaempauta.com\/portal\/wp-content\/uploads\/2022\/08\/logomarca_tema.fw_.png","contentUrl":"https:\/\/noticiaempauta.com\/portal\/wp-content\/uploads\/2022\/08\/logomarca_tema.fw_.png","width":400,"height":232,"caption":"Portal Not\u00edcia em Pauta"},"image":{"@id":"https:\/\/noticiaempauta.com\/portal\/#\/schema\/logo\/image\/"},"sameAs":["https:\/\/www.facebook.com\/Portal-Notcia-Em-Pauta-102292869264820\/","https:\/\/www.instagram.com\/portalnoticiaempauta\/"]},{"@type":"Person","@id":"https:\/\/noticiaempauta.com\/portal\/#\/schema\/person\/a74af43dd1ab3deca45f988c717d57ac","name":"Reda\u00e7\u00e3o","image":{"@type":"ImageObject","inLanguage":"pt-BR","@id":"https:\/\/noticiaempauta.com\/portal\/#\/schema\/person\/image\/","url":"https:\/\/secure.gravatar.com\/avatar\/03179346ecce6cdfc13361603e8f54242a90e5cde8618fa23c5c00aa2b0aadf3?s=96&d=mm&r=g","contentUrl":"https:\/\/secure.gravatar.com\/avatar\/03179346ecce6cdfc13361603e8f54242a90e5cde8618fa23c5c00aa2b0aadf3?s=96&d=mm&r=g","caption":"Reda\u00e7\u00e3o"},"sameAs":["https:\/\/noticiaempauta.com\/portal\/"],"url":"https:\/\/noticiaempauta.com\/portal\/author\/fernando\/"}]}},"_links":{"self":[{"href":"https:\/\/noticiaempauta.com\/portal\/wp-json\/wp\/v2\/posts\/254868","targetHints":{"allow":["GET"]}}],"collection":[{"href":"https:\/\/noticiaempauta.com\/portal\/wp-json\/wp\/v2\/posts"}],"about":[{"href":"https:\/\/noticiaempauta.com\/portal\/wp-json\/wp\/v2\/types\/post"}],"author":[{"embeddable":true,"href":"https:\/\/noticiaempauta.com\/portal\/wp-json\/wp\/v2\/users\/2"}],"replies":[{"embeddable":true,"href":"https:\/\/noticiaempauta.com\/portal\/wp-json\/wp\/v2\/comments?post=254868"}],"version-history":[{"count":4,"href":"https:\/\/noticiaempauta.com\/portal\/wp-json\/wp\/v2\/posts\/254868\/revisions"}],"predecessor-version":[{"id":254875,"href":"https:\/\/noticiaempauta.com\/portal\/wp-json\/wp\/v2\/posts\/254868\/revisions\/254875"}],"wp:featuredmedia":[{"embeddable":true,"href":"https:\/\/noticiaempauta.com\/portal\/wp-json\/wp\/v2\/media\/254870"}],"wp:attachment":[{"href":"https:\/\/noticiaempauta.com\/portal\/wp-json\/wp\/v2\/media?parent=254868"}],"wp:term":[{"taxonomy":"category","embeddable":true,"href":"https:\/\/noticiaempauta.com\/portal\/wp-json\/wp\/v2\/categories?post=254868"},{"taxonomy":"post_tag","embeddable":true,"href":"https:\/\/noticiaempauta.com\/portal\/wp-json\/wp\/v2\/tags?post=254868"}],"curies":[{"name":"wp","href":"https:\/\/api.w.org\/{rel}","templated":true}]}}