{"id":254948,"date":"2024-02-20T11:15:14","date_gmt":"2024-02-20T14:15:14","guid":{"rendered":"https:\/\/noticiaempauta.com\/portal\/?p=254948"},"modified":"2024-02-20T11:15:16","modified_gmt":"2024-02-20T14:15:16","slug":"governo-do-piaui-investira-r-7985-milhoes-em-planos-emergenciais-nos-periodos-de-seca","status":"publish","type":"post","link":"https:\/\/noticiaempauta.com\/portal\/governo-do-piaui-investira-r-7985-milhoes-em-planos-emergenciais-nos-periodos-de-seca\/","title":{"rendered":"Governo do Piau\u00ed investir\u00e1 R$ 798,5 milh\u00f5es em planos emergenciais nos per\u00edodos de seca"},"content":{"rendered":"\n<p>O governador Rafael Fonteles lan\u00e7ou, nesta segunda-feira (19), no Pal\u00e1cio de Karnak, a Opera\u00e7\u00e3o \u00c1guas e Vida Piau\u00ed \u2013 Plano de Conting\u00eancia para os Impactos do El Nino. Coordenado pela Secretaria de Planejamento, o plano tem o objetivo de desenvolver a\u00e7\u00f5es em v\u00e1rias frentes para garantir solu\u00e7\u00f5es de conviv\u00eancia com a seca, como planos emergenciais, de m\u00e9dio e longo prazo.<\/p>\n\n\n\n<p>Com investimento total de R$ 798,5 milh\u00f5es, o plano prev\u00ea a\u00e7\u00f5es emergenciais, como a constru\u00e7\u00e3o de cisternas de capta\u00e7\u00e3o e armazenamento de \u00e1gua, limpeza de a\u00e7udes, recupera\u00e7\u00e3o de barragens e carro-pipa, al\u00e9m de a\u00e7\u00f5es estruturantes, que s\u00e3o as pol\u00edticas de m\u00e9dio e longo prazo que abrangem perfura\u00e7\u00e3o de po\u00e7os, adutoras, sistemas de abastecimento de \u00e1gua e constru\u00e7\u00e3o de novas barragens.<\/p>\n\n\n\n<figure class=\"wp-block-image size-full\"><img fetchpriority=\"high\" decoding=\"async\" width=\"1000\" height=\"667\" src=\"https:\/\/noticiaempauta.com\/portal\/wp-content\/uploads\/2024\/02\/large_plano7_ecad1f8d2b.jpg\" alt=\"\" class=\"wp-image-254953\" srcset=\"https:\/\/noticiaempauta.com\/portal\/wp-content\/uploads\/2024\/02\/large_plano7_ecad1f8d2b.jpg 1000w, https:\/\/noticiaempauta.com\/portal\/wp-content\/uploads\/2024\/02\/large_plano7_ecad1f8d2b-300x200.jpg 300w, https:\/\/noticiaempauta.com\/portal\/wp-content\/uploads\/2024\/02\/large_plano7_ecad1f8d2b-768x512.jpg 768w\" sizes=\"(max-width: 1000px) 100vw, 1000px\" \/><\/figure>\n\n\n\n<p>Segundo o governador, entre as a\u00e7\u00f5es mais importantes do plano est\u00e3o a constru\u00e7\u00e3o de 19 mil cisternas e a recupera\u00e7\u00e3o de a\u00e7udes e barragens. &#8220;Temos um plano complexo, que envolve 13 \u00f3rg\u00e3os e contempla os 224 munic\u00edpios do estado, com foco nos 106 munic\u00edpios que vivem alguma situa\u00e7\u00e3o de emerg\u00eancia e, dentre esses, 40 que est\u00e3o numa situa\u00e7\u00e3o mais grave&#8221;, explica o governador.<\/p>\n\n\n\n<p>O governador citou ainda que o plano visa \u00e0 sustentabilidade econ\u00f4mica, por meio do apoio \u00e0 agricultura familiar, programas de garantia safra e de aquisi\u00e7\u00e3o de alimentos. &#8220;Al\u00e9m disso, teremos investimento em conhecimento e inova\u00e7\u00e3o \u00a0junto \u00e0 Defesa Civil, Meio Ambiente e Instituto de Desenvolvimento do Piau\u00ed para trabalhar a preven\u00e7\u00e3o de forma que possamos estar \u00e0 frente de problemas que venham ocorrer, como \u00e9 a estiagem&#8221;, disse.<\/p>\n\n\n\n<figure class=\"wp-block-image size-full\"><img decoding=\"async\" width=\"1000\" height=\"667\" src=\"https:\/\/noticiaempauta.com\/portal\/wp-content\/uploads\/2024\/02\/large_plano_cfc4de6a28.jpg\" alt=\"\" class=\"wp-image-254952\" srcset=\"https:\/\/noticiaempauta.com\/portal\/wp-content\/uploads\/2024\/02\/large_plano_cfc4de6a28.jpg 1000w, https:\/\/noticiaempauta.com\/portal\/wp-content\/uploads\/2024\/02\/large_plano_cfc4de6a28-300x200.jpg 300w, https:\/\/noticiaempauta.com\/portal\/wp-content\/uploads\/2024\/02\/large_plano_cfc4de6a28-768x512.jpg 768w\" sizes=\"(max-width: 1000px) 100vw, 1000px\" \/><\/figure>\n\n\n\n<p>Segundo o secret\u00e1rio de Planejamento, Washington Bonfim, o plano foi elaborado visando ao combate dos efeitos da estiagem, que em 2024 vai iniciar mais cedo e a previs\u00e3o \u00e9 de que seja mais intenso. &#8220;Trata-se de um conjunto de a\u00e7\u00f5es coordenadas que mobilizam setores sociais, produtivo e meio ambiente&#8221;, explica o secret\u00e1rio, detalhando que o Governo do Estado vai atuar em v\u00e1rias frentes, com levantamento de dados, distribui\u00e7\u00e3o de recursos em fun\u00e7\u00e3o de uma eventual quebra de safra e abastecimento.<\/p>\n\n\n\n<p>O diretor de Defesa Civil, Werton Rocha, afirma que o Governo est\u00e1 antecipando os impactos da estiagem. &#8220;Temos um programa avan\u00e7ado, que visa atacar o grave problema que o estado atravessa, como a escassez e restri\u00e7\u00e3o h\u00eddrica, com planejamento e estrat\u00e9gias eficazes para superar os efeitos da estiagem provocada por fen\u00f4menos como o El Ni\u00f1o&#8221;, disse, destacando que o Piau\u00ed est\u00e1 trabalhando com um plano robusto para gerir o potencial que, historicamente, era subaproveitado como as \u00e1guas subterr\u00e2neas e superficiais.<\/p>\n\n\n\n<figure class=\"wp-block-image size-full\"><img decoding=\"async\" width=\"1000\" height=\"667\" src=\"https:\/\/noticiaempauta.com\/portal\/wp-content\/uploads\/2024\/02\/large_plano8_5752fabbb2.jpg\" alt=\"\" class=\"wp-image-254951\" srcset=\"https:\/\/noticiaempauta.com\/portal\/wp-content\/uploads\/2024\/02\/large_plano8_5752fabbb2.jpg 1000w, https:\/\/noticiaempauta.com\/portal\/wp-content\/uploads\/2024\/02\/large_plano8_5752fabbb2-300x200.jpg 300w, https:\/\/noticiaempauta.com\/portal\/wp-content\/uploads\/2024\/02\/large_plano8_5752fabbb2-768x512.jpg 768w\" sizes=\"(max-width: 1000px) 100vw, 1000px\" \/><\/figure>\n\n\n\n<p>O secret\u00e1rio de Meio Ambiente e Recursos H\u00eddricos (Semarh), Daniel Oliveira, disse que o plano vai ajudar a popula\u00e7\u00e3o do semi\u00e1rido. &#8220;A Semarh est\u00e1 inserida neste plano por ter informa\u00e7\u00f5es, fazer o monitoramento clim\u00e1tico e a previs\u00e3o de eventos extremos&#8221;, disse, informando ainda que a Semarh vai desenvolver o Plano Estadual de Recursos H\u00eddricos para lidar com a seguran\u00e7a h\u00eddrica e com a qualidade da \u00e1gua para consumo e produ\u00e7\u00e3o econ\u00f4mica. \u00a0&#8220;Vamos desenvolver ainda o Plano Estadual de Conserva\u00e7\u00e3o de Nascentes visando \u00e0 manuten\u00e7\u00e3o dos recursos h\u00eddricos&#8221;, disse.<\/p>\n\n\n\n<figure class=\"wp-block-image size-full\"><img loading=\"lazy\" decoding=\"async\" width=\"1000\" height=\"666\" src=\"https:\/\/noticiaempauta.com\/portal\/wp-content\/uploads\/2024\/02\/large_plano6_7611cc86be.jpg\" alt=\"\" class=\"wp-image-254950\" srcset=\"https:\/\/noticiaempauta.com\/portal\/wp-content\/uploads\/2024\/02\/large_plano6_7611cc86be.jpg 1000w, https:\/\/noticiaempauta.com\/portal\/wp-content\/uploads\/2024\/02\/large_plano6_7611cc86be-300x200.jpg 300w, https:\/\/noticiaempauta.com\/portal\/wp-content\/uploads\/2024\/02\/large_plano6_7611cc86be-768x511.jpg 768w\" sizes=\"(max-width: 1000px) 100vw, 1000px\" \/><\/figure>\n\n\n\n<p>A coordenadora do F\u00f3rum Piauiense de Conviv\u00eancia com o Semi\u00e1rido, Rejane Silva, afirmou durante o evento que este Plano de Conting\u00eancia para os impactos do El Ni\u00f1o veio fortalecer as pol\u00edticas p\u00fablicas de conviv\u00eancia com a seca. &#8220;Esse olhar do Governo do Estado vai melhorar a vida de homens e mulheres que vivem no semi\u00e1rido&#8221;, afirma.<\/p>\n\n\n\n<p>Sob a coordena\u00e7\u00e3o da Secretaria de Planejamento, o plano tem participa\u00e7\u00e3o das Secretarias de Agricultura Familiar, da Assist\u00eancia T\u00e9cnica e Defesa Agropecu\u00e1ria (Sada), Defesa Civil, da Irriga\u00e7\u00e3o, Infraestrutura, Agespisa, Instituto do Desenvolvimento do Piau\u00ed, Instituto de \u00c1guas e Esgotos do Piau\u00ed (Iaepi).<\/p>\n\n\n\n<p><em>CCOM\/PI<\/em><\/p>\n","protected":false},"excerpt":{"rendered":"<p>Entre as a\u00e7\u00f5es mais importantes do plano est\u00e3o a constru\u00e7\u00e3o de cisternas e a recupera\u00e7\u00e3o de a\u00e7udes e barragens..<\/p>\n","protected":false},"author":2,"featured_media":254953,"comment_status":"open","ping_status":"open","sticky":false,"template":"","format":"standard","meta":{"_mi_skip_tracking":false,"footnotes":""},"categories":[25,1,9,16],"tags":[192],"class_list":["post-254948","post","type-post","status-publish","format-standard","has-post-thumbnail","hentry","category-destaques-site","category-geral","category-municipios","category-todas","tag-destaqueprincipal"],"acf":[],"yoast_head":"<!-- This site is optimized with the Yoast SEO Premium plugin v19.2 (Yoast SEO v26.9) - https:\/\/yoast.com\/product\/yoast-seo-premium-wordpress\/ -->\n<title>Governo do Piau\u00ed investir\u00e1 R$ 798,5 milh\u00f5es em planos emergenciais nos per\u00edodos de seca - Portal Not\u00edcia em Pauta<\/title>\n<meta name=\"robots\" content=\"index, follow, max-snippet:-1, max-image-preview:large, max-video-preview:-1\" \/>\n<link rel=\"canonical\" href=\"https:\/\/noticiaempauta.com\/portal\/governo-do-piaui-investira-r-7985-milhoes-em-planos-emergenciais-nos-periodos-de-seca\/\" \/>\n<meta property=\"og:locale\" content=\"pt_BR\" \/>\n<meta property=\"og:type\" content=\"article\" \/>\n<meta property=\"og:title\" content=\"Governo do Piau\u00ed investir\u00e1 R$ 798,5 milh\u00f5es em planos emergenciais nos per\u00edodos de seca\" \/>\n<meta property=\"og:description\" content=\"Entre as a\u00e7\u00f5es mais importantes do plano est\u00e3o a constru\u00e7\u00e3o de cisternas e a recupera\u00e7\u00e3o de a\u00e7udes e barragens..\" \/>\n<meta property=\"og:url\" content=\"https:\/\/noticiaempauta.com\/portal\/governo-do-piaui-investira-r-7985-milhoes-em-planos-emergenciais-nos-periodos-de-seca\/\" \/>\n<meta property=\"og:site_name\" content=\"Portal Not\u00edcia em Pauta\" \/>\n<meta property=\"article:publisher\" content=\"https:\/\/www.facebook.com\/Portal-Notcia-Em-Pauta-102292869264820\/\" \/>\n<meta property=\"article:published_time\" content=\"2024-02-20T14:15:14+00:00\" \/>\n<meta property=\"article:modified_time\" content=\"2024-02-20T14:15:16+00:00\" \/>\n<meta property=\"og:image\" content=\"https:\/\/noticiaempauta.com\/portal\/wp-content\/uploads\/2024\/02\/large_plano7_ecad1f8d2b.jpg\" \/>\n\t<meta property=\"og:image:width\" content=\"1000\" \/>\n\t<meta property=\"og:image:height\" content=\"667\" \/>\n\t<meta property=\"og:image:type\" content=\"image\/jpeg\" \/>\n<meta name=\"author\" content=\"Reda\u00e7\u00e3o\" \/>\n<meta name=\"twitter:card\" content=\"summary_large_image\" \/>\n<meta name=\"twitter:label1\" content=\"Escrito por\" \/>\n\t<meta name=\"twitter:data1\" content=\"Reda\u00e7\u00e3o\" \/>\n\t<meta name=\"twitter:label2\" content=\"Est. tempo de leitura\" \/>\n\t<meta name=\"twitter:data2\" content=\"5 minutos\" \/>\n<script type=\"application\/ld+json\" class=\"yoast-schema-graph\">{\"@context\":\"https:\/\/schema.org\",\"@graph\":[{\"@type\":\"Article\",\"@id\":\"https:\/\/noticiaempauta.com\/portal\/governo-do-piaui-investira-r-7985-milhoes-em-planos-emergenciais-nos-periodos-de-seca\/#article\",\"isPartOf\":{\"@id\":\"https:\/\/noticiaempauta.com\/portal\/governo-do-piaui-investira-r-7985-milhoes-em-planos-emergenciais-nos-periodos-de-seca\/\"},\"author\":{\"name\":\"Reda\u00e7\u00e3o\",\"@id\":\"https:\/\/noticiaempauta.com\/portal\/#\/schema\/person\/a74af43dd1ab3deca45f988c717d57ac\"},\"headline\":\"Governo do Piau\u00ed investir\u00e1 R$ 798,5 milh\u00f5es em planos emergenciais nos per\u00edodos de seca\",\"datePublished\":\"2024-02-20T14:15:14+00:00\",\"dateModified\":\"2024-02-20T14:15:16+00:00\",\"mainEntityOfPage\":{\"@id\":\"https:\/\/noticiaempauta.com\/portal\/governo-do-piaui-investira-r-7985-milhoes-em-planos-emergenciais-nos-periodos-de-seca\/\"},\"wordCount\":682,\"commentCount\":0,\"publisher\":{\"@id\":\"https:\/\/noticiaempauta.com\/portal\/#organization\"},\"image\":{\"@id\":\"https:\/\/noticiaempauta.com\/portal\/governo-do-piaui-investira-r-7985-milhoes-em-planos-emergenciais-nos-periodos-de-seca\/#primaryimage\"},\"thumbnailUrl\":\"https:\/\/noticiaempauta.com\/portal\/wp-content\/uploads\/2024\/02\/large_plano7_ecad1f8d2b.jpg\",\"keywords\":[\"destaqueprincipal\"],\"articleSection\":[\"Destaques\",\"Geral\",\"Munic\u00edpios\",\"Todas as Not\u00edcias\"],\"inLanguage\":\"pt-BR\",\"potentialAction\":[{\"@type\":\"CommentAction\",\"name\":\"Comment\",\"target\":[\"https:\/\/noticiaempauta.com\/portal\/governo-do-piaui-investira-r-7985-milhoes-em-planos-emergenciais-nos-periodos-de-seca\/#respond\"]}]},{\"@type\":\"WebPage\",\"@id\":\"https:\/\/noticiaempauta.com\/portal\/governo-do-piaui-investira-r-7985-milhoes-em-planos-emergenciais-nos-periodos-de-seca\/\",\"url\":\"https:\/\/noticiaempauta.com\/portal\/governo-do-piaui-investira-r-7985-milhoes-em-planos-emergenciais-nos-periodos-de-seca\/\",\"name\":\"Governo do Piau\u00ed investir\u00e1 R$ 798,5 milh\u00f5es em planos emergenciais nos per\u00edodos de seca - Portal Not\u00edcia em Pauta\",\"isPartOf\":{\"@id\":\"https:\/\/noticiaempauta.com\/portal\/#website\"},\"primaryImageOfPage\":{\"@id\":\"https:\/\/noticiaempauta.com\/portal\/governo-do-piaui-investira-r-7985-milhoes-em-planos-emergenciais-nos-periodos-de-seca\/#primaryimage\"},\"image\":{\"@id\":\"https:\/\/noticiaempauta.com\/portal\/governo-do-piaui-investira-r-7985-milhoes-em-planos-emergenciais-nos-periodos-de-seca\/#primaryimage\"},\"thumbnailUrl\":\"https:\/\/noticiaempauta.com\/portal\/wp-content\/uploads\/2024\/02\/large_plano7_ecad1f8d2b.jpg\",\"datePublished\":\"2024-02-20T14:15:14+00:00\",\"dateModified\":\"2024-02-20T14:15:16+00:00\",\"breadcrumb\":{\"@id\":\"https:\/\/noticiaempauta.com\/portal\/governo-do-piaui-investira-r-7985-milhoes-em-planos-emergenciais-nos-periodos-de-seca\/#breadcrumb\"},\"inLanguage\":\"pt-BR\",\"potentialAction\":[{\"@type\":\"ReadAction\",\"target\":[\"https:\/\/noticiaempauta.com\/portal\/governo-do-piaui-investira-r-7985-milhoes-em-planos-emergenciais-nos-periodos-de-seca\/\"]}]},{\"@type\":\"ImageObject\",\"inLanguage\":\"pt-BR\",\"@id\":\"https:\/\/noticiaempauta.com\/portal\/governo-do-piaui-investira-r-7985-milhoes-em-planos-emergenciais-nos-periodos-de-seca\/#primaryimage\",\"url\":\"https:\/\/noticiaempauta.com\/portal\/wp-content\/uploads\/2024\/02\/large_plano7_ecad1f8d2b.jpg\",\"contentUrl\":\"https:\/\/noticiaempauta.com\/portal\/wp-content\/uploads\/2024\/02\/large_plano7_ecad1f8d2b.jpg\",\"width\":1000,\"height\":667},{\"@type\":\"BreadcrumbList\",\"@id\":\"https:\/\/noticiaempauta.com\/portal\/governo-do-piaui-investira-r-7985-milhoes-em-planos-emergenciais-nos-periodos-de-seca\/#breadcrumb\",\"itemListElement\":[{\"@type\":\"ListItem\",\"position\":1,\"name\":\"P\u00e1gina Inicial\",\"item\":\"https:\/\/noticiaempauta.com\/portal\/\"},{\"@type\":\"ListItem\",\"position\":2,\"name\":\"Destaques\",\"item\":\"https:\/\/noticiaempauta.com\/portal\/destaques-site\/\"},{\"@type\":\"ListItem\",\"position\":3,\"name\":\"Governo do Piau\u00ed investir\u00e1 R$ 798,5 milh\u00f5es em planos emergenciais nos per\u00edodos de seca\"}]},{\"@type\":\"WebSite\",\"@id\":\"https:\/\/noticiaempauta.com\/portal\/#website\",\"url\":\"https:\/\/noticiaempauta.com\/portal\/\",\"name\":\"Portal Not\u00edcia em Pauta\",\"description\":\"Voc\u00ea bem informado\",\"publisher\":{\"@id\":\"https:\/\/noticiaempauta.com\/portal\/#organization\"},\"potentialAction\":[{\"@type\":\"SearchAction\",\"target\":{\"@type\":\"EntryPoint\",\"urlTemplate\":\"https:\/\/noticiaempauta.com\/portal\/?s={search_term_string}\"},\"query-input\":{\"@type\":\"PropertyValueSpecification\",\"valueRequired\":true,\"valueName\":\"search_term_string\"}}],\"inLanguage\":\"pt-BR\"},{\"@type\":\"Organization\",\"@id\":\"https:\/\/noticiaempauta.com\/portal\/#organization\",\"name\":\"Portal Not\u00edcia em Pauta\",\"url\":\"https:\/\/noticiaempauta.com\/portal\/\",\"logo\":{\"@type\":\"ImageObject\",\"inLanguage\":\"pt-BR\",\"@id\":\"https:\/\/noticiaempauta.com\/portal\/#\/schema\/logo\/image\/\",\"url\":\"https:\/\/noticiaempauta.com\/portal\/wp-content\/uploads\/2022\/08\/logomarca_tema.fw_.png\",\"contentUrl\":\"https:\/\/noticiaempauta.com\/portal\/wp-content\/uploads\/2022\/08\/logomarca_tema.fw_.png\",\"width\":400,\"height\":232,\"caption\":\"Portal Not\u00edcia em Pauta\"},\"image\":{\"@id\":\"https:\/\/noticiaempauta.com\/portal\/#\/schema\/logo\/image\/\"},\"sameAs\":[\"https:\/\/www.facebook.com\/Portal-Notcia-Em-Pauta-102292869264820\/\",\"https:\/\/www.instagram.com\/portalnoticiaempauta\/\"]},{\"@type\":\"Person\",\"@id\":\"https:\/\/noticiaempauta.com\/portal\/#\/schema\/person\/a74af43dd1ab3deca45f988c717d57ac\",\"name\":\"Reda\u00e7\u00e3o\",\"image\":{\"@type\":\"ImageObject\",\"inLanguage\":\"pt-BR\",\"@id\":\"https:\/\/noticiaempauta.com\/portal\/#\/schema\/person\/image\/\",\"url\":\"https:\/\/secure.gravatar.com\/avatar\/03179346ecce6cdfc13361603e8f54242a90e5cde8618fa23c5c00aa2b0aadf3?s=96&d=mm&r=g\",\"contentUrl\":\"https:\/\/secure.gravatar.com\/avatar\/03179346ecce6cdfc13361603e8f54242a90e5cde8618fa23c5c00aa2b0aadf3?s=96&d=mm&r=g\",\"caption\":\"Reda\u00e7\u00e3o\"},\"sameAs\":[\"https:\/\/noticiaempauta.com\/portal\/\"],\"url\":\"https:\/\/noticiaempauta.com\/portal\/author\/fernando\/\"}]}<\/script>\n<!-- \/ Yoast SEO Premium plugin. -->","yoast_head_json":{"title":"Governo do Piau\u00ed investir\u00e1 R$ 798,5 milh\u00f5es em planos emergenciais nos per\u00edodos de seca - Portal Not\u00edcia em Pauta","robots":{"index":"index","follow":"follow","max-snippet":"max-snippet:-1","max-image-preview":"max-image-preview:large","max-video-preview":"max-video-preview:-1"},"canonical":"https:\/\/noticiaempauta.com\/portal\/governo-do-piaui-investira-r-7985-milhoes-em-planos-emergenciais-nos-periodos-de-seca\/","og_locale":"pt_BR","og_type":"article","og_title":"Governo do Piau\u00ed investir\u00e1 R$ 798,5 milh\u00f5es em planos emergenciais nos per\u00edodos de seca","og_description":"Entre as a\u00e7\u00f5es mais importantes do plano est\u00e3o a constru\u00e7\u00e3o de cisternas e a recupera\u00e7\u00e3o de a\u00e7udes e barragens..","og_url":"https:\/\/noticiaempauta.com\/portal\/governo-do-piaui-investira-r-7985-milhoes-em-planos-emergenciais-nos-periodos-de-seca\/","og_site_name":"Portal Not\u00edcia em Pauta","article_publisher":"https:\/\/www.facebook.com\/Portal-Notcia-Em-Pauta-102292869264820\/","article_published_time":"2024-02-20T14:15:14+00:00","article_modified_time":"2024-02-20T14:15:16+00:00","og_image":[{"width":1000,"height":667,"url":"https:\/\/noticiaempauta.com\/portal\/wp-content\/uploads\/2024\/02\/large_plano7_ecad1f8d2b.jpg","type":"image\/jpeg"}],"author":"Reda\u00e7\u00e3o","twitter_card":"summary_large_image","twitter_misc":{"Escrito por":"Reda\u00e7\u00e3o","Est. tempo de leitura":"5 minutos"},"schema":{"@context":"https:\/\/schema.org","@graph":[{"@type":"Article","@id":"https:\/\/noticiaempauta.com\/portal\/governo-do-piaui-investira-r-7985-milhoes-em-planos-emergenciais-nos-periodos-de-seca\/#article","isPartOf":{"@id":"https:\/\/noticiaempauta.com\/portal\/governo-do-piaui-investira-r-7985-milhoes-em-planos-emergenciais-nos-periodos-de-seca\/"},"author":{"name":"Reda\u00e7\u00e3o","@id":"https:\/\/noticiaempauta.com\/portal\/#\/schema\/person\/a74af43dd1ab3deca45f988c717d57ac"},"headline":"Governo do Piau\u00ed investir\u00e1 R$ 798,5 milh\u00f5es em planos emergenciais nos per\u00edodos de seca","datePublished":"2024-02-20T14:15:14+00:00","dateModified":"2024-02-20T14:15:16+00:00","mainEntityOfPage":{"@id":"https:\/\/noticiaempauta.com\/portal\/governo-do-piaui-investira-r-7985-milhoes-em-planos-emergenciais-nos-periodos-de-seca\/"},"wordCount":682,"commentCount":0,"publisher":{"@id":"https:\/\/noticiaempauta.com\/portal\/#organization"},"image":{"@id":"https:\/\/noticiaempauta.com\/portal\/governo-do-piaui-investira-r-7985-milhoes-em-planos-emergenciais-nos-periodos-de-seca\/#primaryimage"},"thumbnailUrl":"https:\/\/noticiaempauta.com\/portal\/wp-content\/uploads\/2024\/02\/large_plano7_ecad1f8d2b.jpg","keywords":["destaqueprincipal"],"articleSection":["Destaques","Geral","Munic\u00edpios","Todas as Not\u00edcias"],"inLanguage":"pt-BR","potentialAction":[{"@type":"CommentAction","name":"Comment","target":["https:\/\/noticiaempauta.com\/portal\/governo-do-piaui-investira-r-7985-milhoes-em-planos-emergenciais-nos-periodos-de-seca\/#respond"]}]},{"@type":"WebPage","@id":"https:\/\/noticiaempauta.com\/portal\/governo-do-piaui-investira-r-7985-milhoes-em-planos-emergenciais-nos-periodos-de-seca\/","url":"https:\/\/noticiaempauta.com\/portal\/governo-do-piaui-investira-r-7985-milhoes-em-planos-emergenciais-nos-periodos-de-seca\/","name":"Governo do Piau\u00ed investir\u00e1 R$ 798,5 milh\u00f5es em planos emergenciais nos per\u00edodos de seca - Portal Not\u00edcia em Pauta","isPartOf":{"@id":"https:\/\/noticiaempauta.com\/portal\/#website"},"primaryImageOfPage":{"@id":"https:\/\/noticiaempauta.com\/portal\/governo-do-piaui-investira-r-7985-milhoes-em-planos-emergenciais-nos-periodos-de-seca\/#primaryimage"},"image":{"@id":"https:\/\/noticiaempauta.com\/portal\/governo-do-piaui-investira-r-7985-milhoes-em-planos-emergenciais-nos-periodos-de-seca\/#primaryimage"},"thumbnailUrl":"https:\/\/noticiaempauta.com\/portal\/wp-content\/uploads\/2024\/02\/large_plano7_ecad1f8d2b.jpg","datePublished":"2024-02-20T14:15:14+00:00","dateModified":"2024-02-20T14:15:16+00:00","breadcrumb":{"@id":"https:\/\/noticiaempauta.com\/portal\/governo-do-piaui-investira-r-7985-milhoes-em-planos-emergenciais-nos-periodos-de-seca\/#breadcrumb"},"inLanguage":"pt-BR","potentialAction":[{"@type":"ReadAction","target":["https:\/\/noticiaempauta.com\/portal\/governo-do-piaui-investira-r-7985-milhoes-em-planos-emergenciais-nos-periodos-de-seca\/"]}]},{"@type":"ImageObject","inLanguage":"pt-BR","@id":"https:\/\/noticiaempauta.com\/portal\/governo-do-piaui-investira-r-7985-milhoes-em-planos-emergenciais-nos-periodos-de-seca\/#primaryimage","url":"https:\/\/noticiaempauta.com\/portal\/wp-content\/uploads\/2024\/02\/large_plano7_ecad1f8d2b.jpg","contentUrl":"https:\/\/noticiaempauta.com\/portal\/wp-content\/uploads\/2024\/02\/large_plano7_ecad1f8d2b.jpg","width":1000,"height":667},{"@type":"BreadcrumbList","@id":"https:\/\/noticiaempauta.com\/portal\/governo-do-piaui-investira-r-7985-milhoes-em-planos-emergenciais-nos-periodos-de-seca\/#breadcrumb","itemListElement":[{"@type":"ListItem","position":1,"name":"P\u00e1gina Inicial","item":"https:\/\/noticiaempauta.com\/portal\/"},{"@type":"ListItem","position":2,"name":"Destaques","item":"https:\/\/noticiaempauta.com\/portal\/destaques-site\/"},{"@type":"ListItem","position":3,"name":"Governo do Piau\u00ed investir\u00e1 R$ 798,5 milh\u00f5es em planos emergenciais nos per\u00edodos de seca"}]},{"@type":"WebSite","@id":"https:\/\/noticiaempauta.com\/portal\/#website","url":"https:\/\/noticiaempauta.com\/portal\/","name":"Portal Not\u00edcia em Pauta","description":"Voc\u00ea bem informado","publisher":{"@id":"https:\/\/noticiaempauta.com\/portal\/#organization"},"potentialAction":[{"@type":"SearchAction","target":{"@type":"EntryPoint","urlTemplate":"https:\/\/noticiaempauta.com\/portal\/?s={search_term_string}"},"query-input":{"@type":"PropertyValueSpecification","valueRequired":true,"valueName":"search_term_string"}}],"inLanguage":"pt-BR"},{"@type":"Organization","@id":"https:\/\/noticiaempauta.com\/portal\/#organization","name":"Portal Not\u00edcia em Pauta","url":"https:\/\/noticiaempauta.com\/portal\/","logo":{"@type":"ImageObject","inLanguage":"pt-BR","@id":"https:\/\/noticiaempauta.com\/portal\/#\/schema\/logo\/image\/","url":"https:\/\/noticiaempauta.com\/portal\/wp-content\/uploads\/2022\/08\/logomarca_tema.fw_.png","contentUrl":"https:\/\/noticiaempauta.com\/portal\/wp-content\/uploads\/2022\/08\/logomarca_tema.fw_.png","width":400,"height":232,"caption":"Portal Not\u00edcia em Pauta"},"image":{"@id":"https:\/\/noticiaempauta.com\/portal\/#\/schema\/logo\/image\/"},"sameAs":["https:\/\/www.facebook.com\/Portal-Notcia-Em-Pauta-102292869264820\/","https:\/\/www.instagram.com\/portalnoticiaempauta\/"]},{"@type":"Person","@id":"https:\/\/noticiaempauta.com\/portal\/#\/schema\/person\/a74af43dd1ab3deca45f988c717d57ac","name":"Reda\u00e7\u00e3o","image":{"@type":"ImageObject","inLanguage":"pt-BR","@id":"https:\/\/noticiaempauta.com\/portal\/#\/schema\/person\/image\/","url":"https:\/\/secure.gravatar.com\/avatar\/03179346ecce6cdfc13361603e8f54242a90e5cde8618fa23c5c00aa2b0aadf3?s=96&d=mm&r=g","contentUrl":"https:\/\/secure.gravatar.com\/avatar\/03179346ecce6cdfc13361603e8f54242a90e5cde8618fa23c5c00aa2b0aadf3?s=96&d=mm&r=g","caption":"Reda\u00e7\u00e3o"},"sameAs":["https:\/\/noticiaempauta.com\/portal\/"],"url":"https:\/\/noticiaempauta.com\/portal\/author\/fernando\/"}]}},"_links":{"self":[{"href":"https:\/\/noticiaempauta.com\/portal\/wp-json\/wp\/v2\/posts\/254948","targetHints":{"allow":["GET"]}}],"collection":[{"href":"https:\/\/noticiaempauta.com\/portal\/wp-json\/wp\/v2\/posts"}],"about":[{"href":"https:\/\/noticiaempauta.com\/portal\/wp-json\/wp\/v2\/types\/post"}],"author":[{"embeddable":true,"href":"https:\/\/noticiaempauta.com\/portal\/wp-json\/wp\/v2\/users\/2"}],"replies":[{"embeddable":true,"href":"https:\/\/noticiaempauta.com\/portal\/wp-json\/wp\/v2\/comments?post=254948"}],"version-history":[{"count":2,"href":"https:\/\/noticiaempauta.com\/portal\/wp-json\/wp\/v2\/posts\/254948\/revisions"}],"predecessor-version":[{"id":254955,"href":"https:\/\/noticiaempauta.com\/portal\/wp-json\/wp\/v2\/posts\/254948\/revisions\/254955"}],"wp:featuredmedia":[{"embeddable":true,"href":"https:\/\/noticiaempauta.com\/portal\/wp-json\/wp\/v2\/media\/254953"}],"wp:attachment":[{"href":"https:\/\/noticiaempauta.com\/portal\/wp-json\/wp\/v2\/media?parent=254948"}],"wp:term":[{"taxonomy":"category","embeddable":true,"href":"https:\/\/noticiaempauta.com\/portal\/wp-json\/wp\/v2\/categories?post=254948"},{"taxonomy":"post_tag","embeddable":true,"href":"https:\/\/noticiaempauta.com\/portal\/wp-json\/wp\/v2\/tags?post=254948"}],"curies":[{"name":"wp","href":"https:\/\/api.w.org\/{rel}","templated":true}]}}