{"id":254956,"date":"2024-02-21T09:15:09","date_gmt":"2024-02-21T12:15:09","guid":{"rendered":"https:\/\/noticiaempauta.com\/portal\/?p=254956"},"modified":"2024-02-21T09:15:11","modified_gmt":"2024-02-21T12:15:11","slug":"concurso-de-cartorios-aprovados-assumem-cargos-de-notarios-e-registradores","status":"publish","type":"post","link":"https:\/\/noticiaempauta.com\/portal\/concurso-de-cartorios-aprovados-assumem-cargos-de-notarios-e-registradores\/","title":{"rendered":"Concurso de Cart\u00f3rios: Aprovados assumem cargos de not\u00e1rios e registradores"},"content":{"rendered":"\n<p>Os aprovados no Concurso de Cart\u00f3rios assinaram, nesta ter\u00e7a-feira (20), o termo de investidura para os cargos de delegat\u00e1rios de Notas e Registros durante ato solene realizado pelo Tribunal de Justi\u00e7a do Piau\u00ed (TJ-PI). Os novos delegat\u00e1rios ter\u00e3o 30 dias corridos para tomar posse de suas atividades, perante o juiz corregedor permanente da comarca em que est\u00e1 localizado o cart\u00f3rio escolhido.<\/p>\n\n\n\n<figure class=\"wp-block-image size-full\"><img fetchpriority=\"high\" decoding=\"async\" width=\"790\" height=\"500\" src=\"https:\/\/noticiaempauta.com\/portal\/wp-content\/uploads\/2024\/02\/9cbae77a15a80ed35ef4cebd20b0927f.jpg\" alt=\"\" class=\"wp-image-254959\" srcset=\"https:\/\/noticiaempauta.com\/portal\/wp-content\/uploads\/2024\/02\/9cbae77a15a80ed35ef4cebd20b0927f.jpg 790w, https:\/\/noticiaempauta.com\/portal\/wp-content\/uploads\/2024\/02\/9cbae77a15a80ed35ef4cebd20b0927f-300x190.jpg 300w, https:\/\/noticiaempauta.com\/portal\/wp-content\/uploads\/2024\/02\/9cbae77a15a80ed35ef4cebd20b0927f-768x486.jpg 768w\" sizes=\"(max-width: 790px) 100vw, 790px\" \/><figcaption class=\"wp-element-caption\"><em>Foto: Ascom\/TJ-PI<\/em><\/figcaption><\/figure>\n\n\n\n<p>Foram investidos no cargo de delegat\u00e1rios dos cart\u00f3rios os candidatos aprovados que escolheram as serventias extrajudiciais em que atuar\u00e3o durante audi\u00eancia p\u00fablica realizada no dia 29 de janeiro de 2024. Os demais aprovados, que n\u00e3o escolheram os cart\u00f3rios em que ser\u00e3o de delegat\u00e1rios, participar\u00e3o de novas audi\u00eancias p\u00fablicas, previstas para as datas de 12 de maio de 2024 e 15 de julho de 2024.<\/p>\n\n\n\n<p>\u201cDepois de dias intensos, em que cumprimos todos os protocolos necess\u00e1rios para a conclus\u00e3o desse momento t\u00e3o importante, \u00e9 chegada a hora de come\u00e7armos o que realmente interessa: o trabalho! Sou testemunha do entusiasmo de cada um dos senhores em finalmente assumir esse desafio e, agora, diante de tudo que j\u00e1 foi posto, resta-me desejar muito boa sorte e reafirmar a import\u00e2ncia de cada um de voc\u00eas nesse momento t\u00e3o desafiador como promissor\u201d, disse o desembargador Hilo de Almeida Sousa, presidente do TJ-PI.<\/p>\n\n\n\n<p>O corregedor do Foro Extrajudicial, desembargador Joaquim Santana, falou sobre os avan\u00e7os que o provimento dessas serventias dever\u00e1 proporcionar \u00e0 popula\u00e7\u00e3o piauiense. \u201cSer\u00e1 um novo momento para os servi\u00e7os extrajudiciais no nosso estado, com maior qualidade, mais celeridade, maior inova\u00e7\u00e3o e uma m\u00e3o de obra altamente qualificada\u201d, enumerou o desembargador. Cabe \u00e0 Corregedoria do Foro Extrajudicial o controle e a fiscaliza\u00e7\u00e3o dos servidores cartor\u00e1rios extrajudiciais em todo o Piau\u00ed.<\/p>\n\n\n\n<p><\/p>\n\n\n\n<p><strong>Vit\u00f3ria<\/strong><\/p>\n\n\n\n<p>\u201cEsse momento representa uma vit\u00f3ria muito grande, a consagra\u00e7\u00e3o de uma espera para que possamos come\u00e7ar a prestar o melhor servi\u00e7o poss\u00edvel \u00e0 popula\u00e7\u00e3o do Piau\u00ed. Estamos todos muito felizes\u201d, disse Adriana Rego Cutrim, tabeli\u00e3 do 6\u00ba Of\u00edcio de Registro Civil de Pessoas Naturais de Teresina.<\/p>\n\n\n\n<figure class=\"wp-block-image size-full\"><img decoding=\"async\" width=\"790\" height=\"500\" src=\"https:\/\/noticiaempauta.com\/portal\/wp-content\/uploads\/2024\/02\/208876764690fe9892d2353d29bc6d88.jpg\" alt=\"\" class=\"wp-image-254958\" srcset=\"https:\/\/noticiaempauta.com\/portal\/wp-content\/uploads\/2024\/02\/208876764690fe9892d2353d29bc6d88.jpg 790w, https:\/\/noticiaempauta.com\/portal\/wp-content\/uploads\/2024\/02\/208876764690fe9892d2353d29bc6d88-300x190.jpg 300w, https:\/\/noticiaempauta.com\/portal\/wp-content\/uploads\/2024\/02\/208876764690fe9892d2353d29bc6d88-768x486.jpg 768w\" sizes=\"(max-width: 790px) 100vw, 790px\" \/><figcaption class=\"wp-element-caption\"><em>Foto: Ascom\/TJ-PI<\/em><\/figcaption><\/figure>\n\n\n\n<p><\/p>\n\n\n\n<p><em>Fonte: Cidade Verde<\/em><\/p>\n","protected":false},"excerpt":{"rendered":"<p>Os aprovados no Concurso de Cart\u00f3rios assinaram, nesta ter\u00e7a-feira (20), o termo de investidura para os cargos de delegat\u00e1rios de Notas e Registros durante ato solene realizado pelo Tribunal de Justi\u00e7a do Piau\u00ed (TJ-PI). Os novos delegat\u00e1rios ter\u00e3o 30 dias corridos para tomar posse de suas atividades, perante o juiz corregedor permanente da comarca em [&hellip;]<\/p>\n","protected":false},"author":2,"featured_media":0,"comment_status":"open","ping_status":"open","sticky":false,"template":"","format":"standard","meta":{"_mi_skip_tracking":false,"footnotes":""},"categories":[25,1,16],"tags":[],"class_list":["post-254956","post","type-post","status-publish","format-standard","hentry","category-destaques-site","category-geral","category-todas"],"acf":[],"yoast_head":"<!-- This site is optimized with the Yoast SEO Premium plugin v19.2 (Yoast SEO v26.9) - https:\/\/yoast.com\/product\/yoast-seo-premium-wordpress\/ -->\n<title>Concurso de Cart\u00f3rios: Aprovados assumem cargos de not\u00e1rios e registradores - Portal Not\u00edcia em Pauta<\/title>\n<meta name=\"robots\" content=\"index, follow, max-snippet:-1, max-image-preview:large, max-video-preview:-1\" \/>\n<link rel=\"canonical\" href=\"https:\/\/noticiaempauta.com\/portal\/concurso-de-cartorios-aprovados-assumem-cargos-de-notarios-e-registradores\/\" \/>\n<meta property=\"og:locale\" content=\"pt_BR\" \/>\n<meta property=\"og:type\" content=\"article\" \/>\n<meta property=\"og:title\" content=\"Concurso de Cart\u00f3rios: Aprovados assumem cargos de not\u00e1rios e registradores\" \/>\n<meta property=\"og:description\" content=\"Os aprovados no Concurso de Cart\u00f3rios assinaram, nesta ter\u00e7a-feira (20), o termo de investidura para os cargos de delegat\u00e1rios de Notas e Registros durante ato solene realizado pelo Tribunal de Justi\u00e7a do Piau\u00ed (TJ-PI). Os novos delegat\u00e1rios ter\u00e3o 30 dias corridos para tomar posse de suas atividades, perante o juiz corregedor permanente da comarca em [&hellip;]\" \/>\n<meta property=\"og:url\" content=\"https:\/\/noticiaempauta.com\/portal\/concurso-de-cartorios-aprovados-assumem-cargos-de-notarios-e-registradores\/\" \/>\n<meta property=\"og:site_name\" content=\"Portal Not\u00edcia em Pauta\" \/>\n<meta property=\"article:publisher\" content=\"https:\/\/www.facebook.com\/Portal-Notcia-Em-Pauta-102292869264820\/\" \/>\n<meta property=\"article:published_time\" content=\"2024-02-21T12:15:09+00:00\" \/>\n<meta property=\"article:modified_time\" content=\"2024-02-21T12:15:11+00:00\" \/>\n<meta property=\"og:image\" content=\"https:\/\/noticiaempauta.com\/portal\/wp-content\/uploads\/2024\/02\/9cbae77a15a80ed35ef4cebd20b0927f.jpg\" \/>\n<meta name=\"author\" content=\"Reda\u00e7\u00e3o\" \/>\n<meta name=\"twitter:card\" content=\"summary_large_image\" \/>\n<meta name=\"twitter:label1\" content=\"Escrito por\" \/>\n\t<meta name=\"twitter:data1\" content=\"Reda\u00e7\u00e3o\" \/>\n\t<meta name=\"twitter:label2\" content=\"Est. tempo de leitura\" \/>\n\t<meta name=\"twitter:data2\" content=\"3 minutos\" \/>\n<script type=\"application\/ld+json\" class=\"yoast-schema-graph\">{\"@context\":\"https:\/\/schema.org\",\"@graph\":[{\"@type\":\"Article\",\"@id\":\"https:\/\/noticiaempauta.com\/portal\/concurso-de-cartorios-aprovados-assumem-cargos-de-notarios-e-registradores\/#article\",\"isPartOf\":{\"@id\":\"https:\/\/noticiaempauta.com\/portal\/concurso-de-cartorios-aprovados-assumem-cargos-de-notarios-e-registradores\/\"},\"author\":{\"name\":\"Reda\u00e7\u00e3o\",\"@id\":\"https:\/\/noticiaempauta.com\/portal\/#\/schema\/person\/a74af43dd1ab3deca45f988c717d57ac\"},\"headline\":\"Concurso de Cart\u00f3rios: Aprovados assumem cargos de not\u00e1rios e registradores\",\"datePublished\":\"2024-02-21T12:15:09+00:00\",\"dateModified\":\"2024-02-21T12:15:11+00:00\",\"mainEntityOfPage\":{\"@id\":\"https:\/\/noticiaempauta.com\/portal\/concurso-de-cartorios-aprovados-assumem-cargos-de-notarios-e-registradores\/\"},\"wordCount\":373,\"commentCount\":0,\"publisher\":{\"@id\":\"https:\/\/noticiaempauta.com\/portal\/#organization\"},\"image\":{\"@id\":\"https:\/\/noticiaempauta.com\/portal\/concurso-de-cartorios-aprovados-assumem-cargos-de-notarios-e-registradores\/#primaryimage\"},\"thumbnailUrl\":\"https:\/\/noticiaempauta.com\/portal\/wp-content\/uploads\/2024\/02\/9cbae77a15a80ed35ef4cebd20b0927f.jpg\",\"articleSection\":[\"Destaques\",\"Geral\",\"Todas as Not\u00edcias\"],\"inLanguage\":\"pt-BR\",\"potentialAction\":[{\"@type\":\"CommentAction\",\"name\":\"Comment\",\"target\":[\"https:\/\/noticiaempauta.com\/portal\/concurso-de-cartorios-aprovados-assumem-cargos-de-notarios-e-registradores\/#respond\"]}]},{\"@type\":\"WebPage\",\"@id\":\"https:\/\/noticiaempauta.com\/portal\/concurso-de-cartorios-aprovados-assumem-cargos-de-notarios-e-registradores\/\",\"url\":\"https:\/\/noticiaempauta.com\/portal\/concurso-de-cartorios-aprovados-assumem-cargos-de-notarios-e-registradores\/\",\"name\":\"Concurso de Cart\u00f3rios: Aprovados assumem cargos de not\u00e1rios e registradores - Portal Not\u00edcia em Pauta\",\"isPartOf\":{\"@id\":\"https:\/\/noticiaempauta.com\/portal\/#website\"},\"primaryImageOfPage\":{\"@id\":\"https:\/\/noticiaempauta.com\/portal\/concurso-de-cartorios-aprovados-assumem-cargos-de-notarios-e-registradores\/#primaryimage\"},\"image\":{\"@id\":\"https:\/\/noticiaempauta.com\/portal\/concurso-de-cartorios-aprovados-assumem-cargos-de-notarios-e-registradores\/#primaryimage\"},\"thumbnailUrl\":\"https:\/\/noticiaempauta.com\/portal\/wp-content\/uploads\/2024\/02\/9cbae77a15a80ed35ef4cebd20b0927f.jpg\",\"datePublished\":\"2024-02-21T12:15:09+00:00\",\"dateModified\":\"2024-02-21T12:15:11+00:00\",\"breadcrumb\":{\"@id\":\"https:\/\/noticiaempauta.com\/portal\/concurso-de-cartorios-aprovados-assumem-cargos-de-notarios-e-registradores\/#breadcrumb\"},\"inLanguage\":\"pt-BR\",\"potentialAction\":[{\"@type\":\"ReadAction\",\"target\":[\"https:\/\/noticiaempauta.com\/portal\/concurso-de-cartorios-aprovados-assumem-cargos-de-notarios-e-registradores\/\"]}]},{\"@type\":\"ImageObject\",\"inLanguage\":\"pt-BR\",\"@id\":\"https:\/\/noticiaempauta.com\/portal\/concurso-de-cartorios-aprovados-assumem-cargos-de-notarios-e-registradores\/#primaryimage\",\"url\":\"https:\/\/noticiaempauta.com\/portal\/wp-content\/uploads\/2024\/02\/9cbae77a15a80ed35ef4cebd20b0927f.jpg\",\"contentUrl\":\"https:\/\/noticiaempauta.com\/portal\/wp-content\/uploads\/2024\/02\/9cbae77a15a80ed35ef4cebd20b0927f.jpg\",\"width\":790,\"height\":500},{\"@type\":\"BreadcrumbList\",\"@id\":\"https:\/\/noticiaempauta.com\/portal\/concurso-de-cartorios-aprovados-assumem-cargos-de-notarios-e-registradores\/#breadcrumb\",\"itemListElement\":[{\"@type\":\"ListItem\",\"position\":1,\"name\":\"P\u00e1gina Inicial\",\"item\":\"https:\/\/noticiaempauta.com\/portal\/\"},{\"@type\":\"ListItem\",\"position\":2,\"name\":\"Destaques\",\"item\":\"https:\/\/noticiaempauta.com\/portal\/destaques-site\/\"},{\"@type\":\"ListItem\",\"position\":3,\"name\":\"Concurso de Cart\u00f3rios: Aprovados assumem cargos de not\u00e1rios e registradores\"}]},{\"@type\":\"WebSite\",\"@id\":\"https:\/\/noticiaempauta.com\/portal\/#website\",\"url\":\"https:\/\/noticiaempauta.com\/portal\/\",\"name\":\"Portal Not\u00edcia em Pauta\",\"description\":\"Voc\u00ea bem informado\",\"publisher\":{\"@id\":\"https:\/\/noticiaempauta.com\/portal\/#organization\"},\"potentialAction\":[{\"@type\":\"SearchAction\",\"target\":{\"@type\":\"EntryPoint\",\"urlTemplate\":\"https:\/\/noticiaempauta.com\/portal\/?s={search_term_string}\"},\"query-input\":{\"@type\":\"PropertyValueSpecification\",\"valueRequired\":true,\"valueName\":\"search_term_string\"}}],\"inLanguage\":\"pt-BR\"},{\"@type\":\"Organization\",\"@id\":\"https:\/\/noticiaempauta.com\/portal\/#organization\",\"name\":\"Portal Not\u00edcia em Pauta\",\"url\":\"https:\/\/noticiaempauta.com\/portal\/\",\"logo\":{\"@type\":\"ImageObject\",\"inLanguage\":\"pt-BR\",\"@id\":\"https:\/\/noticiaempauta.com\/portal\/#\/schema\/logo\/image\/\",\"url\":\"https:\/\/noticiaempauta.com\/portal\/wp-content\/uploads\/2022\/08\/logomarca_tema.fw_.png\",\"contentUrl\":\"https:\/\/noticiaempauta.com\/portal\/wp-content\/uploads\/2022\/08\/logomarca_tema.fw_.png\",\"width\":400,\"height\":232,\"caption\":\"Portal Not\u00edcia em Pauta\"},\"image\":{\"@id\":\"https:\/\/noticiaempauta.com\/portal\/#\/schema\/logo\/image\/\"},\"sameAs\":[\"https:\/\/www.facebook.com\/Portal-Notcia-Em-Pauta-102292869264820\/\",\"https:\/\/www.instagram.com\/portalnoticiaempauta\/\"]},{\"@type\":\"Person\",\"@id\":\"https:\/\/noticiaempauta.com\/portal\/#\/schema\/person\/a74af43dd1ab3deca45f988c717d57ac\",\"name\":\"Reda\u00e7\u00e3o\",\"image\":{\"@type\":\"ImageObject\",\"inLanguage\":\"pt-BR\",\"@id\":\"https:\/\/noticiaempauta.com\/portal\/#\/schema\/person\/image\/\",\"url\":\"https:\/\/secure.gravatar.com\/avatar\/03179346ecce6cdfc13361603e8f54242a90e5cde8618fa23c5c00aa2b0aadf3?s=96&d=mm&r=g\",\"contentUrl\":\"https:\/\/secure.gravatar.com\/avatar\/03179346ecce6cdfc13361603e8f54242a90e5cde8618fa23c5c00aa2b0aadf3?s=96&d=mm&r=g\",\"caption\":\"Reda\u00e7\u00e3o\"},\"sameAs\":[\"https:\/\/noticiaempauta.com\/portal\/\"],\"url\":\"https:\/\/noticiaempauta.com\/portal\/author\/fernando\/\"}]}<\/script>\n<!-- \/ Yoast SEO Premium plugin. -->","yoast_head_json":{"title":"Concurso de Cart\u00f3rios: Aprovados assumem cargos de not\u00e1rios e registradores - Portal Not\u00edcia em Pauta","robots":{"index":"index","follow":"follow","max-snippet":"max-snippet:-1","max-image-preview":"max-image-preview:large","max-video-preview":"max-video-preview:-1"},"canonical":"https:\/\/noticiaempauta.com\/portal\/concurso-de-cartorios-aprovados-assumem-cargos-de-notarios-e-registradores\/","og_locale":"pt_BR","og_type":"article","og_title":"Concurso de Cart\u00f3rios: Aprovados assumem cargos de not\u00e1rios e registradores","og_description":"Os aprovados no Concurso de Cart\u00f3rios assinaram, nesta ter\u00e7a-feira (20), o termo de investidura para os cargos de delegat\u00e1rios de Notas e Registros durante ato solene realizado pelo Tribunal de Justi\u00e7a do Piau\u00ed (TJ-PI). Os novos delegat\u00e1rios ter\u00e3o 30 dias corridos para tomar posse de suas atividades, perante o juiz corregedor permanente da comarca em [&hellip;]","og_url":"https:\/\/noticiaempauta.com\/portal\/concurso-de-cartorios-aprovados-assumem-cargos-de-notarios-e-registradores\/","og_site_name":"Portal Not\u00edcia em Pauta","article_publisher":"https:\/\/www.facebook.com\/Portal-Notcia-Em-Pauta-102292869264820\/","article_published_time":"2024-02-21T12:15:09+00:00","article_modified_time":"2024-02-21T12:15:11+00:00","og_image":[{"url":"https:\/\/noticiaempauta.com\/portal\/wp-content\/uploads\/2024\/02\/9cbae77a15a80ed35ef4cebd20b0927f.jpg","type":"","width":"","height":""}],"author":"Reda\u00e7\u00e3o","twitter_card":"summary_large_image","twitter_misc":{"Escrito por":"Reda\u00e7\u00e3o","Est. tempo de leitura":"3 minutos"},"schema":{"@context":"https:\/\/schema.org","@graph":[{"@type":"Article","@id":"https:\/\/noticiaempauta.com\/portal\/concurso-de-cartorios-aprovados-assumem-cargos-de-notarios-e-registradores\/#article","isPartOf":{"@id":"https:\/\/noticiaempauta.com\/portal\/concurso-de-cartorios-aprovados-assumem-cargos-de-notarios-e-registradores\/"},"author":{"name":"Reda\u00e7\u00e3o","@id":"https:\/\/noticiaempauta.com\/portal\/#\/schema\/person\/a74af43dd1ab3deca45f988c717d57ac"},"headline":"Concurso de Cart\u00f3rios: Aprovados assumem cargos de not\u00e1rios e registradores","datePublished":"2024-02-21T12:15:09+00:00","dateModified":"2024-02-21T12:15:11+00:00","mainEntityOfPage":{"@id":"https:\/\/noticiaempauta.com\/portal\/concurso-de-cartorios-aprovados-assumem-cargos-de-notarios-e-registradores\/"},"wordCount":373,"commentCount":0,"publisher":{"@id":"https:\/\/noticiaempauta.com\/portal\/#organization"},"image":{"@id":"https:\/\/noticiaempauta.com\/portal\/concurso-de-cartorios-aprovados-assumem-cargos-de-notarios-e-registradores\/#primaryimage"},"thumbnailUrl":"https:\/\/noticiaempauta.com\/portal\/wp-content\/uploads\/2024\/02\/9cbae77a15a80ed35ef4cebd20b0927f.jpg","articleSection":["Destaques","Geral","Todas as Not\u00edcias"],"inLanguage":"pt-BR","potentialAction":[{"@type":"CommentAction","name":"Comment","target":["https:\/\/noticiaempauta.com\/portal\/concurso-de-cartorios-aprovados-assumem-cargos-de-notarios-e-registradores\/#respond"]}]},{"@type":"WebPage","@id":"https:\/\/noticiaempauta.com\/portal\/concurso-de-cartorios-aprovados-assumem-cargos-de-notarios-e-registradores\/","url":"https:\/\/noticiaempauta.com\/portal\/concurso-de-cartorios-aprovados-assumem-cargos-de-notarios-e-registradores\/","name":"Concurso de Cart\u00f3rios: Aprovados assumem cargos de not\u00e1rios e registradores - Portal Not\u00edcia em Pauta","isPartOf":{"@id":"https:\/\/noticiaempauta.com\/portal\/#website"},"primaryImageOfPage":{"@id":"https:\/\/noticiaempauta.com\/portal\/concurso-de-cartorios-aprovados-assumem-cargos-de-notarios-e-registradores\/#primaryimage"},"image":{"@id":"https:\/\/noticiaempauta.com\/portal\/concurso-de-cartorios-aprovados-assumem-cargos-de-notarios-e-registradores\/#primaryimage"},"thumbnailUrl":"https:\/\/noticiaempauta.com\/portal\/wp-content\/uploads\/2024\/02\/9cbae77a15a80ed35ef4cebd20b0927f.jpg","datePublished":"2024-02-21T12:15:09+00:00","dateModified":"2024-02-21T12:15:11+00:00","breadcrumb":{"@id":"https:\/\/noticiaempauta.com\/portal\/concurso-de-cartorios-aprovados-assumem-cargos-de-notarios-e-registradores\/#breadcrumb"},"inLanguage":"pt-BR","potentialAction":[{"@type":"ReadAction","target":["https:\/\/noticiaempauta.com\/portal\/concurso-de-cartorios-aprovados-assumem-cargos-de-notarios-e-registradores\/"]}]},{"@type":"ImageObject","inLanguage":"pt-BR","@id":"https:\/\/noticiaempauta.com\/portal\/concurso-de-cartorios-aprovados-assumem-cargos-de-notarios-e-registradores\/#primaryimage","url":"https:\/\/noticiaempauta.com\/portal\/wp-content\/uploads\/2024\/02\/9cbae77a15a80ed35ef4cebd20b0927f.jpg","contentUrl":"https:\/\/noticiaempauta.com\/portal\/wp-content\/uploads\/2024\/02\/9cbae77a15a80ed35ef4cebd20b0927f.jpg","width":790,"height":500},{"@type":"BreadcrumbList","@id":"https:\/\/noticiaempauta.com\/portal\/concurso-de-cartorios-aprovados-assumem-cargos-de-notarios-e-registradores\/#breadcrumb","itemListElement":[{"@type":"ListItem","position":1,"name":"P\u00e1gina Inicial","item":"https:\/\/noticiaempauta.com\/portal\/"},{"@type":"ListItem","position":2,"name":"Destaques","item":"https:\/\/noticiaempauta.com\/portal\/destaques-site\/"},{"@type":"ListItem","position":3,"name":"Concurso de Cart\u00f3rios: Aprovados assumem cargos de not\u00e1rios e registradores"}]},{"@type":"WebSite","@id":"https:\/\/noticiaempauta.com\/portal\/#website","url":"https:\/\/noticiaempauta.com\/portal\/","name":"Portal Not\u00edcia em Pauta","description":"Voc\u00ea bem informado","publisher":{"@id":"https:\/\/noticiaempauta.com\/portal\/#organization"},"potentialAction":[{"@type":"SearchAction","target":{"@type":"EntryPoint","urlTemplate":"https:\/\/noticiaempauta.com\/portal\/?s={search_term_string}"},"query-input":{"@type":"PropertyValueSpecification","valueRequired":true,"valueName":"search_term_string"}}],"inLanguage":"pt-BR"},{"@type":"Organization","@id":"https:\/\/noticiaempauta.com\/portal\/#organization","name":"Portal Not\u00edcia em Pauta","url":"https:\/\/noticiaempauta.com\/portal\/","logo":{"@type":"ImageObject","inLanguage":"pt-BR","@id":"https:\/\/noticiaempauta.com\/portal\/#\/schema\/logo\/image\/","url":"https:\/\/noticiaempauta.com\/portal\/wp-content\/uploads\/2022\/08\/logomarca_tema.fw_.png","contentUrl":"https:\/\/noticiaempauta.com\/portal\/wp-content\/uploads\/2022\/08\/logomarca_tema.fw_.png","width":400,"height":232,"caption":"Portal Not\u00edcia em Pauta"},"image":{"@id":"https:\/\/noticiaempauta.com\/portal\/#\/schema\/logo\/image\/"},"sameAs":["https:\/\/www.facebook.com\/Portal-Notcia-Em-Pauta-102292869264820\/","https:\/\/www.instagram.com\/portalnoticiaempauta\/"]},{"@type":"Person","@id":"https:\/\/noticiaempauta.com\/portal\/#\/schema\/person\/a74af43dd1ab3deca45f988c717d57ac","name":"Reda\u00e7\u00e3o","image":{"@type":"ImageObject","inLanguage":"pt-BR","@id":"https:\/\/noticiaempauta.com\/portal\/#\/schema\/person\/image\/","url":"https:\/\/secure.gravatar.com\/avatar\/03179346ecce6cdfc13361603e8f54242a90e5cde8618fa23c5c00aa2b0aadf3?s=96&d=mm&r=g","contentUrl":"https:\/\/secure.gravatar.com\/avatar\/03179346ecce6cdfc13361603e8f54242a90e5cde8618fa23c5c00aa2b0aadf3?s=96&d=mm&r=g","caption":"Reda\u00e7\u00e3o"},"sameAs":["https:\/\/noticiaempauta.com\/portal\/"],"url":"https:\/\/noticiaempauta.com\/portal\/author\/fernando\/"}]}},"_links":{"self":[{"href":"https:\/\/noticiaempauta.com\/portal\/wp-json\/wp\/v2\/posts\/254956","targetHints":{"allow":["GET"]}}],"collection":[{"href":"https:\/\/noticiaempauta.com\/portal\/wp-json\/wp\/v2\/posts"}],"about":[{"href":"https:\/\/noticiaempauta.com\/portal\/wp-json\/wp\/v2\/types\/post"}],"author":[{"embeddable":true,"href":"https:\/\/noticiaempauta.com\/portal\/wp-json\/wp\/v2\/users\/2"}],"replies":[{"embeddable":true,"href":"https:\/\/noticiaempauta.com\/portal\/wp-json\/wp\/v2\/comments?post=254956"}],"version-history":[{"count":2,"href":"https:\/\/noticiaempauta.com\/portal\/wp-json\/wp\/v2\/posts\/254956\/revisions"}],"predecessor-version":[{"id":254961,"href":"https:\/\/noticiaempauta.com\/portal\/wp-json\/wp\/v2\/posts\/254956\/revisions\/254961"}],"wp:attachment":[{"href":"https:\/\/noticiaempauta.com\/portal\/wp-json\/wp\/v2\/media?parent=254956"}],"wp:term":[{"taxonomy":"category","embeddable":true,"href":"https:\/\/noticiaempauta.com\/portal\/wp-json\/wp\/v2\/categories?post=254956"},{"taxonomy":"post_tag","embeddable":true,"href":"https:\/\/noticiaempauta.com\/portal\/wp-json\/wp\/v2\/tags?post=254956"}],"curies":[{"name":"wp","href":"https:\/\/api.w.org\/{rel}","templated":true}]}}