{"id":254962,"date":"2024-02-21T09:21:07","date_gmt":"2024-02-21T12:21:07","guid":{"rendered":"https:\/\/noticiaempauta.com\/portal\/?p=254962"},"modified":"2024-02-21T09:27:53","modified_gmt":"2024-02-21T12:27:53","slug":"secretario-de-justica-atribui-fugas-a-falha-humana-negligencia-do-plantao","status":"publish","type":"post","link":"https:\/\/noticiaempauta.com\/portal\/secretario-de-justica-atribui-fugas-a-falha-humana-negligencia-do-plantao\/","title":{"rendered":"Secret\u00e1rio de Justi\u00e7a atribui fugas a falha humana: &#8220;neglig\u00eancia do plant\u00e3o&#8221;"},"content":{"rendered":"\n<p>Os presos fugiram ap\u00f3s quebrar cadeados de algumas celas dos pavilh\u00f5es da penitenci\u00e1ria. O secret\u00e1rio tamb\u00e9m disse que os presos n\u00e3o s\u00e3o de alta periculosidade. &#8220;S\u00e3o presos por viol\u00eancia dom\u00e9stica, por roubo, por furto, dos que se dizem faccionados, apenas 4 fugiram, dois dos quais recapturados&#8221;, citou.<\/p>\n\n\n\n<p>A gerente da penitenci\u00e1ria Denyse Costa e Silva e o gerente adjunto Denis Ferreira de Sousa&nbsp;foram exonerados. Quem assumiu interinamente foi um policial penal, Aliomar Teixeira, mas um outro nome deve ser indicado em car\u00e1ter efetivo.<\/p>\n\n\n\n<figure class=\"wp-block-image size-full\"><img fetchpriority=\"high\" decoding=\"async\" width=\"900\" height=\"600\" src=\"https:\/\/noticiaempauta.com\/portal\/wp-content\/uploads\/2024\/02\/coronel-carlos-augusto-avalia-primeiro-mandato-e-fala-sobre-o-desafio-de-assumir-a-sejus.jpeg\" alt=\"\" class=\"wp-image-254964\" srcset=\"https:\/\/noticiaempauta.com\/portal\/wp-content\/uploads\/2024\/02\/coronel-carlos-augusto-avalia-primeiro-mandato-e-fala-sobre-o-desafio-de-assumir-a-sejus.jpeg 900w, https:\/\/noticiaempauta.com\/portal\/wp-content\/uploads\/2024\/02\/coronel-carlos-augusto-avalia-primeiro-mandato-e-fala-sobre-o-desafio-de-assumir-a-sejus-300x200.jpeg 300w, https:\/\/noticiaempauta.com\/portal\/wp-content\/uploads\/2024\/02\/coronel-carlos-augusto-avalia-primeiro-mandato-e-fala-sobre-o-desafio-de-assumir-a-sejus-768x512.jpeg 768w\" sizes=\"(max-width: 900px) 100vw, 900px\" \/><figcaption class=\"wp-element-caption\"><em>Secret\u00e1rio de Justi\u00e7a do Piau\u00ed, Carlos Augusto (Foto: Reprodu\u00e7\u00e3o)<\/em><\/figcaption><\/figure>\n\n\n\n<p>O secret\u00e1rio frisou, ainda, que a unidade vai passar por uma reforma para refor\u00e7ar a seguran\u00e7a, e que a reforma j\u00e1 havia sido autorizada antes da fuga.<\/p>\n\n\n\n<p>Dos 17 fugitivos, quatro foram recapturados. Dois dos foragidos identificados como Jociel da Silva e Anderson da Costa foram localizados na segunda-feira (19) na zona rural do munic\u00edpio de Currais, que \u00e9 vizinho a Bom Jesus. J\u00e1 na manh\u00e3 dessa ter\u00e7a-feira (20), Rafael Nascimento da Silva foi localizado na cidade de Cristino Castro, que tamb\u00e9m \u00e9 uma cidade vizinha a Bom Jesus, e Rosivaldo Florentino Costa e Silva, encontrado na cidade de Canto do Buriti.<\/p>\n\n\n\n<p><strong>Veja a entrevista<\/strong><\/p>\n\n\n\n<figure class=\"wp-block-embed is-type-video is-provider-youtube wp-block-embed-youtube wp-embed-aspect-16-9 wp-has-aspect-ratio\"><div class=\"wp-block-embed__wrapper\">\n<iframe title=\"Pol\u00edcia consegue recapturar 4 dos 17 presos que fugiram de Bom Jesus\" width=\"800\" height=\"450\" src=\"https:\/\/www.youtube.com\/embed\/85srzLMM0ec?feature=oembed\" frameborder=\"0\" allow=\"accelerometer; autoplay; clipboard-write; encrypted-media; gyroscope; picture-in-picture; web-share\" allowfullscreen><\/iframe>\n<\/div><\/figure>\n\n\n\n<p><\/p>\n","protected":false},"excerpt":{"rendered":"<p>Os presos fugiram ap\u00f3s quebrar cadeados de algumas celas dos pavilh\u00f5es da penitenci\u00e1ria. O secret\u00e1rio tamb\u00e9m disse que os presos n\u00e3o s\u00e3o de alta periculosidade. &#8220;S\u00e3o presos por viol\u00eancia dom\u00e9stica, por roubo, por furto, dos que se dizem faccionados, apenas 4 fugiram, dois dos quais recapturados&#8221;, citou. A gerente da penitenci\u00e1ria Denyse Costa e Silva [&hellip;]<\/p>\n","protected":false},"author":2,"featured_media":254964,"comment_status":"open","ping_status":"open","sticky":false,"template":"","format":"standard","meta":{"_mi_skip_tracking":false,"footnotes":""},"categories":[25,1,137,16],"tags":[192],"class_list":["post-254962","post","type-post","status-publish","format-standard","has-post-thumbnail","hentry","category-destaques-site","category-geral","category-policia","category-todas","tag-destaqueprincipal"],"acf":[],"yoast_head":"<!-- This site is optimized with the Yoast SEO Premium plugin v19.2 (Yoast SEO v26.9) - https:\/\/yoast.com\/product\/yoast-seo-premium-wordpress\/ -->\n<title>Secret\u00e1rio de Justi\u00e7a atribui fugas a falha humana: &quot;neglig\u00eancia do plant\u00e3o&quot; - Portal Not\u00edcia em Pauta<\/title>\n<meta name=\"robots\" content=\"index, follow, max-snippet:-1, max-image-preview:large, max-video-preview:-1\" \/>\n<link rel=\"canonical\" href=\"https:\/\/noticiaempauta.com\/portal\/secretario-de-justica-atribui-fugas-a-falha-humana-negligencia-do-plantao\/\" \/>\n<meta property=\"og:locale\" content=\"pt_BR\" \/>\n<meta property=\"og:type\" content=\"article\" \/>\n<meta property=\"og:title\" content=\"Secret\u00e1rio de Justi\u00e7a atribui fugas a falha humana: &quot;neglig\u00eancia do plant\u00e3o&quot;\" \/>\n<meta property=\"og:description\" content=\"Os presos fugiram ap\u00f3s quebrar cadeados de algumas celas dos pavilh\u00f5es da penitenci\u00e1ria. O secret\u00e1rio tamb\u00e9m disse que os presos n\u00e3o s\u00e3o de alta periculosidade. &#8220;S\u00e3o presos por viol\u00eancia dom\u00e9stica, por roubo, por furto, dos que se dizem faccionados, apenas 4 fugiram, dois dos quais recapturados&#8221;, citou. A gerente da penitenci\u00e1ria Denyse Costa e Silva [&hellip;]\" \/>\n<meta property=\"og:url\" content=\"https:\/\/noticiaempauta.com\/portal\/secretario-de-justica-atribui-fugas-a-falha-humana-negligencia-do-plantao\/\" \/>\n<meta property=\"og:site_name\" content=\"Portal Not\u00edcia em Pauta\" \/>\n<meta property=\"article:publisher\" content=\"https:\/\/www.facebook.com\/Portal-Notcia-Em-Pauta-102292869264820\/\" \/>\n<meta property=\"article:published_time\" content=\"2024-02-21T12:21:07+00:00\" \/>\n<meta property=\"article:modified_time\" content=\"2024-02-21T12:27:53+00:00\" \/>\n<meta property=\"og:image\" content=\"https:\/\/noticiaempauta.com\/portal\/wp-content\/uploads\/2024\/02\/coronel-carlos-augusto-avalia-primeiro-mandato-e-fala-sobre-o-desafio-de-assumir-a-sejus.jpeg\" \/>\n\t<meta property=\"og:image:width\" content=\"900\" \/>\n\t<meta property=\"og:image:height\" content=\"600\" \/>\n\t<meta property=\"og:image:type\" content=\"image\/jpeg\" \/>\n<meta name=\"author\" content=\"Reda\u00e7\u00e3o\" \/>\n<meta name=\"twitter:card\" content=\"summary_large_image\" \/>\n<meta name=\"twitter:label1\" content=\"Escrito por\" \/>\n\t<meta name=\"twitter:data1\" content=\"Reda\u00e7\u00e3o\" \/>\n\t<meta name=\"twitter:label2\" content=\"Est. tempo de leitura\" \/>\n\t<meta name=\"twitter:data2\" content=\"2 minutos\" \/>\n<script type=\"application\/ld+json\" class=\"yoast-schema-graph\">{\"@context\":\"https:\/\/schema.org\",\"@graph\":[{\"@type\":\"Article\",\"@id\":\"https:\/\/noticiaempauta.com\/portal\/secretario-de-justica-atribui-fugas-a-falha-humana-negligencia-do-plantao\/#article\",\"isPartOf\":{\"@id\":\"https:\/\/noticiaempauta.com\/portal\/secretario-de-justica-atribui-fugas-a-falha-humana-negligencia-do-plantao\/\"},\"author\":{\"name\":\"Reda\u00e7\u00e3o\",\"@id\":\"https:\/\/noticiaempauta.com\/portal\/#\/schema\/person\/a74af43dd1ab3deca45f988c717d57ac\"},\"headline\":\"Secret\u00e1rio de Justi\u00e7a atribui fugas a falha humana: &#8220;neglig\u00eancia do plant\u00e3o&#8221;\",\"datePublished\":\"2024-02-21T12:21:07+00:00\",\"dateModified\":\"2024-02-21T12:27:53+00:00\",\"mainEntityOfPage\":{\"@id\":\"https:\/\/noticiaempauta.com\/portal\/secretario-de-justica-atribui-fugas-a-falha-humana-negligencia-do-plantao\/\"},\"wordCount\":237,\"commentCount\":0,\"publisher\":{\"@id\":\"https:\/\/noticiaempauta.com\/portal\/#organization\"},\"image\":{\"@id\":\"https:\/\/noticiaempauta.com\/portal\/secretario-de-justica-atribui-fugas-a-falha-humana-negligencia-do-plantao\/#primaryimage\"},\"thumbnailUrl\":\"https:\/\/noticiaempauta.com\/portal\/wp-content\/uploads\/2024\/02\/coronel-carlos-augusto-avalia-primeiro-mandato-e-fala-sobre-o-desafio-de-assumir-a-sejus.jpeg\",\"keywords\":[\"destaqueprincipal\"],\"articleSection\":[\"Destaques\",\"Geral\",\"Pol\u00edcia\",\"Todas as Not\u00edcias\"],\"inLanguage\":\"pt-BR\",\"potentialAction\":[{\"@type\":\"CommentAction\",\"name\":\"Comment\",\"target\":[\"https:\/\/noticiaempauta.com\/portal\/secretario-de-justica-atribui-fugas-a-falha-humana-negligencia-do-plantao\/#respond\"]}]},{\"@type\":\"WebPage\",\"@id\":\"https:\/\/noticiaempauta.com\/portal\/secretario-de-justica-atribui-fugas-a-falha-humana-negligencia-do-plantao\/\",\"url\":\"https:\/\/noticiaempauta.com\/portal\/secretario-de-justica-atribui-fugas-a-falha-humana-negligencia-do-plantao\/\",\"name\":\"Secret\u00e1rio de Justi\u00e7a atribui fugas a falha humana: \\\"neglig\u00eancia do plant\u00e3o\\\" - Portal Not\u00edcia em Pauta\",\"isPartOf\":{\"@id\":\"https:\/\/noticiaempauta.com\/portal\/#website\"},\"primaryImageOfPage\":{\"@id\":\"https:\/\/noticiaempauta.com\/portal\/secretario-de-justica-atribui-fugas-a-falha-humana-negligencia-do-plantao\/#primaryimage\"},\"image\":{\"@id\":\"https:\/\/noticiaempauta.com\/portal\/secretario-de-justica-atribui-fugas-a-falha-humana-negligencia-do-plantao\/#primaryimage\"},\"thumbnailUrl\":\"https:\/\/noticiaempauta.com\/portal\/wp-content\/uploads\/2024\/02\/coronel-carlos-augusto-avalia-primeiro-mandato-e-fala-sobre-o-desafio-de-assumir-a-sejus.jpeg\",\"datePublished\":\"2024-02-21T12:21:07+00:00\",\"dateModified\":\"2024-02-21T12:27:53+00:00\",\"breadcrumb\":{\"@id\":\"https:\/\/noticiaempauta.com\/portal\/secretario-de-justica-atribui-fugas-a-falha-humana-negligencia-do-plantao\/#breadcrumb\"},\"inLanguage\":\"pt-BR\",\"potentialAction\":[{\"@type\":\"ReadAction\",\"target\":[\"https:\/\/noticiaempauta.com\/portal\/secretario-de-justica-atribui-fugas-a-falha-humana-negligencia-do-plantao\/\"]}]},{\"@type\":\"ImageObject\",\"inLanguage\":\"pt-BR\",\"@id\":\"https:\/\/noticiaempauta.com\/portal\/secretario-de-justica-atribui-fugas-a-falha-humana-negligencia-do-plantao\/#primaryimage\",\"url\":\"https:\/\/noticiaempauta.com\/portal\/wp-content\/uploads\/2024\/02\/coronel-carlos-augusto-avalia-primeiro-mandato-e-fala-sobre-o-desafio-de-assumir-a-sejus.jpeg\",\"contentUrl\":\"https:\/\/noticiaempauta.com\/portal\/wp-content\/uploads\/2024\/02\/coronel-carlos-augusto-avalia-primeiro-mandato-e-fala-sobre-o-desafio-de-assumir-a-sejus.jpeg\",\"width\":900,\"height\":600},{\"@type\":\"BreadcrumbList\",\"@id\":\"https:\/\/noticiaempauta.com\/portal\/secretario-de-justica-atribui-fugas-a-falha-humana-negligencia-do-plantao\/#breadcrumb\",\"itemListElement\":[{\"@type\":\"ListItem\",\"position\":1,\"name\":\"P\u00e1gina Inicial\",\"item\":\"https:\/\/noticiaempauta.com\/portal\/\"},{\"@type\":\"ListItem\",\"position\":2,\"name\":\"Destaques\",\"item\":\"https:\/\/noticiaempauta.com\/portal\/destaques-site\/\"},{\"@type\":\"ListItem\",\"position\":3,\"name\":\"Secret\u00e1rio de Justi\u00e7a atribui fugas a falha humana: &#8220;neglig\u00eancia do plant\u00e3o&#8221;\"}]},{\"@type\":\"WebSite\",\"@id\":\"https:\/\/noticiaempauta.com\/portal\/#website\",\"url\":\"https:\/\/noticiaempauta.com\/portal\/\",\"name\":\"Portal Not\u00edcia em Pauta\",\"description\":\"Voc\u00ea bem informado\",\"publisher\":{\"@id\":\"https:\/\/noticiaempauta.com\/portal\/#organization\"},\"potentialAction\":[{\"@type\":\"SearchAction\",\"target\":{\"@type\":\"EntryPoint\",\"urlTemplate\":\"https:\/\/noticiaempauta.com\/portal\/?s={search_term_string}\"},\"query-input\":{\"@type\":\"PropertyValueSpecification\",\"valueRequired\":true,\"valueName\":\"search_term_string\"}}],\"inLanguage\":\"pt-BR\"},{\"@type\":\"Organization\",\"@id\":\"https:\/\/noticiaempauta.com\/portal\/#organization\",\"name\":\"Portal Not\u00edcia em Pauta\",\"url\":\"https:\/\/noticiaempauta.com\/portal\/\",\"logo\":{\"@type\":\"ImageObject\",\"inLanguage\":\"pt-BR\",\"@id\":\"https:\/\/noticiaempauta.com\/portal\/#\/schema\/logo\/image\/\",\"url\":\"https:\/\/noticiaempauta.com\/portal\/wp-content\/uploads\/2022\/08\/logomarca_tema.fw_.png\",\"contentUrl\":\"https:\/\/noticiaempauta.com\/portal\/wp-content\/uploads\/2022\/08\/logomarca_tema.fw_.png\",\"width\":400,\"height\":232,\"caption\":\"Portal Not\u00edcia em Pauta\"},\"image\":{\"@id\":\"https:\/\/noticiaempauta.com\/portal\/#\/schema\/logo\/image\/\"},\"sameAs\":[\"https:\/\/www.facebook.com\/Portal-Notcia-Em-Pauta-102292869264820\/\",\"https:\/\/www.instagram.com\/portalnoticiaempauta\/\"]},{\"@type\":\"Person\",\"@id\":\"https:\/\/noticiaempauta.com\/portal\/#\/schema\/person\/a74af43dd1ab3deca45f988c717d57ac\",\"name\":\"Reda\u00e7\u00e3o\",\"image\":{\"@type\":\"ImageObject\",\"inLanguage\":\"pt-BR\",\"@id\":\"https:\/\/noticiaempauta.com\/portal\/#\/schema\/person\/image\/\",\"url\":\"https:\/\/secure.gravatar.com\/avatar\/03179346ecce6cdfc13361603e8f54242a90e5cde8618fa23c5c00aa2b0aadf3?s=96&d=mm&r=g\",\"contentUrl\":\"https:\/\/secure.gravatar.com\/avatar\/03179346ecce6cdfc13361603e8f54242a90e5cde8618fa23c5c00aa2b0aadf3?s=96&d=mm&r=g\",\"caption\":\"Reda\u00e7\u00e3o\"},\"sameAs\":[\"https:\/\/noticiaempauta.com\/portal\/\"],\"url\":\"https:\/\/noticiaempauta.com\/portal\/author\/fernando\/\"}]}<\/script>\n<!-- \/ Yoast SEO Premium plugin. -->","yoast_head_json":{"title":"Secret\u00e1rio de Justi\u00e7a atribui fugas a falha humana: \"neglig\u00eancia do plant\u00e3o\" - Portal Not\u00edcia em Pauta","robots":{"index":"index","follow":"follow","max-snippet":"max-snippet:-1","max-image-preview":"max-image-preview:large","max-video-preview":"max-video-preview:-1"},"canonical":"https:\/\/noticiaempauta.com\/portal\/secretario-de-justica-atribui-fugas-a-falha-humana-negligencia-do-plantao\/","og_locale":"pt_BR","og_type":"article","og_title":"Secret\u00e1rio de Justi\u00e7a atribui fugas a falha humana: \"neglig\u00eancia do plant\u00e3o\"","og_description":"Os presos fugiram ap\u00f3s quebrar cadeados de algumas celas dos pavilh\u00f5es da penitenci\u00e1ria. O secret\u00e1rio tamb\u00e9m disse que os presos n\u00e3o s\u00e3o de alta periculosidade. &#8220;S\u00e3o presos por viol\u00eancia dom\u00e9stica, por roubo, por furto, dos que se dizem faccionados, apenas 4 fugiram, dois dos quais recapturados&#8221;, citou. A gerente da penitenci\u00e1ria Denyse Costa e Silva [&hellip;]","og_url":"https:\/\/noticiaempauta.com\/portal\/secretario-de-justica-atribui-fugas-a-falha-humana-negligencia-do-plantao\/","og_site_name":"Portal Not\u00edcia em Pauta","article_publisher":"https:\/\/www.facebook.com\/Portal-Notcia-Em-Pauta-102292869264820\/","article_published_time":"2024-02-21T12:21:07+00:00","article_modified_time":"2024-02-21T12:27:53+00:00","og_image":[{"width":900,"height":600,"url":"https:\/\/noticiaempauta.com\/portal\/wp-content\/uploads\/2024\/02\/coronel-carlos-augusto-avalia-primeiro-mandato-e-fala-sobre-o-desafio-de-assumir-a-sejus.jpeg","type":"image\/jpeg"}],"author":"Reda\u00e7\u00e3o","twitter_card":"summary_large_image","twitter_misc":{"Escrito por":"Reda\u00e7\u00e3o","Est. tempo de leitura":"2 minutos"},"schema":{"@context":"https:\/\/schema.org","@graph":[{"@type":"Article","@id":"https:\/\/noticiaempauta.com\/portal\/secretario-de-justica-atribui-fugas-a-falha-humana-negligencia-do-plantao\/#article","isPartOf":{"@id":"https:\/\/noticiaempauta.com\/portal\/secretario-de-justica-atribui-fugas-a-falha-humana-negligencia-do-plantao\/"},"author":{"name":"Reda\u00e7\u00e3o","@id":"https:\/\/noticiaempauta.com\/portal\/#\/schema\/person\/a74af43dd1ab3deca45f988c717d57ac"},"headline":"Secret\u00e1rio de Justi\u00e7a atribui fugas a falha humana: &#8220;neglig\u00eancia do plant\u00e3o&#8221;","datePublished":"2024-02-21T12:21:07+00:00","dateModified":"2024-02-21T12:27:53+00:00","mainEntityOfPage":{"@id":"https:\/\/noticiaempauta.com\/portal\/secretario-de-justica-atribui-fugas-a-falha-humana-negligencia-do-plantao\/"},"wordCount":237,"commentCount":0,"publisher":{"@id":"https:\/\/noticiaempauta.com\/portal\/#organization"},"image":{"@id":"https:\/\/noticiaempauta.com\/portal\/secretario-de-justica-atribui-fugas-a-falha-humana-negligencia-do-plantao\/#primaryimage"},"thumbnailUrl":"https:\/\/noticiaempauta.com\/portal\/wp-content\/uploads\/2024\/02\/coronel-carlos-augusto-avalia-primeiro-mandato-e-fala-sobre-o-desafio-de-assumir-a-sejus.jpeg","keywords":["destaqueprincipal"],"articleSection":["Destaques","Geral","Pol\u00edcia","Todas as Not\u00edcias"],"inLanguage":"pt-BR","potentialAction":[{"@type":"CommentAction","name":"Comment","target":["https:\/\/noticiaempauta.com\/portal\/secretario-de-justica-atribui-fugas-a-falha-humana-negligencia-do-plantao\/#respond"]}]},{"@type":"WebPage","@id":"https:\/\/noticiaempauta.com\/portal\/secretario-de-justica-atribui-fugas-a-falha-humana-negligencia-do-plantao\/","url":"https:\/\/noticiaempauta.com\/portal\/secretario-de-justica-atribui-fugas-a-falha-humana-negligencia-do-plantao\/","name":"Secret\u00e1rio de Justi\u00e7a atribui fugas a falha humana: \"neglig\u00eancia do plant\u00e3o\" - Portal Not\u00edcia em Pauta","isPartOf":{"@id":"https:\/\/noticiaempauta.com\/portal\/#website"},"primaryImageOfPage":{"@id":"https:\/\/noticiaempauta.com\/portal\/secretario-de-justica-atribui-fugas-a-falha-humana-negligencia-do-plantao\/#primaryimage"},"image":{"@id":"https:\/\/noticiaempauta.com\/portal\/secretario-de-justica-atribui-fugas-a-falha-humana-negligencia-do-plantao\/#primaryimage"},"thumbnailUrl":"https:\/\/noticiaempauta.com\/portal\/wp-content\/uploads\/2024\/02\/coronel-carlos-augusto-avalia-primeiro-mandato-e-fala-sobre-o-desafio-de-assumir-a-sejus.jpeg","datePublished":"2024-02-21T12:21:07+00:00","dateModified":"2024-02-21T12:27:53+00:00","breadcrumb":{"@id":"https:\/\/noticiaempauta.com\/portal\/secretario-de-justica-atribui-fugas-a-falha-humana-negligencia-do-plantao\/#breadcrumb"},"inLanguage":"pt-BR","potentialAction":[{"@type":"ReadAction","target":["https:\/\/noticiaempauta.com\/portal\/secretario-de-justica-atribui-fugas-a-falha-humana-negligencia-do-plantao\/"]}]},{"@type":"ImageObject","inLanguage":"pt-BR","@id":"https:\/\/noticiaempauta.com\/portal\/secretario-de-justica-atribui-fugas-a-falha-humana-negligencia-do-plantao\/#primaryimage","url":"https:\/\/noticiaempauta.com\/portal\/wp-content\/uploads\/2024\/02\/coronel-carlos-augusto-avalia-primeiro-mandato-e-fala-sobre-o-desafio-de-assumir-a-sejus.jpeg","contentUrl":"https:\/\/noticiaempauta.com\/portal\/wp-content\/uploads\/2024\/02\/coronel-carlos-augusto-avalia-primeiro-mandato-e-fala-sobre-o-desafio-de-assumir-a-sejus.jpeg","width":900,"height":600},{"@type":"BreadcrumbList","@id":"https:\/\/noticiaempauta.com\/portal\/secretario-de-justica-atribui-fugas-a-falha-humana-negligencia-do-plantao\/#breadcrumb","itemListElement":[{"@type":"ListItem","position":1,"name":"P\u00e1gina Inicial","item":"https:\/\/noticiaempauta.com\/portal\/"},{"@type":"ListItem","position":2,"name":"Destaques","item":"https:\/\/noticiaempauta.com\/portal\/destaques-site\/"},{"@type":"ListItem","position":3,"name":"Secret\u00e1rio de Justi\u00e7a atribui fugas a falha humana: &#8220;neglig\u00eancia do plant\u00e3o&#8221;"}]},{"@type":"WebSite","@id":"https:\/\/noticiaempauta.com\/portal\/#website","url":"https:\/\/noticiaempauta.com\/portal\/","name":"Portal Not\u00edcia em Pauta","description":"Voc\u00ea bem informado","publisher":{"@id":"https:\/\/noticiaempauta.com\/portal\/#organization"},"potentialAction":[{"@type":"SearchAction","target":{"@type":"EntryPoint","urlTemplate":"https:\/\/noticiaempauta.com\/portal\/?s={search_term_string}"},"query-input":{"@type":"PropertyValueSpecification","valueRequired":true,"valueName":"search_term_string"}}],"inLanguage":"pt-BR"},{"@type":"Organization","@id":"https:\/\/noticiaempauta.com\/portal\/#organization","name":"Portal Not\u00edcia em Pauta","url":"https:\/\/noticiaempauta.com\/portal\/","logo":{"@type":"ImageObject","inLanguage":"pt-BR","@id":"https:\/\/noticiaempauta.com\/portal\/#\/schema\/logo\/image\/","url":"https:\/\/noticiaempauta.com\/portal\/wp-content\/uploads\/2022\/08\/logomarca_tema.fw_.png","contentUrl":"https:\/\/noticiaempauta.com\/portal\/wp-content\/uploads\/2022\/08\/logomarca_tema.fw_.png","width":400,"height":232,"caption":"Portal Not\u00edcia em Pauta"},"image":{"@id":"https:\/\/noticiaempauta.com\/portal\/#\/schema\/logo\/image\/"},"sameAs":["https:\/\/www.facebook.com\/Portal-Notcia-Em-Pauta-102292869264820\/","https:\/\/www.instagram.com\/portalnoticiaempauta\/"]},{"@type":"Person","@id":"https:\/\/noticiaempauta.com\/portal\/#\/schema\/person\/a74af43dd1ab3deca45f988c717d57ac","name":"Reda\u00e7\u00e3o","image":{"@type":"ImageObject","inLanguage":"pt-BR","@id":"https:\/\/noticiaempauta.com\/portal\/#\/schema\/person\/image\/","url":"https:\/\/secure.gravatar.com\/avatar\/03179346ecce6cdfc13361603e8f54242a90e5cde8618fa23c5c00aa2b0aadf3?s=96&d=mm&r=g","contentUrl":"https:\/\/secure.gravatar.com\/avatar\/03179346ecce6cdfc13361603e8f54242a90e5cde8618fa23c5c00aa2b0aadf3?s=96&d=mm&r=g","caption":"Reda\u00e7\u00e3o"},"sameAs":["https:\/\/noticiaempauta.com\/portal\/"],"url":"https:\/\/noticiaempauta.com\/portal\/author\/fernando\/"}]}},"_links":{"self":[{"href":"https:\/\/noticiaempauta.com\/portal\/wp-json\/wp\/v2\/posts\/254962","targetHints":{"allow":["GET"]}}],"collection":[{"href":"https:\/\/noticiaempauta.com\/portal\/wp-json\/wp\/v2\/posts"}],"about":[{"href":"https:\/\/noticiaempauta.com\/portal\/wp-json\/wp\/v2\/types\/post"}],"author":[{"embeddable":true,"href":"https:\/\/noticiaempauta.com\/portal\/wp-json\/wp\/v2\/users\/2"}],"replies":[{"embeddable":true,"href":"https:\/\/noticiaempauta.com\/portal\/wp-json\/wp\/v2\/comments?post=254962"}],"version-history":[{"count":5,"href":"https:\/\/noticiaempauta.com\/portal\/wp-json\/wp\/v2\/posts\/254962\/revisions"}],"predecessor-version":[{"id":254969,"href":"https:\/\/noticiaempauta.com\/portal\/wp-json\/wp\/v2\/posts\/254962\/revisions\/254969"}],"wp:featuredmedia":[{"embeddable":true,"href":"https:\/\/noticiaempauta.com\/portal\/wp-json\/wp\/v2\/media\/254964"}],"wp:attachment":[{"href":"https:\/\/noticiaempauta.com\/portal\/wp-json\/wp\/v2\/media?parent=254962"}],"wp:term":[{"taxonomy":"category","embeddable":true,"href":"https:\/\/noticiaempauta.com\/portal\/wp-json\/wp\/v2\/categories?post=254962"},{"taxonomy":"post_tag","embeddable":true,"href":"https:\/\/noticiaempauta.com\/portal\/wp-json\/wp\/v2\/tags?post=254962"}],"curies":[{"name":"wp","href":"https:\/\/api.w.org\/{rel}","templated":true}]}}