{"id":255063,"date":"2024-02-23T08:38:59","date_gmt":"2024-02-23T11:38:59","guid":{"rendered":"https:\/\/noticiaempauta.com\/portal\/?p=255063"},"modified":"2024-02-23T08:39:00","modified_gmt":"2024-02-23T11:39:00","slug":"eriberto-barros-presidente-da-camara-de-picos-convoca-audiencia-publica-para-debater-atendimento-nos-cartorios","status":"publish","type":"post","link":"https:\/\/noticiaempauta.com\/portal\/eriberto-barros-presidente-da-camara-de-picos-convoca-audiencia-publica-para-debater-atendimento-nos-cartorios\/","title":{"rendered":"Eriberto Barros, presidente da C\u00e2mara de Picos, convoca audi\u00eancia p\u00fablica para debater atendimento nos cart\u00f3rios"},"content":{"rendered":"\n<p>O presidente da C\u00e2mara Municipal de Picos, Dr. Eriberto, solicitou na \u00faltima sess\u00e3o ocorrida na tarde desta quinta-feira, 22 de Fevereiro, uma audi\u00eancia p\u00fablica para o dia 8 de mar\u00e7o de 2024, \u00e0s 09h, na pr\u00f3pria casa legislativa, para discutir o atendimento prestado pelos cart\u00f3rios da cidade.<\/p>\n\n\n\n<figure class=\"wp-block-image size-full\"><img fetchpriority=\"high\" decoding=\"async\" width=\"1024\" height=\"688\" src=\"https:\/\/noticiaempauta.com\/portal\/wp-content\/uploads\/2024\/02\/WhatsApp-Image-2024-02-22-at-19.33.45-1-1024x688-1.jpeg\" alt=\"\" class=\"wp-image-255066\" srcset=\"https:\/\/noticiaempauta.com\/portal\/wp-content\/uploads\/2024\/02\/WhatsApp-Image-2024-02-22-at-19.33.45-1-1024x688-1.jpeg 1024w, https:\/\/noticiaempauta.com\/portal\/wp-content\/uploads\/2024\/02\/WhatsApp-Image-2024-02-22-at-19.33.45-1-1024x688-1-300x202.jpeg 300w, https:\/\/noticiaempauta.com\/portal\/wp-content\/uploads\/2024\/02\/WhatsApp-Image-2024-02-22-at-19.33.45-1-1024x688-1-768x516.jpeg 768w\" sizes=\"(max-width: 1024px) 100vw, 1024px\" \/><\/figure>\n\n\n\n<p>Visando avaliar e debater quest\u00f5es relacionadas \u00e0 qualidade e efici\u00eancia dos servi\u00e7os oferecidos pelos cart\u00f3rios, a audi\u00eancia p\u00fablica pretende envolver representantes dos cart\u00f3rios locais, autoridades municipais, membros da sociedade civil e demais interessados na tem\u00e1tica.<\/p>\n\n\n\n<p>Segundo Dr. Eriberto, a iniciativa visa proporcionar um espa\u00e7o democr\u00e1tico para que a popula\u00e7\u00e3o possa expressar suas demandas, sugest\u00f5es e cr\u00edticas em rela\u00e7\u00e3o ao atendimento nos cart\u00f3rios de Picos. \u201c\u00c9 fundamental que tenhamos um di\u00e1logo aberto e transparente sobre esse assunto t\u00e3o relevante para a comunidade\u201d, afirmou o presidente da C\u00e2mara.<\/p>\n\n\n\n<p>Os cart\u00f3rios desempenham um papel crucial na vida dos cidad\u00e3os, oferecendo servi\u00e7os essenciais como registros civis, notariais e outros documentos oficiais. Portanto, \u00e9 fundamental garantir que esses servi\u00e7os sejam prestados de forma eficiente e acess\u00edvel a todos.<\/p>\n\n\n\n<p>A convoca\u00e7\u00e3o da Audi\u00eancia P\u00fablica demonstra o compromisso da C\u00e2mara Municipal de Picos em promover o debate p\u00fablico e buscar solu\u00e7\u00f5es para melhorar o atendimento nos cart\u00f3rios, contribuindo assim para o bem-estar e a satisfa\u00e7\u00e3o da popula\u00e7\u00e3o.<\/p>\n\n\n\n<p><em>Ascom<\/em><\/p>\n","protected":false},"excerpt":{"rendered":"<p>O presidente da C\u00e2mara Municipal de Picos, Dr. Eriberto, solicitou na \u00faltima sess\u00e3o ocorrida na tarde desta quinta-feira, 22 de Fevereiro, uma audi\u00eancia p\u00fablica para o dia 8 de mar\u00e7o de 2024, \u00e0s 09h, na pr\u00f3pria casa legislativa, para discutir o atendimento prestado pelos cart\u00f3rios da cidade. Visando avaliar e debater quest\u00f5es relacionadas \u00e0 qualidade [&hellip;]<\/p>\n","protected":false},"author":2,"featured_media":255066,"comment_status":"open","ping_status":"open","sticky":false,"template":"","format":"standard","meta":{"_mi_skip_tracking":false,"footnotes":""},"categories":[25,1,16],"tags":[192],"class_list":["post-255063","post","type-post","status-publish","format-standard","has-post-thumbnail","hentry","category-destaques-site","category-geral","category-todas","tag-destaqueprincipal"],"acf":[],"yoast_head":"<!-- This site is optimized with the Yoast SEO Premium plugin v19.2 (Yoast SEO v26.9) - https:\/\/yoast.com\/product\/yoast-seo-premium-wordpress\/ -->\n<title>Eriberto Barros, presidente da C\u00e2mara de Picos, convoca audi\u00eancia p\u00fablica para debater atendimento nos cart\u00f3rios - Portal Not\u00edcia em Pauta<\/title>\n<meta name=\"robots\" content=\"index, follow, max-snippet:-1, max-image-preview:large, max-video-preview:-1\" \/>\n<link rel=\"canonical\" href=\"https:\/\/noticiaempauta.com\/portal\/eriberto-barros-presidente-da-camara-de-picos-convoca-audiencia-publica-para-debater-atendimento-nos-cartorios\/\" \/>\n<meta property=\"og:locale\" content=\"pt_BR\" \/>\n<meta property=\"og:type\" content=\"article\" \/>\n<meta property=\"og:title\" content=\"Eriberto Barros, presidente da C\u00e2mara de Picos, convoca audi\u00eancia p\u00fablica para debater atendimento nos cart\u00f3rios\" \/>\n<meta property=\"og:description\" content=\"O presidente da C\u00e2mara Municipal de Picos, Dr. Eriberto, solicitou na \u00faltima sess\u00e3o ocorrida na tarde desta quinta-feira, 22 de Fevereiro, uma audi\u00eancia p\u00fablica para o dia 8 de mar\u00e7o de 2024, \u00e0s 09h, na pr\u00f3pria casa legislativa, para discutir o atendimento prestado pelos cart\u00f3rios da cidade. Visando avaliar e debater quest\u00f5es relacionadas \u00e0 qualidade [&hellip;]\" \/>\n<meta property=\"og:url\" content=\"https:\/\/noticiaempauta.com\/portal\/eriberto-barros-presidente-da-camara-de-picos-convoca-audiencia-publica-para-debater-atendimento-nos-cartorios\/\" \/>\n<meta property=\"og:site_name\" content=\"Portal Not\u00edcia em Pauta\" \/>\n<meta property=\"article:publisher\" content=\"https:\/\/www.facebook.com\/Portal-Notcia-Em-Pauta-102292869264820\/\" \/>\n<meta property=\"article:published_time\" content=\"2024-02-23T11:38:59+00:00\" \/>\n<meta property=\"article:modified_time\" content=\"2024-02-23T11:39:00+00:00\" \/>\n<meta property=\"og:image\" content=\"https:\/\/noticiaempauta.com\/portal\/wp-content\/uploads\/2024\/02\/WhatsApp-Image-2024-02-22-at-19.33.45-1-1024x688-1.jpeg\" \/>\n\t<meta property=\"og:image:width\" content=\"1024\" \/>\n\t<meta property=\"og:image:height\" content=\"688\" \/>\n\t<meta property=\"og:image:type\" content=\"image\/jpeg\" \/>\n<meta name=\"author\" content=\"Reda\u00e7\u00e3o\" \/>\n<meta name=\"twitter:card\" content=\"summary_large_image\" \/>\n<meta name=\"twitter:label1\" content=\"Escrito por\" \/>\n\t<meta name=\"twitter:data1\" content=\"Reda\u00e7\u00e3o\" \/>\n\t<meta name=\"twitter:label2\" content=\"Est. tempo de leitura\" \/>\n\t<meta name=\"twitter:data2\" content=\"2 minutos\" \/>\n<script type=\"application\/ld+json\" class=\"yoast-schema-graph\">{\"@context\":\"https:\/\/schema.org\",\"@graph\":[{\"@type\":\"Article\",\"@id\":\"https:\/\/noticiaempauta.com\/portal\/eriberto-barros-presidente-da-camara-de-picos-convoca-audiencia-publica-para-debater-atendimento-nos-cartorios\/#article\",\"isPartOf\":{\"@id\":\"https:\/\/noticiaempauta.com\/portal\/eriberto-barros-presidente-da-camara-de-picos-convoca-audiencia-publica-para-debater-atendimento-nos-cartorios\/\"},\"author\":{\"name\":\"Reda\u00e7\u00e3o\",\"@id\":\"https:\/\/noticiaempauta.com\/portal\/#\/schema\/person\/a74af43dd1ab3deca45f988c717d57ac\"},\"headline\":\"Eriberto Barros, presidente da C\u00e2mara de Picos, convoca audi\u00eancia p\u00fablica para debater atendimento nos cart\u00f3rios\",\"datePublished\":\"2024-02-23T11:38:59+00:00\",\"dateModified\":\"2024-02-23T11:39:00+00:00\",\"mainEntityOfPage\":{\"@id\":\"https:\/\/noticiaempauta.com\/portal\/eriberto-barros-presidente-da-camara-de-picos-convoca-audiencia-publica-para-debater-atendimento-nos-cartorios\/\"},\"wordCount\":260,\"commentCount\":0,\"publisher\":{\"@id\":\"https:\/\/noticiaempauta.com\/portal\/#organization\"},\"image\":{\"@id\":\"https:\/\/noticiaempauta.com\/portal\/eriberto-barros-presidente-da-camara-de-picos-convoca-audiencia-publica-para-debater-atendimento-nos-cartorios\/#primaryimage\"},\"thumbnailUrl\":\"https:\/\/noticiaempauta.com\/portal\/wp-content\/uploads\/2024\/02\/WhatsApp-Image-2024-02-22-at-19.33.45-1-1024x688-1.jpeg\",\"keywords\":[\"destaqueprincipal\"],\"articleSection\":[\"Destaques\",\"Geral\",\"Todas as Not\u00edcias\"],\"inLanguage\":\"pt-BR\",\"potentialAction\":[{\"@type\":\"CommentAction\",\"name\":\"Comment\",\"target\":[\"https:\/\/noticiaempauta.com\/portal\/eriberto-barros-presidente-da-camara-de-picos-convoca-audiencia-publica-para-debater-atendimento-nos-cartorios\/#respond\"]}]},{\"@type\":\"WebPage\",\"@id\":\"https:\/\/noticiaempauta.com\/portal\/eriberto-barros-presidente-da-camara-de-picos-convoca-audiencia-publica-para-debater-atendimento-nos-cartorios\/\",\"url\":\"https:\/\/noticiaempauta.com\/portal\/eriberto-barros-presidente-da-camara-de-picos-convoca-audiencia-publica-para-debater-atendimento-nos-cartorios\/\",\"name\":\"Eriberto Barros, presidente da C\u00e2mara de Picos, convoca audi\u00eancia p\u00fablica para debater atendimento nos cart\u00f3rios - Portal Not\u00edcia em Pauta\",\"isPartOf\":{\"@id\":\"https:\/\/noticiaempauta.com\/portal\/#website\"},\"primaryImageOfPage\":{\"@id\":\"https:\/\/noticiaempauta.com\/portal\/eriberto-barros-presidente-da-camara-de-picos-convoca-audiencia-publica-para-debater-atendimento-nos-cartorios\/#primaryimage\"},\"image\":{\"@id\":\"https:\/\/noticiaempauta.com\/portal\/eriberto-barros-presidente-da-camara-de-picos-convoca-audiencia-publica-para-debater-atendimento-nos-cartorios\/#primaryimage\"},\"thumbnailUrl\":\"https:\/\/noticiaempauta.com\/portal\/wp-content\/uploads\/2024\/02\/WhatsApp-Image-2024-02-22-at-19.33.45-1-1024x688-1.jpeg\",\"datePublished\":\"2024-02-23T11:38:59+00:00\",\"dateModified\":\"2024-02-23T11:39:00+00:00\",\"breadcrumb\":{\"@id\":\"https:\/\/noticiaempauta.com\/portal\/eriberto-barros-presidente-da-camara-de-picos-convoca-audiencia-publica-para-debater-atendimento-nos-cartorios\/#breadcrumb\"},\"inLanguage\":\"pt-BR\",\"potentialAction\":[{\"@type\":\"ReadAction\",\"target\":[\"https:\/\/noticiaempauta.com\/portal\/eriberto-barros-presidente-da-camara-de-picos-convoca-audiencia-publica-para-debater-atendimento-nos-cartorios\/\"]}]},{\"@type\":\"ImageObject\",\"inLanguage\":\"pt-BR\",\"@id\":\"https:\/\/noticiaempauta.com\/portal\/eriberto-barros-presidente-da-camara-de-picos-convoca-audiencia-publica-para-debater-atendimento-nos-cartorios\/#primaryimage\",\"url\":\"https:\/\/noticiaempauta.com\/portal\/wp-content\/uploads\/2024\/02\/WhatsApp-Image-2024-02-22-at-19.33.45-1-1024x688-1.jpeg\",\"contentUrl\":\"https:\/\/noticiaempauta.com\/portal\/wp-content\/uploads\/2024\/02\/WhatsApp-Image-2024-02-22-at-19.33.45-1-1024x688-1.jpeg\",\"width\":1024,\"height\":688},{\"@type\":\"BreadcrumbList\",\"@id\":\"https:\/\/noticiaempauta.com\/portal\/eriberto-barros-presidente-da-camara-de-picos-convoca-audiencia-publica-para-debater-atendimento-nos-cartorios\/#breadcrumb\",\"itemListElement\":[{\"@type\":\"ListItem\",\"position\":1,\"name\":\"P\u00e1gina Inicial\",\"item\":\"https:\/\/noticiaempauta.com\/portal\/\"},{\"@type\":\"ListItem\",\"position\":2,\"name\":\"Destaques\",\"item\":\"https:\/\/noticiaempauta.com\/portal\/destaques-site\/\"},{\"@type\":\"ListItem\",\"position\":3,\"name\":\"Eriberto Barros, presidente da C\u00e2mara de Picos, convoca audi\u00eancia p\u00fablica para debater atendimento nos cart\u00f3rios\"}]},{\"@type\":\"WebSite\",\"@id\":\"https:\/\/noticiaempauta.com\/portal\/#website\",\"url\":\"https:\/\/noticiaempauta.com\/portal\/\",\"name\":\"Portal Not\u00edcia em Pauta\",\"description\":\"Voc\u00ea bem informado\",\"publisher\":{\"@id\":\"https:\/\/noticiaempauta.com\/portal\/#organization\"},\"potentialAction\":[{\"@type\":\"SearchAction\",\"target\":{\"@type\":\"EntryPoint\",\"urlTemplate\":\"https:\/\/noticiaempauta.com\/portal\/?s={search_term_string}\"},\"query-input\":{\"@type\":\"PropertyValueSpecification\",\"valueRequired\":true,\"valueName\":\"search_term_string\"}}],\"inLanguage\":\"pt-BR\"},{\"@type\":\"Organization\",\"@id\":\"https:\/\/noticiaempauta.com\/portal\/#organization\",\"name\":\"Portal Not\u00edcia em Pauta\",\"url\":\"https:\/\/noticiaempauta.com\/portal\/\",\"logo\":{\"@type\":\"ImageObject\",\"inLanguage\":\"pt-BR\",\"@id\":\"https:\/\/noticiaempauta.com\/portal\/#\/schema\/logo\/image\/\",\"url\":\"https:\/\/noticiaempauta.com\/portal\/wp-content\/uploads\/2022\/08\/logomarca_tema.fw_.png\",\"contentUrl\":\"https:\/\/noticiaempauta.com\/portal\/wp-content\/uploads\/2022\/08\/logomarca_tema.fw_.png\",\"width\":400,\"height\":232,\"caption\":\"Portal Not\u00edcia em Pauta\"},\"image\":{\"@id\":\"https:\/\/noticiaempauta.com\/portal\/#\/schema\/logo\/image\/\"},\"sameAs\":[\"https:\/\/www.facebook.com\/Portal-Notcia-Em-Pauta-102292869264820\/\",\"https:\/\/www.instagram.com\/portalnoticiaempauta\/\"]},{\"@type\":\"Person\",\"@id\":\"https:\/\/noticiaempauta.com\/portal\/#\/schema\/person\/a74af43dd1ab3deca45f988c717d57ac\",\"name\":\"Reda\u00e7\u00e3o\",\"image\":{\"@type\":\"ImageObject\",\"inLanguage\":\"pt-BR\",\"@id\":\"https:\/\/noticiaempauta.com\/portal\/#\/schema\/person\/image\/\",\"url\":\"https:\/\/secure.gravatar.com\/avatar\/03179346ecce6cdfc13361603e8f54242a90e5cde8618fa23c5c00aa2b0aadf3?s=96&d=mm&r=g\",\"contentUrl\":\"https:\/\/secure.gravatar.com\/avatar\/03179346ecce6cdfc13361603e8f54242a90e5cde8618fa23c5c00aa2b0aadf3?s=96&d=mm&r=g\",\"caption\":\"Reda\u00e7\u00e3o\"},\"sameAs\":[\"https:\/\/noticiaempauta.com\/portal\/\"],\"url\":\"https:\/\/noticiaempauta.com\/portal\/author\/fernando\/\"}]}<\/script>\n<!-- \/ Yoast SEO Premium plugin. -->","yoast_head_json":{"title":"Eriberto Barros, presidente da C\u00e2mara de Picos, convoca audi\u00eancia p\u00fablica para debater atendimento nos cart\u00f3rios - Portal Not\u00edcia em Pauta","robots":{"index":"index","follow":"follow","max-snippet":"max-snippet:-1","max-image-preview":"max-image-preview:large","max-video-preview":"max-video-preview:-1"},"canonical":"https:\/\/noticiaempauta.com\/portal\/eriberto-barros-presidente-da-camara-de-picos-convoca-audiencia-publica-para-debater-atendimento-nos-cartorios\/","og_locale":"pt_BR","og_type":"article","og_title":"Eriberto Barros, presidente da C\u00e2mara de Picos, convoca audi\u00eancia p\u00fablica para debater atendimento nos cart\u00f3rios","og_description":"O presidente da C\u00e2mara Municipal de Picos, Dr. Eriberto, solicitou na \u00faltima sess\u00e3o ocorrida na tarde desta quinta-feira, 22 de Fevereiro, uma audi\u00eancia p\u00fablica para o dia 8 de mar\u00e7o de 2024, \u00e0s 09h, na pr\u00f3pria casa legislativa, para discutir o atendimento prestado pelos cart\u00f3rios da cidade. Visando avaliar e debater quest\u00f5es relacionadas \u00e0 qualidade [&hellip;]","og_url":"https:\/\/noticiaempauta.com\/portal\/eriberto-barros-presidente-da-camara-de-picos-convoca-audiencia-publica-para-debater-atendimento-nos-cartorios\/","og_site_name":"Portal Not\u00edcia em Pauta","article_publisher":"https:\/\/www.facebook.com\/Portal-Notcia-Em-Pauta-102292869264820\/","article_published_time":"2024-02-23T11:38:59+00:00","article_modified_time":"2024-02-23T11:39:00+00:00","og_image":[{"width":1024,"height":688,"url":"https:\/\/noticiaempauta.com\/portal\/wp-content\/uploads\/2024\/02\/WhatsApp-Image-2024-02-22-at-19.33.45-1-1024x688-1.jpeg","type":"image\/jpeg"}],"author":"Reda\u00e7\u00e3o","twitter_card":"summary_large_image","twitter_misc":{"Escrito por":"Reda\u00e7\u00e3o","Est. tempo de leitura":"2 minutos"},"schema":{"@context":"https:\/\/schema.org","@graph":[{"@type":"Article","@id":"https:\/\/noticiaempauta.com\/portal\/eriberto-barros-presidente-da-camara-de-picos-convoca-audiencia-publica-para-debater-atendimento-nos-cartorios\/#article","isPartOf":{"@id":"https:\/\/noticiaempauta.com\/portal\/eriberto-barros-presidente-da-camara-de-picos-convoca-audiencia-publica-para-debater-atendimento-nos-cartorios\/"},"author":{"name":"Reda\u00e7\u00e3o","@id":"https:\/\/noticiaempauta.com\/portal\/#\/schema\/person\/a74af43dd1ab3deca45f988c717d57ac"},"headline":"Eriberto Barros, presidente da C\u00e2mara de Picos, convoca audi\u00eancia p\u00fablica para debater atendimento nos cart\u00f3rios","datePublished":"2024-02-23T11:38:59+00:00","dateModified":"2024-02-23T11:39:00+00:00","mainEntityOfPage":{"@id":"https:\/\/noticiaempauta.com\/portal\/eriberto-barros-presidente-da-camara-de-picos-convoca-audiencia-publica-para-debater-atendimento-nos-cartorios\/"},"wordCount":260,"commentCount":0,"publisher":{"@id":"https:\/\/noticiaempauta.com\/portal\/#organization"},"image":{"@id":"https:\/\/noticiaempauta.com\/portal\/eriberto-barros-presidente-da-camara-de-picos-convoca-audiencia-publica-para-debater-atendimento-nos-cartorios\/#primaryimage"},"thumbnailUrl":"https:\/\/noticiaempauta.com\/portal\/wp-content\/uploads\/2024\/02\/WhatsApp-Image-2024-02-22-at-19.33.45-1-1024x688-1.jpeg","keywords":["destaqueprincipal"],"articleSection":["Destaques","Geral","Todas as Not\u00edcias"],"inLanguage":"pt-BR","potentialAction":[{"@type":"CommentAction","name":"Comment","target":["https:\/\/noticiaempauta.com\/portal\/eriberto-barros-presidente-da-camara-de-picos-convoca-audiencia-publica-para-debater-atendimento-nos-cartorios\/#respond"]}]},{"@type":"WebPage","@id":"https:\/\/noticiaempauta.com\/portal\/eriberto-barros-presidente-da-camara-de-picos-convoca-audiencia-publica-para-debater-atendimento-nos-cartorios\/","url":"https:\/\/noticiaempauta.com\/portal\/eriberto-barros-presidente-da-camara-de-picos-convoca-audiencia-publica-para-debater-atendimento-nos-cartorios\/","name":"Eriberto Barros, presidente da C\u00e2mara de Picos, convoca audi\u00eancia p\u00fablica para debater atendimento nos cart\u00f3rios - Portal Not\u00edcia em Pauta","isPartOf":{"@id":"https:\/\/noticiaempauta.com\/portal\/#website"},"primaryImageOfPage":{"@id":"https:\/\/noticiaempauta.com\/portal\/eriberto-barros-presidente-da-camara-de-picos-convoca-audiencia-publica-para-debater-atendimento-nos-cartorios\/#primaryimage"},"image":{"@id":"https:\/\/noticiaempauta.com\/portal\/eriberto-barros-presidente-da-camara-de-picos-convoca-audiencia-publica-para-debater-atendimento-nos-cartorios\/#primaryimage"},"thumbnailUrl":"https:\/\/noticiaempauta.com\/portal\/wp-content\/uploads\/2024\/02\/WhatsApp-Image-2024-02-22-at-19.33.45-1-1024x688-1.jpeg","datePublished":"2024-02-23T11:38:59+00:00","dateModified":"2024-02-23T11:39:00+00:00","breadcrumb":{"@id":"https:\/\/noticiaempauta.com\/portal\/eriberto-barros-presidente-da-camara-de-picos-convoca-audiencia-publica-para-debater-atendimento-nos-cartorios\/#breadcrumb"},"inLanguage":"pt-BR","potentialAction":[{"@type":"ReadAction","target":["https:\/\/noticiaempauta.com\/portal\/eriberto-barros-presidente-da-camara-de-picos-convoca-audiencia-publica-para-debater-atendimento-nos-cartorios\/"]}]},{"@type":"ImageObject","inLanguage":"pt-BR","@id":"https:\/\/noticiaempauta.com\/portal\/eriberto-barros-presidente-da-camara-de-picos-convoca-audiencia-publica-para-debater-atendimento-nos-cartorios\/#primaryimage","url":"https:\/\/noticiaempauta.com\/portal\/wp-content\/uploads\/2024\/02\/WhatsApp-Image-2024-02-22-at-19.33.45-1-1024x688-1.jpeg","contentUrl":"https:\/\/noticiaempauta.com\/portal\/wp-content\/uploads\/2024\/02\/WhatsApp-Image-2024-02-22-at-19.33.45-1-1024x688-1.jpeg","width":1024,"height":688},{"@type":"BreadcrumbList","@id":"https:\/\/noticiaempauta.com\/portal\/eriberto-barros-presidente-da-camara-de-picos-convoca-audiencia-publica-para-debater-atendimento-nos-cartorios\/#breadcrumb","itemListElement":[{"@type":"ListItem","position":1,"name":"P\u00e1gina Inicial","item":"https:\/\/noticiaempauta.com\/portal\/"},{"@type":"ListItem","position":2,"name":"Destaques","item":"https:\/\/noticiaempauta.com\/portal\/destaques-site\/"},{"@type":"ListItem","position":3,"name":"Eriberto Barros, presidente da C\u00e2mara de Picos, convoca audi\u00eancia p\u00fablica para debater atendimento nos cart\u00f3rios"}]},{"@type":"WebSite","@id":"https:\/\/noticiaempauta.com\/portal\/#website","url":"https:\/\/noticiaempauta.com\/portal\/","name":"Portal Not\u00edcia em Pauta","description":"Voc\u00ea bem informado","publisher":{"@id":"https:\/\/noticiaempauta.com\/portal\/#organization"},"potentialAction":[{"@type":"SearchAction","target":{"@type":"EntryPoint","urlTemplate":"https:\/\/noticiaempauta.com\/portal\/?s={search_term_string}"},"query-input":{"@type":"PropertyValueSpecification","valueRequired":true,"valueName":"search_term_string"}}],"inLanguage":"pt-BR"},{"@type":"Organization","@id":"https:\/\/noticiaempauta.com\/portal\/#organization","name":"Portal Not\u00edcia em Pauta","url":"https:\/\/noticiaempauta.com\/portal\/","logo":{"@type":"ImageObject","inLanguage":"pt-BR","@id":"https:\/\/noticiaempauta.com\/portal\/#\/schema\/logo\/image\/","url":"https:\/\/noticiaempauta.com\/portal\/wp-content\/uploads\/2022\/08\/logomarca_tema.fw_.png","contentUrl":"https:\/\/noticiaempauta.com\/portal\/wp-content\/uploads\/2022\/08\/logomarca_tema.fw_.png","width":400,"height":232,"caption":"Portal Not\u00edcia em Pauta"},"image":{"@id":"https:\/\/noticiaempauta.com\/portal\/#\/schema\/logo\/image\/"},"sameAs":["https:\/\/www.facebook.com\/Portal-Notcia-Em-Pauta-102292869264820\/","https:\/\/www.instagram.com\/portalnoticiaempauta\/"]},{"@type":"Person","@id":"https:\/\/noticiaempauta.com\/portal\/#\/schema\/person\/a74af43dd1ab3deca45f988c717d57ac","name":"Reda\u00e7\u00e3o","image":{"@type":"ImageObject","inLanguage":"pt-BR","@id":"https:\/\/noticiaempauta.com\/portal\/#\/schema\/person\/image\/","url":"https:\/\/secure.gravatar.com\/avatar\/03179346ecce6cdfc13361603e8f54242a90e5cde8618fa23c5c00aa2b0aadf3?s=96&d=mm&r=g","contentUrl":"https:\/\/secure.gravatar.com\/avatar\/03179346ecce6cdfc13361603e8f54242a90e5cde8618fa23c5c00aa2b0aadf3?s=96&d=mm&r=g","caption":"Reda\u00e7\u00e3o"},"sameAs":["https:\/\/noticiaempauta.com\/portal\/"],"url":"https:\/\/noticiaempauta.com\/portal\/author\/fernando\/"}]}},"_links":{"self":[{"href":"https:\/\/noticiaempauta.com\/portal\/wp-json\/wp\/v2\/posts\/255063","targetHints":{"allow":["GET"]}}],"collection":[{"href":"https:\/\/noticiaempauta.com\/portal\/wp-json\/wp\/v2\/posts"}],"about":[{"href":"https:\/\/noticiaempauta.com\/portal\/wp-json\/wp\/v2\/types\/post"}],"author":[{"embeddable":true,"href":"https:\/\/noticiaempauta.com\/portal\/wp-json\/wp\/v2\/users\/2"}],"replies":[{"embeddable":true,"href":"https:\/\/noticiaempauta.com\/portal\/wp-json\/wp\/v2\/comments?post=255063"}],"version-history":[{"count":2,"href":"https:\/\/noticiaempauta.com\/portal\/wp-json\/wp\/v2\/posts\/255063\/revisions"}],"predecessor-version":[{"id":255068,"href":"https:\/\/noticiaempauta.com\/portal\/wp-json\/wp\/v2\/posts\/255063\/revisions\/255068"}],"wp:featuredmedia":[{"embeddable":true,"href":"https:\/\/noticiaempauta.com\/portal\/wp-json\/wp\/v2\/media\/255066"}],"wp:attachment":[{"href":"https:\/\/noticiaempauta.com\/portal\/wp-json\/wp\/v2\/media?parent=255063"}],"wp:term":[{"taxonomy":"category","embeddable":true,"href":"https:\/\/noticiaempauta.com\/portal\/wp-json\/wp\/v2\/categories?post=255063"},{"taxonomy":"post_tag","embeddable":true,"href":"https:\/\/noticiaempauta.com\/portal\/wp-json\/wp\/v2\/tags?post=255063"}],"curies":[{"name":"wp","href":"https:\/\/api.w.org\/{rel}","templated":true}]}}