{"id":255069,"date":"2024-02-23T08:45:37","date_gmt":"2024-02-23T11:45:37","guid":{"rendered":"https:\/\/noticiaempauta.com\/portal\/?p=255069"},"modified":"2024-02-23T08:48:16","modified_gmt":"2024-02-23T11:48:16","slug":"deslizamento-de-terra-atinge-casas-durante-enxurrada-em-picos","status":"publish","type":"post","link":"https:\/\/noticiaempauta.com\/portal\/deslizamento-de-terra-atinge-casas-durante-enxurrada-em-picos\/","title":{"rendered":"Deslizamento de terra atinge casas durante enxurrada em Picos"},"content":{"rendered":"\n<p>Duas casas ficaram parcialmente destru\u00eddas ap\u00f3s um deslizamento de terra ocorrido durante a chuva de quase 10 horas que atingiu o munic\u00edpio de Picos durante a noite de quarta (21) e madrugada da quinta-feira (22). As resid\u00eancias ficam localizadas no bairro Paroquial, um dos pontos cr\u00edticos da cidade.<\/p>\n\n\n\n<figure class=\"wp-block-image size-full\"><img fetchpriority=\"high\" decoding=\"async\" width=\"790\" height=\"377\" src=\"https:\/\/noticiaempauta.com\/portal\/wp-content\/uploads\/2024\/02\/c3fccddd303e4855f569a4cc3ffc2a67.jpg\" alt=\"\" class=\"wp-image-255071\" srcset=\"https:\/\/noticiaempauta.com\/portal\/wp-content\/uploads\/2024\/02\/c3fccddd303e4855f569a4cc3ffc2a67.jpg 790w, https:\/\/noticiaempauta.com\/portal\/wp-content\/uploads\/2024\/02\/c3fccddd303e4855f569a4cc3ffc2a67-300x143.jpg 300w, https:\/\/noticiaempauta.com\/portal\/wp-content\/uploads\/2024\/02\/c3fccddd303e4855f569a4cc3ffc2a67-768x367.jpg 768w\" sizes=\"(max-width: 790px) 100vw, 790px\" \/><\/figure>\n\n\n\n<p>No im\u00f3vel da cozinheira Esmeralda Maria da Silva, a cozinha e um banheiro desmoronaram com a enxurrada. Alguns eletrodom\u00e9sticos do c\u00f4modo, como uma geladeira e um fog\u00e3o, tamb\u00e9m ficaram destru\u00eddos. Esmeralda Maria conta que o momento foi de desespero.<\/p>\n\n\n\n<p>\u201cMuito desespero \u00e9 uma coisa assim que voc\u00ea n\u00e3o domina porque a \u00e1gua n\u00e3o estava passando pelos esgotos ao lado da casa, estava passando por dentro de casa, carregando tudo, e voc\u00ea fica assim, sem saber o que fazer; o jeito foi correr e deixar tudo\u201d, disse.<\/p>\n\n\n\n<p>A cozinheira destaca que a situa\u00e7\u00e3o \u00e9 corriqueira e que, sempre que inicia o per\u00edodo chuvoso, ela precisa tirar os m\u00f3veis do c\u00f4modo.&nbsp;<\/p>\n\n\n\n<p>\u201cTodos os anos quando come\u00e7a a chover, tem que tirar tudo que tem na cozinha e colocar na sala e deixar l\u00e1 vazio porque sempre corre o risco do pared\u00e3o cair\u201d, pontuou.<\/p>\n\n\n\n<figure class=\"wp-block-image size-full\"><img decoding=\"async\" width=\"790\" height=\"550\" src=\"https:\/\/noticiaempauta.com\/portal\/wp-content\/uploads\/2024\/02\/4d5baf3ff5b0376cd2819ae54587d53a.jpg\" alt=\"\" class=\"wp-image-255072\" srcset=\"https:\/\/noticiaempauta.com\/portal\/wp-content\/uploads\/2024\/02\/4d5baf3ff5b0376cd2819ae54587d53a.jpg 790w, https:\/\/noticiaempauta.com\/portal\/wp-content\/uploads\/2024\/02\/4d5baf3ff5b0376cd2819ae54587d53a-300x209.jpg 300w, https:\/\/noticiaempauta.com\/portal\/wp-content\/uploads\/2024\/02\/4d5baf3ff5b0376cd2819ae54587d53a-768x535.jpg 768w\" sizes=\"(max-width: 790px) 100vw, 790px\" \/><\/figure>\n\n\n\n<p>J\u00e1 na resid\u00eancia do aut\u00f4nomo Izaquiel Pedro de Oliveira, tamb\u00e9m atingida pelo deslizamento, moram cinco pessoas e ningu\u00e9m ficou ferido. Ele conta que, quando percebeu o perigo, s\u00f3 deu tempo de salvar os animais de estima\u00e7\u00e3o.<\/p>\n\n\n\n<p>\u201cEu tenho uma cachorra, um gatinho que tive que salvar, tive que correr para poder tirar porque se n\u00e3o tirasse ia matar a cachorra e o gato\u201d, disse o aut\u00f4nomo.<\/p>\n\n\n\n<p>As v\u00edtimas contam tamb\u00e9m que n\u00e3o \u00e9 a primeira vez que sofrem com esses problemas provocados pela chuva. Os residentes da regi\u00e3o destacam ainda que uma das causas prov\u00e1veis do deslizamento teria sido o desmoronamento de uma galeria que fica entre os bairros Aerol\u00e2ndia e Paroquial.<\/p>\n\n\n\n<p>\u201cFoi a galeria em cima do morro que estourou, que todo ano \u00e9 desse jeito a\u00ed\u201d, acrescentou Izaquiel. Os moradores atingidos pela enxurrada relatam que n\u00e3o t\u00eam para onde ir e pedem ajuda das autoridades do munic\u00edpio.<\/p>\n\n\n\n<p>\u201cQue eles venham fazer a\u00ed o pared\u00e3o para poder a gente ter pelo menos uma vida melhor porque a gente, quando v\u00ea um morma\u00e7o de chuva, j\u00e1 tem \u00e9 medo\u201d, desabafou Esmeralda Maria.<\/p>\n\n\n\n<figure class=\"wp-block-embed is-type-video is-provider-youtube wp-block-embed-youtube wp-embed-aspect-16-9 wp-has-aspect-ratio\"><div class=\"wp-block-embed__wrapper\">\n<iframe title=\"Em Picos, no bairro Paroquial, casas foram parcialmente destru\u00eddas por deslizamento de terra\" width=\"800\" height=\"450\" src=\"https:\/\/www.youtube.com\/embed\/PrwzrOgnz44?start=5&#038;feature=oembed\" frameborder=\"0\" allow=\"accelerometer; autoplay; clipboard-write; encrypted-media; gyroscope; picture-in-picture; web-share\" allowfullscreen><\/iframe>\n<\/div><\/figure>\n\n\n\n<p><em>Por Rebeca Lima e Val\u00e9ria Noronha (TV Cidade Verde Picos)&nbsp;<\/em><\/p>\n","protected":false},"excerpt":{"rendered":"<p>Duas casas ficaram parcialmente destru\u00eddas ap\u00f3s um deslizamento de terra ocorrido durante a chuva de quase 10 horas que atingiu o munic\u00edpio de Picos durante a noite de quarta (21) e madrugada da quinta-feira (22). As resid\u00eancias ficam localizadas no bairro Paroquial, um dos pontos cr\u00edticos da cidade. No im\u00f3vel da cozinheira Esmeralda Maria da [&hellip;]<\/p>\n","protected":false},"author":2,"featured_media":255071,"comment_status":"open","ping_status":"open","sticky":false,"template":"","format":"standard","meta":{"_mi_skip_tracking":false,"footnotes":""},"categories":[25,1,16],"tags":[192],"class_list":["post-255069","post","type-post","status-publish","format-standard","has-post-thumbnail","hentry","category-destaques-site","category-geral","category-todas","tag-destaqueprincipal"],"acf":[],"yoast_head":"<!-- This site is optimized with the Yoast SEO Premium plugin v19.2 (Yoast SEO v26.9) - https:\/\/yoast.com\/product\/yoast-seo-premium-wordpress\/ -->\n<title>Deslizamento de terra atinge casas durante enxurrada em Picos - Portal Not\u00edcia em Pauta<\/title>\n<meta name=\"robots\" content=\"index, follow, max-snippet:-1, max-image-preview:large, max-video-preview:-1\" \/>\n<link rel=\"canonical\" href=\"https:\/\/noticiaempauta.com\/portal\/deslizamento-de-terra-atinge-casas-durante-enxurrada-em-picos\/\" \/>\n<meta property=\"og:locale\" content=\"pt_BR\" \/>\n<meta property=\"og:type\" content=\"article\" \/>\n<meta property=\"og:title\" content=\"Deslizamento de terra atinge casas durante enxurrada em Picos\" \/>\n<meta property=\"og:description\" content=\"Duas casas ficaram parcialmente destru\u00eddas ap\u00f3s um deslizamento de terra ocorrido durante a chuva de quase 10 horas que atingiu o munic\u00edpio de Picos durante a noite de quarta (21) e madrugada da quinta-feira (22). As resid\u00eancias ficam localizadas no bairro Paroquial, um dos pontos cr\u00edticos da cidade. No im\u00f3vel da cozinheira Esmeralda Maria da [&hellip;]\" \/>\n<meta property=\"og:url\" content=\"https:\/\/noticiaempauta.com\/portal\/deslizamento-de-terra-atinge-casas-durante-enxurrada-em-picos\/\" \/>\n<meta property=\"og:site_name\" content=\"Portal Not\u00edcia em Pauta\" \/>\n<meta property=\"article:publisher\" content=\"https:\/\/www.facebook.com\/Portal-Notcia-Em-Pauta-102292869264820\/\" \/>\n<meta property=\"article:published_time\" content=\"2024-02-23T11:45:37+00:00\" \/>\n<meta property=\"article:modified_time\" content=\"2024-02-23T11:48:16+00:00\" \/>\n<meta property=\"og:image\" content=\"https:\/\/noticiaempauta.com\/portal\/wp-content\/uploads\/2024\/02\/c3fccddd303e4855f569a4cc3ffc2a67.jpg\" \/>\n\t<meta property=\"og:image:width\" content=\"790\" \/>\n\t<meta property=\"og:image:height\" content=\"377\" \/>\n\t<meta property=\"og:image:type\" content=\"image\/jpeg\" \/>\n<meta name=\"author\" content=\"Reda\u00e7\u00e3o\" \/>\n<meta name=\"twitter:card\" content=\"summary_large_image\" \/>\n<meta name=\"twitter:label1\" content=\"Escrito por\" \/>\n\t<meta name=\"twitter:data1\" content=\"Reda\u00e7\u00e3o\" \/>\n\t<meta name=\"twitter:label2\" content=\"Est. tempo de leitura\" \/>\n\t<meta name=\"twitter:data2\" content=\"3 minutos\" \/>\n<script type=\"application\/ld+json\" class=\"yoast-schema-graph\">{\"@context\":\"https:\/\/schema.org\",\"@graph\":[{\"@type\":\"Article\",\"@id\":\"https:\/\/noticiaempauta.com\/portal\/deslizamento-de-terra-atinge-casas-durante-enxurrada-em-picos\/#article\",\"isPartOf\":{\"@id\":\"https:\/\/noticiaempauta.com\/portal\/deslizamento-de-terra-atinge-casas-durante-enxurrada-em-picos\/\"},\"author\":{\"name\":\"Reda\u00e7\u00e3o\",\"@id\":\"https:\/\/noticiaempauta.com\/portal\/#\/schema\/person\/a74af43dd1ab3deca45f988c717d57ac\"},\"headline\":\"Deslizamento de terra atinge casas durante enxurrada em Picos\",\"datePublished\":\"2024-02-23T11:45:37+00:00\",\"dateModified\":\"2024-02-23T11:48:16+00:00\",\"mainEntityOfPage\":{\"@id\":\"https:\/\/noticiaempauta.com\/portal\/deslizamento-de-terra-atinge-casas-durante-enxurrada-em-picos\/\"},\"wordCount\":432,\"commentCount\":0,\"publisher\":{\"@id\":\"https:\/\/noticiaempauta.com\/portal\/#organization\"},\"image\":{\"@id\":\"https:\/\/noticiaempauta.com\/portal\/deslizamento-de-terra-atinge-casas-durante-enxurrada-em-picos\/#primaryimage\"},\"thumbnailUrl\":\"https:\/\/noticiaempauta.com\/portal\/wp-content\/uploads\/2024\/02\/c3fccddd303e4855f569a4cc3ffc2a67.jpg\",\"keywords\":[\"destaqueprincipal\"],\"articleSection\":[\"Destaques\",\"Geral\",\"Todas as Not\u00edcias\"],\"inLanguage\":\"pt-BR\",\"potentialAction\":[{\"@type\":\"CommentAction\",\"name\":\"Comment\",\"target\":[\"https:\/\/noticiaempauta.com\/portal\/deslizamento-de-terra-atinge-casas-durante-enxurrada-em-picos\/#respond\"]}]},{\"@type\":\"WebPage\",\"@id\":\"https:\/\/noticiaempauta.com\/portal\/deslizamento-de-terra-atinge-casas-durante-enxurrada-em-picos\/\",\"url\":\"https:\/\/noticiaempauta.com\/portal\/deslizamento-de-terra-atinge-casas-durante-enxurrada-em-picos\/\",\"name\":\"Deslizamento de terra atinge casas durante enxurrada em Picos - Portal Not\u00edcia em Pauta\",\"isPartOf\":{\"@id\":\"https:\/\/noticiaempauta.com\/portal\/#website\"},\"primaryImageOfPage\":{\"@id\":\"https:\/\/noticiaempauta.com\/portal\/deslizamento-de-terra-atinge-casas-durante-enxurrada-em-picos\/#primaryimage\"},\"image\":{\"@id\":\"https:\/\/noticiaempauta.com\/portal\/deslizamento-de-terra-atinge-casas-durante-enxurrada-em-picos\/#primaryimage\"},\"thumbnailUrl\":\"https:\/\/noticiaempauta.com\/portal\/wp-content\/uploads\/2024\/02\/c3fccddd303e4855f569a4cc3ffc2a67.jpg\",\"datePublished\":\"2024-02-23T11:45:37+00:00\",\"dateModified\":\"2024-02-23T11:48:16+00:00\",\"breadcrumb\":{\"@id\":\"https:\/\/noticiaempauta.com\/portal\/deslizamento-de-terra-atinge-casas-durante-enxurrada-em-picos\/#breadcrumb\"},\"inLanguage\":\"pt-BR\",\"potentialAction\":[{\"@type\":\"ReadAction\",\"target\":[\"https:\/\/noticiaempauta.com\/portal\/deslizamento-de-terra-atinge-casas-durante-enxurrada-em-picos\/\"]}]},{\"@type\":\"ImageObject\",\"inLanguage\":\"pt-BR\",\"@id\":\"https:\/\/noticiaempauta.com\/portal\/deslizamento-de-terra-atinge-casas-durante-enxurrada-em-picos\/#primaryimage\",\"url\":\"https:\/\/noticiaempauta.com\/portal\/wp-content\/uploads\/2024\/02\/c3fccddd303e4855f569a4cc3ffc2a67.jpg\",\"contentUrl\":\"https:\/\/noticiaempauta.com\/portal\/wp-content\/uploads\/2024\/02\/c3fccddd303e4855f569a4cc3ffc2a67.jpg\",\"width\":790,\"height\":377},{\"@type\":\"BreadcrumbList\",\"@id\":\"https:\/\/noticiaempauta.com\/portal\/deslizamento-de-terra-atinge-casas-durante-enxurrada-em-picos\/#breadcrumb\",\"itemListElement\":[{\"@type\":\"ListItem\",\"position\":1,\"name\":\"P\u00e1gina Inicial\",\"item\":\"https:\/\/noticiaempauta.com\/portal\/\"},{\"@type\":\"ListItem\",\"position\":2,\"name\":\"Destaques\",\"item\":\"https:\/\/noticiaempauta.com\/portal\/destaques-site\/\"},{\"@type\":\"ListItem\",\"position\":3,\"name\":\"Deslizamento de terra atinge casas durante enxurrada em Picos\"}]},{\"@type\":\"WebSite\",\"@id\":\"https:\/\/noticiaempauta.com\/portal\/#website\",\"url\":\"https:\/\/noticiaempauta.com\/portal\/\",\"name\":\"Portal Not\u00edcia em Pauta\",\"description\":\"Voc\u00ea bem informado\",\"publisher\":{\"@id\":\"https:\/\/noticiaempauta.com\/portal\/#organization\"},\"potentialAction\":[{\"@type\":\"SearchAction\",\"target\":{\"@type\":\"EntryPoint\",\"urlTemplate\":\"https:\/\/noticiaempauta.com\/portal\/?s={search_term_string}\"},\"query-input\":{\"@type\":\"PropertyValueSpecification\",\"valueRequired\":true,\"valueName\":\"search_term_string\"}}],\"inLanguage\":\"pt-BR\"},{\"@type\":\"Organization\",\"@id\":\"https:\/\/noticiaempauta.com\/portal\/#organization\",\"name\":\"Portal Not\u00edcia em Pauta\",\"url\":\"https:\/\/noticiaempauta.com\/portal\/\",\"logo\":{\"@type\":\"ImageObject\",\"inLanguage\":\"pt-BR\",\"@id\":\"https:\/\/noticiaempauta.com\/portal\/#\/schema\/logo\/image\/\",\"url\":\"https:\/\/noticiaempauta.com\/portal\/wp-content\/uploads\/2022\/08\/logomarca_tema.fw_.png\",\"contentUrl\":\"https:\/\/noticiaempauta.com\/portal\/wp-content\/uploads\/2022\/08\/logomarca_tema.fw_.png\",\"width\":400,\"height\":232,\"caption\":\"Portal Not\u00edcia em Pauta\"},\"image\":{\"@id\":\"https:\/\/noticiaempauta.com\/portal\/#\/schema\/logo\/image\/\"},\"sameAs\":[\"https:\/\/www.facebook.com\/Portal-Notcia-Em-Pauta-102292869264820\/\",\"https:\/\/www.instagram.com\/portalnoticiaempauta\/\"]},{\"@type\":\"Person\",\"@id\":\"https:\/\/noticiaempauta.com\/portal\/#\/schema\/person\/a74af43dd1ab3deca45f988c717d57ac\",\"name\":\"Reda\u00e7\u00e3o\",\"image\":{\"@type\":\"ImageObject\",\"inLanguage\":\"pt-BR\",\"@id\":\"https:\/\/noticiaempauta.com\/portal\/#\/schema\/person\/image\/\",\"url\":\"https:\/\/secure.gravatar.com\/avatar\/03179346ecce6cdfc13361603e8f54242a90e5cde8618fa23c5c00aa2b0aadf3?s=96&d=mm&r=g\",\"contentUrl\":\"https:\/\/secure.gravatar.com\/avatar\/03179346ecce6cdfc13361603e8f54242a90e5cde8618fa23c5c00aa2b0aadf3?s=96&d=mm&r=g\",\"caption\":\"Reda\u00e7\u00e3o\"},\"sameAs\":[\"https:\/\/noticiaempauta.com\/portal\/\"],\"url\":\"https:\/\/noticiaempauta.com\/portal\/author\/fernando\/\"}]}<\/script>\n<!-- \/ Yoast SEO Premium plugin. -->","yoast_head_json":{"title":"Deslizamento de terra atinge casas durante enxurrada em Picos - Portal Not\u00edcia em Pauta","robots":{"index":"index","follow":"follow","max-snippet":"max-snippet:-1","max-image-preview":"max-image-preview:large","max-video-preview":"max-video-preview:-1"},"canonical":"https:\/\/noticiaempauta.com\/portal\/deslizamento-de-terra-atinge-casas-durante-enxurrada-em-picos\/","og_locale":"pt_BR","og_type":"article","og_title":"Deslizamento de terra atinge casas durante enxurrada em Picos","og_description":"Duas casas ficaram parcialmente destru\u00eddas ap\u00f3s um deslizamento de terra ocorrido durante a chuva de quase 10 horas que atingiu o munic\u00edpio de Picos durante a noite de quarta (21) e madrugada da quinta-feira (22). As resid\u00eancias ficam localizadas no bairro Paroquial, um dos pontos cr\u00edticos da cidade. No im\u00f3vel da cozinheira Esmeralda Maria da [&hellip;]","og_url":"https:\/\/noticiaempauta.com\/portal\/deslizamento-de-terra-atinge-casas-durante-enxurrada-em-picos\/","og_site_name":"Portal Not\u00edcia em Pauta","article_publisher":"https:\/\/www.facebook.com\/Portal-Notcia-Em-Pauta-102292869264820\/","article_published_time":"2024-02-23T11:45:37+00:00","article_modified_time":"2024-02-23T11:48:16+00:00","og_image":[{"width":790,"height":377,"url":"https:\/\/noticiaempauta.com\/portal\/wp-content\/uploads\/2024\/02\/c3fccddd303e4855f569a4cc3ffc2a67.jpg","type":"image\/jpeg"}],"author":"Reda\u00e7\u00e3o","twitter_card":"summary_large_image","twitter_misc":{"Escrito por":"Reda\u00e7\u00e3o","Est. tempo de leitura":"3 minutos"},"schema":{"@context":"https:\/\/schema.org","@graph":[{"@type":"Article","@id":"https:\/\/noticiaempauta.com\/portal\/deslizamento-de-terra-atinge-casas-durante-enxurrada-em-picos\/#article","isPartOf":{"@id":"https:\/\/noticiaempauta.com\/portal\/deslizamento-de-terra-atinge-casas-durante-enxurrada-em-picos\/"},"author":{"name":"Reda\u00e7\u00e3o","@id":"https:\/\/noticiaempauta.com\/portal\/#\/schema\/person\/a74af43dd1ab3deca45f988c717d57ac"},"headline":"Deslizamento de terra atinge casas durante enxurrada em Picos","datePublished":"2024-02-23T11:45:37+00:00","dateModified":"2024-02-23T11:48:16+00:00","mainEntityOfPage":{"@id":"https:\/\/noticiaempauta.com\/portal\/deslizamento-de-terra-atinge-casas-durante-enxurrada-em-picos\/"},"wordCount":432,"commentCount":0,"publisher":{"@id":"https:\/\/noticiaempauta.com\/portal\/#organization"},"image":{"@id":"https:\/\/noticiaempauta.com\/portal\/deslizamento-de-terra-atinge-casas-durante-enxurrada-em-picos\/#primaryimage"},"thumbnailUrl":"https:\/\/noticiaempauta.com\/portal\/wp-content\/uploads\/2024\/02\/c3fccddd303e4855f569a4cc3ffc2a67.jpg","keywords":["destaqueprincipal"],"articleSection":["Destaques","Geral","Todas as Not\u00edcias"],"inLanguage":"pt-BR","potentialAction":[{"@type":"CommentAction","name":"Comment","target":["https:\/\/noticiaempauta.com\/portal\/deslizamento-de-terra-atinge-casas-durante-enxurrada-em-picos\/#respond"]}]},{"@type":"WebPage","@id":"https:\/\/noticiaempauta.com\/portal\/deslizamento-de-terra-atinge-casas-durante-enxurrada-em-picos\/","url":"https:\/\/noticiaempauta.com\/portal\/deslizamento-de-terra-atinge-casas-durante-enxurrada-em-picos\/","name":"Deslizamento de terra atinge casas durante enxurrada em Picos - Portal Not\u00edcia em Pauta","isPartOf":{"@id":"https:\/\/noticiaempauta.com\/portal\/#website"},"primaryImageOfPage":{"@id":"https:\/\/noticiaempauta.com\/portal\/deslizamento-de-terra-atinge-casas-durante-enxurrada-em-picos\/#primaryimage"},"image":{"@id":"https:\/\/noticiaempauta.com\/portal\/deslizamento-de-terra-atinge-casas-durante-enxurrada-em-picos\/#primaryimage"},"thumbnailUrl":"https:\/\/noticiaempauta.com\/portal\/wp-content\/uploads\/2024\/02\/c3fccddd303e4855f569a4cc3ffc2a67.jpg","datePublished":"2024-02-23T11:45:37+00:00","dateModified":"2024-02-23T11:48:16+00:00","breadcrumb":{"@id":"https:\/\/noticiaempauta.com\/portal\/deslizamento-de-terra-atinge-casas-durante-enxurrada-em-picos\/#breadcrumb"},"inLanguage":"pt-BR","potentialAction":[{"@type":"ReadAction","target":["https:\/\/noticiaempauta.com\/portal\/deslizamento-de-terra-atinge-casas-durante-enxurrada-em-picos\/"]}]},{"@type":"ImageObject","inLanguage":"pt-BR","@id":"https:\/\/noticiaempauta.com\/portal\/deslizamento-de-terra-atinge-casas-durante-enxurrada-em-picos\/#primaryimage","url":"https:\/\/noticiaempauta.com\/portal\/wp-content\/uploads\/2024\/02\/c3fccddd303e4855f569a4cc3ffc2a67.jpg","contentUrl":"https:\/\/noticiaempauta.com\/portal\/wp-content\/uploads\/2024\/02\/c3fccddd303e4855f569a4cc3ffc2a67.jpg","width":790,"height":377},{"@type":"BreadcrumbList","@id":"https:\/\/noticiaempauta.com\/portal\/deslizamento-de-terra-atinge-casas-durante-enxurrada-em-picos\/#breadcrumb","itemListElement":[{"@type":"ListItem","position":1,"name":"P\u00e1gina Inicial","item":"https:\/\/noticiaempauta.com\/portal\/"},{"@type":"ListItem","position":2,"name":"Destaques","item":"https:\/\/noticiaempauta.com\/portal\/destaques-site\/"},{"@type":"ListItem","position":3,"name":"Deslizamento de terra atinge casas durante enxurrada em Picos"}]},{"@type":"WebSite","@id":"https:\/\/noticiaempauta.com\/portal\/#website","url":"https:\/\/noticiaempauta.com\/portal\/","name":"Portal Not\u00edcia em Pauta","description":"Voc\u00ea bem informado","publisher":{"@id":"https:\/\/noticiaempauta.com\/portal\/#organization"},"potentialAction":[{"@type":"SearchAction","target":{"@type":"EntryPoint","urlTemplate":"https:\/\/noticiaempauta.com\/portal\/?s={search_term_string}"},"query-input":{"@type":"PropertyValueSpecification","valueRequired":true,"valueName":"search_term_string"}}],"inLanguage":"pt-BR"},{"@type":"Organization","@id":"https:\/\/noticiaempauta.com\/portal\/#organization","name":"Portal Not\u00edcia em Pauta","url":"https:\/\/noticiaempauta.com\/portal\/","logo":{"@type":"ImageObject","inLanguage":"pt-BR","@id":"https:\/\/noticiaempauta.com\/portal\/#\/schema\/logo\/image\/","url":"https:\/\/noticiaempauta.com\/portal\/wp-content\/uploads\/2022\/08\/logomarca_tema.fw_.png","contentUrl":"https:\/\/noticiaempauta.com\/portal\/wp-content\/uploads\/2022\/08\/logomarca_tema.fw_.png","width":400,"height":232,"caption":"Portal Not\u00edcia em Pauta"},"image":{"@id":"https:\/\/noticiaempauta.com\/portal\/#\/schema\/logo\/image\/"},"sameAs":["https:\/\/www.facebook.com\/Portal-Notcia-Em-Pauta-102292869264820\/","https:\/\/www.instagram.com\/portalnoticiaempauta\/"]},{"@type":"Person","@id":"https:\/\/noticiaempauta.com\/portal\/#\/schema\/person\/a74af43dd1ab3deca45f988c717d57ac","name":"Reda\u00e7\u00e3o","image":{"@type":"ImageObject","inLanguage":"pt-BR","@id":"https:\/\/noticiaempauta.com\/portal\/#\/schema\/person\/image\/","url":"https:\/\/secure.gravatar.com\/avatar\/03179346ecce6cdfc13361603e8f54242a90e5cde8618fa23c5c00aa2b0aadf3?s=96&d=mm&r=g","contentUrl":"https:\/\/secure.gravatar.com\/avatar\/03179346ecce6cdfc13361603e8f54242a90e5cde8618fa23c5c00aa2b0aadf3?s=96&d=mm&r=g","caption":"Reda\u00e7\u00e3o"},"sameAs":["https:\/\/noticiaempauta.com\/portal\/"],"url":"https:\/\/noticiaempauta.com\/portal\/author\/fernando\/"}]}},"_links":{"self":[{"href":"https:\/\/noticiaempauta.com\/portal\/wp-json\/wp\/v2\/posts\/255069","targetHints":{"allow":["GET"]}}],"collection":[{"href":"https:\/\/noticiaempauta.com\/portal\/wp-json\/wp\/v2\/posts"}],"about":[{"href":"https:\/\/noticiaempauta.com\/portal\/wp-json\/wp\/v2\/types\/post"}],"author":[{"embeddable":true,"href":"https:\/\/noticiaempauta.com\/portal\/wp-json\/wp\/v2\/users\/2"}],"replies":[{"embeddable":true,"href":"https:\/\/noticiaempauta.com\/portal\/wp-json\/wp\/v2\/comments?post=255069"}],"version-history":[{"count":3,"href":"https:\/\/noticiaempauta.com\/portal\/wp-json\/wp\/v2\/posts\/255069\/revisions"}],"predecessor-version":[{"id":255075,"href":"https:\/\/noticiaempauta.com\/portal\/wp-json\/wp\/v2\/posts\/255069\/revisions\/255075"}],"wp:featuredmedia":[{"embeddable":true,"href":"https:\/\/noticiaempauta.com\/portal\/wp-json\/wp\/v2\/media\/255071"}],"wp:attachment":[{"href":"https:\/\/noticiaempauta.com\/portal\/wp-json\/wp\/v2\/media?parent=255069"}],"wp:term":[{"taxonomy":"category","embeddable":true,"href":"https:\/\/noticiaempauta.com\/portal\/wp-json\/wp\/v2\/categories?post=255069"},{"taxonomy":"post_tag","embeddable":true,"href":"https:\/\/noticiaempauta.com\/portal\/wp-json\/wp\/v2\/tags?post=255069"}],"curies":[{"name":"wp","href":"https:\/\/api.w.org\/{rel}","templated":true}]}}