{"id":255135,"date":"2024-02-25T07:05:40","date_gmt":"2024-02-25T10:05:40","guid":{"rendered":"https:\/\/noticiaempauta.com\/portal\/?p=255135"},"modified":"2024-02-25T07:09:52","modified_gmt":"2024-02-25T10:09:52","slug":"picos-pablo-santos-reune-apoiadores-e-liderancas-politicas-em-lancamento-de-pre-campanha","status":"publish","type":"post","link":"https:\/\/noticiaempauta.com\/portal\/picos-pablo-santos-reune-apoiadores-e-liderancas-politicas-em-lancamento-de-pre-campanha\/","title":{"rendered":"PICOS | Pablo Santos re\u00fane apoiadores e lideran\u00e7as pol\u00edticas em lan\u00e7amento de pr\u00e9 campanha"},"content":{"rendered":"\n<p>Na noite deste s\u00e1bado (24) milhares de apoiadores e lideran\u00e7as pol\u00edticas de Picos e do Estado do Piau\u00ed participaram do evento de lan\u00e7amento da pr\u00e9-campanha do m\u00e9dico e deputado licenciado, Pablo Santos (MDB), para Prefeitura de Picos. Com foco nas elei\u00e7\u00f5es de 2024, o emebista se apresentou oficialmente como pr\u00e9-candidato \u00e0 popula\u00e7\u00e3o picoense e discutiu sobre projetos de melhorias para a cidade.<\/p>\n\n\n\n<figure class=\"wp-block-image size-large\"><img fetchpriority=\"high\" decoding=\"async\" width=\"1024\" height=\"576\" src=\"https:\/\/noticiaempauta.com\/portal\/wp-content\/uploads\/2024\/02\/WhatsApp-Image-2024-02-25-at-06.51.39-1024x576.jpeg\" alt=\"\" class=\"wp-image-255138\" srcset=\"https:\/\/noticiaempauta.com\/portal\/wp-content\/uploads\/2024\/02\/WhatsApp-Image-2024-02-25-at-06.51.39-1024x576.jpeg 1024w, https:\/\/noticiaempauta.com\/portal\/wp-content\/uploads\/2024\/02\/WhatsApp-Image-2024-02-25-at-06.51.39-300x169.jpeg 300w, https:\/\/noticiaempauta.com\/portal\/wp-content\/uploads\/2024\/02\/WhatsApp-Image-2024-02-25-at-06.51.39-768x432.jpeg 768w, https:\/\/noticiaempauta.com\/portal\/wp-content\/uploads\/2024\/02\/WhatsApp-Image-2024-02-25-at-06.51.39.jpeg 1280w\" sizes=\"(max-width: 1024px) 100vw, 1024px\" \/><\/figure>\n\n\n\n<p>O encontro de organiza\u00e7\u00e3o do processo eleitoral intitulado &#8220;Com a for\u00e7a do povo&#8221; ocorreu no Espa\u00e7o Picoense Clube. Estiveram presentes o governador do Piau\u00ed, Rafael Fonteles (PT); o vice-governador, Themist\u00f3cles Filho (MDB); o Ministro do Desenvolvimento Social, Wellington Dias (PT); o senador Marcelo Castro (MDB); senadora Jussara Lima (PSD); deputado federais, estaduais, vereadores e lideran\u00e7as pol\u00edticas de Picos e regi\u00e3o.\u00a0<\/p>\n\n\n\n<figure class=\"wp-block-image size-large\"><img decoding=\"async\" width=\"1024\" height=\"576\" src=\"https:\/\/noticiaempauta.com\/portal\/wp-content\/uploads\/2024\/02\/WhatsApp-Image-2024-02-24-at-20.46.52-1024x576.jpeg\" alt=\"\" class=\"wp-image-255137\" srcset=\"https:\/\/noticiaempauta.com\/portal\/wp-content\/uploads\/2024\/02\/WhatsApp-Image-2024-02-24-at-20.46.52-1024x576.jpeg 1024w, https:\/\/noticiaempauta.com\/portal\/wp-content\/uploads\/2024\/02\/WhatsApp-Image-2024-02-24-at-20.46.52-300x169.jpeg 300w, https:\/\/noticiaempauta.com\/portal\/wp-content\/uploads\/2024\/02\/WhatsApp-Image-2024-02-24-at-20.46.52-768x432.jpeg 768w, https:\/\/noticiaempauta.com\/portal\/wp-content\/uploads\/2024\/02\/WhatsApp-Image-2024-02-24-at-20.46.52-1536x864.jpeg 1536w, https:\/\/noticiaempauta.com\/portal\/wp-content\/uploads\/2024\/02\/WhatsApp-Image-2024-02-24-at-20.46.52-2048x1152.jpeg 2048w\" sizes=\"(max-width: 1024px) 100vw, 1024px\" \/><\/figure>\n\n\n\n<p>O governador Rafael Fonteles (PT) enalteceu Pablo Santos como um pr\u00e9-candidato que consegue dialogar com diversas for\u00e7as pol\u00edticas.<\/p>\n\n\n\n<figure class=\"wp-block-image size-large\"><img decoding=\"async\" width=\"768\" height=\"1024\" src=\"https:\/\/noticiaempauta.com\/portal\/wp-content\/uploads\/2024\/02\/WhatsApp-Image-2024-02-25-at-06.54.32-768x1024.jpeg\" alt=\"\" class=\"wp-image-255139\" srcset=\"https:\/\/noticiaempauta.com\/portal\/wp-content\/uploads\/2024\/02\/WhatsApp-Image-2024-02-25-at-06.54.32-768x1024.jpeg 768w, https:\/\/noticiaempauta.com\/portal\/wp-content\/uploads\/2024\/02\/WhatsApp-Image-2024-02-25-at-06.54.32-225x300.jpeg 225w, https:\/\/noticiaempauta.com\/portal\/wp-content\/uploads\/2024\/02\/WhatsApp-Image-2024-02-25-at-06.54.32.jpeg 960w\" sizes=\"(max-width: 768px) 100vw, 768px\" \/><\/figure>\n\n\n\n<p>&#8220;Estou aqui para discutir junto com o povo de Picos o futuro dessa cidade junto com o deputado Pablo Santos que se prop\u00f5e a colocar seu nome como pr\u00e9-candidato a prefeito de Picos. Ele consegue dialogar com v\u00e1rias for\u00e7as pol\u00edticas e o mais importante consegue dialogar com o povo. Ser\u00e1 uma longa caminhada, onde precisa muita humildade para conversar com cada cidad\u00e3o&#8221;, disse o governador.<\/p>\n\n\n\n<figure class=\"wp-block-image size-full\"><img loading=\"lazy\" decoding=\"async\" width=\"790\" height=\"526\" src=\"https:\/\/noticiaempauta.com\/portal\/wp-content\/uploads\/2024\/02\/aabfbe2d55a56c5f9a3b7eced0a785ab.jpeg\" alt=\"\" class=\"wp-image-255140\" srcset=\"https:\/\/noticiaempauta.com\/portal\/wp-content\/uploads\/2024\/02\/aabfbe2d55a56c5f9a3b7eced0a785ab.jpeg 790w, https:\/\/noticiaempauta.com\/portal\/wp-content\/uploads\/2024\/02\/aabfbe2d55a56c5f9a3b7eced0a785ab-300x200.jpeg 300w, https:\/\/noticiaempauta.com\/portal\/wp-content\/uploads\/2024\/02\/aabfbe2d55a56c5f9a3b7eced0a785ab-768x511.jpeg 768w\" sizes=\"(max-width: 790px) 100vw, 790px\" \/><\/figure>\n\n\n\n<p><strong>Apoio dos N\u00e9ris e composi\u00e7\u00e3o de futura chapa<\/strong><\/p>\n\n\n\n<p>Muito se especulava sobre o apoio do grupo pol\u00edtico dos N\u00e9ris a pr\u00e9-campanha de Pablo Santos (MDB). Ele realmente se confirmou e foi firmado na noite da \u00faltima sexta-feira (23) durante uma reuni\u00e3o que dialogou sobre a uni\u00e3o entre os l\u00edderes. O trio familiar Nerinho (PT), o ex-prefeito Jos\u00e9 N\u00e9ri (PT) e a atual vice-prefeita Xand\u00fa N\u00e9ri (PT) tiveram o espa\u00e7o de indica\u00e7\u00e3o do cargo de vice para a chapa majorit\u00e1ria.<\/p>\n\n\n\n<p><\/p>\n\n\n\n<figure class=\"wp-block-image size-full\"><img loading=\"lazy\" decoding=\"async\" width=\"790\" height=\"475\" src=\"https:\/\/noticiaempauta.com\/portal\/wp-content\/uploads\/2024\/02\/473ec0b895debc1ff9d2f1df871d271a.jpeg\" alt=\"\" class=\"wp-image-255141\" srcset=\"https:\/\/noticiaempauta.com\/portal\/wp-content\/uploads\/2024\/02\/473ec0b895debc1ff9d2f1df871d271a.jpeg 790w, https:\/\/noticiaempauta.com\/portal\/wp-content\/uploads\/2024\/02\/473ec0b895debc1ff9d2f1df871d271a-300x180.jpeg 300w, https:\/\/noticiaempauta.com\/portal\/wp-content\/uploads\/2024\/02\/473ec0b895debc1ff9d2f1df871d271a-768x462.jpeg 768w\" sizes=\"(max-width: 790px) 100vw, 790px\" \/><\/figure>\n\n\n\n<p>O ex-prefeito de Picos, Jos\u00e9 Neri (PT), foi incisivo ao dizer que o pr\u00e9-candidato Pablo Santos tem muito a oferecer a cidade, pois \u00e9 jovem e com ideias novas.<\/p>\n\n\n\n<p>&#8220;N\u00e3o tenho d\u00favidas do potencial de Pablo Santos, sei que ele far\u00e1 hist\u00f3ria, \u00e9 um jovem, compromissado e que pensa no futuro. Podem escrever, esse grupo ser\u00e1 vitorioso com uma maioria expressiva nas urnas&#8221;, enfatizou.<\/p>\n\n\n\n<figure class=\"wp-block-image size-large\"><img loading=\"lazy\" decoding=\"async\" width=\"1024\" height=\"683\" src=\"https:\/\/noticiaempauta.com\/portal\/wp-content\/uploads\/2024\/02\/IMG_3660-1-1024x683.jpg\" alt=\"\" class=\"wp-image-255152\" srcset=\"https:\/\/noticiaempauta.com\/portal\/wp-content\/uploads\/2024\/02\/IMG_3660-1-1024x683.jpg 1024w, https:\/\/noticiaempauta.com\/portal\/wp-content\/uploads\/2024\/02\/IMG_3660-1-300x200.jpg 300w, https:\/\/noticiaempauta.com\/portal\/wp-content\/uploads\/2024\/02\/IMG_3660-1-768x512.jpg 768w, https:\/\/noticiaempauta.com\/portal\/wp-content\/uploads\/2024\/02\/IMG_3660-1.jpg 1200w\" sizes=\"(max-width: 1024px) 100vw, 1024px\" \/><\/figure>\n\n\n\n<p>Durante as falas, as lideran\u00e7as pol\u00edticas ressaltaram o apoio massivo na Assembleia Legislativa do Piau\u00ed (Alepi) para a pr\u00e9-campanha de Pablo Santos. Dos 30 deputados estaduais eleitos, 26 apoiam o projeto pol\u00edtico do emedebista, entre tr\u00eas que receberam as maiores vota\u00e7\u00f5es no munic\u00edpio de Picos: Severo Eul\u00e1lio (MDB), Nerinho (PT) e Thales Coelho Pimentel (Progressistas).<\/p>\n\n\n\n<figure class=\"wp-block-image size-large\"><img loading=\"lazy\" decoding=\"async\" width=\"1024\" height=\"683\" src=\"https:\/\/noticiaempauta.com\/portal\/wp-content\/uploads\/2024\/02\/IMG_3615-1024x683.jpg\" alt=\"\" class=\"wp-image-255143\" srcset=\"https:\/\/noticiaempauta.com\/portal\/wp-content\/uploads\/2024\/02\/IMG_3615-1024x683.jpg 1024w, https:\/\/noticiaempauta.com\/portal\/wp-content\/uploads\/2024\/02\/IMG_3615-300x200.jpg 300w, https:\/\/noticiaempauta.com\/portal\/wp-content\/uploads\/2024\/02\/IMG_3615-768x512.jpg 768w, https:\/\/noticiaempauta.com\/portal\/wp-content\/uploads\/2024\/02\/IMG_3615.jpg 1200w\" sizes=\"(max-width: 1024px) 100vw, 1024px\" \/><\/figure>\n\n\n\n<p>O deputado estadual, Thales Coelho Pimentel (Progressistas), ressaltou seu apoio pol\u00edtico a pr\u00e9-candidatura de Pablo Santos. Segundo ele, se tornou picoense de cora\u00e7\u00e3o e pensa num futuro melhor para a cidade.<\/p>\n\n\n\n<figure class=\"wp-block-image size-large\"><img loading=\"lazy\" decoding=\"async\" width=\"1024\" height=\"683\" src=\"https:\/\/noticiaempauta.com\/portal\/wp-content\/uploads\/2024\/02\/IMG_3620-1024x683.jpg\" alt=\"\" class=\"wp-image-255144\" srcset=\"https:\/\/noticiaempauta.com\/portal\/wp-content\/uploads\/2024\/02\/IMG_3620-1024x683.jpg 1024w, https:\/\/noticiaempauta.com\/portal\/wp-content\/uploads\/2024\/02\/IMG_3620-300x200.jpg 300w, https:\/\/noticiaempauta.com\/portal\/wp-content\/uploads\/2024\/02\/IMG_3620-768x512.jpg 768w, https:\/\/noticiaempauta.com\/portal\/wp-content\/uploads\/2024\/02\/IMG_3620.jpg 1200w\" sizes=\"(max-width: 1024px) 100vw, 1024px\" \/><\/figure>\n\n\n\n<p>&#8220;Picos \u00e9 uma cidade que eu escolhi pra viver, Picos me acolheu como filho. Aqui constru\u00ed minha fam\u00edlia, aqui eu moro, atuo como m\u00e9dico. Infelizmente, a atual gest\u00e3o est\u00e1 em total descaso com a cidade e escolhi o futuro de Picos, junto com o pr\u00e9-candidato Pablo Santos. Um homem de palavra, honesto, trabalhador e tenho certeza que ir\u00e1 mudar Picos&#8221;, frisou o deputado.<\/p>\n\n\n\n<figure class=\"wp-block-image size-large\"><img loading=\"lazy\" decoding=\"async\" width=\"1024\" height=\"683\" src=\"https:\/\/noticiaempauta.com\/portal\/wp-content\/uploads\/2024\/02\/IMG_3623-1-1024x683.jpg\" alt=\"\" class=\"wp-image-255146\" srcset=\"https:\/\/noticiaempauta.com\/portal\/wp-content\/uploads\/2024\/02\/IMG_3623-1-1024x683.jpg 1024w, https:\/\/noticiaempauta.com\/portal\/wp-content\/uploads\/2024\/02\/IMG_3623-1-300x200.jpg 300w, https:\/\/noticiaempauta.com\/portal\/wp-content\/uploads\/2024\/02\/IMG_3623-1-768x512.jpg 768w, https:\/\/noticiaempauta.com\/portal\/wp-content\/uploads\/2024\/02\/IMG_3623-1.jpg 1200w\" sizes=\"(max-width: 1024px) 100vw, 1024px\" \/><\/figure>\n\n\n\n<p>Quem tamb\u00e9m ressaltou o apoio a Pablo Santos, foi o correligion\u00e1rio de sigla o deputado estadual Severo Eul\u00e1lio (MDB). Ele refor\u00e7a que o grupo que se organiza para disputar as elei\u00e7\u00f5es deste \u00e9 composto das v\u00e1rias frentes partid\u00e1rias.&nbsp;<\/p>\n\n\n\n<p>&#8220;Estamos firmando de p\u00fablico o nosso apoio a pr\u00e9-campanha de Pablo Santos. Brevemente estaremos percorrendo a cidade, mostrando o que pode ser feito de melhor para Picos. O grupo \u00e9 uma grande coalis\u00e3o em prol do Pablo, pessoas que n\u00e3o marcharam junto conosco na elei\u00e7\u00e3o passada com o candidato Araujinho e hoje chegam para somar. Esperamos que ao final deste processo consigamos lograr \u00eaxito&#8221;, pontuou.<\/p>\n\n\n\n<figure class=\"wp-block-image size-large\"><img loading=\"lazy\" decoding=\"async\" width=\"1024\" height=\"683\" src=\"https:\/\/noticiaempauta.com\/portal\/wp-content\/uploads\/2024\/02\/IMG_3635-1024x683.jpg\" alt=\"\" class=\"wp-image-255147\" srcset=\"https:\/\/noticiaempauta.com\/portal\/wp-content\/uploads\/2024\/02\/IMG_3635-1024x683.jpg 1024w, https:\/\/noticiaempauta.com\/portal\/wp-content\/uploads\/2024\/02\/IMG_3635-300x200.jpg 300w, https:\/\/noticiaempauta.com\/portal\/wp-content\/uploads\/2024\/02\/IMG_3635-768x512.jpg 768w, https:\/\/noticiaempauta.com\/portal\/wp-content\/uploads\/2024\/02\/IMG_3635.jpg 1200w\" sizes=\"(max-width: 1024px) 100vw, 1024px\" \/><\/figure>\n\n\n\n<p><\/p>\n\n\n\n<figure class=\"wp-block-image size-large\"><img loading=\"lazy\" decoding=\"async\" width=\"1024\" height=\"683\" src=\"https:\/\/noticiaempauta.com\/portal\/wp-content\/uploads\/2024\/02\/IMG_3676-1024x683.jpg\" alt=\"\" class=\"wp-image-255148\" srcset=\"https:\/\/noticiaempauta.com\/portal\/wp-content\/uploads\/2024\/02\/IMG_3676-1024x683.jpg 1024w, https:\/\/noticiaempauta.com\/portal\/wp-content\/uploads\/2024\/02\/IMG_3676-300x200.jpg 300w, https:\/\/noticiaempauta.com\/portal\/wp-content\/uploads\/2024\/02\/IMG_3676-768x512.jpg 768w, https:\/\/noticiaempauta.com\/portal\/wp-content\/uploads\/2024\/02\/IMG_3676.jpg 1200w\" sizes=\"(max-width: 1024px) 100vw, 1024px\" \/><\/figure>\n\n\n\n<figure class=\"wp-block-image size-large\"><img loading=\"lazy\" decoding=\"async\" width=\"1024\" height=\"683\" src=\"https:\/\/noticiaempauta.com\/portal\/wp-content\/uploads\/2024\/02\/IMG_3680-1024x683.jpg\" alt=\"\" class=\"wp-image-255149\" srcset=\"https:\/\/noticiaempauta.com\/portal\/wp-content\/uploads\/2024\/02\/IMG_3680-1024x683.jpg 1024w, https:\/\/noticiaempauta.com\/portal\/wp-content\/uploads\/2024\/02\/IMG_3680-300x200.jpg 300w, https:\/\/noticiaempauta.com\/portal\/wp-content\/uploads\/2024\/02\/IMG_3680-768x512.jpg 768w, https:\/\/noticiaempauta.com\/portal\/wp-content\/uploads\/2024\/02\/IMG_3680.jpg 1200w\" sizes=\"(max-width: 1024px) 100vw, 1024px\" \/><\/figure>\n\n\n\n<figure class=\"wp-block-image size-large\"><img loading=\"lazy\" decoding=\"async\" width=\"1024\" height=\"683\" src=\"https:\/\/noticiaempauta.com\/portal\/wp-content\/uploads\/2024\/02\/IMG_3662-1-1024x683.jpg\" alt=\"\" class=\"wp-image-255150\" srcset=\"https:\/\/noticiaempauta.com\/portal\/wp-content\/uploads\/2024\/02\/IMG_3662-1-1024x683.jpg 1024w, https:\/\/noticiaempauta.com\/portal\/wp-content\/uploads\/2024\/02\/IMG_3662-1-300x200.jpg 300w, https:\/\/noticiaempauta.com\/portal\/wp-content\/uploads\/2024\/02\/IMG_3662-1-768x512.jpg 768w, https:\/\/noticiaempauta.com\/portal\/wp-content\/uploads\/2024\/02\/IMG_3662-1.jpg 1200w\" sizes=\"(max-width: 1024px) 100vw, 1024px\" \/><\/figure>\n\n\n\n<figure class=\"wp-block-image size-large\"><img loading=\"lazy\" decoding=\"async\" width=\"1024\" height=\"576\" src=\"https:\/\/noticiaempauta.com\/portal\/wp-content\/uploads\/2024\/02\/WhatsApp-Image-2024-02-24-at-20.37.01-1024x576.jpeg\" alt=\"\" class=\"wp-image-255151\" srcset=\"https:\/\/noticiaempauta.com\/portal\/wp-content\/uploads\/2024\/02\/WhatsApp-Image-2024-02-24-at-20.37.01-1024x576.jpeg 1024w, https:\/\/noticiaempauta.com\/portal\/wp-content\/uploads\/2024\/02\/WhatsApp-Image-2024-02-24-at-20.37.01-300x169.jpeg 300w, https:\/\/noticiaempauta.com\/portal\/wp-content\/uploads\/2024\/02\/WhatsApp-Image-2024-02-24-at-20.37.01-768x432.jpeg 768w, https:\/\/noticiaempauta.com\/portal\/wp-content\/uploads\/2024\/02\/WhatsApp-Image-2024-02-24-at-20.37.01-1536x864.jpeg 1536w, https:\/\/noticiaempauta.com\/portal\/wp-content\/uploads\/2024\/02\/WhatsApp-Image-2024-02-24-at-20.37.01-2048x1152.jpeg 2048w\" sizes=\"(max-width: 1024px) 100vw, 1024px\" \/><\/figure>\n\n\n\n<p><em>Fonte: Paula Monize\/CidadeVerde<\/em><\/p>\n","protected":false},"excerpt":{"rendered":"<p>Na noite deste s\u00e1bado (24) milhares de apoiadores e lideran\u00e7as pol\u00edticas de Picos e do Estado do Piau\u00ed participaram do evento de lan\u00e7amento da pr\u00e9-campanha do m\u00e9dico e deputado licenciado, Pablo Santos (MDB), para Prefeitura de Picos. Com foco nas elei\u00e7\u00f5es de 2024, o emebista se apresentou oficialmente como pr\u00e9-candidato \u00e0 popula\u00e7\u00e3o picoense e discutiu [&hellip;]<\/p>\n","protected":false},"author":2,"featured_media":255138,"comment_status":"open","ping_status":"open","sticky":false,"template":"","format":"standard","meta":{"_mi_skip_tracking":false,"footnotes":""},"categories":[25,1,3,16],"tags":[192],"class_list":["post-255135","post","type-post","status-publish","format-standard","has-post-thumbnail","hentry","category-destaques-site","category-geral","category-politica","category-todas","tag-destaqueprincipal"],"acf":[],"yoast_head":"<!-- This site is optimized with the Yoast SEO Premium plugin v19.2 (Yoast SEO v26.9) - https:\/\/yoast.com\/product\/yoast-seo-premium-wordpress\/ -->\n<title>PICOS | Pablo Santos re\u00fane apoiadores e lideran\u00e7as pol\u00edticas em lan\u00e7amento de pr\u00e9 campanha - Portal Not\u00edcia em Pauta<\/title>\n<meta name=\"robots\" content=\"index, follow, max-snippet:-1, max-image-preview:large, max-video-preview:-1\" \/>\n<link rel=\"canonical\" href=\"https:\/\/noticiaempauta.com\/portal\/picos-pablo-santos-reune-apoiadores-e-liderancas-politicas-em-lancamento-de-pre-campanha\/\" \/>\n<meta property=\"og:locale\" content=\"pt_BR\" \/>\n<meta property=\"og:type\" content=\"article\" \/>\n<meta property=\"og:title\" content=\"PICOS | Pablo Santos re\u00fane apoiadores e lideran\u00e7as pol\u00edticas em lan\u00e7amento de pr\u00e9 campanha\" \/>\n<meta property=\"og:description\" content=\"Na noite deste s\u00e1bado (24) milhares de apoiadores e lideran\u00e7as pol\u00edticas de Picos e do Estado do Piau\u00ed participaram do evento de lan\u00e7amento da pr\u00e9-campanha do m\u00e9dico e deputado licenciado, Pablo Santos (MDB), para Prefeitura de Picos. Com foco nas elei\u00e7\u00f5es de 2024, o emebista se apresentou oficialmente como pr\u00e9-candidato \u00e0 popula\u00e7\u00e3o picoense e discutiu [&hellip;]\" \/>\n<meta property=\"og:url\" content=\"https:\/\/noticiaempauta.com\/portal\/picos-pablo-santos-reune-apoiadores-e-liderancas-politicas-em-lancamento-de-pre-campanha\/\" \/>\n<meta property=\"og:site_name\" content=\"Portal Not\u00edcia em Pauta\" \/>\n<meta property=\"article:publisher\" content=\"https:\/\/www.facebook.com\/Portal-Notcia-Em-Pauta-102292869264820\/\" \/>\n<meta property=\"article:published_time\" content=\"2024-02-25T10:05:40+00:00\" \/>\n<meta property=\"article:modified_time\" content=\"2024-02-25T10:09:52+00:00\" \/>\n<meta property=\"og:image\" content=\"https:\/\/noticiaempauta.com\/portal\/wp-content\/uploads\/2024\/02\/WhatsApp-Image-2024-02-25-at-06.51.39.jpeg\" \/>\n\t<meta property=\"og:image:width\" content=\"1280\" \/>\n\t<meta property=\"og:image:height\" content=\"720\" \/>\n\t<meta property=\"og:image:type\" content=\"image\/jpeg\" \/>\n<meta name=\"author\" content=\"Reda\u00e7\u00e3o\" \/>\n<meta name=\"twitter:card\" content=\"summary_large_image\" \/>\n<meta name=\"twitter:label1\" content=\"Escrito por\" \/>\n\t<meta name=\"twitter:data1\" content=\"Reda\u00e7\u00e3o\" \/>\n\t<meta name=\"twitter:label2\" content=\"Est. tempo de leitura\" \/>\n\t<meta name=\"twitter:data2\" content=\"7 minutos\" \/>\n<script type=\"application\/ld+json\" class=\"yoast-schema-graph\">{\"@context\":\"https:\/\/schema.org\",\"@graph\":[{\"@type\":\"Article\",\"@id\":\"https:\/\/noticiaempauta.com\/portal\/picos-pablo-santos-reune-apoiadores-e-liderancas-politicas-em-lancamento-de-pre-campanha\/#article\",\"isPartOf\":{\"@id\":\"https:\/\/noticiaempauta.com\/portal\/picos-pablo-santos-reune-apoiadores-e-liderancas-politicas-em-lancamento-de-pre-campanha\/\"},\"author\":{\"name\":\"Reda\u00e7\u00e3o\",\"@id\":\"https:\/\/noticiaempauta.com\/portal\/#\/schema\/person\/a74af43dd1ab3deca45f988c717d57ac\"},\"headline\":\"PICOS | Pablo Santos re\u00fane apoiadores e lideran\u00e7as pol\u00edticas em lan\u00e7amento de pr\u00e9 campanha\",\"datePublished\":\"2024-02-25T10:05:40+00:00\",\"dateModified\":\"2024-02-25T10:09:52+00:00\",\"mainEntityOfPage\":{\"@id\":\"https:\/\/noticiaempauta.com\/portal\/picos-pablo-santos-reune-apoiadores-e-liderancas-politicas-em-lancamento-de-pre-campanha\/\"},\"wordCount\":680,\"commentCount\":0,\"publisher\":{\"@id\":\"https:\/\/noticiaempauta.com\/portal\/#organization\"},\"image\":{\"@id\":\"https:\/\/noticiaempauta.com\/portal\/picos-pablo-santos-reune-apoiadores-e-liderancas-politicas-em-lancamento-de-pre-campanha\/#primaryimage\"},\"thumbnailUrl\":\"https:\/\/noticiaempauta.com\/portal\/wp-content\/uploads\/2024\/02\/WhatsApp-Image-2024-02-25-at-06.51.39.jpeg\",\"keywords\":[\"destaqueprincipal\"],\"articleSection\":[\"Destaques\",\"Geral\",\"Pol\u00edtica\",\"Todas as Not\u00edcias\"],\"inLanguage\":\"pt-BR\",\"potentialAction\":[{\"@type\":\"CommentAction\",\"name\":\"Comment\",\"target\":[\"https:\/\/noticiaempauta.com\/portal\/picos-pablo-santos-reune-apoiadores-e-liderancas-politicas-em-lancamento-de-pre-campanha\/#respond\"]}]},{\"@type\":\"WebPage\",\"@id\":\"https:\/\/noticiaempauta.com\/portal\/picos-pablo-santos-reune-apoiadores-e-liderancas-politicas-em-lancamento-de-pre-campanha\/\",\"url\":\"https:\/\/noticiaempauta.com\/portal\/picos-pablo-santos-reune-apoiadores-e-liderancas-politicas-em-lancamento-de-pre-campanha\/\",\"name\":\"PICOS | Pablo Santos re\u00fane apoiadores e lideran\u00e7as pol\u00edticas em lan\u00e7amento de pr\u00e9 campanha - Portal Not\u00edcia em Pauta\",\"isPartOf\":{\"@id\":\"https:\/\/noticiaempauta.com\/portal\/#website\"},\"primaryImageOfPage\":{\"@id\":\"https:\/\/noticiaempauta.com\/portal\/picos-pablo-santos-reune-apoiadores-e-liderancas-politicas-em-lancamento-de-pre-campanha\/#primaryimage\"},\"image\":{\"@id\":\"https:\/\/noticiaempauta.com\/portal\/picos-pablo-santos-reune-apoiadores-e-liderancas-politicas-em-lancamento-de-pre-campanha\/#primaryimage\"},\"thumbnailUrl\":\"https:\/\/noticiaempauta.com\/portal\/wp-content\/uploads\/2024\/02\/WhatsApp-Image-2024-02-25-at-06.51.39.jpeg\",\"datePublished\":\"2024-02-25T10:05:40+00:00\",\"dateModified\":\"2024-02-25T10:09:52+00:00\",\"breadcrumb\":{\"@id\":\"https:\/\/noticiaempauta.com\/portal\/picos-pablo-santos-reune-apoiadores-e-liderancas-politicas-em-lancamento-de-pre-campanha\/#breadcrumb\"},\"inLanguage\":\"pt-BR\",\"potentialAction\":[{\"@type\":\"ReadAction\",\"target\":[\"https:\/\/noticiaempauta.com\/portal\/picos-pablo-santos-reune-apoiadores-e-liderancas-politicas-em-lancamento-de-pre-campanha\/\"]}]},{\"@type\":\"ImageObject\",\"inLanguage\":\"pt-BR\",\"@id\":\"https:\/\/noticiaempauta.com\/portal\/picos-pablo-santos-reune-apoiadores-e-liderancas-politicas-em-lancamento-de-pre-campanha\/#primaryimage\",\"url\":\"https:\/\/noticiaempauta.com\/portal\/wp-content\/uploads\/2024\/02\/WhatsApp-Image-2024-02-25-at-06.51.39.jpeg\",\"contentUrl\":\"https:\/\/noticiaempauta.com\/portal\/wp-content\/uploads\/2024\/02\/WhatsApp-Image-2024-02-25-at-06.51.39.jpeg\",\"width\":1280,\"height\":720},{\"@type\":\"BreadcrumbList\",\"@id\":\"https:\/\/noticiaempauta.com\/portal\/picos-pablo-santos-reune-apoiadores-e-liderancas-politicas-em-lancamento-de-pre-campanha\/#breadcrumb\",\"itemListElement\":[{\"@type\":\"ListItem\",\"position\":1,\"name\":\"P\u00e1gina Inicial\",\"item\":\"https:\/\/noticiaempauta.com\/portal\/\"},{\"@type\":\"ListItem\",\"position\":2,\"name\":\"Destaques\",\"item\":\"https:\/\/noticiaempauta.com\/portal\/destaques-site\/\"},{\"@type\":\"ListItem\",\"position\":3,\"name\":\"PICOS | Pablo Santos re\u00fane apoiadores e lideran\u00e7as pol\u00edticas em lan\u00e7amento de pr\u00e9 campanha\"}]},{\"@type\":\"WebSite\",\"@id\":\"https:\/\/noticiaempauta.com\/portal\/#website\",\"url\":\"https:\/\/noticiaempauta.com\/portal\/\",\"name\":\"Portal Not\u00edcia em Pauta\",\"description\":\"Voc\u00ea bem informado\",\"publisher\":{\"@id\":\"https:\/\/noticiaempauta.com\/portal\/#organization\"},\"potentialAction\":[{\"@type\":\"SearchAction\",\"target\":{\"@type\":\"EntryPoint\",\"urlTemplate\":\"https:\/\/noticiaempauta.com\/portal\/?s={search_term_string}\"},\"query-input\":{\"@type\":\"PropertyValueSpecification\",\"valueRequired\":true,\"valueName\":\"search_term_string\"}}],\"inLanguage\":\"pt-BR\"},{\"@type\":\"Organization\",\"@id\":\"https:\/\/noticiaempauta.com\/portal\/#organization\",\"name\":\"Portal Not\u00edcia em Pauta\",\"url\":\"https:\/\/noticiaempauta.com\/portal\/\",\"logo\":{\"@type\":\"ImageObject\",\"inLanguage\":\"pt-BR\",\"@id\":\"https:\/\/noticiaempauta.com\/portal\/#\/schema\/logo\/image\/\",\"url\":\"https:\/\/noticiaempauta.com\/portal\/wp-content\/uploads\/2022\/08\/logomarca_tema.fw_.png\",\"contentUrl\":\"https:\/\/noticiaempauta.com\/portal\/wp-content\/uploads\/2022\/08\/logomarca_tema.fw_.png\",\"width\":400,\"height\":232,\"caption\":\"Portal Not\u00edcia em Pauta\"},\"image\":{\"@id\":\"https:\/\/noticiaempauta.com\/portal\/#\/schema\/logo\/image\/\"},\"sameAs\":[\"https:\/\/www.facebook.com\/Portal-Notcia-Em-Pauta-102292869264820\/\",\"https:\/\/www.instagram.com\/portalnoticiaempauta\/\"]},{\"@type\":\"Person\",\"@id\":\"https:\/\/noticiaempauta.com\/portal\/#\/schema\/person\/a74af43dd1ab3deca45f988c717d57ac\",\"name\":\"Reda\u00e7\u00e3o\",\"image\":{\"@type\":\"ImageObject\",\"inLanguage\":\"pt-BR\",\"@id\":\"https:\/\/noticiaempauta.com\/portal\/#\/schema\/person\/image\/\",\"url\":\"https:\/\/secure.gravatar.com\/avatar\/03179346ecce6cdfc13361603e8f54242a90e5cde8618fa23c5c00aa2b0aadf3?s=96&d=mm&r=g\",\"contentUrl\":\"https:\/\/secure.gravatar.com\/avatar\/03179346ecce6cdfc13361603e8f54242a90e5cde8618fa23c5c00aa2b0aadf3?s=96&d=mm&r=g\",\"caption\":\"Reda\u00e7\u00e3o\"},\"sameAs\":[\"https:\/\/noticiaempauta.com\/portal\/\"],\"url\":\"https:\/\/noticiaempauta.com\/portal\/author\/fernando\/\"}]}<\/script>\n<!-- \/ Yoast SEO Premium plugin. -->","yoast_head_json":{"title":"PICOS | Pablo Santos re\u00fane apoiadores e lideran\u00e7as pol\u00edticas em lan\u00e7amento de pr\u00e9 campanha - Portal Not\u00edcia em Pauta","robots":{"index":"index","follow":"follow","max-snippet":"max-snippet:-1","max-image-preview":"max-image-preview:large","max-video-preview":"max-video-preview:-1"},"canonical":"https:\/\/noticiaempauta.com\/portal\/picos-pablo-santos-reune-apoiadores-e-liderancas-politicas-em-lancamento-de-pre-campanha\/","og_locale":"pt_BR","og_type":"article","og_title":"PICOS | Pablo Santos re\u00fane apoiadores e lideran\u00e7as pol\u00edticas em lan\u00e7amento de pr\u00e9 campanha","og_description":"Na noite deste s\u00e1bado (24) milhares de apoiadores e lideran\u00e7as pol\u00edticas de Picos e do Estado do Piau\u00ed participaram do evento de lan\u00e7amento da pr\u00e9-campanha do m\u00e9dico e deputado licenciado, Pablo Santos (MDB), para Prefeitura de Picos. Com foco nas elei\u00e7\u00f5es de 2024, o emebista se apresentou oficialmente como pr\u00e9-candidato \u00e0 popula\u00e7\u00e3o picoense e discutiu [&hellip;]","og_url":"https:\/\/noticiaempauta.com\/portal\/picos-pablo-santos-reune-apoiadores-e-liderancas-politicas-em-lancamento-de-pre-campanha\/","og_site_name":"Portal Not\u00edcia em Pauta","article_publisher":"https:\/\/www.facebook.com\/Portal-Notcia-Em-Pauta-102292869264820\/","article_published_time":"2024-02-25T10:05:40+00:00","article_modified_time":"2024-02-25T10:09:52+00:00","og_image":[{"width":1280,"height":720,"url":"https:\/\/noticiaempauta.com\/portal\/wp-content\/uploads\/2024\/02\/WhatsApp-Image-2024-02-25-at-06.51.39.jpeg","type":"image\/jpeg"}],"author":"Reda\u00e7\u00e3o","twitter_card":"summary_large_image","twitter_misc":{"Escrito por":"Reda\u00e7\u00e3o","Est. tempo de leitura":"7 minutos"},"schema":{"@context":"https:\/\/schema.org","@graph":[{"@type":"Article","@id":"https:\/\/noticiaempauta.com\/portal\/picos-pablo-santos-reune-apoiadores-e-liderancas-politicas-em-lancamento-de-pre-campanha\/#article","isPartOf":{"@id":"https:\/\/noticiaempauta.com\/portal\/picos-pablo-santos-reune-apoiadores-e-liderancas-politicas-em-lancamento-de-pre-campanha\/"},"author":{"name":"Reda\u00e7\u00e3o","@id":"https:\/\/noticiaempauta.com\/portal\/#\/schema\/person\/a74af43dd1ab3deca45f988c717d57ac"},"headline":"PICOS | Pablo Santos re\u00fane apoiadores e lideran\u00e7as pol\u00edticas em lan\u00e7amento de pr\u00e9 campanha","datePublished":"2024-02-25T10:05:40+00:00","dateModified":"2024-02-25T10:09:52+00:00","mainEntityOfPage":{"@id":"https:\/\/noticiaempauta.com\/portal\/picos-pablo-santos-reune-apoiadores-e-liderancas-politicas-em-lancamento-de-pre-campanha\/"},"wordCount":680,"commentCount":0,"publisher":{"@id":"https:\/\/noticiaempauta.com\/portal\/#organization"},"image":{"@id":"https:\/\/noticiaempauta.com\/portal\/picos-pablo-santos-reune-apoiadores-e-liderancas-politicas-em-lancamento-de-pre-campanha\/#primaryimage"},"thumbnailUrl":"https:\/\/noticiaempauta.com\/portal\/wp-content\/uploads\/2024\/02\/WhatsApp-Image-2024-02-25-at-06.51.39.jpeg","keywords":["destaqueprincipal"],"articleSection":["Destaques","Geral","Pol\u00edtica","Todas as Not\u00edcias"],"inLanguage":"pt-BR","potentialAction":[{"@type":"CommentAction","name":"Comment","target":["https:\/\/noticiaempauta.com\/portal\/picos-pablo-santos-reune-apoiadores-e-liderancas-politicas-em-lancamento-de-pre-campanha\/#respond"]}]},{"@type":"WebPage","@id":"https:\/\/noticiaempauta.com\/portal\/picos-pablo-santos-reune-apoiadores-e-liderancas-politicas-em-lancamento-de-pre-campanha\/","url":"https:\/\/noticiaempauta.com\/portal\/picos-pablo-santos-reune-apoiadores-e-liderancas-politicas-em-lancamento-de-pre-campanha\/","name":"PICOS | Pablo Santos re\u00fane apoiadores e lideran\u00e7as pol\u00edticas em lan\u00e7amento de pr\u00e9 campanha - Portal Not\u00edcia em Pauta","isPartOf":{"@id":"https:\/\/noticiaempauta.com\/portal\/#website"},"primaryImageOfPage":{"@id":"https:\/\/noticiaempauta.com\/portal\/picos-pablo-santos-reune-apoiadores-e-liderancas-politicas-em-lancamento-de-pre-campanha\/#primaryimage"},"image":{"@id":"https:\/\/noticiaempauta.com\/portal\/picos-pablo-santos-reune-apoiadores-e-liderancas-politicas-em-lancamento-de-pre-campanha\/#primaryimage"},"thumbnailUrl":"https:\/\/noticiaempauta.com\/portal\/wp-content\/uploads\/2024\/02\/WhatsApp-Image-2024-02-25-at-06.51.39.jpeg","datePublished":"2024-02-25T10:05:40+00:00","dateModified":"2024-02-25T10:09:52+00:00","breadcrumb":{"@id":"https:\/\/noticiaempauta.com\/portal\/picos-pablo-santos-reune-apoiadores-e-liderancas-politicas-em-lancamento-de-pre-campanha\/#breadcrumb"},"inLanguage":"pt-BR","potentialAction":[{"@type":"ReadAction","target":["https:\/\/noticiaempauta.com\/portal\/picos-pablo-santos-reune-apoiadores-e-liderancas-politicas-em-lancamento-de-pre-campanha\/"]}]},{"@type":"ImageObject","inLanguage":"pt-BR","@id":"https:\/\/noticiaempauta.com\/portal\/picos-pablo-santos-reune-apoiadores-e-liderancas-politicas-em-lancamento-de-pre-campanha\/#primaryimage","url":"https:\/\/noticiaempauta.com\/portal\/wp-content\/uploads\/2024\/02\/WhatsApp-Image-2024-02-25-at-06.51.39.jpeg","contentUrl":"https:\/\/noticiaempauta.com\/portal\/wp-content\/uploads\/2024\/02\/WhatsApp-Image-2024-02-25-at-06.51.39.jpeg","width":1280,"height":720},{"@type":"BreadcrumbList","@id":"https:\/\/noticiaempauta.com\/portal\/picos-pablo-santos-reune-apoiadores-e-liderancas-politicas-em-lancamento-de-pre-campanha\/#breadcrumb","itemListElement":[{"@type":"ListItem","position":1,"name":"P\u00e1gina Inicial","item":"https:\/\/noticiaempauta.com\/portal\/"},{"@type":"ListItem","position":2,"name":"Destaques","item":"https:\/\/noticiaempauta.com\/portal\/destaques-site\/"},{"@type":"ListItem","position":3,"name":"PICOS | Pablo Santos re\u00fane apoiadores e lideran\u00e7as pol\u00edticas em lan\u00e7amento de pr\u00e9 campanha"}]},{"@type":"WebSite","@id":"https:\/\/noticiaempauta.com\/portal\/#website","url":"https:\/\/noticiaempauta.com\/portal\/","name":"Portal Not\u00edcia em Pauta","description":"Voc\u00ea bem informado","publisher":{"@id":"https:\/\/noticiaempauta.com\/portal\/#organization"},"potentialAction":[{"@type":"SearchAction","target":{"@type":"EntryPoint","urlTemplate":"https:\/\/noticiaempauta.com\/portal\/?s={search_term_string}"},"query-input":{"@type":"PropertyValueSpecification","valueRequired":true,"valueName":"search_term_string"}}],"inLanguage":"pt-BR"},{"@type":"Organization","@id":"https:\/\/noticiaempauta.com\/portal\/#organization","name":"Portal Not\u00edcia em Pauta","url":"https:\/\/noticiaempauta.com\/portal\/","logo":{"@type":"ImageObject","inLanguage":"pt-BR","@id":"https:\/\/noticiaempauta.com\/portal\/#\/schema\/logo\/image\/","url":"https:\/\/noticiaempauta.com\/portal\/wp-content\/uploads\/2022\/08\/logomarca_tema.fw_.png","contentUrl":"https:\/\/noticiaempauta.com\/portal\/wp-content\/uploads\/2022\/08\/logomarca_tema.fw_.png","width":400,"height":232,"caption":"Portal Not\u00edcia em Pauta"},"image":{"@id":"https:\/\/noticiaempauta.com\/portal\/#\/schema\/logo\/image\/"},"sameAs":["https:\/\/www.facebook.com\/Portal-Notcia-Em-Pauta-102292869264820\/","https:\/\/www.instagram.com\/portalnoticiaempauta\/"]},{"@type":"Person","@id":"https:\/\/noticiaempauta.com\/portal\/#\/schema\/person\/a74af43dd1ab3deca45f988c717d57ac","name":"Reda\u00e7\u00e3o","image":{"@type":"ImageObject","inLanguage":"pt-BR","@id":"https:\/\/noticiaempauta.com\/portal\/#\/schema\/person\/image\/","url":"https:\/\/secure.gravatar.com\/avatar\/03179346ecce6cdfc13361603e8f54242a90e5cde8618fa23c5c00aa2b0aadf3?s=96&d=mm&r=g","contentUrl":"https:\/\/secure.gravatar.com\/avatar\/03179346ecce6cdfc13361603e8f54242a90e5cde8618fa23c5c00aa2b0aadf3?s=96&d=mm&r=g","caption":"Reda\u00e7\u00e3o"},"sameAs":["https:\/\/noticiaempauta.com\/portal\/"],"url":"https:\/\/noticiaempauta.com\/portal\/author\/fernando\/"}]}},"_links":{"self":[{"href":"https:\/\/noticiaempauta.com\/portal\/wp-json\/wp\/v2\/posts\/255135","targetHints":{"allow":["GET"]}}],"collection":[{"href":"https:\/\/noticiaempauta.com\/portal\/wp-json\/wp\/v2\/posts"}],"about":[{"href":"https:\/\/noticiaempauta.com\/portal\/wp-json\/wp\/v2\/types\/post"}],"author":[{"embeddable":true,"href":"https:\/\/noticiaempauta.com\/portal\/wp-json\/wp\/v2\/users\/2"}],"replies":[{"embeddable":true,"href":"https:\/\/noticiaempauta.com\/portal\/wp-json\/wp\/v2\/comments?post=255135"}],"version-history":[{"count":2,"href":"https:\/\/noticiaempauta.com\/portal\/wp-json\/wp\/v2\/posts\/255135\/revisions"}],"predecessor-version":[{"id":255154,"href":"https:\/\/noticiaempauta.com\/portal\/wp-json\/wp\/v2\/posts\/255135\/revisions\/255154"}],"wp:featuredmedia":[{"embeddable":true,"href":"https:\/\/noticiaempauta.com\/portal\/wp-json\/wp\/v2\/media\/255138"}],"wp:attachment":[{"href":"https:\/\/noticiaempauta.com\/portal\/wp-json\/wp\/v2\/media?parent=255135"}],"wp:term":[{"taxonomy":"category","embeddable":true,"href":"https:\/\/noticiaempauta.com\/portal\/wp-json\/wp\/v2\/categories?post=255135"},{"taxonomy":"post_tag","embeddable":true,"href":"https:\/\/noticiaempauta.com\/portal\/wp-json\/wp\/v2\/tags?post=255135"}],"curies":[{"name":"wp","href":"https:\/\/api.w.org\/{rel}","templated":true}]}}