{"id":255165,"date":"2024-02-26T08:47:20","date_gmt":"2024-02-26T11:47:20","guid":{"rendered":"https:\/\/noticiaempauta.com\/portal\/?p=255165"},"modified":"2024-02-26T08:47:21","modified_gmt":"2024-02-26T11:47:21","slug":"sobras-eleitorais-pauta-ambiental-revisao-da-vida-toda-o-que-esta-no-radar-do-stf","status":"publish","type":"post","link":"https:\/\/noticiaempauta.com\/portal\/sobras-eleitorais-pauta-ambiental-revisao-da-vida-toda-o-que-esta-no-radar-do-stf\/","title":{"rendered":"Sobras eleitorais, pauta ambiental, revis\u00e3o da vida toda: o que est\u00e1 no radar do STF"},"content":{"rendered":"\n<p>Nesta quarta-feira (28), o\u00a0Supremo Tribunal Federal (STF) ir\u00e1 reiniciar o julgamento das a\u00e7\u00f5es\u00a0que abordam a divis\u00e3o das denominadas &#8220;sobras eleitorais&#8221;. Na ess\u00eancia,\u00a0o tribunal ir\u00e1 deliberar sobre a validade dos crit\u00e9rios estabelecidos pelo Congresso Nacional\u00a0para a distribui\u00e7\u00e3o das vagas de deputados federais, estaduais, distritais e vereadores que restaram ap\u00f3s a aloca\u00e7\u00e3o dos espa\u00e7os entre os partidos nas Casas Legislativas.<\/p>\n\n\n\n<figure class=\"wp-block-image size-full\"><img fetchpriority=\"high\" decoding=\"async\" width=\"855\" height=\"480\" src=\"https:\/\/noticiaempauta.com\/portal\/wp-content\/uploads\/2024\/02\/sobras-eleitorais-pauta-ambiental-revisao-da-vida-toda-o-que-esta-no-radar-do-stf-877a72b1-c28d-4d09-9a1d-d7da1465e84e.webp\" alt=\"\" class=\"wp-image-255167\" srcset=\"https:\/\/noticiaempauta.com\/portal\/wp-content\/uploads\/2024\/02\/sobras-eleitorais-pauta-ambiental-revisao-da-vida-toda-o-que-esta-no-radar-do-stf-877a72b1-c28d-4d09-9a1d-d7da1465e84e.webp 855w, https:\/\/noticiaempauta.com\/portal\/wp-content\/uploads\/2024\/02\/sobras-eleitorais-pauta-ambiental-revisao-da-vida-toda-o-que-esta-no-radar-do-stf-877a72b1-c28d-4d09-9a1d-d7da1465e84e-300x168.webp 300w, https:\/\/noticiaempauta.com\/portal\/wp-content\/uploads\/2024\/02\/sobras-eleitorais-pauta-ambiental-revisao-da-vida-toda-o-que-esta-no-radar-do-stf-877a72b1-c28d-4d09-9a1d-d7da1465e84e-768x431.webp 768w\" sizes=\"(max-width: 855px) 100vw, 855px\" \/><\/figure>\n\n\n\n<p>Est\u00e1 prevista ainda a conclus\u00e3o do julgamento sobre a necessidade de justificar a demiss\u00e3o de empregados p\u00fablicos, com a fixa\u00e7\u00e3o de uma esp\u00e9cie de guia a ser aplicado nas inst\u00e2ncias inferiores da Justi\u00e7a.<\/p>\n\n\n\n<p>Al\u00e9m disso, os ministros devem se debru\u00e7ar sobre a pauta ambiental e sobre recursos que tratam da chamada &#8220;revis\u00e3o da vida toda&#8221; no INSS.\u00a0Constam tamb\u00e9m na previs\u00e3o de julgamentos a\u00e7\u00f5es que tratam do poder de investiga\u00e7\u00e3o do Minist\u00e9rio P\u00fablico.<\/p>\n\n\n\n<p>As sess\u00f5es desta semana ainda ser\u00e3o as primeiras com a participa\u00e7\u00e3o do ministro Fl\u00e1vio Dino, que tomou posse na semana passada. Antes do plen\u00e1rio, o ministro vai atuar, na ter\u00e7a-feira (27), na Primeira Turma da Corte.<\/p>\n\n\n\n<p><strong>Sobras eleitorais<\/strong><\/p>\n\n\n\n<p>O processo que discute a validade da distribui\u00e7\u00e3o das chamadas sobras eleitorais &#8211; as vagas n\u00e3o preenchidas na elei\u00e7\u00e3o para o Poder Legislativo &#8211; deve ter uma defini\u00e7\u00e3o nesta quarta-feira. Est\u00e3o em discuss\u00e3o as mudan\u00e7as na lei eleitoral feitas em 2021.&nbsp;<strong>Partidos que questionaram a norma consideram que ela afeta o direito de partidos e candidatos de serem contemplados com os cargos.<\/strong><\/p>\n\n\n\n<p>At\u00e9 o momento, j\u00e1 foram apresentados cinco votos. Tr\u00eas ministros consideram que as regras que restringiram a participa\u00e7\u00e3o das legendas nesta divis\u00e3o s\u00e3o inconstitucionais, mas divergem quanto ao momento de aplica\u00e7\u00e3o da decis\u00e3o. Dois ministros votaram por validar as normas aprovadas pelo Congresso.<\/p>\n\n\n\n<p>A discuss\u00e3o envolve as elei\u00e7\u00f5es proporcionais no Brasil, realizadas para os cargos de vereador, deputado federal, estadual e distrital pelo pa\u00eds.<\/p>\n\n\n\n<p>E, a depender da defini\u00e7\u00e3o de quando ela ser\u00e1 aplicada, pode ter efeitos nos resultados eleitorais de 2022, afetando a divis\u00e3o de espa\u00e7os na C\u00e2mara dos Deputados, assembleias legislativas dos estados e C\u00e2mara Distrital.<\/p>\n\n\n\n<p>Pelos c\u00e1lculos do Tribunal Superior Eleitoral (TSE), pelo menos 7 deputados federais podem perder os cargos, se a aplica\u00e7\u00e3o recair sobre a elei\u00e7\u00e3o da C\u00e2mara dos Deputados em 2022.<\/p>\n\n\n\n<p><strong>Demiss\u00e3o de empregados p\u00fablicos<\/strong><\/p>\n\n\n\n<p>No \u00faltimo dia 8, o Supremo j\u00e1 tinha decidido que \u00e9 necess\u00e1rio apresentar o motivo da demiss\u00e3o de empregados p\u00fablicos \u2014&nbsp;<strong>aqueles que atuam em empresas p\u00fablicas e sociedades de economia mista, esp\u00e9cies de estatais.<\/strong><\/p>\n\n\n\n<p>As empresas p\u00fablicas e sociedades de economia mista s\u00e3o ligadas aos governos e realizam atividades econ\u00f4micas, concorrendo com empresas privadas.<\/p>\n\n\n\n<p>Como exemplos est\u00e3o o Banco do Brasil e Caixa Econ\u00f4mica Federal. Seus funcion\u00e1rios s\u00e3o admitidos por concurso p\u00fablico e, diferentemente de servidores efetivos, atuam regidos pela Consolida\u00e7\u00e3o das Leis do Trabalho. Ou seja, n\u00e3o t\u00eam a estabilidade do funcionalismo p\u00fablico que trabalha na Administra\u00e7\u00e3o Direta (em \u00f3rg\u00e3os p\u00fablicos).<\/p>\n\n\n\n<p><strong>Pauta ambiental<\/strong><\/p>\n\n\n\n<p>Ainda na pr\u00f3xima quarta, est\u00e3o pautadas a\u00e7\u00f5es que discutem a pol\u00edtica ambiental do governo do ex-presidente Jair Bolsonaro. S\u00e3o elas:<\/p>\n\n\n\n<p>A\u00e7\u00e3o dos partidos PSB, Rede, PDT, PV, PT, PSOL, PCdoB contra a\u00e7\u00f5es e omiss\u00f5es do Minist\u00e9rio do Meio Ambiente, Ibama, ICMBio e Funai por conta do desmatamento na Amaz\u00f4nia durante o governo do pol\u00edtico do PL.&nbsp;<strong>Os partidos apontaram problemas na fiscaliza\u00e7\u00e3o ambiental e defici\u00eancia na execu\u00e7\u00e3o do or\u00e7amento para o controle de irregularidades.<\/strong><\/p>\n\n\n\n<p><strong>Revis\u00e3o da vida toda<\/strong><\/p>\n\n\n\n<p>A revis\u00e3o da vida toda \u00e9 um mecanismo que abre a possibilidade de aplica\u00e7\u00e3o de uma regra mais vantajosa para segurados no c\u00e1lculo de suas aposentadorias.<\/p>\n\n\n\n<p>Na pr\u00e1tica, \u00e9 o rec\u00e1lculo da m\u00e9dia salarial para a aposentadoria considerando todas as remunera\u00e7\u00f5es do trabalhador, mesmo as anteriores a julho de 1994, quando foi implementado o Plano Real. O mecanismo pode, na pr\u00e1tica, mudar os valores dos benef\u00edcios de milhares de aposentados e pensionistas, o que tamb\u00e9m impacta nas contas p\u00fablicas.<\/p>\n\n\n\n<p><strong>Poder de investiga\u00e7\u00e3o do Minist\u00e9rio P\u00fablico<\/strong><\/p>\n\n\n\n<p>Os ministros tamb\u00e9m v\u00e3o analisar oito a\u00e7\u00f5es que tratam das atribui\u00e7\u00f5es do Minist\u00e9rio P\u00fablico.<\/p>\n\n\n\n<p>A discuss\u00e3o \u00e9 se o Minist\u00e9rio P\u00fablico Federal e os MPs nos estados podem realizar o procedimento investigat\u00f3rio criminal, etapa de apura\u00e7\u00f5es antes de propor a den\u00fancia.\u00a0Associa\u00e7\u00f5es de carreiras policiais consideram que a atribui\u00e7\u00e3o fere a Constitui\u00e7\u00e3o e a tarefa \u00e9 do delegado, por meio do inqu\u00e9rito policial.<\/p>\n\n\n\n<p><strong>Acesso a celulares como prova de crimes<\/strong><\/p>\n\n\n\n<p>O STF tem na pauta o recurso que discute se s\u00e3o v\u00e1lidas provas obtidas pela pol\u00edcia quando seus agentes acessam, no local do crime, a agenda telef\u00f4nica e o registro de chamadas de celulares de suspeitos, sem autoriza\u00e7\u00e3o judicial.<\/p>\n\n\n\n<p><em>Fonte: Meio Norte<\/em><\/p>\n","protected":false},"excerpt":{"rendered":"<p>Ser\u00e3o as primeiras sess\u00f5es de julgamento no plen\u00e1rio do ministro Fl\u00e1vio Dino, que tomou posse na semana passada.<\/p>\n","protected":false},"author":2,"featured_media":255167,"comment_status":"open","ping_status":"open","sticky":false,"template":"","format":"standard","meta":{"_mi_skip_tracking":false,"footnotes":""},"categories":[25,1,16],"tags":[192],"class_list":["post-255165","post","type-post","status-publish","format-standard","has-post-thumbnail","hentry","category-destaques-site","category-geral","category-todas","tag-destaqueprincipal"],"acf":[],"yoast_head":"<!-- This site is optimized with the Yoast SEO Premium plugin v19.2 (Yoast SEO v26.9) - https:\/\/yoast.com\/product\/yoast-seo-premium-wordpress\/ -->\n<title>Sobras eleitorais, pauta ambiental, revis\u00e3o da vida toda: o que est\u00e1 no radar do STF - Portal Not\u00edcia em Pauta<\/title>\n<meta name=\"robots\" content=\"index, follow, max-snippet:-1, max-image-preview:large, max-video-preview:-1\" \/>\n<link rel=\"canonical\" href=\"https:\/\/noticiaempauta.com\/portal\/sobras-eleitorais-pauta-ambiental-revisao-da-vida-toda-o-que-esta-no-radar-do-stf\/\" \/>\n<meta property=\"og:locale\" content=\"pt_BR\" \/>\n<meta property=\"og:type\" content=\"article\" \/>\n<meta property=\"og:title\" content=\"Sobras eleitorais, pauta ambiental, revis\u00e3o da vida toda: o que est\u00e1 no radar do STF\" \/>\n<meta property=\"og:description\" content=\"Ser\u00e3o as primeiras sess\u00f5es de julgamento no plen\u00e1rio do ministro Fl\u00e1vio Dino, que tomou posse na semana passada.\" \/>\n<meta property=\"og:url\" content=\"https:\/\/noticiaempauta.com\/portal\/sobras-eleitorais-pauta-ambiental-revisao-da-vida-toda-o-que-esta-no-radar-do-stf\/\" \/>\n<meta property=\"og:site_name\" content=\"Portal Not\u00edcia em Pauta\" \/>\n<meta property=\"article:publisher\" content=\"https:\/\/www.facebook.com\/Portal-Notcia-Em-Pauta-102292869264820\/\" \/>\n<meta property=\"article:published_time\" content=\"2024-02-26T11:47:20+00:00\" \/>\n<meta property=\"article:modified_time\" content=\"2024-02-26T11:47:21+00:00\" \/>\n<meta property=\"og:image\" content=\"https:\/\/noticiaempauta.com\/portal\/wp-content\/uploads\/2024\/02\/sobras-eleitorais-pauta-ambiental-revisao-da-vida-toda-o-que-esta-no-radar-do-stf-877a72b1-c28d-4d09-9a1d-d7da1465e84e.webp\" \/>\n\t<meta property=\"og:image:width\" content=\"855\" \/>\n\t<meta property=\"og:image:height\" content=\"480\" \/>\n\t<meta property=\"og:image:type\" content=\"image\/webp\" \/>\n<meta name=\"author\" content=\"Reda\u00e7\u00e3o\" \/>\n<meta name=\"twitter:card\" content=\"summary_large_image\" \/>\n<meta name=\"twitter:label1\" content=\"Escrito por\" \/>\n\t<meta name=\"twitter:data1\" content=\"Reda\u00e7\u00e3o\" \/>\n\t<meta name=\"twitter:label2\" content=\"Est. tempo de leitura\" \/>\n\t<meta name=\"twitter:data2\" content=\"5 minutos\" \/>\n<script type=\"application\/ld+json\" class=\"yoast-schema-graph\">{\"@context\":\"https:\/\/schema.org\",\"@graph\":[{\"@type\":\"Article\",\"@id\":\"https:\/\/noticiaempauta.com\/portal\/sobras-eleitorais-pauta-ambiental-revisao-da-vida-toda-o-que-esta-no-radar-do-stf\/#article\",\"isPartOf\":{\"@id\":\"https:\/\/noticiaempauta.com\/portal\/sobras-eleitorais-pauta-ambiental-revisao-da-vida-toda-o-que-esta-no-radar-do-stf\/\"},\"author\":{\"name\":\"Reda\u00e7\u00e3o\",\"@id\":\"https:\/\/noticiaempauta.com\/portal\/#\/schema\/person\/a74af43dd1ab3deca45f988c717d57ac\"},\"headline\":\"Sobras eleitorais, pauta ambiental, revis\u00e3o da vida toda: o que est\u00e1 no radar do STF\",\"datePublished\":\"2024-02-26T11:47:20+00:00\",\"dateModified\":\"2024-02-26T11:47:21+00:00\",\"mainEntityOfPage\":{\"@id\":\"https:\/\/noticiaempauta.com\/portal\/sobras-eleitorais-pauta-ambiental-revisao-da-vida-toda-o-que-esta-no-radar-do-stf\/\"},\"wordCount\":879,\"commentCount\":0,\"publisher\":{\"@id\":\"https:\/\/noticiaempauta.com\/portal\/#organization\"},\"image\":{\"@id\":\"https:\/\/noticiaempauta.com\/portal\/sobras-eleitorais-pauta-ambiental-revisao-da-vida-toda-o-que-esta-no-radar-do-stf\/#primaryimage\"},\"thumbnailUrl\":\"https:\/\/noticiaempauta.com\/portal\/wp-content\/uploads\/2024\/02\/sobras-eleitorais-pauta-ambiental-revisao-da-vida-toda-o-que-esta-no-radar-do-stf-877a72b1-c28d-4d09-9a1d-d7da1465e84e.webp\",\"keywords\":[\"destaqueprincipal\"],\"articleSection\":[\"Destaques\",\"Geral\",\"Todas as Not\u00edcias\"],\"inLanguage\":\"pt-BR\",\"potentialAction\":[{\"@type\":\"CommentAction\",\"name\":\"Comment\",\"target\":[\"https:\/\/noticiaempauta.com\/portal\/sobras-eleitorais-pauta-ambiental-revisao-da-vida-toda-o-que-esta-no-radar-do-stf\/#respond\"]}]},{\"@type\":\"WebPage\",\"@id\":\"https:\/\/noticiaempauta.com\/portal\/sobras-eleitorais-pauta-ambiental-revisao-da-vida-toda-o-que-esta-no-radar-do-stf\/\",\"url\":\"https:\/\/noticiaempauta.com\/portal\/sobras-eleitorais-pauta-ambiental-revisao-da-vida-toda-o-que-esta-no-radar-do-stf\/\",\"name\":\"Sobras eleitorais, pauta ambiental, revis\u00e3o da vida toda: o que est\u00e1 no radar do STF - Portal Not\u00edcia em Pauta\",\"isPartOf\":{\"@id\":\"https:\/\/noticiaempauta.com\/portal\/#website\"},\"primaryImageOfPage\":{\"@id\":\"https:\/\/noticiaempauta.com\/portal\/sobras-eleitorais-pauta-ambiental-revisao-da-vida-toda-o-que-esta-no-radar-do-stf\/#primaryimage\"},\"image\":{\"@id\":\"https:\/\/noticiaempauta.com\/portal\/sobras-eleitorais-pauta-ambiental-revisao-da-vida-toda-o-que-esta-no-radar-do-stf\/#primaryimage\"},\"thumbnailUrl\":\"https:\/\/noticiaempauta.com\/portal\/wp-content\/uploads\/2024\/02\/sobras-eleitorais-pauta-ambiental-revisao-da-vida-toda-o-que-esta-no-radar-do-stf-877a72b1-c28d-4d09-9a1d-d7da1465e84e.webp\",\"datePublished\":\"2024-02-26T11:47:20+00:00\",\"dateModified\":\"2024-02-26T11:47:21+00:00\",\"breadcrumb\":{\"@id\":\"https:\/\/noticiaempauta.com\/portal\/sobras-eleitorais-pauta-ambiental-revisao-da-vida-toda-o-que-esta-no-radar-do-stf\/#breadcrumb\"},\"inLanguage\":\"pt-BR\",\"potentialAction\":[{\"@type\":\"ReadAction\",\"target\":[\"https:\/\/noticiaempauta.com\/portal\/sobras-eleitorais-pauta-ambiental-revisao-da-vida-toda-o-que-esta-no-radar-do-stf\/\"]}]},{\"@type\":\"ImageObject\",\"inLanguage\":\"pt-BR\",\"@id\":\"https:\/\/noticiaempauta.com\/portal\/sobras-eleitorais-pauta-ambiental-revisao-da-vida-toda-o-que-esta-no-radar-do-stf\/#primaryimage\",\"url\":\"https:\/\/noticiaempauta.com\/portal\/wp-content\/uploads\/2024\/02\/sobras-eleitorais-pauta-ambiental-revisao-da-vida-toda-o-que-esta-no-radar-do-stf-877a72b1-c28d-4d09-9a1d-d7da1465e84e.webp\",\"contentUrl\":\"https:\/\/noticiaempauta.com\/portal\/wp-content\/uploads\/2024\/02\/sobras-eleitorais-pauta-ambiental-revisao-da-vida-toda-o-que-esta-no-radar-do-stf-877a72b1-c28d-4d09-9a1d-d7da1465e84e.webp\",\"width\":855,\"height\":480},{\"@type\":\"BreadcrumbList\",\"@id\":\"https:\/\/noticiaempauta.com\/portal\/sobras-eleitorais-pauta-ambiental-revisao-da-vida-toda-o-que-esta-no-radar-do-stf\/#breadcrumb\",\"itemListElement\":[{\"@type\":\"ListItem\",\"position\":1,\"name\":\"P\u00e1gina Inicial\",\"item\":\"https:\/\/noticiaempauta.com\/portal\/\"},{\"@type\":\"ListItem\",\"position\":2,\"name\":\"Destaques\",\"item\":\"https:\/\/noticiaempauta.com\/portal\/destaques-site\/\"},{\"@type\":\"ListItem\",\"position\":3,\"name\":\"Sobras eleitorais, pauta ambiental, revis\u00e3o da vida toda: o que est\u00e1 no radar do STF\"}]},{\"@type\":\"WebSite\",\"@id\":\"https:\/\/noticiaempauta.com\/portal\/#website\",\"url\":\"https:\/\/noticiaempauta.com\/portal\/\",\"name\":\"Portal Not\u00edcia em Pauta\",\"description\":\"Voc\u00ea bem informado\",\"publisher\":{\"@id\":\"https:\/\/noticiaempauta.com\/portal\/#organization\"},\"potentialAction\":[{\"@type\":\"SearchAction\",\"target\":{\"@type\":\"EntryPoint\",\"urlTemplate\":\"https:\/\/noticiaempauta.com\/portal\/?s={search_term_string}\"},\"query-input\":{\"@type\":\"PropertyValueSpecification\",\"valueRequired\":true,\"valueName\":\"search_term_string\"}}],\"inLanguage\":\"pt-BR\"},{\"@type\":\"Organization\",\"@id\":\"https:\/\/noticiaempauta.com\/portal\/#organization\",\"name\":\"Portal Not\u00edcia em Pauta\",\"url\":\"https:\/\/noticiaempauta.com\/portal\/\",\"logo\":{\"@type\":\"ImageObject\",\"inLanguage\":\"pt-BR\",\"@id\":\"https:\/\/noticiaempauta.com\/portal\/#\/schema\/logo\/image\/\",\"url\":\"https:\/\/noticiaempauta.com\/portal\/wp-content\/uploads\/2022\/08\/logomarca_tema.fw_.png\",\"contentUrl\":\"https:\/\/noticiaempauta.com\/portal\/wp-content\/uploads\/2022\/08\/logomarca_tema.fw_.png\",\"width\":400,\"height\":232,\"caption\":\"Portal Not\u00edcia em Pauta\"},\"image\":{\"@id\":\"https:\/\/noticiaempauta.com\/portal\/#\/schema\/logo\/image\/\"},\"sameAs\":[\"https:\/\/www.facebook.com\/Portal-Notcia-Em-Pauta-102292869264820\/\",\"https:\/\/www.instagram.com\/portalnoticiaempauta\/\"]},{\"@type\":\"Person\",\"@id\":\"https:\/\/noticiaempauta.com\/portal\/#\/schema\/person\/a74af43dd1ab3deca45f988c717d57ac\",\"name\":\"Reda\u00e7\u00e3o\",\"image\":{\"@type\":\"ImageObject\",\"inLanguage\":\"pt-BR\",\"@id\":\"https:\/\/noticiaempauta.com\/portal\/#\/schema\/person\/image\/\",\"url\":\"https:\/\/secure.gravatar.com\/avatar\/03179346ecce6cdfc13361603e8f54242a90e5cde8618fa23c5c00aa2b0aadf3?s=96&d=mm&r=g\",\"contentUrl\":\"https:\/\/secure.gravatar.com\/avatar\/03179346ecce6cdfc13361603e8f54242a90e5cde8618fa23c5c00aa2b0aadf3?s=96&d=mm&r=g\",\"caption\":\"Reda\u00e7\u00e3o\"},\"sameAs\":[\"https:\/\/noticiaempauta.com\/portal\/\"],\"url\":\"https:\/\/noticiaempauta.com\/portal\/author\/fernando\/\"}]}<\/script>\n<!-- \/ Yoast SEO Premium plugin. -->","yoast_head_json":{"title":"Sobras eleitorais, pauta ambiental, revis\u00e3o da vida toda: o que est\u00e1 no radar do STF - Portal Not\u00edcia em Pauta","robots":{"index":"index","follow":"follow","max-snippet":"max-snippet:-1","max-image-preview":"max-image-preview:large","max-video-preview":"max-video-preview:-1"},"canonical":"https:\/\/noticiaempauta.com\/portal\/sobras-eleitorais-pauta-ambiental-revisao-da-vida-toda-o-que-esta-no-radar-do-stf\/","og_locale":"pt_BR","og_type":"article","og_title":"Sobras eleitorais, pauta ambiental, revis\u00e3o da vida toda: o que est\u00e1 no radar do STF","og_description":"Ser\u00e3o as primeiras sess\u00f5es de julgamento no plen\u00e1rio do ministro Fl\u00e1vio Dino, que tomou posse na semana passada.","og_url":"https:\/\/noticiaempauta.com\/portal\/sobras-eleitorais-pauta-ambiental-revisao-da-vida-toda-o-que-esta-no-radar-do-stf\/","og_site_name":"Portal Not\u00edcia em Pauta","article_publisher":"https:\/\/www.facebook.com\/Portal-Notcia-Em-Pauta-102292869264820\/","article_published_time":"2024-02-26T11:47:20+00:00","article_modified_time":"2024-02-26T11:47:21+00:00","og_image":[{"width":855,"height":480,"url":"https:\/\/noticiaempauta.com\/portal\/wp-content\/uploads\/2024\/02\/sobras-eleitorais-pauta-ambiental-revisao-da-vida-toda-o-que-esta-no-radar-do-stf-877a72b1-c28d-4d09-9a1d-d7da1465e84e.webp","type":"image\/webp"}],"author":"Reda\u00e7\u00e3o","twitter_card":"summary_large_image","twitter_misc":{"Escrito por":"Reda\u00e7\u00e3o","Est. tempo de leitura":"5 minutos"},"schema":{"@context":"https:\/\/schema.org","@graph":[{"@type":"Article","@id":"https:\/\/noticiaempauta.com\/portal\/sobras-eleitorais-pauta-ambiental-revisao-da-vida-toda-o-que-esta-no-radar-do-stf\/#article","isPartOf":{"@id":"https:\/\/noticiaempauta.com\/portal\/sobras-eleitorais-pauta-ambiental-revisao-da-vida-toda-o-que-esta-no-radar-do-stf\/"},"author":{"name":"Reda\u00e7\u00e3o","@id":"https:\/\/noticiaempauta.com\/portal\/#\/schema\/person\/a74af43dd1ab3deca45f988c717d57ac"},"headline":"Sobras eleitorais, pauta ambiental, revis\u00e3o da vida toda: o que est\u00e1 no radar do STF","datePublished":"2024-02-26T11:47:20+00:00","dateModified":"2024-02-26T11:47:21+00:00","mainEntityOfPage":{"@id":"https:\/\/noticiaempauta.com\/portal\/sobras-eleitorais-pauta-ambiental-revisao-da-vida-toda-o-que-esta-no-radar-do-stf\/"},"wordCount":879,"commentCount":0,"publisher":{"@id":"https:\/\/noticiaempauta.com\/portal\/#organization"},"image":{"@id":"https:\/\/noticiaempauta.com\/portal\/sobras-eleitorais-pauta-ambiental-revisao-da-vida-toda-o-que-esta-no-radar-do-stf\/#primaryimage"},"thumbnailUrl":"https:\/\/noticiaempauta.com\/portal\/wp-content\/uploads\/2024\/02\/sobras-eleitorais-pauta-ambiental-revisao-da-vida-toda-o-que-esta-no-radar-do-stf-877a72b1-c28d-4d09-9a1d-d7da1465e84e.webp","keywords":["destaqueprincipal"],"articleSection":["Destaques","Geral","Todas as Not\u00edcias"],"inLanguage":"pt-BR","potentialAction":[{"@type":"CommentAction","name":"Comment","target":["https:\/\/noticiaempauta.com\/portal\/sobras-eleitorais-pauta-ambiental-revisao-da-vida-toda-o-que-esta-no-radar-do-stf\/#respond"]}]},{"@type":"WebPage","@id":"https:\/\/noticiaempauta.com\/portal\/sobras-eleitorais-pauta-ambiental-revisao-da-vida-toda-o-que-esta-no-radar-do-stf\/","url":"https:\/\/noticiaempauta.com\/portal\/sobras-eleitorais-pauta-ambiental-revisao-da-vida-toda-o-que-esta-no-radar-do-stf\/","name":"Sobras eleitorais, pauta ambiental, revis\u00e3o da vida toda: o que est\u00e1 no radar do STF - Portal Not\u00edcia em Pauta","isPartOf":{"@id":"https:\/\/noticiaempauta.com\/portal\/#website"},"primaryImageOfPage":{"@id":"https:\/\/noticiaempauta.com\/portal\/sobras-eleitorais-pauta-ambiental-revisao-da-vida-toda-o-que-esta-no-radar-do-stf\/#primaryimage"},"image":{"@id":"https:\/\/noticiaempauta.com\/portal\/sobras-eleitorais-pauta-ambiental-revisao-da-vida-toda-o-que-esta-no-radar-do-stf\/#primaryimage"},"thumbnailUrl":"https:\/\/noticiaempauta.com\/portal\/wp-content\/uploads\/2024\/02\/sobras-eleitorais-pauta-ambiental-revisao-da-vida-toda-o-que-esta-no-radar-do-stf-877a72b1-c28d-4d09-9a1d-d7da1465e84e.webp","datePublished":"2024-02-26T11:47:20+00:00","dateModified":"2024-02-26T11:47:21+00:00","breadcrumb":{"@id":"https:\/\/noticiaempauta.com\/portal\/sobras-eleitorais-pauta-ambiental-revisao-da-vida-toda-o-que-esta-no-radar-do-stf\/#breadcrumb"},"inLanguage":"pt-BR","potentialAction":[{"@type":"ReadAction","target":["https:\/\/noticiaempauta.com\/portal\/sobras-eleitorais-pauta-ambiental-revisao-da-vida-toda-o-que-esta-no-radar-do-stf\/"]}]},{"@type":"ImageObject","inLanguage":"pt-BR","@id":"https:\/\/noticiaempauta.com\/portal\/sobras-eleitorais-pauta-ambiental-revisao-da-vida-toda-o-que-esta-no-radar-do-stf\/#primaryimage","url":"https:\/\/noticiaempauta.com\/portal\/wp-content\/uploads\/2024\/02\/sobras-eleitorais-pauta-ambiental-revisao-da-vida-toda-o-que-esta-no-radar-do-stf-877a72b1-c28d-4d09-9a1d-d7da1465e84e.webp","contentUrl":"https:\/\/noticiaempauta.com\/portal\/wp-content\/uploads\/2024\/02\/sobras-eleitorais-pauta-ambiental-revisao-da-vida-toda-o-que-esta-no-radar-do-stf-877a72b1-c28d-4d09-9a1d-d7da1465e84e.webp","width":855,"height":480},{"@type":"BreadcrumbList","@id":"https:\/\/noticiaempauta.com\/portal\/sobras-eleitorais-pauta-ambiental-revisao-da-vida-toda-o-que-esta-no-radar-do-stf\/#breadcrumb","itemListElement":[{"@type":"ListItem","position":1,"name":"P\u00e1gina Inicial","item":"https:\/\/noticiaempauta.com\/portal\/"},{"@type":"ListItem","position":2,"name":"Destaques","item":"https:\/\/noticiaempauta.com\/portal\/destaques-site\/"},{"@type":"ListItem","position":3,"name":"Sobras eleitorais, pauta ambiental, revis\u00e3o da vida toda: o que est\u00e1 no radar do STF"}]},{"@type":"WebSite","@id":"https:\/\/noticiaempauta.com\/portal\/#website","url":"https:\/\/noticiaempauta.com\/portal\/","name":"Portal Not\u00edcia em Pauta","description":"Voc\u00ea bem informado","publisher":{"@id":"https:\/\/noticiaempauta.com\/portal\/#organization"},"potentialAction":[{"@type":"SearchAction","target":{"@type":"EntryPoint","urlTemplate":"https:\/\/noticiaempauta.com\/portal\/?s={search_term_string}"},"query-input":{"@type":"PropertyValueSpecification","valueRequired":true,"valueName":"search_term_string"}}],"inLanguage":"pt-BR"},{"@type":"Organization","@id":"https:\/\/noticiaempauta.com\/portal\/#organization","name":"Portal Not\u00edcia em Pauta","url":"https:\/\/noticiaempauta.com\/portal\/","logo":{"@type":"ImageObject","inLanguage":"pt-BR","@id":"https:\/\/noticiaempauta.com\/portal\/#\/schema\/logo\/image\/","url":"https:\/\/noticiaempauta.com\/portal\/wp-content\/uploads\/2022\/08\/logomarca_tema.fw_.png","contentUrl":"https:\/\/noticiaempauta.com\/portal\/wp-content\/uploads\/2022\/08\/logomarca_tema.fw_.png","width":400,"height":232,"caption":"Portal Not\u00edcia em Pauta"},"image":{"@id":"https:\/\/noticiaempauta.com\/portal\/#\/schema\/logo\/image\/"},"sameAs":["https:\/\/www.facebook.com\/Portal-Notcia-Em-Pauta-102292869264820\/","https:\/\/www.instagram.com\/portalnoticiaempauta\/"]},{"@type":"Person","@id":"https:\/\/noticiaempauta.com\/portal\/#\/schema\/person\/a74af43dd1ab3deca45f988c717d57ac","name":"Reda\u00e7\u00e3o","image":{"@type":"ImageObject","inLanguage":"pt-BR","@id":"https:\/\/noticiaempauta.com\/portal\/#\/schema\/person\/image\/","url":"https:\/\/secure.gravatar.com\/avatar\/03179346ecce6cdfc13361603e8f54242a90e5cde8618fa23c5c00aa2b0aadf3?s=96&d=mm&r=g","contentUrl":"https:\/\/secure.gravatar.com\/avatar\/03179346ecce6cdfc13361603e8f54242a90e5cde8618fa23c5c00aa2b0aadf3?s=96&d=mm&r=g","caption":"Reda\u00e7\u00e3o"},"sameAs":["https:\/\/noticiaempauta.com\/portal\/"],"url":"https:\/\/noticiaempauta.com\/portal\/author\/fernando\/"}]}},"_links":{"self":[{"href":"https:\/\/noticiaempauta.com\/portal\/wp-json\/wp\/v2\/posts\/255165","targetHints":{"allow":["GET"]}}],"collection":[{"href":"https:\/\/noticiaempauta.com\/portal\/wp-json\/wp\/v2\/posts"}],"about":[{"href":"https:\/\/noticiaempauta.com\/portal\/wp-json\/wp\/v2\/types\/post"}],"author":[{"embeddable":true,"href":"https:\/\/noticiaempauta.com\/portal\/wp-json\/wp\/v2\/users\/2"}],"replies":[{"embeddable":true,"href":"https:\/\/noticiaempauta.com\/portal\/wp-json\/wp\/v2\/comments?post=255165"}],"version-history":[{"count":2,"href":"https:\/\/noticiaempauta.com\/portal\/wp-json\/wp\/v2\/posts\/255165\/revisions"}],"predecessor-version":[{"id":255169,"href":"https:\/\/noticiaempauta.com\/portal\/wp-json\/wp\/v2\/posts\/255165\/revisions\/255169"}],"wp:featuredmedia":[{"embeddable":true,"href":"https:\/\/noticiaempauta.com\/portal\/wp-json\/wp\/v2\/media\/255167"}],"wp:attachment":[{"href":"https:\/\/noticiaempauta.com\/portal\/wp-json\/wp\/v2\/media?parent=255165"}],"wp:term":[{"taxonomy":"category","embeddable":true,"href":"https:\/\/noticiaempauta.com\/portal\/wp-json\/wp\/v2\/categories?post=255165"},{"taxonomy":"post_tag","embeddable":true,"href":"https:\/\/noticiaempauta.com\/portal\/wp-json\/wp\/v2\/tags?post=255165"}],"curies":[{"name":"wp","href":"https:\/\/api.w.org\/{rel}","templated":true}]}}