{"id":255175,"date":"2024-02-26T20:03:48","date_gmt":"2024-02-26T23:03:48","guid":{"rendered":"https:\/\/noticiaempauta.com\/portal\/?p=255175"},"modified":"2024-02-26T20:03:49","modified_gmt":"2024-02-26T23:03:49","slug":"dom-expedito-lopes-e-gilbues-terao-eleicoes-suplementares-neste-domingo-3","status":"publish","type":"post","link":"https:\/\/noticiaempauta.com\/portal\/dom-expedito-lopes-e-gilbues-terao-eleicoes-suplementares-neste-domingo-3\/","title":{"rendered":"Dom Expedito Lopes e Gilbu\u00e9s ter\u00e3o elei\u00e7\u00f5es suplementares neste domingo (3)"},"content":{"rendered":"\n<p>O Tribunal Regional Eleitoral do Piau\u00ed (TRE-PI) realiza, neste domingo (3), novas elei\u00e7\u00f5es em dois munic\u00edpios. Em<a href=\"https:\/\/cidadeverde.com\/noticias\/404614\/tre-marca-novas-eleicoes-para-prefeito-e-vice-de-dom-expedito-lopes-apos-cassacao\">&nbsp;Dom Expedito Lopes<\/a>, os eleitores voltam as urnas para escolha do novo prefeito e vice, enquanto em&nbsp;<a href=\"https:\/\/cidadeverde.com\/noticias\/404369\/tre-marca-data-de-nova-eleicao-para-vereadores-em-gilbues-para-mandato-de-nove-meses\">Gilbu\u00e9s<\/a>, o pleito definir\u00e1 os nove vereadores.&nbsp;<\/p>\n\n\n\n<p>A nova elei\u00e7\u00e3o para prefeito e vice em Dom Expedito Lopes foi marcada pelo TRE-PI ap\u00f3s a&nbsp;<a href=\"https:\/\/cidadeverde.com\/noticias\/404456\/presidente-do-tre-pi-afasta-prefeito-de-dom-expedito-lopes-apos-condenacao-por-compra-de-votos\">cassa\u00e7\u00e3o dos mandatos do prefeito Valmir Ara\u00fajo (Republicanos) e da vice, Evanil Lopes (Republicanos)<\/a>&nbsp;por capta\u00e7\u00e3o il\u00edcita de sufr\u00e1gio (compra de votos) na disputa municipal de 2020.<\/p>\n\n\n\n<p>As tr\u00eas chapas que pleiteiam os cargos de prefeito e vice em Dom Expedito Lopes n\u00e3o participaram da \u00faltima elei\u00e7\u00e3o municipal. Os candidatos s\u00e3o Joaquim Neto e Lopes, pelo PT, Agenor Lima e Kyldary Gon\u00e7alves, pelo MDB, e Jonas Carvalho e Everaldo Gon\u00e7alves, pelo Republicanos.&nbsp;<\/p>\n\n\n\n<p>J\u00e1 em Gilbu\u00e9s, a elei\u00e7\u00e3o ser\u00e1 para escolha dos nove vereadores do municipios. Isso porque o Tribunal Superior Eleitoral (TSE)&nbsp;<a href=\"https:\/\/cidadeverde.com\/noticias\/404034\/apos-cassacoes-tse-determina-nova-eleicao-para-renovacao-integral-da-camara-municipal-de-gilbues-entenda\">cassou cinco parlamentares eleitos pelo Progressistas (PP)<\/a>&nbsp;e anular os votos do partido no \u00faltimo pleito por fraude \u00e0 cota de g\u00eanero, afetando todo o pleito.<\/p>\n\n\n\n<p>Ao todo, 20 nomes ir\u00e3o disputar uma das nove vagas na C\u00e2mara Municipal de Gilbu\u00e9s. Entre eles alguns dos candidatos do PP que tiveram os mandatos cassados, inclusive a candidata apontada como laranja no \u00faltimo pleito, mas que agora tentar\u00e1 ser eleita pelo MDB.\u00a0\u00a0<\/p>\n\n\n\n<p><em>Fonte: Cidade Verde<\/em><\/p>\n","protected":false},"excerpt":{"rendered":"<p>O Tribunal Regional Eleitoral do Piau\u00ed (TRE-PI) realiza, neste domingo (3), novas elei\u00e7\u00f5es em dois munic\u00edpios. Em&nbsp;Dom Expedito Lopes, os eleitores voltam as urnas para escolha do novo prefeito e vice, enquanto em&nbsp;Gilbu\u00e9s, o pleito definir\u00e1 os nove vereadores.&nbsp; A nova elei\u00e7\u00e3o para prefeito e vice em Dom Expedito Lopes foi marcada pelo TRE-PI ap\u00f3s [&hellip;]<\/p>\n","protected":false},"author":2,"featured_media":239958,"comment_status":"open","ping_status":"open","sticky":false,"template":"","format":"standard","meta":{"_mi_skip_tracking":false,"footnotes":""},"categories":[25,1,9,3],"tags":[192],"class_list":["post-255175","post","type-post","status-publish","format-standard","has-post-thumbnail","hentry","category-destaques-site","category-geral","category-municipios","category-politica","tag-destaqueprincipal"],"acf":[],"yoast_head":"<!-- This site is optimized with the Yoast SEO Premium plugin v19.2 (Yoast SEO v26.9) - https:\/\/yoast.com\/product\/yoast-seo-premium-wordpress\/ -->\n<title>Dom Expedito Lopes e Gilbu\u00e9s ter\u00e3o elei\u00e7\u00f5es suplementares neste domingo (3) - Portal Not\u00edcia em Pauta<\/title>\n<meta name=\"robots\" content=\"index, follow, max-snippet:-1, max-image-preview:large, max-video-preview:-1\" \/>\n<link rel=\"canonical\" href=\"https:\/\/noticiaempauta.com\/portal\/dom-expedito-lopes-e-gilbues-terao-eleicoes-suplementares-neste-domingo-3\/\" \/>\n<meta property=\"og:locale\" content=\"pt_BR\" \/>\n<meta property=\"og:type\" content=\"article\" \/>\n<meta property=\"og:title\" content=\"Dom Expedito Lopes e Gilbu\u00e9s ter\u00e3o elei\u00e7\u00f5es suplementares neste domingo (3)\" \/>\n<meta property=\"og:description\" content=\"O Tribunal Regional Eleitoral do Piau\u00ed (TRE-PI) realiza, neste domingo (3), novas elei\u00e7\u00f5es em dois munic\u00edpios. Em&nbsp;Dom Expedito Lopes, os eleitores voltam as urnas para escolha do novo prefeito e vice, enquanto em&nbsp;Gilbu\u00e9s, o pleito definir\u00e1 os nove vereadores.&nbsp; A nova elei\u00e7\u00e3o para prefeito e vice em Dom Expedito Lopes foi marcada pelo TRE-PI ap\u00f3s [&hellip;]\" \/>\n<meta property=\"og:url\" content=\"https:\/\/noticiaempauta.com\/portal\/dom-expedito-lopes-e-gilbues-terao-eleicoes-suplementares-neste-domingo-3\/\" \/>\n<meta property=\"og:site_name\" content=\"Portal Not\u00edcia em Pauta\" \/>\n<meta property=\"article:publisher\" content=\"https:\/\/www.facebook.com\/Portal-Notcia-Em-Pauta-102292869264820\/\" \/>\n<meta property=\"article:published_time\" content=\"2024-02-26T23:03:48+00:00\" \/>\n<meta property=\"article:modified_time\" content=\"2024-02-26T23:03:49+00:00\" \/>\n<meta property=\"og:image\" content=\"https:\/\/noticiaempauta.com\/portal\/wp-content\/uploads\/2022\/08\/urna.jpeg\" \/>\n\t<meta property=\"og:image:width\" content=\"640\" \/>\n\t<meta property=\"og:image:height\" content=\"377\" \/>\n\t<meta property=\"og:image:type\" content=\"image\/jpeg\" \/>\n<meta name=\"author\" content=\"Reda\u00e7\u00e3o\" \/>\n<meta name=\"twitter:card\" content=\"summary_large_image\" \/>\n<meta name=\"twitter:label1\" content=\"Escrito por\" \/>\n\t<meta name=\"twitter:data1\" content=\"Reda\u00e7\u00e3o\" \/>\n\t<meta name=\"twitter:label2\" content=\"Est. tempo de leitura\" \/>\n\t<meta name=\"twitter:data2\" content=\"2 minutos\" \/>\n<script type=\"application\/ld+json\" class=\"yoast-schema-graph\">{\"@context\":\"https:\/\/schema.org\",\"@graph\":[{\"@type\":\"Article\",\"@id\":\"https:\/\/noticiaempauta.com\/portal\/dom-expedito-lopes-e-gilbues-terao-eleicoes-suplementares-neste-domingo-3\/#article\",\"isPartOf\":{\"@id\":\"https:\/\/noticiaempauta.com\/portal\/dom-expedito-lopes-e-gilbues-terao-eleicoes-suplementares-neste-domingo-3\/\"},\"author\":{\"name\":\"Reda\u00e7\u00e3o\",\"@id\":\"https:\/\/noticiaempauta.com\/portal\/#\/schema\/person\/a74af43dd1ab3deca45f988c717d57ac\"},\"headline\":\"Dom Expedito Lopes e Gilbu\u00e9s ter\u00e3o elei\u00e7\u00f5es suplementares neste domingo (3)\",\"datePublished\":\"2024-02-26T23:03:48+00:00\",\"dateModified\":\"2024-02-26T23:03:49+00:00\",\"mainEntityOfPage\":{\"@id\":\"https:\/\/noticiaempauta.com\/portal\/dom-expedito-lopes-e-gilbues-terao-eleicoes-suplementares-neste-domingo-3\/\"},\"wordCount\":262,\"commentCount\":0,\"publisher\":{\"@id\":\"https:\/\/noticiaempauta.com\/portal\/#organization\"},\"image\":{\"@id\":\"https:\/\/noticiaempauta.com\/portal\/dom-expedito-lopes-e-gilbues-terao-eleicoes-suplementares-neste-domingo-3\/#primaryimage\"},\"thumbnailUrl\":\"https:\/\/noticiaempauta.com\/portal\/wp-content\/uploads\/2022\/08\/urna.jpeg\",\"keywords\":[\"destaqueprincipal\"],\"articleSection\":[\"Destaques\",\"Geral\",\"Munic\u00edpios\",\"Pol\u00edtica\"],\"inLanguage\":\"pt-BR\",\"potentialAction\":[{\"@type\":\"CommentAction\",\"name\":\"Comment\",\"target\":[\"https:\/\/noticiaempauta.com\/portal\/dom-expedito-lopes-e-gilbues-terao-eleicoes-suplementares-neste-domingo-3\/#respond\"]}]},{\"@type\":\"WebPage\",\"@id\":\"https:\/\/noticiaempauta.com\/portal\/dom-expedito-lopes-e-gilbues-terao-eleicoes-suplementares-neste-domingo-3\/\",\"url\":\"https:\/\/noticiaempauta.com\/portal\/dom-expedito-lopes-e-gilbues-terao-eleicoes-suplementares-neste-domingo-3\/\",\"name\":\"Dom Expedito Lopes e Gilbu\u00e9s ter\u00e3o elei\u00e7\u00f5es suplementares neste domingo (3) - Portal Not\u00edcia em Pauta\",\"isPartOf\":{\"@id\":\"https:\/\/noticiaempauta.com\/portal\/#website\"},\"primaryImageOfPage\":{\"@id\":\"https:\/\/noticiaempauta.com\/portal\/dom-expedito-lopes-e-gilbues-terao-eleicoes-suplementares-neste-domingo-3\/#primaryimage\"},\"image\":{\"@id\":\"https:\/\/noticiaempauta.com\/portal\/dom-expedito-lopes-e-gilbues-terao-eleicoes-suplementares-neste-domingo-3\/#primaryimage\"},\"thumbnailUrl\":\"https:\/\/noticiaempauta.com\/portal\/wp-content\/uploads\/2022\/08\/urna.jpeg\",\"datePublished\":\"2024-02-26T23:03:48+00:00\",\"dateModified\":\"2024-02-26T23:03:49+00:00\",\"breadcrumb\":{\"@id\":\"https:\/\/noticiaempauta.com\/portal\/dom-expedito-lopes-e-gilbues-terao-eleicoes-suplementares-neste-domingo-3\/#breadcrumb\"},\"inLanguage\":\"pt-BR\",\"potentialAction\":[{\"@type\":\"ReadAction\",\"target\":[\"https:\/\/noticiaempauta.com\/portal\/dom-expedito-lopes-e-gilbues-terao-eleicoes-suplementares-neste-domingo-3\/\"]}]},{\"@type\":\"ImageObject\",\"inLanguage\":\"pt-BR\",\"@id\":\"https:\/\/noticiaempauta.com\/portal\/dom-expedito-lopes-e-gilbues-terao-eleicoes-suplementares-neste-domingo-3\/#primaryimage\",\"url\":\"https:\/\/noticiaempauta.com\/portal\/wp-content\/uploads\/2022\/08\/urna.jpeg\",\"contentUrl\":\"https:\/\/noticiaempauta.com\/portal\/wp-content\/uploads\/2022\/08\/urna.jpeg\",\"width\":640,\"height\":377,\"caption\":\"Foto:Reprodu\u00e7\u00e3o\"},{\"@type\":\"BreadcrumbList\",\"@id\":\"https:\/\/noticiaempauta.com\/portal\/dom-expedito-lopes-e-gilbues-terao-eleicoes-suplementares-neste-domingo-3\/#breadcrumb\",\"itemListElement\":[{\"@type\":\"ListItem\",\"position\":1,\"name\":\"P\u00e1gina Inicial\",\"item\":\"https:\/\/noticiaempauta.com\/portal\/\"},{\"@type\":\"ListItem\",\"position\":2,\"name\":\"Destaques\",\"item\":\"https:\/\/noticiaempauta.com\/portal\/destaques-site\/\"},{\"@type\":\"ListItem\",\"position\":3,\"name\":\"Dom Expedito Lopes e Gilbu\u00e9s ter\u00e3o elei\u00e7\u00f5es suplementares neste domingo (3)\"}]},{\"@type\":\"WebSite\",\"@id\":\"https:\/\/noticiaempauta.com\/portal\/#website\",\"url\":\"https:\/\/noticiaempauta.com\/portal\/\",\"name\":\"Portal Not\u00edcia em Pauta\",\"description\":\"Voc\u00ea bem informado\",\"publisher\":{\"@id\":\"https:\/\/noticiaempauta.com\/portal\/#organization\"},\"potentialAction\":[{\"@type\":\"SearchAction\",\"target\":{\"@type\":\"EntryPoint\",\"urlTemplate\":\"https:\/\/noticiaempauta.com\/portal\/?s={search_term_string}\"},\"query-input\":{\"@type\":\"PropertyValueSpecification\",\"valueRequired\":true,\"valueName\":\"search_term_string\"}}],\"inLanguage\":\"pt-BR\"},{\"@type\":\"Organization\",\"@id\":\"https:\/\/noticiaempauta.com\/portal\/#organization\",\"name\":\"Portal Not\u00edcia em Pauta\",\"url\":\"https:\/\/noticiaempauta.com\/portal\/\",\"logo\":{\"@type\":\"ImageObject\",\"inLanguage\":\"pt-BR\",\"@id\":\"https:\/\/noticiaempauta.com\/portal\/#\/schema\/logo\/image\/\",\"url\":\"https:\/\/noticiaempauta.com\/portal\/wp-content\/uploads\/2022\/08\/logomarca_tema.fw_.png\",\"contentUrl\":\"https:\/\/noticiaempauta.com\/portal\/wp-content\/uploads\/2022\/08\/logomarca_tema.fw_.png\",\"width\":400,\"height\":232,\"caption\":\"Portal Not\u00edcia em Pauta\"},\"image\":{\"@id\":\"https:\/\/noticiaempauta.com\/portal\/#\/schema\/logo\/image\/\"},\"sameAs\":[\"https:\/\/www.facebook.com\/Portal-Notcia-Em-Pauta-102292869264820\/\",\"https:\/\/www.instagram.com\/portalnoticiaempauta\/\"]},{\"@type\":\"Person\",\"@id\":\"https:\/\/noticiaempauta.com\/portal\/#\/schema\/person\/a74af43dd1ab3deca45f988c717d57ac\",\"name\":\"Reda\u00e7\u00e3o\",\"image\":{\"@type\":\"ImageObject\",\"inLanguage\":\"pt-BR\",\"@id\":\"https:\/\/noticiaempauta.com\/portal\/#\/schema\/person\/image\/\",\"url\":\"https:\/\/secure.gravatar.com\/avatar\/03179346ecce6cdfc13361603e8f54242a90e5cde8618fa23c5c00aa2b0aadf3?s=96&d=mm&r=g\",\"contentUrl\":\"https:\/\/secure.gravatar.com\/avatar\/03179346ecce6cdfc13361603e8f54242a90e5cde8618fa23c5c00aa2b0aadf3?s=96&d=mm&r=g\",\"caption\":\"Reda\u00e7\u00e3o\"},\"sameAs\":[\"https:\/\/noticiaempauta.com\/portal\/\"],\"url\":\"https:\/\/noticiaempauta.com\/portal\/author\/fernando\/\"}]}<\/script>\n<!-- \/ Yoast SEO Premium plugin. -->","yoast_head_json":{"title":"Dom Expedito Lopes e Gilbu\u00e9s ter\u00e3o elei\u00e7\u00f5es suplementares neste domingo (3) - Portal Not\u00edcia em Pauta","robots":{"index":"index","follow":"follow","max-snippet":"max-snippet:-1","max-image-preview":"max-image-preview:large","max-video-preview":"max-video-preview:-1"},"canonical":"https:\/\/noticiaempauta.com\/portal\/dom-expedito-lopes-e-gilbues-terao-eleicoes-suplementares-neste-domingo-3\/","og_locale":"pt_BR","og_type":"article","og_title":"Dom Expedito Lopes e Gilbu\u00e9s ter\u00e3o elei\u00e7\u00f5es suplementares neste domingo (3)","og_description":"O Tribunal Regional Eleitoral do Piau\u00ed (TRE-PI) realiza, neste domingo (3), novas elei\u00e7\u00f5es em dois munic\u00edpios. Em&nbsp;Dom Expedito Lopes, os eleitores voltam as urnas para escolha do novo prefeito e vice, enquanto em&nbsp;Gilbu\u00e9s, o pleito definir\u00e1 os nove vereadores.&nbsp; A nova elei\u00e7\u00e3o para prefeito e vice em Dom Expedito Lopes foi marcada pelo TRE-PI ap\u00f3s [&hellip;]","og_url":"https:\/\/noticiaempauta.com\/portal\/dom-expedito-lopes-e-gilbues-terao-eleicoes-suplementares-neste-domingo-3\/","og_site_name":"Portal Not\u00edcia em Pauta","article_publisher":"https:\/\/www.facebook.com\/Portal-Notcia-Em-Pauta-102292869264820\/","article_published_time":"2024-02-26T23:03:48+00:00","article_modified_time":"2024-02-26T23:03:49+00:00","og_image":[{"width":640,"height":377,"url":"https:\/\/noticiaempauta.com\/portal\/wp-content\/uploads\/2022\/08\/urna.jpeg","type":"image\/jpeg"}],"author":"Reda\u00e7\u00e3o","twitter_card":"summary_large_image","twitter_misc":{"Escrito por":"Reda\u00e7\u00e3o","Est. tempo de leitura":"2 minutos"},"schema":{"@context":"https:\/\/schema.org","@graph":[{"@type":"Article","@id":"https:\/\/noticiaempauta.com\/portal\/dom-expedito-lopes-e-gilbues-terao-eleicoes-suplementares-neste-domingo-3\/#article","isPartOf":{"@id":"https:\/\/noticiaempauta.com\/portal\/dom-expedito-lopes-e-gilbues-terao-eleicoes-suplementares-neste-domingo-3\/"},"author":{"name":"Reda\u00e7\u00e3o","@id":"https:\/\/noticiaempauta.com\/portal\/#\/schema\/person\/a74af43dd1ab3deca45f988c717d57ac"},"headline":"Dom Expedito Lopes e Gilbu\u00e9s ter\u00e3o elei\u00e7\u00f5es suplementares neste domingo (3)","datePublished":"2024-02-26T23:03:48+00:00","dateModified":"2024-02-26T23:03:49+00:00","mainEntityOfPage":{"@id":"https:\/\/noticiaempauta.com\/portal\/dom-expedito-lopes-e-gilbues-terao-eleicoes-suplementares-neste-domingo-3\/"},"wordCount":262,"commentCount":0,"publisher":{"@id":"https:\/\/noticiaempauta.com\/portal\/#organization"},"image":{"@id":"https:\/\/noticiaempauta.com\/portal\/dom-expedito-lopes-e-gilbues-terao-eleicoes-suplementares-neste-domingo-3\/#primaryimage"},"thumbnailUrl":"https:\/\/noticiaempauta.com\/portal\/wp-content\/uploads\/2022\/08\/urna.jpeg","keywords":["destaqueprincipal"],"articleSection":["Destaques","Geral","Munic\u00edpios","Pol\u00edtica"],"inLanguage":"pt-BR","potentialAction":[{"@type":"CommentAction","name":"Comment","target":["https:\/\/noticiaempauta.com\/portal\/dom-expedito-lopes-e-gilbues-terao-eleicoes-suplementares-neste-domingo-3\/#respond"]}]},{"@type":"WebPage","@id":"https:\/\/noticiaempauta.com\/portal\/dom-expedito-lopes-e-gilbues-terao-eleicoes-suplementares-neste-domingo-3\/","url":"https:\/\/noticiaempauta.com\/portal\/dom-expedito-lopes-e-gilbues-terao-eleicoes-suplementares-neste-domingo-3\/","name":"Dom Expedito Lopes e Gilbu\u00e9s ter\u00e3o elei\u00e7\u00f5es suplementares neste domingo (3) - Portal Not\u00edcia em Pauta","isPartOf":{"@id":"https:\/\/noticiaempauta.com\/portal\/#website"},"primaryImageOfPage":{"@id":"https:\/\/noticiaempauta.com\/portal\/dom-expedito-lopes-e-gilbues-terao-eleicoes-suplementares-neste-domingo-3\/#primaryimage"},"image":{"@id":"https:\/\/noticiaempauta.com\/portal\/dom-expedito-lopes-e-gilbues-terao-eleicoes-suplementares-neste-domingo-3\/#primaryimage"},"thumbnailUrl":"https:\/\/noticiaempauta.com\/portal\/wp-content\/uploads\/2022\/08\/urna.jpeg","datePublished":"2024-02-26T23:03:48+00:00","dateModified":"2024-02-26T23:03:49+00:00","breadcrumb":{"@id":"https:\/\/noticiaempauta.com\/portal\/dom-expedito-lopes-e-gilbues-terao-eleicoes-suplementares-neste-domingo-3\/#breadcrumb"},"inLanguage":"pt-BR","potentialAction":[{"@type":"ReadAction","target":["https:\/\/noticiaempauta.com\/portal\/dom-expedito-lopes-e-gilbues-terao-eleicoes-suplementares-neste-domingo-3\/"]}]},{"@type":"ImageObject","inLanguage":"pt-BR","@id":"https:\/\/noticiaempauta.com\/portal\/dom-expedito-lopes-e-gilbues-terao-eleicoes-suplementares-neste-domingo-3\/#primaryimage","url":"https:\/\/noticiaempauta.com\/portal\/wp-content\/uploads\/2022\/08\/urna.jpeg","contentUrl":"https:\/\/noticiaempauta.com\/portal\/wp-content\/uploads\/2022\/08\/urna.jpeg","width":640,"height":377,"caption":"Foto:Reprodu\u00e7\u00e3o"},{"@type":"BreadcrumbList","@id":"https:\/\/noticiaempauta.com\/portal\/dom-expedito-lopes-e-gilbues-terao-eleicoes-suplementares-neste-domingo-3\/#breadcrumb","itemListElement":[{"@type":"ListItem","position":1,"name":"P\u00e1gina Inicial","item":"https:\/\/noticiaempauta.com\/portal\/"},{"@type":"ListItem","position":2,"name":"Destaques","item":"https:\/\/noticiaempauta.com\/portal\/destaques-site\/"},{"@type":"ListItem","position":3,"name":"Dom Expedito Lopes e Gilbu\u00e9s ter\u00e3o elei\u00e7\u00f5es suplementares neste domingo (3)"}]},{"@type":"WebSite","@id":"https:\/\/noticiaempauta.com\/portal\/#website","url":"https:\/\/noticiaempauta.com\/portal\/","name":"Portal Not\u00edcia em Pauta","description":"Voc\u00ea bem informado","publisher":{"@id":"https:\/\/noticiaempauta.com\/portal\/#organization"},"potentialAction":[{"@type":"SearchAction","target":{"@type":"EntryPoint","urlTemplate":"https:\/\/noticiaempauta.com\/portal\/?s={search_term_string}"},"query-input":{"@type":"PropertyValueSpecification","valueRequired":true,"valueName":"search_term_string"}}],"inLanguage":"pt-BR"},{"@type":"Organization","@id":"https:\/\/noticiaempauta.com\/portal\/#organization","name":"Portal Not\u00edcia em Pauta","url":"https:\/\/noticiaempauta.com\/portal\/","logo":{"@type":"ImageObject","inLanguage":"pt-BR","@id":"https:\/\/noticiaempauta.com\/portal\/#\/schema\/logo\/image\/","url":"https:\/\/noticiaempauta.com\/portal\/wp-content\/uploads\/2022\/08\/logomarca_tema.fw_.png","contentUrl":"https:\/\/noticiaempauta.com\/portal\/wp-content\/uploads\/2022\/08\/logomarca_tema.fw_.png","width":400,"height":232,"caption":"Portal Not\u00edcia em Pauta"},"image":{"@id":"https:\/\/noticiaempauta.com\/portal\/#\/schema\/logo\/image\/"},"sameAs":["https:\/\/www.facebook.com\/Portal-Notcia-Em-Pauta-102292869264820\/","https:\/\/www.instagram.com\/portalnoticiaempauta\/"]},{"@type":"Person","@id":"https:\/\/noticiaempauta.com\/portal\/#\/schema\/person\/a74af43dd1ab3deca45f988c717d57ac","name":"Reda\u00e7\u00e3o","image":{"@type":"ImageObject","inLanguage":"pt-BR","@id":"https:\/\/noticiaempauta.com\/portal\/#\/schema\/person\/image\/","url":"https:\/\/secure.gravatar.com\/avatar\/03179346ecce6cdfc13361603e8f54242a90e5cde8618fa23c5c00aa2b0aadf3?s=96&d=mm&r=g","contentUrl":"https:\/\/secure.gravatar.com\/avatar\/03179346ecce6cdfc13361603e8f54242a90e5cde8618fa23c5c00aa2b0aadf3?s=96&d=mm&r=g","caption":"Reda\u00e7\u00e3o"},"sameAs":["https:\/\/noticiaempauta.com\/portal\/"],"url":"https:\/\/noticiaempauta.com\/portal\/author\/fernando\/"}]}},"_links":{"self":[{"href":"https:\/\/noticiaempauta.com\/portal\/wp-json\/wp\/v2\/posts\/255175","targetHints":{"allow":["GET"]}}],"collection":[{"href":"https:\/\/noticiaempauta.com\/portal\/wp-json\/wp\/v2\/posts"}],"about":[{"href":"https:\/\/noticiaempauta.com\/portal\/wp-json\/wp\/v2\/types\/post"}],"author":[{"embeddable":true,"href":"https:\/\/noticiaempauta.com\/portal\/wp-json\/wp\/v2\/users\/2"}],"replies":[{"embeddable":true,"href":"https:\/\/noticiaempauta.com\/portal\/wp-json\/wp\/v2\/comments?post=255175"}],"version-history":[{"count":2,"href":"https:\/\/noticiaempauta.com\/portal\/wp-json\/wp\/v2\/posts\/255175\/revisions"}],"predecessor-version":[{"id":255178,"href":"https:\/\/noticiaempauta.com\/portal\/wp-json\/wp\/v2\/posts\/255175\/revisions\/255178"}],"wp:featuredmedia":[{"embeddable":true,"href":"https:\/\/noticiaempauta.com\/portal\/wp-json\/wp\/v2\/media\/239958"}],"wp:attachment":[{"href":"https:\/\/noticiaempauta.com\/portal\/wp-json\/wp\/v2\/media?parent=255175"}],"wp:term":[{"taxonomy":"category","embeddable":true,"href":"https:\/\/noticiaempauta.com\/portal\/wp-json\/wp\/v2\/categories?post=255175"},{"taxonomy":"post_tag","embeddable":true,"href":"https:\/\/noticiaempauta.com\/portal\/wp-json\/wp\/v2\/tags?post=255175"}],"curies":[{"name":"wp","href":"https:\/\/api.w.org\/{rel}","templated":true}]}}