{"id":255185,"date":"2024-02-26T20:25:24","date_gmt":"2024-02-26T23:25:24","guid":{"rendered":"https:\/\/noticiaempauta.com\/portal\/?p=255185"},"modified":"2024-02-26T20:27:13","modified_gmt":"2024-02-26T23:27:13","slug":"faustao-e-internado-e-passara-por-um-novo-transplante","status":"publish","type":"post","link":"https:\/\/noticiaempauta.com\/portal\/faustao-e-internado-e-passara-por-um-novo-transplante\/","title":{"rendered":"Faust\u00e3o \u00e9 internado e pode passar por um novo transplante"},"content":{"rendered":"\n<p>O apresentador Faust\u00e3o foi internado no hospital Israelita Albert Einstein, em S\u00e3o Paulo, nessa segunda-feira, 26\/02. <\/p>\n\n\n\n<p>Ainda segundo as informa\u00e7\u00f5es, Fausto Silva passava por di\u00e1lise desde setembro, cerca de tr\u00eas vezes por semana. Ele est\u00e1 com o \u00f3rg\u00e3o prejudicado, por conta da insufici\u00eancia card\u00edaca que foi acometido.<\/p>\n\n\n\n<figure class=\"wp-block-image size-full\"><img fetchpriority=\"high\" decoding=\"async\" width=\"774\" height=\"435\" src=\"https:\/\/noticiaempauta.com\/portal\/wp-content\/uploads\/2024\/02\/1426259441-faustao-3.webp\" alt=\"\" class=\"wp-image-255187\" srcset=\"https:\/\/noticiaempauta.com\/portal\/wp-content\/uploads\/2024\/02\/1426259441-faustao-3.webp 774w, https:\/\/noticiaempauta.com\/portal\/wp-content\/uploads\/2024\/02\/1426259441-faustao-3-300x169.webp 300w, https:\/\/noticiaempauta.com\/portal\/wp-content\/uploads\/2024\/02\/1426259441-faustao-3-768x432.webp 768w\" sizes=\"(max-width: 774px) 100vw, 774px\" \/><\/figure>\n\n\n\n<p>A expectativa \u00e9 de que Faust\u00e3o v\u00e1 para fila de transplantes mais uma vez n\u00e3o \u00e9 descartada.<\/p>\n\n\n\n<p><\/p>\n\n\n\n<p><strong>Transplante de cora\u00e7\u00e3o<\/strong><br>Vale lembrar que Faust\u00e3o realizou um transplante de cora\u00e7\u00e3o em agosto do ano passado. O artista recebeu o \u00f3rg\u00e3o novo de um homem de 35 anos chamado F\u00e1bio, que faleceu ap\u00f3s sofrer um Acidente Vascular Cerebral (AVC).<\/p>\n\n\n\n<p>&#8220;Sinto como se o meu cora\u00e7\u00e3o batesse ainda mais forte, \u00e9 uma sensa\u00e7\u00e3o \u00fanica. Tiveram que tirar um monte de entulho de dentro de mim, e colocaram um cora\u00e7\u00e3o novo, de um garot\u00e3o de 35 anos. \u00c9 algo que me faz sentir muito vivo&#8221;, disse o comunicador em entrevista, na \u00e9poca.<\/p>\n\n\n\n<p><em>Fonte: Terra.com<\/em><\/p>\n\n\n\n<p><\/p>\n","protected":false},"excerpt":{"rendered":"<p>O apresentador Faust\u00e3o foi internado no hospital Israelita Albert Einstein, em S\u00e3o Paulo, nessa segunda-feira, 26\/02. Ainda segundo as informa\u00e7\u00f5es, Fausto Silva passava por di\u00e1lise desde setembro, cerca de tr\u00eas vezes por semana. Ele est\u00e1 com o \u00f3rg\u00e3o prejudicado, por conta da insufici\u00eancia card\u00edaca que foi acometido. A expectativa \u00e9 de que Faust\u00e3o v\u00e1 para [&hellip;]<\/p>\n","protected":false},"author":2,"featured_media":255187,"comment_status":"open","ping_status":"open","sticky":false,"template":"","format":"standard","meta":{"_mi_skip_tracking":false,"footnotes":""},"categories":[25,1,16],"tags":[192],"class_list":["post-255185","post","type-post","status-publish","format-standard","has-post-thumbnail","hentry","category-destaques-site","category-geral","category-todas","tag-destaqueprincipal"],"acf":[],"yoast_head":"<!-- This site is optimized with the Yoast SEO Premium plugin v19.2 (Yoast SEO v26.9) - https:\/\/yoast.com\/product\/yoast-seo-premium-wordpress\/ -->\n<title>Faust\u00e3o \u00e9 internado e pode passar por um novo transplante - Portal Not\u00edcia em Pauta<\/title>\n<meta name=\"robots\" content=\"index, follow, max-snippet:-1, max-image-preview:large, max-video-preview:-1\" \/>\n<link rel=\"canonical\" href=\"https:\/\/noticiaempauta.com\/portal\/faustao-e-internado-e-passara-por-um-novo-transplante\/\" \/>\n<meta property=\"og:locale\" content=\"pt_BR\" \/>\n<meta property=\"og:type\" content=\"article\" \/>\n<meta property=\"og:title\" content=\"Faust\u00e3o \u00e9 internado e pode passar por um novo transplante\" \/>\n<meta property=\"og:description\" content=\"O apresentador Faust\u00e3o foi internado no hospital Israelita Albert Einstein, em S\u00e3o Paulo, nessa segunda-feira, 26\/02. Ainda segundo as informa\u00e7\u00f5es, Fausto Silva passava por di\u00e1lise desde setembro, cerca de tr\u00eas vezes por semana. Ele est\u00e1 com o \u00f3rg\u00e3o prejudicado, por conta da insufici\u00eancia card\u00edaca que foi acometido. A expectativa \u00e9 de que Faust\u00e3o v\u00e1 para [&hellip;]\" \/>\n<meta property=\"og:url\" content=\"https:\/\/noticiaempauta.com\/portal\/faustao-e-internado-e-passara-por-um-novo-transplante\/\" \/>\n<meta property=\"og:site_name\" content=\"Portal Not\u00edcia em Pauta\" \/>\n<meta property=\"article:publisher\" content=\"https:\/\/www.facebook.com\/Portal-Notcia-Em-Pauta-102292869264820\/\" \/>\n<meta property=\"article:published_time\" content=\"2024-02-26T23:25:24+00:00\" \/>\n<meta property=\"article:modified_time\" content=\"2024-02-26T23:27:13+00:00\" \/>\n<meta property=\"og:image\" content=\"https:\/\/noticiaempauta.com\/portal\/wp-content\/uploads\/2024\/02\/1426259441-faustao-3.webp\" \/>\n\t<meta property=\"og:image:width\" content=\"774\" \/>\n\t<meta property=\"og:image:height\" content=\"435\" \/>\n\t<meta property=\"og:image:type\" content=\"image\/webp\" \/>\n<meta name=\"author\" content=\"Reda\u00e7\u00e3o\" \/>\n<meta name=\"twitter:card\" content=\"summary_large_image\" \/>\n<meta name=\"twitter:label1\" content=\"Escrito por\" \/>\n\t<meta name=\"twitter:data1\" content=\"Reda\u00e7\u00e3o\" \/>\n\t<meta name=\"twitter:label2\" content=\"Est. tempo de leitura\" \/>\n\t<meta name=\"twitter:data2\" content=\"2 minutos\" \/>\n<script type=\"application\/ld+json\" class=\"yoast-schema-graph\">{\"@context\":\"https:\/\/schema.org\",\"@graph\":[{\"@type\":\"Article\",\"@id\":\"https:\/\/noticiaempauta.com\/portal\/faustao-e-internado-e-passara-por-um-novo-transplante\/#article\",\"isPartOf\":{\"@id\":\"https:\/\/noticiaempauta.com\/portal\/faustao-e-internado-e-passara-por-um-novo-transplante\/\"},\"author\":{\"name\":\"Reda\u00e7\u00e3o\",\"@id\":\"https:\/\/noticiaempauta.com\/portal\/#\/schema\/person\/a74af43dd1ab3deca45f988c717d57ac\"},\"headline\":\"Faust\u00e3o \u00e9 internado e pode passar por um novo transplante\",\"datePublished\":\"2024-02-26T23:25:24+00:00\",\"dateModified\":\"2024-02-26T23:27:13+00:00\",\"mainEntityOfPage\":{\"@id\":\"https:\/\/noticiaempauta.com\/portal\/faustao-e-internado-e-passara-por-um-novo-transplante\/\"},\"wordCount\":181,\"commentCount\":0,\"publisher\":{\"@id\":\"https:\/\/noticiaempauta.com\/portal\/#organization\"},\"image\":{\"@id\":\"https:\/\/noticiaempauta.com\/portal\/faustao-e-internado-e-passara-por-um-novo-transplante\/#primaryimage\"},\"thumbnailUrl\":\"https:\/\/noticiaempauta.com\/portal\/wp-content\/uploads\/2024\/02\/1426259441-faustao-3.webp\",\"keywords\":[\"destaqueprincipal\"],\"articleSection\":[\"Destaques\",\"Geral\",\"Todas as Not\u00edcias\"],\"inLanguage\":\"pt-BR\",\"potentialAction\":[{\"@type\":\"CommentAction\",\"name\":\"Comment\",\"target\":[\"https:\/\/noticiaempauta.com\/portal\/faustao-e-internado-e-passara-por-um-novo-transplante\/#respond\"]}]},{\"@type\":\"WebPage\",\"@id\":\"https:\/\/noticiaempauta.com\/portal\/faustao-e-internado-e-passara-por-um-novo-transplante\/\",\"url\":\"https:\/\/noticiaempauta.com\/portal\/faustao-e-internado-e-passara-por-um-novo-transplante\/\",\"name\":\"Faust\u00e3o \u00e9 internado e pode passar por um novo transplante - Portal Not\u00edcia em Pauta\",\"isPartOf\":{\"@id\":\"https:\/\/noticiaempauta.com\/portal\/#website\"},\"primaryImageOfPage\":{\"@id\":\"https:\/\/noticiaempauta.com\/portal\/faustao-e-internado-e-passara-por-um-novo-transplante\/#primaryimage\"},\"image\":{\"@id\":\"https:\/\/noticiaempauta.com\/portal\/faustao-e-internado-e-passara-por-um-novo-transplante\/#primaryimage\"},\"thumbnailUrl\":\"https:\/\/noticiaempauta.com\/portal\/wp-content\/uploads\/2024\/02\/1426259441-faustao-3.webp\",\"datePublished\":\"2024-02-26T23:25:24+00:00\",\"dateModified\":\"2024-02-26T23:27:13+00:00\",\"breadcrumb\":{\"@id\":\"https:\/\/noticiaempauta.com\/portal\/faustao-e-internado-e-passara-por-um-novo-transplante\/#breadcrumb\"},\"inLanguage\":\"pt-BR\",\"potentialAction\":[{\"@type\":\"ReadAction\",\"target\":[\"https:\/\/noticiaempauta.com\/portal\/faustao-e-internado-e-passara-por-um-novo-transplante\/\"]}]},{\"@type\":\"ImageObject\",\"inLanguage\":\"pt-BR\",\"@id\":\"https:\/\/noticiaempauta.com\/portal\/faustao-e-internado-e-passara-por-um-novo-transplante\/#primaryimage\",\"url\":\"https:\/\/noticiaempauta.com\/portal\/wp-content\/uploads\/2024\/02\/1426259441-faustao-3.webp\",\"contentUrl\":\"https:\/\/noticiaempauta.com\/portal\/wp-content\/uploads\/2024\/02\/1426259441-faustao-3.webp\",\"width\":774,\"height\":435},{\"@type\":\"BreadcrumbList\",\"@id\":\"https:\/\/noticiaempauta.com\/portal\/faustao-e-internado-e-passara-por-um-novo-transplante\/#breadcrumb\",\"itemListElement\":[{\"@type\":\"ListItem\",\"position\":1,\"name\":\"P\u00e1gina Inicial\",\"item\":\"https:\/\/noticiaempauta.com\/portal\/\"},{\"@type\":\"ListItem\",\"position\":2,\"name\":\"Destaques\",\"item\":\"https:\/\/noticiaempauta.com\/portal\/destaques-site\/\"},{\"@type\":\"ListItem\",\"position\":3,\"name\":\"Faust\u00e3o \u00e9 internado e pode passar por um novo transplante\"}]},{\"@type\":\"WebSite\",\"@id\":\"https:\/\/noticiaempauta.com\/portal\/#website\",\"url\":\"https:\/\/noticiaempauta.com\/portal\/\",\"name\":\"Portal Not\u00edcia em Pauta\",\"description\":\"Voc\u00ea bem informado\",\"publisher\":{\"@id\":\"https:\/\/noticiaempauta.com\/portal\/#organization\"},\"potentialAction\":[{\"@type\":\"SearchAction\",\"target\":{\"@type\":\"EntryPoint\",\"urlTemplate\":\"https:\/\/noticiaempauta.com\/portal\/?s={search_term_string}\"},\"query-input\":{\"@type\":\"PropertyValueSpecification\",\"valueRequired\":true,\"valueName\":\"search_term_string\"}}],\"inLanguage\":\"pt-BR\"},{\"@type\":\"Organization\",\"@id\":\"https:\/\/noticiaempauta.com\/portal\/#organization\",\"name\":\"Portal Not\u00edcia em Pauta\",\"url\":\"https:\/\/noticiaempauta.com\/portal\/\",\"logo\":{\"@type\":\"ImageObject\",\"inLanguage\":\"pt-BR\",\"@id\":\"https:\/\/noticiaempauta.com\/portal\/#\/schema\/logo\/image\/\",\"url\":\"https:\/\/noticiaempauta.com\/portal\/wp-content\/uploads\/2022\/08\/logomarca_tema.fw_.png\",\"contentUrl\":\"https:\/\/noticiaempauta.com\/portal\/wp-content\/uploads\/2022\/08\/logomarca_tema.fw_.png\",\"width\":400,\"height\":232,\"caption\":\"Portal Not\u00edcia em Pauta\"},\"image\":{\"@id\":\"https:\/\/noticiaempauta.com\/portal\/#\/schema\/logo\/image\/\"},\"sameAs\":[\"https:\/\/www.facebook.com\/Portal-Notcia-Em-Pauta-102292869264820\/\",\"https:\/\/www.instagram.com\/portalnoticiaempauta\/\"]},{\"@type\":\"Person\",\"@id\":\"https:\/\/noticiaempauta.com\/portal\/#\/schema\/person\/a74af43dd1ab3deca45f988c717d57ac\",\"name\":\"Reda\u00e7\u00e3o\",\"image\":{\"@type\":\"ImageObject\",\"inLanguage\":\"pt-BR\",\"@id\":\"https:\/\/noticiaempauta.com\/portal\/#\/schema\/person\/image\/\",\"url\":\"https:\/\/secure.gravatar.com\/avatar\/03179346ecce6cdfc13361603e8f54242a90e5cde8618fa23c5c00aa2b0aadf3?s=96&d=mm&r=g\",\"contentUrl\":\"https:\/\/secure.gravatar.com\/avatar\/03179346ecce6cdfc13361603e8f54242a90e5cde8618fa23c5c00aa2b0aadf3?s=96&d=mm&r=g\",\"caption\":\"Reda\u00e7\u00e3o\"},\"sameAs\":[\"https:\/\/noticiaempauta.com\/portal\/\"],\"url\":\"https:\/\/noticiaempauta.com\/portal\/author\/fernando\/\"}]}<\/script>\n<!-- \/ Yoast SEO Premium plugin. -->","yoast_head_json":{"title":"Faust\u00e3o \u00e9 internado e pode passar por um novo transplante - Portal Not\u00edcia em Pauta","robots":{"index":"index","follow":"follow","max-snippet":"max-snippet:-1","max-image-preview":"max-image-preview:large","max-video-preview":"max-video-preview:-1"},"canonical":"https:\/\/noticiaempauta.com\/portal\/faustao-e-internado-e-passara-por-um-novo-transplante\/","og_locale":"pt_BR","og_type":"article","og_title":"Faust\u00e3o \u00e9 internado e pode passar por um novo transplante","og_description":"O apresentador Faust\u00e3o foi internado no hospital Israelita Albert Einstein, em S\u00e3o Paulo, nessa segunda-feira, 26\/02. Ainda segundo as informa\u00e7\u00f5es, Fausto Silva passava por di\u00e1lise desde setembro, cerca de tr\u00eas vezes por semana. Ele est\u00e1 com o \u00f3rg\u00e3o prejudicado, por conta da insufici\u00eancia card\u00edaca que foi acometido. A expectativa \u00e9 de que Faust\u00e3o v\u00e1 para [&hellip;]","og_url":"https:\/\/noticiaempauta.com\/portal\/faustao-e-internado-e-passara-por-um-novo-transplante\/","og_site_name":"Portal Not\u00edcia em Pauta","article_publisher":"https:\/\/www.facebook.com\/Portal-Notcia-Em-Pauta-102292869264820\/","article_published_time":"2024-02-26T23:25:24+00:00","article_modified_time":"2024-02-26T23:27:13+00:00","og_image":[{"width":774,"height":435,"url":"https:\/\/noticiaempauta.com\/portal\/wp-content\/uploads\/2024\/02\/1426259441-faustao-3.webp","type":"image\/webp"}],"author":"Reda\u00e7\u00e3o","twitter_card":"summary_large_image","twitter_misc":{"Escrito por":"Reda\u00e7\u00e3o","Est. tempo de leitura":"2 minutos"},"schema":{"@context":"https:\/\/schema.org","@graph":[{"@type":"Article","@id":"https:\/\/noticiaempauta.com\/portal\/faustao-e-internado-e-passara-por-um-novo-transplante\/#article","isPartOf":{"@id":"https:\/\/noticiaempauta.com\/portal\/faustao-e-internado-e-passara-por-um-novo-transplante\/"},"author":{"name":"Reda\u00e7\u00e3o","@id":"https:\/\/noticiaempauta.com\/portal\/#\/schema\/person\/a74af43dd1ab3deca45f988c717d57ac"},"headline":"Faust\u00e3o \u00e9 internado e pode passar por um novo transplante","datePublished":"2024-02-26T23:25:24+00:00","dateModified":"2024-02-26T23:27:13+00:00","mainEntityOfPage":{"@id":"https:\/\/noticiaempauta.com\/portal\/faustao-e-internado-e-passara-por-um-novo-transplante\/"},"wordCount":181,"commentCount":0,"publisher":{"@id":"https:\/\/noticiaempauta.com\/portal\/#organization"},"image":{"@id":"https:\/\/noticiaempauta.com\/portal\/faustao-e-internado-e-passara-por-um-novo-transplante\/#primaryimage"},"thumbnailUrl":"https:\/\/noticiaempauta.com\/portal\/wp-content\/uploads\/2024\/02\/1426259441-faustao-3.webp","keywords":["destaqueprincipal"],"articleSection":["Destaques","Geral","Todas as Not\u00edcias"],"inLanguage":"pt-BR","potentialAction":[{"@type":"CommentAction","name":"Comment","target":["https:\/\/noticiaempauta.com\/portal\/faustao-e-internado-e-passara-por-um-novo-transplante\/#respond"]}]},{"@type":"WebPage","@id":"https:\/\/noticiaempauta.com\/portal\/faustao-e-internado-e-passara-por-um-novo-transplante\/","url":"https:\/\/noticiaempauta.com\/portal\/faustao-e-internado-e-passara-por-um-novo-transplante\/","name":"Faust\u00e3o \u00e9 internado e pode passar por um novo transplante - Portal Not\u00edcia em Pauta","isPartOf":{"@id":"https:\/\/noticiaempauta.com\/portal\/#website"},"primaryImageOfPage":{"@id":"https:\/\/noticiaempauta.com\/portal\/faustao-e-internado-e-passara-por-um-novo-transplante\/#primaryimage"},"image":{"@id":"https:\/\/noticiaempauta.com\/portal\/faustao-e-internado-e-passara-por-um-novo-transplante\/#primaryimage"},"thumbnailUrl":"https:\/\/noticiaempauta.com\/portal\/wp-content\/uploads\/2024\/02\/1426259441-faustao-3.webp","datePublished":"2024-02-26T23:25:24+00:00","dateModified":"2024-02-26T23:27:13+00:00","breadcrumb":{"@id":"https:\/\/noticiaempauta.com\/portal\/faustao-e-internado-e-passara-por-um-novo-transplante\/#breadcrumb"},"inLanguage":"pt-BR","potentialAction":[{"@type":"ReadAction","target":["https:\/\/noticiaempauta.com\/portal\/faustao-e-internado-e-passara-por-um-novo-transplante\/"]}]},{"@type":"ImageObject","inLanguage":"pt-BR","@id":"https:\/\/noticiaempauta.com\/portal\/faustao-e-internado-e-passara-por-um-novo-transplante\/#primaryimage","url":"https:\/\/noticiaempauta.com\/portal\/wp-content\/uploads\/2024\/02\/1426259441-faustao-3.webp","contentUrl":"https:\/\/noticiaempauta.com\/portal\/wp-content\/uploads\/2024\/02\/1426259441-faustao-3.webp","width":774,"height":435},{"@type":"BreadcrumbList","@id":"https:\/\/noticiaempauta.com\/portal\/faustao-e-internado-e-passara-por-um-novo-transplante\/#breadcrumb","itemListElement":[{"@type":"ListItem","position":1,"name":"P\u00e1gina Inicial","item":"https:\/\/noticiaempauta.com\/portal\/"},{"@type":"ListItem","position":2,"name":"Destaques","item":"https:\/\/noticiaempauta.com\/portal\/destaques-site\/"},{"@type":"ListItem","position":3,"name":"Faust\u00e3o \u00e9 internado e pode passar por um novo transplante"}]},{"@type":"WebSite","@id":"https:\/\/noticiaempauta.com\/portal\/#website","url":"https:\/\/noticiaempauta.com\/portal\/","name":"Portal Not\u00edcia em Pauta","description":"Voc\u00ea bem informado","publisher":{"@id":"https:\/\/noticiaempauta.com\/portal\/#organization"},"potentialAction":[{"@type":"SearchAction","target":{"@type":"EntryPoint","urlTemplate":"https:\/\/noticiaempauta.com\/portal\/?s={search_term_string}"},"query-input":{"@type":"PropertyValueSpecification","valueRequired":true,"valueName":"search_term_string"}}],"inLanguage":"pt-BR"},{"@type":"Organization","@id":"https:\/\/noticiaempauta.com\/portal\/#organization","name":"Portal Not\u00edcia em Pauta","url":"https:\/\/noticiaempauta.com\/portal\/","logo":{"@type":"ImageObject","inLanguage":"pt-BR","@id":"https:\/\/noticiaempauta.com\/portal\/#\/schema\/logo\/image\/","url":"https:\/\/noticiaempauta.com\/portal\/wp-content\/uploads\/2022\/08\/logomarca_tema.fw_.png","contentUrl":"https:\/\/noticiaempauta.com\/portal\/wp-content\/uploads\/2022\/08\/logomarca_tema.fw_.png","width":400,"height":232,"caption":"Portal Not\u00edcia em Pauta"},"image":{"@id":"https:\/\/noticiaempauta.com\/portal\/#\/schema\/logo\/image\/"},"sameAs":["https:\/\/www.facebook.com\/Portal-Notcia-Em-Pauta-102292869264820\/","https:\/\/www.instagram.com\/portalnoticiaempauta\/"]},{"@type":"Person","@id":"https:\/\/noticiaempauta.com\/portal\/#\/schema\/person\/a74af43dd1ab3deca45f988c717d57ac","name":"Reda\u00e7\u00e3o","image":{"@type":"ImageObject","inLanguage":"pt-BR","@id":"https:\/\/noticiaempauta.com\/portal\/#\/schema\/person\/image\/","url":"https:\/\/secure.gravatar.com\/avatar\/03179346ecce6cdfc13361603e8f54242a90e5cde8618fa23c5c00aa2b0aadf3?s=96&d=mm&r=g","contentUrl":"https:\/\/secure.gravatar.com\/avatar\/03179346ecce6cdfc13361603e8f54242a90e5cde8618fa23c5c00aa2b0aadf3?s=96&d=mm&r=g","caption":"Reda\u00e7\u00e3o"},"sameAs":["https:\/\/noticiaempauta.com\/portal\/"],"url":"https:\/\/noticiaempauta.com\/portal\/author\/fernando\/"}]}},"_links":{"self":[{"href":"https:\/\/noticiaempauta.com\/portal\/wp-json\/wp\/v2\/posts\/255185","targetHints":{"allow":["GET"]}}],"collection":[{"href":"https:\/\/noticiaempauta.com\/portal\/wp-json\/wp\/v2\/posts"}],"about":[{"href":"https:\/\/noticiaempauta.com\/portal\/wp-json\/wp\/v2\/types\/post"}],"author":[{"embeddable":true,"href":"https:\/\/noticiaempauta.com\/portal\/wp-json\/wp\/v2\/users\/2"}],"replies":[{"embeddable":true,"href":"https:\/\/noticiaempauta.com\/portal\/wp-json\/wp\/v2\/comments?post=255185"}],"version-history":[{"count":4,"href":"https:\/\/noticiaempauta.com\/portal\/wp-json\/wp\/v2\/posts\/255185\/revisions"}],"predecessor-version":[{"id":255191,"href":"https:\/\/noticiaempauta.com\/portal\/wp-json\/wp\/v2\/posts\/255185\/revisions\/255191"}],"wp:featuredmedia":[{"embeddable":true,"href":"https:\/\/noticiaempauta.com\/portal\/wp-json\/wp\/v2\/media\/255187"}],"wp:attachment":[{"href":"https:\/\/noticiaempauta.com\/portal\/wp-json\/wp\/v2\/media?parent=255185"}],"wp:term":[{"taxonomy":"category","embeddable":true,"href":"https:\/\/noticiaempauta.com\/portal\/wp-json\/wp\/v2\/categories?post=255185"},{"taxonomy":"post_tag","embeddable":true,"href":"https:\/\/noticiaempauta.com\/portal\/wp-json\/wp\/v2\/tags?post=255185"}],"curies":[{"name":"wp","href":"https:\/\/api.w.org\/{rel}","templated":true}]}}