{"id":255291,"date":"2024-03-01T09:07:39","date_gmt":"2024-03-01T12:07:39","guid":{"rendered":"https:\/\/noticiaempauta.com\/portal\/?p=255291"},"modified":"2024-03-01T09:07:41","modified_gmt":"2024-03-01T12:07:41","slug":"prazo-para-vereadores-mudarem-de-partido-inicia-no-dia-7-de-marco","status":"publish","type":"post","link":"https:\/\/noticiaempauta.com\/portal\/prazo-para-vereadores-mudarem-de-partido-inicia-no-dia-7-de-marco\/","title":{"rendered":"Prazo para vereadores mudarem de partido inicia no dia 7 de mar\u00e7o"},"content":{"rendered":"\n<p>Come\u00e7a no dia 7 de mar\u00e7o o prazo para os vereadores mudarem de partido sem perder o mandato. Essa possibilidade, chamada de janela partid\u00e1ria, est\u00e1 prevista no artigo 22-A da Lei dos Partidos Pol\u00edticos (<a href=\"https:\/\/www.planalto.gov.br\/ccivil_03\/leis\/l9096.htm\"><strong>Lei n\u00ba 9.096\/95<\/strong><\/a>) e \u00e9 considerada uma justa causa para desfilia\u00e7\u00e3o partid\u00e1ria, se for feita dentro do per\u00edodo de 30 dias, at\u00e9 o dia 5 de abril.<\/p>\n\n\n\n<p>\u201cA janela partid\u00e1ria \u00e9 um tema vinculado \u00e0 fidelidade partid\u00e1ria. A partir da\u00ed, a legisla\u00e7\u00e3o estabeleceu um prazo m\u00ednimo de janela partid\u00e1ria, significando que 30 dias antes desse prazo de filia\u00e7\u00e3o, ent\u00e3o de 7 de mar\u00e7o a 5 de abril, os parlamentares que sejam detentores de mandato para essas elei\u00e7\u00f5es proporcionais, ou seja, vereadores, poder\u00e3o livremente mudar de partido sem serem apenados\u201d, explicou o analista judici\u00e1rio do Tribunal Regional Eleitoral do Piau\u00ed (TER-PI), Jos\u00e9 Siqueira Filho.<\/p>\n\n\n\n<p>Como em 2024 somente os mandatos de vereador est\u00e3o prestes a terminar, a norma vale apenas para quem ocupa essa fun\u00e7\u00e3o atualmente.<\/p>\n\n\n\n<p>Na pr\u00e1tica, isso quer dizer que, neste ano, vereadoras e vereadores eleitos em 2020 ter\u00e3o um m\u00eas para mudar de partido e concorrer \u00e0 reelei\u00e7\u00e3o ou \u00e0s prefeituras dos munic\u00edpios sem correr o risco de perder o cargo.<\/p>\n\n\n\n<p>Deputadas e deputados que foram eleitos em 2022, por exemplo, s\u00f3 poder\u00e3o usufruir da regra em 2026, ano em que ocorrer\u00e1 a pr\u00f3xima elei\u00e7\u00e3o geral.<\/p>\n\n\n\n<p>Jos\u00e9 Siqueira Filho destaca tamb\u00e9m que o candidato precisa ter no m\u00ednimo seis meses de filia\u00e7\u00e3o no partido que eles pretendam disputar as elei\u00e7\u00f5es.<\/p>\n\n\n\n<p>\u201cQualquer candidato que pretenda concorrer \u00e0s elei\u00e7\u00f5es ter\u00e1 que estar com prazo m\u00ednimo de filia\u00e7\u00e3o partid\u00e1ria de seis meses no partido para o qual ele pretenda concorrer. \u00c9 muito comum os candidatos deixarem de fazer a filia\u00e7\u00e3o partid\u00e1ria nesse prazo limite, ou seja, ter\u00e3o que ter no m\u00ednimo seis meses de filia\u00e7\u00e3o partid\u00e1ria naquele partido que eles pretendam disputar as elei\u00e7\u00f5es\u201d, ressalta.<\/p>\n\n\n\n<figure class=\"wp-block-embed is-type-video is-provider-youtube wp-block-embed-youtube wp-embed-aspect-16-9 wp-has-aspect-ratio\"><div class=\"wp-block-embed__wrapper\">\n<iframe title=\"Franz\u00e9 Silva detalha agenda da Alepi em ano eleitoral\" width=\"800\" height=\"450\" src=\"https:\/\/www.youtube.com\/embed\/WvRatt2JN8Q?feature=oembed\" frameborder=\"0\" allow=\"accelerometer; autoplay; clipboard-write; encrypted-media; gyroscope; picture-in-picture; web-share\" allowfullscreen><\/iframe>\n<\/div><\/figure>\n\n\n\n<p><em>Fonte: Cidade Verde<\/em><\/p>\n","protected":false},"excerpt":{"rendered":"<p>Come\u00e7a no dia 7 de mar\u00e7o o prazo para os vereadores mudarem de partido sem perder o mandato. Essa possibilidade, chamada de janela partid\u00e1ria, est\u00e1 prevista no artigo 22-A da Lei dos Partidos Pol\u00edticos (Lei n\u00ba 9.096\/95) e \u00e9 considerada uma justa causa para desfilia\u00e7\u00e3o partid\u00e1ria, se for feita dentro do per\u00edodo de 30 dias, [&hellip;]<\/p>\n","protected":false},"author":2,"featured_media":255293,"comment_status":"open","ping_status":"open","sticky":false,"template":"","format":"standard","meta":{"_mi_skip_tracking":false,"footnotes":""},"categories":[25,1,3,16],"tags":[192],"class_list":["post-255291","post","type-post","status-publish","format-standard","has-post-thumbnail","hentry","category-destaques-site","category-geral","category-politica","category-todas","tag-destaqueprincipal"],"acf":[],"yoast_head":"<!-- This site is optimized with the Yoast SEO Premium plugin v19.2 (Yoast SEO v26.9) - https:\/\/yoast.com\/product\/yoast-seo-premium-wordpress\/ -->\n<title>Prazo para vereadores mudarem de partido inicia no dia 7 de mar\u00e7o - Portal Not\u00edcia em Pauta<\/title>\n<meta name=\"robots\" content=\"index, follow, max-snippet:-1, max-image-preview:large, max-video-preview:-1\" \/>\n<link rel=\"canonical\" href=\"https:\/\/noticiaempauta.com\/portal\/prazo-para-vereadores-mudarem-de-partido-inicia-no-dia-7-de-marco\/\" \/>\n<meta property=\"og:locale\" content=\"pt_BR\" \/>\n<meta property=\"og:type\" content=\"article\" \/>\n<meta property=\"og:title\" content=\"Prazo para vereadores mudarem de partido inicia no dia 7 de mar\u00e7o\" \/>\n<meta property=\"og:description\" content=\"Come\u00e7a no dia 7 de mar\u00e7o o prazo para os vereadores mudarem de partido sem perder o mandato. Essa possibilidade, chamada de janela partid\u00e1ria, est\u00e1 prevista no artigo 22-A da Lei dos Partidos Pol\u00edticos (Lei n\u00ba 9.096\/95) e \u00e9 considerada uma justa causa para desfilia\u00e7\u00e3o partid\u00e1ria, se for feita dentro do per\u00edodo de 30 dias, [&hellip;]\" \/>\n<meta property=\"og:url\" content=\"https:\/\/noticiaempauta.com\/portal\/prazo-para-vereadores-mudarem-de-partido-inicia-no-dia-7-de-marco\/\" \/>\n<meta property=\"og:site_name\" content=\"Portal Not\u00edcia em Pauta\" \/>\n<meta property=\"article:publisher\" content=\"https:\/\/www.facebook.com\/Portal-Notcia-Em-Pauta-102292869264820\/\" \/>\n<meta property=\"article:published_time\" content=\"2024-03-01T12:07:39+00:00\" \/>\n<meta property=\"article:modified_time\" content=\"2024-03-01T12:07:41+00:00\" \/>\n<meta property=\"og:image\" content=\"https:\/\/noticiaempauta.com\/portal\/wp-content\/uploads\/2024\/03\/ff5d5f481c108e3bc226d9646fa5d3a1.jpg\" \/>\n\t<meta property=\"og:image:width\" content=\"790\" \/>\n\t<meta property=\"og:image:height\" content=\"526\" \/>\n\t<meta property=\"og:image:type\" content=\"image\/jpeg\" \/>\n<meta name=\"author\" content=\"Reda\u00e7\u00e3o\" \/>\n<meta name=\"twitter:card\" content=\"summary_large_image\" \/>\n<meta name=\"twitter:label1\" content=\"Escrito por\" \/>\n\t<meta name=\"twitter:data1\" content=\"Reda\u00e7\u00e3o\" \/>\n\t<meta name=\"twitter:label2\" content=\"Est. tempo de leitura\" \/>\n\t<meta name=\"twitter:data2\" content=\"2 minutos\" \/>\n<script type=\"application\/ld+json\" class=\"yoast-schema-graph\">{\"@context\":\"https:\/\/schema.org\",\"@graph\":[{\"@type\":\"Article\",\"@id\":\"https:\/\/noticiaempauta.com\/portal\/prazo-para-vereadores-mudarem-de-partido-inicia-no-dia-7-de-marco\/#article\",\"isPartOf\":{\"@id\":\"https:\/\/noticiaempauta.com\/portal\/prazo-para-vereadores-mudarem-de-partido-inicia-no-dia-7-de-marco\/\"},\"author\":{\"name\":\"Reda\u00e7\u00e3o\",\"@id\":\"https:\/\/noticiaempauta.com\/portal\/#\/schema\/person\/a74af43dd1ab3deca45f988c717d57ac\"},\"headline\":\"Prazo para vereadores mudarem de partido inicia no dia 7 de mar\u00e7o\",\"datePublished\":\"2024-03-01T12:07:39+00:00\",\"dateModified\":\"2024-03-01T12:07:41+00:00\",\"mainEntityOfPage\":{\"@id\":\"https:\/\/noticiaempauta.com\/portal\/prazo-para-vereadores-mudarem-de-partido-inicia-no-dia-7-de-marco\/\"},\"wordCount\":359,\"commentCount\":0,\"publisher\":{\"@id\":\"https:\/\/noticiaempauta.com\/portal\/#organization\"},\"image\":{\"@id\":\"https:\/\/noticiaempauta.com\/portal\/prazo-para-vereadores-mudarem-de-partido-inicia-no-dia-7-de-marco\/#primaryimage\"},\"thumbnailUrl\":\"https:\/\/noticiaempauta.com\/portal\/wp-content\/uploads\/2024\/03\/ff5d5f481c108e3bc226d9646fa5d3a1.jpg\",\"keywords\":[\"destaqueprincipal\"],\"articleSection\":[\"Destaques\",\"Geral\",\"Pol\u00edtica\",\"Todas as Not\u00edcias\"],\"inLanguage\":\"pt-BR\",\"potentialAction\":[{\"@type\":\"CommentAction\",\"name\":\"Comment\",\"target\":[\"https:\/\/noticiaempauta.com\/portal\/prazo-para-vereadores-mudarem-de-partido-inicia-no-dia-7-de-marco\/#respond\"]}]},{\"@type\":\"WebPage\",\"@id\":\"https:\/\/noticiaempauta.com\/portal\/prazo-para-vereadores-mudarem-de-partido-inicia-no-dia-7-de-marco\/\",\"url\":\"https:\/\/noticiaempauta.com\/portal\/prazo-para-vereadores-mudarem-de-partido-inicia-no-dia-7-de-marco\/\",\"name\":\"Prazo para vereadores mudarem de partido inicia no dia 7 de mar\u00e7o - Portal Not\u00edcia em Pauta\",\"isPartOf\":{\"@id\":\"https:\/\/noticiaempauta.com\/portal\/#website\"},\"primaryImageOfPage\":{\"@id\":\"https:\/\/noticiaempauta.com\/portal\/prazo-para-vereadores-mudarem-de-partido-inicia-no-dia-7-de-marco\/#primaryimage\"},\"image\":{\"@id\":\"https:\/\/noticiaempauta.com\/portal\/prazo-para-vereadores-mudarem-de-partido-inicia-no-dia-7-de-marco\/#primaryimage\"},\"thumbnailUrl\":\"https:\/\/noticiaempauta.com\/portal\/wp-content\/uploads\/2024\/03\/ff5d5f481c108e3bc226d9646fa5d3a1.jpg\",\"datePublished\":\"2024-03-01T12:07:39+00:00\",\"dateModified\":\"2024-03-01T12:07:41+00:00\",\"breadcrumb\":{\"@id\":\"https:\/\/noticiaempauta.com\/portal\/prazo-para-vereadores-mudarem-de-partido-inicia-no-dia-7-de-marco\/#breadcrumb\"},\"inLanguage\":\"pt-BR\",\"potentialAction\":[{\"@type\":\"ReadAction\",\"target\":[\"https:\/\/noticiaempauta.com\/portal\/prazo-para-vereadores-mudarem-de-partido-inicia-no-dia-7-de-marco\/\"]}]},{\"@type\":\"ImageObject\",\"inLanguage\":\"pt-BR\",\"@id\":\"https:\/\/noticiaempauta.com\/portal\/prazo-para-vereadores-mudarem-de-partido-inicia-no-dia-7-de-marco\/#primaryimage\",\"url\":\"https:\/\/noticiaempauta.com\/portal\/wp-content\/uploads\/2024\/03\/ff5d5f481c108e3bc226d9646fa5d3a1.jpg\",\"contentUrl\":\"https:\/\/noticiaempauta.com\/portal\/wp-content\/uploads\/2024\/03\/ff5d5f481c108e3bc226d9646fa5d3a1.jpg\",\"width\":790,\"height\":526},{\"@type\":\"BreadcrumbList\",\"@id\":\"https:\/\/noticiaempauta.com\/portal\/prazo-para-vereadores-mudarem-de-partido-inicia-no-dia-7-de-marco\/#breadcrumb\",\"itemListElement\":[{\"@type\":\"ListItem\",\"position\":1,\"name\":\"P\u00e1gina Inicial\",\"item\":\"https:\/\/noticiaempauta.com\/portal\/\"},{\"@type\":\"ListItem\",\"position\":2,\"name\":\"Destaques\",\"item\":\"https:\/\/noticiaempauta.com\/portal\/destaques-site\/\"},{\"@type\":\"ListItem\",\"position\":3,\"name\":\"Prazo para vereadores mudarem de partido inicia no dia 7 de mar\u00e7o\"}]},{\"@type\":\"WebSite\",\"@id\":\"https:\/\/noticiaempauta.com\/portal\/#website\",\"url\":\"https:\/\/noticiaempauta.com\/portal\/\",\"name\":\"Portal Not\u00edcia em Pauta\",\"description\":\"Voc\u00ea bem informado\",\"publisher\":{\"@id\":\"https:\/\/noticiaempauta.com\/portal\/#organization\"},\"potentialAction\":[{\"@type\":\"SearchAction\",\"target\":{\"@type\":\"EntryPoint\",\"urlTemplate\":\"https:\/\/noticiaempauta.com\/portal\/?s={search_term_string}\"},\"query-input\":{\"@type\":\"PropertyValueSpecification\",\"valueRequired\":true,\"valueName\":\"search_term_string\"}}],\"inLanguage\":\"pt-BR\"},{\"@type\":\"Organization\",\"@id\":\"https:\/\/noticiaempauta.com\/portal\/#organization\",\"name\":\"Portal Not\u00edcia em Pauta\",\"url\":\"https:\/\/noticiaempauta.com\/portal\/\",\"logo\":{\"@type\":\"ImageObject\",\"inLanguage\":\"pt-BR\",\"@id\":\"https:\/\/noticiaempauta.com\/portal\/#\/schema\/logo\/image\/\",\"url\":\"https:\/\/noticiaempauta.com\/portal\/wp-content\/uploads\/2022\/08\/logomarca_tema.fw_.png\",\"contentUrl\":\"https:\/\/noticiaempauta.com\/portal\/wp-content\/uploads\/2022\/08\/logomarca_tema.fw_.png\",\"width\":400,\"height\":232,\"caption\":\"Portal Not\u00edcia em Pauta\"},\"image\":{\"@id\":\"https:\/\/noticiaempauta.com\/portal\/#\/schema\/logo\/image\/\"},\"sameAs\":[\"https:\/\/www.facebook.com\/Portal-Notcia-Em-Pauta-102292869264820\/\",\"https:\/\/www.instagram.com\/portalnoticiaempauta\/\"]},{\"@type\":\"Person\",\"@id\":\"https:\/\/noticiaempauta.com\/portal\/#\/schema\/person\/a74af43dd1ab3deca45f988c717d57ac\",\"name\":\"Reda\u00e7\u00e3o\",\"image\":{\"@type\":\"ImageObject\",\"inLanguage\":\"pt-BR\",\"@id\":\"https:\/\/noticiaempauta.com\/portal\/#\/schema\/person\/image\/\",\"url\":\"https:\/\/secure.gravatar.com\/avatar\/03179346ecce6cdfc13361603e8f54242a90e5cde8618fa23c5c00aa2b0aadf3?s=96&d=mm&r=g\",\"contentUrl\":\"https:\/\/secure.gravatar.com\/avatar\/03179346ecce6cdfc13361603e8f54242a90e5cde8618fa23c5c00aa2b0aadf3?s=96&d=mm&r=g\",\"caption\":\"Reda\u00e7\u00e3o\"},\"sameAs\":[\"https:\/\/noticiaempauta.com\/portal\/\"],\"url\":\"https:\/\/noticiaempauta.com\/portal\/author\/fernando\/\"}]}<\/script>\n<!-- \/ Yoast SEO Premium plugin. -->","yoast_head_json":{"title":"Prazo para vereadores mudarem de partido inicia no dia 7 de mar\u00e7o - Portal Not\u00edcia em Pauta","robots":{"index":"index","follow":"follow","max-snippet":"max-snippet:-1","max-image-preview":"max-image-preview:large","max-video-preview":"max-video-preview:-1"},"canonical":"https:\/\/noticiaempauta.com\/portal\/prazo-para-vereadores-mudarem-de-partido-inicia-no-dia-7-de-marco\/","og_locale":"pt_BR","og_type":"article","og_title":"Prazo para vereadores mudarem de partido inicia no dia 7 de mar\u00e7o","og_description":"Come\u00e7a no dia 7 de mar\u00e7o o prazo para os vereadores mudarem de partido sem perder o mandato. Essa possibilidade, chamada de janela partid\u00e1ria, est\u00e1 prevista no artigo 22-A da Lei dos Partidos Pol\u00edticos (Lei n\u00ba 9.096\/95) e \u00e9 considerada uma justa causa para desfilia\u00e7\u00e3o partid\u00e1ria, se for feita dentro do per\u00edodo de 30 dias, [&hellip;]","og_url":"https:\/\/noticiaempauta.com\/portal\/prazo-para-vereadores-mudarem-de-partido-inicia-no-dia-7-de-marco\/","og_site_name":"Portal Not\u00edcia em Pauta","article_publisher":"https:\/\/www.facebook.com\/Portal-Notcia-Em-Pauta-102292869264820\/","article_published_time":"2024-03-01T12:07:39+00:00","article_modified_time":"2024-03-01T12:07:41+00:00","og_image":[{"width":790,"height":526,"url":"https:\/\/noticiaempauta.com\/portal\/wp-content\/uploads\/2024\/03\/ff5d5f481c108e3bc226d9646fa5d3a1.jpg","type":"image\/jpeg"}],"author":"Reda\u00e7\u00e3o","twitter_card":"summary_large_image","twitter_misc":{"Escrito por":"Reda\u00e7\u00e3o","Est. tempo de leitura":"2 minutos"},"schema":{"@context":"https:\/\/schema.org","@graph":[{"@type":"Article","@id":"https:\/\/noticiaempauta.com\/portal\/prazo-para-vereadores-mudarem-de-partido-inicia-no-dia-7-de-marco\/#article","isPartOf":{"@id":"https:\/\/noticiaempauta.com\/portal\/prazo-para-vereadores-mudarem-de-partido-inicia-no-dia-7-de-marco\/"},"author":{"name":"Reda\u00e7\u00e3o","@id":"https:\/\/noticiaempauta.com\/portal\/#\/schema\/person\/a74af43dd1ab3deca45f988c717d57ac"},"headline":"Prazo para vereadores mudarem de partido inicia no dia 7 de mar\u00e7o","datePublished":"2024-03-01T12:07:39+00:00","dateModified":"2024-03-01T12:07:41+00:00","mainEntityOfPage":{"@id":"https:\/\/noticiaempauta.com\/portal\/prazo-para-vereadores-mudarem-de-partido-inicia-no-dia-7-de-marco\/"},"wordCount":359,"commentCount":0,"publisher":{"@id":"https:\/\/noticiaempauta.com\/portal\/#organization"},"image":{"@id":"https:\/\/noticiaempauta.com\/portal\/prazo-para-vereadores-mudarem-de-partido-inicia-no-dia-7-de-marco\/#primaryimage"},"thumbnailUrl":"https:\/\/noticiaempauta.com\/portal\/wp-content\/uploads\/2024\/03\/ff5d5f481c108e3bc226d9646fa5d3a1.jpg","keywords":["destaqueprincipal"],"articleSection":["Destaques","Geral","Pol\u00edtica","Todas as Not\u00edcias"],"inLanguage":"pt-BR","potentialAction":[{"@type":"CommentAction","name":"Comment","target":["https:\/\/noticiaempauta.com\/portal\/prazo-para-vereadores-mudarem-de-partido-inicia-no-dia-7-de-marco\/#respond"]}]},{"@type":"WebPage","@id":"https:\/\/noticiaempauta.com\/portal\/prazo-para-vereadores-mudarem-de-partido-inicia-no-dia-7-de-marco\/","url":"https:\/\/noticiaempauta.com\/portal\/prazo-para-vereadores-mudarem-de-partido-inicia-no-dia-7-de-marco\/","name":"Prazo para vereadores mudarem de partido inicia no dia 7 de mar\u00e7o - Portal Not\u00edcia em Pauta","isPartOf":{"@id":"https:\/\/noticiaempauta.com\/portal\/#website"},"primaryImageOfPage":{"@id":"https:\/\/noticiaempauta.com\/portal\/prazo-para-vereadores-mudarem-de-partido-inicia-no-dia-7-de-marco\/#primaryimage"},"image":{"@id":"https:\/\/noticiaempauta.com\/portal\/prazo-para-vereadores-mudarem-de-partido-inicia-no-dia-7-de-marco\/#primaryimage"},"thumbnailUrl":"https:\/\/noticiaempauta.com\/portal\/wp-content\/uploads\/2024\/03\/ff5d5f481c108e3bc226d9646fa5d3a1.jpg","datePublished":"2024-03-01T12:07:39+00:00","dateModified":"2024-03-01T12:07:41+00:00","breadcrumb":{"@id":"https:\/\/noticiaempauta.com\/portal\/prazo-para-vereadores-mudarem-de-partido-inicia-no-dia-7-de-marco\/#breadcrumb"},"inLanguage":"pt-BR","potentialAction":[{"@type":"ReadAction","target":["https:\/\/noticiaempauta.com\/portal\/prazo-para-vereadores-mudarem-de-partido-inicia-no-dia-7-de-marco\/"]}]},{"@type":"ImageObject","inLanguage":"pt-BR","@id":"https:\/\/noticiaempauta.com\/portal\/prazo-para-vereadores-mudarem-de-partido-inicia-no-dia-7-de-marco\/#primaryimage","url":"https:\/\/noticiaempauta.com\/portal\/wp-content\/uploads\/2024\/03\/ff5d5f481c108e3bc226d9646fa5d3a1.jpg","contentUrl":"https:\/\/noticiaempauta.com\/portal\/wp-content\/uploads\/2024\/03\/ff5d5f481c108e3bc226d9646fa5d3a1.jpg","width":790,"height":526},{"@type":"BreadcrumbList","@id":"https:\/\/noticiaempauta.com\/portal\/prazo-para-vereadores-mudarem-de-partido-inicia-no-dia-7-de-marco\/#breadcrumb","itemListElement":[{"@type":"ListItem","position":1,"name":"P\u00e1gina Inicial","item":"https:\/\/noticiaempauta.com\/portal\/"},{"@type":"ListItem","position":2,"name":"Destaques","item":"https:\/\/noticiaempauta.com\/portal\/destaques-site\/"},{"@type":"ListItem","position":3,"name":"Prazo para vereadores mudarem de partido inicia no dia 7 de mar\u00e7o"}]},{"@type":"WebSite","@id":"https:\/\/noticiaempauta.com\/portal\/#website","url":"https:\/\/noticiaempauta.com\/portal\/","name":"Portal Not\u00edcia em Pauta","description":"Voc\u00ea bem informado","publisher":{"@id":"https:\/\/noticiaempauta.com\/portal\/#organization"},"potentialAction":[{"@type":"SearchAction","target":{"@type":"EntryPoint","urlTemplate":"https:\/\/noticiaempauta.com\/portal\/?s={search_term_string}"},"query-input":{"@type":"PropertyValueSpecification","valueRequired":true,"valueName":"search_term_string"}}],"inLanguage":"pt-BR"},{"@type":"Organization","@id":"https:\/\/noticiaempauta.com\/portal\/#organization","name":"Portal Not\u00edcia em Pauta","url":"https:\/\/noticiaempauta.com\/portal\/","logo":{"@type":"ImageObject","inLanguage":"pt-BR","@id":"https:\/\/noticiaempauta.com\/portal\/#\/schema\/logo\/image\/","url":"https:\/\/noticiaempauta.com\/portal\/wp-content\/uploads\/2022\/08\/logomarca_tema.fw_.png","contentUrl":"https:\/\/noticiaempauta.com\/portal\/wp-content\/uploads\/2022\/08\/logomarca_tema.fw_.png","width":400,"height":232,"caption":"Portal Not\u00edcia em Pauta"},"image":{"@id":"https:\/\/noticiaempauta.com\/portal\/#\/schema\/logo\/image\/"},"sameAs":["https:\/\/www.facebook.com\/Portal-Notcia-Em-Pauta-102292869264820\/","https:\/\/www.instagram.com\/portalnoticiaempauta\/"]},{"@type":"Person","@id":"https:\/\/noticiaempauta.com\/portal\/#\/schema\/person\/a74af43dd1ab3deca45f988c717d57ac","name":"Reda\u00e7\u00e3o","image":{"@type":"ImageObject","inLanguage":"pt-BR","@id":"https:\/\/noticiaempauta.com\/portal\/#\/schema\/person\/image\/","url":"https:\/\/secure.gravatar.com\/avatar\/03179346ecce6cdfc13361603e8f54242a90e5cde8618fa23c5c00aa2b0aadf3?s=96&d=mm&r=g","contentUrl":"https:\/\/secure.gravatar.com\/avatar\/03179346ecce6cdfc13361603e8f54242a90e5cde8618fa23c5c00aa2b0aadf3?s=96&d=mm&r=g","caption":"Reda\u00e7\u00e3o"},"sameAs":["https:\/\/noticiaempauta.com\/portal\/"],"url":"https:\/\/noticiaempauta.com\/portal\/author\/fernando\/"}]}},"_links":{"self":[{"href":"https:\/\/noticiaempauta.com\/portal\/wp-json\/wp\/v2\/posts\/255291","targetHints":{"allow":["GET"]}}],"collection":[{"href":"https:\/\/noticiaempauta.com\/portal\/wp-json\/wp\/v2\/posts"}],"about":[{"href":"https:\/\/noticiaempauta.com\/portal\/wp-json\/wp\/v2\/types\/post"}],"author":[{"embeddable":true,"href":"https:\/\/noticiaempauta.com\/portal\/wp-json\/wp\/v2\/users\/2"}],"replies":[{"embeddable":true,"href":"https:\/\/noticiaempauta.com\/portal\/wp-json\/wp\/v2\/comments?post=255291"}],"version-history":[{"count":2,"href":"https:\/\/noticiaempauta.com\/portal\/wp-json\/wp\/v2\/posts\/255291\/revisions"}],"predecessor-version":[{"id":255295,"href":"https:\/\/noticiaempauta.com\/portal\/wp-json\/wp\/v2\/posts\/255291\/revisions\/255295"}],"wp:featuredmedia":[{"embeddable":true,"href":"https:\/\/noticiaempauta.com\/portal\/wp-json\/wp\/v2\/media\/255293"}],"wp:attachment":[{"href":"https:\/\/noticiaempauta.com\/portal\/wp-json\/wp\/v2\/media?parent=255291"}],"wp:term":[{"taxonomy":"category","embeddable":true,"href":"https:\/\/noticiaempauta.com\/portal\/wp-json\/wp\/v2\/categories?post=255291"},{"taxonomy":"post_tag","embeddable":true,"href":"https:\/\/noticiaempauta.com\/portal\/wp-json\/wp\/v2\/tags?post=255291"}],"curies":[{"name":"wp","href":"https:\/\/api.w.org\/{rel}","templated":true}]}}