{"id":255296,"date":"2024-03-01T09:13:50","date_gmt":"2024-03-01T12:13:50","guid":{"rendered":"https:\/\/noticiaempauta.com\/portal\/?p=255296"},"modified":"2024-03-01T09:13:51","modified_gmt":"2024-03-01T12:13:51","slug":"estuprada-pelo-avo-crianca-de-11-anos-engravida-em-wall-ferraz","status":"publish","type":"post","link":"https:\/\/noticiaempauta.com\/portal\/estuprada-pelo-avo-crianca-de-11-anos-engravida-em-wall-ferraz\/","title":{"rendered":"Estuprada pelo av\u00f4, crian\u00e7a de 11 anos engravida em Wall Ferraz"},"content":{"rendered":"\n<p>Uma\u00a0crian\u00e7a de 11 anos\u00a0engravidou ap\u00f3s ser\u00a0estuprada pelo pr\u00f3prio av\u00f4,\u00a0de 59 anos, no munic\u00edpio de\u00a0<strong>Wall Ferraz,<\/strong>\u00a0a 329 km de Teresina. A menina est\u00e1\u00a0gr\u00e1vida de 7 meses\u00a0e chegou a ser abusada pelo av\u00f4 quatro vezes ao dia. Ao O Dia, o delegado Luciano Santana informou que o caso est\u00e1 sendo investigado pela Delegacia de Pol\u00edcia Civil de Oeiras.\u00a0<\/p>\n\n\n\n<p>Conforme informa\u00e7\u00f5es<a href=\"https:\/\/portalodia.com\/\" target=\"_blank\" rel=\"noreferrer noopener\">,<\/a>\u00a0os pais da crian\u00e7a procuraram a pol\u00edcia para denunciar o crime. Inicialmente, a menina afirmou ter sido v\u00edtima de abuso por parte de um desconhecido que passava pela rua. Entretanto, durante uma entrevista com o Conselho Tutelar, ela\u00a0revelou que estava sofrendo abuso do av\u00f4,\u00a0com quem morava desde os 4 anos de idade.<\/p>\n\n\n\n<p>Ap\u00f3s o registro do Boletim de Ocorr\u00eancia, a menina foi submetida a exames para verificar a gravidez. O caso ser\u00e1 acompanhado pelo Conselho Tutelar, e\u00a0a crian\u00e7a receber\u00e1 apoio psicol\u00f3gico e assist\u00eancia m\u00e9dica.\u00a0At\u00e9 o momento, o abusador n\u00e3o foi encontrado e est\u00e1 foragido.\u00a0<\/p>\n\n\n\n<figure class=\"wp-block-image size-full\"><img fetchpriority=\"high\" decoding=\"async\" width=\"800\" height=\"531\" src=\"https:\/\/noticiaempauta.com\/portal\/wp-content\/uploads\/2024\/03\/0CBZzmSLkhLzWA5833zLES7SPT7GOwvvZzdaRGkT.webp\" alt=\"\" class=\"wp-image-255298\" srcset=\"https:\/\/noticiaempauta.com\/portal\/wp-content\/uploads\/2024\/03\/0CBZzmSLkhLzWA5833zLES7SPT7GOwvvZzdaRGkT.webp 800w, https:\/\/noticiaempauta.com\/portal\/wp-content\/uploads\/2024\/03\/0CBZzmSLkhLzWA5833zLES7SPT7GOwvvZzdaRGkT-300x199.webp 300w, https:\/\/noticiaempauta.com\/portal\/wp-content\/uploads\/2024\/03\/0CBZzmSLkhLzWA5833zLES7SPT7GOwvvZzdaRGkT-768x510.webp 768w\" sizes=\"(max-width: 800px) 100vw, 800px\" \/><figcaption class=\"wp-element-caption\"><em>Foto: Reprodu\u00e7\u00e3o\/Ilustra\u00e7\u00e3o<\/em><\/figcaption><\/figure>\n\n\n\n<h2 class=\"wp-block-heading\" id=\"h-no-piaui-escolas-vao-ensinar-criancas-a-identificarem-abusos-sexuais\">No Piau\u00ed, escolas v\u00e3o ensinar crian\u00e7as a identificarem abusos sexuais<\/h2>\n\n\n\n<p>Casos de abuso como o dessa crian\u00e7a infelizmente s\u00e3o mais comuns do que se imagina. Por isso, recentemente foi sancionada a\u00a0<a href=\"https:\/\/portalodia.com\/noticias\/piaui\/escolas-ensinarao-criancas-e-adolescentes-a-identificarem-situacoes-de-violencia-e-abuso-sexual-401005.html\" target=\"_blank\" rel=\"noreferrer noopener\">lei n\u00ba 8.173\/23<\/a>, que disp\u00f5e sobre a capacita\u00e7\u00e3o escolar de crian\u00e7as e adolescentes para a\u00a0identifica\u00e7\u00e3o e preven\u00e7\u00e3o de situa\u00e7\u00f5es de viol\u00eancia intrafamiliar e abuso sexual\u00a0no Estado.<\/p>\n\n\n\n<p>Conforme a legisla\u00e7\u00e3o, crian\u00e7as e adolescentes, sejam eles do ensino fundamental e m\u00e9dio, ter\u00e3o acesso a\u00a0aulas de capacita\u00e7\u00e3o\u00a0com conte\u00fado que estimule a conscientiza\u00e7\u00e3o, identifica\u00e7\u00e3o e\u00a0preven\u00e7\u00e3o \u00e0 situa\u00e7\u00e3o de viol\u00eancia e abuso sexual.<\/p>\n\n\n\n<h2 class=\"wp-block-heading\">Denuncie o abuso sexual infantil<\/h2>\n\n\n\n<p>A&nbsp;<strong>viol\u00eancia sexual infantil&nbsp;<\/strong>\u00e9 uma realidade no Brasil. A cada hora, mais de duas crian\u00e7as sofrem algum tipo de viola\u00e7\u00e3o. No entanto,&nbsp;<strong>muitos casos ainda n\u00e3o s\u00e3o denunciados.<\/strong><\/p>\n\n\n\n<p>\u00c9 importante que as pessoas denunciem para interromper a viol\u00eancia, proteger as crian\u00e7as e os adolescentes e garantir uma plena assist\u00eancia m\u00e9dica e psicol\u00f3gica. Confira onde realizar a den\u00fancia:<\/p>\n\n\n\n<ul class=\"wp-block-list\">\n<li><strong>Disque 100<\/strong><\/li>\n<\/ul>\n\n\n\n<p>O Disque Direitos Humanos \u00e9 um servi\u00e7o de dissemina\u00e7\u00e3o de informa\u00e7\u00f5es sobre direitos de grupos vulner\u00e1veis e de den\u00fancias de viola\u00e7\u00f5es de direitos humanos. O servi\u00e7o funciona diariamente, 24 horas por dia.<\/p>\n\n\n\n<ul class=\"wp-block-list\">\n<li><strong>Ligue 180<\/strong><\/li>\n<\/ul>\n\n\n\n<p>O Ligue 180 \u00e9 um servi\u00e7o de utilidade p\u00fablica essencial para o enfrentamento \u00e0 viol\u00eancia contra a mulher.<\/p>\n\n\n\n<ul class=\"wp-block-list\">\n<li><strong>Conselho Tutelar<\/strong><\/li>\n<\/ul>\n\n\n\n<p>O Conselho Tutelar \u00e9 um \u00f3rg\u00e3o administrativo municipal, aut\u00f4nomo, respons\u00e1vel pelo atendimento de crian\u00e7as amea\u00e7adas ou violadas em seus direitos.<\/p>\n\n\n\n<ul class=\"wp-block-list\">\n<li><strong>SAMVVIS<\/strong><\/li>\n<\/ul>\n\n\n\n<p>Servi\u00e7o de Atendimento \u00e0s V\u00edtimas de Viol\u00eancia Sexual: (86) 3228-1053.<\/p>\n\n\n\n<ul class=\"wp-block-list\">\n<li><strong>Delegacias Especializadas<\/strong><\/li>\n<\/ul>\n\n\n\n<p>Delegacia de Flagrante de G\u00eanero: Rua Coelho de Resende, S\/N, Centro\/Sul, Teresina-PI. Telefones: (86) 3216-5038\/ (86) 3216-5042<\/p>\n\n\n\n<p>Delegacia de Prote\u00e7\u00e3o \u00e0 Crian\u00e7a e ao Adolescente (DPCA):\u00a0R. Dr. Otto Tito, 327-401 &#8211; Reden\u00e7\u00e3o, Teresina.<\/p>\n\n\n\n<p><em>Fonte: Portal O Dia<\/em><\/p>\n","protected":false},"excerpt":{"rendered":"<p>Uma\u00a0crian\u00e7a de 11 anos\u00a0engravidou ap\u00f3s ser\u00a0estuprada pelo pr\u00f3prio av\u00f4,\u00a0de 59 anos, no munic\u00edpio de\u00a0Wall Ferraz,\u00a0a 329 km de Teresina. A menina est\u00e1\u00a0gr\u00e1vida de 7 meses\u00a0e chegou a ser abusada pelo av\u00f4 quatro vezes ao dia. Ao O Dia, o delegado Luciano Santana informou que o caso est\u00e1 sendo investigado pela Delegacia de Pol\u00edcia Civil de [&hellip;]<\/p>\n","protected":false},"author":2,"featured_media":255298,"comment_status":"open","ping_status":"open","sticky":false,"template":"","format":"standard","meta":{"_mi_skip_tracking":false,"footnotes":""},"categories":[25,9,137],"tags":[192],"class_list":["post-255296","post","type-post","status-publish","format-standard","has-post-thumbnail","hentry","category-destaques-site","category-municipios","category-policia","tag-destaqueprincipal"],"acf":[],"yoast_head":"<!-- This site is optimized with the Yoast SEO Premium plugin v19.2 (Yoast SEO v26.9) - https:\/\/yoast.com\/product\/yoast-seo-premium-wordpress\/ -->\n<title>Estuprada pelo av\u00f4, crian\u00e7a de 11 anos engravida em Wall Ferraz - Portal Not\u00edcia em Pauta<\/title>\n<meta name=\"robots\" content=\"index, follow, max-snippet:-1, max-image-preview:large, max-video-preview:-1\" \/>\n<link rel=\"canonical\" href=\"https:\/\/noticiaempauta.com\/portal\/estuprada-pelo-avo-crianca-de-11-anos-engravida-em-wall-ferraz\/\" \/>\n<meta property=\"og:locale\" content=\"pt_BR\" \/>\n<meta property=\"og:type\" content=\"article\" \/>\n<meta property=\"og:title\" content=\"Estuprada pelo av\u00f4, crian\u00e7a de 11 anos engravida em Wall Ferraz\" \/>\n<meta property=\"og:description\" content=\"Uma\u00a0crian\u00e7a de 11 anos\u00a0engravidou ap\u00f3s ser\u00a0estuprada pelo pr\u00f3prio av\u00f4,\u00a0de 59 anos, no munic\u00edpio de\u00a0Wall Ferraz,\u00a0a 329 km de Teresina. A menina est\u00e1\u00a0gr\u00e1vida de 7 meses\u00a0e chegou a ser abusada pelo av\u00f4 quatro vezes ao dia. Ao O Dia, o delegado Luciano Santana informou que o caso est\u00e1 sendo investigado pela Delegacia de Pol\u00edcia Civil de [&hellip;]\" \/>\n<meta property=\"og:url\" content=\"https:\/\/noticiaempauta.com\/portal\/estuprada-pelo-avo-crianca-de-11-anos-engravida-em-wall-ferraz\/\" \/>\n<meta property=\"og:site_name\" content=\"Portal Not\u00edcia em Pauta\" \/>\n<meta property=\"article:publisher\" content=\"https:\/\/www.facebook.com\/Portal-Notcia-Em-Pauta-102292869264820\/\" \/>\n<meta property=\"article:published_time\" content=\"2024-03-01T12:13:50+00:00\" \/>\n<meta property=\"article:modified_time\" content=\"2024-03-01T12:13:51+00:00\" \/>\n<meta property=\"og:image\" content=\"https:\/\/noticiaempauta.com\/portal\/wp-content\/uploads\/2024\/03\/0CBZzmSLkhLzWA5833zLES7SPT7GOwvvZzdaRGkT.webp\" \/>\n\t<meta property=\"og:image:width\" content=\"800\" \/>\n\t<meta property=\"og:image:height\" content=\"531\" \/>\n\t<meta property=\"og:image:type\" content=\"image\/webp\" \/>\n<meta name=\"author\" content=\"Reda\u00e7\u00e3o\" \/>\n<meta name=\"twitter:card\" content=\"summary_large_image\" \/>\n<meta name=\"twitter:label1\" content=\"Escrito por\" \/>\n\t<meta name=\"twitter:data1\" content=\"Reda\u00e7\u00e3o\" \/>\n\t<meta name=\"twitter:label2\" content=\"Est. tempo de leitura\" \/>\n\t<meta name=\"twitter:data2\" content=\"3 minutos\" \/>\n<script type=\"application\/ld+json\" class=\"yoast-schema-graph\">{\"@context\":\"https:\/\/schema.org\",\"@graph\":[{\"@type\":\"Article\",\"@id\":\"https:\/\/noticiaempauta.com\/portal\/estuprada-pelo-avo-crianca-de-11-anos-engravida-em-wall-ferraz\/#article\",\"isPartOf\":{\"@id\":\"https:\/\/noticiaempauta.com\/portal\/estuprada-pelo-avo-crianca-de-11-anos-engravida-em-wall-ferraz\/\"},\"author\":{\"name\":\"Reda\u00e7\u00e3o\",\"@id\":\"https:\/\/noticiaempauta.com\/portal\/#\/schema\/person\/a74af43dd1ab3deca45f988c717d57ac\"},\"headline\":\"Estuprada pelo av\u00f4, crian\u00e7a de 11 anos engravida em Wall Ferraz\",\"datePublished\":\"2024-03-01T12:13:50+00:00\",\"dateModified\":\"2024-03-01T12:13:51+00:00\",\"mainEntityOfPage\":{\"@id\":\"https:\/\/noticiaempauta.com\/portal\/estuprada-pelo-avo-crianca-de-11-anos-engravida-em-wall-ferraz\/\"},\"wordCount\":520,\"commentCount\":0,\"publisher\":{\"@id\":\"https:\/\/noticiaempauta.com\/portal\/#organization\"},\"image\":{\"@id\":\"https:\/\/noticiaempauta.com\/portal\/estuprada-pelo-avo-crianca-de-11-anos-engravida-em-wall-ferraz\/#primaryimage\"},\"thumbnailUrl\":\"https:\/\/noticiaempauta.com\/portal\/wp-content\/uploads\/2024\/03\/0CBZzmSLkhLzWA5833zLES7SPT7GOwvvZzdaRGkT.webp\",\"keywords\":[\"destaqueprincipal\"],\"articleSection\":[\"Destaques\",\"Munic\u00edpios\",\"Pol\u00edcia\"],\"inLanguage\":\"pt-BR\",\"potentialAction\":[{\"@type\":\"CommentAction\",\"name\":\"Comment\",\"target\":[\"https:\/\/noticiaempauta.com\/portal\/estuprada-pelo-avo-crianca-de-11-anos-engravida-em-wall-ferraz\/#respond\"]}]},{\"@type\":\"WebPage\",\"@id\":\"https:\/\/noticiaempauta.com\/portal\/estuprada-pelo-avo-crianca-de-11-anos-engravida-em-wall-ferraz\/\",\"url\":\"https:\/\/noticiaempauta.com\/portal\/estuprada-pelo-avo-crianca-de-11-anos-engravida-em-wall-ferraz\/\",\"name\":\"Estuprada pelo av\u00f4, crian\u00e7a de 11 anos engravida em Wall Ferraz - Portal Not\u00edcia em Pauta\",\"isPartOf\":{\"@id\":\"https:\/\/noticiaempauta.com\/portal\/#website\"},\"primaryImageOfPage\":{\"@id\":\"https:\/\/noticiaempauta.com\/portal\/estuprada-pelo-avo-crianca-de-11-anos-engravida-em-wall-ferraz\/#primaryimage\"},\"image\":{\"@id\":\"https:\/\/noticiaempauta.com\/portal\/estuprada-pelo-avo-crianca-de-11-anos-engravida-em-wall-ferraz\/#primaryimage\"},\"thumbnailUrl\":\"https:\/\/noticiaempauta.com\/portal\/wp-content\/uploads\/2024\/03\/0CBZzmSLkhLzWA5833zLES7SPT7GOwvvZzdaRGkT.webp\",\"datePublished\":\"2024-03-01T12:13:50+00:00\",\"dateModified\":\"2024-03-01T12:13:51+00:00\",\"breadcrumb\":{\"@id\":\"https:\/\/noticiaempauta.com\/portal\/estuprada-pelo-avo-crianca-de-11-anos-engravida-em-wall-ferraz\/#breadcrumb\"},\"inLanguage\":\"pt-BR\",\"potentialAction\":[{\"@type\":\"ReadAction\",\"target\":[\"https:\/\/noticiaempauta.com\/portal\/estuprada-pelo-avo-crianca-de-11-anos-engravida-em-wall-ferraz\/\"]}]},{\"@type\":\"ImageObject\",\"inLanguage\":\"pt-BR\",\"@id\":\"https:\/\/noticiaempauta.com\/portal\/estuprada-pelo-avo-crianca-de-11-anos-engravida-em-wall-ferraz\/#primaryimage\",\"url\":\"https:\/\/noticiaempauta.com\/portal\/wp-content\/uploads\/2024\/03\/0CBZzmSLkhLzWA5833zLES7SPT7GOwvvZzdaRGkT.webp\",\"contentUrl\":\"https:\/\/noticiaempauta.com\/portal\/wp-content\/uploads\/2024\/03\/0CBZzmSLkhLzWA5833zLES7SPT7GOwvvZzdaRGkT.webp\",\"width\":800,\"height\":531},{\"@type\":\"BreadcrumbList\",\"@id\":\"https:\/\/noticiaempauta.com\/portal\/estuprada-pelo-avo-crianca-de-11-anos-engravida-em-wall-ferraz\/#breadcrumb\",\"itemListElement\":[{\"@type\":\"ListItem\",\"position\":1,\"name\":\"P\u00e1gina Inicial\",\"item\":\"https:\/\/noticiaempauta.com\/portal\/\"},{\"@type\":\"ListItem\",\"position\":2,\"name\":\"Destaques\",\"item\":\"https:\/\/noticiaempauta.com\/portal\/destaques-site\/\"},{\"@type\":\"ListItem\",\"position\":3,\"name\":\"Estuprada pelo av\u00f4, crian\u00e7a de 11 anos engravida em Wall Ferraz\"}]},{\"@type\":\"WebSite\",\"@id\":\"https:\/\/noticiaempauta.com\/portal\/#website\",\"url\":\"https:\/\/noticiaempauta.com\/portal\/\",\"name\":\"Portal Not\u00edcia em Pauta\",\"description\":\"Voc\u00ea bem informado\",\"publisher\":{\"@id\":\"https:\/\/noticiaempauta.com\/portal\/#organization\"},\"potentialAction\":[{\"@type\":\"SearchAction\",\"target\":{\"@type\":\"EntryPoint\",\"urlTemplate\":\"https:\/\/noticiaempauta.com\/portal\/?s={search_term_string}\"},\"query-input\":{\"@type\":\"PropertyValueSpecification\",\"valueRequired\":true,\"valueName\":\"search_term_string\"}}],\"inLanguage\":\"pt-BR\"},{\"@type\":\"Organization\",\"@id\":\"https:\/\/noticiaempauta.com\/portal\/#organization\",\"name\":\"Portal Not\u00edcia em Pauta\",\"url\":\"https:\/\/noticiaempauta.com\/portal\/\",\"logo\":{\"@type\":\"ImageObject\",\"inLanguage\":\"pt-BR\",\"@id\":\"https:\/\/noticiaempauta.com\/portal\/#\/schema\/logo\/image\/\",\"url\":\"https:\/\/noticiaempauta.com\/portal\/wp-content\/uploads\/2022\/08\/logomarca_tema.fw_.png\",\"contentUrl\":\"https:\/\/noticiaempauta.com\/portal\/wp-content\/uploads\/2022\/08\/logomarca_tema.fw_.png\",\"width\":400,\"height\":232,\"caption\":\"Portal Not\u00edcia em Pauta\"},\"image\":{\"@id\":\"https:\/\/noticiaempauta.com\/portal\/#\/schema\/logo\/image\/\"},\"sameAs\":[\"https:\/\/www.facebook.com\/Portal-Notcia-Em-Pauta-102292869264820\/\",\"https:\/\/www.instagram.com\/portalnoticiaempauta\/\"]},{\"@type\":\"Person\",\"@id\":\"https:\/\/noticiaempauta.com\/portal\/#\/schema\/person\/a74af43dd1ab3deca45f988c717d57ac\",\"name\":\"Reda\u00e7\u00e3o\",\"image\":{\"@type\":\"ImageObject\",\"inLanguage\":\"pt-BR\",\"@id\":\"https:\/\/noticiaempauta.com\/portal\/#\/schema\/person\/image\/\",\"url\":\"https:\/\/secure.gravatar.com\/avatar\/03179346ecce6cdfc13361603e8f54242a90e5cde8618fa23c5c00aa2b0aadf3?s=96&d=mm&r=g\",\"contentUrl\":\"https:\/\/secure.gravatar.com\/avatar\/03179346ecce6cdfc13361603e8f54242a90e5cde8618fa23c5c00aa2b0aadf3?s=96&d=mm&r=g\",\"caption\":\"Reda\u00e7\u00e3o\"},\"sameAs\":[\"https:\/\/noticiaempauta.com\/portal\/\"],\"url\":\"https:\/\/noticiaempauta.com\/portal\/author\/fernando\/\"}]}<\/script>\n<!-- \/ Yoast SEO Premium plugin. -->","yoast_head_json":{"title":"Estuprada pelo av\u00f4, crian\u00e7a de 11 anos engravida em Wall Ferraz - Portal Not\u00edcia em Pauta","robots":{"index":"index","follow":"follow","max-snippet":"max-snippet:-1","max-image-preview":"max-image-preview:large","max-video-preview":"max-video-preview:-1"},"canonical":"https:\/\/noticiaempauta.com\/portal\/estuprada-pelo-avo-crianca-de-11-anos-engravida-em-wall-ferraz\/","og_locale":"pt_BR","og_type":"article","og_title":"Estuprada pelo av\u00f4, crian\u00e7a de 11 anos engravida em Wall Ferraz","og_description":"Uma\u00a0crian\u00e7a de 11 anos\u00a0engravidou ap\u00f3s ser\u00a0estuprada pelo pr\u00f3prio av\u00f4,\u00a0de 59 anos, no munic\u00edpio de\u00a0Wall Ferraz,\u00a0a 329 km de Teresina. A menina est\u00e1\u00a0gr\u00e1vida de 7 meses\u00a0e chegou a ser abusada pelo av\u00f4 quatro vezes ao dia. Ao O Dia, o delegado Luciano Santana informou que o caso est\u00e1 sendo investigado pela Delegacia de Pol\u00edcia Civil de [&hellip;]","og_url":"https:\/\/noticiaempauta.com\/portal\/estuprada-pelo-avo-crianca-de-11-anos-engravida-em-wall-ferraz\/","og_site_name":"Portal Not\u00edcia em Pauta","article_publisher":"https:\/\/www.facebook.com\/Portal-Notcia-Em-Pauta-102292869264820\/","article_published_time":"2024-03-01T12:13:50+00:00","article_modified_time":"2024-03-01T12:13:51+00:00","og_image":[{"width":800,"height":531,"url":"https:\/\/noticiaempauta.com\/portal\/wp-content\/uploads\/2024\/03\/0CBZzmSLkhLzWA5833zLES7SPT7GOwvvZzdaRGkT.webp","type":"image\/webp"}],"author":"Reda\u00e7\u00e3o","twitter_card":"summary_large_image","twitter_misc":{"Escrito por":"Reda\u00e7\u00e3o","Est. tempo de leitura":"3 minutos"},"schema":{"@context":"https:\/\/schema.org","@graph":[{"@type":"Article","@id":"https:\/\/noticiaempauta.com\/portal\/estuprada-pelo-avo-crianca-de-11-anos-engravida-em-wall-ferraz\/#article","isPartOf":{"@id":"https:\/\/noticiaempauta.com\/portal\/estuprada-pelo-avo-crianca-de-11-anos-engravida-em-wall-ferraz\/"},"author":{"name":"Reda\u00e7\u00e3o","@id":"https:\/\/noticiaempauta.com\/portal\/#\/schema\/person\/a74af43dd1ab3deca45f988c717d57ac"},"headline":"Estuprada pelo av\u00f4, crian\u00e7a de 11 anos engravida em Wall Ferraz","datePublished":"2024-03-01T12:13:50+00:00","dateModified":"2024-03-01T12:13:51+00:00","mainEntityOfPage":{"@id":"https:\/\/noticiaempauta.com\/portal\/estuprada-pelo-avo-crianca-de-11-anos-engravida-em-wall-ferraz\/"},"wordCount":520,"commentCount":0,"publisher":{"@id":"https:\/\/noticiaempauta.com\/portal\/#organization"},"image":{"@id":"https:\/\/noticiaempauta.com\/portal\/estuprada-pelo-avo-crianca-de-11-anos-engravida-em-wall-ferraz\/#primaryimage"},"thumbnailUrl":"https:\/\/noticiaempauta.com\/portal\/wp-content\/uploads\/2024\/03\/0CBZzmSLkhLzWA5833zLES7SPT7GOwvvZzdaRGkT.webp","keywords":["destaqueprincipal"],"articleSection":["Destaques","Munic\u00edpios","Pol\u00edcia"],"inLanguage":"pt-BR","potentialAction":[{"@type":"CommentAction","name":"Comment","target":["https:\/\/noticiaempauta.com\/portal\/estuprada-pelo-avo-crianca-de-11-anos-engravida-em-wall-ferraz\/#respond"]}]},{"@type":"WebPage","@id":"https:\/\/noticiaempauta.com\/portal\/estuprada-pelo-avo-crianca-de-11-anos-engravida-em-wall-ferraz\/","url":"https:\/\/noticiaempauta.com\/portal\/estuprada-pelo-avo-crianca-de-11-anos-engravida-em-wall-ferraz\/","name":"Estuprada pelo av\u00f4, crian\u00e7a de 11 anos engravida em Wall Ferraz - Portal Not\u00edcia em Pauta","isPartOf":{"@id":"https:\/\/noticiaempauta.com\/portal\/#website"},"primaryImageOfPage":{"@id":"https:\/\/noticiaempauta.com\/portal\/estuprada-pelo-avo-crianca-de-11-anos-engravida-em-wall-ferraz\/#primaryimage"},"image":{"@id":"https:\/\/noticiaempauta.com\/portal\/estuprada-pelo-avo-crianca-de-11-anos-engravida-em-wall-ferraz\/#primaryimage"},"thumbnailUrl":"https:\/\/noticiaempauta.com\/portal\/wp-content\/uploads\/2024\/03\/0CBZzmSLkhLzWA5833zLES7SPT7GOwvvZzdaRGkT.webp","datePublished":"2024-03-01T12:13:50+00:00","dateModified":"2024-03-01T12:13:51+00:00","breadcrumb":{"@id":"https:\/\/noticiaempauta.com\/portal\/estuprada-pelo-avo-crianca-de-11-anos-engravida-em-wall-ferraz\/#breadcrumb"},"inLanguage":"pt-BR","potentialAction":[{"@type":"ReadAction","target":["https:\/\/noticiaempauta.com\/portal\/estuprada-pelo-avo-crianca-de-11-anos-engravida-em-wall-ferraz\/"]}]},{"@type":"ImageObject","inLanguage":"pt-BR","@id":"https:\/\/noticiaempauta.com\/portal\/estuprada-pelo-avo-crianca-de-11-anos-engravida-em-wall-ferraz\/#primaryimage","url":"https:\/\/noticiaempauta.com\/portal\/wp-content\/uploads\/2024\/03\/0CBZzmSLkhLzWA5833zLES7SPT7GOwvvZzdaRGkT.webp","contentUrl":"https:\/\/noticiaempauta.com\/portal\/wp-content\/uploads\/2024\/03\/0CBZzmSLkhLzWA5833zLES7SPT7GOwvvZzdaRGkT.webp","width":800,"height":531},{"@type":"BreadcrumbList","@id":"https:\/\/noticiaempauta.com\/portal\/estuprada-pelo-avo-crianca-de-11-anos-engravida-em-wall-ferraz\/#breadcrumb","itemListElement":[{"@type":"ListItem","position":1,"name":"P\u00e1gina Inicial","item":"https:\/\/noticiaempauta.com\/portal\/"},{"@type":"ListItem","position":2,"name":"Destaques","item":"https:\/\/noticiaempauta.com\/portal\/destaques-site\/"},{"@type":"ListItem","position":3,"name":"Estuprada pelo av\u00f4, crian\u00e7a de 11 anos engravida em Wall Ferraz"}]},{"@type":"WebSite","@id":"https:\/\/noticiaempauta.com\/portal\/#website","url":"https:\/\/noticiaempauta.com\/portal\/","name":"Portal Not\u00edcia em Pauta","description":"Voc\u00ea bem informado","publisher":{"@id":"https:\/\/noticiaempauta.com\/portal\/#organization"},"potentialAction":[{"@type":"SearchAction","target":{"@type":"EntryPoint","urlTemplate":"https:\/\/noticiaempauta.com\/portal\/?s={search_term_string}"},"query-input":{"@type":"PropertyValueSpecification","valueRequired":true,"valueName":"search_term_string"}}],"inLanguage":"pt-BR"},{"@type":"Organization","@id":"https:\/\/noticiaempauta.com\/portal\/#organization","name":"Portal Not\u00edcia em Pauta","url":"https:\/\/noticiaempauta.com\/portal\/","logo":{"@type":"ImageObject","inLanguage":"pt-BR","@id":"https:\/\/noticiaempauta.com\/portal\/#\/schema\/logo\/image\/","url":"https:\/\/noticiaempauta.com\/portal\/wp-content\/uploads\/2022\/08\/logomarca_tema.fw_.png","contentUrl":"https:\/\/noticiaempauta.com\/portal\/wp-content\/uploads\/2022\/08\/logomarca_tema.fw_.png","width":400,"height":232,"caption":"Portal Not\u00edcia em Pauta"},"image":{"@id":"https:\/\/noticiaempauta.com\/portal\/#\/schema\/logo\/image\/"},"sameAs":["https:\/\/www.facebook.com\/Portal-Notcia-Em-Pauta-102292869264820\/","https:\/\/www.instagram.com\/portalnoticiaempauta\/"]},{"@type":"Person","@id":"https:\/\/noticiaempauta.com\/portal\/#\/schema\/person\/a74af43dd1ab3deca45f988c717d57ac","name":"Reda\u00e7\u00e3o","image":{"@type":"ImageObject","inLanguage":"pt-BR","@id":"https:\/\/noticiaempauta.com\/portal\/#\/schema\/person\/image\/","url":"https:\/\/secure.gravatar.com\/avatar\/03179346ecce6cdfc13361603e8f54242a90e5cde8618fa23c5c00aa2b0aadf3?s=96&d=mm&r=g","contentUrl":"https:\/\/secure.gravatar.com\/avatar\/03179346ecce6cdfc13361603e8f54242a90e5cde8618fa23c5c00aa2b0aadf3?s=96&d=mm&r=g","caption":"Reda\u00e7\u00e3o"},"sameAs":["https:\/\/noticiaempauta.com\/portal\/"],"url":"https:\/\/noticiaempauta.com\/portal\/author\/fernando\/"}]}},"_links":{"self":[{"href":"https:\/\/noticiaempauta.com\/portal\/wp-json\/wp\/v2\/posts\/255296","targetHints":{"allow":["GET"]}}],"collection":[{"href":"https:\/\/noticiaempauta.com\/portal\/wp-json\/wp\/v2\/posts"}],"about":[{"href":"https:\/\/noticiaempauta.com\/portal\/wp-json\/wp\/v2\/types\/post"}],"author":[{"embeddable":true,"href":"https:\/\/noticiaempauta.com\/portal\/wp-json\/wp\/v2\/users\/2"}],"replies":[{"embeddable":true,"href":"https:\/\/noticiaempauta.com\/portal\/wp-json\/wp\/v2\/comments?post=255296"}],"version-history":[{"count":2,"href":"https:\/\/noticiaempauta.com\/portal\/wp-json\/wp\/v2\/posts\/255296\/revisions"}],"predecessor-version":[{"id":255300,"href":"https:\/\/noticiaempauta.com\/portal\/wp-json\/wp\/v2\/posts\/255296\/revisions\/255300"}],"wp:featuredmedia":[{"embeddable":true,"href":"https:\/\/noticiaempauta.com\/portal\/wp-json\/wp\/v2\/media\/255298"}],"wp:attachment":[{"href":"https:\/\/noticiaempauta.com\/portal\/wp-json\/wp\/v2\/media?parent=255296"}],"wp:term":[{"taxonomy":"category","embeddable":true,"href":"https:\/\/noticiaempauta.com\/portal\/wp-json\/wp\/v2\/categories?post=255296"},{"taxonomy":"post_tag","embeddable":true,"href":"https:\/\/noticiaempauta.com\/portal\/wp-json\/wp\/v2\/tags?post=255296"}],"curies":[{"name":"wp","href":"https:\/\/api.w.org\/{rel}","templated":true}]}}