{"id":255301,"date":"2024-03-01T09:27:43","date_gmt":"2024-03-01T12:27:43","guid":{"rendered":"https:\/\/noticiaempauta.com\/portal\/?p=255301"},"modified":"2024-03-01T09:27:45","modified_gmt":"2024-03-01T12:27:45","slug":"piaui-sustentavel-e-inclusivo-levara-acoes-a-23-municipios-do-territorio-vale-do-rio-guaribas","status":"publish","type":"post","link":"https:\/\/noticiaempauta.com\/portal\/piaui-sustentavel-e-inclusivo-levara-acoes-a-23-municipios-do-territorio-vale-do-rio-guaribas\/","title":{"rendered":"Piau\u00ed Sustent\u00e1vel e Inclusivo levar\u00e1 a\u00e7\u00f5es a 23 munic\u00edpios do Territ\u00f3rio Vale do Rio Guaribas"},"content":{"rendered":"\n<p>O Projeto Piau\u00ed Sustent\u00e1vel e Inclusivo (PSI) est\u00e1 em fase de apresenta\u00e7\u00e3o e divulga\u00e7\u00e3o para agricultores familiares, representantes de movimentos sociais e entidades do setor p\u00fablico. Nessa quinta-feira (29), a iniciativa foi apresentada no munic\u00edpio de Picos a representantes dos 23 munic\u00edpios do Territ\u00f3rio do Vale do Rio Guaribas.<\/p>\n\n\n\n<figure class=\"wp-block-image size-full\"><img fetchpriority=\"high\" decoding=\"async\" width=\"778\" height=\"520\" src=\"https:\/\/noticiaempauta.com\/portal\/wp-content\/uploads\/2024\/03\/FA-IMG-090f284f21a81d4ecca4.jpg\" alt=\"\" class=\"wp-image-255303\" srcset=\"https:\/\/noticiaempauta.com\/portal\/wp-content\/uploads\/2024\/03\/FA-IMG-090f284f21a81d4ecca4.jpg 778w, https:\/\/noticiaempauta.com\/portal\/wp-content\/uploads\/2024\/03\/FA-IMG-090f284f21a81d4ecca4-300x201.jpg 300w, https:\/\/noticiaempauta.com\/portal\/wp-content\/uploads\/2024\/03\/FA-IMG-090f284f21a81d4ecca4-768x513.jpg 768w\" sizes=\"(max-width: 778px) 100vw, 778px\" \/><\/figure>\n\n\n\n<p>O PSI leva a\u00e7\u00f5es para melhorar a qualidade de vida e a produtividade da agricultura familiar nos sete territ\u00f3rios que compreendem o semi\u00e1rido piauiense. Em todos eles, obras de seguran\u00e7a h\u00eddrica e saneamento rural, planos de adapta\u00e7\u00e3o produtiva, e a\u00e7\u00f5es de capacita\u00e7\u00e3o, dentre outros, ser\u00e3o desenvolvidas pelo projeto.<\/p>\n\n\n\n<p>O programa \u00e9 coordenado pela Secretaria do Planejamento (Seplan) e executado pelas Secretarias da Agricultura Familiar (SAF) e do Meio Ambiente e Recursos H\u00eddricos (Semarh) e pelo Instituto de Terras do Piau\u00ed (Interpi).<\/p>\n\n\n\n<p>Um dos principais componentes do projeto \u00e9 a adapta\u00e7\u00e3o produtiva olhando para os impactos das mudan\u00e7as clim\u00e1ticas. Para o superintendente de Projetos Territoriais da SAF, Jairo Chagas J\u00fanior, a discuss\u00e3o \u00e9 importante sobretudo na regi\u00e3o do semi\u00e1rido, onde muitas fam\u00edlias ainda vivem sem acesso \u00e0 \u00e1gua.<\/p>\n\n\n\n<p>\u201c\u00c9 um projeto que tem um enfoque ambiental muito grande tendo em vista todas essas mudan\u00e7as que v\u00eam ocorrendo no clima nos \u00faltimos anos e que impactam a vida das pessoas que est\u00e3o no semi\u00e1rido piauiense\u201d, cita o gestor.<br><br>Para a diretora estadual do Movimento dos Pequenos Agricultores (MPA), Francisca Silva, o projeto vai ser importante por conta da prioriza\u00e7\u00e3o de a\u00e7\u00f5es que facilitem o acesso \u00e0 \u00e1gua para agricultores familiares.<\/p>\n\n\n\n<p>\u201cA gente vive um momento bem cr\u00edtico que \u00e9 o debate das mudan\u00e7as clim\u00e1ticas e a gente sente muito isso, principalmente nessa regi\u00e3o porque a gente est\u00e1 em uma regi\u00e3o semi\u00e1rida, ent\u00e3o a quest\u00e3o da \u00e1gua \u00e9 fundamental a gente discutir, mas tamb\u00e9m as mudan\u00e7as clim\u00e1ticas que a agricultura familiar tamb\u00e9m j\u00e1 sente\u201d, disse Francisca Silva.<\/p>\n\n\n\n<p>Quem tamb\u00e9m participou do evento foi o agricultor Ant\u00f4nio Marto, da Comunidade Quilombola Alto da Boa Vista, que fica em S\u00e3o Jos\u00e9 do Piau\u00ed. Ele citou as a\u00e7\u00f5es da SAF que j\u00e1 v\u00eam beneficiando a comunidade, e que espera um aprimoramento com o PSI.<\/p>\n\n\n\n<p>\u201cN\u00f3s conseguimos equipar um po\u00e7o que j\u00e1 estava cavado, projeto de reutiliza\u00e7\u00e3o de \u00e1gua e outras coisas que conseguimos por meio do programa Viva o Semi\u00e1rido, ent\u00e3o hoje o Alto da Boa Vista est\u00e1 totalmente diferente. N\u00f3s conseguimos equipar o po\u00e7o, todo dia n\u00f3s temos \u00e1gua, al\u00e9m disso, colocamos energia solar no po\u00e7o que traz um benef\u00edcio muito grande\u201d, comemorou o agricultor.<br><br><strong>PSI &#8211; Piau\u00ed Sustent\u00e1vel e Inclusivo<\/strong><\/p>\n\n\n\n<p>O projeto \u00e9 estruturado em tr\u00eas componentes principais, al\u00e9m da gest\u00e3o de projetos e monitoramento. O primeiro componente foca em seguran\u00e7a h\u00eddrica e saneamento rural, visando aumentar a disponibilidade de \u00e1gua e melhorar o saneamento b\u00e1sico rural.<\/p>\n\n\n\n<p>O segundo componente concentra-se em adapta\u00e7\u00e3o \u00e0s mudan\u00e7as clim\u00e1ticas e recupera\u00e7\u00e3o ambiental, promovendo planos de adapta\u00e7\u00e3o produtiva, transfer\u00eancia de tecnologias e fortalecimento de cooperativas.<\/p>\n\n\n\n<p>O terceiro componente abrange capacita\u00e7\u00e3o, estudos t\u00e9cnicos e ambientais, al\u00e9m de experi\u00eancias-piloto para inova\u00e7\u00e3o tecnol\u00f3gica em \u00e1reas rurais, visando fortalecer as capacidades no estado com treinamentos, promo\u00e7\u00e3o de interc\u00e2mbios, gest\u00e3o do conhecimento e o monitoramento do projeto.<\/p>\n\n\n\n<p>Atualmente, o projeto est\u00e1 em fase de divulga\u00e7\u00e3o nos territ\u00f3rios. J\u00e1 ocorreram os lan\u00e7amentos nos Territ\u00f3rios Serra da Capivara, Vale dos Rios Piau\u00ed e Itaueira e Vale do Rio Itaim. Os pr\u00f3ximos ser\u00e3o no Vale do Canind\u00e9, em Oeiras; no Vale do Sambito, em Valen\u00e7a do Piau\u00ed; e no Entre Rios, em Amarante.<\/p>\n\n\n\n<p><em>Fonte: Governo do Piau\u00ed<\/em><\/p>\n","protected":false},"excerpt":{"rendered":"<p>O Projeto Piau\u00ed Sustent\u00e1vel e Inclusivo (PSI) est\u00e1 em fase de apresenta\u00e7\u00e3o e divulga\u00e7\u00e3o para agricultores familiares, representantes de movimentos sociais e entidades do setor p\u00fablico. Nessa quinta-feira (29), a iniciativa foi apresentada no munic\u00edpio de Picos a representantes dos 23 munic\u00edpios do Territ\u00f3rio do Vale do Rio Guaribas. O PSI leva a\u00e7\u00f5es para melhorar [&hellip;]<\/p>\n","protected":false},"author":2,"featured_media":255303,"comment_status":"open","ping_status":"open","sticky":false,"template":"","format":"standard","meta":{"_mi_skip_tracking":false,"footnotes":""},"categories":[25,1,9,16],"tags":[192],"class_list":["post-255301","post","type-post","status-publish","format-standard","has-post-thumbnail","hentry","category-destaques-site","category-geral","category-municipios","category-todas","tag-destaqueprincipal"],"acf":[],"yoast_head":"<!-- This site is optimized with the Yoast SEO Premium plugin v19.2 (Yoast SEO v26.9) - https:\/\/yoast.com\/product\/yoast-seo-premium-wordpress\/ -->\n<title>Piau\u00ed Sustent\u00e1vel e Inclusivo levar\u00e1 a\u00e7\u00f5es a 23 munic\u00edpios do Territ\u00f3rio Vale do Rio Guaribas - Portal Not\u00edcia em Pauta<\/title>\n<meta name=\"robots\" content=\"index, follow, max-snippet:-1, max-image-preview:large, max-video-preview:-1\" \/>\n<link rel=\"canonical\" href=\"https:\/\/noticiaempauta.com\/portal\/piaui-sustentavel-e-inclusivo-levara-acoes-a-23-municipios-do-territorio-vale-do-rio-guaribas\/\" \/>\n<meta property=\"og:locale\" content=\"pt_BR\" \/>\n<meta property=\"og:type\" content=\"article\" \/>\n<meta property=\"og:title\" content=\"Piau\u00ed Sustent\u00e1vel e Inclusivo levar\u00e1 a\u00e7\u00f5es a 23 munic\u00edpios do Territ\u00f3rio Vale do Rio Guaribas\" \/>\n<meta property=\"og:description\" content=\"O Projeto Piau\u00ed Sustent\u00e1vel e Inclusivo (PSI) est\u00e1 em fase de apresenta\u00e7\u00e3o e divulga\u00e7\u00e3o para agricultores familiares, representantes de movimentos sociais e entidades do setor p\u00fablico. Nessa quinta-feira (29), a iniciativa foi apresentada no munic\u00edpio de Picos a representantes dos 23 munic\u00edpios do Territ\u00f3rio do Vale do Rio Guaribas. O PSI leva a\u00e7\u00f5es para melhorar [&hellip;]\" \/>\n<meta property=\"og:url\" content=\"https:\/\/noticiaempauta.com\/portal\/piaui-sustentavel-e-inclusivo-levara-acoes-a-23-municipios-do-territorio-vale-do-rio-guaribas\/\" \/>\n<meta property=\"og:site_name\" content=\"Portal Not\u00edcia em Pauta\" \/>\n<meta property=\"article:publisher\" content=\"https:\/\/www.facebook.com\/Portal-Notcia-Em-Pauta-102292869264820\/\" \/>\n<meta property=\"article:published_time\" content=\"2024-03-01T12:27:43+00:00\" \/>\n<meta property=\"article:modified_time\" content=\"2024-03-01T12:27:45+00:00\" \/>\n<meta property=\"og:image\" content=\"https:\/\/noticiaempauta.com\/portal\/wp-content\/uploads\/2024\/03\/FA-IMG-090f284f21a81d4ecca4.jpg\" \/>\n\t<meta property=\"og:image:width\" content=\"778\" \/>\n\t<meta property=\"og:image:height\" content=\"520\" \/>\n\t<meta property=\"og:image:type\" content=\"image\/jpeg\" \/>\n<meta name=\"author\" content=\"Reda\u00e7\u00e3o\" \/>\n<meta name=\"twitter:card\" content=\"summary_large_image\" \/>\n<meta name=\"twitter:label1\" content=\"Escrito por\" \/>\n\t<meta name=\"twitter:data1\" content=\"Reda\u00e7\u00e3o\" \/>\n\t<meta name=\"twitter:label2\" content=\"Est. tempo de leitura\" \/>\n\t<meta name=\"twitter:data2\" content=\"4 minutos\" \/>\n<script type=\"application\/ld+json\" class=\"yoast-schema-graph\">{\"@context\":\"https:\/\/schema.org\",\"@graph\":[{\"@type\":\"Article\",\"@id\":\"https:\/\/noticiaempauta.com\/portal\/piaui-sustentavel-e-inclusivo-levara-acoes-a-23-municipios-do-territorio-vale-do-rio-guaribas\/#article\",\"isPartOf\":{\"@id\":\"https:\/\/noticiaempauta.com\/portal\/piaui-sustentavel-e-inclusivo-levara-acoes-a-23-municipios-do-territorio-vale-do-rio-guaribas\/\"},\"author\":{\"name\":\"Reda\u00e7\u00e3o\",\"@id\":\"https:\/\/noticiaempauta.com\/portal\/#\/schema\/person\/a74af43dd1ab3deca45f988c717d57ac\"},\"headline\":\"Piau\u00ed Sustent\u00e1vel e Inclusivo levar\u00e1 a\u00e7\u00f5es a 23 munic\u00edpios do Territ\u00f3rio Vale do Rio Guaribas\",\"datePublished\":\"2024-03-01T12:27:43+00:00\",\"dateModified\":\"2024-03-01T12:27:45+00:00\",\"mainEntityOfPage\":{\"@id\":\"https:\/\/noticiaempauta.com\/portal\/piaui-sustentavel-e-inclusivo-levara-acoes-a-23-municipios-do-territorio-vale-do-rio-guaribas\/\"},\"wordCount\":665,\"commentCount\":0,\"publisher\":{\"@id\":\"https:\/\/noticiaempauta.com\/portal\/#organization\"},\"image\":{\"@id\":\"https:\/\/noticiaempauta.com\/portal\/piaui-sustentavel-e-inclusivo-levara-acoes-a-23-municipios-do-territorio-vale-do-rio-guaribas\/#primaryimage\"},\"thumbnailUrl\":\"https:\/\/noticiaempauta.com\/portal\/wp-content\/uploads\/2024\/03\/FA-IMG-090f284f21a81d4ecca4.jpg\",\"keywords\":[\"destaqueprincipal\"],\"articleSection\":[\"Destaques\",\"Geral\",\"Munic\u00edpios\",\"Todas as Not\u00edcias\"],\"inLanguage\":\"pt-BR\",\"potentialAction\":[{\"@type\":\"CommentAction\",\"name\":\"Comment\",\"target\":[\"https:\/\/noticiaempauta.com\/portal\/piaui-sustentavel-e-inclusivo-levara-acoes-a-23-municipios-do-territorio-vale-do-rio-guaribas\/#respond\"]}]},{\"@type\":\"WebPage\",\"@id\":\"https:\/\/noticiaempauta.com\/portal\/piaui-sustentavel-e-inclusivo-levara-acoes-a-23-municipios-do-territorio-vale-do-rio-guaribas\/\",\"url\":\"https:\/\/noticiaempauta.com\/portal\/piaui-sustentavel-e-inclusivo-levara-acoes-a-23-municipios-do-territorio-vale-do-rio-guaribas\/\",\"name\":\"Piau\u00ed Sustent\u00e1vel e Inclusivo levar\u00e1 a\u00e7\u00f5es a 23 munic\u00edpios do Territ\u00f3rio Vale do Rio Guaribas - Portal Not\u00edcia em Pauta\",\"isPartOf\":{\"@id\":\"https:\/\/noticiaempauta.com\/portal\/#website\"},\"primaryImageOfPage\":{\"@id\":\"https:\/\/noticiaempauta.com\/portal\/piaui-sustentavel-e-inclusivo-levara-acoes-a-23-municipios-do-territorio-vale-do-rio-guaribas\/#primaryimage\"},\"image\":{\"@id\":\"https:\/\/noticiaempauta.com\/portal\/piaui-sustentavel-e-inclusivo-levara-acoes-a-23-municipios-do-territorio-vale-do-rio-guaribas\/#primaryimage\"},\"thumbnailUrl\":\"https:\/\/noticiaempauta.com\/portal\/wp-content\/uploads\/2024\/03\/FA-IMG-090f284f21a81d4ecca4.jpg\",\"datePublished\":\"2024-03-01T12:27:43+00:00\",\"dateModified\":\"2024-03-01T12:27:45+00:00\",\"breadcrumb\":{\"@id\":\"https:\/\/noticiaempauta.com\/portal\/piaui-sustentavel-e-inclusivo-levara-acoes-a-23-municipios-do-territorio-vale-do-rio-guaribas\/#breadcrumb\"},\"inLanguage\":\"pt-BR\",\"potentialAction\":[{\"@type\":\"ReadAction\",\"target\":[\"https:\/\/noticiaempauta.com\/portal\/piaui-sustentavel-e-inclusivo-levara-acoes-a-23-municipios-do-territorio-vale-do-rio-guaribas\/\"]}]},{\"@type\":\"ImageObject\",\"inLanguage\":\"pt-BR\",\"@id\":\"https:\/\/noticiaempauta.com\/portal\/piaui-sustentavel-e-inclusivo-levara-acoes-a-23-municipios-do-territorio-vale-do-rio-guaribas\/#primaryimage\",\"url\":\"https:\/\/noticiaempauta.com\/portal\/wp-content\/uploads\/2024\/03\/FA-IMG-090f284f21a81d4ecca4.jpg\",\"contentUrl\":\"https:\/\/noticiaempauta.com\/portal\/wp-content\/uploads\/2024\/03\/FA-IMG-090f284f21a81d4ecca4.jpg\",\"width\":778,\"height\":520},{\"@type\":\"BreadcrumbList\",\"@id\":\"https:\/\/noticiaempauta.com\/portal\/piaui-sustentavel-e-inclusivo-levara-acoes-a-23-municipios-do-territorio-vale-do-rio-guaribas\/#breadcrumb\",\"itemListElement\":[{\"@type\":\"ListItem\",\"position\":1,\"name\":\"P\u00e1gina Inicial\",\"item\":\"https:\/\/noticiaempauta.com\/portal\/\"},{\"@type\":\"ListItem\",\"position\":2,\"name\":\"Destaques\",\"item\":\"https:\/\/noticiaempauta.com\/portal\/destaques-site\/\"},{\"@type\":\"ListItem\",\"position\":3,\"name\":\"Piau\u00ed Sustent\u00e1vel e Inclusivo levar\u00e1 a\u00e7\u00f5es a 23 munic\u00edpios do Territ\u00f3rio Vale do Rio Guaribas\"}]},{\"@type\":\"WebSite\",\"@id\":\"https:\/\/noticiaempauta.com\/portal\/#website\",\"url\":\"https:\/\/noticiaempauta.com\/portal\/\",\"name\":\"Portal Not\u00edcia em Pauta\",\"description\":\"Voc\u00ea bem informado\",\"publisher\":{\"@id\":\"https:\/\/noticiaempauta.com\/portal\/#organization\"},\"potentialAction\":[{\"@type\":\"SearchAction\",\"target\":{\"@type\":\"EntryPoint\",\"urlTemplate\":\"https:\/\/noticiaempauta.com\/portal\/?s={search_term_string}\"},\"query-input\":{\"@type\":\"PropertyValueSpecification\",\"valueRequired\":true,\"valueName\":\"search_term_string\"}}],\"inLanguage\":\"pt-BR\"},{\"@type\":\"Organization\",\"@id\":\"https:\/\/noticiaempauta.com\/portal\/#organization\",\"name\":\"Portal Not\u00edcia em Pauta\",\"url\":\"https:\/\/noticiaempauta.com\/portal\/\",\"logo\":{\"@type\":\"ImageObject\",\"inLanguage\":\"pt-BR\",\"@id\":\"https:\/\/noticiaempauta.com\/portal\/#\/schema\/logo\/image\/\",\"url\":\"https:\/\/noticiaempauta.com\/portal\/wp-content\/uploads\/2022\/08\/logomarca_tema.fw_.png\",\"contentUrl\":\"https:\/\/noticiaempauta.com\/portal\/wp-content\/uploads\/2022\/08\/logomarca_tema.fw_.png\",\"width\":400,\"height\":232,\"caption\":\"Portal Not\u00edcia em Pauta\"},\"image\":{\"@id\":\"https:\/\/noticiaempauta.com\/portal\/#\/schema\/logo\/image\/\"},\"sameAs\":[\"https:\/\/www.facebook.com\/Portal-Notcia-Em-Pauta-102292869264820\/\",\"https:\/\/www.instagram.com\/portalnoticiaempauta\/\"]},{\"@type\":\"Person\",\"@id\":\"https:\/\/noticiaempauta.com\/portal\/#\/schema\/person\/a74af43dd1ab3deca45f988c717d57ac\",\"name\":\"Reda\u00e7\u00e3o\",\"image\":{\"@type\":\"ImageObject\",\"inLanguage\":\"pt-BR\",\"@id\":\"https:\/\/noticiaempauta.com\/portal\/#\/schema\/person\/image\/\",\"url\":\"https:\/\/secure.gravatar.com\/avatar\/03179346ecce6cdfc13361603e8f54242a90e5cde8618fa23c5c00aa2b0aadf3?s=96&d=mm&r=g\",\"contentUrl\":\"https:\/\/secure.gravatar.com\/avatar\/03179346ecce6cdfc13361603e8f54242a90e5cde8618fa23c5c00aa2b0aadf3?s=96&d=mm&r=g\",\"caption\":\"Reda\u00e7\u00e3o\"},\"sameAs\":[\"https:\/\/noticiaempauta.com\/portal\/\"],\"url\":\"https:\/\/noticiaempauta.com\/portal\/author\/fernando\/\"}]}<\/script>\n<!-- \/ Yoast SEO Premium plugin. -->","yoast_head_json":{"title":"Piau\u00ed Sustent\u00e1vel e Inclusivo levar\u00e1 a\u00e7\u00f5es a 23 munic\u00edpios do Territ\u00f3rio Vale do Rio Guaribas - Portal Not\u00edcia em Pauta","robots":{"index":"index","follow":"follow","max-snippet":"max-snippet:-1","max-image-preview":"max-image-preview:large","max-video-preview":"max-video-preview:-1"},"canonical":"https:\/\/noticiaempauta.com\/portal\/piaui-sustentavel-e-inclusivo-levara-acoes-a-23-municipios-do-territorio-vale-do-rio-guaribas\/","og_locale":"pt_BR","og_type":"article","og_title":"Piau\u00ed Sustent\u00e1vel e Inclusivo levar\u00e1 a\u00e7\u00f5es a 23 munic\u00edpios do Territ\u00f3rio Vale do Rio Guaribas","og_description":"O Projeto Piau\u00ed Sustent\u00e1vel e Inclusivo (PSI) est\u00e1 em fase de apresenta\u00e7\u00e3o e divulga\u00e7\u00e3o para agricultores familiares, representantes de movimentos sociais e entidades do setor p\u00fablico. Nessa quinta-feira (29), a iniciativa foi apresentada no munic\u00edpio de Picos a representantes dos 23 munic\u00edpios do Territ\u00f3rio do Vale do Rio Guaribas. O PSI leva a\u00e7\u00f5es para melhorar [&hellip;]","og_url":"https:\/\/noticiaempauta.com\/portal\/piaui-sustentavel-e-inclusivo-levara-acoes-a-23-municipios-do-territorio-vale-do-rio-guaribas\/","og_site_name":"Portal Not\u00edcia em Pauta","article_publisher":"https:\/\/www.facebook.com\/Portal-Notcia-Em-Pauta-102292869264820\/","article_published_time":"2024-03-01T12:27:43+00:00","article_modified_time":"2024-03-01T12:27:45+00:00","og_image":[{"width":778,"height":520,"url":"https:\/\/noticiaempauta.com\/portal\/wp-content\/uploads\/2024\/03\/FA-IMG-090f284f21a81d4ecca4.jpg","type":"image\/jpeg"}],"author":"Reda\u00e7\u00e3o","twitter_card":"summary_large_image","twitter_misc":{"Escrito por":"Reda\u00e7\u00e3o","Est. tempo de leitura":"4 minutos"},"schema":{"@context":"https:\/\/schema.org","@graph":[{"@type":"Article","@id":"https:\/\/noticiaempauta.com\/portal\/piaui-sustentavel-e-inclusivo-levara-acoes-a-23-municipios-do-territorio-vale-do-rio-guaribas\/#article","isPartOf":{"@id":"https:\/\/noticiaempauta.com\/portal\/piaui-sustentavel-e-inclusivo-levara-acoes-a-23-municipios-do-territorio-vale-do-rio-guaribas\/"},"author":{"name":"Reda\u00e7\u00e3o","@id":"https:\/\/noticiaempauta.com\/portal\/#\/schema\/person\/a74af43dd1ab3deca45f988c717d57ac"},"headline":"Piau\u00ed Sustent\u00e1vel e Inclusivo levar\u00e1 a\u00e7\u00f5es a 23 munic\u00edpios do Territ\u00f3rio Vale do Rio Guaribas","datePublished":"2024-03-01T12:27:43+00:00","dateModified":"2024-03-01T12:27:45+00:00","mainEntityOfPage":{"@id":"https:\/\/noticiaempauta.com\/portal\/piaui-sustentavel-e-inclusivo-levara-acoes-a-23-municipios-do-territorio-vale-do-rio-guaribas\/"},"wordCount":665,"commentCount":0,"publisher":{"@id":"https:\/\/noticiaempauta.com\/portal\/#organization"},"image":{"@id":"https:\/\/noticiaempauta.com\/portal\/piaui-sustentavel-e-inclusivo-levara-acoes-a-23-municipios-do-territorio-vale-do-rio-guaribas\/#primaryimage"},"thumbnailUrl":"https:\/\/noticiaempauta.com\/portal\/wp-content\/uploads\/2024\/03\/FA-IMG-090f284f21a81d4ecca4.jpg","keywords":["destaqueprincipal"],"articleSection":["Destaques","Geral","Munic\u00edpios","Todas as Not\u00edcias"],"inLanguage":"pt-BR","potentialAction":[{"@type":"CommentAction","name":"Comment","target":["https:\/\/noticiaempauta.com\/portal\/piaui-sustentavel-e-inclusivo-levara-acoes-a-23-municipios-do-territorio-vale-do-rio-guaribas\/#respond"]}]},{"@type":"WebPage","@id":"https:\/\/noticiaempauta.com\/portal\/piaui-sustentavel-e-inclusivo-levara-acoes-a-23-municipios-do-territorio-vale-do-rio-guaribas\/","url":"https:\/\/noticiaempauta.com\/portal\/piaui-sustentavel-e-inclusivo-levara-acoes-a-23-municipios-do-territorio-vale-do-rio-guaribas\/","name":"Piau\u00ed Sustent\u00e1vel e Inclusivo levar\u00e1 a\u00e7\u00f5es a 23 munic\u00edpios do Territ\u00f3rio Vale do Rio Guaribas - Portal Not\u00edcia em Pauta","isPartOf":{"@id":"https:\/\/noticiaempauta.com\/portal\/#website"},"primaryImageOfPage":{"@id":"https:\/\/noticiaempauta.com\/portal\/piaui-sustentavel-e-inclusivo-levara-acoes-a-23-municipios-do-territorio-vale-do-rio-guaribas\/#primaryimage"},"image":{"@id":"https:\/\/noticiaempauta.com\/portal\/piaui-sustentavel-e-inclusivo-levara-acoes-a-23-municipios-do-territorio-vale-do-rio-guaribas\/#primaryimage"},"thumbnailUrl":"https:\/\/noticiaempauta.com\/portal\/wp-content\/uploads\/2024\/03\/FA-IMG-090f284f21a81d4ecca4.jpg","datePublished":"2024-03-01T12:27:43+00:00","dateModified":"2024-03-01T12:27:45+00:00","breadcrumb":{"@id":"https:\/\/noticiaempauta.com\/portal\/piaui-sustentavel-e-inclusivo-levara-acoes-a-23-municipios-do-territorio-vale-do-rio-guaribas\/#breadcrumb"},"inLanguage":"pt-BR","potentialAction":[{"@type":"ReadAction","target":["https:\/\/noticiaempauta.com\/portal\/piaui-sustentavel-e-inclusivo-levara-acoes-a-23-municipios-do-territorio-vale-do-rio-guaribas\/"]}]},{"@type":"ImageObject","inLanguage":"pt-BR","@id":"https:\/\/noticiaempauta.com\/portal\/piaui-sustentavel-e-inclusivo-levara-acoes-a-23-municipios-do-territorio-vale-do-rio-guaribas\/#primaryimage","url":"https:\/\/noticiaempauta.com\/portal\/wp-content\/uploads\/2024\/03\/FA-IMG-090f284f21a81d4ecca4.jpg","contentUrl":"https:\/\/noticiaempauta.com\/portal\/wp-content\/uploads\/2024\/03\/FA-IMG-090f284f21a81d4ecca4.jpg","width":778,"height":520},{"@type":"BreadcrumbList","@id":"https:\/\/noticiaempauta.com\/portal\/piaui-sustentavel-e-inclusivo-levara-acoes-a-23-municipios-do-territorio-vale-do-rio-guaribas\/#breadcrumb","itemListElement":[{"@type":"ListItem","position":1,"name":"P\u00e1gina Inicial","item":"https:\/\/noticiaempauta.com\/portal\/"},{"@type":"ListItem","position":2,"name":"Destaques","item":"https:\/\/noticiaempauta.com\/portal\/destaques-site\/"},{"@type":"ListItem","position":3,"name":"Piau\u00ed Sustent\u00e1vel e Inclusivo levar\u00e1 a\u00e7\u00f5es a 23 munic\u00edpios do Territ\u00f3rio Vale do Rio Guaribas"}]},{"@type":"WebSite","@id":"https:\/\/noticiaempauta.com\/portal\/#website","url":"https:\/\/noticiaempauta.com\/portal\/","name":"Portal Not\u00edcia em Pauta","description":"Voc\u00ea bem informado","publisher":{"@id":"https:\/\/noticiaempauta.com\/portal\/#organization"},"potentialAction":[{"@type":"SearchAction","target":{"@type":"EntryPoint","urlTemplate":"https:\/\/noticiaempauta.com\/portal\/?s={search_term_string}"},"query-input":{"@type":"PropertyValueSpecification","valueRequired":true,"valueName":"search_term_string"}}],"inLanguage":"pt-BR"},{"@type":"Organization","@id":"https:\/\/noticiaempauta.com\/portal\/#organization","name":"Portal Not\u00edcia em Pauta","url":"https:\/\/noticiaempauta.com\/portal\/","logo":{"@type":"ImageObject","inLanguage":"pt-BR","@id":"https:\/\/noticiaempauta.com\/portal\/#\/schema\/logo\/image\/","url":"https:\/\/noticiaempauta.com\/portal\/wp-content\/uploads\/2022\/08\/logomarca_tema.fw_.png","contentUrl":"https:\/\/noticiaempauta.com\/portal\/wp-content\/uploads\/2022\/08\/logomarca_tema.fw_.png","width":400,"height":232,"caption":"Portal Not\u00edcia em Pauta"},"image":{"@id":"https:\/\/noticiaempauta.com\/portal\/#\/schema\/logo\/image\/"},"sameAs":["https:\/\/www.facebook.com\/Portal-Notcia-Em-Pauta-102292869264820\/","https:\/\/www.instagram.com\/portalnoticiaempauta\/"]},{"@type":"Person","@id":"https:\/\/noticiaempauta.com\/portal\/#\/schema\/person\/a74af43dd1ab3deca45f988c717d57ac","name":"Reda\u00e7\u00e3o","image":{"@type":"ImageObject","inLanguage":"pt-BR","@id":"https:\/\/noticiaempauta.com\/portal\/#\/schema\/person\/image\/","url":"https:\/\/secure.gravatar.com\/avatar\/03179346ecce6cdfc13361603e8f54242a90e5cde8618fa23c5c00aa2b0aadf3?s=96&d=mm&r=g","contentUrl":"https:\/\/secure.gravatar.com\/avatar\/03179346ecce6cdfc13361603e8f54242a90e5cde8618fa23c5c00aa2b0aadf3?s=96&d=mm&r=g","caption":"Reda\u00e7\u00e3o"},"sameAs":["https:\/\/noticiaempauta.com\/portal\/"],"url":"https:\/\/noticiaempauta.com\/portal\/author\/fernando\/"}]}},"_links":{"self":[{"href":"https:\/\/noticiaempauta.com\/portal\/wp-json\/wp\/v2\/posts\/255301","targetHints":{"allow":["GET"]}}],"collection":[{"href":"https:\/\/noticiaempauta.com\/portal\/wp-json\/wp\/v2\/posts"}],"about":[{"href":"https:\/\/noticiaempauta.com\/portal\/wp-json\/wp\/v2\/types\/post"}],"author":[{"embeddable":true,"href":"https:\/\/noticiaempauta.com\/portal\/wp-json\/wp\/v2\/users\/2"}],"replies":[{"embeddable":true,"href":"https:\/\/noticiaempauta.com\/portal\/wp-json\/wp\/v2\/comments?post=255301"}],"version-history":[{"count":2,"href":"https:\/\/noticiaempauta.com\/portal\/wp-json\/wp\/v2\/posts\/255301\/revisions"}],"predecessor-version":[{"id":255305,"href":"https:\/\/noticiaempauta.com\/portal\/wp-json\/wp\/v2\/posts\/255301\/revisions\/255305"}],"wp:featuredmedia":[{"embeddable":true,"href":"https:\/\/noticiaempauta.com\/portal\/wp-json\/wp\/v2\/media\/255303"}],"wp:attachment":[{"href":"https:\/\/noticiaempauta.com\/portal\/wp-json\/wp\/v2\/media?parent=255301"}],"wp:term":[{"taxonomy":"category","embeddable":true,"href":"https:\/\/noticiaempauta.com\/portal\/wp-json\/wp\/v2\/categories?post=255301"},{"taxonomy":"post_tag","embeddable":true,"href":"https:\/\/noticiaempauta.com\/portal\/wp-json\/wp\/v2\/tags?post=255301"}],"curies":[{"name":"wp","href":"https:\/\/api.w.org\/{rel}","templated":true}]}}