{"id":255369,"date":"2024-03-01T17:03:34","date_gmt":"2024-03-01T20:03:34","guid":{"rendered":"https:\/\/noticiaempauta.com\/portal\/?p=255369"},"modified":"2024-03-01T17:03:35","modified_gmt":"2024-03-01T20:03:35","slug":"tse-suspende-eleicoes-em-dom-expedito-lopes-e-volta-valmir-barbosa-ao-cargo-de-prefeito","status":"publish","type":"post","link":"https:\/\/noticiaempauta.com\/portal\/tse-suspende-eleicoes-em-dom-expedito-lopes-e-volta-valmir-barbosa-ao-cargo-de-prefeito\/","title":{"rendered":"TSE suspende elei\u00e7\u00f5es em Dom Expedito Lopes e volta Valmir Barbosa ao cargo de prefeito"},"content":{"rendered":"\n<h1 class=\"wp-block-heading\" id=\"h-\"><\/h1>\n\n\n\n<p>O Tribunal Superior Eleitoral suspendeu elei\u00e7\u00f5es suplementares da cidade de Dom Expedito Lopes que aconteceria no pr\u00f3ximo domingo, dia 03 de mar\u00e7o. O relator da decis\u00e3o foi o ministro K\u00e1ssio Nunes Marques.<\/p>\n\n\n\n<p>A decis\u00e3o do TSE reconheceu ilicitude das provas apresentadas ao Tribunal Regional Eleitoral do Piau\u00ed (TRE-PI), no tocante ao uso de grava\u00e7\u00f5es clandestinas realizadas sem autoriza\u00e7\u00e3o judicial e sem o conhecimento de todos os participantes, contrariando entendimento da Justi\u00e7a Eleitoral aplic\u00e1vel \u00e0quele pleito no sentido da ilicitude de grava\u00e7\u00f5es ambientais obtidas nessas circunst\u00e2ncias.<\/p>\n\n\n\n<p>Destarte, a decis\u00e3o do TSE publicada nesta sexta-feira, 1\u00ba de mar\u00e7o de 2024, permite que o candidato eleito retorne ao exerc\u00edcio do mandato.<\/p>\n\n\n\n<figure class=\"wp-block-image size-large is-resized\"><img fetchpriority=\"high\" decoding=\"async\" width=\"1024\" height=\"597\" src=\"https:\/\/noticiaempauta.com\/portal\/wp-content\/uploads\/2024\/03\/AB8AB6C6-4FE4-49A9-8343-BF18E2D97D75-1024x597.jpeg\" alt=\"\" class=\"wp-image-255371\" style=\"width:395px;height:auto\" srcset=\"https:\/\/noticiaempauta.com\/portal\/wp-content\/uploads\/2024\/03\/AB8AB6C6-4FE4-49A9-8343-BF18E2D97D75-1024x597.jpeg 1024w, https:\/\/noticiaempauta.com\/portal\/wp-content\/uploads\/2024\/03\/AB8AB6C6-4FE4-49A9-8343-BF18E2D97D75-300x175.jpeg 300w, https:\/\/noticiaempauta.com\/portal\/wp-content\/uploads\/2024\/03\/AB8AB6C6-4FE4-49A9-8343-BF18E2D97D75-768x448.jpeg 768w, https:\/\/noticiaempauta.com\/portal\/wp-content\/uploads\/2024\/03\/AB8AB6C6-4FE4-49A9-8343-BF18E2D97D75.jpeg 1200w\" sizes=\"(max-width: 1024px) 100vw, 1024px\" \/><\/figure>\n\n\n\n<p>Valmir Barbosa e Evanil Conrado, prefeito e vice-prefeita, respectivamente, pelo Partido Republicanos, eleitos em 2020, tiveram seus mandatos cassados pelo TRE-PI, acusados de&nbsp;<a href=\"https:\/\/cidadesnanet.com\/news\/destaque-3\/stf-mantem-afastamento-de-prefeito-e-vice-de-dom-expedito-lopes\/\">compra de votos \u00e0s v\u00e9speras das elei\u00e7\u00f5es pelo valor de R$ 2.000,00 (dois mil reais) com pagamento em esp\u00e9cie aos eleitores Wellington Soares dos Santos, e sua esposa, Lucimar Lima Leal Soares, e o de Ant\u00f4nio de Ara\u00fajo Dias<\/a>, e de prometer instalar na propriedade desses eleitores 3 (tr\u00eas) postes de ilumina\u00e7\u00e3o, cujo servi\u00e7o seria pago com verbas da Prefeitura.<\/p>\n\n\n\n<p>Conforme assentou o ministro Alexandre de Moraes no julgamento do AgR-REspEl n. 634-06, de relatoria pr\u00f3pria, publicado no DJe de 6 de outubro de 2022 \u201cn\u00e3o ser\u00e1 poss\u00edvel, em rela\u00e7\u00e3o a esse detentor de mandato, a realiza\u00e7\u00e3o de uma grava\u00e7\u00e3o clandestina que comprove que ele tenha praticado um crime, se n\u00e3o for autorizado por juiz, se n\u00e3o houver autoriza\u00e7\u00e3o judicial. Ou seja, no mais, que \u00e9 o detentor de um mandato, seja legislativo, seja executivo, que eventualmente pratique um crime, a licitude da grava\u00e7\u00e3o ambiental depende de autoriza\u00e7\u00e3o judicial, no menos, que \u00e9 ainda o candidato, aquele que pretende obter um mandato eletivo, tamb\u00e9m a grava\u00e7\u00e3o ambiental deve ser precedida de autoriza\u00e7\u00e3o judicial, sob pena de ilicitude\u201d.<\/p>\n\n\n\n<p>Fonte: CidadesnaNet<\/p>\n","protected":false},"excerpt":{"rendered":"<p>O Tribunal Superior Eleitoral suspendeu elei\u00e7\u00f5es suplementares da cidade de Dom Expedito Lopes que aconteceria no pr\u00f3ximo domingo, dia 03 de mar\u00e7o. O relator da decis\u00e3o foi o ministro K\u00e1ssio Nunes Marques. A decis\u00e3o do TSE reconheceu ilicitude das provas apresentadas ao Tribunal Regional Eleitoral do Piau\u00ed (TRE-PI), no tocante ao uso de grava\u00e7\u00f5es clandestinas [&hellip;]<\/p>\n","protected":false},"author":2,"featured_media":255371,"comment_status":"open","ping_status":"open","sticky":false,"template":"","format":"standard","meta":{"_mi_skip_tracking":false,"footnotes":""},"categories":[25,1,9,3],"tags":[192],"class_list":["post-255369","post","type-post","status-publish","format-standard","has-post-thumbnail","hentry","category-destaques-site","category-geral","category-municipios","category-politica","tag-destaqueprincipal"],"acf":[],"yoast_head":"<!-- This site is optimized with the Yoast SEO Premium plugin v19.2 (Yoast SEO v26.9) - https:\/\/yoast.com\/product\/yoast-seo-premium-wordpress\/ -->\n<title>TSE suspende elei\u00e7\u00f5es em Dom Expedito Lopes e volta Valmir Barbosa ao cargo de prefeito - Portal Not\u00edcia em Pauta<\/title>\n<meta name=\"robots\" content=\"index, follow, max-snippet:-1, max-image-preview:large, max-video-preview:-1\" \/>\n<link rel=\"canonical\" href=\"https:\/\/noticiaempauta.com\/portal\/tse-suspende-eleicoes-em-dom-expedito-lopes-e-volta-valmir-barbosa-ao-cargo-de-prefeito\/\" \/>\n<meta property=\"og:locale\" content=\"pt_BR\" \/>\n<meta property=\"og:type\" content=\"article\" \/>\n<meta property=\"og:title\" content=\"TSE suspende elei\u00e7\u00f5es em Dom Expedito Lopes e volta Valmir Barbosa ao cargo de prefeito\" \/>\n<meta property=\"og:description\" content=\"O Tribunal Superior Eleitoral suspendeu elei\u00e7\u00f5es suplementares da cidade de Dom Expedito Lopes que aconteceria no pr\u00f3ximo domingo, dia 03 de mar\u00e7o. O relator da decis\u00e3o foi o ministro K\u00e1ssio Nunes Marques. A decis\u00e3o do TSE reconheceu ilicitude das provas apresentadas ao Tribunal Regional Eleitoral do Piau\u00ed (TRE-PI), no tocante ao uso de grava\u00e7\u00f5es clandestinas [&hellip;]\" \/>\n<meta property=\"og:url\" content=\"https:\/\/noticiaempauta.com\/portal\/tse-suspende-eleicoes-em-dom-expedito-lopes-e-volta-valmir-barbosa-ao-cargo-de-prefeito\/\" \/>\n<meta property=\"og:site_name\" content=\"Portal Not\u00edcia em Pauta\" \/>\n<meta property=\"article:publisher\" content=\"https:\/\/www.facebook.com\/Portal-Notcia-Em-Pauta-102292869264820\/\" \/>\n<meta property=\"article:published_time\" content=\"2024-03-01T20:03:34+00:00\" \/>\n<meta property=\"article:modified_time\" content=\"2024-03-01T20:03:35+00:00\" \/>\n<meta property=\"og:image\" content=\"https:\/\/noticiaempauta.com\/portal\/wp-content\/uploads\/2024\/03\/AB8AB6C6-4FE4-49A9-8343-BF18E2D97D75.jpeg\" \/>\n\t<meta property=\"og:image:width\" content=\"1200\" \/>\n\t<meta property=\"og:image:height\" content=\"700\" \/>\n\t<meta property=\"og:image:type\" content=\"image\/jpeg\" \/>\n<meta name=\"author\" content=\"Reda\u00e7\u00e3o\" \/>\n<meta name=\"twitter:card\" content=\"summary_large_image\" \/>\n<meta name=\"twitter:label1\" content=\"Escrito por\" \/>\n\t<meta name=\"twitter:data1\" content=\"Reda\u00e7\u00e3o\" \/>\n\t<meta name=\"twitter:label2\" content=\"Est. tempo de leitura\" \/>\n\t<meta name=\"twitter:data2\" content=\"3 minutos\" \/>\n<script type=\"application\/ld+json\" class=\"yoast-schema-graph\">{\"@context\":\"https:\/\/schema.org\",\"@graph\":[{\"@type\":\"Article\",\"@id\":\"https:\/\/noticiaempauta.com\/portal\/tse-suspende-eleicoes-em-dom-expedito-lopes-e-volta-valmir-barbosa-ao-cargo-de-prefeito\/#article\",\"isPartOf\":{\"@id\":\"https:\/\/noticiaempauta.com\/portal\/tse-suspende-eleicoes-em-dom-expedito-lopes-e-volta-valmir-barbosa-ao-cargo-de-prefeito\/\"},\"author\":{\"name\":\"Reda\u00e7\u00e3o\",\"@id\":\"https:\/\/noticiaempauta.com\/portal\/#\/schema\/person\/a74af43dd1ab3deca45f988c717d57ac\"},\"headline\":\"TSE suspende elei\u00e7\u00f5es em Dom Expedito Lopes e volta Valmir Barbosa ao cargo de prefeito\",\"datePublished\":\"2024-03-01T20:03:34+00:00\",\"dateModified\":\"2024-03-01T20:03:35+00:00\",\"mainEntityOfPage\":{\"@id\":\"https:\/\/noticiaempauta.com\/portal\/tse-suspende-eleicoes-em-dom-expedito-lopes-e-volta-valmir-barbosa-ao-cargo-de-prefeito\/\"},\"wordCount\":354,\"commentCount\":0,\"publisher\":{\"@id\":\"https:\/\/noticiaempauta.com\/portal\/#organization\"},\"image\":{\"@id\":\"https:\/\/noticiaempauta.com\/portal\/tse-suspende-eleicoes-em-dom-expedito-lopes-e-volta-valmir-barbosa-ao-cargo-de-prefeito\/#primaryimage\"},\"thumbnailUrl\":\"https:\/\/noticiaempauta.com\/portal\/wp-content\/uploads\/2024\/03\/AB8AB6C6-4FE4-49A9-8343-BF18E2D97D75.jpeg\",\"keywords\":[\"destaqueprincipal\"],\"articleSection\":[\"Destaques\",\"Geral\",\"Munic\u00edpios\",\"Pol\u00edtica\"],\"inLanguage\":\"pt-BR\",\"potentialAction\":[{\"@type\":\"CommentAction\",\"name\":\"Comment\",\"target\":[\"https:\/\/noticiaempauta.com\/portal\/tse-suspende-eleicoes-em-dom-expedito-lopes-e-volta-valmir-barbosa-ao-cargo-de-prefeito\/#respond\"]}]},{\"@type\":\"WebPage\",\"@id\":\"https:\/\/noticiaempauta.com\/portal\/tse-suspende-eleicoes-em-dom-expedito-lopes-e-volta-valmir-barbosa-ao-cargo-de-prefeito\/\",\"url\":\"https:\/\/noticiaempauta.com\/portal\/tse-suspende-eleicoes-em-dom-expedito-lopes-e-volta-valmir-barbosa-ao-cargo-de-prefeito\/\",\"name\":\"TSE suspende elei\u00e7\u00f5es em Dom Expedito Lopes e volta Valmir Barbosa ao cargo de prefeito - Portal Not\u00edcia em Pauta\",\"isPartOf\":{\"@id\":\"https:\/\/noticiaempauta.com\/portal\/#website\"},\"primaryImageOfPage\":{\"@id\":\"https:\/\/noticiaempauta.com\/portal\/tse-suspende-eleicoes-em-dom-expedito-lopes-e-volta-valmir-barbosa-ao-cargo-de-prefeito\/#primaryimage\"},\"image\":{\"@id\":\"https:\/\/noticiaempauta.com\/portal\/tse-suspende-eleicoes-em-dom-expedito-lopes-e-volta-valmir-barbosa-ao-cargo-de-prefeito\/#primaryimage\"},\"thumbnailUrl\":\"https:\/\/noticiaempauta.com\/portal\/wp-content\/uploads\/2024\/03\/AB8AB6C6-4FE4-49A9-8343-BF18E2D97D75.jpeg\",\"datePublished\":\"2024-03-01T20:03:34+00:00\",\"dateModified\":\"2024-03-01T20:03:35+00:00\",\"breadcrumb\":{\"@id\":\"https:\/\/noticiaempauta.com\/portal\/tse-suspende-eleicoes-em-dom-expedito-lopes-e-volta-valmir-barbosa-ao-cargo-de-prefeito\/#breadcrumb\"},\"inLanguage\":\"pt-BR\",\"potentialAction\":[{\"@type\":\"ReadAction\",\"target\":[\"https:\/\/noticiaempauta.com\/portal\/tse-suspende-eleicoes-em-dom-expedito-lopes-e-volta-valmir-barbosa-ao-cargo-de-prefeito\/\"]}]},{\"@type\":\"ImageObject\",\"inLanguage\":\"pt-BR\",\"@id\":\"https:\/\/noticiaempauta.com\/portal\/tse-suspende-eleicoes-em-dom-expedito-lopes-e-volta-valmir-barbosa-ao-cargo-de-prefeito\/#primaryimage\",\"url\":\"https:\/\/noticiaempauta.com\/portal\/wp-content\/uploads\/2024\/03\/AB8AB6C6-4FE4-49A9-8343-BF18E2D97D75.jpeg\",\"contentUrl\":\"https:\/\/noticiaempauta.com\/portal\/wp-content\/uploads\/2024\/03\/AB8AB6C6-4FE4-49A9-8343-BF18E2D97D75.jpeg\",\"width\":1200,\"height\":700},{\"@type\":\"BreadcrumbList\",\"@id\":\"https:\/\/noticiaempauta.com\/portal\/tse-suspende-eleicoes-em-dom-expedito-lopes-e-volta-valmir-barbosa-ao-cargo-de-prefeito\/#breadcrumb\",\"itemListElement\":[{\"@type\":\"ListItem\",\"position\":1,\"name\":\"P\u00e1gina Inicial\",\"item\":\"https:\/\/noticiaempauta.com\/portal\/\"},{\"@type\":\"ListItem\",\"position\":2,\"name\":\"Destaques\",\"item\":\"https:\/\/noticiaempauta.com\/portal\/destaques-site\/\"},{\"@type\":\"ListItem\",\"position\":3,\"name\":\"TSE suspende elei\u00e7\u00f5es em Dom Expedito Lopes e volta Valmir Barbosa ao cargo de prefeito\"}]},{\"@type\":\"WebSite\",\"@id\":\"https:\/\/noticiaempauta.com\/portal\/#website\",\"url\":\"https:\/\/noticiaempauta.com\/portal\/\",\"name\":\"Portal Not\u00edcia em Pauta\",\"description\":\"Voc\u00ea bem informado\",\"publisher\":{\"@id\":\"https:\/\/noticiaempauta.com\/portal\/#organization\"},\"potentialAction\":[{\"@type\":\"SearchAction\",\"target\":{\"@type\":\"EntryPoint\",\"urlTemplate\":\"https:\/\/noticiaempauta.com\/portal\/?s={search_term_string}\"},\"query-input\":{\"@type\":\"PropertyValueSpecification\",\"valueRequired\":true,\"valueName\":\"search_term_string\"}}],\"inLanguage\":\"pt-BR\"},{\"@type\":\"Organization\",\"@id\":\"https:\/\/noticiaempauta.com\/portal\/#organization\",\"name\":\"Portal Not\u00edcia em Pauta\",\"url\":\"https:\/\/noticiaempauta.com\/portal\/\",\"logo\":{\"@type\":\"ImageObject\",\"inLanguage\":\"pt-BR\",\"@id\":\"https:\/\/noticiaempauta.com\/portal\/#\/schema\/logo\/image\/\",\"url\":\"https:\/\/noticiaempauta.com\/portal\/wp-content\/uploads\/2022\/08\/logomarca_tema.fw_.png\",\"contentUrl\":\"https:\/\/noticiaempauta.com\/portal\/wp-content\/uploads\/2022\/08\/logomarca_tema.fw_.png\",\"width\":400,\"height\":232,\"caption\":\"Portal Not\u00edcia em Pauta\"},\"image\":{\"@id\":\"https:\/\/noticiaempauta.com\/portal\/#\/schema\/logo\/image\/\"},\"sameAs\":[\"https:\/\/www.facebook.com\/Portal-Notcia-Em-Pauta-102292869264820\/\",\"https:\/\/www.instagram.com\/portalnoticiaempauta\/\"]},{\"@type\":\"Person\",\"@id\":\"https:\/\/noticiaempauta.com\/portal\/#\/schema\/person\/a74af43dd1ab3deca45f988c717d57ac\",\"name\":\"Reda\u00e7\u00e3o\",\"image\":{\"@type\":\"ImageObject\",\"inLanguage\":\"pt-BR\",\"@id\":\"https:\/\/noticiaempauta.com\/portal\/#\/schema\/person\/image\/\",\"url\":\"https:\/\/secure.gravatar.com\/avatar\/03179346ecce6cdfc13361603e8f54242a90e5cde8618fa23c5c00aa2b0aadf3?s=96&d=mm&r=g\",\"contentUrl\":\"https:\/\/secure.gravatar.com\/avatar\/03179346ecce6cdfc13361603e8f54242a90e5cde8618fa23c5c00aa2b0aadf3?s=96&d=mm&r=g\",\"caption\":\"Reda\u00e7\u00e3o\"},\"sameAs\":[\"https:\/\/noticiaempauta.com\/portal\/\"],\"url\":\"https:\/\/noticiaempauta.com\/portal\/author\/fernando\/\"}]}<\/script>\n<!-- \/ Yoast SEO Premium plugin. -->","yoast_head_json":{"title":"TSE suspende elei\u00e7\u00f5es em Dom Expedito Lopes e volta Valmir Barbosa ao cargo de prefeito - Portal Not\u00edcia em Pauta","robots":{"index":"index","follow":"follow","max-snippet":"max-snippet:-1","max-image-preview":"max-image-preview:large","max-video-preview":"max-video-preview:-1"},"canonical":"https:\/\/noticiaempauta.com\/portal\/tse-suspende-eleicoes-em-dom-expedito-lopes-e-volta-valmir-barbosa-ao-cargo-de-prefeito\/","og_locale":"pt_BR","og_type":"article","og_title":"TSE suspende elei\u00e7\u00f5es em Dom Expedito Lopes e volta Valmir Barbosa ao cargo de prefeito","og_description":"O Tribunal Superior Eleitoral suspendeu elei\u00e7\u00f5es suplementares da cidade de Dom Expedito Lopes que aconteceria no pr\u00f3ximo domingo, dia 03 de mar\u00e7o. O relator da decis\u00e3o foi o ministro K\u00e1ssio Nunes Marques. A decis\u00e3o do TSE reconheceu ilicitude das provas apresentadas ao Tribunal Regional Eleitoral do Piau\u00ed (TRE-PI), no tocante ao uso de grava\u00e7\u00f5es clandestinas [&hellip;]","og_url":"https:\/\/noticiaempauta.com\/portal\/tse-suspende-eleicoes-em-dom-expedito-lopes-e-volta-valmir-barbosa-ao-cargo-de-prefeito\/","og_site_name":"Portal Not\u00edcia em Pauta","article_publisher":"https:\/\/www.facebook.com\/Portal-Notcia-Em-Pauta-102292869264820\/","article_published_time":"2024-03-01T20:03:34+00:00","article_modified_time":"2024-03-01T20:03:35+00:00","og_image":[{"width":1200,"height":700,"url":"https:\/\/noticiaempauta.com\/portal\/wp-content\/uploads\/2024\/03\/AB8AB6C6-4FE4-49A9-8343-BF18E2D97D75.jpeg","type":"image\/jpeg"}],"author":"Reda\u00e7\u00e3o","twitter_card":"summary_large_image","twitter_misc":{"Escrito por":"Reda\u00e7\u00e3o","Est. tempo de leitura":"3 minutos"},"schema":{"@context":"https:\/\/schema.org","@graph":[{"@type":"Article","@id":"https:\/\/noticiaempauta.com\/portal\/tse-suspende-eleicoes-em-dom-expedito-lopes-e-volta-valmir-barbosa-ao-cargo-de-prefeito\/#article","isPartOf":{"@id":"https:\/\/noticiaempauta.com\/portal\/tse-suspende-eleicoes-em-dom-expedito-lopes-e-volta-valmir-barbosa-ao-cargo-de-prefeito\/"},"author":{"name":"Reda\u00e7\u00e3o","@id":"https:\/\/noticiaempauta.com\/portal\/#\/schema\/person\/a74af43dd1ab3deca45f988c717d57ac"},"headline":"TSE suspende elei\u00e7\u00f5es em Dom Expedito Lopes e volta Valmir Barbosa ao cargo de prefeito","datePublished":"2024-03-01T20:03:34+00:00","dateModified":"2024-03-01T20:03:35+00:00","mainEntityOfPage":{"@id":"https:\/\/noticiaempauta.com\/portal\/tse-suspende-eleicoes-em-dom-expedito-lopes-e-volta-valmir-barbosa-ao-cargo-de-prefeito\/"},"wordCount":354,"commentCount":0,"publisher":{"@id":"https:\/\/noticiaempauta.com\/portal\/#organization"},"image":{"@id":"https:\/\/noticiaempauta.com\/portal\/tse-suspende-eleicoes-em-dom-expedito-lopes-e-volta-valmir-barbosa-ao-cargo-de-prefeito\/#primaryimage"},"thumbnailUrl":"https:\/\/noticiaempauta.com\/portal\/wp-content\/uploads\/2024\/03\/AB8AB6C6-4FE4-49A9-8343-BF18E2D97D75.jpeg","keywords":["destaqueprincipal"],"articleSection":["Destaques","Geral","Munic\u00edpios","Pol\u00edtica"],"inLanguage":"pt-BR","potentialAction":[{"@type":"CommentAction","name":"Comment","target":["https:\/\/noticiaempauta.com\/portal\/tse-suspende-eleicoes-em-dom-expedito-lopes-e-volta-valmir-barbosa-ao-cargo-de-prefeito\/#respond"]}]},{"@type":"WebPage","@id":"https:\/\/noticiaempauta.com\/portal\/tse-suspende-eleicoes-em-dom-expedito-lopes-e-volta-valmir-barbosa-ao-cargo-de-prefeito\/","url":"https:\/\/noticiaempauta.com\/portal\/tse-suspende-eleicoes-em-dom-expedito-lopes-e-volta-valmir-barbosa-ao-cargo-de-prefeito\/","name":"TSE suspende elei\u00e7\u00f5es em Dom Expedito Lopes e volta Valmir Barbosa ao cargo de prefeito - Portal Not\u00edcia em Pauta","isPartOf":{"@id":"https:\/\/noticiaempauta.com\/portal\/#website"},"primaryImageOfPage":{"@id":"https:\/\/noticiaempauta.com\/portal\/tse-suspende-eleicoes-em-dom-expedito-lopes-e-volta-valmir-barbosa-ao-cargo-de-prefeito\/#primaryimage"},"image":{"@id":"https:\/\/noticiaempauta.com\/portal\/tse-suspende-eleicoes-em-dom-expedito-lopes-e-volta-valmir-barbosa-ao-cargo-de-prefeito\/#primaryimage"},"thumbnailUrl":"https:\/\/noticiaempauta.com\/portal\/wp-content\/uploads\/2024\/03\/AB8AB6C6-4FE4-49A9-8343-BF18E2D97D75.jpeg","datePublished":"2024-03-01T20:03:34+00:00","dateModified":"2024-03-01T20:03:35+00:00","breadcrumb":{"@id":"https:\/\/noticiaempauta.com\/portal\/tse-suspende-eleicoes-em-dom-expedito-lopes-e-volta-valmir-barbosa-ao-cargo-de-prefeito\/#breadcrumb"},"inLanguage":"pt-BR","potentialAction":[{"@type":"ReadAction","target":["https:\/\/noticiaempauta.com\/portal\/tse-suspende-eleicoes-em-dom-expedito-lopes-e-volta-valmir-barbosa-ao-cargo-de-prefeito\/"]}]},{"@type":"ImageObject","inLanguage":"pt-BR","@id":"https:\/\/noticiaempauta.com\/portal\/tse-suspende-eleicoes-em-dom-expedito-lopes-e-volta-valmir-barbosa-ao-cargo-de-prefeito\/#primaryimage","url":"https:\/\/noticiaempauta.com\/portal\/wp-content\/uploads\/2024\/03\/AB8AB6C6-4FE4-49A9-8343-BF18E2D97D75.jpeg","contentUrl":"https:\/\/noticiaempauta.com\/portal\/wp-content\/uploads\/2024\/03\/AB8AB6C6-4FE4-49A9-8343-BF18E2D97D75.jpeg","width":1200,"height":700},{"@type":"BreadcrumbList","@id":"https:\/\/noticiaempauta.com\/portal\/tse-suspende-eleicoes-em-dom-expedito-lopes-e-volta-valmir-barbosa-ao-cargo-de-prefeito\/#breadcrumb","itemListElement":[{"@type":"ListItem","position":1,"name":"P\u00e1gina Inicial","item":"https:\/\/noticiaempauta.com\/portal\/"},{"@type":"ListItem","position":2,"name":"Destaques","item":"https:\/\/noticiaempauta.com\/portal\/destaques-site\/"},{"@type":"ListItem","position":3,"name":"TSE suspende elei\u00e7\u00f5es em Dom Expedito Lopes e volta Valmir Barbosa ao cargo de prefeito"}]},{"@type":"WebSite","@id":"https:\/\/noticiaempauta.com\/portal\/#website","url":"https:\/\/noticiaempauta.com\/portal\/","name":"Portal Not\u00edcia em Pauta","description":"Voc\u00ea bem informado","publisher":{"@id":"https:\/\/noticiaempauta.com\/portal\/#organization"},"potentialAction":[{"@type":"SearchAction","target":{"@type":"EntryPoint","urlTemplate":"https:\/\/noticiaempauta.com\/portal\/?s={search_term_string}"},"query-input":{"@type":"PropertyValueSpecification","valueRequired":true,"valueName":"search_term_string"}}],"inLanguage":"pt-BR"},{"@type":"Organization","@id":"https:\/\/noticiaempauta.com\/portal\/#organization","name":"Portal Not\u00edcia em Pauta","url":"https:\/\/noticiaempauta.com\/portal\/","logo":{"@type":"ImageObject","inLanguage":"pt-BR","@id":"https:\/\/noticiaempauta.com\/portal\/#\/schema\/logo\/image\/","url":"https:\/\/noticiaempauta.com\/portal\/wp-content\/uploads\/2022\/08\/logomarca_tema.fw_.png","contentUrl":"https:\/\/noticiaempauta.com\/portal\/wp-content\/uploads\/2022\/08\/logomarca_tema.fw_.png","width":400,"height":232,"caption":"Portal Not\u00edcia em Pauta"},"image":{"@id":"https:\/\/noticiaempauta.com\/portal\/#\/schema\/logo\/image\/"},"sameAs":["https:\/\/www.facebook.com\/Portal-Notcia-Em-Pauta-102292869264820\/","https:\/\/www.instagram.com\/portalnoticiaempauta\/"]},{"@type":"Person","@id":"https:\/\/noticiaempauta.com\/portal\/#\/schema\/person\/a74af43dd1ab3deca45f988c717d57ac","name":"Reda\u00e7\u00e3o","image":{"@type":"ImageObject","inLanguage":"pt-BR","@id":"https:\/\/noticiaempauta.com\/portal\/#\/schema\/person\/image\/","url":"https:\/\/secure.gravatar.com\/avatar\/03179346ecce6cdfc13361603e8f54242a90e5cde8618fa23c5c00aa2b0aadf3?s=96&d=mm&r=g","contentUrl":"https:\/\/secure.gravatar.com\/avatar\/03179346ecce6cdfc13361603e8f54242a90e5cde8618fa23c5c00aa2b0aadf3?s=96&d=mm&r=g","caption":"Reda\u00e7\u00e3o"},"sameAs":["https:\/\/noticiaempauta.com\/portal\/"],"url":"https:\/\/noticiaempauta.com\/portal\/author\/fernando\/"}]}},"_links":{"self":[{"href":"https:\/\/noticiaempauta.com\/portal\/wp-json\/wp\/v2\/posts\/255369","targetHints":{"allow":["GET"]}}],"collection":[{"href":"https:\/\/noticiaempauta.com\/portal\/wp-json\/wp\/v2\/posts"}],"about":[{"href":"https:\/\/noticiaempauta.com\/portal\/wp-json\/wp\/v2\/types\/post"}],"author":[{"embeddable":true,"href":"https:\/\/noticiaempauta.com\/portal\/wp-json\/wp\/v2\/users\/2"}],"replies":[{"embeddable":true,"href":"https:\/\/noticiaempauta.com\/portal\/wp-json\/wp\/v2\/comments?post=255369"}],"version-history":[{"count":2,"href":"https:\/\/noticiaempauta.com\/portal\/wp-json\/wp\/v2\/posts\/255369\/revisions"}],"predecessor-version":[{"id":255373,"href":"https:\/\/noticiaempauta.com\/portal\/wp-json\/wp\/v2\/posts\/255369\/revisions\/255373"}],"wp:featuredmedia":[{"embeddable":true,"href":"https:\/\/noticiaempauta.com\/portal\/wp-json\/wp\/v2\/media\/255371"}],"wp:attachment":[{"href":"https:\/\/noticiaempauta.com\/portal\/wp-json\/wp\/v2\/media?parent=255369"}],"wp:term":[{"taxonomy":"category","embeddable":true,"href":"https:\/\/noticiaempauta.com\/portal\/wp-json\/wp\/v2\/categories?post=255369"},{"taxonomy":"post_tag","embeddable":true,"href":"https:\/\/noticiaempauta.com\/portal\/wp-json\/wp\/v2\/tags?post=255369"}],"curies":[{"name":"wp","href":"https:\/\/api.w.org\/{rel}","templated":true}]}}