{"id":255384,"date":"2024-03-01T18:21:29","date_gmt":"2024-03-01T21:21:29","guid":{"rendered":"https:\/\/noticiaempauta.com\/portal\/?p=255384"},"modified":"2024-03-01T18:32:07","modified_gmt":"2024-03-01T21:32:07","slug":"adesao-vereador-filo-portela-oficializa-apoio-a-pre-candidatura-de-pablo-santos","status":"publish","type":"post","link":"https:\/\/noticiaempauta.com\/portal\/adesao-vereador-filo-portela-oficializa-apoio-a-pre-candidatura-de-pablo-santos\/","title":{"rendered":"Ades\u00e3o | Vereador Fil\u00f3 Portela oficializa apoio a pr\u00e9-candidatura de Pablo Santos"},"content":{"rendered":"\n<p>Na tarde desta sexta-feira, 01 de mar\u00e7o, o pr\u00e9-candidato a prefeito de Picos, Dr. Pablo Santos (MDB), anunciou mais uma importante ades\u00e3o a sua pr\u00e9-candidatura.<\/p>\n\n\n\n<figure class=\"wp-block-image size-large\"><img fetchpriority=\"high\" decoding=\"async\" width=\"1024\" height=\"768\" src=\"https:\/\/noticiaempauta.com\/portal\/wp-content\/uploads\/2024\/03\/Snapinsta.app_428700403_18423672361065092_7744952652671387865_n_1080-1024x768.jpg\" alt=\"\" class=\"wp-image-255386\" srcset=\"https:\/\/noticiaempauta.com\/portal\/wp-content\/uploads\/2024\/03\/Snapinsta.app_428700403_18423672361065092_7744952652671387865_n_1080-1024x768.jpg 1024w, https:\/\/noticiaempauta.com\/portal\/wp-content\/uploads\/2024\/03\/Snapinsta.app_428700403_18423672361065092_7744952652671387865_n_1080-300x225.jpg 300w, https:\/\/noticiaempauta.com\/portal\/wp-content\/uploads\/2024\/03\/Snapinsta.app_428700403_18423672361065092_7744952652671387865_n_1080-768x576.jpg 768w, https:\/\/noticiaempauta.com\/portal\/wp-content\/uploads\/2024\/03\/Snapinsta.app_428700403_18423672361065092_7744952652671387865_n_1080.jpg 1080w\" sizes=\"(max-width: 1024px) 100vw, 1024px\" \/><\/figure>\n\n\n\n<p>Em an\u00fancio feito por meio de suas redes sociais, o pr\u00e9-candidato a prefeito de Picos, Dr. Pablo Santos, anunciou a ades\u00e3o do vereador Filomeno Portela (PP). \u201c12\u00b0 jogador titular<br>Obrigado vereador Filomeno e toda fam\u00edlia Portela\u201d, afirmou.<\/p>\n\n\n\n<p>Com a ades\u00e3o, o parlamentar que atualmente \u00e9 filiado ao Progressistas, deve mudar de partido com a abertura da janela partid\u00e1ria que abrir\u00e1 a partir do pr\u00f3ximo dia 7 mar\u00e7o, devendo migrar para um dos partidos aliados a pr\u00e9-candidatura de Pablo Santos em Picos.<\/p>\n\n\n\n<p>Atualmente, Dr. Pablo Santos conta com apoio de 12 vereadores, sendo eles: Hugo Victor (MDB), Rinaldinho (MDB), Vald\u00edvia Santos (PT), Wellington Dantas (PT), Dr. Eriberto (PP), Z\u00e9 Lu\u00eds (MDB), Dalva Moc\u00f3 (PTB), Marcos Buriti (PTB), Chaguinha (PTB), Filomeno Portela (PP), Toinho de Chic\u00e1 (PP) e Ant\u00f4nio Moura (PC do B).<\/p>\n\n\n\n<p><em>Com informa\u00e7\u00f5es do CidadesnaNet<\/em><\/p>\n","protected":false},"excerpt":{"rendered":"<p>Na tarde desta sexta-feira, 01 de mar\u00e7o, o pr\u00e9-candidato a prefeito de Picos, Dr. Pablo Santos (MDB), anunciou mais uma importante ades\u00e3o a sua pr\u00e9-candidatura. Em an\u00fancio feito por meio de suas redes sociais, o pr\u00e9-candidato a prefeito de Picos, Dr. Pablo Santos, anunciou a ades\u00e3o do vereador Filomeno Portela (PP). \u201c12\u00b0 jogador titularObrigado vereador [&hellip;]<\/p>\n","protected":false},"author":2,"featured_media":255386,"comment_status":"open","ping_status":"open","sticky":false,"template":"","format":"standard","meta":{"_mi_skip_tracking":false,"footnotes":""},"categories":[25,1,3,16],"tags":[192],"class_list":["post-255384","post","type-post","status-publish","format-standard","has-post-thumbnail","hentry","category-destaques-site","category-geral","category-politica","category-todas","tag-destaqueprincipal"],"acf":[],"yoast_head":"<!-- This site is optimized with the Yoast SEO Premium plugin v19.2 (Yoast SEO v26.9) - https:\/\/yoast.com\/product\/yoast-seo-premium-wordpress\/ -->\n<title>Ades\u00e3o | Vereador Fil\u00f3 Portela oficializa apoio a pr\u00e9-candidatura de Pablo Santos - Portal Not\u00edcia em Pauta<\/title>\n<meta name=\"robots\" content=\"index, follow, max-snippet:-1, max-image-preview:large, max-video-preview:-1\" \/>\n<link rel=\"canonical\" href=\"https:\/\/noticiaempauta.com\/portal\/adesao-vereador-filo-portela-oficializa-apoio-a-pre-candidatura-de-pablo-santos\/\" \/>\n<meta property=\"og:locale\" content=\"pt_BR\" \/>\n<meta property=\"og:type\" content=\"article\" \/>\n<meta property=\"og:title\" content=\"Ades\u00e3o | Vereador Fil\u00f3 Portela oficializa apoio a pr\u00e9-candidatura de Pablo Santos\" \/>\n<meta property=\"og:description\" content=\"Na tarde desta sexta-feira, 01 de mar\u00e7o, o pr\u00e9-candidato a prefeito de Picos, Dr. Pablo Santos (MDB), anunciou mais uma importante ades\u00e3o a sua pr\u00e9-candidatura. Em an\u00fancio feito por meio de suas redes sociais, o pr\u00e9-candidato a prefeito de Picos, Dr. Pablo Santos, anunciou a ades\u00e3o do vereador Filomeno Portela (PP). \u201c12\u00b0 jogador titularObrigado vereador [&hellip;]\" \/>\n<meta property=\"og:url\" content=\"https:\/\/noticiaempauta.com\/portal\/adesao-vereador-filo-portela-oficializa-apoio-a-pre-candidatura-de-pablo-santos\/\" \/>\n<meta property=\"og:site_name\" content=\"Portal Not\u00edcia em Pauta\" \/>\n<meta property=\"article:publisher\" content=\"https:\/\/www.facebook.com\/Portal-Notcia-Em-Pauta-102292869264820\/\" \/>\n<meta property=\"article:published_time\" content=\"2024-03-01T21:21:29+00:00\" \/>\n<meta property=\"article:modified_time\" content=\"2024-03-01T21:32:07+00:00\" \/>\n<meta property=\"og:image\" content=\"https:\/\/noticiaempauta.com\/portal\/wp-content\/uploads\/2024\/03\/Snapinsta.app_428700403_18423672361065092_7744952652671387865_n_1080.jpg\" \/>\n\t<meta property=\"og:image:width\" content=\"1080\" \/>\n\t<meta property=\"og:image:height\" content=\"810\" \/>\n\t<meta property=\"og:image:type\" content=\"image\/jpeg\" \/>\n<meta name=\"author\" content=\"Reda\u00e7\u00e3o\" \/>\n<meta name=\"twitter:card\" content=\"summary_large_image\" \/>\n<meta name=\"twitter:label1\" content=\"Escrito por\" \/>\n\t<meta name=\"twitter:data1\" content=\"Reda\u00e7\u00e3o\" \/>\n\t<meta name=\"twitter:label2\" content=\"Est. tempo de leitura\" \/>\n\t<meta name=\"twitter:data2\" content=\"2 minutos\" \/>\n<script type=\"application\/ld+json\" class=\"yoast-schema-graph\">{\"@context\":\"https:\/\/schema.org\",\"@graph\":[{\"@type\":\"Article\",\"@id\":\"https:\/\/noticiaempauta.com\/portal\/adesao-vereador-filo-portela-oficializa-apoio-a-pre-candidatura-de-pablo-santos\/#article\",\"isPartOf\":{\"@id\":\"https:\/\/noticiaempauta.com\/portal\/adesao-vereador-filo-portela-oficializa-apoio-a-pre-candidatura-de-pablo-santos\/\"},\"author\":{\"name\":\"Reda\u00e7\u00e3o\",\"@id\":\"https:\/\/noticiaempauta.com\/portal\/#\/schema\/person\/a74af43dd1ab3deca45f988c717d57ac\"},\"headline\":\"Ades\u00e3o | Vereador Fil\u00f3 Portela oficializa apoio a pr\u00e9-candidatura de Pablo Santos\",\"datePublished\":\"2024-03-01T21:21:29+00:00\",\"dateModified\":\"2024-03-01T21:32:07+00:00\",\"mainEntityOfPage\":{\"@id\":\"https:\/\/noticiaempauta.com\/portal\/adesao-vereador-filo-portela-oficializa-apoio-a-pre-candidatura-de-pablo-santos\/\"},\"wordCount\":184,\"commentCount\":0,\"publisher\":{\"@id\":\"https:\/\/noticiaempauta.com\/portal\/#organization\"},\"image\":{\"@id\":\"https:\/\/noticiaempauta.com\/portal\/adesao-vereador-filo-portela-oficializa-apoio-a-pre-candidatura-de-pablo-santos\/#primaryimage\"},\"thumbnailUrl\":\"https:\/\/noticiaempauta.com\/portal\/wp-content\/uploads\/2024\/03\/Snapinsta.app_428700403_18423672361065092_7744952652671387865_n_1080.jpg\",\"keywords\":[\"destaqueprincipal\"],\"articleSection\":[\"Destaques\",\"Geral\",\"Pol\u00edtica\",\"Todas as Not\u00edcias\"],\"inLanguage\":\"pt-BR\",\"potentialAction\":[{\"@type\":\"CommentAction\",\"name\":\"Comment\",\"target\":[\"https:\/\/noticiaempauta.com\/portal\/adesao-vereador-filo-portela-oficializa-apoio-a-pre-candidatura-de-pablo-santos\/#respond\"]}]},{\"@type\":\"WebPage\",\"@id\":\"https:\/\/noticiaempauta.com\/portal\/adesao-vereador-filo-portela-oficializa-apoio-a-pre-candidatura-de-pablo-santos\/\",\"url\":\"https:\/\/noticiaempauta.com\/portal\/adesao-vereador-filo-portela-oficializa-apoio-a-pre-candidatura-de-pablo-santos\/\",\"name\":\"Ades\u00e3o | Vereador Fil\u00f3 Portela oficializa apoio a pr\u00e9-candidatura de Pablo Santos - Portal Not\u00edcia em Pauta\",\"isPartOf\":{\"@id\":\"https:\/\/noticiaempauta.com\/portal\/#website\"},\"primaryImageOfPage\":{\"@id\":\"https:\/\/noticiaempauta.com\/portal\/adesao-vereador-filo-portela-oficializa-apoio-a-pre-candidatura-de-pablo-santos\/#primaryimage\"},\"image\":{\"@id\":\"https:\/\/noticiaempauta.com\/portal\/adesao-vereador-filo-portela-oficializa-apoio-a-pre-candidatura-de-pablo-santos\/#primaryimage\"},\"thumbnailUrl\":\"https:\/\/noticiaempauta.com\/portal\/wp-content\/uploads\/2024\/03\/Snapinsta.app_428700403_18423672361065092_7744952652671387865_n_1080.jpg\",\"datePublished\":\"2024-03-01T21:21:29+00:00\",\"dateModified\":\"2024-03-01T21:32:07+00:00\",\"breadcrumb\":{\"@id\":\"https:\/\/noticiaempauta.com\/portal\/adesao-vereador-filo-portela-oficializa-apoio-a-pre-candidatura-de-pablo-santos\/#breadcrumb\"},\"inLanguage\":\"pt-BR\",\"potentialAction\":[{\"@type\":\"ReadAction\",\"target\":[\"https:\/\/noticiaempauta.com\/portal\/adesao-vereador-filo-portela-oficializa-apoio-a-pre-candidatura-de-pablo-santos\/\"]}]},{\"@type\":\"ImageObject\",\"inLanguage\":\"pt-BR\",\"@id\":\"https:\/\/noticiaempauta.com\/portal\/adesao-vereador-filo-portela-oficializa-apoio-a-pre-candidatura-de-pablo-santos\/#primaryimage\",\"url\":\"https:\/\/noticiaempauta.com\/portal\/wp-content\/uploads\/2024\/03\/Snapinsta.app_428700403_18423672361065092_7744952652671387865_n_1080.jpg\",\"contentUrl\":\"https:\/\/noticiaempauta.com\/portal\/wp-content\/uploads\/2024\/03\/Snapinsta.app_428700403_18423672361065092_7744952652671387865_n_1080.jpg\",\"width\":1080,\"height\":810},{\"@type\":\"BreadcrumbList\",\"@id\":\"https:\/\/noticiaempauta.com\/portal\/adesao-vereador-filo-portela-oficializa-apoio-a-pre-candidatura-de-pablo-santos\/#breadcrumb\",\"itemListElement\":[{\"@type\":\"ListItem\",\"position\":1,\"name\":\"P\u00e1gina Inicial\",\"item\":\"https:\/\/noticiaempauta.com\/portal\/\"},{\"@type\":\"ListItem\",\"position\":2,\"name\":\"Destaques\",\"item\":\"https:\/\/noticiaempauta.com\/portal\/destaques-site\/\"},{\"@type\":\"ListItem\",\"position\":3,\"name\":\"Ades\u00e3o | Vereador Fil\u00f3 Portela oficializa apoio a pr\u00e9-candidatura de Pablo Santos\"}]},{\"@type\":\"WebSite\",\"@id\":\"https:\/\/noticiaempauta.com\/portal\/#website\",\"url\":\"https:\/\/noticiaempauta.com\/portal\/\",\"name\":\"Portal Not\u00edcia em Pauta\",\"description\":\"Voc\u00ea bem informado\",\"publisher\":{\"@id\":\"https:\/\/noticiaempauta.com\/portal\/#organization\"},\"potentialAction\":[{\"@type\":\"SearchAction\",\"target\":{\"@type\":\"EntryPoint\",\"urlTemplate\":\"https:\/\/noticiaempauta.com\/portal\/?s={search_term_string}\"},\"query-input\":{\"@type\":\"PropertyValueSpecification\",\"valueRequired\":true,\"valueName\":\"search_term_string\"}}],\"inLanguage\":\"pt-BR\"},{\"@type\":\"Organization\",\"@id\":\"https:\/\/noticiaempauta.com\/portal\/#organization\",\"name\":\"Portal Not\u00edcia em Pauta\",\"url\":\"https:\/\/noticiaempauta.com\/portal\/\",\"logo\":{\"@type\":\"ImageObject\",\"inLanguage\":\"pt-BR\",\"@id\":\"https:\/\/noticiaempauta.com\/portal\/#\/schema\/logo\/image\/\",\"url\":\"https:\/\/noticiaempauta.com\/portal\/wp-content\/uploads\/2022\/08\/logomarca_tema.fw_.png\",\"contentUrl\":\"https:\/\/noticiaempauta.com\/portal\/wp-content\/uploads\/2022\/08\/logomarca_tema.fw_.png\",\"width\":400,\"height\":232,\"caption\":\"Portal Not\u00edcia em Pauta\"},\"image\":{\"@id\":\"https:\/\/noticiaempauta.com\/portal\/#\/schema\/logo\/image\/\"},\"sameAs\":[\"https:\/\/www.facebook.com\/Portal-Notcia-Em-Pauta-102292869264820\/\",\"https:\/\/www.instagram.com\/portalnoticiaempauta\/\"]},{\"@type\":\"Person\",\"@id\":\"https:\/\/noticiaempauta.com\/portal\/#\/schema\/person\/a74af43dd1ab3deca45f988c717d57ac\",\"name\":\"Reda\u00e7\u00e3o\",\"image\":{\"@type\":\"ImageObject\",\"inLanguage\":\"pt-BR\",\"@id\":\"https:\/\/noticiaempauta.com\/portal\/#\/schema\/person\/image\/\",\"url\":\"https:\/\/secure.gravatar.com\/avatar\/03179346ecce6cdfc13361603e8f54242a90e5cde8618fa23c5c00aa2b0aadf3?s=96&d=mm&r=g\",\"contentUrl\":\"https:\/\/secure.gravatar.com\/avatar\/03179346ecce6cdfc13361603e8f54242a90e5cde8618fa23c5c00aa2b0aadf3?s=96&d=mm&r=g\",\"caption\":\"Reda\u00e7\u00e3o\"},\"sameAs\":[\"https:\/\/noticiaempauta.com\/portal\/\"],\"url\":\"https:\/\/noticiaempauta.com\/portal\/author\/fernando\/\"}]}<\/script>\n<!-- \/ Yoast SEO Premium plugin. -->","yoast_head_json":{"title":"Ades\u00e3o | Vereador Fil\u00f3 Portela oficializa apoio a pr\u00e9-candidatura de Pablo Santos - Portal Not\u00edcia em Pauta","robots":{"index":"index","follow":"follow","max-snippet":"max-snippet:-1","max-image-preview":"max-image-preview:large","max-video-preview":"max-video-preview:-1"},"canonical":"https:\/\/noticiaempauta.com\/portal\/adesao-vereador-filo-portela-oficializa-apoio-a-pre-candidatura-de-pablo-santos\/","og_locale":"pt_BR","og_type":"article","og_title":"Ades\u00e3o | Vereador Fil\u00f3 Portela oficializa apoio a pr\u00e9-candidatura de Pablo Santos","og_description":"Na tarde desta sexta-feira, 01 de mar\u00e7o, o pr\u00e9-candidato a prefeito de Picos, Dr. Pablo Santos (MDB), anunciou mais uma importante ades\u00e3o a sua pr\u00e9-candidatura. Em an\u00fancio feito por meio de suas redes sociais, o pr\u00e9-candidato a prefeito de Picos, Dr. Pablo Santos, anunciou a ades\u00e3o do vereador Filomeno Portela (PP). \u201c12\u00b0 jogador titularObrigado vereador [&hellip;]","og_url":"https:\/\/noticiaempauta.com\/portal\/adesao-vereador-filo-portela-oficializa-apoio-a-pre-candidatura-de-pablo-santos\/","og_site_name":"Portal Not\u00edcia em Pauta","article_publisher":"https:\/\/www.facebook.com\/Portal-Notcia-Em-Pauta-102292869264820\/","article_published_time":"2024-03-01T21:21:29+00:00","article_modified_time":"2024-03-01T21:32:07+00:00","og_image":[{"width":1080,"height":810,"url":"https:\/\/noticiaempauta.com\/portal\/wp-content\/uploads\/2024\/03\/Snapinsta.app_428700403_18423672361065092_7744952652671387865_n_1080.jpg","type":"image\/jpeg"}],"author":"Reda\u00e7\u00e3o","twitter_card":"summary_large_image","twitter_misc":{"Escrito por":"Reda\u00e7\u00e3o","Est. tempo de leitura":"2 minutos"},"schema":{"@context":"https:\/\/schema.org","@graph":[{"@type":"Article","@id":"https:\/\/noticiaempauta.com\/portal\/adesao-vereador-filo-portela-oficializa-apoio-a-pre-candidatura-de-pablo-santos\/#article","isPartOf":{"@id":"https:\/\/noticiaempauta.com\/portal\/adesao-vereador-filo-portela-oficializa-apoio-a-pre-candidatura-de-pablo-santos\/"},"author":{"name":"Reda\u00e7\u00e3o","@id":"https:\/\/noticiaempauta.com\/portal\/#\/schema\/person\/a74af43dd1ab3deca45f988c717d57ac"},"headline":"Ades\u00e3o | Vereador Fil\u00f3 Portela oficializa apoio a pr\u00e9-candidatura de Pablo Santos","datePublished":"2024-03-01T21:21:29+00:00","dateModified":"2024-03-01T21:32:07+00:00","mainEntityOfPage":{"@id":"https:\/\/noticiaempauta.com\/portal\/adesao-vereador-filo-portela-oficializa-apoio-a-pre-candidatura-de-pablo-santos\/"},"wordCount":184,"commentCount":0,"publisher":{"@id":"https:\/\/noticiaempauta.com\/portal\/#organization"},"image":{"@id":"https:\/\/noticiaempauta.com\/portal\/adesao-vereador-filo-portela-oficializa-apoio-a-pre-candidatura-de-pablo-santos\/#primaryimage"},"thumbnailUrl":"https:\/\/noticiaempauta.com\/portal\/wp-content\/uploads\/2024\/03\/Snapinsta.app_428700403_18423672361065092_7744952652671387865_n_1080.jpg","keywords":["destaqueprincipal"],"articleSection":["Destaques","Geral","Pol\u00edtica","Todas as Not\u00edcias"],"inLanguage":"pt-BR","potentialAction":[{"@type":"CommentAction","name":"Comment","target":["https:\/\/noticiaempauta.com\/portal\/adesao-vereador-filo-portela-oficializa-apoio-a-pre-candidatura-de-pablo-santos\/#respond"]}]},{"@type":"WebPage","@id":"https:\/\/noticiaempauta.com\/portal\/adesao-vereador-filo-portela-oficializa-apoio-a-pre-candidatura-de-pablo-santos\/","url":"https:\/\/noticiaempauta.com\/portal\/adesao-vereador-filo-portela-oficializa-apoio-a-pre-candidatura-de-pablo-santos\/","name":"Ades\u00e3o | Vereador Fil\u00f3 Portela oficializa apoio a pr\u00e9-candidatura de Pablo Santos - Portal Not\u00edcia em Pauta","isPartOf":{"@id":"https:\/\/noticiaempauta.com\/portal\/#website"},"primaryImageOfPage":{"@id":"https:\/\/noticiaempauta.com\/portal\/adesao-vereador-filo-portela-oficializa-apoio-a-pre-candidatura-de-pablo-santos\/#primaryimage"},"image":{"@id":"https:\/\/noticiaempauta.com\/portal\/adesao-vereador-filo-portela-oficializa-apoio-a-pre-candidatura-de-pablo-santos\/#primaryimage"},"thumbnailUrl":"https:\/\/noticiaempauta.com\/portal\/wp-content\/uploads\/2024\/03\/Snapinsta.app_428700403_18423672361065092_7744952652671387865_n_1080.jpg","datePublished":"2024-03-01T21:21:29+00:00","dateModified":"2024-03-01T21:32:07+00:00","breadcrumb":{"@id":"https:\/\/noticiaempauta.com\/portal\/adesao-vereador-filo-portela-oficializa-apoio-a-pre-candidatura-de-pablo-santos\/#breadcrumb"},"inLanguage":"pt-BR","potentialAction":[{"@type":"ReadAction","target":["https:\/\/noticiaempauta.com\/portal\/adesao-vereador-filo-portela-oficializa-apoio-a-pre-candidatura-de-pablo-santos\/"]}]},{"@type":"ImageObject","inLanguage":"pt-BR","@id":"https:\/\/noticiaempauta.com\/portal\/adesao-vereador-filo-portela-oficializa-apoio-a-pre-candidatura-de-pablo-santos\/#primaryimage","url":"https:\/\/noticiaempauta.com\/portal\/wp-content\/uploads\/2024\/03\/Snapinsta.app_428700403_18423672361065092_7744952652671387865_n_1080.jpg","contentUrl":"https:\/\/noticiaempauta.com\/portal\/wp-content\/uploads\/2024\/03\/Snapinsta.app_428700403_18423672361065092_7744952652671387865_n_1080.jpg","width":1080,"height":810},{"@type":"BreadcrumbList","@id":"https:\/\/noticiaempauta.com\/portal\/adesao-vereador-filo-portela-oficializa-apoio-a-pre-candidatura-de-pablo-santos\/#breadcrumb","itemListElement":[{"@type":"ListItem","position":1,"name":"P\u00e1gina Inicial","item":"https:\/\/noticiaempauta.com\/portal\/"},{"@type":"ListItem","position":2,"name":"Destaques","item":"https:\/\/noticiaempauta.com\/portal\/destaques-site\/"},{"@type":"ListItem","position":3,"name":"Ades\u00e3o | Vereador Fil\u00f3 Portela oficializa apoio a pr\u00e9-candidatura de Pablo Santos"}]},{"@type":"WebSite","@id":"https:\/\/noticiaempauta.com\/portal\/#website","url":"https:\/\/noticiaempauta.com\/portal\/","name":"Portal Not\u00edcia em Pauta","description":"Voc\u00ea bem informado","publisher":{"@id":"https:\/\/noticiaempauta.com\/portal\/#organization"},"potentialAction":[{"@type":"SearchAction","target":{"@type":"EntryPoint","urlTemplate":"https:\/\/noticiaempauta.com\/portal\/?s={search_term_string}"},"query-input":{"@type":"PropertyValueSpecification","valueRequired":true,"valueName":"search_term_string"}}],"inLanguage":"pt-BR"},{"@type":"Organization","@id":"https:\/\/noticiaempauta.com\/portal\/#organization","name":"Portal Not\u00edcia em Pauta","url":"https:\/\/noticiaempauta.com\/portal\/","logo":{"@type":"ImageObject","inLanguage":"pt-BR","@id":"https:\/\/noticiaempauta.com\/portal\/#\/schema\/logo\/image\/","url":"https:\/\/noticiaempauta.com\/portal\/wp-content\/uploads\/2022\/08\/logomarca_tema.fw_.png","contentUrl":"https:\/\/noticiaempauta.com\/portal\/wp-content\/uploads\/2022\/08\/logomarca_tema.fw_.png","width":400,"height":232,"caption":"Portal Not\u00edcia em Pauta"},"image":{"@id":"https:\/\/noticiaempauta.com\/portal\/#\/schema\/logo\/image\/"},"sameAs":["https:\/\/www.facebook.com\/Portal-Notcia-Em-Pauta-102292869264820\/","https:\/\/www.instagram.com\/portalnoticiaempauta\/"]},{"@type":"Person","@id":"https:\/\/noticiaempauta.com\/portal\/#\/schema\/person\/a74af43dd1ab3deca45f988c717d57ac","name":"Reda\u00e7\u00e3o","image":{"@type":"ImageObject","inLanguage":"pt-BR","@id":"https:\/\/noticiaempauta.com\/portal\/#\/schema\/person\/image\/","url":"https:\/\/secure.gravatar.com\/avatar\/03179346ecce6cdfc13361603e8f54242a90e5cde8618fa23c5c00aa2b0aadf3?s=96&d=mm&r=g","contentUrl":"https:\/\/secure.gravatar.com\/avatar\/03179346ecce6cdfc13361603e8f54242a90e5cde8618fa23c5c00aa2b0aadf3?s=96&d=mm&r=g","caption":"Reda\u00e7\u00e3o"},"sameAs":["https:\/\/noticiaempauta.com\/portal\/"],"url":"https:\/\/noticiaempauta.com\/portal\/author\/fernando\/"}]}},"_links":{"self":[{"href":"https:\/\/noticiaempauta.com\/portal\/wp-json\/wp\/v2\/posts\/255384","targetHints":{"allow":["GET"]}}],"collection":[{"href":"https:\/\/noticiaempauta.com\/portal\/wp-json\/wp\/v2\/posts"}],"about":[{"href":"https:\/\/noticiaempauta.com\/portal\/wp-json\/wp\/v2\/types\/post"}],"author":[{"embeddable":true,"href":"https:\/\/noticiaempauta.com\/portal\/wp-json\/wp\/v2\/users\/2"}],"replies":[{"embeddable":true,"href":"https:\/\/noticiaempauta.com\/portal\/wp-json\/wp\/v2\/comments?post=255384"}],"version-history":[{"count":8,"href":"https:\/\/noticiaempauta.com\/portal\/wp-json\/wp\/v2\/posts\/255384\/revisions"}],"predecessor-version":[{"id":255394,"href":"https:\/\/noticiaempauta.com\/portal\/wp-json\/wp\/v2\/posts\/255384\/revisions\/255394"}],"wp:featuredmedia":[{"embeddable":true,"href":"https:\/\/noticiaempauta.com\/portal\/wp-json\/wp\/v2\/media\/255386"}],"wp:attachment":[{"href":"https:\/\/noticiaempauta.com\/portal\/wp-json\/wp\/v2\/media?parent=255384"}],"wp:term":[{"taxonomy":"category","embeddable":true,"href":"https:\/\/noticiaempauta.com\/portal\/wp-json\/wp\/v2\/categories?post=255384"},{"taxonomy":"post_tag","embeddable":true,"href":"https:\/\/noticiaempauta.com\/portal\/wp-json\/wp\/v2\/tags?post=255384"}],"curies":[{"name":"wp","href":"https:\/\/api.w.org\/{rel}","templated":true}]}}