{"id":255422,"date":"2024-03-03T12:21:43","date_gmt":"2024-03-03T15:21:43","guid":{"rendered":"https:\/\/noticiaempauta.com\/portal\/?p=255422"},"modified":"2024-03-03T12:21:44","modified_gmt":"2024-03-03T15:21:44","slug":"monsenhor-hipolito-djalma-policarpo-e-mariozan-rocha-selam-alianca-politica-durante-encontro-com-correligionarios-e-amigos","status":"publish","type":"post","link":"https:\/\/noticiaempauta.com\/portal\/monsenhor-hipolito-djalma-policarpo-e-mariozan-rocha-selam-alianca-politica-durante-encontro-com-correligionarios-e-amigos\/","title":{"rendered":"Monsenhor Hip\u00f3lito | Djalma Policarpo e Mariozan Rocha selam alian\u00e7a pol\u00edtica durante encontro com correligion\u00e1rios e amigos"},"content":{"rendered":"\n<p>A pol\u00edtica da cidade de Monsenhor Hip\u00f3lito  novamente \u00e9 um dos assuntos mais comentados da regi\u00e3o centro-sul do Piau\u00ed.<\/p>\n\n\n\n<figure class=\"wp-block-image size-full\"><img fetchpriority=\"high\" decoding=\"async\" width=\"1024\" height=\"673\" src=\"https:\/\/noticiaempauta.com\/portal\/wp-content\/uploads\/2024\/03\/8D32DA0E-5EF7-4A64-B546-46C522FC917C.jpeg\" alt=\"\" class=\"wp-image-255424\" srcset=\"https:\/\/noticiaempauta.com\/portal\/wp-content\/uploads\/2024\/03\/8D32DA0E-5EF7-4A64-B546-46C522FC917C.jpeg 1024w, https:\/\/noticiaempauta.com\/portal\/wp-content\/uploads\/2024\/03\/8D32DA0E-5EF7-4A64-B546-46C522FC917C-300x197.jpeg 300w, https:\/\/noticiaempauta.com\/portal\/wp-content\/uploads\/2024\/03\/8D32DA0E-5EF7-4A64-B546-46C522FC917C-768x505.jpeg 768w\" sizes=\"(max-width: 1024px) 100vw, 1024px\" \/><\/figure>\n\n\n\n<p>O destaque agora \u00e9 a uni\u00e3o do cantor Mariozan Rocha do Partido dos Trabalhadores (PT) com o prefeito Djalma Policarpo (Progressistas), firmada oficialmente, na noite deste s\u00e1bado, 02 de mar\u00e7o. O encontro aconteceu na resid\u00eancia de Ces\u00e1rio Rocha, pai de Mariozan, na BR 020, e reuniu diversos apoiadores, correligion\u00e1rios, lideran\u00e7as pol\u00edticas da sede e da zona rural, vereadores e secret\u00e1rios.<\/p>\n\n\n\n<figure class=\"wp-block-image size-full\"><img decoding=\"async\" width=\"1024\" height=\"673\" src=\"https:\/\/noticiaempauta.com\/portal\/wp-content\/uploads\/2024\/03\/E5DCC468-7FE2-4EB2-977D-46CBCE9D7237.jpeg\" alt=\"\" class=\"wp-image-255428\" srcset=\"https:\/\/noticiaempauta.com\/portal\/wp-content\/uploads\/2024\/03\/E5DCC468-7FE2-4EB2-977D-46CBCE9D7237.jpeg 1024w, https:\/\/noticiaempauta.com\/portal\/wp-content\/uploads\/2024\/03\/E5DCC468-7FE2-4EB2-977D-46CBCE9D7237-300x197.jpeg 300w, https:\/\/noticiaempauta.com\/portal\/wp-content\/uploads\/2024\/03\/E5DCC468-7FE2-4EB2-977D-46CBCE9D7237-768x505.jpeg 768w\" sizes=\"(max-width: 1024px) 100vw, 1024px\" \/><\/figure>\n\n\n\n<p>Djalma Policarpo \u00e9 pr\u00e9-candidato \u00e0 reelei\u00e7\u00e3o em Monsenhor Hip\u00f3lito e vai marchar junto com o cantor Mariozan Rocha confirmado como pr\u00e9-candidato \u00e0 vice-prefeito.<\/p>\n\n\n\n<figure class=\"wp-block-image size-full\"><img decoding=\"async\" width=\"1024\" height=\"673\" src=\"https:\/\/noticiaempauta.com\/portal\/wp-content\/uploads\/2024\/03\/8CDFA12A-F8FB-4D19-9BA6-0E41E3516A7F.jpeg\" alt=\"\" class=\"wp-image-255436\" srcset=\"https:\/\/noticiaempauta.com\/portal\/wp-content\/uploads\/2024\/03\/8CDFA12A-F8FB-4D19-9BA6-0E41E3516A7F.jpeg 1024w, https:\/\/noticiaempauta.com\/portal\/wp-content\/uploads\/2024\/03\/8CDFA12A-F8FB-4D19-9BA6-0E41E3516A7F-300x197.jpeg 300w, https:\/\/noticiaempauta.com\/portal\/wp-content\/uploads\/2024\/03\/8CDFA12A-F8FB-4D19-9BA6-0E41E3516A7F-768x505.jpeg 768w\" sizes=\"(max-width: 1024px) 100vw, 1024px\" \/><\/figure>\n\n\n\n<p>O prefeito Djalma parabenizou Mariozan por todo o trabalho empenhado na pol\u00edtica e pelo povo de Monsenhor Hip\u00f3lito no decorrer dos \u00faltimos tr\u00eas anos. \u201cN\u00e3o tem coisa melhor do que a fus\u00e3o de uma coliga\u00e7\u00e3o com quem trabalha. Estamos aqui na 020 e aqui tem muito cal\u00e7amento feito pelo prefeito Djalma e por Mariozan Rocha\u201d, disse pontuando obras na educa\u00e7\u00e3o, assist\u00eancia social, e outras \u00e1reas.<\/p>\n\n\n\n<figure class=\"wp-block-image size-full\"><img loading=\"lazy\" decoding=\"async\" width=\"1024\" height=\"673\" src=\"https:\/\/noticiaempauta.com\/portal\/wp-content\/uploads\/2024\/03\/E5A393E9-9A8E-4C89-9C80-0B630ACD1A04.jpeg\" alt=\"\" class=\"wp-image-255425\" srcset=\"https:\/\/noticiaempauta.com\/portal\/wp-content\/uploads\/2024\/03\/E5A393E9-9A8E-4C89-9C80-0B630ACD1A04.jpeg 1024w, https:\/\/noticiaempauta.com\/portal\/wp-content\/uploads\/2024\/03\/E5A393E9-9A8E-4C89-9C80-0B630ACD1A04-300x197.jpeg 300w, https:\/\/noticiaempauta.com\/portal\/wp-content\/uploads\/2024\/03\/E5A393E9-9A8E-4C89-9C80-0B630ACD1A04-768x505.jpeg 768w\" sizes=\"(max-width: 1024px) 100vw, 1024px\" \/><\/figure>\n\n\n\n<p>\u201cNesses \u00faltimos tr\u00eas anos quem trabalhou por Monsenhor Hip\u00f3lito foi Djalma Policarpo e Mariozan Rocha. A vez \u00e9 de quem trabalha. N\u00e3o queremos retroceder. N\u00e3o queremos falar de advers\u00e1rio. Queremos uma cidade com pessoas comprometidas. Fomos analisando: Mariozan ficou aqui na cidade trabalhando. Essa aqui \u00e9 uma coliga\u00e7\u00e3o de quem quer trabalhar. Estamos aqui eu e Mariozan com o apoio do povo. \u00c9 Djalma Policarpo e Mariozan Rocha, prefeito e vice-prefeito\u201d, completou o prefeito que \u00e9 pr\u00e9-candidato \u00e0 reelei\u00e7\u00e3o.<\/p>\n\n\n\n<figure class=\"wp-block-image size-full\"><img loading=\"lazy\" decoding=\"async\" width=\"1024\" height=\"673\" src=\"https:\/\/noticiaempauta.com\/portal\/wp-content\/uploads\/2024\/03\/7A65EE60-2B14-4C94-B5BE-2EB5D87CE8E4.jpeg\" alt=\"\" class=\"wp-image-255426\" srcset=\"https:\/\/noticiaempauta.com\/portal\/wp-content\/uploads\/2024\/03\/7A65EE60-2B14-4C94-B5BE-2EB5D87CE8E4.jpeg 1024w, https:\/\/noticiaempauta.com\/portal\/wp-content\/uploads\/2024\/03\/7A65EE60-2B14-4C94-B5BE-2EB5D87CE8E4-300x197.jpeg 300w, https:\/\/noticiaempauta.com\/portal\/wp-content\/uploads\/2024\/03\/7A65EE60-2B14-4C94-B5BE-2EB5D87CE8E4-768x505.jpeg 768w\" sizes=\"(max-width: 1024px) 100vw, 1024px\" \/><\/figure>\n\n\n\n<p>Mariozan elogiou a din\u00e2mica do trabalho de Djalma. \u201cAs benfeitorias que ele tem feito se encaixam perfeitamente com meu perfil [\u2026] a din\u00e2mica do trabalho de Djalma\u201d, declarou.<\/p>\n\n\n\n<figure class=\"wp-block-image size-full\"><img loading=\"lazy\" decoding=\"async\" width=\"811\" height=\"600\" src=\"https:\/\/noticiaempauta.com\/portal\/wp-content\/uploads\/2024\/03\/CB72933D-9C9E-4947-A972-4300B16B1C8F.jpeg\" alt=\"\" class=\"wp-image-255429\" srcset=\"https:\/\/noticiaempauta.com\/portal\/wp-content\/uploads\/2024\/03\/CB72933D-9C9E-4947-A972-4300B16B1C8F.jpeg 811w, https:\/\/noticiaempauta.com\/portal\/wp-content\/uploads\/2024\/03\/CB72933D-9C9E-4947-A972-4300B16B1C8F-300x222.jpeg 300w, https:\/\/noticiaempauta.com\/portal\/wp-content\/uploads\/2024\/03\/CB72933D-9C9E-4947-A972-4300B16B1C8F-768x568.jpeg 768w\" sizes=\"(max-width: 811px) 100vw, 811px\" \/><\/figure>\n\n\n\n<p>\u201c Eu estou por amor ao meu munic\u00edpio e ao meu povo. Tivemos nosso di\u00e1logo, deu certo nossa uni\u00e3o e vamos trabalhar para ganharmos a elei\u00e7\u00e3o primeiro e poder trazer bons frutos pela frente. Eu fiquei aqui diante de meus deputados, meu governador, trazendo obras. Aqui na Br 020 tem quatro vilas e est\u00e3o todas cal\u00e7adas. Fomos n\u00f3s\u201d, destacou.<\/p>\n\n\n\n<figure class=\"wp-block-image size-full\"><img loading=\"lazy\" decoding=\"async\" width=\"1024\" height=\"673\" src=\"https:\/\/noticiaempauta.com\/portal\/wp-content\/uploads\/2024\/03\/6256F9EC-EA1B-47F1-B965-7B49B1A4A24D.jpeg\" alt=\"\" class=\"wp-image-255427\" srcset=\"https:\/\/noticiaempauta.com\/portal\/wp-content\/uploads\/2024\/03\/6256F9EC-EA1B-47F1-B965-7B49B1A4A24D.jpeg 1024w, https:\/\/noticiaempauta.com\/portal\/wp-content\/uploads\/2024\/03\/6256F9EC-EA1B-47F1-B965-7B49B1A4A24D-300x197.jpeg 300w, https:\/\/noticiaempauta.com\/portal\/wp-content\/uploads\/2024\/03\/6256F9EC-EA1B-47F1-B965-7B49B1A4A24D-768x505.jpeg 768w\" sizes=\"(max-width: 1024px) 100vw, 1024px\" \/><\/figure>\n\n\n\n<p>\u201cE agora juntar nossas for\u00e7as: a do prefeito Djalma, a de Mariozan, do nosso grupo, nossos deputados e a for\u00e7a do povo que \u00e9 mais importante\u201d, concluiu o pr\u00e9-candidato \u00e0 vice-prefeito de Monsenhor Hip\u00f3lito.<\/p>\n\n\n\n<figure class=\"wp-block-image size-full\"><img loading=\"lazy\" decoding=\"async\" width=\"1024\" height=\"673\" src=\"https:\/\/noticiaempauta.com\/portal\/wp-content\/uploads\/2024\/03\/1D1BE08E-F679-46A7-9D09-11EB4FC4106A.jpeg\" alt=\"\" class=\"wp-image-255430\" srcset=\"https:\/\/noticiaempauta.com\/portal\/wp-content\/uploads\/2024\/03\/1D1BE08E-F679-46A7-9D09-11EB4FC4106A.jpeg 1024w, https:\/\/noticiaempauta.com\/portal\/wp-content\/uploads\/2024\/03\/1D1BE08E-F679-46A7-9D09-11EB4FC4106A-300x197.jpeg 300w, https:\/\/noticiaempauta.com\/portal\/wp-content\/uploads\/2024\/03\/1D1BE08E-F679-46A7-9D09-11EB4FC4106A-768x505.jpeg 768w\" sizes=\"(max-width: 1024px) 100vw, 1024px\" \/><\/figure>\n\n\n\n<p>Antes do encontro oficial deste s\u00e1bado, o cantor anunciou em uma rede social, na sexta-feira, 1\u00ba de mar\u00e7o, que iria se unir com Djalma rumo \u00e0 campanha eleitoral.<\/p>\n\n\n\n<figure class=\"wp-block-image size-full\"><img loading=\"lazy\" decoding=\"async\" width=\"1024\" height=\"673\" src=\"https:\/\/noticiaempauta.com\/portal\/wp-content\/uploads\/2024\/03\/21EDED1E-537C-411C-B10F-8786B36EAA74.jpeg\" alt=\"\" class=\"wp-image-255431\" srcset=\"https:\/\/noticiaempauta.com\/portal\/wp-content\/uploads\/2024\/03\/21EDED1E-537C-411C-B10F-8786B36EAA74.jpeg 1024w, https:\/\/noticiaempauta.com\/portal\/wp-content\/uploads\/2024\/03\/21EDED1E-537C-411C-B10F-8786B36EAA74-300x197.jpeg 300w, https:\/\/noticiaempauta.com\/portal\/wp-content\/uploads\/2024\/03\/21EDED1E-537C-411C-B10F-8786B36EAA74-768x505.jpeg 768w\" sizes=\"(max-width: 1024px) 100vw, 1024px\" \/><\/figure>\n\n\n\n<p>Djalma \u00e9 advogado e possui bastante experi\u00eancia na pol\u00edtica. Al\u00e9m de ser prefeito em exerc\u00edcio, ele j\u00e1 foi vereador e tamb\u00e9m vice-prefeito (2013-2016). Nas elei\u00e7\u00f5es de 2020 obteve 3.041 eleitores, correspondente a 51,57 votos v\u00e1lidos, contra 2.856 votos (48,43% dos votos v\u00e1lidos) do candidato Dr. Zenon Bezerra que n\u00e3o conseguiu a reelei\u00e7\u00e3o.<\/p>\n\n\n\n<figure class=\"wp-block-image size-full\"><img loading=\"lazy\" decoding=\"async\" width=\"1024\" height=\"673\" src=\"https:\/\/noticiaempauta.com\/portal\/wp-content\/uploads\/2024\/03\/95D5D0B8-427A-4472-8E19-10F23FC82F96.jpeg\" alt=\"\" class=\"wp-image-255432\" srcset=\"https:\/\/noticiaempauta.com\/portal\/wp-content\/uploads\/2024\/03\/95D5D0B8-427A-4472-8E19-10F23FC82F96.jpeg 1024w, https:\/\/noticiaempauta.com\/portal\/wp-content\/uploads\/2024\/03\/95D5D0B8-427A-4472-8E19-10F23FC82F96-300x197.jpeg 300w, https:\/\/noticiaempauta.com\/portal\/wp-content\/uploads\/2024\/03\/95D5D0B8-427A-4472-8E19-10F23FC82F96-768x505.jpeg 768w\" sizes=\"(max-width: 1024px) 100vw, 1024px\" \/><\/figure>\n\n\n\n<p>Al\u00e9m de Djalma, sua esposa Josefina Policarpo foi eleita vice-prefeita em 2016 se destacando na hist\u00f3ria hipolitana como a primeira vice-prefeita eleita, considerado tamb\u00e9m como um marco para a participa\u00e7\u00e3o feminina no executivo do munic\u00edpio.<\/p>\n\n\n\n<figure class=\"wp-block-image size-full\"><img loading=\"lazy\" decoding=\"async\" width=\"1024\" height=\"673\" src=\"https:\/\/noticiaempauta.com\/portal\/wp-content\/uploads\/2024\/03\/1E6C3FC2-B0B8-4132-A516-27B8B5AEC7B1.jpeg\" alt=\"\" class=\"wp-image-255435\" srcset=\"https:\/\/noticiaempauta.com\/portal\/wp-content\/uploads\/2024\/03\/1E6C3FC2-B0B8-4132-A516-27B8B5AEC7B1.jpeg 1024w, https:\/\/noticiaempauta.com\/portal\/wp-content\/uploads\/2024\/03\/1E6C3FC2-B0B8-4132-A516-27B8B5AEC7B1-300x197.jpeg 300w, https:\/\/noticiaempauta.com\/portal\/wp-content\/uploads\/2024\/03\/1E6C3FC2-B0B8-4132-A516-27B8B5AEC7B1-768x505.jpeg 768w\" sizes=\"(max-width: 1024px) 100vw, 1024px\" \/><\/figure>\n\n\n\n<p>Djalma exerceu o cargo de coordenador do Departamento de Obras Contras \u00e0s Secas (DNOCS-PI), que lhe rendeu a Comenda M\u00e9rito Renascen\u00e7a do Piau\u00ed, honraria concedida a personalidades e entidades nacionais e estrangeiras que tenham se tornado dignas da gratid\u00e3o, admira\u00e7\u00e3o e reconhecimento por parte do povo e do governo do piauiense.<\/p>\n\n\n\n<figure class=\"wp-block-image size-full\"><img loading=\"lazy\" decoding=\"async\" width=\"1024\" height=\"673\" src=\"https:\/\/noticiaempauta.com\/portal\/wp-content\/uploads\/2024\/03\/14F6D83C-DFED-4F33-924E-E4C44AB0E7E6.jpeg\" alt=\"\" class=\"wp-image-255433\" srcset=\"https:\/\/noticiaempauta.com\/portal\/wp-content\/uploads\/2024\/03\/14F6D83C-DFED-4F33-924E-E4C44AB0E7E6.jpeg 1024w, https:\/\/noticiaempauta.com\/portal\/wp-content\/uploads\/2024\/03\/14F6D83C-DFED-4F33-924E-E4C44AB0E7E6-300x197.jpeg 300w, https:\/\/noticiaempauta.com\/portal\/wp-content\/uploads\/2024\/03\/14F6D83C-DFED-4F33-924E-E4C44AB0E7E6-768x505.jpeg 768w\" sizes=\"(max-width: 1024px) 100vw, 1024px\" \/><\/figure>\n\n\n\n<p>Mariozan Rocha que j\u00e1 percorreu de norte a sul do pa\u00eds alcan\u00e7ou as paradas de sucesso e emplacou a m\u00fasica \u201cRicard\u00e3o\u201d como trilha sonora da novela Avenida Brasil, da Rede Globo. Ele que j\u00e1 tem experi\u00eancia na pol\u00edtica \u00e9&nbsp;<a href=\"https:\/\/cidadesnanet.com\/news\/municipios\/monsenhor\/mae-do-cantor-mariozan-rocha-morre-aos-76-anos\/\">filho da saudosa Teresa Rocha, que foi vereadora por v\u00e1rios mandatos&nbsp;<\/a>e representou a regi\u00e3o da BR 020, e irm\u00e3o da vereadora Valtanha Rocha. Na pol\u00edtica, Mariozan foi candidato a vice-prefeito, n\u00e3o logrou \u00eaxito nas \u00faltimas elei\u00e7\u00f5es, mas permaneceu trabalhando como l\u00edder pol\u00edtico.<\/p>\n\n\n\n<figure class=\"wp-block-image size-full\"><img loading=\"lazy\" decoding=\"async\" width=\"1024\" height=\"673\" src=\"https:\/\/noticiaempauta.com\/portal\/wp-content\/uploads\/2024\/03\/5AB73CEE-B237-4A46-B09F-246EA49301A4.jpeg\" alt=\"\" class=\"wp-image-255434\" srcset=\"https:\/\/noticiaempauta.com\/portal\/wp-content\/uploads\/2024\/03\/5AB73CEE-B237-4A46-B09F-246EA49301A4.jpeg 1024w, https:\/\/noticiaempauta.com\/portal\/wp-content\/uploads\/2024\/03\/5AB73CEE-B237-4A46-B09F-246EA49301A4-300x197.jpeg 300w, https:\/\/noticiaempauta.com\/portal\/wp-content\/uploads\/2024\/03\/5AB73CEE-B237-4A46-B09F-246EA49301A4-768x505.jpeg 768w\" sizes=\"(max-width: 1024px) 100vw, 1024px\" \/><\/figure>\n\n\n\n<p>Mariozan chegou ao grupo de Djalma, ap\u00f3s romper com o grupo do ex-prefeito Dr. Zenon Bezerra.<\/p>\n\n\n\n<p>Fonte e Fotos: CidadesnaNet<\/p>\n","protected":false},"excerpt":{"rendered":"<p>A pol\u00edtica da cidade de Monsenhor Hip\u00f3lito novamente \u00e9 um dos assuntos mais comentados da regi\u00e3o centro-sul do Piau\u00ed. O destaque agora \u00e9 a uni\u00e3o do cantor Mariozan Rocha do Partido dos Trabalhadores (PT) com o prefeito Djalma Policarpo (Progressistas), firmada oficialmente, na noite deste s\u00e1bado, 02 de mar\u00e7o. O encontro aconteceu na resid\u00eancia de [&hellip;]<\/p>\n","protected":false},"author":2,"featured_media":255429,"comment_status":"open","ping_status":"open","sticky":false,"template":"","format":"standard","meta":{"_mi_skip_tracking":false,"footnotes":""},"categories":[25,1,9,3],"tags":[192],"class_list":["post-255422","post","type-post","status-publish","format-standard","has-post-thumbnail","hentry","category-destaques-site","category-geral","category-municipios","category-politica","tag-destaqueprincipal"],"acf":[],"yoast_head":"<!-- This site is optimized with the Yoast SEO Premium plugin v19.2 (Yoast SEO v26.9) - https:\/\/yoast.com\/product\/yoast-seo-premium-wordpress\/ -->\n<title>Monsenhor Hip\u00f3lito | Djalma Policarpo e Mariozan Rocha selam alian\u00e7a pol\u00edtica durante encontro com correligion\u00e1rios e amigos - Portal Not\u00edcia em Pauta<\/title>\n<meta name=\"robots\" content=\"index, follow, max-snippet:-1, max-image-preview:large, max-video-preview:-1\" \/>\n<link rel=\"canonical\" href=\"https:\/\/noticiaempauta.com\/portal\/monsenhor-hipolito-djalma-policarpo-e-mariozan-rocha-selam-alianca-politica-durante-encontro-com-correligionarios-e-amigos\/\" \/>\n<meta property=\"og:locale\" content=\"pt_BR\" \/>\n<meta property=\"og:type\" content=\"article\" \/>\n<meta property=\"og:title\" content=\"Monsenhor Hip\u00f3lito | Djalma Policarpo e Mariozan Rocha selam alian\u00e7a pol\u00edtica durante encontro com correligion\u00e1rios e amigos\" \/>\n<meta property=\"og:description\" content=\"A pol\u00edtica da cidade de Monsenhor Hip\u00f3lito novamente \u00e9 um dos assuntos mais comentados da regi\u00e3o centro-sul do Piau\u00ed. O destaque agora \u00e9 a uni\u00e3o do cantor Mariozan Rocha do Partido dos Trabalhadores (PT) com o prefeito Djalma Policarpo (Progressistas), firmada oficialmente, na noite deste s\u00e1bado, 02 de mar\u00e7o. O encontro aconteceu na resid\u00eancia de [&hellip;]\" \/>\n<meta property=\"og:url\" content=\"https:\/\/noticiaempauta.com\/portal\/monsenhor-hipolito-djalma-policarpo-e-mariozan-rocha-selam-alianca-politica-durante-encontro-com-correligionarios-e-amigos\/\" \/>\n<meta property=\"og:site_name\" content=\"Portal Not\u00edcia em Pauta\" \/>\n<meta property=\"article:publisher\" content=\"https:\/\/www.facebook.com\/Portal-Notcia-Em-Pauta-102292869264820\/\" \/>\n<meta property=\"article:published_time\" content=\"2024-03-03T15:21:43+00:00\" \/>\n<meta property=\"article:modified_time\" content=\"2024-03-03T15:21:44+00:00\" \/>\n<meta property=\"og:image\" content=\"https:\/\/noticiaempauta.com\/portal\/wp-content\/uploads\/2024\/03\/CB72933D-9C9E-4947-A972-4300B16B1C8F.jpeg\" \/>\n\t<meta property=\"og:image:width\" content=\"811\" \/>\n\t<meta property=\"og:image:height\" content=\"600\" \/>\n\t<meta property=\"og:image:type\" content=\"image\/jpeg\" \/>\n<meta name=\"author\" content=\"Reda\u00e7\u00e3o\" \/>\n<meta name=\"twitter:card\" content=\"summary_large_image\" \/>\n<meta name=\"twitter:label1\" content=\"Escrito por\" \/>\n\t<meta name=\"twitter:data1\" content=\"Reda\u00e7\u00e3o\" \/>\n\t<meta name=\"twitter:label2\" content=\"Est. tempo de leitura\" \/>\n\t<meta name=\"twitter:data2\" content=\"7 minutos\" \/>\n<script type=\"application\/ld+json\" class=\"yoast-schema-graph\">{\"@context\":\"https:\/\/schema.org\",\"@graph\":[{\"@type\":\"Article\",\"@id\":\"https:\/\/noticiaempauta.com\/portal\/monsenhor-hipolito-djalma-policarpo-e-mariozan-rocha-selam-alianca-politica-durante-encontro-com-correligionarios-e-amigos\/#article\",\"isPartOf\":{\"@id\":\"https:\/\/noticiaempauta.com\/portal\/monsenhor-hipolito-djalma-policarpo-e-mariozan-rocha-selam-alianca-politica-durante-encontro-com-correligionarios-e-amigos\/\"},\"author\":{\"name\":\"Reda\u00e7\u00e3o\",\"@id\":\"https:\/\/noticiaempauta.com\/portal\/#\/schema\/person\/a74af43dd1ab3deca45f988c717d57ac\"},\"headline\":\"Monsenhor Hip\u00f3lito | Djalma Policarpo e Mariozan Rocha selam alian\u00e7a pol\u00edtica durante encontro com correligion\u00e1rios e amigos\",\"datePublished\":\"2024-03-03T15:21:43+00:00\",\"dateModified\":\"2024-03-03T15:21:44+00:00\",\"mainEntityOfPage\":{\"@id\":\"https:\/\/noticiaempauta.com\/portal\/monsenhor-hipolito-djalma-policarpo-e-mariozan-rocha-selam-alianca-politica-durante-encontro-com-correligionarios-e-amigos\/\"},\"wordCount\":710,\"commentCount\":0,\"publisher\":{\"@id\":\"https:\/\/noticiaempauta.com\/portal\/#organization\"},\"image\":{\"@id\":\"https:\/\/noticiaempauta.com\/portal\/monsenhor-hipolito-djalma-policarpo-e-mariozan-rocha-selam-alianca-politica-durante-encontro-com-correligionarios-e-amigos\/#primaryimage\"},\"thumbnailUrl\":\"https:\/\/noticiaempauta.com\/portal\/wp-content\/uploads\/2024\/03\/CB72933D-9C9E-4947-A972-4300B16B1C8F.jpeg\",\"keywords\":[\"destaqueprincipal\"],\"articleSection\":[\"Destaques\",\"Geral\",\"Munic\u00edpios\",\"Pol\u00edtica\"],\"inLanguage\":\"pt-BR\",\"potentialAction\":[{\"@type\":\"CommentAction\",\"name\":\"Comment\",\"target\":[\"https:\/\/noticiaempauta.com\/portal\/monsenhor-hipolito-djalma-policarpo-e-mariozan-rocha-selam-alianca-politica-durante-encontro-com-correligionarios-e-amigos\/#respond\"]}]},{\"@type\":\"WebPage\",\"@id\":\"https:\/\/noticiaempauta.com\/portal\/monsenhor-hipolito-djalma-policarpo-e-mariozan-rocha-selam-alianca-politica-durante-encontro-com-correligionarios-e-amigos\/\",\"url\":\"https:\/\/noticiaempauta.com\/portal\/monsenhor-hipolito-djalma-policarpo-e-mariozan-rocha-selam-alianca-politica-durante-encontro-com-correligionarios-e-amigos\/\",\"name\":\"Monsenhor Hip\u00f3lito | Djalma Policarpo e Mariozan Rocha selam alian\u00e7a pol\u00edtica durante encontro com correligion\u00e1rios e amigos - Portal Not\u00edcia em Pauta\",\"isPartOf\":{\"@id\":\"https:\/\/noticiaempauta.com\/portal\/#website\"},\"primaryImageOfPage\":{\"@id\":\"https:\/\/noticiaempauta.com\/portal\/monsenhor-hipolito-djalma-policarpo-e-mariozan-rocha-selam-alianca-politica-durante-encontro-com-correligionarios-e-amigos\/#primaryimage\"},\"image\":{\"@id\":\"https:\/\/noticiaempauta.com\/portal\/monsenhor-hipolito-djalma-policarpo-e-mariozan-rocha-selam-alianca-politica-durante-encontro-com-correligionarios-e-amigos\/#primaryimage\"},\"thumbnailUrl\":\"https:\/\/noticiaempauta.com\/portal\/wp-content\/uploads\/2024\/03\/CB72933D-9C9E-4947-A972-4300B16B1C8F.jpeg\",\"datePublished\":\"2024-03-03T15:21:43+00:00\",\"dateModified\":\"2024-03-03T15:21:44+00:00\",\"breadcrumb\":{\"@id\":\"https:\/\/noticiaempauta.com\/portal\/monsenhor-hipolito-djalma-policarpo-e-mariozan-rocha-selam-alianca-politica-durante-encontro-com-correligionarios-e-amigos\/#breadcrumb\"},\"inLanguage\":\"pt-BR\",\"potentialAction\":[{\"@type\":\"ReadAction\",\"target\":[\"https:\/\/noticiaempauta.com\/portal\/monsenhor-hipolito-djalma-policarpo-e-mariozan-rocha-selam-alianca-politica-durante-encontro-com-correligionarios-e-amigos\/\"]}]},{\"@type\":\"ImageObject\",\"inLanguage\":\"pt-BR\",\"@id\":\"https:\/\/noticiaempauta.com\/portal\/monsenhor-hipolito-djalma-policarpo-e-mariozan-rocha-selam-alianca-politica-durante-encontro-com-correligionarios-e-amigos\/#primaryimage\",\"url\":\"https:\/\/noticiaempauta.com\/portal\/wp-content\/uploads\/2024\/03\/CB72933D-9C9E-4947-A972-4300B16B1C8F.jpeg\",\"contentUrl\":\"https:\/\/noticiaempauta.com\/portal\/wp-content\/uploads\/2024\/03\/CB72933D-9C9E-4947-A972-4300B16B1C8F.jpeg\",\"width\":811,\"height\":600},{\"@type\":\"BreadcrumbList\",\"@id\":\"https:\/\/noticiaempauta.com\/portal\/monsenhor-hipolito-djalma-policarpo-e-mariozan-rocha-selam-alianca-politica-durante-encontro-com-correligionarios-e-amigos\/#breadcrumb\",\"itemListElement\":[{\"@type\":\"ListItem\",\"position\":1,\"name\":\"P\u00e1gina Inicial\",\"item\":\"https:\/\/noticiaempauta.com\/portal\/\"},{\"@type\":\"ListItem\",\"position\":2,\"name\":\"Destaques\",\"item\":\"https:\/\/noticiaempauta.com\/portal\/destaques-site\/\"},{\"@type\":\"ListItem\",\"position\":3,\"name\":\"Monsenhor Hip\u00f3lito | Djalma Policarpo e Mariozan Rocha selam alian\u00e7a pol\u00edtica durante encontro com correligion\u00e1rios e amigos\"}]},{\"@type\":\"WebSite\",\"@id\":\"https:\/\/noticiaempauta.com\/portal\/#website\",\"url\":\"https:\/\/noticiaempauta.com\/portal\/\",\"name\":\"Portal Not\u00edcia em Pauta\",\"description\":\"Voc\u00ea bem informado\",\"publisher\":{\"@id\":\"https:\/\/noticiaempauta.com\/portal\/#organization\"},\"potentialAction\":[{\"@type\":\"SearchAction\",\"target\":{\"@type\":\"EntryPoint\",\"urlTemplate\":\"https:\/\/noticiaempauta.com\/portal\/?s={search_term_string}\"},\"query-input\":{\"@type\":\"PropertyValueSpecification\",\"valueRequired\":true,\"valueName\":\"search_term_string\"}}],\"inLanguage\":\"pt-BR\"},{\"@type\":\"Organization\",\"@id\":\"https:\/\/noticiaempauta.com\/portal\/#organization\",\"name\":\"Portal Not\u00edcia em Pauta\",\"url\":\"https:\/\/noticiaempauta.com\/portal\/\",\"logo\":{\"@type\":\"ImageObject\",\"inLanguage\":\"pt-BR\",\"@id\":\"https:\/\/noticiaempauta.com\/portal\/#\/schema\/logo\/image\/\",\"url\":\"https:\/\/noticiaempauta.com\/portal\/wp-content\/uploads\/2022\/08\/logomarca_tema.fw_.png\",\"contentUrl\":\"https:\/\/noticiaempauta.com\/portal\/wp-content\/uploads\/2022\/08\/logomarca_tema.fw_.png\",\"width\":400,\"height\":232,\"caption\":\"Portal Not\u00edcia em Pauta\"},\"image\":{\"@id\":\"https:\/\/noticiaempauta.com\/portal\/#\/schema\/logo\/image\/\"},\"sameAs\":[\"https:\/\/www.facebook.com\/Portal-Notcia-Em-Pauta-102292869264820\/\",\"https:\/\/www.instagram.com\/portalnoticiaempauta\/\"]},{\"@type\":\"Person\",\"@id\":\"https:\/\/noticiaempauta.com\/portal\/#\/schema\/person\/a74af43dd1ab3deca45f988c717d57ac\",\"name\":\"Reda\u00e7\u00e3o\",\"image\":{\"@type\":\"ImageObject\",\"inLanguage\":\"pt-BR\",\"@id\":\"https:\/\/noticiaempauta.com\/portal\/#\/schema\/person\/image\/\",\"url\":\"https:\/\/secure.gravatar.com\/avatar\/03179346ecce6cdfc13361603e8f54242a90e5cde8618fa23c5c00aa2b0aadf3?s=96&d=mm&r=g\",\"contentUrl\":\"https:\/\/secure.gravatar.com\/avatar\/03179346ecce6cdfc13361603e8f54242a90e5cde8618fa23c5c00aa2b0aadf3?s=96&d=mm&r=g\",\"caption\":\"Reda\u00e7\u00e3o\"},\"sameAs\":[\"https:\/\/noticiaempauta.com\/portal\/\"],\"url\":\"https:\/\/noticiaempauta.com\/portal\/author\/fernando\/\"}]}<\/script>\n<!-- \/ Yoast SEO Premium plugin. -->","yoast_head_json":{"title":"Monsenhor Hip\u00f3lito | Djalma Policarpo e Mariozan Rocha selam alian\u00e7a pol\u00edtica durante encontro com correligion\u00e1rios e amigos - Portal Not\u00edcia em Pauta","robots":{"index":"index","follow":"follow","max-snippet":"max-snippet:-1","max-image-preview":"max-image-preview:large","max-video-preview":"max-video-preview:-1"},"canonical":"https:\/\/noticiaempauta.com\/portal\/monsenhor-hipolito-djalma-policarpo-e-mariozan-rocha-selam-alianca-politica-durante-encontro-com-correligionarios-e-amigos\/","og_locale":"pt_BR","og_type":"article","og_title":"Monsenhor Hip\u00f3lito | Djalma Policarpo e Mariozan Rocha selam alian\u00e7a pol\u00edtica durante encontro com correligion\u00e1rios e amigos","og_description":"A pol\u00edtica da cidade de Monsenhor Hip\u00f3lito novamente \u00e9 um dos assuntos mais comentados da regi\u00e3o centro-sul do Piau\u00ed. O destaque agora \u00e9 a uni\u00e3o do cantor Mariozan Rocha do Partido dos Trabalhadores (PT) com o prefeito Djalma Policarpo (Progressistas), firmada oficialmente, na noite deste s\u00e1bado, 02 de mar\u00e7o. O encontro aconteceu na resid\u00eancia de [&hellip;]","og_url":"https:\/\/noticiaempauta.com\/portal\/monsenhor-hipolito-djalma-policarpo-e-mariozan-rocha-selam-alianca-politica-durante-encontro-com-correligionarios-e-amigos\/","og_site_name":"Portal Not\u00edcia em Pauta","article_publisher":"https:\/\/www.facebook.com\/Portal-Notcia-Em-Pauta-102292869264820\/","article_published_time":"2024-03-03T15:21:43+00:00","article_modified_time":"2024-03-03T15:21:44+00:00","og_image":[{"width":811,"height":600,"url":"https:\/\/noticiaempauta.com\/portal\/wp-content\/uploads\/2024\/03\/CB72933D-9C9E-4947-A972-4300B16B1C8F.jpeg","type":"image\/jpeg"}],"author":"Reda\u00e7\u00e3o","twitter_card":"summary_large_image","twitter_misc":{"Escrito por":"Reda\u00e7\u00e3o","Est. tempo de leitura":"7 minutos"},"schema":{"@context":"https:\/\/schema.org","@graph":[{"@type":"Article","@id":"https:\/\/noticiaempauta.com\/portal\/monsenhor-hipolito-djalma-policarpo-e-mariozan-rocha-selam-alianca-politica-durante-encontro-com-correligionarios-e-amigos\/#article","isPartOf":{"@id":"https:\/\/noticiaempauta.com\/portal\/monsenhor-hipolito-djalma-policarpo-e-mariozan-rocha-selam-alianca-politica-durante-encontro-com-correligionarios-e-amigos\/"},"author":{"name":"Reda\u00e7\u00e3o","@id":"https:\/\/noticiaempauta.com\/portal\/#\/schema\/person\/a74af43dd1ab3deca45f988c717d57ac"},"headline":"Monsenhor Hip\u00f3lito | Djalma Policarpo e Mariozan Rocha selam alian\u00e7a pol\u00edtica durante encontro com correligion\u00e1rios e amigos","datePublished":"2024-03-03T15:21:43+00:00","dateModified":"2024-03-03T15:21:44+00:00","mainEntityOfPage":{"@id":"https:\/\/noticiaempauta.com\/portal\/monsenhor-hipolito-djalma-policarpo-e-mariozan-rocha-selam-alianca-politica-durante-encontro-com-correligionarios-e-amigos\/"},"wordCount":710,"commentCount":0,"publisher":{"@id":"https:\/\/noticiaempauta.com\/portal\/#organization"},"image":{"@id":"https:\/\/noticiaempauta.com\/portal\/monsenhor-hipolito-djalma-policarpo-e-mariozan-rocha-selam-alianca-politica-durante-encontro-com-correligionarios-e-amigos\/#primaryimage"},"thumbnailUrl":"https:\/\/noticiaempauta.com\/portal\/wp-content\/uploads\/2024\/03\/CB72933D-9C9E-4947-A972-4300B16B1C8F.jpeg","keywords":["destaqueprincipal"],"articleSection":["Destaques","Geral","Munic\u00edpios","Pol\u00edtica"],"inLanguage":"pt-BR","potentialAction":[{"@type":"CommentAction","name":"Comment","target":["https:\/\/noticiaempauta.com\/portal\/monsenhor-hipolito-djalma-policarpo-e-mariozan-rocha-selam-alianca-politica-durante-encontro-com-correligionarios-e-amigos\/#respond"]}]},{"@type":"WebPage","@id":"https:\/\/noticiaempauta.com\/portal\/monsenhor-hipolito-djalma-policarpo-e-mariozan-rocha-selam-alianca-politica-durante-encontro-com-correligionarios-e-amigos\/","url":"https:\/\/noticiaempauta.com\/portal\/monsenhor-hipolito-djalma-policarpo-e-mariozan-rocha-selam-alianca-politica-durante-encontro-com-correligionarios-e-amigos\/","name":"Monsenhor Hip\u00f3lito | Djalma Policarpo e Mariozan Rocha selam alian\u00e7a pol\u00edtica durante encontro com correligion\u00e1rios e amigos - Portal Not\u00edcia em Pauta","isPartOf":{"@id":"https:\/\/noticiaempauta.com\/portal\/#website"},"primaryImageOfPage":{"@id":"https:\/\/noticiaempauta.com\/portal\/monsenhor-hipolito-djalma-policarpo-e-mariozan-rocha-selam-alianca-politica-durante-encontro-com-correligionarios-e-amigos\/#primaryimage"},"image":{"@id":"https:\/\/noticiaempauta.com\/portal\/monsenhor-hipolito-djalma-policarpo-e-mariozan-rocha-selam-alianca-politica-durante-encontro-com-correligionarios-e-amigos\/#primaryimage"},"thumbnailUrl":"https:\/\/noticiaempauta.com\/portal\/wp-content\/uploads\/2024\/03\/CB72933D-9C9E-4947-A972-4300B16B1C8F.jpeg","datePublished":"2024-03-03T15:21:43+00:00","dateModified":"2024-03-03T15:21:44+00:00","breadcrumb":{"@id":"https:\/\/noticiaempauta.com\/portal\/monsenhor-hipolito-djalma-policarpo-e-mariozan-rocha-selam-alianca-politica-durante-encontro-com-correligionarios-e-amigos\/#breadcrumb"},"inLanguage":"pt-BR","potentialAction":[{"@type":"ReadAction","target":["https:\/\/noticiaempauta.com\/portal\/monsenhor-hipolito-djalma-policarpo-e-mariozan-rocha-selam-alianca-politica-durante-encontro-com-correligionarios-e-amigos\/"]}]},{"@type":"ImageObject","inLanguage":"pt-BR","@id":"https:\/\/noticiaempauta.com\/portal\/monsenhor-hipolito-djalma-policarpo-e-mariozan-rocha-selam-alianca-politica-durante-encontro-com-correligionarios-e-amigos\/#primaryimage","url":"https:\/\/noticiaempauta.com\/portal\/wp-content\/uploads\/2024\/03\/CB72933D-9C9E-4947-A972-4300B16B1C8F.jpeg","contentUrl":"https:\/\/noticiaempauta.com\/portal\/wp-content\/uploads\/2024\/03\/CB72933D-9C9E-4947-A972-4300B16B1C8F.jpeg","width":811,"height":600},{"@type":"BreadcrumbList","@id":"https:\/\/noticiaempauta.com\/portal\/monsenhor-hipolito-djalma-policarpo-e-mariozan-rocha-selam-alianca-politica-durante-encontro-com-correligionarios-e-amigos\/#breadcrumb","itemListElement":[{"@type":"ListItem","position":1,"name":"P\u00e1gina Inicial","item":"https:\/\/noticiaempauta.com\/portal\/"},{"@type":"ListItem","position":2,"name":"Destaques","item":"https:\/\/noticiaempauta.com\/portal\/destaques-site\/"},{"@type":"ListItem","position":3,"name":"Monsenhor Hip\u00f3lito | Djalma Policarpo e Mariozan Rocha selam alian\u00e7a pol\u00edtica durante encontro com correligion\u00e1rios e amigos"}]},{"@type":"WebSite","@id":"https:\/\/noticiaempauta.com\/portal\/#website","url":"https:\/\/noticiaempauta.com\/portal\/","name":"Portal Not\u00edcia em Pauta","description":"Voc\u00ea bem informado","publisher":{"@id":"https:\/\/noticiaempauta.com\/portal\/#organization"},"potentialAction":[{"@type":"SearchAction","target":{"@type":"EntryPoint","urlTemplate":"https:\/\/noticiaempauta.com\/portal\/?s={search_term_string}"},"query-input":{"@type":"PropertyValueSpecification","valueRequired":true,"valueName":"search_term_string"}}],"inLanguage":"pt-BR"},{"@type":"Organization","@id":"https:\/\/noticiaempauta.com\/portal\/#organization","name":"Portal Not\u00edcia em Pauta","url":"https:\/\/noticiaempauta.com\/portal\/","logo":{"@type":"ImageObject","inLanguage":"pt-BR","@id":"https:\/\/noticiaempauta.com\/portal\/#\/schema\/logo\/image\/","url":"https:\/\/noticiaempauta.com\/portal\/wp-content\/uploads\/2022\/08\/logomarca_tema.fw_.png","contentUrl":"https:\/\/noticiaempauta.com\/portal\/wp-content\/uploads\/2022\/08\/logomarca_tema.fw_.png","width":400,"height":232,"caption":"Portal Not\u00edcia em Pauta"},"image":{"@id":"https:\/\/noticiaempauta.com\/portal\/#\/schema\/logo\/image\/"},"sameAs":["https:\/\/www.facebook.com\/Portal-Notcia-Em-Pauta-102292869264820\/","https:\/\/www.instagram.com\/portalnoticiaempauta\/"]},{"@type":"Person","@id":"https:\/\/noticiaempauta.com\/portal\/#\/schema\/person\/a74af43dd1ab3deca45f988c717d57ac","name":"Reda\u00e7\u00e3o","image":{"@type":"ImageObject","inLanguage":"pt-BR","@id":"https:\/\/noticiaempauta.com\/portal\/#\/schema\/person\/image\/","url":"https:\/\/secure.gravatar.com\/avatar\/03179346ecce6cdfc13361603e8f54242a90e5cde8618fa23c5c00aa2b0aadf3?s=96&d=mm&r=g","contentUrl":"https:\/\/secure.gravatar.com\/avatar\/03179346ecce6cdfc13361603e8f54242a90e5cde8618fa23c5c00aa2b0aadf3?s=96&d=mm&r=g","caption":"Reda\u00e7\u00e3o"},"sameAs":["https:\/\/noticiaempauta.com\/portal\/"],"url":"https:\/\/noticiaempauta.com\/portal\/author\/fernando\/"}]}},"_links":{"self":[{"href":"https:\/\/noticiaempauta.com\/portal\/wp-json\/wp\/v2\/posts\/255422","targetHints":{"allow":["GET"]}}],"collection":[{"href":"https:\/\/noticiaempauta.com\/portal\/wp-json\/wp\/v2\/posts"}],"about":[{"href":"https:\/\/noticiaempauta.com\/portal\/wp-json\/wp\/v2\/types\/post"}],"author":[{"embeddable":true,"href":"https:\/\/noticiaempauta.com\/portal\/wp-json\/wp\/v2\/users\/2"}],"replies":[{"embeddable":true,"href":"https:\/\/noticiaempauta.com\/portal\/wp-json\/wp\/v2\/comments?post=255422"}],"version-history":[{"count":2,"href":"https:\/\/noticiaempauta.com\/portal\/wp-json\/wp\/v2\/posts\/255422\/revisions"}],"predecessor-version":[{"id":255438,"href":"https:\/\/noticiaempauta.com\/portal\/wp-json\/wp\/v2\/posts\/255422\/revisions\/255438"}],"wp:featuredmedia":[{"embeddable":true,"href":"https:\/\/noticiaempauta.com\/portal\/wp-json\/wp\/v2\/media\/255429"}],"wp:attachment":[{"href":"https:\/\/noticiaempauta.com\/portal\/wp-json\/wp\/v2\/media?parent=255422"}],"wp:term":[{"taxonomy":"category","embeddable":true,"href":"https:\/\/noticiaempauta.com\/portal\/wp-json\/wp\/v2\/categories?post=255422"},{"taxonomy":"post_tag","embeddable":true,"href":"https:\/\/noticiaempauta.com\/portal\/wp-json\/wp\/v2\/tags?post=255422"}],"curies":[{"name":"wp","href":"https:\/\/api.w.org\/{rel}","templated":true}]}}