{"id":255466,"date":"2024-03-04T09:31:10","date_gmt":"2024-03-04T12:31:10","guid":{"rendered":"https:\/\/noticiaempauta.com\/portal\/?p=255466"},"modified":"2024-03-04T09:31:11","modified_gmt":"2024-03-04T12:31:11","slug":"porte-de-drogas-para-consumo-proprio-volta-a-pauta-no-stf-entenda-debate","status":"publish","type":"post","link":"https:\/\/noticiaempauta.com\/portal\/porte-de-drogas-para-consumo-proprio-volta-a-pauta-no-stf-entenda-debate\/","title":{"rendered":"Porte de drogas para consumo pr\u00f3prio volta \u00e0 pauta no STF; entenda debate"},"content":{"rendered":"\n<p>O\u00a0Supremo Tribunal Federal (STF)\u00a0retomar\u00e1\u00a0na pr\u00f3xima quarta-feira (6) o\u00a0julgamento sobre a criminaliza\u00e7\u00e3o do porte de drogas para consumo pr\u00f3prio. Atualmente,\u00a0h\u00e1 um voto para manter a conduta como crime, enquanto a maioria dos ministros defende a necessidade de estabelecer crit\u00e9rios para diferenciar usu\u00e1rio de traficante.\u00a0<\/p>\n\n\n\n<p>O\u00a0ministro Andr\u00e9 Mendon\u00e7a, que havia pedido mais tempo para an\u00e1lise do processo, votar\u00e1 nesta retomada, juntamente com outros quatro ministros. O caso tem repercuss\u00e3o geral, o que significa que a decis\u00e3o do STF ser\u00e1 aplicada em processos similares em todas as inst\u00e2ncias da Justi\u00e7a.\u00a0H\u00e1 mais de 6.345 processos suspensos em inst\u00e2ncias inferiores aguardando a decis\u00e3o do tribunal.<\/p>\n\n\n\n<p><strong>O QUE SER\u00c1 DISCUTIDO?<\/strong><\/p>\n\n\n\n<p>O\u00a0Supremo Tribunal Federal (STF) ir\u00e1 decidir se \u00e9 crime uma pessoa portar drogas para seu pr\u00f3prio consumo, e tamb\u00e9m estabelecer\u00e1 a quantidade que seria considerada para uso individual. Esta discuss\u00e3o exclui o tr\u00e1fico de drogas, que continuar\u00e1 sendo punido como crime, com pena de 5 a 20 anos de pris\u00e3o.\u00a0<\/p>\n\n\n\n<p><strong>O QUE PREV\u00ca A LEI?<\/strong><\/p>\n\n\n\n<p>A Lei de Drogas, em vigor desde 2006, criminaliza a aquisi\u00e7\u00e3o, posse e transporte de entorpecentes para consumo pessoal. No entanto, n\u00e3o estabelece pena de pris\u00e3o, apenas san\u00e7\u00f5es como advert\u00eancia, presta\u00e7\u00e3o de servi\u00e7os \u00e0 comunidade e medidas educativas, com dura\u00e7\u00e3o m\u00e1xima de 5 meses.\u00a0<\/p>\n\n\n\n<p>Os processos ocorrem em juizados especiais criminais\u00a0e n\u00e3o geram registro nos antecedentes criminais. A defini\u00e7\u00e3o das subst\u00e2ncias consideradas drogas \u00e9 detalhada em regulamento do Minist\u00e9rio da Sa\u00fade, e o juiz decide, em cada caso, se o entorpecente \u00e9 para uso individual. \u00a0<\/p>\n\n\n\n<figure class=\"wp-block-image size-full\"><img fetchpriority=\"high\" decoding=\"async\" width=\"1000\" height=\"666\" src=\"https:\/\/noticiaempauta.com\/portal\/wp-content\/uploads\/2024\/03\/porte-de-drogas-para-consumo-proprio-volta-a-pauta-no-stf-a665b2a3-332f-4400-a6a3-618ef43df4d7.webp\" alt=\"\" class=\"wp-image-255468\" srcset=\"https:\/\/noticiaempauta.com\/portal\/wp-content\/uploads\/2024\/03\/porte-de-drogas-para-consumo-proprio-volta-a-pauta-no-stf-a665b2a3-332f-4400-a6a3-618ef43df4d7.webp 1000w, https:\/\/noticiaempauta.com\/portal\/wp-content\/uploads\/2024\/03\/porte-de-drogas-para-consumo-proprio-volta-a-pauta-no-stf-a665b2a3-332f-4400-a6a3-618ef43df4d7-300x200.webp 300w, https:\/\/noticiaempauta.com\/portal\/wp-content\/uploads\/2024\/03\/porte-de-drogas-para-consumo-proprio-volta-a-pauta-no-stf-a665b2a3-332f-4400-a6a3-618ef43df4d7-768x511.webp 768w\" sizes=\"(max-width: 1000px) 100vw, 1000px\" \/><figcaption class=\"wp-element-caption\"><em>Foto: Reprodu\u00e7\u00e3o<\/em><\/figcaption><\/figure>\n\n\n\n<p><strong>Para isso, o magistrado ter\u00e1 de levar em conta os seguintes requisitos:<\/strong><\/p>\n\n\n\n<ul class=\"wp-block-list\">\n<li>a natureza e a quantidade da subst\u00e2ncia apreendida;<\/li>\n\n\n\n<li>o local e as circunst\u00e2ncias da apreens\u00e3o; e<\/li>\n\n\n\n<li>as circunst\u00e2ncias sociais e pessoais da pessoa que portava o produto, al\u00e9m de suas condutas e antecedentes.<\/li>\n<\/ul>\n\n\n\n<p>A Lei de Drogas de 2006 n\u00e3o estabelece crit\u00e9rios espec\u00edficos de quantidade\u00a0para determinar o uso pessoal de entorpecentes, deixando essa avalia\u00e7\u00e3o para a Justi\u00e7a. Anteriormente, na lei de 1976, o porte para uso individual era punido com deten\u00e7\u00e3o de 6 meses a dois anos, al\u00e9m de multa.\u00a0<\/p>\n\n\n\n<p><strong>O QUE S\u00c3O, DESCRIMINALIZA\u00c7\u00c3O, DESPENALIZA\u00c7\u00c3O E LEGALIZA\u00c7\u00c3O?<\/strong><\/p>\n\n\n\n<p>Despenalizar\u00a0significa\u00a0substituir uma pena de pris\u00e3o, que restringe a liberdade, por puni\u00e7\u00f5es de outra natureza, como restri\u00e7\u00f5es de direitos, por exemplo.<\/p>\n\n\n\n<p>J\u00e1\u00a0legalizar\u00a0\u00e9 estabelecer uma s\u00e9rie de leis que permitem e regulamentam uma conduta. Estas normas organizam a atividade e estabelecem suas condi\u00e7\u00f5es e restri\u00e7\u00f5es &#8212; regras de produ\u00e7\u00e3o, venda, por exemplo. Tamb\u00e9m estabelece a puni\u00e7\u00e3o para quem descumprir o que for definido. Na pr\u00e1tica, \u00e9 autorizar por meio de uma regra.<\/p>\n\n\n\n<p>Descriminalizar\u00a0consiste em deixar de considerar uma a\u00e7\u00e3o como crime. Ou seja, em \u00e2mbito penal, a puni\u00e7\u00e3o deixa de existir, mas ainda \u00e9 poss\u00edvel aplicar san\u00e7\u00f5es administrativas ou civis.<\/p>\n\n\n\n<p><strong>O QUE O SUPREMO EST\u00c1 JULGANDO?<\/strong><\/p>\n\n\n\n<p>O Supremo Tribunal Federal n\u00e3o est\u00e1 debatendo a legaliza\u00e7\u00e3o ou despenaliza\u00e7\u00e3o\u00a0do uso de drogas, mas sim a descriminaliza\u00e7\u00e3o. Segundo os ministros, a despenaliza\u00e7\u00e3o j\u00e1 ocorreu com a substitui\u00e7\u00e3o da lei de 1976 pela de 2006, que prev\u00ea san\u00e7\u00f5es sem pris\u00e3o. N\u00e3o h\u00e1 legaliza\u00e7\u00e3o, pois essa \u00e9 uma fun\u00e7\u00e3o do Legislativo. \u00a0<\/p>\n\n\n\n<p><strong>COMO EST\u00c1 O JULGAMENTO NESTE MOMENTO?<\/strong><\/p>\n\n\n\n<p>O julgamento sobre a descriminaliza\u00e7\u00e3o do porte de maconha para uso pessoal teve in\u00edcio em agosto de 2015 e foi interrompido quatro vezes por pedidos de an\u00e1lise mais detalhada. At\u00e9 agora, seis votos foram apresentados, sendo cinco a favor da descriminaliza\u00e7\u00e3o e um para manter a lei atual.&nbsp;<\/p>\n\n\n\n<p>Os votos favor\u00e1veis \u00e0 descriminaliza\u00e7\u00e3o concordam com a libera\u00e7\u00e3o do porte de maconha\u00a0para uso pessoal, mas t\u00eam propostas diferentes para os crit\u00e9rios de caracteriza\u00e7\u00e3o desse uso. Cinco votos ainda ser\u00e3o apresentados, come\u00e7ando pelo ministro Andr\u00e9 Mendon\u00e7a, seguido por Nunes Marques, Luiz Fux, Dias Toffoli e C\u00e1rmen L\u00facia.\u00a0<\/p>\n\n\n\n<p>O ministro Fl\u00e1vio Dino, o mais novo da Corte, n\u00e3o votar\u00e1, pois sua antecessora, Rosa Weber, j\u00e1 se pronunciou no julgamento.<\/p>\n\n\n\n<p><em>Fonte: Meio Norte<\/em><\/p>\n","protected":false},"excerpt":{"rendered":"<p>Segundo o CNJ, h\u00e1 pelo menos 6.345 casos suspensos aguardando desfecho da disputa.<\/p>\n","protected":false},"author":2,"featured_media":241480,"comment_status":"open","ping_status":"open","sticky":false,"template":"","format":"standard","meta":{"_mi_skip_tracking":false,"footnotes":""},"categories":[25,1,16],"tags":[192],"class_list":["post-255466","post","type-post","status-publish","format-standard","has-post-thumbnail","hentry","category-destaques-site","category-geral","category-todas","tag-destaqueprincipal"],"acf":[],"yoast_head":"<!-- This site is optimized with the Yoast SEO Premium plugin v19.2 (Yoast SEO v26.9) - https:\/\/yoast.com\/product\/yoast-seo-premium-wordpress\/ -->\n<title>Porte de drogas para consumo pr\u00f3prio volta \u00e0 pauta no STF; entenda debate - Portal Not\u00edcia em Pauta<\/title>\n<meta name=\"robots\" content=\"index, follow, max-snippet:-1, max-image-preview:large, max-video-preview:-1\" \/>\n<link rel=\"canonical\" href=\"https:\/\/noticiaempauta.com\/portal\/porte-de-drogas-para-consumo-proprio-volta-a-pauta-no-stf-entenda-debate\/\" \/>\n<meta property=\"og:locale\" content=\"pt_BR\" \/>\n<meta property=\"og:type\" content=\"article\" \/>\n<meta property=\"og:title\" content=\"Porte de drogas para consumo pr\u00f3prio volta \u00e0 pauta no STF; entenda debate\" \/>\n<meta property=\"og:description\" content=\"Segundo o CNJ, h\u00e1 pelo menos 6.345 casos suspensos aguardando desfecho da disputa.\" \/>\n<meta property=\"og:url\" content=\"https:\/\/noticiaempauta.com\/portal\/porte-de-drogas-para-consumo-proprio-volta-a-pauta-no-stf-entenda-debate\/\" \/>\n<meta property=\"og:site_name\" content=\"Portal Not\u00edcia em Pauta\" \/>\n<meta property=\"article:publisher\" content=\"https:\/\/www.facebook.com\/Portal-Notcia-Em-Pauta-102292869264820\/\" \/>\n<meta property=\"article:published_time\" content=\"2024-03-04T12:31:10+00:00\" \/>\n<meta property=\"article:modified_time\" content=\"2024-03-04T12:31:11+00:00\" \/>\n<meta property=\"og:image\" content=\"https:\/\/noticiaempauta.com\/portal\/wp-content\/uploads\/2022\/09\/STF.jpg\" \/>\n\t<meta property=\"og:image:width\" content=\"1024\" \/>\n\t<meta property=\"og:image:height\" content=\"592\" \/>\n\t<meta property=\"og:image:type\" content=\"image\/jpeg\" \/>\n<meta name=\"author\" content=\"Reda\u00e7\u00e3o\" \/>\n<meta name=\"twitter:card\" content=\"summary_large_image\" \/>\n<meta name=\"twitter:label1\" content=\"Escrito por\" \/>\n\t<meta name=\"twitter:data1\" content=\"Reda\u00e7\u00e3o\" \/>\n\t<meta name=\"twitter:label2\" content=\"Est. tempo de leitura\" \/>\n\t<meta name=\"twitter:data2\" content=\"4 minutos\" \/>\n<script type=\"application\/ld+json\" class=\"yoast-schema-graph\">{\"@context\":\"https:\/\/schema.org\",\"@graph\":[{\"@type\":\"Article\",\"@id\":\"https:\/\/noticiaempauta.com\/portal\/porte-de-drogas-para-consumo-proprio-volta-a-pauta-no-stf-entenda-debate\/#article\",\"isPartOf\":{\"@id\":\"https:\/\/noticiaempauta.com\/portal\/porte-de-drogas-para-consumo-proprio-volta-a-pauta-no-stf-entenda-debate\/\"},\"author\":{\"name\":\"Reda\u00e7\u00e3o\",\"@id\":\"https:\/\/noticiaempauta.com\/portal\/#\/schema\/person\/a74af43dd1ab3deca45f988c717d57ac\"},\"headline\":\"Porte de drogas para consumo pr\u00f3prio volta \u00e0 pauta no STF; entenda debate\",\"datePublished\":\"2024-03-04T12:31:10+00:00\",\"dateModified\":\"2024-03-04T12:31:11+00:00\",\"mainEntityOfPage\":{\"@id\":\"https:\/\/noticiaempauta.com\/portal\/porte-de-drogas-para-consumo-proprio-volta-a-pauta-no-stf-entenda-debate\/\"},\"wordCount\":725,\"commentCount\":0,\"publisher\":{\"@id\":\"https:\/\/noticiaempauta.com\/portal\/#organization\"},\"image\":{\"@id\":\"https:\/\/noticiaempauta.com\/portal\/porte-de-drogas-para-consumo-proprio-volta-a-pauta-no-stf-entenda-debate\/#primaryimage\"},\"thumbnailUrl\":\"https:\/\/noticiaempauta.com\/portal\/wp-content\/uploads\/2022\/09\/STF.jpg\",\"keywords\":[\"destaqueprincipal\"],\"articleSection\":[\"Destaques\",\"Geral\",\"Todas as Not\u00edcias\"],\"inLanguage\":\"pt-BR\",\"potentialAction\":[{\"@type\":\"CommentAction\",\"name\":\"Comment\",\"target\":[\"https:\/\/noticiaempauta.com\/portal\/porte-de-drogas-para-consumo-proprio-volta-a-pauta-no-stf-entenda-debate\/#respond\"]}]},{\"@type\":\"WebPage\",\"@id\":\"https:\/\/noticiaempauta.com\/portal\/porte-de-drogas-para-consumo-proprio-volta-a-pauta-no-stf-entenda-debate\/\",\"url\":\"https:\/\/noticiaempauta.com\/portal\/porte-de-drogas-para-consumo-proprio-volta-a-pauta-no-stf-entenda-debate\/\",\"name\":\"Porte de drogas para consumo pr\u00f3prio volta \u00e0 pauta no STF; entenda debate - Portal Not\u00edcia em Pauta\",\"isPartOf\":{\"@id\":\"https:\/\/noticiaempauta.com\/portal\/#website\"},\"primaryImageOfPage\":{\"@id\":\"https:\/\/noticiaempauta.com\/portal\/porte-de-drogas-para-consumo-proprio-volta-a-pauta-no-stf-entenda-debate\/#primaryimage\"},\"image\":{\"@id\":\"https:\/\/noticiaempauta.com\/portal\/porte-de-drogas-para-consumo-proprio-volta-a-pauta-no-stf-entenda-debate\/#primaryimage\"},\"thumbnailUrl\":\"https:\/\/noticiaempauta.com\/portal\/wp-content\/uploads\/2022\/09\/STF.jpg\",\"datePublished\":\"2024-03-04T12:31:10+00:00\",\"dateModified\":\"2024-03-04T12:31:11+00:00\",\"breadcrumb\":{\"@id\":\"https:\/\/noticiaempauta.com\/portal\/porte-de-drogas-para-consumo-proprio-volta-a-pauta-no-stf-entenda-debate\/#breadcrumb\"},\"inLanguage\":\"pt-BR\",\"potentialAction\":[{\"@type\":\"ReadAction\",\"target\":[\"https:\/\/noticiaempauta.com\/portal\/porte-de-drogas-para-consumo-proprio-volta-a-pauta-no-stf-entenda-debate\/\"]}]},{\"@type\":\"ImageObject\",\"inLanguage\":\"pt-BR\",\"@id\":\"https:\/\/noticiaempauta.com\/portal\/porte-de-drogas-para-consumo-proprio-volta-a-pauta-no-stf-entenda-debate\/#primaryimage\",\"url\":\"https:\/\/noticiaempauta.com\/portal\/wp-content\/uploads\/2022\/09\/STF.jpg\",\"contentUrl\":\"https:\/\/noticiaempauta.com\/portal\/wp-content\/uploads\/2022\/09\/STF.jpg\",\"width\":1024,\"height\":592,\"caption\":\"Foto: Reprodu\u00e7\u00e3o\/STF\"},{\"@type\":\"BreadcrumbList\",\"@id\":\"https:\/\/noticiaempauta.com\/portal\/porte-de-drogas-para-consumo-proprio-volta-a-pauta-no-stf-entenda-debate\/#breadcrumb\",\"itemListElement\":[{\"@type\":\"ListItem\",\"position\":1,\"name\":\"P\u00e1gina Inicial\",\"item\":\"https:\/\/noticiaempauta.com\/portal\/\"},{\"@type\":\"ListItem\",\"position\":2,\"name\":\"Destaques\",\"item\":\"https:\/\/noticiaempauta.com\/portal\/destaques-site\/\"},{\"@type\":\"ListItem\",\"position\":3,\"name\":\"Porte de drogas para consumo pr\u00f3prio volta \u00e0 pauta no STF; entenda debate\"}]},{\"@type\":\"WebSite\",\"@id\":\"https:\/\/noticiaempauta.com\/portal\/#website\",\"url\":\"https:\/\/noticiaempauta.com\/portal\/\",\"name\":\"Portal Not\u00edcia em Pauta\",\"description\":\"Voc\u00ea bem informado\",\"publisher\":{\"@id\":\"https:\/\/noticiaempauta.com\/portal\/#organization\"},\"potentialAction\":[{\"@type\":\"SearchAction\",\"target\":{\"@type\":\"EntryPoint\",\"urlTemplate\":\"https:\/\/noticiaempauta.com\/portal\/?s={search_term_string}\"},\"query-input\":{\"@type\":\"PropertyValueSpecification\",\"valueRequired\":true,\"valueName\":\"search_term_string\"}}],\"inLanguage\":\"pt-BR\"},{\"@type\":\"Organization\",\"@id\":\"https:\/\/noticiaempauta.com\/portal\/#organization\",\"name\":\"Portal Not\u00edcia em Pauta\",\"url\":\"https:\/\/noticiaempauta.com\/portal\/\",\"logo\":{\"@type\":\"ImageObject\",\"inLanguage\":\"pt-BR\",\"@id\":\"https:\/\/noticiaempauta.com\/portal\/#\/schema\/logo\/image\/\",\"url\":\"https:\/\/noticiaempauta.com\/portal\/wp-content\/uploads\/2022\/08\/logomarca_tema.fw_.png\",\"contentUrl\":\"https:\/\/noticiaempauta.com\/portal\/wp-content\/uploads\/2022\/08\/logomarca_tema.fw_.png\",\"width\":400,\"height\":232,\"caption\":\"Portal Not\u00edcia em Pauta\"},\"image\":{\"@id\":\"https:\/\/noticiaempauta.com\/portal\/#\/schema\/logo\/image\/\"},\"sameAs\":[\"https:\/\/www.facebook.com\/Portal-Notcia-Em-Pauta-102292869264820\/\",\"https:\/\/www.instagram.com\/portalnoticiaempauta\/\"]},{\"@type\":\"Person\",\"@id\":\"https:\/\/noticiaempauta.com\/portal\/#\/schema\/person\/a74af43dd1ab3deca45f988c717d57ac\",\"name\":\"Reda\u00e7\u00e3o\",\"image\":{\"@type\":\"ImageObject\",\"inLanguage\":\"pt-BR\",\"@id\":\"https:\/\/noticiaempauta.com\/portal\/#\/schema\/person\/image\/\",\"url\":\"https:\/\/secure.gravatar.com\/avatar\/03179346ecce6cdfc13361603e8f54242a90e5cde8618fa23c5c00aa2b0aadf3?s=96&d=mm&r=g\",\"contentUrl\":\"https:\/\/secure.gravatar.com\/avatar\/03179346ecce6cdfc13361603e8f54242a90e5cde8618fa23c5c00aa2b0aadf3?s=96&d=mm&r=g\",\"caption\":\"Reda\u00e7\u00e3o\"},\"sameAs\":[\"https:\/\/noticiaempauta.com\/portal\/\"],\"url\":\"https:\/\/noticiaempauta.com\/portal\/author\/fernando\/\"}]}<\/script>\n<!-- \/ Yoast SEO Premium plugin. -->","yoast_head_json":{"title":"Porte de drogas para consumo pr\u00f3prio volta \u00e0 pauta no STF; entenda debate - Portal Not\u00edcia em Pauta","robots":{"index":"index","follow":"follow","max-snippet":"max-snippet:-1","max-image-preview":"max-image-preview:large","max-video-preview":"max-video-preview:-1"},"canonical":"https:\/\/noticiaempauta.com\/portal\/porte-de-drogas-para-consumo-proprio-volta-a-pauta-no-stf-entenda-debate\/","og_locale":"pt_BR","og_type":"article","og_title":"Porte de drogas para consumo pr\u00f3prio volta \u00e0 pauta no STF; entenda debate","og_description":"Segundo o CNJ, h\u00e1 pelo menos 6.345 casos suspensos aguardando desfecho da disputa.","og_url":"https:\/\/noticiaempauta.com\/portal\/porte-de-drogas-para-consumo-proprio-volta-a-pauta-no-stf-entenda-debate\/","og_site_name":"Portal Not\u00edcia em Pauta","article_publisher":"https:\/\/www.facebook.com\/Portal-Notcia-Em-Pauta-102292869264820\/","article_published_time":"2024-03-04T12:31:10+00:00","article_modified_time":"2024-03-04T12:31:11+00:00","og_image":[{"width":1024,"height":592,"url":"https:\/\/noticiaempauta.com\/portal\/wp-content\/uploads\/2022\/09\/STF.jpg","type":"image\/jpeg"}],"author":"Reda\u00e7\u00e3o","twitter_card":"summary_large_image","twitter_misc":{"Escrito por":"Reda\u00e7\u00e3o","Est. tempo de leitura":"4 minutos"},"schema":{"@context":"https:\/\/schema.org","@graph":[{"@type":"Article","@id":"https:\/\/noticiaempauta.com\/portal\/porte-de-drogas-para-consumo-proprio-volta-a-pauta-no-stf-entenda-debate\/#article","isPartOf":{"@id":"https:\/\/noticiaempauta.com\/portal\/porte-de-drogas-para-consumo-proprio-volta-a-pauta-no-stf-entenda-debate\/"},"author":{"name":"Reda\u00e7\u00e3o","@id":"https:\/\/noticiaempauta.com\/portal\/#\/schema\/person\/a74af43dd1ab3deca45f988c717d57ac"},"headline":"Porte de drogas para consumo pr\u00f3prio volta \u00e0 pauta no STF; entenda debate","datePublished":"2024-03-04T12:31:10+00:00","dateModified":"2024-03-04T12:31:11+00:00","mainEntityOfPage":{"@id":"https:\/\/noticiaempauta.com\/portal\/porte-de-drogas-para-consumo-proprio-volta-a-pauta-no-stf-entenda-debate\/"},"wordCount":725,"commentCount":0,"publisher":{"@id":"https:\/\/noticiaempauta.com\/portal\/#organization"},"image":{"@id":"https:\/\/noticiaempauta.com\/portal\/porte-de-drogas-para-consumo-proprio-volta-a-pauta-no-stf-entenda-debate\/#primaryimage"},"thumbnailUrl":"https:\/\/noticiaempauta.com\/portal\/wp-content\/uploads\/2022\/09\/STF.jpg","keywords":["destaqueprincipal"],"articleSection":["Destaques","Geral","Todas as Not\u00edcias"],"inLanguage":"pt-BR","potentialAction":[{"@type":"CommentAction","name":"Comment","target":["https:\/\/noticiaempauta.com\/portal\/porte-de-drogas-para-consumo-proprio-volta-a-pauta-no-stf-entenda-debate\/#respond"]}]},{"@type":"WebPage","@id":"https:\/\/noticiaempauta.com\/portal\/porte-de-drogas-para-consumo-proprio-volta-a-pauta-no-stf-entenda-debate\/","url":"https:\/\/noticiaempauta.com\/portal\/porte-de-drogas-para-consumo-proprio-volta-a-pauta-no-stf-entenda-debate\/","name":"Porte de drogas para consumo pr\u00f3prio volta \u00e0 pauta no STF; entenda debate - Portal Not\u00edcia em Pauta","isPartOf":{"@id":"https:\/\/noticiaempauta.com\/portal\/#website"},"primaryImageOfPage":{"@id":"https:\/\/noticiaempauta.com\/portal\/porte-de-drogas-para-consumo-proprio-volta-a-pauta-no-stf-entenda-debate\/#primaryimage"},"image":{"@id":"https:\/\/noticiaempauta.com\/portal\/porte-de-drogas-para-consumo-proprio-volta-a-pauta-no-stf-entenda-debate\/#primaryimage"},"thumbnailUrl":"https:\/\/noticiaempauta.com\/portal\/wp-content\/uploads\/2022\/09\/STF.jpg","datePublished":"2024-03-04T12:31:10+00:00","dateModified":"2024-03-04T12:31:11+00:00","breadcrumb":{"@id":"https:\/\/noticiaempauta.com\/portal\/porte-de-drogas-para-consumo-proprio-volta-a-pauta-no-stf-entenda-debate\/#breadcrumb"},"inLanguage":"pt-BR","potentialAction":[{"@type":"ReadAction","target":["https:\/\/noticiaempauta.com\/portal\/porte-de-drogas-para-consumo-proprio-volta-a-pauta-no-stf-entenda-debate\/"]}]},{"@type":"ImageObject","inLanguage":"pt-BR","@id":"https:\/\/noticiaempauta.com\/portal\/porte-de-drogas-para-consumo-proprio-volta-a-pauta-no-stf-entenda-debate\/#primaryimage","url":"https:\/\/noticiaempauta.com\/portal\/wp-content\/uploads\/2022\/09\/STF.jpg","contentUrl":"https:\/\/noticiaempauta.com\/portal\/wp-content\/uploads\/2022\/09\/STF.jpg","width":1024,"height":592,"caption":"Foto: Reprodu\u00e7\u00e3o\/STF"},{"@type":"BreadcrumbList","@id":"https:\/\/noticiaempauta.com\/portal\/porte-de-drogas-para-consumo-proprio-volta-a-pauta-no-stf-entenda-debate\/#breadcrumb","itemListElement":[{"@type":"ListItem","position":1,"name":"P\u00e1gina Inicial","item":"https:\/\/noticiaempauta.com\/portal\/"},{"@type":"ListItem","position":2,"name":"Destaques","item":"https:\/\/noticiaempauta.com\/portal\/destaques-site\/"},{"@type":"ListItem","position":3,"name":"Porte de drogas para consumo pr\u00f3prio volta \u00e0 pauta no STF; entenda debate"}]},{"@type":"WebSite","@id":"https:\/\/noticiaempauta.com\/portal\/#website","url":"https:\/\/noticiaempauta.com\/portal\/","name":"Portal Not\u00edcia em Pauta","description":"Voc\u00ea bem informado","publisher":{"@id":"https:\/\/noticiaempauta.com\/portal\/#organization"},"potentialAction":[{"@type":"SearchAction","target":{"@type":"EntryPoint","urlTemplate":"https:\/\/noticiaempauta.com\/portal\/?s={search_term_string}"},"query-input":{"@type":"PropertyValueSpecification","valueRequired":true,"valueName":"search_term_string"}}],"inLanguage":"pt-BR"},{"@type":"Organization","@id":"https:\/\/noticiaempauta.com\/portal\/#organization","name":"Portal Not\u00edcia em Pauta","url":"https:\/\/noticiaempauta.com\/portal\/","logo":{"@type":"ImageObject","inLanguage":"pt-BR","@id":"https:\/\/noticiaempauta.com\/portal\/#\/schema\/logo\/image\/","url":"https:\/\/noticiaempauta.com\/portal\/wp-content\/uploads\/2022\/08\/logomarca_tema.fw_.png","contentUrl":"https:\/\/noticiaempauta.com\/portal\/wp-content\/uploads\/2022\/08\/logomarca_tema.fw_.png","width":400,"height":232,"caption":"Portal Not\u00edcia em Pauta"},"image":{"@id":"https:\/\/noticiaempauta.com\/portal\/#\/schema\/logo\/image\/"},"sameAs":["https:\/\/www.facebook.com\/Portal-Notcia-Em-Pauta-102292869264820\/","https:\/\/www.instagram.com\/portalnoticiaempauta\/"]},{"@type":"Person","@id":"https:\/\/noticiaempauta.com\/portal\/#\/schema\/person\/a74af43dd1ab3deca45f988c717d57ac","name":"Reda\u00e7\u00e3o","image":{"@type":"ImageObject","inLanguage":"pt-BR","@id":"https:\/\/noticiaempauta.com\/portal\/#\/schema\/person\/image\/","url":"https:\/\/secure.gravatar.com\/avatar\/03179346ecce6cdfc13361603e8f54242a90e5cde8618fa23c5c00aa2b0aadf3?s=96&d=mm&r=g","contentUrl":"https:\/\/secure.gravatar.com\/avatar\/03179346ecce6cdfc13361603e8f54242a90e5cde8618fa23c5c00aa2b0aadf3?s=96&d=mm&r=g","caption":"Reda\u00e7\u00e3o"},"sameAs":["https:\/\/noticiaempauta.com\/portal\/"],"url":"https:\/\/noticiaempauta.com\/portal\/author\/fernando\/"}]}},"_links":{"self":[{"href":"https:\/\/noticiaempauta.com\/portal\/wp-json\/wp\/v2\/posts\/255466","targetHints":{"allow":["GET"]}}],"collection":[{"href":"https:\/\/noticiaempauta.com\/portal\/wp-json\/wp\/v2\/posts"}],"about":[{"href":"https:\/\/noticiaempauta.com\/portal\/wp-json\/wp\/v2\/types\/post"}],"author":[{"embeddable":true,"href":"https:\/\/noticiaempauta.com\/portal\/wp-json\/wp\/v2\/users\/2"}],"replies":[{"embeddable":true,"href":"https:\/\/noticiaempauta.com\/portal\/wp-json\/wp\/v2\/comments?post=255466"}],"version-history":[{"count":2,"href":"https:\/\/noticiaempauta.com\/portal\/wp-json\/wp\/v2\/posts\/255466\/revisions"}],"predecessor-version":[{"id":255470,"href":"https:\/\/noticiaempauta.com\/portal\/wp-json\/wp\/v2\/posts\/255466\/revisions\/255470"}],"wp:featuredmedia":[{"embeddable":true,"href":"https:\/\/noticiaempauta.com\/portal\/wp-json\/wp\/v2\/media\/241480"}],"wp:attachment":[{"href":"https:\/\/noticiaempauta.com\/portal\/wp-json\/wp\/v2\/media?parent=255466"}],"wp:term":[{"taxonomy":"category","embeddable":true,"href":"https:\/\/noticiaempauta.com\/portal\/wp-json\/wp\/v2\/categories?post=255466"},{"taxonomy":"post_tag","embeddable":true,"href":"https:\/\/noticiaempauta.com\/portal\/wp-json\/wp\/v2\/tags?post=255466"}],"curies":[{"name":"wp","href":"https:\/\/api.w.org\/{rel}","templated":true}]}}