{"id":255475,"date":"2024-03-04T11:12:04","date_gmt":"2024-03-04T14:12:04","guid":{"rendered":"https:\/\/noticiaempauta.com\/portal\/?p=255475"},"modified":"2024-03-04T11:12:06","modified_gmt":"2024-03-04T14:12:06","slug":"em-nova-pesquisa-pablo-santos-lidera-com-58-das-intencoes-de-voto-para-a-prefeitura-de-picos","status":"publish","type":"post","link":"https:\/\/noticiaempauta.com\/portal\/em-nova-pesquisa-pablo-santos-lidera-com-58-das-intencoes-de-voto-para-a-prefeitura-de-picos\/","title":{"rendered":"Em nova pesquisa Pablo Santos lidera com 58% das inten\u00e7\u00f5es de voto para a Prefeitura de Picos"},"content":{"rendered":"\n<p>O Instituto Credibilidade divulgou na manh\u00e3 desta segunda-feira, 04 de mar\u00e7o, uma nova rodada de pesquisa realizada sobre a corrida eleitoral para a Prefeitura de Picos. Os n\u00fameros divulgados revelam uma vantagem expressiva para o pr\u00e9-candidato Pablo Santos.<\/p>\n\n\n\n<p>A pesquisa, registrada no TSE sob o n\u00famero PI-06876\/2024, foi realizada entre os dias 28 de fevereiro e 01 de mar\u00e7o de 2024, com 500 entrevistados distribu\u00eddos entre a zona urbana e rural do munic\u00edpio. A margem de erro \u00e9 de 4,4% para mais ou para menos, com uma margem de confian\u00e7a de 95%.<\/p>\n\n\n\n<p>Na pesquisa estimulada, que apresenta os nomes dos prov\u00e1veis candidatos, o deputado estadual Pablo Santos lidera com folga, acumulando 58,88% das inten\u00e7\u00f5es de voto. Enquanto isso, o atual prefeito, Gil Paraibano, registra apenas 23,75%. Um contingente de 15,37% dos entrevistados n\u00e3o soube em quem votar ou preferiu n\u00e3o opinar, enquanto 2% declararam inten\u00e7\u00e3o de anular o voto.<\/p>\n\n\n\n<figure class=\"wp-block-image size-full\"><img fetchpriority=\"high\" decoding=\"async\" width=\"858\" height=\"373\" src=\"https:\/\/noticiaempauta.com\/portal\/wp-content\/uploads\/2024\/03\/Screenshot-2024-03-04-at-10-14-52-Pablo-Santos-tem-vantagem-expressiva-sobre-Gil-Paraibano-aponta-Instituto-Credibilidade.png\" alt=\"\" class=\"wp-image-255478\" srcset=\"https:\/\/noticiaempauta.com\/portal\/wp-content\/uploads\/2024\/03\/Screenshot-2024-03-04-at-10-14-52-Pablo-Santos-tem-vantagem-expressiva-sobre-Gil-Paraibano-aponta-Instituto-Credibilidade.png 858w, https:\/\/noticiaempauta.com\/portal\/wp-content\/uploads\/2024\/03\/Screenshot-2024-03-04-at-10-14-52-Pablo-Santos-tem-vantagem-expressiva-sobre-Gil-Paraibano-aponta-Instituto-Credibilidade-300x130.png 300w, https:\/\/noticiaempauta.com\/portal\/wp-content\/uploads\/2024\/03\/Screenshot-2024-03-04-at-10-14-52-Pablo-Santos-tem-vantagem-expressiva-sobre-Gil-Paraibano-aponta-Instituto-Credibilidade-768x334.png 768w\" sizes=\"(max-width: 858px) 100vw, 858px\" \/><\/figure>\n\n\n\n<p>Na pesquisa espont\u00e2nea, onde os nomes dos candidatos n\u00e3o s\u00e3o sugeridos, Pablo Santos mant\u00e9m a lideran\u00e7a com 41,32% das inten\u00e7\u00f5es de voto, enquanto Gil Paraibano acumula 20,56%. Uma parcela consider\u00e1vel de 34,93% dos entrevistados n\u00e3o soube ou n\u00e3o quis responder, e 2,20% afirmaram que anular\u00e3o o voto. Outros candidatos como o ex-prefeito Z\u00e9 Neri, o coronel Viana e o deputado Nerinho foram mencionados por 0,40%, 0,20% e 0,40% respectivamente.<\/p>\n\n\n\n<figure class=\"wp-block-image size-full\"><img decoding=\"async\" width=\"864\" height=\"543\" src=\"https:\/\/noticiaempauta.com\/portal\/wp-content\/uploads\/2024\/03\/Screenshot-2024-03-04-at-10-16-41-Pablo-Santos-tem-vantagem-expressiva-sobre-Gil-Paraibano-aponta-Instituto-Credibilidade.png\" alt=\"\" class=\"wp-image-255479\" srcset=\"https:\/\/noticiaempauta.com\/portal\/wp-content\/uploads\/2024\/03\/Screenshot-2024-03-04-at-10-16-41-Pablo-Santos-tem-vantagem-expressiva-sobre-Gil-Paraibano-aponta-Instituto-Credibilidade.png 864w, https:\/\/noticiaempauta.com\/portal\/wp-content\/uploads\/2024\/03\/Screenshot-2024-03-04-at-10-16-41-Pablo-Santos-tem-vantagem-expressiva-sobre-Gil-Paraibano-aponta-Instituto-Credibilidade-300x189.png 300w, https:\/\/noticiaempauta.com\/portal\/wp-content\/uploads\/2024\/03\/Screenshot-2024-03-04-at-10-16-41-Pablo-Santos-tem-vantagem-expressiva-sobre-Gil-Paraibano-aponta-Instituto-Credibilidade-768x483.png 768w\" sizes=\"(max-width: 864px) 100vw, 864px\" \/><\/figure>\n\n\n\n<p>Al\u00e9m disso, o levantamento trouxe avalia\u00e7\u00f5es sobre a gest\u00e3o do governador do Piau\u00ed, Rafael Fonteles (PT), que obteve 70,06% de aprova\u00e7\u00e3o, com 13,57% de desaprova\u00e7\u00e3o e 16,37% sem opini\u00e3o.<\/p>\n\n\n\n<figure class=\"wp-block-image size-full\"><img decoding=\"async\" width=\"862\" height=\"288\" src=\"https:\/\/noticiaempauta.com\/portal\/wp-content\/uploads\/2024\/03\/Screenshot-2024-03-04-at-10-15-31-Pablo-Santos-tem-vantagem-expressiva-sobre-Gil-Paraibano-aponta-Instituto-Credibilidade.png\" alt=\"\" class=\"wp-image-255480\" srcset=\"https:\/\/noticiaempauta.com\/portal\/wp-content\/uploads\/2024\/03\/Screenshot-2024-03-04-at-10-15-31-Pablo-Santos-tem-vantagem-expressiva-sobre-Gil-Paraibano-aponta-Instituto-Credibilidade.png 862w, https:\/\/noticiaempauta.com\/portal\/wp-content\/uploads\/2024\/03\/Screenshot-2024-03-04-at-10-15-31-Pablo-Santos-tem-vantagem-expressiva-sobre-Gil-Paraibano-aponta-Instituto-Credibilidade-300x100.png 300w, https:\/\/noticiaempauta.com\/portal\/wp-content\/uploads\/2024\/03\/Screenshot-2024-03-04-at-10-15-31-Pablo-Santos-tem-vantagem-expressiva-sobre-Gil-Paraibano-aponta-Instituto-Credibilidade-768x257.png 768w\" sizes=\"(max-width: 862px) 100vw, 862px\" \/><\/figure>\n\n\n\n<p>A pesquisa utilizou amostragem aleat\u00f3ria estratificada proporcional por sexo, idade, escolaridade e renda. As entrevistas foram realizadas de forma domiciliar e individual, atrav\u00e9s de tablets\/smartphones.<\/p>\n\n\n\n<p><em>Com informa\u00e7\u00f5es do Portal Folha Atual<\/em><\/p>\n","protected":false},"excerpt":{"rendered":"<p>O Instituto Credibilidade divulgou na manh\u00e3 desta segunda-feira, 04 de mar\u00e7o, uma nova rodada de pesquisa realizada sobre a corrida eleitoral para a Prefeitura de Picos. Os n\u00fameros divulgados revelam uma vantagem expressiva para o pr\u00e9-candidato Pablo Santos. A pesquisa, registrada no TSE sob o n\u00famero PI-06876\/2024, foi realizada entre os dias 28 de fevereiro [&hellip;]<\/p>\n","protected":false},"author":2,"featured_media":255477,"comment_status":"open","ping_status":"open","sticky":false,"template":"","format":"standard","meta":{"_mi_skip_tracking":false,"footnotes":""},"categories":[25,1,3,16],"tags":[192],"class_list":["post-255475","post","type-post","status-publish","format-standard","has-post-thumbnail","hentry","category-destaques-site","category-geral","category-politica","category-todas","tag-destaqueprincipal"],"acf":[],"yoast_head":"<!-- This site is optimized with the Yoast SEO Premium plugin v19.2 (Yoast SEO v26.9) - https:\/\/yoast.com\/product\/yoast-seo-premium-wordpress\/ -->\n<title>Em nova pesquisa Pablo Santos lidera com 58% das inten\u00e7\u00f5es de voto para a Prefeitura de Picos - Portal Not\u00edcia em Pauta<\/title>\n<meta name=\"robots\" content=\"index, follow, max-snippet:-1, max-image-preview:large, max-video-preview:-1\" \/>\n<link rel=\"canonical\" href=\"https:\/\/noticiaempauta.com\/portal\/em-nova-pesquisa-pablo-santos-lidera-com-58-das-intencoes-de-voto-para-a-prefeitura-de-picos\/\" \/>\n<meta property=\"og:locale\" content=\"pt_BR\" \/>\n<meta property=\"og:type\" content=\"article\" \/>\n<meta property=\"og:title\" content=\"Em nova pesquisa Pablo Santos lidera com 58% das inten\u00e7\u00f5es de voto para a Prefeitura de Picos\" \/>\n<meta property=\"og:description\" content=\"O Instituto Credibilidade divulgou na manh\u00e3 desta segunda-feira, 04 de mar\u00e7o, uma nova rodada de pesquisa realizada sobre a corrida eleitoral para a Prefeitura de Picos. Os n\u00fameros divulgados revelam uma vantagem expressiva para o pr\u00e9-candidato Pablo Santos. A pesquisa, registrada no TSE sob o n\u00famero PI-06876\/2024, foi realizada entre os dias 28 de fevereiro [&hellip;]\" \/>\n<meta property=\"og:url\" content=\"https:\/\/noticiaempauta.com\/portal\/em-nova-pesquisa-pablo-santos-lidera-com-58-das-intencoes-de-voto-para-a-prefeitura-de-picos\/\" \/>\n<meta property=\"og:site_name\" content=\"Portal Not\u00edcia em Pauta\" \/>\n<meta property=\"article:publisher\" content=\"https:\/\/www.facebook.com\/Portal-Notcia-Em-Pauta-102292869264820\/\" \/>\n<meta property=\"article:published_time\" content=\"2024-03-04T14:12:04+00:00\" \/>\n<meta property=\"article:modified_time\" content=\"2024-03-04T14:12:06+00:00\" \/>\n<meta property=\"og:image\" content=\"https:\/\/noticiaempauta.com\/portal\/wp-content\/uploads\/2024\/03\/WhatsApp-Image-2024-03-04-at-11.06.13.jpeg\" \/>\n\t<meta property=\"og:image:width\" content=\"790\" \/>\n\t<meta property=\"og:image:height\" content=\"550\" \/>\n\t<meta property=\"og:image:type\" content=\"image\/jpeg\" \/>\n<meta name=\"author\" content=\"Reda\u00e7\u00e3o\" \/>\n<meta name=\"twitter:card\" content=\"summary_large_image\" \/>\n<meta name=\"twitter:label1\" content=\"Escrito por\" \/>\n\t<meta name=\"twitter:data1\" content=\"Reda\u00e7\u00e3o\" \/>\n\t<meta name=\"twitter:label2\" content=\"Est. tempo de leitura\" \/>\n\t<meta name=\"twitter:data2\" content=\"3 minutos\" \/>\n<script type=\"application\/ld+json\" class=\"yoast-schema-graph\">{\"@context\":\"https:\/\/schema.org\",\"@graph\":[{\"@type\":\"Article\",\"@id\":\"https:\/\/noticiaempauta.com\/portal\/em-nova-pesquisa-pablo-santos-lidera-com-58-das-intencoes-de-voto-para-a-prefeitura-de-picos\/#article\",\"isPartOf\":{\"@id\":\"https:\/\/noticiaempauta.com\/portal\/em-nova-pesquisa-pablo-santos-lidera-com-58-das-intencoes-de-voto-para-a-prefeitura-de-picos\/\"},\"author\":{\"name\":\"Reda\u00e7\u00e3o\",\"@id\":\"https:\/\/noticiaempauta.com\/portal\/#\/schema\/person\/a74af43dd1ab3deca45f988c717d57ac\"},\"headline\":\"Em nova pesquisa Pablo Santos lidera com 58% das inten\u00e7\u00f5es de voto para a Prefeitura de Picos\",\"datePublished\":\"2024-03-04T14:12:04+00:00\",\"dateModified\":\"2024-03-04T14:12:06+00:00\",\"mainEntityOfPage\":{\"@id\":\"https:\/\/noticiaempauta.com\/portal\/em-nova-pesquisa-pablo-santos-lidera-com-58-das-intencoes-de-voto-para-a-prefeitura-de-picos\/\"},\"wordCount\":306,\"commentCount\":0,\"publisher\":{\"@id\":\"https:\/\/noticiaempauta.com\/portal\/#organization\"},\"image\":{\"@id\":\"https:\/\/noticiaempauta.com\/portal\/em-nova-pesquisa-pablo-santos-lidera-com-58-das-intencoes-de-voto-para-a-prefeitura-de-picos\/#primaryimage\"},\"thumbnailUrl\":\"https:\/\/noticiaempauta.com\/portal\/wp-content\/uploads\/2024\/03\/WhatsApp-Image-2024-03-04-at-11.06.13.jpeg\",\"keywords\":[\"destaqueprincipal\"],\"articleSection\":[\"Destaques\",\"Geral\",\"Pol\u00edtica\",\"Todas as Not\u00edcias\"],\"inLanguage\":\"pt-BR\",\"potentialAction\":[{\"@type\":\"CommentAction\",\"name\":\"Comment\",\"target\":[\"https:\/\/noticiaempauta.com\/portal\/em-nova-pesquisa-pablo-santos-lidera-com-58-das-intencoes-de-voto-para-a-prefeitura-de-picos\/#respond\"]}]},{\"@type\":\"WebPage\",\"@id\":\"https:\/\/noticiaempauta.com\/portal\/em-nova-pesquisa-pablo-santos-lidera-com-58-das-intencoes-de-voto-para-a-prefeitura-de-picos\/\",\"url\":\"https:\/\/noticiaempauta.com\/portal\/em-nova-pesquisa-pablo-santos-lidera-com-58-das-intencoes-de-voto-para-a-prefeitura-de-picos\/\",\"name\":\"Em nova pesquisa Pablo Santos lidera com 58% das inten\u00e7\u00f5es de voto para a Prefeitura de Picos - Portal Not\u00edcia em Pauta\",\"isPartOf\":{\"@id\":\"https:\/\/noticiaempauta.com\/portal\/#website\"},\"primaryImageOfPage\":{\"@id\":\"https:\/\/noticiaempauta.com\/portal\/em-nova-pesquisa-pablo-santos-lidera-com-58-das-intencoes-de-voto-para-a-prefeitura-de-picos\/#primaryimage\"},\"image\":{\"@id\":\"https:\/\/noticiaempauta.com\/portal\/em-nova-pesquisa-pablo-santos-lidera-com-58-das-intencoes-de-voto-para-a-prefeitura-de-picos\/#primaryimage\"},\"thumbnailUrl\":\"https:\/\/noticiaempauta.com\/portal\/wp-content\/uploads\/2024\/03\/WhatsApp-Image-2024-03-04-at-11.06.13.jpeg\",\"datePublished\":\"2024-03-04T14:12:04+00:00\",\"dateModified\":\"2024-03-04T14:12:06+00:00\",\"breadcrumb\":{\"@id\":\"https:\/\/noticiaempauta.com\/portal\/em-nova-pesquisa-pablo-santos-lidera-com-58-das-intencoes-de-voto-para-a-prefeitura-de-picos\/#breadcrumb\"},\"inLanguage\":\"pt-BR\",\"potentialAction\":[{\"@type\":\"ReadAction\",\"target\":[\"https:\/\/noticiaempauta.com\/portal\/em-nova-pesquisa-pablo-santos-lidera-com-58-das-intencoes-de-voto-para-a-prefeitura-de-picos\/\"]}]},{\"@type\":\"ImageObject\",\"inLanguage\":\"pt-BR\",\"@id\":\"https:\/\/noticiaempauta.com\/portal\/em-nova-pesquisa-pablo-santos-lidera-com-58-das-intencoes-de-voto-para-a-prefeitura-de-picos\/#primaryimage\",\"url\":\"https:\/\/noticiaempauta.com\/portal\/wp-content\/uploads\/2024\/03\/WhatsApp-Image-2024-03-04-at-11.06.13.jpeg\",\"contentUrl\":\"https:\/\/noticiaempauta.com\/portal\/wp-content\/uploads\/2024\/03\/WhatsApp-Image-2024-03-04-at-11.06.13.jpeg\",\"width\":790,\"height\":550,\"caption\":\"Foto: Reprodu\u00e7\u00e3o\"},{\"@type\":\"BreadcrumbList\",\"@id\":\"https:\/\/noticiaempauta.com\/portal\/em-nova-pesquisa-pablo-santos-lidera-com-58-das-intencoes-de-voto-para-a-prefeitura-de-picos\/#breadcrumb\",\"itemListElement\":[{\"@type\":\"ListItem\",\"position\":1,\"name\":\"P\u00e1gina Inicial\",\"item\":\"https:\/\/noticiaempauta.com\/portal\/\"},{\"@type\":\"ListItem\",\"position\":2,\"name\":\"Destaques\",\"item\":\"https:\/\/noticiaempauta.com\/portal\/destaques-site\/\"},{\"@type\":\"ListItem\",\"position\":3,\"name\":\"Em nova pesquisa Pablo Santos lidera com 58% das inten\u00e7\u00f5es de voto para a Prefeitura de Picos\"}]},{\"@type\":\"WebSite\",\"@id\":\"https:\/\/noticiaempauta.com\/portal\/#website\",\"url\":\"https:\/\/noticiaempauta.com\/portal\/\",\"name\":\"Portal Not\u00edcia em Pauta\",\"description\":\"Voc\u00ea bem informado\",\"publisher\":{\"@id\":\"https:\/\/noticiaempauta.com\/portal\/#organization\"},\"potentialAction\":[{\"@type\":\"SearchAction\",\"target\":{\"@type\":\"EntryPoint\",\"urlTemplate\":\"https:\/\/noticiaempauta.com\/portal\/?s={search_term_string}\"},\"query-input\":{\"@type\":\"PropertyValueSpecification\",\"valueRequired\":true,\"valueName\":\"search_term_string\"}}],\"inLanguage\":\"pt-BR\"},{\"@type\":\"Organization\",\"@id\":\"https:\/\/noticiaempauta.com\/portal\/#organization\",\"name\":\"Portal Not\u00edcia em Pauta\",\"url\":\"https:\/\/noticiaempauta.com\/portal\/\",\"logo\":{\"@type\":\"ImageObject\",\"inLanguage\":\"pt-BR\",\"@id\":\"https:\/\/noticiaempauta.com\/portal\/#\/schema\/logo\/image\/\",\"url\":\"https:\/\/noticiaempauta.com\/portal\/wp-content\/uploads\/2022\/08\/logomarca_tema.fw_.png\",\"contentUrl\":\"https:\/\/noticiaempauta.com\/portal\/wp-content\/uploads\/2022\/08\/logomarca_tema.fw_.png\",\"width\":400,\"height\":232,\"caption\":\"Portal Not\u00edcia em Pauta\"},\"image\":{\"@id\":\"https:\/\/noticiaempauta.com\/portal\/#\/schema\/logo\/image\/\"},\"sameAs\":[\"https:\/\/www.facebook.com\/Portal-Notcia-Em-Pauta-102292869264820\/\",\"https:\/\/www.instagram.com\/portalnoticiaempauta\/\"]},{\"@type\":\"Person\",\"@id\":\"https:\/\/noticiaempauta.com\/portal\/#\/schema\/person\/a74af43dd1ab3deca45f988c717d57ac\",\"name\":\"Reda\u00e7\u00e3o\",\"image\":{\"@type\":\"ImageObject\",\"inLanguage\":\"pt-BR\",\"@id\":\"https:\/\/noticiaempauta.com\/portal\/#\/schema\/person\/image\/\",\"url\":\"https:\/\/secure.gravatar.com\/avatar\/03179346ecce6cdfc13361603e8f54242a90e5cde8618fa23c5c00aa2b0aadf3?s=96&d=mm&r=g\",\"contentUrl\":\"https:\/\/secure.gravatar.com\/avatar\/03179346ecce6cdfc13361603e8f54242a90e5cde8618fa23c5c00aa2b0aadf3?s=96&d=mm&r=g\",\"caption\":\"Reda\u00e7\u00e3o\"},\"sameAs\":[\"https:\/\/noticiaempauta.com\/portal\/\"],\"url\":\"https:\/\/noticiaempauta.com\/portal\/author\/fernando\/\"}]}<\/script>\n<!-- \/ Yoast SEO Premium plugin. -->","yoast_head_json":{"title":"Em nova pesquisa Pablo Santos lidera com 58% das inten\u00e7\u00f5es de voto para a Prefeitura de Picos - Portal Not\u00edcia em Pauta","robots":{"index":"index","follow":"follow","max-snippet":"max-snippet:-1","max-image-preview":"max-image-preview:large","max-video-preview":"max-video-preview:-1"},"canonical":"https:\/\/noticiaempauta.com\/portal\/em-nova-pesquisa-pablo-santos-lidera-com-58-das-intencoes-de-voto-para-a-prefeitura-de-picos\/","og_locale":"pt_BR","og_type":"article","og_title":"Em nova pesquisa Pablo Santos lidera com 58% das inten\u00e7\u00f5es de voto para a Prefeitura de Picos","og_description":"O Instituto Credibilidade divulgou na manh\u00e3 desta segunda-feira, 04 de mar\u00e7o, uma nova rodada de pesquisa realizada sobre a corrida eleitoral para a Prefeitura de Picos. Os n\u00fameros divulgados revelam uma vantagem expressiva para o pr\u00e9-candidato Pablo Santos. A pesquisa, registrada no TSE sob o n\u00famero PI-06876\/2024, foi realizada entre os dias 28 de fevereiro [&hellip;]","og_url":"https:\/\/noticiaempauta.com\/portal\/em-nova-pesquisa-pablo-santos-lidera-com-58-das-intencoes-de-voto-para-a-prefeitura-de-picos\/","og_site_name":"Portal Not\u00edcia em Pauta","article_publisher":"https:\/\/www.facebook.com\/Portal-Notcia-Em-Pauta-102292869264820\/","article_published_time":"2024-03-04T14:12:04+00:00","article_modified_time":"2024-03-04T14:12:06+00:00","og_image":[{"width":790,"height":550,"url":"https:\/\/noticiaempauta.com\/portal\/wp-content\/uploads\/2024\/03\/WhatsApp-Image-2024-03-04-at-11.06.13.jpeg","type":"image\/jpeg"}],"author":"Reda\u00e7\u00e3o","twitter_card":"summary_large_image","twitter_misc":{"Escrito por":"Reda\u00e7\u00e3o","Est. tempo de leitura":"3 minutos"},"schema":{"@context":"https:\/\/schema.org","@graph":[{"@type":"Article","@id":"https:\/\/noticiaempauta.com\/portal\/em-nova-pesquisa-pablo-santos-lidera-com-58-das-intencoes-de-voto-para-a-prefeitura-de-picos\/#article","isPartOf":{"@id":"https:\/\/noticiaempauta.com\/portal\/em-nova-pesquisa-pablo-santos-lidera-com-58-das-intencoes-de-voto-para-a-prefeitura-de-picos\/"},"author":{"name":"Reda\u00e7\u00e3o","@id":"https:\/\/noticiaempauta.com\/portal\/#\/schema\/person\/a74af43dd1ab3deca45f988c717d57ac"},"headline":"Em nova pesquisa Pablo Santos lidera com 58% das inten\u00e7\u00f5es de voto para a Prefeitura de Picos","datePublished":"2024-03-04T14:12:04+00:00","dateModified":"2024-03-04T14:12:06+00:00","mainEntityOfPage":{"@id":"https:\/\/noticiaempauta.com\/portal\/em-nova-pesquisa-pablo-santos-lidera-com-58-das-intencoes-de-voto-para-a-prefeitura-de-picos\/"},"wordCount":306,"commentCount":0,"publisher":{"@id":"https:\/\/noticiaempauta.com\/portal\/#organization"},"image":{"@id":"https:\/\/noticiaempauta.com\/portal\/em-nova-pesquisa-pablo-santos-lidera-com-58-das-intencoes-de-voto-para-a-prefeitura-de-picos\/#primaryimage"},"thumbnailUrl":"https:\/\/noticiaempauta.com\/portal\/wp-content\/uploads\/2024\/03\/WhatsApp-Image-2024-03-04-at-11.06.13.jpeg","keywords":["destaqueprincipal"],"articleSection":["Destaques","Geral","Pol\u00edtica","Todas as Not\u00edcias"],"inLanguage":"pt-BR","potentialAction":[{"@type":"CommentAction","name":"Comment","target":["https:\/\/noticiaempauta.com\/portal\/em-nova-pesquisa-pablo-santos-lidera-com-58-das-intencoes-de-voto-para-a-prefeitura-de-picos\/#respond"]}]},{"@type":"WebPage","@id":"https:\/\/noticiaempauta.com\/portal\/em-nova-pesquisa-pablo-santos-lidera-com-58-das-intencoes-de-voto-para-a-prefeitura-de-picos\/","url":"https:\/\/noticiaempauta.com\/portal\/em-nova-pesquisa-pablo-santos-lidera-com-58-das-intencoes-de-voto-para-a-prefeitura-de-picos\/","name":"Em nova pesquisa Pablo Santos lidera com 58% das inten\u00e7\u00f5es de voto para a Prefeitura de Picos - Portal Not\u00edcia em Pauta","isPartOf":{"@id":"https:\/\/noticiaempauta.com\/portal\/#website"},"primaryImageOfPage":{"@id":"https:\/\/noticiaempauta.com\/portal\/em-nova-pesquisa-pablo-santos-lidera-com-58-das-intencoes-de-voto-para-a-prefeitura-de-picos\/#primaryimage"},"image":{"@id":"https:\/\/noticiaempauta.com\/portal\/em-nova-pesquisa-pablo-santos-lidera-com-58-das-intencoes-de-voto-para-a-prefeitura-de-picos\/#primaryimage"},"thumbnailUrl":"https:\/\/noticiaempauta.com\/portal\/wp-content\/uploads\/2024\/03\/WhatsApp-Image-2024-03-04-at-11.06.13.jpeg","datePublished":"2024-03-04T14:12:04+00:00","dateModified":"2024-03-04T14:12:06+00:00","breadcrumb":{"@id":"https:\/\/noticiaempauta.com\/portal\/em-nova-pesquisa-pablo-santos-lidera-com-58-das-intencoes-de-voto-para-a-prefeitura-de-picos\/#breadcrumb"},"inLanguage":"pt-BR","potentialAction":[{"@type":"ReadAction","target":["https:\/\/noticiaempauta.com\/portal\/em-nova-pesquisa-pablo-santos-lidera-com-58-das-intencoes-de-voto-para-a-prefeitura-de-picos\/"]}]},{"@type":"ImageObject","inLanguage":"pt-BR","@id":"https:\/\/noticiaempauta.com\/portal\/em-nova-pesquisa-pablo-santos-lidera-com-58-das-intencoes-de-voto-para-a-prefeitura-de-picos\/#primaryimage","url":"https:\/\/noticiaempauta.com\/portal\/wp-content\/uploads\/2024\/03\/WhatsApp-Image-2024-03-04-at-11.06.13.jpeg","contentUrl":"https:\/\/noticiaempauta.com\/portal\/wp-content\/uploads\/2024\/03\/WhatsApp-Image-2024-03-04-at-11.06.13.jpeg","width":790,"height":550,"caption":"Foto: Reprodu\u00e7\u00e3o"},{"@type":"BreadcrumbList","@id":"https:\/\/noticiaempauta.com\/portal\/em-nova-pesquisa-pablo-santos-lidera-com-58-das-intencoes-de-voto-para-a-prefeitura-de-picos\/#breadcrumb","itemListElement":[{"@type":"ListItem","position":1,"name":"P\u00e1gina Inicial","item":"https:\/\/noticiaempauta.com\/portal\/"},{"@type":"ListItem","position":2,"name":"Destaques","item":"https:\/\/noticiaempauta.com\/portal\/destaques-site\/"},{"@type":"ListItem","position":3,"name":"Em nova pesquisa Pablo Santos lidera com 58% das inten\u00e7\u00f5es de voto para a Prefeitura de Picos"}]},{"@type":"WebSite","@id":"https:\/\/noticiaempauta.com\/portal\/#website","url":"https:\/\/noticiaempauta.com\/portal\/","name":"Portal Not\u00edcia em Pauta","description":"Voc\u00ea bem informado","publisher":{"@id":"https:\/\/noticiaempauta.com\/portal\/#organization"},"potentialAction":[{"@type":"SearchAction","target":{"@type":"EntryPoint","urlTemplate":"https:\/\/noticiaempauta.com\/portal\/?s={search_term_string}"},"query-input":{"@type":"PropertyValueSpecification","valueRequired":true,"valueName":"search_term_string"}}],"inLanguage":"pt-BR"},{"@type":"Organization","@id":"https:\/\/noticiaempauta.com\/portal\/#organization","name":"Portal Not\u00edcia em Pauta","url":"https:\/\/noticiaempauta.com\/portal\/","logo":{"@type":"ImageObject","inLanguage":"pt-BR","@id":"https:\/\/noticiaempauta.com\/portal\/#\/schema\/logo\/image\/","url":"https:\/\/noticiaempauta.com\/portal\/wp-content\/uploads\/2022\/08\/logomarca_tema.fw_.png","contentUrl":"https:\/\/noticiaempauta.com\/portal\/wp-content\/uploads\/2022\/08\/logomarca_tema.fw_.png","width":400,"height":232,"caption":"Portal Not\u00edcia em Pauta"},"image":{"@id":"https:\/\/noticiaempauta.com\/portal\/#\/schema\/logo\/image\/"},"sameAs":["https:\/\/www.facebook.com\/Portal-Notcia-Em-Pauta-102292869264820\/","https:\/\/www.instagram.com\/portalnoticiaempauta\/"]},{"@type":"Person","@id":"https:\/\/noticiaempauta.com\/portal\/#\/schema\/person\/a74af43dd1ab3deca45f988c717d57ac","name":"Reda\u00e7\u00e3o","image":{"@type":"ImageObject","inLanguage":"pt-BR","@id":"https:\/\/noticiaempauta.com\/portal\/#\/schema\/person\/image\/","url":"https:\/\/secure.gravatar.com\/avatar\/03179346ecce6cdfc13361603e8f54242a90e5cde8618fa23c5c00aa2b0aadf3?s=96&d=mm&r=g","contentUrl":"https:\/\/secure.gravatar.com\/avatar\/03179346ecce6cdfc13361603e8f54242a90e5cde8618fa23c5c00aa2b0aadf3?s=96&d=mm&r=g","caption":"Reda\u00e7\u00e3o"},"sameAs":["https:\/\/noticiaempauta.com\/portal\/"],"url":"https:\/\/noticiaempauta.com\/portal\/author\/fernando\/"}]}},"_links":{"self":[{"href":"https:\/\/noticiaempauta.com\/portal\/wp-json\/wp\/v2\/posts\/255475","targetHints":{"allow":["GET"]}}],"collection":[{"href":"https:\/\/noticiaempauta.com\/portal\/wp-json\/wp\/v2\/posts"}],"about":[{"href":"https:\/\/noticiaempauta.com\/portal\/wp-json\/wp\/v2\/types\/post"}],"author":[{"embeddable":true,"href":"https:\/\/noticiaempauta.com\/portal\/wp-json\/wp\/v2\/users\/2"}],"replies":[{"embeddable":true,"href":"https:\/\/noticiaempauta.com\/portal\/wp-json\/wp\/v2\/comments?post=255475"}],"version-history":[{"count":2,"href":"https:\/\/noticiaempauta.com\/portal\/wp-json\/wp\/v2\/posts\/255475\/revisions"}],"predecessor-version":[{"id":255482,"href":"https:\/\/noticiaempauta.com\/portal\/wp-json\/wp\/v2\/posts\/255475\/revisions\/255482"}],"wp:featuredmedia":[{"embeddable":true,"href":"https:\/\/noticiaempauta.com\/portal\/wp-json\/wp\/v2\/media\/255477"}],"wp:attachment":[{"href":"https:\/\/noticiaempauta.com\/portal\/wp-json\/wp\/v2\/media?parent=255475"}],"wp:term":[{"taxonomy":"category","embeddable":true,"href":"https:\/\/noticiaempauta.com\/portal\/wp-json\/wp\/v2\/categories?post=255475"},{"taxonomy":"post_tag","embeddable":true,"href":"https:\/\/noticiaempauta.com\/portal\/wp-json\/wp\/v2\/tags?post=255475"}],"curies":[{"name":"wp","href":"https:\/\/api.w.org\/{rel}","templated":true}]}}