{"id":255494,"date":"2024-03-05T09:02:38","date_gmt":"2024-03-05T12:02:38","guid":{"rendered":"https:\/\/noticiaempauta.com\/portal\/?p=255494"},"modified":"2024-03-05T09:02:39","modified_gmt":"2024-03-05T12:02:39","slug":"governo-aprova-reajuste-de-17-e-greve-dos-professores-da-uespi-pode-chegar-ao-fim-nesta-terca-5","status":"publish","type":"post","link":"https:\/\/noticiaempauta.com\/portal\/governo-aprova-reajuste-de-17-e-greve-dos-professores-da-uespi-pode-chegar-ao-fim-nesta-terca-5\/","title":{"rendered":"Governo aprova reajuste de 17% e greve dos professores da Uespi pode chegar ao fim nesta ter\u00e7a (5)"},"content":{"rendered":"\n<p>Ap\u00f3s a segunda audi\u00eancia de concilia\u00e7\u00e3o entre representantes do Governo do Estado e professores da Universidade Estadual do Piau\u00ed (Uespi), a greve da categoria pode chegar ao fim nesta ter\u00e7a-feira (05). O movimento teve in\u00edcio no dia 2 de janeiro deste ano.<\/p>\n\n\n\n<figure class=\"wp-block-image size-full\"><img fetchpriority=\"high\" decoding=\"async\" width=\"790\" height=\"593\" src=\"https:\/\/noticiaempauta.com\/portal\/wp-content\/uploads\/2024\/03\/486eabf4f4f2a42d1960ea7c642f9a84.jpg\" alt=\"\" class=\"wp-image-255496\" srcset=\"https:\/\/noticiaempauta.com\/portal\/wp-content\/uploads\/2024\/03\/486eabf4f4f2a42d1960ea7c642f9a84.jpg 790w, https:\/\/noticiaempauta.com\/portal\/wp-content\/uploads\/2024\/03\/486eabf4f4f2a42d1960ea7c642f9a84-300x225.jpg 300w, https:\/\/noticiaempauta.com\/portal\/wp-content\/uploads\/2024\/03\/486eabf4f4f2a42d1960ea7c642f9a84-768x576.jpg 768w\" sizes=\"(max-width: 790px) 100vw, 790px\" \/><figcaption class=\"wp-element-caption\">Fotos: TJ-PI<\/figcaption><\/figure>\n\n\n\n<p>A decis\u00e3o surgiu ap\u00f3s um acordo que envolveu diversos compromissos entre as partes, incluindo o reajuste de 17%, a ser pago em tr\u00eas parcelas nas seguintes datas: 1\u00ba de maio de 2024, 1\u00ba de maio de 2025 e 1\u00ba de maio de 2026. Al\u00e9m disso, a categoria assegurou a reposi\u00e7\u00e3o das atividades perdidas durante o movimento para n\u00e3o prejudicar o desenvolvimento educacional dos alunos. O Governo do Estado pagar\u00e1 os valores descontados no contra-cheque dos grevistas atrav\u00e9s de uma folha suplementar.<\/p>\n\n\n\n<p>Segundo a professora Lucineide Barros, representante da categoria, a reuni\u00e3o encerrou \u00e0s 20h30 desta segunda-feira (04), e uma assembleia est\u00e1 prevista para esta ter\u00e7a-feira.<\/p>\n\n\n\n<p>&#8220;Foi bastante demorada, pois tivemos que discutir todos os pontos da pauta. Praticamente todos foram atendidos, alguns de maneira mais satisfat\u00f3ria do que outros. De algum modo, todos t\u00eam algum tipo de atendimento, com exce\u00e7\u00e3o do aux\u00edlio alimenta\u00e7\u00e3o. Na ter\u00e7a-feira, \u00e0s 9 horas, teremos a Assembleia no Campus Torquato Neto e devemos apresentar a ata dessa audi\u00eancia que foi produzida hoje&#8221;, destaca a professora.<\/p>\n\n\n\n<figure class=\"wp-block-image size-full\"><img decoding=\"async\" width=\"790\" height=\"593\" src=\"https:\/\/noticiaempauta.com\/portal\/wp-content\/uploads\/2024\/03\/dee0eae2da8a7686ec53dc738ac17ffe.jpg\" alt=\"\" class=\"wp-image-255497\" srcset=\"https:\/\/noticiaempauta.com\/portal\/wp-content\/uploads\/2024\/03\/dee0eae2da8a7686ec53dc738ac17ffe.jpg 790w, https:\/\/noticiaempauta.com\/portal\/wp-content\/uploads\/2024\/03\/dee0eae2da8a7686ec53dc738ac17ffe-300x225.jpg 300w, https:\/\/noticiaempauta.com\/portal\/wp-content\/uploads\/2024\/03\/dee0eae2da8a7686ec53dc738ac17ffe-768x576.jpg 768w\" sizes=\"(max-width: 790px) 100vw, 790px\" \/><\/figure>\n\n\n\n<p>Outra medida aceita pelo Governo foi o arquivamento do Projeto de Lei Complementar do Governo 9\/23 (PLCG), que altera o Plano de Cargos, Carreiras e Remunera\u00e7\u00e3o dos professores da Uespi. A pauta s\u00f3 ser\u00e1 retomada ap\u00f3s um estudo sobre o regime de trabalho dos docentes da Uespi, com a participa\u00e7\u00e3o do ADCESP.<\/p>\n\n\n\n<p>O secret\u00e1rio estadual de administra\u00e7\u00e3o, Samuel Nascimento, que participou das negocia\u00e7\u00f5es, considerou a conclus\u00e3o satisfat\u00f3ria. &#8220;Estamos satisfeitos com o acordo. Todas as negocia\u00e7\u00f5es foram conduzidas de forma transparente e colaborativa, visando chegar a um consenso quanto ao que \u00e9 reivindicado e o que pode ser atendido, e buscando garantir a valoriza\u00e7\u00e3o dos professores e a qualidade do ensino superior p\u00fablico do Estado&#8221;, destacou o secret\u00e1rio Samuel Nascimento. O governo tamb\u00e9m reafirmou, em nota, que o reajuste proposto est\u00e1 acima dos 4,62% registrados pela infla\u00e7\u00e3o.<\/p>\n\n\n\n<p><em>Fonte: Cidade Verde<\/em><\/p>\n","protected":false},"excerpt":{"rendered":"<p>Ap\u00f3s a segunda audi\u00eancia de concilia\u00e7\u00e3o entre representantes do Governo do Estado e professores da Universidade Estadual do Piau\u00ed (Uespi), a greve da categoria pode chegar ao fim nesta ter\u00e7a-feira (05). O movimento teve in\u00edcio no dia 2 de janeiro deste ano. A decis\u00e3o surgiu ap\u00f3s um acordo que envolveu diversos compromissos entre as partes, [&hellip;]<\/p>\n","protected":false},"author":2,"featured_media":255496,"comment_status":"open","ping_status":"open","sticky":false,"template":"","format":"standard","meta":{"_mi_skip_tracking":false,"footnotes":""},"categories":[25,1,16],"tags":[192],"class_list":["post-255494","post","type-post","status-publish","format-standard","has-post-thumbnail","hentry","category-destaques-site","category-geral","category-todas","tag-destaqueprincipal"],"acf":[],"yoast_head":"<!-- This site is optimized with the Yoast SEO Premium plugin v19.2 (Yoast SEO v26.9) - https:\/\/yoast.com\/product\/yoast-seo-premium-wordpress\/ -->\n<title>Governo aprova reajuste de 17% e greve dos professores da Uespi pode chegar ao fim nesta ter\u00e7a (5) - Portal Not\u00edcia em Pauta<\/title>\n<meta name=\"robots\" content=\"index, follow, max-snippet:-1, max-image-preview:large, max-video-preview:-1\" \/>\n<link rel=\"canonical\" href=\"https:\/\/noticiaempauta.com\/portal\/governo-aprova-reajuste-de-17-e-greve-dos-professores-da-uespi-pode-chegar-ao-fim-nesta-terca-5\/\" \/>\n<meta property=\"og:locale\" content=\"pt_BR\" \/>\n<meta property=\"og:type\" content=\"article\" \/>\n<meta property=\"og:title\" content=\"Governo aprova reajuste de 17% e greve dos professores da Uespi pode chegar ao fim nesta ter\u00e7a (5)\" \/>\n<meta property=\"og:description\" content=\"Ap\u00f3s a segunda audi\u00eancia de concilia\u00e7\u00e3o entre representantes do Governo do Estado e professores da Universidade Estadual do Piau\u00ed (Uespi), a greve da categoria pode chegar ao fim nesta ter\u00e7a-feira (05). O movimento teve in\u00edcio no dia 2 de janeiro deste ano. A decis\u00e3o surgiu ap\u00f3s um acordo que envolveu diversos compromissos entre as partes, [&hellip;]\" \/>\n<meta property=\"og:url\" content=\"https:\/\/noticiaempauta.com\/portal\/governo-aprova-reajuste-de-17-e-greve-dos-professores-da-uespi-pode-chegar-ao-fim-nesta-terca-5\/\" \/>\n<meta property=\"og:site_name\" content=\"Portal Not\u00edcia em Pauta\" \/>\n<meta property=\"article:publisher\" content=\"https:\/\/www.facebook.com\/Portal-Notcia-Em-Pauta-102292869264820\/\" \/>\n<meta property=\"article:published_time\" content=\"2024-03-05T12:02:38+00:00\" \/>\n<meta property=\"article:modified_time\" content=\"2024-03-05T12:02:39+00:00\" \/>\n<meta property=\"og:image\" content=\"https:\/\/noticiaempauta.com\/portal\/wp-content\/uploads\/2024\/03\/486eabf4f4f2a42d1960ea7c642f9a84.jpg\" \/>\n\t<meta property=\"og:image:width\" content=\"790\" \/>\n\t<meta property=\"og:image:height\" content=\"593\" \/>\n\t<meta property=\"og:image:type\" content=\"image\/jpeg\" \/>\n<meta name=\"author\" content=\"Reda\u00e7\u00e3o\" \/>\n<meta name=\"twitter:card\" content=\"summary_large_image\" \/>\n<meta name=\"twitter:label1\" content=\"Escrito por\" \/>\n\t<meta name=\"twitter:data1\" content=\"Reda\u00e7\u00e3o\" \/>\n\t<meta name=\"twitter:label2\" content=\"Est. tempo de leitura\" \/>\n\t<meta name=\"twitter:data2\" content=\"3 minutos\" \/>\n<script type=\"application\/ld+json\" class=\"yoast-schema-graph\">{\"@context\":\"https:\/\/schema.org\",\"@graph\":[{\"@type\":\"Article\",\"@id\":\"https:\/\/noticiaempauta.com\/portal\/governo-aprova-reajuste-de-17-e-greve-dos-professores-da-uespi-pode-chegar-ao-fim-nesta-terca-5\/#article\",\"isPartOf\":{\"@id\":\"https:\/\/noticiaempauta.com\/portal\/governo-aprova-reajuste-de-17-e-greve-dos-professores-da-uespi-pode-chegar-ao-fim-nesta-terca-5\/\"},\"author\":{\"name\":\"Reda\u00e7\u00e3o\",\"@id\":\"https:\/\/noticiaempauta.com\/portal\/#\/schema\/person\/a74af43dd1ab3deca45f988c717d57ac\"},\"headline\":\"Governo aprova reajuste de 17% e greve dos professores da Uespi pode chegar ao fim nesta ter\u00e7a (5)\",\"datePublished\":\"2024-03-05T12:02:38+00:00\",\"dateModified\":\"2024-03-05T12:02:39+00:00\",\"mainEntityOfPage\":{\"@id\":\"https:\/\/noticiaempauta.com\/portal\/governo-aprova-reajuste-de-17-e-greve-dos-professores-da-uespi-pode-chegar-ao-fim-nesta-terca-5\/\"},\"wordCount\":390,\"commentCount\":0,\"publisher\":{\"@id\":\"https:\/\/noticiaempauta.com\/portal\/#organization\"},\"image\":{\"@id\":\"https:\/\/noticiaempauta.com\/portal\/governo-aprova-reajuste-de-17-e-greve-dos-professores-da-uespi-pode-chegar-ao-fim-nesta-terca-5\/#primaryimage\"},\"thumbnailUrl\":\"https:\/\/noticiaempauta.com\/portal\/wp-content\/uploads\/2024\/03\/486eabf4f4f2a42d1960ea7c642f9a84.jpg\",\"keywords\":[\"destaqueprincipal\"],\"articleSection\":[\"Destaques\",\"Geral\",\"Todas as Not\u00edcias\"],\"inLanguage\":\"pt-BR\",\"potentialAction\":[{\"@type\":\"CommentAction\",\"name\":\"Comment\",\"target\":[\"https:\/\/noticiaempauta.com\/portal\/governo-aprova-reajuste-de-17-e-greve-dos-professores-da-uespi-pode-chegar-ao-fim-nesta-terca-5\/#respond\"]}]},{\"@type\":\"WebPage\",\"@id\":\"https:\/\/noticiaempauta.com\/portal\/governo-aprova-reajuste-de-17-e-greve-dos-professores-da-uespi-pode-chegar-ao-fim-nesta-terca-5\/\",\"url\":\"https:\/\/noticiaempauta.com\/portal\/governo-aprova-reajuste-de-17-e-greve-dos-professores-da-uespi-pode-chegar-ao-fim-nesta-terca-5\/\",\"name\":\"Governo aprova reajuste de 17% e greve dos professores da Uespi pode chegar ao fim nesta ter\u00e7a (5) - Portal Not\u00edcia em Pauta\",\"isPartOf\":{\"@id\":\"https:\/\/noticiaempauta.com\/portal\/#website\"},\"primaryImageOfPage\":{\"@id\":\"https:\/\/noticiaempauta.com\/portal\/governo-aprova-reajuste-de-17-e-greve-dos-professores-da-uespi-pode-chegar-ao-fim-nesta-terca-5\/#primaryimage\"},\"image\":{\"@id\":\"https:\/\/noticiaempauta.com\/portal\/governo-aprova-reajuste-de-17-e-greve-dos-professores-da-uespi-pode-chegar-ao-fim-nesta-terca-5\/#primaryimage\"},\"thumbnailUrl\":\"https:\/\/noticiaempauta.com\/portal\/wp-content\/uploads\/2024\/03\/486eabf4f4f2a42d1960ea7c642f9a84.jpg\",\"datePublished\":\"2024-03-05T12:02:38+00:00\",\"dateModified\":\"2024-03-05T12:02:39+00:00\",\"breadcrumb\":{\"@id\":\"https:\/\/noticiaempauta.com\/portal\/governo-aprova-reajuste-de-17-e-greve-dos-professores-da-uespi-pode-chegar-ao-fim-nesta-terca-5\/#breadcrumb\"},\"inLanguage\":\"pt-BR\",\"potentialAction\":[{\"@type\":\"ReadAction\",\"target\":[\"https:\/\/noticiaempauta.com\/portal\/governo-aprova-reajuste-de-17-e-greve-dos-professores-da-uespi-pode-chegar-ao-fim-nesta-terca-5\/\"]}]},{\"@type\":\"ImageObject\",\"inLanguage\":\"pt-BR\",\"@id\":\"https:\/\/noticiaempauta.com\/portal\/governo-aprova-reajuste-de-17-e-greve-dos-professores-da-uespi-pode-chegar-ao-fim-nesta-terca-5\/#primaryimage\",\"url\":\"https:\/\/noticiaempauta.com\/portal\/wp-content\/uploads\/2024\/03\/486eabf4f4f2a42d1960ea7c642f9a84.jpg\",\"contentUrl\":\"https:\/\/noticiaempauta.com\/portal\/wp-content\/uploads\/2024\/03\/486eabf4f4f2a42d1960ea7c642f9a84.jpg\",\"width\":790,\"height\":593,\"caption\":\"Fotos: TJ-PI\"},{\"@type\":\"BreadcrumbList\",\"@id\":\"https:\/\/noticiaempauta.com\/portal\/governo-aprova-reajuste-de-17-e-greve-dos-professores-da-uespi-pode-chegar-ao-fim-nesta-terca-5\/#breadcrumb\",\"itemListElement\":[{\"@type\":\"ListItem\",\"position\":1,\"name\":\"P\u00e1gina Inicial\",\"item\":\"https:\/\/noticiaempauta.com\/portal\/\"},{\"@type\":\"ListItem\",\"position\":2,\"name\":\"Destaques\",\"item\":\"https:\/\/noticiaempauta.com\/portal\/destaques-site\/\"},{\"@type\":\"ListItem\",\"position\":3,\"name\":\"Governo aprova reajuste de 17% e greve dos professores da Uespi pode chegar ao fim nesta ter\u00e7a (5)\"}]},{\"@type\":\"WebSite\",\"@id\":\"https:\/\/noticiaempauta.com\/portal\/#website\",\"url\":\"https:\/\/noticiaempauta.com\/portal\/\",\"name\":\"Portal Not\u00edcia em Pauta\",\"description\":\"Voc\u00ea bem informado\",\"publisher\":{\"@id\":\"https:\/\/noticiaempauta.com\/portal\/#organization\"},\"potentialAction\":[{\"@type\":\"SearchAction\",\"target\":{\"@type\":\"EntryPoint\",\"urlTemplate\":\"https:\/\/noticiaempauta.com\/portal\/?s={search_term_string}\"},\"query-input\":{\"@type\":\"PropertyValueSpecification\",\"valueRequired\":true,\"valueName\":\"search_term_string\"}}],\"inLanguage\":\"pt-BR\"},{\"@type\":\"Organization\",\"@id\":\"https:\/\/noticiaempauta.com\/portal\/#organization\",\"name\":\"Portal Not\u00edcia em Pauta\",\"url\":\"https:\/\/noticiaempauta.com\/portal\/\",\"logo\":{\"@type\":\"ImageObject\",\"inLanguage\":\"pt-BR\",\"@id\":\"https:\/\/noticiaempauta.com\/portal\/#\/schema\/logo\/image\/\",\"url\":\"https:\/\/noticiaempauta.com\/portal\/wp-content\/uploads\/2022\/08\/logomarca_tema.fw_.png\",\"contentUrl\":\"https:\/\/noticiaempauta.com\/portal\/wp-content\/uploads\/2022\/08\/logomarca_tema.fw_.png\",\"width\":400,\"height\":232,\"caption\":\"Portal Not\u00edcia em Pauta\"},\"image\":{\"@id\":\"https:\/\/noticiaempauta.com\/portal\/#\/schema\/logo\/image\/\"},\"sameAs\":[\"https:\/\/www.facebook.com\/Portal-Notcia-Em-Pauta-102292869264820\/\",\"https:\/\/www.instagram.com\/portalnoticiaempauta\/\"]},{\"@type\":\"Person\",\"@id\":\"https:\/\/noticiaempauta.com\/portal\/#\/schema\/person\/a74af43dd1ab3deca45f988c717d57ac\",\"name\":\"Reda\u00e7\u00e3o\",\"image\":{\"@type\":\"ImageObject\",\"inLanguage\":\"pt-BR\",\"@id\":\"https:\/\/noticiaempauta.com\/portal\/#\/schema\/person\/image\/\",\"url\":\"https:\/\/secure.gravatar.com\/avatar\/03179346ecce6cdfc13361603e8f54242a90e5cde8618fa23c5c00aa2b0aadf3?s=96&d=mm&r=g\",\"contentUrl\":\"https:\/\/secure.gravatar.com\/avatar\/03179346ecce6cdfc13361603e8f54242a90e5cde8618fa23c5c00aa2b0aadf3?s=96&d=mm&r=g\",\"caption\":\"Reda\u00e7\u00e3o\"},\"sameAs\":[\"https:\/\/noticiaempauta.com\/portal\/\"],\"url\":\"https:\/\/noticiaempauta.com\/portal\/author\/fernando\/\"}]}<\/script>\n<!-- \/ Yoast SEO Premium plugin. -->","yoast_head_json":{"title":"Governo aprova reajuste de 17% e greve dos professores da Uespi pode chegar ao fim nesta ter\u00e7a (5) - Portal Not\u00edcia em Pauta","robots":{"index":"index","follow":"follow","max-snippet":"max-snippet:-1","max-image-preview":"max-image-preview:large","max-video-preview":"max-video-preview:-1"},"canonical":"https:\/\/noticiaempauta.com\/portal\/governo-aprova-reajuste-de-17-e-greve-dos-professores-da-uespi-pode-chegar-ao-fim-nesta-terca-5\/","og_locale":"pt_BR","og_type":"article","og_title":"Governo aprova reajuste de 17% e greve dos professores da Uespi pode chegar ao fim nesta ter\u00e7a (5)","og_description":"Ap\u00f3s a segunda audi\u00eancia de concilia\u00e7\u00e3o entre representantes do Governo do Estado e professores da Universidade Estadual do Piau\u00ed (Uespi), a greve da categoria pode chegar ao fim nesta ter\u00e7a-feira (05). O movimento teve in\u00edcio no dia 2 de janeiro deste ano. A decis\u00e3o surgiu ap\u00f3s um acordo que envolveu diversos compromissos entre as partes, [&hellip;]","og_url":"https:\/\/noticiaempauta.com\/portal\/governo-aprova-reajuste-de-17-e-greve-dos-professores-da-uespi-pode-chegar-ao-fim-nesta-terca-5\/","og_site_name":"Portal Not\u00edcia em Pauta","article_publisher":"https:\/\/www.facebook.com\/Portal-Notcia-Em-Pauta-102292869264820\/","article_published_time":"2024-03-05T12:02:38+00:00","article_modified_time":"2024-03-05T12:02:39+00:00","og_image":[{"width":790,"height":593,"url":"https:\/\/noticiaempauta.com\/portal\/wp-content\/uploads\/2024\/03\/486eabf4f4f2a42d1960ea7c642f9a84.jpg","type":"image\/jpeg"}],"author":"Reda\u00e7\u00e3o","twitter_card":"summary_large_image","twitter_misc":{"Escrito por":"Reda\u00e7\u00e3o","Est. tempo de leitura":"3 minutos"},"schema":{"@context":"https:\/\/schema.org","@graph":[{"@type":"Article","@id":"https:\/\/noticiaempauta.com\/portal\/governo-aprova-reajuste-de-17-e-greve-dos-professores-da-uespi-pode-chegar-ao-fim-nesta-terca-5\/#article","isPartOf":{"@id":"https:\/\/noticiaempauta.com\/portal\/governo-aprova-reajuste-de-17-e-greve-dos-professores-da-uespi-pode-chegar-ao-fim-nesta-terca-5\/"},"author":{"name":"Reda\u00e7\u00e3o","@id":"https:\/\/noticiaempauta.com\/portal\/#\/schema\/person\/a74af43dd1ab3deca45f988c717d57ac"},"headline":"Governo aprova reajuste de 17% e greve dos professores da Uespi pode chegar ao fim nesta ter\u00e7a (5)","datePublished":"2024-03-05T12:02:38+00:00","dateModified":"2024-03-05T12:02:39+00:00","mainEntityOfPage":{"@id":"https:\/\/noticiaempauta.com\/portal\/governo-aprova-reajuste-de-17-e-greve-dos-professores-da-uespi-pode-chegar-ao-fim-nesta-terca-5\/"},"wordCount":390,"commentCount":0,"publisher":{"@id":"https:\/\/noticiaempauta.com\/portal\/#organization"},"image":{"@id":"https:\/\/noticiaempauta.com\/portal\/governo-aprova-reajuste-de-17-e-greve-dos-professores-da-uespi-pode-chegar-ao-fim-nesta-terca-5\/#primaryimage"},"thumbnailUrl":"https:\/\/noticiaempauta.com\/portal\/wp-content\/uploads\/2024\/03\/486eabf4f4f2a42d1960ea7c642f9a84.jpg","keywords":["destaqueprincipal"],"articleSection":["Destaques","Geral","Todas as Not\u00edcias"],"inLanguage":"pt-BR","potentialAction":[{"@type":"CommentAction","name":"Comment","target":["https:\/\/noticiaempauta.com\/portal\/governo-aprova-reajuste-de-17-e-greve-dos-professores-da-uespi-pode-chegar-ao-fim-nesta-terca-5\/#respond"]}]},{"@type":"WebPage","@id":"https:\/\/noticiaempauta.com\/portal\/governo-aprova-reajuste-de-17-e-greve-dos-professores-da-uespi-pode-chegar-ao-fim-nesta-terca-5\/","url":"https:\/\/noticiaempauta.com\/portal\/governo-aprova-reajuste-de-17-e-greve-dos-professores-da-uespi-pode-chegar-ao-fim-nesta-terca-5\/","name":"Governo aprova reajuste de 17% e greve dos professores da Uespi pode chegar ao fim nesta ter\u00e7a (5) - Portal Not\u00edcia em Pauta","isPartOf":{"@id":"https:\/\/noticiaempauta.com\/portal\/#website"},"primaryImageOfPage":{"@id":"https:\/\/noticiaempauta.com\/portal\/governo-aprova-reajuste-de-17-e-greve-dos-professores-da-uespi-pode-chegar-ao-fim-nesta-terca-5\/#primaryimage"},"image":{"@id":"https:\/\/noticiaempauta.com\/portal\/governo-aprova-reajuste-de-17-e-greve-dos-professores-da-uespi-pode-chegar-ao-fim-nesta-terca-5\/#primaryimage"},"thumbnailUrl":"https:\/\/noticiaempauta.com\/portal\/wp-content\/uploads\/2024\/03\/486eabf4f4f2a42d1960ea7c642f9a84.jpg","datePublished":"2024-03-05T12:02:38+00:00","dateModified":"2024-03-05T12:02:39+00:00","breadcrumb":{"@id":"https:\/\/noticiaempauta.com\/portal\/governo-aprova-reajuste-de-17-e-greve-dos-professores-da-uespi-pode-chegar-ao-fim-nesta-terca-5\/#breadcrumb"},"inLanguage":"pt-BR","potentialAction":[{"@type":"ReadAction","target":["https:\/\/noticiaempauta.com\/portal\/governo-aprova-reajuste-de-17-e-greve-dos-professores-da-uespi-pode-chegar-ao-fim-nesta-terca-5\/"]}]},{"@type":"ImageObject","inLanguage":"pt-BR","@id":"https:\/\/noticiaempauta.com\/portal\/governo-aprova-reajuste-de-17-e-greve-dos-professores-da-uespi-pode-chegar-ao-fim-nesta-terca-5\/#primaryimage","url":"https:\/\/noticiaempauta.com\/portal\/wp-content\/uploads\/2024\/03\/486eabf4f4f2a42d1960ea7c642f9a84.jpg","contentUrl":"https:\/\/noticiaempauta.com\/portal\/wp-content\/uploads\/2024\/03\/486eabf4f4f2a42d1960ea7c642f9a84.jpg","width":790,"height":593,"caption":"Fotos: TJ-PI"},{"@type":"BreadcrumbList","@id":"https:\/\/noticiaempauta.com\/portal\/governo-aprova-reajuste-de-17-e-greve-dos-professores-da-uespi-pode-chegar-ao-fim-nesta-terca-5\/#breadcrumb","itemListElement":[{"@type":"ListItem","position":1,"name":"P\u00e1gina Inicial","item":"https:\/\/noticiaempauta.com\/portal\/"},{"@type":"ListItem","position":2,"name":"Destaques","item":"https:\/\/noticiaempauta.com\/portal\/destaques-site\/"},{"@type":"ListItem","position":3,"name":"Governo aprova reajuste de 17% e greve dos professores da Uespi pode chegar ao fim nesta ter\u00e7a (5)"}]},{"@type":"WebSite","@id":"https:\/\/noticiaempauta.com\/portal\/#website","url":"https:\/\/noticiaempauta.com\/portal\/","name":"Portal Not\u00edcia em Pauta","description":"Voc\u00ea bem informado","publisher":{"@id":"https:\/\/noticiaempauta.com\/portal\/#organization"},"potentialAction":[{"@type":"SearchAction","target":{"@type":"EntryPoint","urlTemplate":"https:\/\/noticiaempauta.com\/portal\/?s={search_term_string}"},"query-input":{"@type":"PropertyValueSpecification","valueRequired":true,"valueName":"search_term_string"}}],"inLanguage":"pt-BR"},{"@type":"Organization","@id":"https:\/\/noticiaempauta.com\/portal\/#organization","name":"Portal Not\u00edcia em Pauta","url":"https:\/\/noticiaempauta.com\/portal\/","logo":{"@type":"ImageObject","inLanguage":"pt-BR","@id":"https:\/\/noticiaempauta.com\/portal\/#\/schema\/logo\/image\/","url":"https:\/\/noticiaempauta.com\/portal\/wp-content\/uploads\/2022\/08\/logomarca_tema.fw_.png","contentUrl":"https:\/\/noticiaempauta.com\/portal\/wp-content\/uploads\/2022\/08\/logomarca_tema.fw_.png","width":400,"height":232,"caption":"Portal Not\u00edcia em Pauta"},"image":{"@id":"https:\/\/noticiaempauta.com\/portal\/#\/schema\/logo\/image\/"},"sameAs":["https:\/\/www.facebook.com\/Portal-Notcia-Em-Pauta-102292869264820\/","https:\/\/www.instagram.com\/portalnoticiaempauta\/"]},{"@type":"Person","@id":"https:\/\/noticiaempauta.com\/portal\/#\/schema\/person\/a74af43dd1ab3deca45f988c717d57ac","name":"Reda\u00e7\u00e3o","image":{"@type":"ImageObject","inLanguage":"pt-BR","@id":"https:\/\/noticiaempauta.com\/portal\/#\/schema\/person\/image\/","url":"https:\/\/secure.gravatar.com\/avatar\/03179346ecce6cdfc13361603e8f54242a90e5cde8618fa23c5c00aa2b0aadf3?s=96&d=mm&r=g","contentUrl":"https:\/\/secure.gravatar.com\/avatar\/03179346ecce6cdfc13361603e8f54242a90e5cde8618fa23c5c00aa2b0aadf3?s=96&d=mm&r=g","caption":"Reda\u00e7\u00e3o"},"sameAs":["https:\/\/noticiaempauta.com\/portal\/"],"url":"https:\/\/noticiaempauta.com\/portal\/author\/fernando\/"}]}},"_links":{"self":[{"href":"https:\/\/noticiaempauta.com\/portal\/wp-json\/wp\/v2\/posts\/255494","targetHints":{"allow":["GET"]}}],"collection":[{"href":"https:\/\/noticiaempauta.com\/portal\/wp-json\/wp\/v2\/posts"}],"about":[{"href":"https:\/\/noticiaempauta.com\/portal\/wp-json\/wp\/v2\/types\/post"}],"author":[{"embeddable":true,"href":"https:\/\/noticiaempauta.com\/portal\/wp-json\/wp\/v2\/users\/2"}],"replies":[{"embeddable":true,"href":"https:\/\/noticiaempauta.com\/portal\/wp-json\/wp\/v2\/comments?post=255494"}],"version-history":[{"count":2,"href":"https:\/\/noticiaempauta.com\/portal\/wp-json\/wp\/v2\/posts\/255494\/revisions"}],"predecessor-version":[{"id":255499,"href":"https:\/\/noticiaempauta.com\/portal\/wp-json\/wp\/v2\/posts\/255494\/revisions\/255499"}],"wp:featuredmedia":[{"embeddable":true,"href":"https:\/\/noticiaempauta.com\/portal\/wp-json\/wp\/v2\/media\/255496"}],"wp:attachment":[{"href":"https:\/\/noticiaempauta.com\/portal\/wp-json\/wp\/v2\/media?parent=255494"}],"wp:term":[{"taxonomy":"category","embeddable":true,"href":"https:\/\/noticiaempauta.com\/portal\/wp-json\/wp\/v2\/categories?post=255494"},{"taxonomy":"post_tag","embeddable":true,"href":"https:\/\/noticiaempauta.com\/portal\/wp-json\/wp\/v2\/tags?post=255494"}],"curies":[{"name":"wp","href":"https:\/\/api.w.org\/{rel}","templated":true}]}}