{"id":255539,"date":"2024-03-06T09:43:58","date_gmt":"2024-03-06T12:43:58","guid":{"rendered":"https:\/\/noticiaempauta.com\/portal\/?p=255539"},"modified":"2024-03-06T09:44:00","modified_gmt":"2024-03-06T12:44:00","slug":"piaui-tem-previsao-de-fortes-chuvas-ate-sexta-08-veja-como-fica-em-cada-regiao","status":"publish","type":"post","link":"https:\/\/noticiaempauta.com\/portal\/piaui-tem-previsao-de-fortes-chuvas-ate-sexta-08-veja-como-fica-em-cada-regiao\/","title":{"rendered":"Piau\u00ed tem previs\u00e3o de fortes chuvas at\u00e9 sexta (08); veja como fica em cada regi\u00e3o"},"content":{"rendered":"\n<p>Com tr\u00eas alertas de chuvas intensas emitidos pelo Instituto Nacional de Meteorologia (INMET) nesta ter\u00e7a-feira (05), o Piau\u00ed permanece com previs\u00f5es de chuvas at\u00e9 esta sexta-feira (08), conforme informado pela Secretaria do Meio Ambiente e Recursos H\u00eddricos (SEMARH).\u00a0Os acumulados podem ser superiores a 100 mm na por\u00e7\u00e3o Centro-Norte do estado.\u00a0<\/p>\n\n\n\n<p><strong>\ud83d\udfe1 Alerta amarelo 1<\/strong>. De acordo com o Inmet, at\u00e9 \u00e0s 10h desta quarta-feira (06), 15 munic\u00edpios da regi\u00e3o Sudoeste do Piau\u00ed est\u00e3o com previs\u00f5es de chuva entre\u00a0<strong>20 e 30 mm\/h ou at\u00e9 50 mm\/dia e ventos intensos (40-60 km\/h).<\/strong><\/p>\n\n\n\n<figure class=\"wp-block-image size-full\"><img fetchpriority=\"high\" decoding=\"async\" width=\"605\" height=\"413\" src=\"https:\/\/noticiaempauta.com\/portal\/wp-content\/uploads\/2024\/03\/piaui-tem-previsao-de-fortes-chuvas-ate-sexta-feira-08-6a4faf56-9ae7-4b7d-bf3e-045e5f043824.webp\" alt=\"\" class=\"wp-image-255541\" srcset=\"https:\/\/noticiaempauta.com\/portal\/wp-content\/uploads\/2024\/03\/piaui-tem-previsao-de-fortes-chuvas-ate-sexta-feira-08-6a4faf56-9ae7-4b7d-bf3e-045e5f043824.webp 605w, https:\/\/noticiaempauta.com\/portal\/wp-content\/uploads\/2024\/03\/piaui-tem-previsao-de-fortes-chuvas-ate-sexta-feira-08-6a4faf56-9ae7-4b7d-bf3e-045e5f043824-300x205.webp 300w\" sizes=\"(max-width: 605px) 100vw, 605px\" \/><\/figure>\n\n\n\n<p><strong>\ud83d\udfe0 Alerta laranja. (Perigo)<\/strong>\u00a0J\u00e1 164 munic\u00edpios das regi\u00f5es Sudeste, Suduoeste e Norte do estado devem apresentar chuvas entre 30 e 60 mm\/h ou 50 e 100 mm\/dia, acompanhadas por ventos intensos de 60 a 100 km\/h. O Inmet destaca poss\u00edveis riscos na regi\u00e3o. Entre\u00a0as amea\u00e7as est\u00e3o chances de corte de energia el\u00e9trica, queda de galhos de \u00e1rvores, alagamentos e descargas el\u00e9tricas.<\/p>\n\n\n\n<figure class=\"wp-block-image size-full\"><img decoding=\"async\" width=\"605\" height=\"473\" src=\"https:\/\/noticiaempauta.com\/portal\/wp-content\/uploads\/2024\/03\/piaui-tem-previsao-de-fortes-chuvas-ate-sexta-feira-08-cc5eb4e9-3ac0-4484-a687-36ff9c3ebdd9.png\" alt=\"\" class=\"wp-image-255542\" srcset=\"https:\/\/noticiaempauta.com\/portal\/wp-content\/uploads\/2024\/03\/piaui-tem-previsao-de-fortes-chuvas-ate-sexta-feira-08-cc5eb4e9-3ac0-4484-a687-36ff9c3ebdd9.png 605w, https:\/\/noticiaempauta.com\/portal\/wp-content\/uploads\/2024\/03\/piaui-tem-previsao-de-fortes-chuvas-ate-sexta-feira-08-cc5eb4e9-3ac0-4484-a687-36ff9c3ebdd9-300x235.png 300w\" sizes=\"(max-width: 605px) 100vw, 605px\" \/><\/figure>\n\n\n\n<p><strong>\ud83d\udfe1 Alerta amarelo 2.<\/strong>\u00a0Se estendendo at\u00e9 \u00e0s 10h desta sexta-feira (08), o Inmet emitiu outro alerta amarelo para o Sudeste, Centro-Norte, Norte e Sudoeste piauienses. O aviso afeta 196 cidades com acumulados e ventos intensos semelhantes ao outro.<strong>\u00a0Vale ressaltar que o aviso amarelo representa perigo potencial com menor grau de periculosidade.\u00a0<\/strong><\/p>\n\n\n\n<figure class=\"wp-block-image size-full\"><img decoding=\"async\" width=\"605\" height=\"473\" src=\"https:\/\/noticiaempauta.com\/portal\/wp-content\/uploads\/2024\/03\/piaui-tem-previsao-de-fortes-chuvas-ate-sexta-feira-08-d2473f48-87df-461a-ac8e-6a344c00d149.webp\" alt=\"\" class=\"wp-image-255543\" srcset=\"https:\/\/noticiaempauta.com\/portal\/wp-content\/uploads\/2024\/03\/piaui-tem-previsao-de-fortes-chuvas-ate-sexta-feira-08-d2473f48-87df-461a-ac8e-6a344c00d149.webp 605w, https:\/\/noticiaempauta.com\/portal\/wp-content\/uploads\/2024\/03\/piaui-tem-previsao-de-fortes-chuvas-ate-sexta-feira-08-d2473f48-87df-461a-ac8e-6a344c00d149-300x235.webp 300w\" sizes=\"(max-width: 605px) 100vw, 605px\" \/><figcaption class=\"wp-element-caption\">Reprodu\u00e7\u00e3o: Inmet<\/figcaption><\/figure>\n\n\n\n<p><strong>RESUMO DA SEMANA (04\/03-08\/03)<\/strong><\/p>\n\n\n\n<p><strong>A Secretaria do Meio Ambiente e Recursos H\u00eddricos (SEMARH) informou como ser\u00e1 a previs\u00e3o para esta semana:<\/strong><\/p>\n\n\n\n<p><strong>Norte:\u00a0<\/strong>C\u00e9u com muitas nuvens, possibilidade de pancadas de chuva e trovoadas isoladas. Ventos fracos\/moderados, temperaturas m\u00e1ximas em torno de 32\u00baC e m\u00ednimas de 23\u00baC.\u00a0<strong>Umidade abaixo de 50% \u00e0 tarde em v\u00e1rios munic\u00edpios.<\/strong><\/p>\n\n\n\n<p><strong>Centro-Norte:<\/strong>\u00a0Predom\u00ednio de c\u00e9u nublado, com\u00a0<strong>chuvas e trovoadas isoladas<\/strong>. Ventos fracos, temperaturas m\u00e1ximas por volta de 31\u00baC e m\u00ednimas de 21\u00baC. Umidade em torno de 65% em v\u00e1rios munic\u00edpios.<\/p>\n\n\n\n<figure class=\"wp-block-image size-full\"><img loading=\"lazy\" decoding=\"async\" width=\"660\" height=\"642\" src=\"https:\/\/noticiaempauta.com\/portal\/wp-content\/uploads\/2024\/03\/piaui-tem-previsao-de-fortes-chuvas-ate-sexta-feira-08-04732259-7d28-4162-b6d3-f1c0c52a8a27.webp\" alt=\"\" class=\"wp-image-255544\" srcset=\"https:\/\/noticiaempauta.com\/portal\/wp-content\/uploads\/2024\/03\/piaui-tem-previsao-de-fortes-chuvas-ate-sexta-feira-08-04732259-7d28-4162-b6d3-f1c0c52a8a27.webp 660w, https:\/\/noticiaempauta.com\/portal\/wp-content\/uploads\/2024\/03\/piaui-tem-previsao-de-fortes-chuvas-ate-sexta-feira-08-04732259-7d28-4162-b6d3-f1c0c52a8a27-300x292.webp 300w\" sizes=\"(max-width: 660px) 100vw, 660px\" \/><\/figure>\n\n\n\n<p><strong>Sudoeste:<\/strong>&nbsp;C\u00e9u encoberto com possibilidade de chuvas isoladas. Ventos fracos, temperaturas m\u00e1ximas de aproximadamente 32\u00baC e m\u00ednimas em torno de 21\u00baC. Umidade relativa em torno de 65% em alguns munic\u00edpios.<\/p>\n\n\n\n<p><strong>Sudeste:\u00a0<\/strong>Ventos fracos, c\u00e9u nublado com chances de chuvas isoladas.<strong>\u00a0Temperaturas m\u00e1ximas de aproximadamente 31\u00baC e m\u00ednimas em torno de 21\u00baC.<\/strong>\u00a0Umidade abaixo de 65% em alguns munic\u00edpios.<\/p>\n\n\n\n<p><em>Fonte: Meio Norte<\/em><\/p>\n","protected":false},"excerpt":{"rendered":"<p>Os acumulados podem ser superiores a 100 mm na por\u00e7\u00e3o Centro-Norte do estado.<\/p>\n","protected":false},"author":2,"featured_media":253827,"comment_status":"open","ping_status":"open","sticky":false,"template":"","format":"standard","meta":{"_mi_skip_tracking":false,"footnotes":""},"categories":[25,1,9,16],"tags":[192],"class_list":["post-255539","post","type-post","status-publish","format-standard","has-post-thumbnail","hentry","category-destaques-site","category-geral","category-municipios","category-todas","tag-destaqueprincipal"],"acf":[],"yoast_head":"<!-- This site is optimized with the Yoast SEO Premium plugin v19.2 (Yoast SEO v26.9) - https:\/\/yoast.com\/product\/yoast-seo-premium-wordpress\/ -->\n<title>Piau\u00ed tem previs\u00e3o de fortes chuvas at\u00e9 sexta (08); veja como fica em cada regi\u00e3o - Portal Not\u00edcia em Pauta<\/title>\n<meta name=\"robots\" content=\"index, follow, max-snippet:-1, max-image-preview:large, max-video-preview:-1\" \/>\n<link rel=\"canonical\" href=\"https:\/\/noticiaempauta.com\/portal\/piaui-tem-previsao-de-fortes-chuvas-ate-sexta-08-veja-como-fica-em-cada-regiao\/\" \/>\n<meta property=\"og:locale\" content=\"pt_BR\" \/>\n<meta property=\"og:type\" content=\"article\" \/>\n<meta property=\"og:title\" content=\"Piau\u00ed tem previs\u00e3o de fortes chuvas at\u00e9 sexta (08); veja como fica em cada regi\u00e3o\" \/>\n<meta property=\"og:description\" content=\"Os acumulados podem ser superiores a 100 mm na por\u00e7\u00e3o Centro-Norte do estado.\" \/>\n<meta property=\"og:url\" content=\"https:\/\/noticiaempauta.com\/portal\/piaui-tem-previsao-de-fortes-chuvas-ate-sexta-08-veja-como-fica-em-cada-regiao\/\" \/>\n<meta property=\"og:site_name\" content=\"Portal Not\u00edcia em Pauta\" \/>\n<meta property=\"article:publisher\" content=\"https:\/\/www.facebook.com\/Portal-Notcia-Em-Pauta-102292869264820\/\" \/>\n<meta property=\"article:published_time\" content=\"2024-03-06T12:43:58+00:00\" \/>\n<meta property=\"article:modified_time\" content=\"2024-03-06T12:44:00+00:00\" \/>\n<meta property=\"og:image\" content=\"https:\/\/noticiaempauta.com\/portal\/wp-content\/uploads\/2024\/01\/com-dois-alertas-mais-de-100-cidades-do-piaui-tem-previsao-de-chuvas-intensas-292cd771-5d3e-427b-8ac4-1830dc110f05.webp\" \/>\n\t<meta property=\"og:image:width\" content=\"855\" \/>\n\t<meta property=\"og:image:height\" content=\"480\" \/>\n\t<meta property=\"og:image:type\" content=\"image\/webp\" \/>\n<meta name=\"author\" content=\"Reda\u00e7\u00e3o\" \/>\n<meta name=\"twitter:card\" content=\"summary_large_image\" \/>\n<meta name=\"twitter:label1\" content=\"Escrito por\" \/>\n\t<meta name=\"twitter:data1\" content=\"Reda\u00e7\u00e3o\" \/>\n\t<meta name=\"twitter:label2\" content=\"Est. tempo de leitura\" \/>\n\t<meta name=\"twitter:data2\" content=\"3 minutos\" \/>\n<script type=\"application\/ld+json\" class=\"yoast-schema-graph\">{\"@context\":\"https:\/\/schema.org\",\"@graph\":[{\"@type\":\"Article\",\"@id\":\"https:\/\/noticiaempauta.com\/portal\/piaui-tem-previsao-de-fortes-chuvas-ate-sexta-08-veja-como-fica-em-cada-regiao\/#article\",\"isPartOf\":{\"@id\":\"https:\/\/noticiaempauta.com\/portal\/piaui-tem-previsao-de-fortes-chuvas-ate-sexta-08-veja-como-fica-em-cada-regiao\/\"},\"author\":{\"name\":\"Reda\u00e7\u00e3o\",\"@id\":\"https:\/\/noticiaempauta.com\/portal\/#\/schema\/person\/a74af43dd1ab3deca45f988c717d57ac\"},\"headline\":\"Piau\u00ed tem previs\u00e3o de fortes chuvas at\u00e9 sexta (08); veja como fica em cada regi\u00e3o\",\"datePublished\":\"2024-03-06T12:43:58+00:00\",\"dateModified\":\"2024-03-06T12:44:00+00:00\",\"mainEntityOfPage\":{\"@id\":\"https:\/\/noticiaempauta.com\/portal\/piaui-tem-previsao-de-fortes-chuvas-ate-sexta-08-veja-como-fica-em-cada-regiao\/\"},\"wordCount\":392,\"commentCount\":0,\"publisher\":{\"@id\":\"https:\/\/noticiaempauta.com\/portal\/#organization\"},\"image\":{\"@id\":\"https:\/\/noticiaempauta.com\/portal\/piaui-tem-previsao-de-fortes-chuvas-ate-sexta-08-veja-como-fica-em-cada-regiao\/#primaryimage\"},\"thumbnailUrl\":\"https:\/\/noticiaempauta.com\/portal\/wp-content\/uploads\/2024\/01\/com-dois-alertas-mais-de-100-cidades-do-piaui-tem-previsao-de-chuvas-intensas-292cd771-5d3e-427b-8ac4-1830dc110f05.webp\",\"keywords\":[\"destaqueprincipal\"],\"articleSection\":[\"Destaques\",\"Geral\",\"Munic\u00edpios\",\"Todas as Not\u00edcias\"],\"inLanguage\":\"pt-BR\",\"potentialAction\":[{\"@type\":\"CommentAction\",\"name\":\"Comment\",\"target\":[\"https:\/\/noticiaempauta.com\/portal\/piaui-tem-previsao-de-fortes-chuvas-ate-sexta-08-veja-como-fica-em-cada-regiao\/#respond\"]}]},{\"@type\":\"WebPage\",\"@id\":\"https:\/\/noticiaempauta.com\/portal\/piaui-tem-previsao-de-fortes-chuvas-ate-sexta-08-veja-como-fica-em-cada-regiao\/\",\"url\":\"https:\/\/noticiaempauta.com\/portal\/piaui-tem-previsao-de-fortes-chuvas-ate-sexta-08-veja-como-fica-em-cada-regiao\/\",\"name\":\"Piau\u00ed tem previs\u00e3o de fortes chuvas at\u00e9 sexta (08); veja como fica em cada regi\u00e3o - Portal Not\u00edcia em Pauta\",\"isPartOf\":{\"@id\":\"https:\/\/noticiaempauta.com\/portal\/#website\"},\"primaryImageOfPage\":{\"@id\":\"https:\/\/noticiaempauta.com\/portal\/piaui-tem-previsao-de-fortes-chuvas-ate-sexta-08-veja-como-fica-em-cada-regiao\/#primaryimage\"},\"image\":{\"@id\":\"https:\/\/noticiaempauta.com\/portal\/piaui-tem-previsao-de-fortes-chuvas-ate-sexta-08-veja-como-fica-em-cada-regiao\/#primaryimage\"},\"thumbnailUrl\":\"https:\/\/noticiaempauta.com\/portal\/wp-content\/uploads\/2024\/01\/com-dois-alertas-mais-de-100-cidades-do-piaui-tem-previsao-de-chuvas-intensas-292cd771-5d3e-427b-8ac4-1830dc110f05.webp\",\"datePublished\":\"2024-03-06T12:43:58+00:00\",\"dateModified\":\"2024-03-06T12:44:00+00:00\",\"breadcrumb\":{\"@id\":\"https:\/\/noticiaempauta.com\/portal\/piaui-tem-previsao-de-fortes-chuvas-ate-sexta-08-veja-como-fica-em-cada-regiao\/#breadcrumb\"},\"inLanguage\":\"pt-BR\",\"potentialAction\":[{\"@type\":\"ReadAction\",\"target\":[\"https:\/\/noticiaempauta.com\/portal\/piaui-tem-previsao-de-fortes-chuvas-ate-sexta-08-veja-como-fica-em-cada-regiao\/\"]}]},{\"@type\":\"ImageObject\",\"inLanguage\":\"pt-BR\",\"@id\":\"https:\/\/noticiaempauta.com\/portal\/piaui-tem-previsao-de-fortes-chuvas-ate-sexta-08-veja-como-fica-em-cada-regiao\/#primaryimage\",\"url\":\"https:\/\/noticiaempauta.com\/portal\/wp-content\/uploads\/2024\/01\/com-dois-alertas-mais-de-100-cidades-do-piaui-tem-previsao-de-chuvas-intensas-292cd771-5d3e-427b-8ac4-1830dc110f05.webp\",\"contentUrl\":\"https:\/\/noticiaempauta.com\/portal\/wp-content\/uploads\/2024\/01\/com-dois-alertas-mais-de-100-cidades-do-piaui-tem-previsao-de-chuvas-intensas-292cd771-5d3e-427b-8ac4-1830dc110f05.webp\",\"width\":855,\"height\":480,\"caption\":\"Foto: J\u00e9ssica Dayane\/ Portal Meio Norte\"},{\"@type\":\"BreadcrumbList\",\"@id\":\"https:\/\/noticiaempauta.com\/portal\/piaui-tem-previsao-de-fortes-chuvas-ate-sexta-08-veja-como-fica-em-cada-regiao\/#breadcrumb\",\"itemListElement\":[{\"@type\":\"ListItem\",\"position\":1,\"name\":\"P\u00e1gina Inicial\",\"item\":\"https:\/\/noticiaempauta.com\/portal\/\"},{\"@type\":\"ListItem\",\"position\":2,\"name\":\"Destaques\",\"item\":\"https:\/\/noticiaempauta.com\/portal\/destaques-site\/\"},{\"@type\":\"ListItem\",\"position\":3,\"name\":\"Piau\u00ed tem previs\u00e3o de fortes chuvas at\u00e9 sexta (08); veja como fica em cada regi\u00e3o\"}]},{\"@type\":\"WebSite\",\"@id\":\"https:\/\/noticiaempauta.com\/portal\/#website\",\"url\":\"https:\/\/noticiaempauta.com\/portal\/\",\"name\":\"Portal Not\u00edcia em Pauta\",\"description\":\"Voc\u00ea bem informado\",\"publisher\":{\"@id\":\"https:\/\/noticiaempauta.com\/portal\/#organization\"},\"potentialAction\":[{\"@type\":\"SearchAction\",\"target\":{\"@type\":\"EntryPoint\",\"urlTemplate\":\"https:\/\/noticiaempauta.com\/portal\/?s={search_term_string}\"},\"query-input\":{\"@type\":\"PropertyValueSpecification\",\"valueRequired\":true,\"valueName\":\"search_term_string\"}}],\"inLanguage\":\"pt-BR\"},{\"@type\":\"Organization\",\"@id\":\"https:\/\/noticiaempauta.com\/portal\/#organization\",\"name\":\"Portal Not\u00edcia em Pauta\",\"url\":\"https:\/\/noticiaempauta.com\/portal\/\",\"logo\":{\"@type\":\"ImageObject\",\"inLanguage\":\"pt-BR\",\"@id\":\"https:\/\/noticiaempauta.com\/portal\/#\/schema\/logo\/image\/\",\"url\":\"https:\/\/noticiaempauta.com\/portal\/wp-content\/uploads\/2022\/08\/logomarca_tema.fw_.png\",\"contentUrl\":\"https:\/\/noticiaempauta.com\/portal\/wp-content\/uploads\/2022\/08\/logomarca_tema.fw_.png\",\"width\":400,\"height\":232,\"caption\":\"Portal Not\u00edcia em Pauta\"},\"image\":{\"@id\":\"https:\/\/noticiaempauta.com\/portal\/#\/schema\/logo\/image\/\"},\"sameAs\":[\"https:\/\/www.facebook.com\/Portal-Notcia-Em-Pauta-102292869264820\/\",\"https:\/\/www.instagram.com\/portalnoticiaempauta\/\"]},{\"@type\":\"Person\",\"@id\":\"https:\/\/noticiaempauta.com\/portal\/#\/schema\/person\/a74af43dd1ab3deca45f988c717d57ac\",\"name\":\"Reda\u00e7\u00e3o\",\"image\":{\"@type\":\"ImageObject\",\"inLanguage\":\"pt-BR\",\"@id\":\"https:\/\/noticiaempauta.com\/portal\/#\/schema\/person\/image\/\",\"url\":\"https:\/\/secure.gravatar.com\/avatar\/03179346ecce6cdfc13361603e8f54242a90e5cde8618fa23c5c00aa2b0aadf3?s=96&d=mm&r=g\",\"contentUrl\":\"https:\/\/secure.gravatar.com\/avatar\/03179346ecce6cdfc13361603e8f54242a90e5cde8618fa23c5c00aa2b0aadf3?s=96&d=mm&r=g\",\"caption\":\"Reda\u00e7\u00e3o\"},\"sameAs\":[\"https:\/\/noticiaempauta.com\/portal\/\"],\"url\":\"https:\/\/noticiaempauta.com\/portal\/author\/fernando\/\"}]}<\/script>\n<!-- \/ Yoast SEO Premium plugin. -->","yoast_head_json":{"title":"Piau\u00ed tem previs\u00e3o de fortes chuvas at\u00e9 sexta (08); veja como fica em cada regi\u00e3o - Portal Not\u00edcia em Pauta","robots":{"index":"index","follow":"follow","max-snippet":"max-snippet:-1","max-image-preview":"max-image-preview:large","max-video-preview":"max-video-preview:-1"},"canonical":"https:\/\/noticiaempauta.com\/portal\/piaui-tem-previsao-de-fortes-chuvas-ate-sexta-08-veja-como-fica-em-cada-regiao\/","og_locale":"pt_BR","og_type":"article","og_title":"Piau\u00ed tem previs\u00e3o de fortes chuvas at\u00e9 sexta (08); veja como fica em cada regi\u00e3o","og_description":"Os acumulados podem ser superiores a 100 mm na por\u00e7\u00e3o Centro-Norte do estado.","og_url":"https:\/\/noticiaempauta.com\/portal\/piaui-tem-previsao-de-fortes-chuvas-ate-sexta-08-veja-como-fica-em-cada-regiao\/","og_site_name":"Portal Not\u00edcia em Pauta","article_publisher":"https:\/\/www.facebook.com\/Portal-Notcia-Em-Pauta-102292869264820\/","article_published_time":"2024-03-06T12:43:58+00:00","article_modified_time":"2024-03-06T12:44:00+00:00","og_image":[{"width":855,"height":480,"url":"https:\/\/noticiaempauta.com\/portal\/wp-content\/uploads\/2024\/01\/com-dois-alertas-mais-de-100-cidades-do-piaui-tem-previsao-de-chuvas-intensas-292cd771-5d3e-427b-8ac4-1830dc110f05.webp","type":"image\/webp"}],"author":"Reda\u00e7\u00e3o","twitter_card":"summary_large_image","twitter_misc":{"Escrito por":"Reda\u00e7\u00e3o","Est. tempo de leitura":"3 minutos"},"schema":{"@context":"https:\/\/schema.org","@graph":[{"@type":"Article","@id":"https:\/\/noticiaempauta.com\/portal\/piaui-tem-previsao-de-fortes-chuvas-ate-sexta-08-veja-como-fica-em-cada-regiao\/#article","isPartOf":{"@id":"https:\/\/noticiaempauta.com\/portal\/piaui-tem-previsao-de-fortes-chuvas-ate-sexta-08-veja-como-fica-em-cada-regiao\/"},"author":{"name":"Reda\u00e7\u00e3o","@id":"https:\/\/noticiaempauta.com\/portal\/#\/schema\/person\/a74af43dd1ab3deca45f988c717d57ac"},"headline":"Piau\u00ed tem previs\u00e3o de fortes chuvas at\u00e9 sexta (08); veja como fica em cada regi\u00e3o","datePublished":"2024-03-06T12:43:58+00:00","dateModified":"2024-03-06T12:44:00+00:00","mainEntityOfPage":{"@id":"https:\/\/noticiaempauta.com\/portal\/piaui-tem-previsao-de-fortes-chuvas-ate-sexta-08-veja-como-fica-em-cada-regiao\/"},"wordCount":392,"commentCount":0,"publisher":{"@id":"https:\/\/noticiaempauta.com\/portal\/#organization"},"image":{"@id":"https:\/\/noticiaempauta.com\/portal\/piaui-tem-previsao-de-fortes-chuvas-ate-sexta-08-veja-como-fica-em-cada-regiao\/#primaryimage"},"thumbnailUrl":"https:\/\/noticiaempauta.com\/portal\/wp-content\/uploads\/2024\/01\/com-dois-alertas-mais-de-100-cidades-do-piaui-tem-previsao-de-chuvas-intensas-292cd771-5d3e-427b-8ac4-1830dc110f05.webp","keywords":["destaqueprincipal"],"articleSection":["Destaques","Geral","Munic\u00edpios","Todas as Not\u00edcias"],"inLanguage":"pt-BR","potentialAction":[{"@type":"CommentAction","name":"Comment","target":["https:\/\/noticiaempauta.com\/portal\/piaui-tem-previsao-de-fortes-chuvas-ate-sexta-08-veja-como-fica-em-cada-regiao\/#respond"]}]},{"@type":"WebPage","@id":"https:\/\/noticiaempauta.com\/portal\/piaui-tem-previsao-de-fortes-chuvas-ate-sexta-08-veja-como-fica-em-cada-regiao\/","url":"https:\/\/noticiaempauta.com\/portal\/piaui-tem-previsao-de-fortes-chuvas-ate-sexta-08-veja-como-fica-em-cada-regiao\/","name":"Piau\u00ed tem previs\u00e3o de fortes chuvas at\u00e9 sexta (08); veja como fica em cada regi\u00e3o - Portal Not\u00edcia em Pauta","isPartOf":{"@id":"https:\/\/noticiaempauta.com\/portal\/#website"},"primaryImageOfPage":{"@id":"https:\/\/noticiaempauta.com\/portal\/piaui-tem-previsao-de-fortes-chuvas-ate-sexta-08-veja-como-fica-em-cada-regiao\/#primaryimage"},"image":{"@id":"https:\/\/noticiaempauta.com\/portal\/piaui-tem-previsao-de-fortes-chuvas-ate-sexta-08-veja-como-fica-em-cada-regiao\/#primaryimage"},"thumbnailUrl":"https:\/\/noticiaempauta.com\/portal\/wp-content\/uploads\/2024\/01\/com-dois-alertas-mais-de-100-cidades-do-piaui-tem-previsao-de-chuvas-intensas-292cd771-5d3e-427b-8ac4-1830dc110f05.webp","datePublished":"2024-03-06T12:43:58+00:00","dateModified":"2024-03-06T12:44:00+00:00","breadcrumb":{"@id":"https:\/\/noticiaempauta.com\/portal\/piaui-tem-previsao-de-fortes-chuvas-ate-sexta-08-veja-como-fica-em-cada-regiao\/#breadcrumb"},"inLanguage":"pt-BR","potentialAction":[{"@type":"ReadAction","target":["https:\/\/noticiaempauta.com\/portal\/piaui-tem-previsao-de-fortes-chuvas-ate-sexta-08-veja-como-fica-em-cada-regiao\/"]}]},{"@type":"ImageObject","inLanguage":"pt-BR","@id":"https:\/\/noticiaempauta.com\/portal\/piaui-tem-previsao-de-fortes-chuvas-ate-sexta-08-veja-como-fica-em-cada-regiao\/#primaryimage","url":"https:\/\/noticiaempauta.com\/portal\/wp-content\/uploads\/2024\/01\/com-dois-alertas-mais-de-100-cidades-do-piaui-tem-previsao-de-chuvas-intensas-292cd771-5d3e-427b-8ac4-1830dc110f05.webp","contentUrl":"https:\/\/noticiaempauta.com\/portal\/wp-content\/uploads\/2024\/01\/com-dois-alertas-mais-de-100-cidades-do-piaui-tem-previsao-de-chuvas-intensas-292cd771-5d3e-427b-8ac4-1830dc110f05.webp","width":855,"height":480,"caption":"Foto: J\u00e9ssica Dayane\/ Portal Meio Norte"},{"@type":"BreadcrumbList","@id":"https:\/\/noticiaempauta.com\/portal\/piaui-tem-previsao-de-fortes-chuvas-ate-sexta-08-veja-como-fica-em-cada-regiao\/#breadcrumb","itemListElement":[{"@type":"ListItem","position":1,"name":"P\u00e1gina Inicial","item":"https:\/\/noticiaempauta.com\/portal\/"},{"@type":"ListItem","position":2,"name":"Destaques","item":"https:\/\/noticiaempauta.com\/portal\/destaques-site\/"},{"@type":"ListItem","position":3,"name":"Piau\u00ed tem previs\u00e3o de fortes chuvas at\u00e9 sexta (08); veja como fica em cada regi\u00e3o"}]},{"@type":"WebSite","@id":"https:\/\/noticiaempauta.com\/portal\/#website","url":"https:\/\/noticiaempauta.com\/portal\/","name":"Portal Not\u00edcia em Pauta","description":"Voc\u00ea bem informado","publisher":{"@id":"https:\/\/noticiaempauta.com\/portal\/#organization"},"potentialAction":[{"@type":"SearchAction","target":{"@type":"EntryPoint","urlTemplate":"https:\/\/noticiaempauta.com\/portal\/?s={search_term_string}"},"query-input":{"@type":"PropertyValueSpecification","valueRequired":true,"valueName":"search_term_string"}}],"inLanguage":"pt-BR"},{"@type":"Organization","@id":"https:\/\/noticiaempauta.com\/portal\/#organization","name":"Portal Not\u00edcia em Pauta","url":"https:\/\/noticiaempauta.com\/portal\/","logo":{"@type":"ImageObject","inLanguage":"pt-BR","@id":"https:\/\/noticiaempauta.com\/portal\/#\/schema\/logo\/image\/","url":"https:\/\/noticiaempauta.com\/portal\/wp-content\/uploads\/2022\/08\/logomarca_tema.fw_.png","contentUrl":"https:\/\/noticiaempauta.com\/portal\/wp-content\/uploads\/2022\/08\/logomarca_tema.fw_.png","width":400,"height":232,"caption":"Portal Not\u00edcia em Pauta"},"image":{"@id":"https:\/\/noticiaempauta.com\/portal\/#\/schema\/logo\/image\/"},"sameAs":["https:\/\/www.facebook.com\/Portal-Notcia-Em-Pauta-102292869264820\/","https:\/\/www.instagram.com\/portalnoticiaempauta\/"]},{"@type":"Person","@id":"https:\/\/noticiaempauta.com\/portal\/#\/schema\/person\/a74af43dd1ab3deca45f988c717d57ac","name":"Reda\u00e7\u00e3o","image":{"@type":"ImageObject","inLanguage":"pt-BR","@id":"https:\/\/noticiaempauta.com\/portal\/#\/schema\/person\/image\/","url":"https:\/\/secure.gravatar.com\/avatar\/03179346ecce6cdfc13361603e8f54242a90e5cde8618fa23c5c00aa2b0aadf3?s=96&d=mm&r=g","contentUrl":"https:\/\/secure.gravatar.com\/avatar\/03179346ecce6cdfc13361603e8f54242a90e5cde8618fa23c5c00aa2b0aadf3?s=96&d=mm&r=g","caption":"Reda\u00e7\u00e3o"},"sameAs":["https:\/\/noticiaempauta.com\/portal\/"],"url":"https:\/\/noticiaempauta.com\/portal\/author\/fernando\/"}]}},"_links":{"self":[{"href":"https:\/\/noticiaempauta.com\/portal\/wp-json\/wp\/v2\/posts\/255539","targetHints":{"allow":["GET"]}}],"collection":[{"href":"https:\/\/noticiaempauta.com\/portal\/wp-json\/wp\/v2\/posts"}],"about":[{"href":"https:\/\/noticiaempauta.com\/portal\/wp-json\/wp\/v2\/types\/post"}],"author":[{"embeddable":true,"href":"https:\/\/noticiaempauta.com\/portal\/wp-json\/wp\/v2\/users\/2"}],"replies":[{"embeddable":true,"href":"https:\/\/noticiaempauta.com\/portal\/wp-json\/wp\/v2\/comments?post=255539"}],"version-history":[{"count":2,"href":"https:\/\/noticiaempauta.com\/portal\/wp-json\/wp\/v2\/posts\/255539\/revisions"}],"predecessor-version":[{"id":255546,"href":"https:\/\/noticiaempauta.com\/portal\/wp-json\/wp\/v2\/posts\/255539\/revisions\/255546"}],"wp:featuredmedia":[{"embeddable":true,"href":"https:\/\/noticiaempauta.com\/portal\/wp-json\/wp\/v2\/media\/253827"}],"wp:attachment":[{"href":"https:\/\/noticiaempauta.com\/portal\/wp-json\/wp\/v2\/media?parent=255539"}],"wp:term":[{"taxonomy":"category","embeddable":true,"href":"https:\/\/noticiaempauta.com\/portal\/wp-json\/wp\/v2\/categories?post=255539"},{"taxonomy":"post_tag","embeddable":true,"href":"https:\/\/noticiaempauta.com\/portal\/wp-json\/wp\/v2\/tags?post=255539"}],"curies":[{"name":"wp","href":"https:\/\/api.w.org\/{rel}","templated":true}]}}