{"id":255547,"date":"2024-03-06T09:53:17","date_gmt":"2024-03-06T12:53:17","guid":{"rendered":"https:\/\/noticiaempauta.com\/portal\/?p=255547"},"modified":"2024-03-06T09:55:57","modified_gmt":"2024-03-06T12:55:57","slug":"janela-partidaria-das-eleicoes-de-2024-abre-nesta-quinta-feira","status":"publish","type":"post","link":"https:\/\/noticiaempauta.com\/portal\/janela-partidaria-das-eleicoes-de-2024-abre-nesta-quinta-feira\/","title":{"rendered":"Janela partid\u00e1ria das elei\u00e7\u00f5es de 2024 abre nesta quinta-feira"},"content":{"rendered":"\n<p>Ser\u00e1 aberta, nesta quinta-feira,  07 de mar\u00e7o, a janela partid\u00e1ria, oportunidade prevista em lei, onde vereadores e lideran\u00e7as podem trocar de partido sem o risco de perda de mandato. O prazo se estende at\u00e9 5 de abril.<\/p>\n\n\n\n<figure class=\"wp-block-image size-full\"><img fetchpriority=\"high\" decoding=\"async\" width=\"620\" height=\"300\" src=\"https:\/\/noticiaempauta.com\/portal\/wp-content\/uploads\/2024\/03\/IMG_4006.jpeg\" alt=\"\" class=\"wp-image-255549\" srcset=\"https:\/\/noticiaempauta.com\/portal\/wp-content\/uploads\/2024\/03\/IMG_4006.jpeg 620w, https:\/\/noticiaempauta.com\/portal\/wp-content\/uploads\/2024\/03\/IMG_4006-300x145.jpeg 300w\" sizes=\"(max-width: 620px) 100vw, 620px\" \/><\/figure>\n\n\n\n<p>O per\u00edodo j\u00e1 vem mobilizando partidos e dirigentes h\u00e1 algum tempo no campo das articula\u00e7\u00f5es pol\u00edticas.<\/p>\n\n\n\n<p>As prioridades s\u00e3o captar lideran\u00e7as para refor\u00e7ar os desempenhos eleitorais e, simultaneamente, tentar evitar que o ass\u00e9dio de outros partidos sobre os filiados com mandatos obtenham \u00eaxito. Com a abertura do prazo, as articula\u00e7\u00f5es ser\u00e3o intensificadas.<\/p>\n\n\n\n<p>Algumas lideran\u00e7as j\u00e1 definiram seus destinos e ir\u00e3o oficializar as trocas nos pr\u00f3ximos dias.<\/p>\n\n\n\n<p>Outras, no entanto, apesar de terem definido seus desembarques dos atuais partidos, ainda n\u00e3o bateram o martelo em rela\u00e7\u00e3o \u00e0s novas filia\u00e7\u00f5es.<\/p>\n\n\n\n<p>Pesam al\u00e9m de eventuais desentendimentos e descontentamentos internos, os c\u00e1lculos eleitorais que podem indicar mais facilidades, ou obst\u00e1culos, na futura elei\u00e7\u00e3o.<\/p>\n\n\n\n<p>A partir do fim da janela, em 05 de abril, ir\u00e3o avan\u00e7ar as defini\u00e7\u00f5es partid\u00e1rias n\u00e3o apenas no lan\u00e7amento de chapas majorit\u00e1rias, que incluem prefeitos e vices, mas tamb\u00e9m, e especialmente, as composi\u00e7\u00f5es das nominatas proporcionais, com os nomes que ir\u00e3o disputas cadeiras nos legislativos municipais.<\/p>\n\n\n\n<p><em>RadioPoty<\/em><\/p>\n","protected":false},"excerpt":{"rendered":"<p>Ser\u00e1 aberta, nesta quinta-feira, 07 de mar\u00e7o, a janela partid\u00e1ria, oportunidade prevista em lei, onde vereadores e lideran\u00e7as podem trocar de partido sem o risco de perda de mandato. O prazo se estende at\u00e9 5 de abril. O per\u00edodo j\u00e1 vem mobilizando partidos e dirigentes h\u00e1 algum tempo no campo das articula\u00e7\u00f5es pol\u00edticas. As prioridades [&hellip;]<\/p>\n","protected":false},"author":2,"featured_media":255549,"comment_status":"open","ping_status":"open","sticky":false,"template":"","format":"standard","meta":{"_mi_skip_tracking":false,"footnotes":""},"categories":[25,1,3,16],"tags":[192],"class_list":["post-255547","post","type-post","status-publish","format-standard","has-post-thumbnail","hentry","category-destaques-site","category-geral","category-politica","category-todas","tag-destaqueprincipal"],"acf":[],"yoast_head":"<!-- This site is optimized with the Yoast SEO Premium plugin v19.2 (Yoast SEO v26.9) - https:\/\/yoast.com\/product\/yoast-seo-premium-wordpress\/ -->\n<title>Janela partid\u00e1ria das elei\u00e7\u00f5es de 2024 abre nesta quinta-feira - Portal Not\u00edcia em Pauta<\/title>\n<meta name=\"robots\" content=\"index, follow, max-snippet:-1, max-image-preview:large, max-video-preview:-1\" \/>\n<link rel=\"canonical\" href=\"https:\/\/noticiaempauta.com\/portal\/janela-partidaria-das-eleicoes-de-2024-abre-nesta-quinta-feira\/\" \/>\n<meta property=\"og:locale\" content=\"pt_BR\" \/>\n<meta property=\"og:type\" content=\"article\" \/>\n<meta property=\"og:title\" content=\"Janela partid\u00e1ria das elei\u00e7\u00f5es de 2024 abre nesta quinta-feira\" \/>\n<meta property=\"og:description\" content=\"Ser\u00e1 aberta, nesta quinta-feira, 07 de mar\u00e7o, a janela partid\u00e1ria, oportunidade prevista em lei, onde vereadores e lideran\u00e7as podem trocar de partido sem o risco de perda de mandato. O prazo se estende at\u00e9 5 de abril. O per\u00edodo j\u00e1 vem mobilizando partidos e dirigentes h\u00e1 algum tempo no campo das articula\u00e7\u00f5es pol\u00edticas. As prioridades [&hellip;]\" \/>\n<meta property=\"og:url\" content=\"https:\/\/noticiaempauta.com\/portal\/janela-partidaria-das-eleicoes-de-2024-abre-nesta-quinta-feira\/\" \/>\n<meta property=\"og:site_name\" content=\"Portal Not\u00edcia em Pauta\" \/>\n<meta property=\"article:publisher\" content=\"https:\/\/www.facebook.com\/Portal-Notcia-Em-Pauta-102292869264820\/\" \/>\n<meta property=\"article:published_time\" content=\"2024-03-06T12:53:17+00:00\" \/>\n<meta property=\"article:modified_time\" content=\"2024-03-06T12:55:57+00:00\" \/>\n<meta property=\"og:image\" content=\"https:\/\/noticiaempauta.com\/portal\/wp-content\/uploads\/2024\/03\/IMG_4006.jpeg\" \/>\n\t<meta property=\"og:image:width\" content=\"620\" \/>\n\t<meta property=\"og:image:height\" content=\"300\" \/>\n\t<meta property=\"og:image:type\" content=\"image\/jpeg\" \/>\n<meta name=\"author\" content=\"Reda\u00e7\u00e3o\" \/>\n<meta name=\"twitter:card\" content=\"summary_large_image\" \/>\n<meta name=\"twitter:label1\" content=\"Escrito por\" \/>\n\t<meta name=\"twitter:data1\" content=\"Reda\u00e7\u00e3o\" \/>\n\t<meta name=\"twitter:label2\" content=\"Est. tempo de leitura\" \/>\n\t<meta name=\"twitter:data2\" content=\"2 minutos\" \/>\n<script type=\"application\/ld+json\" class=\"yoast-schema-graph\">{\"@context\":\"https:\/\/schema.org\",\"@graph\":[{\"@type\":\"Article\",\"@id\":\"https:\/\/noticiaempauta.com\/portal\/janela-partidaria-das-eleicoes-de-2024-abre-nesta-quinta-feira\/#article\",\"isPartOf\":{\"@id\":\"https:\/\/noticiaempauta.com\/portal\/janela-partidaria-das-eleicoes-de-2024-abre-nesta-quinta-feira\/\"},\"author\":{\"name\":\"Reda\u00e7\u00e3o\",\"@id\":\"https:\/\/noticiaempauta.com\/portal\/#\/schema\/person\/a74af43dd1ab3deca45f988c717d57ac\"},\"headline\":\"Janela partid\u00e1ria das elei\u00e7\u00f5es de 2024 abre nesta quinta-feira\",\"datePublished\":\"2024-03-06T12:53:17+00:00\",\"dateModified\":\"2024-03-06T12:55:57+00:00\",\"mainEntityOfPage\":{\"@id\":\"https:\/\/noticiaempauta.com\/portal\/janela-partidaria-das-eleicoes-de-2024-abre-nesta-quinta-feira\/\"},\"wordCount\":232,\"commentCount\":0,\"publisher\":{\"@id\":\"https:\/\/noticiaempauta.com\/portal\/#organization\"},\"image\":{\"@id\":\"https:\/\/noticiaempauta.com\/portal\/janela-partidaria-das-eleicoes-de-2024-abre-nesta-quinta-feira\/#primaryimage\"},\"thumbnailUrl\":\"https:\/\/noticiaempauta.com\/portal\/wp-content\/uploads\/2024\/03\/IMG_4006.jpeg\",\"keywords\":[\"destaqueprincipal\"],\"articleSection\":[\"Destaques\",\"Geral\",\"Pol\u00edtica\",\"Todas as Not\u00edcias\"],\"inLanguage\":\"pt-BR\",\"potentialAction\":[{\"@type\":\"CommentAction\",\"name\":\"Comment\",\"target\":[\"https:\/\/noticiaempauta.com\/portal\/janela-partidaria-das-eleicoes-de-2024-abre-nesta-quinta-feira\/#respond\"]}]},{\"@type\":\"WebPage\",\"@id\":\"https:\/\/noticiaempauta.com\/portal\/janela-partidaria-das-eleicoes-de-2024-abre-nesta-quinta-feira\/\",\"url\":\"https:\/\/noticiaempauta.com\/portal\/janela-partidaria-das-eleicoes-de-2024-abre-nesta-quinta-feira\/\",\"name\":\"Janela partid\u00e1ria das elei\u00e7\u00f5es de 2024 abre nesta quinta-feira - Portal Not\u00edcia em Pauta\",\"isPartOf\":{\"@id\":\"https:\/\/noticiaempauta.com\/portal\/#website\"},\"primaryImageOfPage\":{\"@id\":\"https:\/\/noticiaempauta.com\/portal\/janela-partidaria-das-eleicoes-de-2024-abre-nesta-quinta-feira\/#primaryimage\"},\"image\":{\"@id\":\"https:\/\/noticiaempauta.com\/portal\/janela-partidaria-das-eleicoes-de-2024-abre-nesta-quinta-feira\/#primaryimage\"},\"thumbnailUrl\":\"https:\/\/noticiaempauta.com\/portal\/wp-content\/uploads\/2024\/03\/IMG_4006.jpeg\",\"datePublished\":\"2024-03-06T12:53:17+00:00\",\"dateModified\":\"2024-03-06T12:55:57+00:00\",\"breadcrumb\":{\"@id\":\"https:\/\/noticiaempauta.com\/portal\/janela-partidaria-das-eleicoes-de-2024-abre-nesta-quinta-feira\/#breadcrumb\"},\"inLanguage\":\"pt-BR\",\"potentialAction\":[{\"@type\":\"ReadAction\",\"target\":[\"https:\/\/noticiaempauta.com\/portal\/janela-partidaria-das-eleicoes-de-2024-abre-nesta-quinta-feira\/\"]}]},{\"@type\":\"ImageObject\",\"inLanguage\":\"pt-BR\",\"@id\":\"https:\/\/noticiaempauta.com\/portal\/janela-partidaria-das-eleicoes-de-2024-abre-nesta-quinta-feira\/#primaryimage\",\"url\":\"https:\/\/noticiaempauta.com\/portal\/wp-content\/uploads\/2024\/03\/IMG_4006.jpeg\",\"contentUrl\":\"https:\/\/noticiaempauta.com\/portal\/wp-content\/uploads\/2024\/03\/IMG_4006.jpeg\",\"width\":620,\"height\":300},{\"@type\":\"BreadcrumbList\",\"@id\":\"https:\/\/noticiaempauta.com\/portal\/janela-partidaria-das-eleicoes-de-2024-abre-nesta-quinta-feira\/#breadcrumb\",\"itemListElement\":[{\"@type\":\"ListItem\",\"position\":1,\"name\":\"P\u00e1gina Inicial\",\"item\":\"https:\/\/noticiaempauta.com\/portal\/\"},{\"@type\":\"ListItem\",\"position\":2,\"name\":\"Destaques\",\"item\":\"https:\/\/noticiaempauta.com\/portal\/destaques-site\/\"},{\"@type\":\"ListItem\",\"position\":3,\"name\":\"Janela partid\u00e1ria das elei\u00e7\u00f5es de 2024 abre nesta quinta-feira\"}]},{\"@type\":\"WebSite\",\"@id\":\"https:\/\/noticiaempauta.com\/portal\/#website\",\"url\":\"https:\/\/noticiaempauta.com\/portal\/\",\"name\":\"Portal Not\u00edcia em Pauta\",\"description\":\"Voc\u00ea bem informado\",\"publisher\":{\"@id\":\"https:\/\/noticiaempauta.com\/portal\/#organization\"},\"potentialAction\":[{\"@type\":\"SearchAction\",\"target\":{\"@type\":\"EntryPoint\",\"urlTemplate\":\"https:\/\/noticiaempauta.com\/portal\/?s={search_term_string}\"},\"query-input\":{\"@type\":\"PropertyValueSpecification\",\"valueRequired\":true,\"valueName\":\"search_term_string\"}}],\"inLanguage\":\"pt-BR\"},{\"@type\":\"Organization\",\"@id\":\"https:\/\/noticiaempauta.com\/portal\/#organization\",\"name\":\"Portal Not\u00edcia em Pauta\",\"url\":\"https:\/\/noticiaempauta.com\/portal\/\",\"logo\":{\"@type\":\"ImageObject\",\"inLanguage\":\"pt-BR\",\"@id\":\"https:\/\/noticiaempauta.com\/portal\/#\/schema\/logo\/image\/\",\"url\":\"https:\/\/noticiaempauta.com\/portal\/wp-content\/uploads\/2022\/08\/logomarca_tema.fw_.png\",\"contentUrl\":\"https:\/\/noticiaempauta.com\/portal\/wp-content\/uploads\/2022\/08\/logomarca_tema.fw_.png\",\"width\":400,\"height\":232,\"caption\":\"Portal Not\u00edcia em Pauta\"},\"image\":{\"@id\":\"https:\/\/noticiaempauta.com\/portal\/#\/schema\/logo\/image\/\"},\"sameAs\":[\"https:\/\/www.facebook.com\/Portal-Notcia-Em-Pauta-102292869264820\/\",\"https:\/\/www.instagram.com\/portalnoticiaempauta\/\"]},{\"@type\":\"Person\",\"@id\":\"https:\/\/noticiaempauta.com\/portal\/#\/schema\/person\/a74af43dd1ab3deca45f988c717d57ac\",\"name\":\"Reda\u00e7\u00e3o\",\"image\":{\"@type\":\"ImageObject\",\"inLanguage\":\"pt-BR\",\"@id\":\"https:\/\/noticiaempauta.com\/portal\/#\/schema\/person\/image\/\",\"url\":\"https:\/\/secure.gravatar.com\/avatar\/03179346ecce6cdfc13361603e8f54242a90e5cde8618fa23c5c00aa2b0aadf3?s=96&d=mm&r=g\",\"contentUrl\":\"https:\/\/secure.gravatar.com\/avatar\/03179346ecce6cdfc13361603e8f54242a90e5cde8618fa23c5c00aa2b0aadf3?s=96&d=mm&r=g\",\"caption\":\"Reda\u00e7\u00e3o\"},\"sameAs\":[\"https:\/\/noticiaempauta.com\/portal\/\"],\"url\":\"https:\/\/noticiaempauta.com\/portal\/author\/fernando\/\"}]}<\/script>\n<!-- \/ Yoast SEO Premium plugin. -->","yoast_head_json":{"title":"Janela partid\u00e1ria das elei\u00e7\u00f5es de 2024 abre nesta quinta-feira - Portal Not\u00edcia em Pauta","robots":{"index":"index","follow":"follow","max-snippet":"max-snippet:-1","max-image-preview":"max-image-preview:large","max-video-preview":"max-video-preview:-1"},"canonical":"https:\/\/noticiaempauta.com\/portal\/janela-partidaria-das-eleicoes-de-2024-abre-nesta-quinta-feira\/","og_locale":"pt_BR","og_type":"article","og_title":"Janela partid\u00e1ria das elei\u00e7\u00f5es de 2024 abre nesta quinta-feira","og_description":"Ser\u00e1 aberta, nesta quinta-feira, 07 de mar\u00e7o, a janela partid\u00e1ria, oportunidade prevista em lei, onde vereadores e lideran\u00e7as podem trocar de partido sem o risco de perda de mandato. O prazo se estende at\u00e9 5 de abril. O per\u00edodo j\u00e1 vem mobilizando partidos e dirigentes h\u00e1 algum tempo no campo das articula\u00e7\u00f5es pol\u00edticas. As prioridades [&hellip;]","og_url":"https:\/\/noticiaempauta.com\/portal\/janela-partidaria-das-eleicoes-de-2024-abre-nesta-quinta-feira\/","og_site_name":"Portal Not\u00edcia em Pauta","article_publisher":"https:\/\/www.facebook.com\/Portal-Notcia-Em-Pauta-102292869264820\/","article_published_time":"2024-03-06T12:53:17+00:00","article_modified_time":"2024-03-06T12:55:57+00:00","og_image":[{"width":620,"height":300,"url":"https:\/\/noticiaempauta.com\/portal\/wp-content\/uploads\/2024\/03\/IMG_4006.jpeg","type":"image\/jpeg"}],"author":"Reda\u00e7\u00e3o","twitter_card":"summary_large_image","twitter_misc":{"Escrito por":"Reda\u00e7\u00e3o","Est. tempo de leitura":"2 minutos"},"schema":{"@context":"https:\/\/schema.org","@graph":[{"@type":"Article","@id":"https:\/\/noticiaempauta.com\/portal\/janela-partidaria-das-eleicoes-de-2024-abre-nesta-quinta-feira\/#article","isPartOf":{"@id":"https:\/\/noticiaempauta.com\/portal\/janela-partidaria-das-eleicoes-de-2024-abre-nesta-quinta-feira\/"},"author":{"name":"Reda\u00e7\u00e3o","@id":"https:\/\/noticiaempauta.com\/portal\/#\/schema\/person\/a74af43dd1ab3deca45f988c717d57ac"},"headline":"Janela partid\u00e1ria das elei\u00e7\u00f5es de 2024 abre nesta quinta-feira","datePublished":"2024-03-06T12:53:17+00:00","dateModified":"2024-03-06T12:55:57+00:00","mainEntityOfPage":{"@id":"https:\/\/noticiaempauta.com\/portal\/janela-partidaria-das-eleicoes-de-2024-abre-nesta-quinta-feira\/"},"wordCount":232,"commentCount":0,"publisher":{"@id":"https:\/\/noticiaempauta.com\/portal\/#organization"},"image":{"@id":"https:\/\/noticiaempauta.com\/portal\/janela-partidaria-das-eleicoes-de-2024-abre-nesta-quinta-feira\/#primaryimage"},"thumbnailUrl":"https:\/\/noticiaempauta.com\/portal\/wp-content\/uploads\/2024\/03\/IMG_4006.jpeg","keywords":["destaqueprincipal"],"articleSection":["Destaques","Geral","Pol\u00edtica","Todas as Not\u00edcias"],"inLanguage":"pt-BR","potentialAction":[{"@type":"CommentAction","name":"Comment","target":["https:\/\/noticiaempauta.com\/portal\/janela-partidaria-das-eleicoes-de-2024-abre-nesta-quinta-feira\/#respond"]}]},{"@type":"WebPage","@id":"https:\/\/noticiaempauta.com\/portal\/janela-partidaria-das-eleicoes-de-2024-abre-nesta-quinta-feira\/","url":"https:\/\/noticiaempauta.com\/portal\/janela-partidaria-das-eleicoes-de-2024-abre-nesta-quinta-feira\/","name":"Janela partid\u00e1ria das elei\u00e7\u00f5es de 2024 abre nesta quinta-feira - Portal Not\u00edcia em Pauta","isPartOf":{"@id":"https:\/\/noticiaempauta.com\/portal\/#website"},"primaryImageOfPage":{"@id":"https:\/\/noticiaempauta.com\/portal\/janela-partidaria-das-eleicoes-de-2024-abre-nesta-quinta-feira\/#primaryimage"},"image":{"@id":"https:\/\/noticiaempauta.com\/portal\/janela-partidaria-das-eleicoes-de-2024-abre-nesta-quinta-feira\/#primaryimage"},"thumbnailUrl":"https:\/\/noticiaempauta.com\/portal\/wp-content\/uploads\/2024\/03\/IMG_4006.jpeg","datePublished":"2024-03-06T12:53:17+00:00","dateModified":"2024-03-06T12:55:57+00:00","breadcrumb":{"@id":"https:\/\/noticiaempauta.com\/portal\/janela-partidaria-das-eleicoes-de-2024-abre-nesta-quinta-feira\/#breadcrumb"},"inLanguage":"pt-BR","potentialAction":[{"@type":"ReadAction","target":["https:\/\/noticiaempauta.com\/portal\/janela-partidaria-das-eleicoes-de-2024-abre-nesta-quinta-feira\/"]}]},{"@type":"ImageObject","inLanguage":"pt-BR","@id":"https:\/\/noticiaempauta.com\/portal\/janela-partidaria-das-eleicoes-de-2024-abre-nesta-quinta-feira\/#primaryimage","url":"https:\/\/noticiaempauta.com\/portal\/wp-content\/uploads\/2024\/03\/IMG_4006.jpeg","contentUrl":"https:\/\/noticiaempauta.com\/portal\/wp-content\/uploads\/2024\/03\/IMG_4006.jpeg","width":620,"height":300},{"@type":"BreadcrumbList","@id":"https:\/\/noticiaempauta.com\/portal\/janela-partidaria-das-eleicoes-de-2024-abre-nesta-quinta-feira\/#breadcrumb","itemListElement":[{"@type":"ListItem","position":1,"name":"P\u00e1gina Inicial","item":"https:\/\/noticiaempauta.com\/portal\/"},{"@type":"ListItem","position":2,"name":"Destaques","item":"https:\/\/noticiaempauta.com\/portal\/destaques-site\/"},{"@type":"ListItem","position":3,"name":"Janela partid\u00e1ria das elei\u00e7\u00f5es de 2024 abre nesta quinta-feira"}]},{"@type":"WebSite","@id":"https:\/\/noticiaempauta.com\/portal\/#website","url":"https:\/\/noticiaempauta.com\/portal\/","name":"Portal Not\u00edcia em Pauta","description":"Voc\u00ea bem informado","publisher":{"@id":"https:\/\/noticiaempauta.com\/portal\/#organization"},"potentialAction":[{"@type":"SearchAction","target":{"@type":"EntryPoint","urlTemplate":"https:\/\/noticiaempauta.com\/portal\/?s={search_term_string}"},"query-input":{"@type":"PropertyValueSpecification","valueRequired":true,"valueName":"search_term_string"}}],"inLanguage":"pt-BR"},{"@type":"Organization","@id":"https:\/\/noticiaempauta.com\/portal\/#organization","name":"Portal Not\u00edcia em Pauta","url":"https:\/\/noticiaempauta.com\/portal\/","logo":{"@type":"ImageObject","inLanguage":"pt-BR","@id":"https:\/\/noticiaempauta.com\/portal\/#\/schema\/logo\/image\/","url":"https:\/\/noticiaempauta.com\/portal\/wp-content\/uploads\/2022\/08\/logomarca_tema.fw_.png","contentUrl":"https:\/\/noticiaempauta.com\/portal\/wp-content\/uploads\/2022\/08\/logomarca_tema.fw_.png","width":400,"height":232,"caption":"Portal Not\u00edcia em Pauta"},"image":{"@id":"https:\/\/noticiaempauta.com\/portal\/#\/schema\/logo\/image\/"},"sameAs":["https:\/\/www.facebook.com\/Portal-Notcia-Em-Pauta-102292869264820\/","https:\/\/www.instagram.com\/portalnoticiaempauta\/"]},{"@type":"Person","@id":"https:\/\/noticiaempauta.com\/portal\/#\/schema\/person\/a74af43dd1ab3deca45f988c717d57ac","name":"Reda\u00e7\u00e3o","image":{"@type":"ImageObject","inLanguage":"pt-BR","@id":"https:\/\/noticiaempauta.com\/portal\/#\/schema\/person\/image\/","url":"https:\/\/secure.gravatar.com\/avatar\/03179346ecce6cdfc13361603e8f54242a90e5cde8618fa23c5c00aa2b0aadf3?s=96&d=mm&r=g","contentUrl":"https:\/\/secure.gravatar.com\/avatar\/03179346ecce6cdfc13361603e8f54242a90e5cde8618fa23c5c00aa2b0aadf3?s=96&d=mm&r=g","caption":"Reda\u00e7\u00e3o"},"sameAs":["https:\/\/noticiaempauta.com\/portal\/"],"url":"https:\/\/noticiaempauta.com\/portal\/author\/fernando\/"}]}},"_links":{"self":[{"href":"https:\/\/noticiaempauta.com\/portal\/wp-json\/wp\/v2\/posts\/255547","targetHints":{"allow":["GET"]}}],"collection":[{"href":"https:\/\/noticiaempauta.com\/portal\/wp-json\/wp\/v2\/posts"}],"about":[{"href":"https:\/\/noticiaempauta.com\/portal\/wp-json\/wp\/v2\/types\/post"}],"author":[{"embeddable":true,"href":"https:\/\/noticiaempauta.com\/portal\/wp-json\/wp\/v2\/users\/2"}],"replies":[{"embeddable":true,"href":"https:\/\/noticiaempauta.com\/portal\/wp-json\/wp\/v2\/comments?post=255547"}],"version-history":[{"count":3,"href":"https:\/\/noticiaempauta.com\/portal\/wp-json\/wp\/v2\/posts\/255547\/revisions"}],"predecessor-version":[{"id":255552,"href":"https:\/\/noticiaempauta.com\/portal\/wp-json\/wp\/v2\/posts\/255547\/revisions\/255552"}],"wp:featuredmedia":[{"embeddable":true,"href":"https:\/\/noticiaempauta.com\/portal\/wp-json\/wp\/v2\/media\/255549"}],"wp:attachment":[{"href":"https:\/\/noticiaempauta.com\/portal\/wp-json\/wp\/v2\/media?parent=255547"}],"wp:term":[{"taxonomy":"category","embeddable":true,"href":"https:\/\/noticiaempauta.com\/portal\/wp-json\/wp\/v2\/categories?post=255547"},{"taxonomy":"post_tag","embeddable":true,"href":"https:\/\/noticiaempauta.com\/portal\/wp-json\/wp\/v2\/tags?post=255547"}],"curies":[{"name":"wp","href":"https:\/\/api.w.org\/{rel}","templated":true}]}}