{"id":255553,"date":"2024-03-06T17:35:30","date_gmt":"2024-03-06T20:35:30","guid":{"rendered":"https:\/\/noticiaempauta.com\/portal\/?p=255553"},"modified":"2024-03-06T17:35:32","modified_gmt":"2024-03-06T20:35:32","slug":"em-luzilandia-teto-de-escola-desaba-e-deixa-17-estudantes-feridos","status":"publish","type":"post","link":"https:\/\/noticiaempauta.com\/portal\/em-luzilandia-teto-de-escola-desaba-e-deixa-17-estudantes-feridos\/","title":{"rendered":"Em Luzil\u00e2ndia teto de escola desaba e deixa 17 estudantes feridos"},"content":{"rendered":"\n<p>Na manh\u00e3 desta quarta-feira (06), o teto de uma sala de aula&nbsp;desabou e deixou pelo menos&nbsp;17 crian\u00e7as feridas em escola particular, no munic\u00edpio de Luzil\u00e2ndia.<\/p>\n\n\n\n<p>Em nota divulgada pela Secretaria de Sa\u00fade do Piau\u00ed (Sesapi), foi informado que os feridos foram encaminhados ao Hospital Estadual Gerson Castelo Branco (HEGCB) para receberem atendimento m\u00e9dico.<\/p>\n\n\n\n<figure class=\"wp-block-image size-full\"><img fetchpriority=\"high\" decoding=\"async\" width=\"950\" height=\"666\" src=\"https:\/\/noticiaempauta.com\/portal\/wp-content\/uploads\/2024\/03\/62533889-D86F-46A6-9284-0D9E0172AAA3.webp\" alt=\"\" class=\"wp-image-255555\" srcset=\"https:\/\/noticiaempauta.com\/portal\/wp-content\/uploads\/2024\/03\/62533889-D86F-46A6-9284-0D9E0172AAA3.webp 950w, https:\/\/noticiaempauta.com\/portal\/wp-content\/uploads\/2024\/03\/62533889-D86F-46A6-9284-0D9E0172AAA3-300x210.webp 300w, https:\/\/noticiaempauta.com\/portal\/wp-content\/uploads\/2024\/03\/62533889-D86F-46A6-9284-0D9E0172AAA3-768x538.webp 768w\" sizes=\"(max-width: 950px) 100vw, 950px\" \/><\/figure>\n\n\n\n<p>Ainda segundo a Sesapi, um estudante, de 12 anos, sofreu uma fratura na clav\u00edcula e apesar de possuir o quadro est\u00e1vel, permanece internado no hospital, junto a outra crian\u00e7a.<\/p>\n\n\n\n<p>Al\u00e9m disso, grande parte dos pacientes j\u00e1 receberam alta, segundo a secretaria. Confira abaixo a nota da Sesapi na \u00edntegra:<\/p>\n\n\n\n<p><em>A Secretaria de Sa\u00fade do Piau\u00ed (Sesapi) informa que 17 crian\u00e7as deram entrada no Hospital Estadual Gerson Castelo Branco (HEGCB), de Luzil\u00e2ndia, ap\u00f3s um acidente em uma escola da cidade nesta quarta-feira (6). Uma crian\u00e7a de 12 anos teve fratura de clav\u00edcula e permanece internada e est\u00e1vel no hospital. Outra crian\u00e7a aguarda o resultado de uma tomografia. Ela tamb\u00e9m est\u00e1 est\u00e1vel. Os demais pacientes j\u00e1 tiveram alta da unidade de sa\u00fade ap\u00f3s atendimento pela equipe m\u00e9dica.<\/em><\/p>\n\n\n\n<p>Fonte: ViAgora<\/p>\n","protected":false},"excerpt":{"rendered":"<p>Na manh\u00e3 desta quarta-feira (06), o teto de uma sala de aula&nbsp;desabou e deixou pelo menos&nbsp;17 crian\u00e7as feridas em escola particular, no munic\u00edpio de Luzil\u00e2ndia. Em nota divulgada pela Secretaria de Sa\u00fade do Piau\u00ed (Sesapi), foi informado que os feridos foram encaminhados ao Hospital Estadual Gerson Castelo Branco (HEGCB) para receberem atendimento m\u00e9dico. Ainda segundo [&hellip;]<\/p>\n","protected":false},"author":2,"featured_media":255555,"comment_status":"open","ping_status":"open","sticky":false,"template":"","format":"standard","meta":{"_mi_skip_tracking":false,"footnotes":""},"categories":[25,1,16],"tags":[192],"class_list":["post-255553","post","type-post","status-publish","format-standard","has-post-thumbnail","hentry","category-destaques-site","category-geral","category-todas","tag-destaqueprincipal"],"acf":[],"yoast_head":"<!-- This site is optimized with the Yoast SEO Premium plugin v19.2 (Yoast SEO v26.9) - https:\/\/yoast.com\/product\/yoast-seo-premium-wordpress\/ -->\n<title>Em Luzil\u00e2ndia teto de escola desaba e deixa 17 estudantes feridos - Portal Not\u00edcia em Pauta<\/title>\n<meta name=\"robots\" content=\"index, follow, max-snippet:-1, max-image-preview:large, max-video-preview:-1\" \/>\n<link rel=\"canonical\" href=\"https:\/\/noticiaempauta.com\/portal\/em-luzilandia-teto-de-escola-desaba-e-deixa-17-estudantes-feridos\/\" \/>\n<meta property=\"og:locale\" content=\"pt_BR\" \/>\n<meta property=\"og:type\" content=\"article\" \/>\n<meta property=\"og:title\" content=\"Em Luzil\u00e2ndia teto de escola desaba e deixa 17 estudantes feridos\" \/>\n<meta property=\"og:description\" content=\"Na manh\u00e3 desta quarta-feira (06), o teto de uma sala de aula&nbsp;desabou e deixou pelo menos&nbsp;17 crian\u00e7as feridas em escola particular, no munic\u00edpio de Luzil\u00e2ndia. Em nota divulgada pela Secretaria de Sa\u00fade do Piau\u00ed (Sesapi), foi informado que os feridos foram encaminhados ao Hospital Estadual Gerson Castelo Branco (HEGCB) para receberem atendimento m\u00e9dico. Ainda segundo [&hellip;]\" \/>\n<meta property=\"og:url\" content=\"https:\/\/noticiaempauta.com\/portal\/em-luzilandia-teto-de-escola-desaba-e-deixa-17-estudantes-feridos\/\" \/>\n<meta property=\"og:site_name\" content=\"Portal Not\u00edcia em Pauta\" \/>\n<meta property=\"article:publisher\" content=\"https:\/\/www.facebook.com\/Portal-Notcia-Em-Pauta-102292869264820\/\" \/>\n<meta property=\"article:published_time\" content=\"2024-03-06T20:35:30+00:00\" \/>\n<meta property=\"article:modified_time\" content=\"2024-03-06T20:35:32+00:00\" \/>\n<meta property=\"og:image\" content=\"https:\/\/noticiaempauta.com\/portal\/wp-content\/uploads\/2024\/03\/62533889-D86F-46A6-9284-0D9E0172AAA3.webp\" \/>\n\t<meta property=\"og:image:width\" content=\"950\" \/>\n\t<meta property=\"og:image:height\" content=\"666\" \/>\n\t<meta property=\"og:image:type\" content=\"image\/webp\" \/>\n<meta name=\"author\" content=\"Reda\u00e7\u00e3o\" \/>\n<meta name=\"twitter:card\" content=\"summary_large_image\" \/>\n<meta name=\"twitter:label1\" content=\"Escrito por\" \/>\n\t<meta name=\"twitter:data1\" content=\"Reda\u00e7\u00e3o\" \/>\n\t<meta name=\"twitter:label2\" content=\"Est. tempo de leitura\" \/>\n\t<meta name=\"twitter:data2\" content=\"2 minutos\" \/>\n<script type=\"application\/ld+json\" class=\"yoast-schema-graph\">{\"@context\":\"https:\/\/schema.org\",\"@graph\":[{\"@type\":\"Article\",\"@id\":\"https:\/\/noticiaempauta.com\/portal\/em-luzilandia-teto-de-escola-desaba-e-deixa-17-estudantes-feridos\/#article\",\"isPartOf\":{\"@id\":\"https:\/\/noticiaempauta.com\/portal\/em-luzilandia-teto-de-escola-desaba-e-deixa-17-estudantes-feridos\/\"},\"author\":{\"name\":\"Reda\u00e7\u00e3o\",\"@id\":\"https:\/\/noticiaempauta.com\/portal\/#\/schema\/person\/a74af43dd1ab3deca45f988c717d57ac\"},\"headline\":\"Em Luzil\u00e2ndia teto de escola desaba e deixa 17 estudantes feridos\",\"datePublished\":\"2024-03-06T20:35:30+00:00\",\"dateModified\":\"2024-03-06T20:35:32+00:00\",\"mainEntityOfPage\":{\"@id\":\"https:\/\/noticiaempauta.com\/portal\/em-luzilandia-teto-de-escola-desaba-e-deixa-17-estudantes-feridos\/\"},\"wordCount\":211,\"commentCount\":0,\"publisher\":{\"@id\":\"https:\/\/noticiaempauta.com\/portal\/#organization\"},\"image\":{\"@id\":\"https:\/\/noticiaempauta.com\/portal\/em-luzilandia-teto-de-escola-desaba-e-deixa-17-estudantes-feridos\/#primaryimage\"},\"thumbnailUrl\":\"https:\/\/noticiaempauta.com\/portal\/wp-content\/uploads\/2024\/03\/62533889-D86F-46A6-9284-0D9E0172AAA3.webp\",\"keywords\":[\"destaqueprincipal\"],\"articleSection\":[\"Destaques\",\"Geral\",\"Todas as Not\u00edcias\"],\"inLanguage\":\"pt-BR\",\"potentialAction\":[{\"@type\":\"CommentAction\",\"name\":\"Comment\",\"target\":[\"https:\/\/noticiaempauta.com\/portal\/em-luzilandia-teto-de-escola-desaba-e-deixa-17-estudantes-feridos\/#respond\"]}]},{\"@type\":\"WebPage\",\"@id\":\"https:\/\/noticiaempauta.com\/portal\/em-luzilandia-teto-de-escola-desaba-e-deixa-17-estudantes-feridos\/\",\"url\":\"https:\/\/noticiaempauta.com\/portal\/em-luzilandia-teto-de-escola-desaba-e-deixa-17-estudantes-feridos\/\",\"name\":\"Em Luzil\u00e2ndia teto de escola desaba e deixa 17 estudantes feridos - Portal Not\u00edcia em Pauta\",\"isPartOf\":{\"@id\":\"https:\/\/noticiaempauta.com\/portal\/#website\"},\"primaryImageOfPage\":{\"@id\":\"https:\/\/noticiaempauta.com\/portal\/em-luzilandia-teto-de-escola-desaba-e-deixa-17-estudantes-feridos\/#primaryimage\"},\"image\":{\"@id\":\"https:\/\/noticiaempauta.com\/portal\/em-luzilandia-teto-de-escola-desaba-e-deixa-17-estudantes-feridos\/#primaryimage\"},\"thumbnailUrl\":\"https:\/\/noticiaempauta.com\/portal\/wp-content\/uploads\/2024\/03\/62533889-D86F-46A6-9284-0D9E0172AAA3.webp\",\"datePublished\":\"2024-03-06T20:35:30+00:00\",\"dateModified\":\"2024-03-06T20:35:32+00:00\",\"breadcrumb\":{\"@id\":\"https:\/\/noticiaempauta.com\/portal\/em-luzilandia-teto-de-escola-desaba-e-deixa-17-estudantes-feridos\/#breadcrumb\"},\"inLanguage\":\"pt-BR\",\"potentialAction\":[{\"@type\":\"ReadAction\",\"target\":[\"https:\/\/noticiaempauta.com\/portal\/em-luzilandia-teto-de-escola-desaba-e-deixa-17-estudantes-feridos\/\"]}]},{\"@type\":\"ImageObject\",\"inLanguage\":\"pt-BR\",\"@id\":\"https:\/\/noticiaempauta.com\/portal\/em-luzilandia-teto-de-escola-desaba-e-deixa-17-estudantes-feridos\/#primaryimage\",\"url\":\"https:\/\/noticiaempauta.com\/portal\/wp-content\/uploads\/2024\/03\/62533889-D86F-46A6-9284-0D9E0172AAA3.webp\",\"contentUrl\":\"https:\/\/noticiaempauta.com\/portal\/wp-content\/uploads\/2024\/03\/62533889-D86F-46A6-9284-0D9E0172AAA3.webp\",\"width\":950,\"height\":666},{\"@type\":\"BreadcrumbList\",\"@id\":\"https:\/\/noticiaempauta.com\/portal\/em-luzilandia-teto-de-escola-desaba-e-deixa-17-estudantes-feridos\/#breadcrumb\",\"itemListElement\":[{\"@type\":\"ListItem\",\"position\":1,\"name\":\"P\u00e1gina Inicial\",\"item\":\"https:\/\/noticiaempauta.com\/portal\/\"},{\"@type\":\"ListItem\",\"position\":2,\"name\":\"Destaques\",\"item\":\"https:\/\/noticiaempauta.com\/portal\/destaques-site\/\"},{\"@type\":\"ListItem\",\"position\":3,\"name\":\"Em Luzil\u00e2ndia teto de escola desaba e deixa 17 estudantes feridos\"}]},{\"@type\":\"WebSite\",\"@id\":\"https:\/\/noticiaempauta.com\/portal\/#website\",\"url\":\"https:\/\/noticiaempauta.com\/portal\/\",\"name\":\"Portal Not\u00edcia em Pauta\",\"description\":\"Voc\u00ea bem informado\",\"publisher\":{\"@id\":\"https:\/\/noticiaempauta.com\/portal\/#organization\"},\"potentialAction\":[{\"@type\":\"SearchAction\",\"target\":{\"@type\":\"EntryPoint\",\"urlTemplate\":\"https:\/\/noticiaempauta.com\/portal\/?s={search_term_string}\"},\"query-input\":{\"@type\":\"PropertyValueSpecification\",\"valueRequired\":true,\"valueName\":\"search_term_string\"}}],\"inLanguage\":\"pt-BR\"},{\"@type\":\"Organization\",\"@id\":\"https:\/\/noticiaempauta.com\/portal\/#organization\",\"name\":\"Portal Not\u00edcia em Pauta\",\"url\":\"https:\/\/noticiaempauta.com\/portal\/\",\"logo\":{\"@type\":\"ImageObject\",\"inLanguage\":\"pt-BR\",\"@id\":\"https:\/\/noticiaempauta.com\/portal\/#\/schema\/logo\/image\/\",\"url\":\"https:\/\/noticiaempauta.com\/portal\/wp-content\/uploads\/2022\/08\/logomarca_tema.fw_.png\",\"contentUrl\":\"https:\/\/noticiaempauta.com\/portal\/wp-content\/uploads\/2022\/08\/logomarca_tema.fw_.png\",\"width\":400,\"height\":232,\"caption\":\"Portal Not\u00edcia em Pauta\"},\"image\":{\"@id\":\"https:\/\/noticiaempauta.com\/portal\/#\/schema\/logo\/image\/\"},\"sameAs\":[\"https:\/\/www.facebook.com\/Portal-Notcia-Em-Pauta-102292869264820\/\",\"https:\/\/www.instagram.com\/portalnoticiaempauta\/\"]},{\"@type\":\"Person\",\"@id\":\"https:\/\/noticiaempauta.com\/portal\/#\/schema\/person\/a74af43dd1ab3deca45f988c717d57ac\",\"name\":\"Reda\u00e7\u00e3o\",\"image\":{\"@type\":\"ImageObject\",\"inLanguage\":\"pt-BR\",\"@id\":\"https:\/\/noticiaempauta.com\/portal\/#\/schema\/person\/image\/\",\"url\":\"https:\/\/secure.gravatar.com\/avatar\/03179346ecce6cdfc13361603e8f54242a90e5cde8618fa23c5c00aa2b0aadf3?s=96&d=mm&r=g\",\"contentUrl\":\"https:\/\/secure.gravatar.com\/avatar\/03179346ecce6cdfc13361603e8f54242a90e5cde8618fa23c5c00aa2b0aadf3?s=96&d=mm&r=g\",\"caption\":\"Reda\u00e7\u00e3o\"},\"sameAs\":[\"https:\/\/noticiaempauta.com\/portal\/\"],\"url\":\"https:\/\/noticiaempauta.com\/portal\/author\/fernando\/\"}]}<\/script>\n<!-- \/ Yoast SEO Premium plugin. -->","yoast_head_json":{"title":"Em Luzil\u00e2ndia teto de escola desaba e deixa 17 estudantes feridos - Portal Not\u00edcia em Pauta","robots":{"index":"index","follow":"follow","max-snippet":"max-snippet:-1","max-image-preview":"max-image-preview:large","max-video-preview":"max-video-preview:-1"},"canonical":"https:\/\/noticiaempauta.com\/portal\/em-luzilandia-teto-de-escola-desaba-e-deixa-17-estudantes-feridos\/","og_locale":"pt_BR","og_type":"article","og_title":"Em Luzil\u00e2ndia teto de escola desaba e deixa 17 estudantes feridos","og_description":"Na manh\u00e3 desta quarta-feira (06), o teto de uma sala de aula&nbsp;desabou e deixou pelo menos&nbsp;17 crian\u00e7as feridas em escola particular, no munic\u00edpio de Luzil\u00e2ndia. Em nota divulgada pela Secretaria de Sa\u00fade do Piau\u00ed (Sesapi), foi informado que os feridos foram encaminhados ao Hospital Estadual Gerson Castelo Branco (HEGCB) para receberem atendimento m\u00e9dico. Ainda segundo [&hellip;]","og_url":"https:\/\/noticiaempauta.com\/portal\/em-luzilandia-teto-de-escola-desaba-e-deixa-17-estudantes-feridos\/","og_site_name":"Portal Not\u00edcia em Pauta","article_publisher":"https:\/\/www.facebook.com\/Portal-Notcia-Em-Pauta-102292869264820\/","article_published_time":"2024-03-06T20:35:30+00:00","article_modified_time":"2024-03-06T20:35:32+00:00","og_image":[{"width":950,"height":666,"url":"https:\/\/noticiaempauta.com\/portal\/wp-content\/uploads\/2024\/03\/62533889-D86F-46A6-9284-0D9E0172AAA3.webp","type":"image\/webp"}],"author":"Reda\u00e7\u00e3o","twitter_card":"summary_large_image","twitter_misc":{"Escrito por":"Reda\u00e7\u00e3o","Est. tempo de leitura":"2 minutos"},"schema":{"@context":"https:\/\/schema.org","@graph":[{"@type":"Article","@id":"https:\/\/noticiaempauta.com\/portal\/em-luzilandia-teto-de-escola-desaba-e-deixa-17-estudantes-feridos\/#article","isPartOf":{"@id":"https:\/\/noticiaempauta.com\/portal\/em-luzilandia-teto-de-escola-desaba-e-deixa-17-estudantes-feridos\/"},"author":{"name":"Reda\u00e7\u00e3o","@id":"https:\/\/noticiaempauta.com\/portal\/#\/schema\/person\/a74af43dd1ab3deca45f988c717d57ac"},"headline":"Em Luzil\u00e2ndia teto de escola desaba e deixa 17 estudantes feridos","datePublished":"2024-03-06T20:35:30+00:00","dateModified":"2024-03-06T20:35:32+00:00","mainEntityOfPage":{"@id":"https:\/\/noticiaempauta.com\/portal\/em-luzilandia-teto-de-escola-desaba-e-deixa-17-estudantes-feridos\/"},"wordCount":211,"commentCount":0,"publisher":{"@id":"https:\/\/noticiaempauta.com\/portal\/#organization"},"image":{"@id":"https:\/\/noticiaempauta.com\/portal\/em-luzilandia-teto-de-escola-desaba-e-deixa-17-estudantes-feridos\/#primaryimage"},"thumbnailUrl":"https:\/\/noticiaempauta.com\/portal\/wp-content\/uploads\/2024\/03\/62533889-D86F-46A6-9284-0D9E0172AAA3.webp","keywords":["destaqueprincipal"],"articleSection":["Destaques","Geral","Todas as Not\u00edcias"],"inLanguage":"pt-BR","potentialAction":[{"@type":"CommentAction","name":"Comment","target":["https:\/\/noticiaempauta.com\/portal\/em-luzilandia-teto-de-escola-desaba-e-deixa-17-estudantes-feridos\/#respond"]}]},{"@type":"WebPage","@id":"https:\/\/noticiaempauta.com\/portal\/em-luzilandia-teto-de-escola-desaba-e-deixa-17-estudantes-feridos\/","url":"https:\/\/noticiaempauta.com\/portal\/em-luzilandia-teto-de-escola-desaba-e-deixa-17-estudantes-feridos\/","name":"Em Luzil\u00e2ndia teto de escola desaba e deixa 17 estudantes feridos - Portal Not\u00edcia em Pauta","isPartOf":{"@id":"https:\/\/noticiaempauta.com\/portal\/#website"},"primaryImageOfPage":{"@id":"https:\/\/noticiaempauta.com\/portal\/em-luzilandia-teto-de-escola-desaba-e-deixa-17-estudantes-feridos\/#primaryimage"},"image":{"@id":"https:\/\/noticiaempauta.com\/portal\/em-luzilandia-teto-de-escola-desaba-e-deixa-17-estudantes-feridos\/#primaryimage"},"thumbnailUrl":"https:\/\/noticiaempauta.com\/portal\/wp-content\/uploads\/2024\/03\/62533889-D86F-46A6-9284-0D9E0172AAA3.webp","datePublished":"2024-03-06T20:35:30+00:00","dateModified":"2024-03-06T20:35:32+00:00","breadcrumb":{"@id":"https:\/\/noticiaempauta.com\/portal\/em-luzilandia-teto-de-escola-desaba-e-deixa-17-estudantes-feridos\/#breadcrumb"},"inLanguage":"pt-BR","potentialAction":[{"@type":"ReadAction","target":["https:\/\/noticiaempauta.com\/portal\/em-luzilandia-teto-de-escola-desaba-e-deixa-17-estudantes-feridos\/"]}]},{"@type":"ImageObject","inLanguage":"pt-BR","@id":"https:\/\/noticiaempauta.com\/portal\/em-luzilandia-teto-de-escola-desaba-e-deixa-17-estudantes-feridos\/#primaryimage","url":"https:\/\/noticiaempauta.com\/portal\/wp-content\/uploads\/2024\/03\/62533889-D86F-46A6-9284-0D9E0172AAA3.webp","contentUrl":"https:\/\/noticiaempauta.com\/portal\/wp-content\/uploads\/2024\/03\/62533889-D86F-46A6-9284-0D9E0172AAA3.webp","width":950,"height":666},{"@type":"BreadcrumbList","@id":"https:\/\/noticiaempauta.com\/portal\/em-luzilandia-teto-de-escola-desaba-e-deixa-17-estudantes-feridos\/#breadcrumb","itemListElement":[{"@type":"ListItem","position":1,"name":"P\u00e1gina Inicial","item":"https:\/\/noticiaempauta.com\/portal\/"},{"@type":"ListItem","position":2,"name":"Destaques","item":"https:\/\/noticiaempauta.com\/portal\/destaques-site\/"},{"@type":"ListItem","position":3,"name":"Em Luzil\u00e2ndia teto de escola desaba e deixa 17 estudantes feridos"}]},{"@type":"WebSite","@id":"https:\/\/noticiaempauta.com\/portal\/#website","url":"https:\/\/noticiaempauta.com\/portal\/","name":"Portal Not\u00edcia em Pauta","description":"Voc\u00ea bem informado","publisher":{"@id":"https:\/\/noticiaempauta.com\/portal\/#organization"},"potentialAction":[{"@type":"SearchAction","target":{"@type":"EntryPoint","urlTemplate":"https:\/\/noticiaempauta.com\/portal\/?s={search_term_string}"},"query-input":{"@type":"PropertyValueSpecification","valueRequired":true,"valueName":"search_term_string"}}],"inLanguage":"pt-BR"},{"@type":"Organization","@id":"https:\/\/noticiaempauta.com\/portal\/#organization","name":"Portal Not\u00edcia em Pauta","url":"https:\/\/noticiaempauta.com\/portal\/","logo":{"@type":"ImageObject","inLanguage":"pt-BR","@id":"https:\/\/noticiaempauta.com\/portal\/#\/schema\/logo\/image\/","url":"https:\/\/noticiaempauta.com\/portal\/wp-content\/uploads\/2022\/08\/logomarca_tema.fw_.png","contentUrl":"https:\/\/noticiaempauta.com\/portal\/wp-content\/uploads\/2022\/08\/logomarca_tema.fw_.png","width":400,"height":232,"caption":"Portal Not\u00edcia em Pauta"},"image":{"@id":"https:\/\/noticiaempauta.com\/portal\/#\/schema\/logo\/image\/"},"sameAs":["https:\/\/www.facebook.com\/Portal-Notcia-Em-Pauta-102292869264820\/","https:\/\/www.instagram.com\/portalnoticiaempauta\/"]},{"@type":"Person","@id":"https:\/\/noticiaempauta.com\/portal\/#\/schema\/person\/a74af43dd1ab3deca45f988c717d57ac","name":"Reda\u00e7\u00e3o","image":{"@type":"ImageObject","inLanguage":"pt-BR","@id":"https:\/\/noticiaempauta.com\/portal\/#\/schema\/person\/image\/","url":"https:\/\/secure.gravatar.com\/avatar\/03179346ecce6cdfc13361603e8f54242a90e5cde8618fa23c5c00aa2b0aadf3?s=96&d=mm&r=g","contentUrl":"https:\/\/secure.gravatar.com\/avatar\/03179346ecce6cdfc13361603e8f54242a90e5cde8618fa23c5c00aa2b0aadf3?s=96&d=mm&r=g","caption":"Reda\u00e7\u00e3o"},"sameAs":["https:\/\/noticiaempauta.com\/portal\/"],"url":"https:\/\/noticiaempauta.com\/portal\/author\/fernando\/"}]}},"_links":{"self":[{"href":"https:\/\/noticiaempauta.com\/portal\/wp-json\/wp\/v2\/posts\/255553","targetHints":{"allow":["GET"]}}],"collection":[{"href":"https:\/\/noticiaempauta.com\/portal\/wp-json\/wp\/v2\/posts"}],"about":[{"href":"https:\/\/noticiaempauta.com\/portal\/wp-json\/wp\/v2\/types\/post"}],"author":[{"embeddable":true,"href":"https:\/\/noticiaempauta.com\/portal\/wp-json\/wp\/v2\/users\/2"}],"replies":[{"embeddable":true,"href":"https:\/\/noticiaempauta.com\/portal\/wp-json\/wp\/v2\/comments?post=255553"}],"version-history":[{"count":2,"href":"https:\/\/noticiaempauta.com\/portal\/wp-json\/wp\/v2\/posts\/255553\/revisions"}],"predecessor-version":[{"id":255557,"href":"https:\/\/noticiaempauta.com\/portal\/wp-json\/wp\/v2\/posts\/255553\/revisions\/255557"}],"wp:featuredmedia":[{"embeddable":true,"href":"https:\/\/noticiaempauta.com\/portal\/wp-json\/wp\/v2\/media\/255555"}],"wp:attachment":[{"href":"https:\/\/noticiaempauta.com\/portal\/wp-json\/wp\/v2\/media?parent=255553"}],"wp:term":[{"taxonomy":"category","embeddable":true,"href":"https:\/\/noticiaempauta.com\/portal\/wp-json\/wp\/v2\/categories?post=255553"},{"taxonomy":"post_tag","embeddable":true,"href":"https:\/\/noticiaempauta.com\/portal\/wp-json\/wp\/v2\/tags?post=255553"}],"curies":[{"name":"wp","href":"https:\/\/api.w.org\/{rel}","templated":true}]}}