{"id":255571,"date":"2024-03-07T09:03:42","date_gmt":"2024-03-07T12:03:42","guid":{"rendered":"https:\/\/noticiaempauta.com\/portal\/?p=255571"},"modified":"2024-03-07T09:03:44","modified_gmt":"2024-03-07T12:03:44","slug":"vacinacao-contra-gripe-e-antecipada-no-piaui-apos-aumento-de-casos","status":"publish","type":"post","link":"https:\/\/noticiaempauta.com\/portal\/vacinacao-contra-gripe-e-antecipada-no-piaui-apos-aumento-de-casos\/","title":{"rendered":"Vacina\u00e7\u00e3o contra gripe \u00e9 antecipada no Piau\u00ed ap\u00f3s aumento de casos"},"content":{"rendered":"\n<p>A Secretaria de Estado da Sa\u00fade (<strong>Sesapi<\/strong>) anunciou, nesta quarta-feira (6), que a\u00a0vacina\u00e7\u00e3o contra a gripe\u00a0no Piau\u00ed ser\u00e1 antecipada para este\u00a0m\u00eas de mar\u00e7o. A mudan\u00e7a se d\u00e1 em raz\u00e3o de uma recomenda\u00e7\u00e3o do\u00a0Minist\u00e9rio da Sa\u00fade\u00a0que apontou para um\u00a0aumento de casos\u00a0da circula\u00e7\u00e3o de\u00a0v\u00edrus respirat\u00f3rios\u00a0no pa\u00eds. A estimativa, segundo a Sesapi, \u00e9 imunizar 1.225.382 milh\u00f5es de pessoas no estado.<\/p>\n\n\n\n<figure class=\"wp-block-image size-full\"><img fetchpriority=\"high\" decoding=\"async\" width=\"770\" height=\"420\" src=\"https:\/\/noticiaempauta.com\/portal\/wp-content\/uploads\/2023\/06\/vacinacao-contra-gripe-centro-de-saude-tia-amancia-adao-de-souza-pbh-23_0.jpg\" alt=\"\" class=\"wp-image-247173\" srcset=\"https:\/\/noticiaempauta.com\/portal\/wp-content\/uploads\/2023\/06\/vacinacao-contra-gripe-centro-de-saude-tia-amancia-adao-de-souza-pbh-23_0.jpg 770w, https:\/\/noticiaempauta.com\/portal\/wp-content\/uploads\/2023\/06\/vacinacao-contra-gripe-centro-de-saude-tia-amancia-adao-de-souza-pbh-23_0-300x164.jpg 300w, https:\/\/noticiaempauta.com\/portal\/wp-content\/uploads\/2023\/06\/vacinacao-contra-gripe-centro-de-saude-tia-amancia-adao-de-souza-pbh-23_0-768x419.jpg 768w\" sizes=\"(max-width: 770px) 100vw, 770px\" \/><\/figure>\n\n\n\n<p>A antecipa\u00e7\u00e3o da vacina\u00e7\u00e3o faz parte da 26\u00b0 Campanha de Vacina\u00e7\u00e3o contra Influenza. Segundo as informa\u00e7\u00f5es, a partir do dia 25 de mar\u00e7o a popula\u00e7\u00e3o piauiense poder\u00e1 se deslocar para as Unidades B\u00e1sicas de Sa\u00fade (<a href=\"https:\/\/portalodia.com\/busca?q=UBS\" target=\"_blank\" rel=\"noreferrer noopener\"><strong>UBS<\/strong><\/a>) espalhadas pelo Piau\u00ed para que possam receber a\u00a0dose do imunizante.<\/p>\n\n\n\n<p>A coordenadora de imuniza\u00e7\u00e3o da Sesapi, B\u00e1rbara Pinheiro, destacou a import\u00e2ncia do Governo do Piau\u00ed antecipar a imuniza\u00e7\u00e3o contra a gripe. Para ela, a mudan\u00e7a ir\u00e1 acarretar uma maior quantidade de pessoas vacinadas contra o v\u00edrus.<\/p>\n\n\n\n<blockquote class=\"wp-block-quote is-layout-flow wp-block-quote-is-layout-flow\">\n<p>A vacina previne contra os v\u00edrus que come\u00e7am a circular no pa\u00eds a partir de abril. Por isso, a estrat\u00e9gia foi antecipar essa imuniza\u00e7\u00e3o. No Piau\u00ed, a Sesapi j\u00e1 est\u00e1 mobilizando os munic\u00edpios para o in\u00edcio da campanha e, assim, alcan\u00e7armos um n\u00famero maior de pessoas vacinadas<\/p>\n<\/blockquote>\n\n\n\n<p>B\u00e1rbara Pinheiro<em>Coordenadora de imuniza\u00e7\u00e3o da Sesapi<\/em><\/p>\n\n\n\n<h2 class=\"wp-block-heading\" id=\"h-publico-prioritario\">P\u00fablico priorit\u00e1rio<\/h2>\n\n\n\n<p>Toda a<strong>&nbsp;popula\u00e7\u00e3o piauiense<\/strong>&nbsp;est\u00e1 apta a receber a&nbsp;<strong>dose do imunizante contra o v\u00edrus da gripe<\/strong>. Entretanto, para manter um quadro de estabilidade e evitar uma escalada de casos do v\u00edrus, a Sesapi elencou alguns grupos priorit\u00e1rios que dever\u00e3o tomar a&nbsp;<strong>vacina contra a influenza<\/strong>. Confira:<\/p>\n\n\n\n<p>Crian\u00e7as de 6 meses a menores de 2 anos; crian\u00e7as ind\u00edgenas de 6 meses a menores de 9 anos; trabalhadores da Sa\u00fade; gestantes; pu\u00e9rperas; professores dos ensinos b\u00e1sico e superior; povos ind\u00edgenas; idosos com 60 anos ou mais; pessoas em situa\u00e7\u00e3o de rua; profissionais das for\u00e7as de seguran\u00e7a e de salvamento; profissionais das For\u00e7as Armadas; pessoas com doen\u00e7as cr\u00f4nicas n\u00e3o transmiss\u00edveis e outras condi\u00e7\u00f5es cl\u00ednicas especiais (independentemente da idade); pessoas com defici\u00eancia permanente; caminhoneiros; trabalhadores do transporte rodovi\u00e1rio coletivo (urbano e de longo curso); trabalhadores portu\u00e1rios; funcion\u00e1rios do sistema de priva\u00e7\u00e3o de liberdade; popula\u00e7\u00e3o privada de liberdade, al\u00e9m de adolescentes e jovens sob medidas socioeducativas (entre 12 e 21 anos).<\/p>\n\n\n\n<p>Crian\u00e7as que v\u00e3o receber o imunizante pela primeira vez dever\u00e3o tomar duas doses, com um intervalo de 30 dias.<\/p>\n\n\n\n<p>\u201cA vacina utilizada \u00e9 trivalente, ou seja, apresenta tr\u00eas tipos de cepas de v\u00edrus em combina\u00e7\u00e3o, protegendo contra os principais v\u00edrus em circula\u00e7\u00e3o no Brasil\u201d, destaca a superintendente de Aten\u00e7\u00e3o \u00e0 Sa\u00fade e Munic\u00edpios da Sesapi, Leila Santos.<\/p>\n\n\n\n<p><em>Fonte: Portal O Dia<\/em><\/p>\n","protected":false},"excerpt":{"rendered":"<p>A antecipa\u00e7\u00e3o da vacina\u00e7\u00e3o faz parte da 26\u00b0 Campanha de Vacina\u00e7\u00e3o contra Influenza.<\/p>\n","protected":false},"author":2,"featured_media":247173,"comment_status":"open","ping_status":"open","sticky":false,"template":"","format":"standard","meta":{"_mi_skip_tracking":false,"footnotes":""},"categories":[25,1,5,16],"tags":[192],"class_list":["post-255571","post","type-post","status-publish","format-standard","has-post-thumbnail","hentry","category-destaques-site","category-geral","category-saude","category-todas","tag-destaqueprincipal"],"acf":[],"yoast_head":"<!-- This site is optimized with the Yoast SEO Premium plugin v19.2 (Yoast SEO v26.9) - https:\/\/yoast.com\/product\/yoast-seo-premium-wordpress\/ -->\n<title>Vacina\u00e7\u00e3o contra gripe \u00e9 antecipada no Piau\u00ed ap\u00f3s aumento de casos - Portal Not\u00edcia em Pauta<\/title>\n<meta name=\"robots\" content=\"index, follow, max-snippet:-1, max-image-preview:large, max-video-preview:-1\" \/>\n<link rel=\"canonical\" href=\"https:\/\/noticiaempauta.com\/portal\/vacinacao-contra-gripe-e-antecipada-no-piaui-apos-aumento-de-casos\/\" \/>\n<meta property=\"og:locale\" content=\"pt_BR\" \/>\n<meta property=\"og:type\" content=\"article\" \/>\n<meta property=\"og:title\" content=\"Vacina\u00e7\u00e3o contra gripe \u00e9 antecipada no Piau\u00ed ap\u00f3s aumento de casos\" \/>\n<meta property=\"og:description\" content=\"A antecipa\u00e7\u00e3o da vacina\u00e7\u00e3o faz parte da 26\u00b0 Campanha de Vacina\u00e7\u00e3o contra Influenza.\" \/>\n<meta property=\"og:url\" content=\"https:\/\/noticiaempauta.com\/portal\/vacinacao-contra-gripe-e-antecipada-no-piaui-apos-aumento-de-casos\/\" \/>\n<meta property=\"og:site_name\" content=\"Portal Not\u00edcia em Pauta\" \/>\n<meta property=\"article:publisher\" content=\"https:\/\/www.facebook.com\/Portal-Notcia-Em-Pauta-102292869264820\/\" \/>\n<meta property=\"article:published_time\" content=\"2024-03-07T12:03:42+00:00\" \/>\n<meta property=\"article:modified_time\" content=\"2024-03-07T12:03:44+00:00\" \/>\n<meta property=\"og:image\" content=\"https:\/\/noticiaempauta.com\/portal\/wp-content\/uploads\/2023\/06\/vacinacao-contra-gripe-centro-de-saude-tia-amancia-adao-de-souza-pbh-23_0.jpg\" \/>\n\t<meta property=\"og:image:width\" content=\"770\" \/>\n\t<meta property=\"og:image:height\" content=\"420\" \/>\n\t<meta property=\"og:image:type\" content=\"image\/jpeg\" \/>\n<meta name=\"author\" content=\"Reda\u00e7\u00e3o\" \/>\n<meta name=\"twitter:card\" content=\"summary_large_image\" \/>\n<meta name=\"twitter:label1\" content=\"Escrito por\" \/>\n\t<meta name=\"twitter:data1\" content=\"Reda\u00e7\u00e3o\" \/>\n\t<meta name=\"twitter:label2\" content=\"Est. tempo de leitura\" \/>\n\t<meta name=\"twitter:data2\" content=\"3 minutos\" \/>\n<script type=\"application\/ld+json\" class=\"yoast-schema-graph\">{\"@context\":\"https:\/\/schema.org\",\"@graph\":[{\"@type\":\"Article\",\"@id\":\"https:\/\/noticiaempauta.com\/portal\/vacinacao-contra-gripe-e-antecipada-no-piaui-apos-aumento-de-casos\/#article\",\"isPartOf\":{\"@id\":\"https:\/\/noticiaempauta.com\/portal\/vacinacao-contra-gripe-e-antecipada-no-piaui-apos-aumento-de-casos\/\"},\"author\":{\"name\":\"Reda\u00e7\u00e3o\",\"@id\":\"https:\/\/noticiaempauta.com\/portal\/#\/schema\/person\/a74af43dd1ab3deca45f988c717d57ac\"},\"headline\":\"Vacina\u00e7\u00e3o contra gripe \u00e9 antecipada no Piau\u00ed ap\u00f3s aumento de casos\",\"datePublished\":\"2024-03-07T12:03:42+00:00\",\"dateModified\":\"2024-03-07T12:03:44+00:00\",\"mainEntityOfPage\":{\"@id\":\"https:\/\/noticiaempauta.com\/portal\/vacinacao-contra-gripe-e-antecipada-no-piaui-apos-aumento-de-casos\/\"},\"wordCount\":504,\"commentCount\":0,\"publisher\":{\"@id\":\"https:\/\/noticiaempauta.com\/portal\/#organization\"},\"image\":{\"@id\":\"https:\/\/noticiaempauta.com\/portal\/vacinacao-contra-gripe-e-antecipada-no-piaui-apos-aumento-de-casos\/#primaryimage\"},\"thumbnailUrl\":\"https:\/\/noticiaempauta.com\/portal\/wp-content\/uploads\/2023\/06\/vacinacao-contra-gripe-centro-de-saude-tia-amancia-adao-de-souza-pbh-23_0.jpg\",\"keywords\":[\"destaqueprincipal\"],\"articleSection\":[\"Destaques\",\"Geral\",\"Sa\u00fade\",\"Todas as Not\u00edcias\"],\"inLanguage\":\"pt-BR\",\"potentialAction\":[{\"@type\":\"CommentAction\",\"name\":\"Comment\",\"target\":[\"https:\/\/noticiaempauta.com\/portal\/vacinacao-contra-gripe-e-antecipada-no-piaui-apos-aumento-de-casos\/#respond\"]}]},{\"@type\":\"WebPage\",\"@id\":\"https:\/\/noticiaempauta.com\/portal\/vacinacao-contra-gripe-e-antecipada-no-piaui-apos-aumento-de-casos\/\",\"url\":\"https:\/\/noticiaempauta.com\/portal\/vacinacao-contra-gripe-e-antecipada-no-piaui-apos-aumento-de-casos\/\",\"name\":\"Vacina\u00e7\u00e3o contra gripe \u00e9 antecipada no Piau\u00ed ap\u00f3s aumento de casos - Portal Not\u00edcia em Pauta\",\"isPartOf\":{\"@id\":\"https:\/\/noticiaempauta.com\/portal\/#website\"},\"primaryImageOfPage\":{\"@id\":\"https:\/\/noticiaempauta.com\/portal\/vacinacao-contra-gripe-e-antecipada-no-piaui-apos-aumento-de-casos\/#primaryimage\"},\"image\":{\"@id\":\"https:\/\/noticiaempauta.com\/portal\/vacinacao-contra-gripe-e-antecipada-no-piaui-apos-aumento-de-casos\/#primaryimage\"},\"thumbnailUrl\":\"https:\/\/noticiaempauta.com\/portal\/wp-content\/uploads\/2023\/06\/vacinacao-contra-gripe-centro-de-saude-tia-amancia-adao-de-souza-pbh-23_0.jpg\",\"datePublished\":\"2024-03-07T12:03:42+00:00\",\"dateModified\":\"2024-03-07T12:03:44+00:00\",\"breadcrumb\":{\"@id\":\"https:\/\/noticiaempauta.com\/portal\/vacinacao-contra-gripe-e-antecipada-no-piaui-apos-aumento-de-casos\/#breadcrumb\"},\"inLanguage\":\"pt-BR\",\"potentialAction\":[{\"@type\":\"ReadAction\",\"target\":[\"https:\/\/noticiaempauta.com\/portal\/vacinacao-contra-gripe-e-antecipada-no-piaui-apos-aumento-de-casos\/\"]}]},{\"@type\":\"ImageObject\",\"inLanguage\":\"pt-BR\",\"@id\":\"https:\/\/noticiaempauta.com\/portal\/vacinacao-contra-gripe-e-antecipada-no-piaui-apos-aumento-de-casos\/#primaryimage\",\"url\":\"https:\/\/noticiaempauta.com\/portal\/wp-content\/uploads\/2023\/06\/vacinacao-contra-gripe-centro-de-saude-tia-amancia-adao-de-souza-pbh-23_0.jpg\",\"contentUrl\":\"https:\/\/noticiaempauta.com\/portal\/wp-content\/uploads\/2023\/06\/vacinacao-contra-gripe-centro-de-saude-tia-amancia-adao-de-souza-pbh-23_0.jpg\",\"width\":770,\"height\":420},{\"@type\":\"BreadcrumbList\",\"@id\":\"https:\/\/noticiaempauta.com\/portal\/vacinacao-contra-gripe-e-antecipada-no-piaui-apos-aumento-de-casos\/#breadcrumb\",\"itemListElement\":[{\"@type\":\"ListItem\",\"position\":1,\"name\":\"P\u00e1gina Inicial\",\"item\":\"https:\/\/noticiaempauta.com\/portal\/\"},{\"@type\":\"ListItem\",\"position\":2,\"name\":\"Destaques\",\"item\":\"https:\/\/noticiaempauta.com\/portal\/destaques-site\/\"},{\"@type\":\"ListItem\",\"position\":3,\"name\":\"Vacina\u00e7\u00e3o contra gripe \u00e9 antecipada no Piau\u00ed ap\u00f3s aumento de casos\"}]},{\"@type\":\"WebSite\",\"@id\":\"https:\/\/noticiaempauta.com\/portal\/#website\",\"url\":\"https:\/\/noticiaempauta.com\/portal\/\",\"name\":\"Portal Not\u00edcia em Pauta\",\"description\":\"Voc\u00ea bem informado\",\"publisher\":{\"@id\":\"https:\/\/noticiaempauta.com\/portal\/#organization\"},\"potentialAction\":[{\"@type\":\"SearchAction\",\"target\":{\"@type\":\"EntryPoint\",\"urlTemplate\":\"https:\/\/noticiaempauta.com\/portal\/?s={search_term_string}\"},\"query-input\":{\"@type\":\"PropertyValueSpecification\",\"valueRequired\":true,\"valueName\":\"search_term_string\"}}],\"inLanguage\":\"pt-BR\"},{\"@type\":\"Organization\",\"@id\":\"https:\/\/noticiaempauta.com\/portal\/#organization\",\"name\":\"Portal Not\u00edcia em Pauta\",\"url\":\"https:\/\/noticiaempauta.com\/portal\/\",\"logo\":{\"@type\":\"ImageObject\",\"inLanguage\":\"pt-BR\",\"@id\":\"https:\/\/noticiaempauta.com\/portal\/#\/schema\/logo\/image\/\",\"url\":\"https:\/\/noticiaempauta.com\/portal\/wp-content\/uploads\/2022\/08\/logomarca_tema.fw_.png\",\"contentUrl\":\"https:\/\/noticiaempauta.com\/portal\/wp-content\/uploads\/2022\/08\/logomarca_tema.fw_.png\",\"width\":400,\"height\":232,\"caption\":\"Portal Not\u00edcia em Pauta\"},\"image\":{\"@id\":\"https:\/\/noticiaempauta.com\/portal\/#\/schema\/logo\/image\/\"},\"sameAs\":[\"https:\/\/www.facebook.com\/Portal-Notcia-Em-Pauta-102292869264820\/\",\"https:\/\/www.instagram.com\/portalnoticiaempauta\/\"]},{\"@type\":\"Person\",\"@id\":\"https:\/\/noticiaempauta.com\/portal\/#\/schema\/person\/a74af43dd1ab3deca45f988c717d57ac\",\"name\":\"Reda\u00e7\u00e3o\",\"image\":{\"@type\":\"ImageObject\",\"inLanguage\":\"pt-BR\",\"@id\":\"https:\/\/noticiaempauta.com\/portal\/#\/schema\/person\/image\/\",\"url\":\"https:\/\/secure.gravatar.com\/avatar\/03179346ecce6cdfc13361603e8f54242a90e5cde8618fa23c5c00aa2b0aadf3?s=96&d=mm&r=g\",\"contentUrl\":\"https:\/\/secure.gravatar.com\/avatar\/03179346ecce6cdfc13361603e8f54242a90e5cde8618fa23c5c00aa2b0aadf3?s=96&d=mm&r=g\",\"caption\":\"Reda\u00e7\u00e3o\"},\"sameAs\":[\"https:\/\/noticiaempauta.com\/portal\/\"],\"url\":\"https:\/\/noticiaempauta.com\/portal\/author\/fernando\/\"}]}<\/script>\n<!-- \/ Yoast SEO Premium plugin. -->","yoast_head_json":{"title":"Vacina\u00e7\u00e3o contra gripe \u00e9 antecipada no Piau\u00ed ap\u00f3s aumento de casos - Portal Not\u00edcia em Pauta","robots":{"index":"index","follow":"follow","max-snippet":"max-snippet:-1","max-image-preview":"max-image-preview:large","max-video-preview":"max-video-preview:-1"},"canonical":"https:\/\/noticiaempauta.com\/portal\/vacinacao-contra-gripe-e-antecipada-no-piaui-apos-aumento-de-casos\/","og_locale":"pt_BR","og_type":"article","og_title":"Vacina\u00e7\u00e3o contra gripe \u00e9 antecipada no Piau\u00ed ap\u00f3s aumento de casos","og_description":"A antecipa\u00e7\u00e3o da vacina\u00e7\u00e3o faz parte da 26\u00b0 Campanha de Vacina\u00e7\u00e3o contra Influenza.","og_url":"https:\/\/noticiaempauta.com\/portal\/vacinacao-contra-gripe-e-antecipada-no-piaui-apos-aumento-de-casos\/","og_site_name":"Portal Not\u00edcia em Pauta","article_publisher":"https:\/\/www.facebook.com\/Portal-Notcia-Em-Pauta-102292869264820\/","article_published_time":"2024-03-07T12:03:42+00:00","article_modified_time":"2024-03-07T12:03:44+00:00","og_image":[{"width":770,"height":420,"url":"https:\/\/noticiaempauta.com\/portal\/wp-content\/uploads\/2023\/06\/vacinacao-contra-gripe-centro-de-saude-tia-amancia-adao-de-souza-pbh-23_0.jpg","type":"image\/jpeg"}],"author":"Reda\u00e7\u00e3o","twitter_card":"summary_large_image","twitter_misc":{"Escrito por":"Reda\u00e7\u00e3o","Est. tempo de leitura":"3 minutos"},"schema":{"@context":"https:\/\/schema.org","@graph":[{"@type":"Article","@id":"https:\/\/noticiaempauta.com\/portal\/vacinacao-contra-gripe-e-antecipada-no-piaui-apos-aumento-de-casos\/#article","isPartOf":{"@id":"https:\/\/noticiaempauta.com\/portal\/vacinacao-contra-gripe-e-antecipada-no-piaui-apos-aumento-de-casos\/"},"author":{"name":"Reda\u00e7\u00e3o","@id":"https:\/\/noticiaempauta.com\/portal\/#\/schema\/person\/a74af43dd1ab3deca45f988c717d57ac"},"headline":"Vacina\u00e7\u00e3o contra gripe \u00e9 antecipada no Piau\u00ed ap\u00f3s aumento de casos","datePublished":"2024-03-07T12:03:42+00:00","dateModified":"2024-03-07T12:03:44+00:00","mainEntityOfPage":{"@id":"https:\/\/noticiaempauta.com\/portal\/vacinacao-contra-gripe-e-antecipada-no-piaui-apos-aumento-de-casos\/"},"wordCount":504,"commentCount":0,"publisher":{"@id":"https:\/\/noticiaempauta.com\/portal\/#organization"},"image":{"@id":"https:\/\/noticiaempauta.com\/portal\/vacinacao-contra-gripe-e-antecipada-no-piaui-apos-aumento-de-casos\/#primaryimage"},"thumbnailUrl":"https:\/\/noticiaempauta.com\/portal\/wp-content\/uploads\/2023\/06\/vacinacao-contra-gripe-centro-de-saude-tia-amancia-adao-de-souza-pbh-23_0.jpg","keywords":["destaqueprincipal"],"articleSection":["Destaques","Geral","Sa\u00fade","Todas as Not\u00edcias"],"inLanguage":"pt-BR","potentialAction":[{"@type":"CommentAction","name":"Comment","target":["https:\/\/noticiaempauta.com\/portal\/vacinacao-contra-gripe-e-antecipada-no-piaui-apos-aumento-de-casos\/#respond"]}]},{"@type":"WebPage","@id":"https:\/\/noticiaempauta.com\/portal\/vacinacao-contra-gripe-e-antecipada-no-piaui-apos-aumento-de-casos\/","url":"https:\/\/noticiaempauta.com\/portal\/vacinacao-contra-gripe-e-antecipada-no-piaui-apos-aumento-de-casos\/","name":"Vacina\u00e7\u00e3o contra gripe \u00e9 antecipada no Piau\u00ed ap\u00f3s aumento de casos - Portal Not\u00edcia em Pauta","isPartOf":{"@id":"https:\/\/noticiaempauta.com\/portal\/#website"},"primaryImageOfPage":{"@id":"https:\/\/noticiaempauta.com\/portal\/vacinacao-contra-gripe-e-antecipada-no-piaui-apos-aumento-de-casos\/#primaryimage"},"image":{"@id":"https:\/\/noticiaempauta.com\/portal\/vacinacao-contra-gripe-e-antecipada-no-piaui-apos-aumento-de-casos\/#primaryimage"},"thumbnailUrl":"https:\/\/noticiaempauta.com\/portal\/wp-content\/uploads\/2023\/06\/vacinacao-contra-gripe-centro-de-saude-tia-amancia-adao-de-souza-pbh-23_0.jpg","datePublished":"2024-03-07T12:03:42+00:00","dateModified":"2024-03-07T12:03:44+00:00","breadcrumb":{"@id":"https:\/\/noticiaempauta.com\/portal\/vacinacao-contra-gripe-e-antecipada-no-piaui-apos-aumento-de-casos\/#breadcrumb"},"inLanguage":"pt-BR","potentialAction":[{"@type":"ReadAction","target":["https:\/\/noticiaempauta.com\/portal\/vacinacao-contra-gripe-e-antecipada-no-piaui-apos-aumento-de-casos\/"]}]},{"@type":"ImageObject","inLanguage":"pt-BR","@id":"https:\/\/noticiaempauta.com\/portal\/vacinacao-contra-gripe-e-antecipada-no-piaui-apos-aumento-de-casos\/#primaryimage","url":"https:\/\/noticiaempauta.com\/portal\/wp-content\/uploads\/2023\/06\/vacinacao-contra-gripe-centro-de-saude-tia-amancia-adao-de-souza-pbh-23_0.jpg","contentUrl":"https:\/\/noticiaempauta.com\/portal\/wp-content\/uploads\/2023\/06\/vacinacao-contra-gripe-centro-de-saude-tia-amancia-adao-de-souza-pbh-23_0.jpg","width":770,"height":420},{"@type":"BreadcrumbList","@id":"https:\/\/noticiaempauta.com\/portal\/vacinacao-contra-gripe-e-antecipada-no-piaui-apos-aumento-de-casos\/#breadcrumb","itemListElement":[{"@type":"ListItem","position":1,"name":"P\u00e1gina Inicial","item":"https:\/\/noticiaempauta.com\/portal\/"},{"@type":"ListItem","position":2,"name":"Destaques","item":"https:\/\/noticiaempauta.com\/portal\/destaques-site\/"},{"@type":"ListItem","position":3,"name":"Vacina\u00e7\u00e3o contra gripe \u00e9 antecipada no Piau\u00ed ap\u00f3s aumento de casos"}]},{"@type":"WebSite","@id":"https:\/\/noticiaempauta.com\/portal\/#website","url":"https:\/\/noticiaempauta.com\/portal\/","name":"Portal Not\u00edcia em Pauta","description":"Voc\u00ea bem informado","publisher":{"@id":"https:\/\/noticiaempauta.com\/portal\/#organization"},"potentialAction":[{"@type":"SearchAction","target":{"@type":"EntryPoint","urlTemplate":"https:\/\/noticiaempauta.com\/portal\/?s={search_term_string}"},"query-input":{"@type":"PropertyValueSpecification","valueRequired":true,"valueName":"search_term_string"}}],"inLanguage":"pt-BR"},{"@type":"Organization","@id":"https:\/\/noticiaempauta.com\/portal\/#organization","name":"Portal Not\u00edcia em Pauta","url":"https:\/\/noticiaempauta.com\/portal\/","logo":{"@type":"ImageObject","inLanguage":"pt-BR","@id":"https:\/\/noticiaempauta.com\/portal\/#\/schema\/logo\/image\/","url":"https:\/\/noticiaempauta.com\/portal\/wp-content\/uploads\/2022\/08\/logomarca_tema.fw_.png","contentUrl":"https:\/\/noticiaempauta.com\/portal\/wp-content\/uploads\/2022\/08\/logomarca_tema.fw_.png","width":400,"height":232,"caption":"Portal Not\u00edcia em Pauta"},"image":{"@id":"https:\/\/noticiaempauta.com\/portal\/#\/schema\/logo\/image\/"},"sameAs":["https:\/\/www.facebook.com\/Portal-Notcia-Em-Pauta-102292869264820\/","https:\/\/www.instagram.com\/portalnoticiaempauta\/"]},{"@type":"Person","@id":"https:\/\/noticiaempauta.com\/portal\/#\/schema\/person\/a74af43dd1ab3deca45f988c717d57ac","name":"Reda\u00e7\u00e3o","image":{"@type":"ImageObject","inLanguage":"pt-BR","@id":"https:\/\/noticiaempauta.com\/portal\/#\/schema\/person\/image\/","url":"https:\/\/secure.gravatar.com\/avatar\/03179346ecce6cdfc13361603e8f54242a90e5cde8618fa23c5c00aa2b0aadf3?s=96&d=mm&r=g","contentUrl":"https:\/\/secure.gravatar.com\/avatar\/03179346ecce6cdfc13361603e8f54242a90e5cde8618fa23c5c00aa2b0aadf3?s=96&d=mm&r=g","caption":"Reda\u00e7\u00e3o"},"sameAs":["https:\/\/noticiaempauta.com\/portal\/"],"url":"https:\/\/noticiaempauta.com\/portal\/author\/fernando\/"}]}},"_links":{"self":[{"href":"https:\/\/noticiaempauta.com\/portal\/wp-json\/wp\/v2\/posts\/255571","targetHints":{"allow":["GET"]}}],"collection":[{"href":"https:\/\/noticiaempauta.com\/portal\/wp-json\/wp\/v2\/posts"}],"about":[{"href":"https:\/\/noticiaempauta.com\/portal\/wp-json\/wp\/v2\/types\/post"}],"author":[{"embeddable":true,"href":"https:\/\/noticiaempauta.com\/portal\/wp-json\/wp\/v2\/users\/2"}],"replies":[{"embeddable":true,"href":"https:\/\/noticiaempauta.com\/portal\/wp-json\/wp\/v2\/comments?post=255571"}],"version-history":[{"count":2,"href":"https:\/\/noticiaempauta.com\/portal\/wp-json\/wp\/v2\/posts\/255571\/revisions"}],"predecessor-version":[{"id":255574,"href":"https:\/\/noticiaempauta.com\/portal\/wp-json\/wp\/v2\/posts\/255571\/revisions\/255574"}],"wp:featuredmedia":[{"embeddable":true,"href":"https:\/\/noticiaempauta.com\/portal\/wp-json\/wp\/v2\/media\/247173"}],"wp:attachment":[{"href":"https:\/\/noticiaempauta.com\/portal\/wp-json\/wp\/v2\/media?parent=255571"}],"wp:term":[{"taxonomy":"category","embeddable":true,"href":"https:\/\/noticiaempauta.com\/portal\/wp-json\/wp\/v2\/categories?post=255571"},{"taxonomy":"post_tag","embeddable":true,"href":"https:\/\/noticiaempauta.com\/portal\/wp-json\/wp\/v2\/tags?post=255571"}],"curies":[{"name":"wp","href":"https:\/\/api.w.org\/{rel}","templated":true}]}}