{"id":255600,"date":"2024-03-08T08:51:59","date_gmt":"2024-03-08T11:51:59","guid":{"rendered":"https:\/\/noticiaempauta.com\/portal\/?p=255600"},"modified":"2024-03-08T08:52:01","modified_gmt":"2024-03-08T11:52:01","slug":"fim-da-reeleicao-so-aconteceria-em-2028-explica-marcelo-castro-sobre-reforma-eleitoral","status":"publish","type":"post","link":"https:\/\/noticiaempauta.com\/portal\/fim-da-reeleicao-so-aconteceria-em-2028-explica-marcelo-castro-sobre-reforma-eleitoral\/","title":{"rendered":"Fim da reelei\u00e7\u00e3o s\u00f3 aconteceria em 2028, explica Marcelo Castro sobre reforma eleitoral"},"content":{"rendered":"\n<p>O senador&nbsp;<strong>Marcelo Castro<\/strong>&nbsp;(MDB), relator das&nbsp;<strong>PECs que prop\u00f5em o fim da reelei\u00e7\u00e3o no Brasil<\/strong>, explicou nesta quinta-feira (7) que os efeitos da medida, em caso de aprova\u00e7\u00e3o no Congresso Nacional, s\u00f3 passaria a vigorar a partir dos mandatos de 2028 para os prefeitos e vereadores e 2030 para governadores, deputados e presidente da Rep\u00fablica.<\/p>\n\n\n\n<p>\u201cA nossa proposta, embora possa viger em 2026, ela s\u00f3 vai ter efeito para 2028 e 2030. Ela n\u00e3o mexe nem com o direito adquirido nem com a expectativa de direito. Os prefeitos e vereadores que ser\u00e3o eleitos agora em 2024 ser\u00e3o eleitos com as regras atuais, os deputados, governadores e presidente da Rep\u00fablica que forem eleitos em 2026 ser\u00e3o eleitos com as regras atuais. Agora, em 2028 \u00e9 que agente coloca o mandato de cinco anos para os prefeitos e a partir de 2030 para governadores\u201d, disse.\u00a0<\/p>\n\n\n\n<p>O parlamentar piauiense criticou o artificio da\u00a0<strong>reelei\u00e7\u00e3o aprovado em 1977<\/strong>. Para ele, a possibilidade de concorrer ao segundo mandato desequilibra a disputa por abuso do poder econ\u00f4mico e ainda pela visibilidade natural que o cargo proporciona.<\/p>\n\n\n\n<p>\u201cA aprova\u00e7\u00e3o da reelei\u00e7\u00e3o no Brasil foi uma coisa muito for\u00e7ada, teve perda de mandado por compra de voto. Ent\u00e3o, desde l\u00e1 se apresentam proposta de emenda constitucional no Congresso Nacional para p\u00f4r fim a reelei\u00e7\u00e3o. Isso foi um grande malef\u00edcio ao Brasil e que nunca dever\u00edamos ter institu\u00eddo.\u201d, declarou.<\/p>\n\n\n\n<p>Marcelo Castro comentou ainda a proposta de coincid\u00eancia das elei\u00e7\u00f5es, que est\u00e1 presente em duas das tr\u00eas PECs que ser\u00e3o apresentadas para os congressistas. O piauiense avaliou que a coincid\u00eancia tem mais diverg\u00eancias do que o fim da reelei\u00e7\u00e3o e o mandato de cinco anos.<\/p>\n\n\n\n<p><strong>Primeira PEC<\/strong><\/p>\n\n\n\n<p>&#8220;A primeira n\u00e3o traz a coincid\u00eancia de elei\u00e7\u00f5es. Ent\u00e3o, os prefeitos eleitos pela primeira vez em 2024 teriam direito \u00e0 reelei\u00e7\u00e3o em 2028, e a reelei\u00e7\u00e3o j\u00e1 seria por cinco anos. A partir da\u00ed, ele n\u00e3o teria mais direito a reelei\u00e7\u00e3o. O mandato dele terminaria em 2033. O governador eleito em 2026 teria mandato de quatro anos e teria direito a uma reelei\u00e7\u00e3o por cinco anos. O mandato dele terminaria em 2035. E como ficariam as elei\u00e7\u00f5es no Brasil? Em 2030, elei\u00e7\u00f5es gerais para governador, presidente, senador, deputado estadual e deputado federal. Em 2033, elei\u00e7\u00f5es municipais de prefeito e vereador. Em 2035, elei\u00e7\u00f5es gerais. Em 2038, elei\u00e7\u00f5es municipais. Entre a elei\u00e7\u00e3o geral e a municipal, tr\u00eas anos. Entre a municipal e a geral, dois anos. Essa PEC p\u00f5e fim \u00e0 reelei\u00e7\u00e3o e coloca o mandato de cinco anos, mas n\u00e3o traz a coincid\u00eancias das elei\u00e7\u00f5es. Por que estou fazendo isso? Porque sinto que h\u00e1 um consenso maior sobre o fim da reelei\u00e7\u00e3o e o mandato de cinco anos, mas um consenso menor sobre a coincid\u00eancia de elei\u00e7\u00f5es.&#8221;<\/p>\n\n\n\n<p><strong>Segunda PEC<\/strong><\/p>\n\n\n\n<p>&#8220;Estamos apresentando outras duas PECs que tratam da coincid\u00eancia de elei\u00e7\u00f5es. Pela primeira, haveria um &#8216;mandato tamp\u00e3o&#8217; de dois anos em 2028. Ou seja: quem for eleito pela primeira vez em 2024 teria mandato at\u00e9 2028. Em 2028, ele teria o direito de ir para reelei\u00e7\u00e3o por dois anos. Se fosse eleito, seriam quatro anos mais dois: seis anos. A pessoa eleita pela primeira vez em 2028 teria um &#8216;mandato tamp\u00e3o&#8217; de dois anos. Em 2030, haveria a coincid\u00eancia de elei\u00e7\u00f5es, e ela seria reeleita para um mandato de cinco anos. Dois anos mais cinco, sete anos. \u00c9 uma alternativa. Em 2030, ter\u00edamos a coincid\u00eancia das elei\u00e7\u00f5es no Brasil. Elas se dariam todas num dia s\u00f3, num ano s\u00f3: 2030, 2035, 2040, 2045&#8230; Para todo mundo, de uma vez s\u00f3.&#8221;<\/p>\n\n\n\n<p><strong>Terceira PEC<\/strong><\/p>\n\n\n\n<p>&#8220;Na outra alternativa para a coincid\u00eancia das elei\u00e7\u00f5es, n\u00e3o haveria o &#8216;mandato tamp\u00e3o&#8217; de dois anos. Em 2028, o prefeito seria eleito para seis anos. Ent\u00e3o, terminaria em 2034. O governador eleito em 2026 teria uma reelei\u00e7\u00e3o em 2030. Ele poderia ser reeleito at\u00e9 2034. Ent\u00e3o, as elei\u00e7\u00f5es coincidiriam em 2034. A partir de 2034, haveria elei\u00e7\u00e3o geral em 2039, 2044, 2049 e assim por diante. S\u00e3o duas alternativas de coincid\u00eancia. Fica a gosto do fregu\u00eas&#8221;.<\/p>\n\n\n\n<p><em>Portal O Dia |Ag\u00eancia Senado<\/em><\/p>\n","protected":false},"excerpt":{"rendered":"<p>O piauiense avaliou que a coincid\u00eancia das elei\u00e7\u00f5es tem mais diverg\u00eancias do que o fim da reelei\u00e7\u00e3o e o mandato de cinco anos.<\/p>\n","protected":false},"author":2,"featured_media":255602,"comment_status":"open","ping_status":"open","sticky":false,"template":"","format":"standard","meta":{"_mi_skip_tracking":false,"footnotes":""},"categories":[25,1,3,16],"tags":[192],"class_list":["post-255600","post","type-post","status-publish","format-standard","has-post-thumbnail","hentry","category-destaques-site","category-geral","category-politica","category-todas","tag-destaqueprincipal"],"acf":[],"yoast_head":"<!-- This site is optimized with the Yoast SEO Premium plugin v19.2 (Yoast SEO v26.9) - https:\/\/yoast.com\/product\/yoast-seo-premium-wordpress\/ -->\n<title>Fim da reelei\u00e7\u00e3o s\u00f3 aconteceria em 2028, explica Marcelo Castro sobre reforma eleitoral - Portal Not\u00edcia em Pauta<\/title>\n<meta name=\"robots\" content=\"index, follow, max-snippet:-1, max-image-preview:large, max-video-preview:-1\" \/>\n<link rel=\"canonical\" href=\"https:\/\/noticiaempauta.com\/portal\/fim-da-reeleicao-so-aconteceria-em-2028-explica-marcelo-castro-sobre-reforma-eleitoral\/\" \/>\n<meta property=\"og:locale\" content=\"pt_BR\" \/>\n<meta property=\"og:type\" content=\"article\" \/>\n<meta property=\"og:title\" content=\"Fim da reelei\u00e7\u00e3o s\u00f3 aconteceria em 2028, explica Marcelo Castro sobre reforma eleitoral\" \/>\n<meta property=\"og:description\" content=\"O piauiense avaliou que a coincid\u00eancia das elei\u00e7\u00f5es tem mais diverg\u00eancias do que o fim da reelei\u00e7\u00e3o e o mandato de cinco anos.\" \/>\n<meta property=\"og:url\" content=\"https:\/\/noticiaempauta.com\/portal\/fim-da-reeleicao-so-aconteceria-em-2028-explica-marcelo-castro-sobre-reforma-eleitoral\/\" \/>\n<meta property=\"og:site_name\" content=\"Portal Not\u00edcia em Pauta\" \/>\n<meta property=\"article:publisher\" content=\"https:\/\/www.facebook.com\/Portal-Notcia-Em-Pauta-102292869264820\/\" \/>\n<meta property=\"article:published_time\" content=\"2024-03-08T11:51:59+00:00\" \/>\n<meta property=\"article:modified_time\" content=\"2024-03-08T11:52:01+00:00\" \/>\n<meta property=\"og:image\" content=\"https:\/\/noticiaempauta.com\/portal\/wp-content\/uploads\/2024\/03\/53569702655_4359c2786d_o.webp\" \/>\n\t<meta property=\"og:image:width\" content=\"1220\" \/>\n\t<meta property=\"og:image:height\" content=\"674\" \/>\n\t<meta property=\"og:image:type\" content=\"image\/webp\" \/>\n<meta name=\"author\" content=\"Reda\u00e7\u00e3o\" \/>\n<meta name=\"twitter:card\" content=\"summary_large_image\" \/>\n<meta name=\"twitter:label1\" content=\"Escrito por\" \/>\n\t<meta name=\"twitter:data1\" content=\"Reda\u00e7\u00e3o\" \/>\n\t<meta name=\"twitter:label2\" content=\"Est. tempo de leitura\" \/>\n\t<meta name=\"twitter:data2\" content=\"4 minutos\" \/>\n<script type=\"application\/ld+json\" class=\"yoast-schema-graph\">{\"@context\":\"https:\/\/schema.org\",\"@graph\":[{\"@type\":\"Article\",\"@id\":\"https:\/\/noticiaempauta.com\/portal\/fim-da-reeleicao-so-aconteceria-em-2028-explica-marcelo-castro-sobre-reforma-eleitoral\/#article\",\"isPartOf\":{\"@id\":\"https:\/\/noticiaempauta.com\/portal\/fim-da-reeleicao-so-aconteceria-em-2028-explica-marcelo-castro-sobre-reforma-eleitoral\/\"},\"author\":{\"name\":\"Reda\u00e7\u00e3o\",\"@id\":\"https:\/\/noticiaempauta.com\/portal\/#\/schema\/person\/a74af43dd1ab3deca45f988c717d57ac\"},\"headline\":\"Fim da reelei\u00e7\u00e3o s\u00f3 aconteceria em 2028, explica Marcelo Castro sobre reforma eleitoral\",\"datePublished\":\"2024-03-08T11:51:59+00:00\",\"dateModified\":\"2024-03-08T11:52:01+00:00\",\"mainEntityOfPage\":{\"@id\":\"https:\/\/noticiaempauta.com\/portal\/fim-da-reeleicao-so-aconteceria-em-2028-explica-marcelo-castro-sobre-reforma-eleitoral\/\"},\"wordCount\":715,\"commentCount\":0,\"publisher\":{\"@id\":\"https:\/\/noticiaempauta.com\/portal\/#organization\"},\"image\":{\"@id\":\"https:\/\/noticiaempauta.com\/portal\/fim-da-reeleicao-so-aconteceria-em-2028-explica-marcelo-castro-sobre-reforma-eleitoral\/#primaryimage\"},\"thumbnailUrl\":\"https:\/\/noticiaempauta.com\/portal\/wp-content\/uploads\/2024\/03\/53569702655_4359c2786d_o.webp\",\"keywords\":[\"destaqueprincipal\"],\"articleSection\":[\"Destaques\",\"Geral\",\"Pol\u00edtica\",\"Todas as Not\u00edcias\"],\"inLanguage\":\"pt-BR\",\"potentialAction\":[{\"@type\":\"CommentAction\",\"name\":\"Comment\",\"target\":[\"https:\/\/noticiaempauta.com\/portal\/fim-da-reeleicao-so-aconteceria-em-2028-explica-marcelo-castro-sobre-reforma-eleitoral\/#respond\"]}]},{\"@type\":\"WebPage\",\"@id\":\"https:\/\/noticiaempauta.com\/portal\/fim-da-reeleicao-so-aconteceria-em-2028-explica-marcelo-castro-sobre-reforma-eleitoral\/\",\"url\":\"https:\/\/noticiaempauta.com\/portal\/fim-da-reeleicao-so-aconteceria-em-2028-explica-marcelo-castro-sobre-reforma-eleitoral\/\",\"name\":\"Fim da reelei\u00e7\u00e3o s\u00f3 aconteceria em 2028, explica Marcelo Castro sobre reforma eleitoral - Portal Not\u00edcia em Pauta\",\"isPartOf\":{\"@id\":\"https:\/\/noticiaempauta.com\/portal\/#website\"},\"primaryImageOfPage\":{\"@id\":\"https:\/\/noticiaempauta.com\/portal\/fim-da-reeleicao-so-aconteceria-em-2028-explica-marcelo-castro-sobre-reforma-eleitoral\/#primaryimage\"},\"image\":{\"@id\":\"https:\/\/noticiaempauta.com\/portal\/fim-da-reeleicao-so-aconteceria-em-2028-explica-marcelo-castro-sobre-reforma-eleitoral\/#primaryimage\"},\"thumbnailUrl\":\"https:\/\/noticiaempauta.com\/portal\/wp-content\/uploads\/2024\/03\/53569702655_4359c2786d_o.webp\",\"datePublished\":\"2024-03-08T11:51:59+00:00\",\"dateModified\":\"2024-03-08T11:52:01+00:00\",\"breadcrumb\":{\"@id\":\"https:\/\/noticiaempauta.com\/portal\/fim-da-reeleicao-so-aconteceria-em-2028-explica-marcelo-castro-sobre-reforma-eleitoral\/#breadcrumb\"},\"inLanguage\":\"pt-BR\",\"potentialAction\":[{\"@type\":\"ReadAction\",\"target\":[\"https:\/\/noticiaempauta.com\/portal\/fim-da-reeleicao-so-aconteceria-em-2028-explica-marcelo-castro-sobre-reforma-eleitoral\/\"]}]},{\"@type\":\"ImageObject\",\"inLanguage\":\"pt-BR\",\"@id\":\"https:\/\/noticiaempauta.com\/portal\/fim-da-reeleicao-so-aconteceria-em-2028-explica-marcelo-castro-sobre-reforma-eleitoral\/#primaryimage\",\"url\":\"https:\/\/noticiaempauta.com\/portal\/wp-content\/uploads\/2024\/03\/53569702655_4359c2786d_o.webp\",\"contentUrl\":\"https:\/\/noticiaempauta.com\/portal\/wp-content\/uploads\/2024\/03\/53569702655_4359c2786d_o.webp\",\"width\":1220,\"height\":674,\"caption\":\"Foto: Reprodu\u00e7\u00e3o\"},{\"@type\":\"BreadcrumbList\",\"@id\":\"https:\/\/noticiaempauta.com\/portal\/fim-da-reeleicao-so-aconteceria-em-2028-explica-marcelo-castro-sobre-reforma-eleitoral\/#breadcrumb\",\"itemListElement\":[{\"@type\":\"ListItem\",\"position\":1,\"name\":\"P\u00e1gina Inicial\",\"item\":\"https:\/\/noticiaempauta.com\/portal\/\"},{\"@type\":\"ListItem\",\"position\":2,\"name\":\"Destaques\",\"item\":\"https:\/\/noticiaempauta.com\/portal\/destaques-site\/\"},{\"@type\":\"ListItem\",\"position\":3,\"name\":\"Fim da reelei\u00e7\u00e3o s\u00f3 aconteceria em 2028, explica Marcelo Castro sobre reforma eleitoral\"}]},{\"@type\":\"WebSite\",\"@id\":\"https:\/\/noticiaempauta.com\/portal\/#website\",\"url\":\"https:\/\/noticiaempauta.com\/portal\/\",\"name\":\"Portal Not\u00edcia em Pauta\",\"description\":\"Voc\u00ea bem informado\",\"publisher\":{\"@id\":\"https:\/\/noticiaempauta.com\/portal\/#organization\"},\"potentialAction\":[{\"@type\":\"SearchAction\",\"target\":{\"@type\":\"EntryPoint\",\"urlTemplate\":\"https:\/\/noticiaempauta.com\/portal\/?s={search_term_string}\"},\"query-input\":{\"@type\":\"PropertyValueSpecification\",\"valueRequired\":true,\"valueName\":\"search_term_string\"}}],\"inLanguage\":\"pt-BR\"},{\"@type\":\"Organization\",\"@id\":\"https:\/\/noticiaempauta.com\/portal\/#organization\",\"name\":\"Portal Not\u00edcia em Pauta\",\"url\":\"https:\/\/noticiaempauta.com\/portal\/\",\"logo\":{\"@type\":\"ImageObject\",\"inLanguage\":\"pt-BR\",\"@id\":\"https:\/\/noticiaempauta.com\/portal\/#\/schema\/logo\/image\/\",\"url\":\"https:\/\/noticiaempauta.com\/portal\/wp-content\/uploads\/2022\/08\/logomarca_tema.fw_.png\",\"contentUrl\":\"https:\/\/noticiaempauta.com\/portal\/wp-content\/uploads\/2022\/08\/logomarca_tema.fw_.png\",\"width\":400,\"height\":232,\"caption\":\"Portal Not\u00edcia em Pauta\"},\"image\":{\"@id\":\"https:\/\/noticiaempauta.com\/portal\/#\/schema\/logo\/image\/\"},\"sameAs\":[\"https:\/\/www.facebook.com\/Portal-Notcia-Em-Pauta-102292869264820\/\",\"https:\/\/www.instagram.com\/portalnoticiaempauta\/\"]},{\"@type\":\"Person\",\"@id\":\"https:\/\/noticiaempauta.com\/portal\/#\/schema\/person\/a74af43dd1ab3deca45f988c717d57ac\",\"name\":\"Reda\u00e7\u00e3o\",\"image\":{\"@type\":\"ImageObject\",\"inLanguage\":\"pt-BR\",\"@id\":\"https:\/\/noticiaempauta.com\/portal\/#\/schema\/person\/image\/\",\"url\":\"https:\/\/secure.gravatar.com\/avatar\/03179346ecce6cdfc13361603e8f54242a90e5cde8618fa23c5c00aa2b0aadf3?s=96&d=mm&r=g\",\"contentUrl\":\"https:\/\/secure.gravatar.com\/avatar\/03179346ecce6cdfc13361603e8f54242a90e5cde8618fa23c5c00aa2b0aadf3?s=96&d=mm&r=g\",\"caption\":\"Reda\u00e7\u00e3o\"},\"sameAs\":[\"https:\/\/noticiaempauta.com\/portal\/\"],\"url\":\"https:\/\/noticiaempauta.com\/portal\/author\/fernando\/\"}]}<\/script>\n<!-- \/ Yoast SEO Premium plugin. -->","yoast_head_json":{"title":"Fim da reelei\u00e7\u00e3o s\u00f3 aconteceria em 2028, explica Marcelo Castro sobre reforma eleitoral - Portal Not\u00edcia em Pauta","robots":{"index":"index","follow":"follow","max-snippet":"max-snippet:-1","max-image-preview":"max-image-preview:large","max-video-preview":"max-video-preview:-1"},"canonical":"https:\/\/noticiaempauta.com\/portal\/fim-da-reeleicao-so-aconteceria-em-2028-explica-marcelo-castro-sobre-reforma-eleitoral\/","og_locale":"pt_BR","og_type":"article","og_title":"Fim da reelei\u00e7\u00e3o s\u00f3 aconteceria em 2028, explica Marcelo Castro sobre reforma eleitoral","og_description":"O piauiense avaliou que a coincid\u00eancia das elei\u00e7\u00f5es tem mais diverg\u00eancias do que o fim da reelei\u00e7\u00e3o e o mandato de cinco anos.","og_url":"https:\/\/noticiaempauta.com\/portal\/fim-da-reeleicao-so-aconteceria-em-2028-explica-marcelo-castro-sobre-reforma-eleitoral\/","og_site_name":"Portal Not\u00edcia em Pauta","article_publisher":"https:\/\/www.facebook.com\/Portal-Notcia-Em-Pauta-102292869264820\/","article_published_time":"2024-03-08T11:51:59+00:00","article_modified_time":"2024-03-08T11:52:01+00:00","og_image":[{"width":1220,"height":674,"url":"https:\/\/noticiaempauta.com\/portal\/wp-content\/uploads\/2024\/03\/53569702655_4359c2786d_o.webp","type":"image\/webp"}],"author":"Reda\u00e7\u00e3o","twitter_card":"summary_large_image","twitter_misc":{"Escrito por":"Reda\u00e7\u00e3o","Est. tempo de leitura":"4 minutos"},"schema":{"@context":"https:\/\/schema.org","@graph":[{"@type":"Article","@id":"https:\/\/noticiaempauta.com\/portal\/fim-da-reeleicao-so-aconteceria-em-2028-explica-marcelo-castro-sobre-reforma-eleitoral\/#article","isPartOf":{"@id":"https:\/\/noticiaempauta.com\/portal\/fim-da-reeleicao-so-aconteceria-em-2028-explica-marcelo-castro-sobre-reforma-eleitoral\/"},"author":{"name":"Reda\u00e7\u00e3o","@id":"https:\/\/noticiaempauta.com\/portal\/#\/schema\/person\/a74af43dd1ab3deca45f988c717d57ac"},"headline":"Fim da reelei\u00e7\u00e3o s\u00f3 aconteceria em 2028, explica Marcelo Castro sobre reforma eleitoral","datePublished":"2024-03-08T11:51:59+00:00","dateModified":"2024-03-08T11:52:01+00:00","mainEntityOfPage":{"@id":"https:\/\/noticiaempauta.com\/portal\/fim-da-reeleicao-so-aconteceria-em-2028-explica-marcelo-castro-sobre-reforma-eleitoral\/"},"wordCount":715,"commentCount":0,"publisher":{"@id":"https:\/\/noticiaempauta.com\/portal\/#organization"},"image":{"@id":"https:\/\/noticiaempauta.com\/portal\/fim-da-reeleicao-so-aconteceria-em-2028-explica-marcelo-castro-sobre-reforma-eleitoral\/#primaryimage"},"thumbnailUrl":"https:\/\/noticiaempauta.com\/portal\/wp-content\/uploads\/2024\/03\/53569702655_4359c2786d_o.webp","keywords":["destaqueprincipal"],"articleSection":["Destaques","Geral","Pol\u00edtica","Todas as Not\u00edcias"],"inLanguage":"pt-BR","potentialAction":[{"@type":"CommentAction","name":"Comment","target":["https:\/\/noticiaempauta.com\/portal\/fim-da-reeleicao-so-aconteceria-em-2028-explica-marcelo-castro-sobre-reforma-eleitoral\/#respond"]}]},{"@type":"WebPage","@id":"https:\/\/noticiaempauta.com\/portal\/fim-da-reeleicao-so-aconteceria-em-2028-explica-marcelo-castro-sobre-reforma-eleitoral\/","url":"https:\/\/noticiaempauta.com\/portal\/fim-da-reeleicao-so-aconteceria-em-2028-explica-marcelo-castro-sobre-reforma-eleitoral\/","name":"Fim da reelei\u00e7\u00e3o s\u00f3 aconteceria em 2028, explica Marcelo Castro sobre reforma eleitoral - Portal Not\u00edcia em Pauta","isPartOf":{"@id":"https:\/\/noticiaempauta.com\/portal\/#website"},"primaryImageOfPage":{"@id":"https:\/\/noticiaempauta.com\/portal\/fim-da-reeleicao-so-aconteceria-em-2028-explica-marcelo-castro-sobre-reforma-eleitoral\/#primaryimage"},"image":{"@id":"https:\/\/noticiaempauta.com\/portal\/fim-da-reeleicao-so-aconteceria-em-2028-explica-marcelo-castro-sobre-reforma-eleitoral\/#primaryimage"},"thumbnailUrl":"https:\/\/noticiaempauta.com\/portal\/wp-content\/uploads\/2024\/03\/53569702655_4359c2786d_o.webp","datePublished":"2024-03-08T11:51:59+00:00","dateModified":"2024-03-08T11:52:01+00:00","breadcrumb":{"@id":"https:\/\/noticiaempauta.com\/portal\/fim-da-reeleicao-so-aconteceria-em-2028-explica-marcelo-castro-sobre-reforma-eleitoral\/#breadcrumb"},"inLanguage":"pt-BR","potentialAction":[{"@type":"ReadAction","target":["https:\/\/noticiaempauta.com\/portal\/fim-da-reeleicao-so-aconteceria-em-2028-explica-marcelo-castro-sobre-reforma-eleitoral\/"]}]},{"@type":"ImageObject","inLanguage":"pt-BR","@id":"https:\/\/noticiaempauta.com\/portal\/fim-da-reeleicao-so-aconteceria-em-2028-explica-marcelo-castro-sobre-reforma-eleitoral\/#primaryimage","url":"https:\/\/noticiaempauta.com\/portal\/wp-content\/uploads\/2024\/03\/53569702655_4359c2786d_o.webp","contentUrl":"https:\/\/noticiaempauta.com\/portal\/wp-content\/uploads\/2024\/03\/53569702655_4359c2786d_o.webp","width":1220,"height":674,"caption":"Foto: Reprodu\u00e7\u00e3o"},{"@type":"BreadcrumbList","@id":"https:\/\/noticiaempauta.com\/portal\/fim-da-reeleicao-so-aconteceria-em-2028-explica-marcelo-castro-sobre-reforma-eleitoral\/#breadcrumb","itemListElement":[{"@type":"ListItem","position":1,"name":"P\u00e1gina Inicial","item":"https:\/\/noticiaempauta.com\/portal\/"},{"@type":"ListItem","position":2,"name":"Destaques","item":"https:\/\/noticiaempauta.com\/portal\/destaques-site\/"},{"@type":"ListItem","position":3,"name":"Fim da reelei\u00e7\u00e3o s\u00f3 aconteceria em 2028, explica Marcelo Castro sobre reforma eleitoral"}]},{"@type":"WebSite","@id":"https:\/\/noticiaempauta.com\/portal\/#website","url":"https:\/\/noticiaempauta.com\/portal\/","name":"Portal Not\u00edcia em Pauta","description":"Voc\u00ea bem informado","publisher":{"@id":"https:\/\/noticiaempauta.com\/portal\/#organization"},"potentialAction":[{"@type":"SearchAction","target":{"@type":"EntryPoint","urlTemplate":"https:\/\/noticiaempauta.com\/portal\/?s={search_term_string}"},"query-input":{"@type":"PropertyValueSpecification","valueRequired":true,"valueName":"search_term_string"}}],"inLanguage":"pt-BR"},{"@type":"Organization","@id":"https:\/\/noticiaempauta.com\/portal\/#organization","name":"Portal Not\u00edcia em Pauta","url":"https:\/\/noticiaempauta.com\/portal\/","logo":{"@type":"ImageObject","inLanguage":"pt-BR","@id":"https:\/\/noticiaempauta.com\/portal\/#\/schema\/logo\/image\/","url":"https:\/\/noticiaempauta.com\/portal\/wp-content\/uploads\/2022\/08\/logomarca_tema.fw_.png","contentUrl":"https:\/\/noticiaempauta.com\/portal\/wp-content\/uploads\/2022\/08\/logomarca_tema.fw_.png","width":400,"height":232,"caption":"Portal Not\u00edcia em Pauta"},"image":{"@id":"https:\/\/noticiaempauta.com\/portal\/#\/schema\/logo\/image\/"},"sameAs":["https:\/\/www.facebook.com\/Portal-Notcia-Em-Pauta-102292869264820\/","https:\/\/www.instagram.com\/portalnoticiaempauta\/"]},{"@type":"Person","@id":"https:\/\/noticiaempauta.com\/portal\/#\/schema\/person\/a74af43dd1ab3deca45f988c717d57ac","name":"Reda\u00e7\u00e3o","image":{"@type":"ImageObject","inLanguage":"pt-BR","@id":"https:\/\/noticiaempauta.com\/portal\/#\/schema\/person\/image\/","url":"https:\/\/secure.gravatar.com\/avatar\/03179346ecce6cdfc13361603e8f54242a90e5cde8618fa23c5c00aa2b0aadf3?s=96&d=mm&r=g","contentUrl":"https:\/\/secure.gravatar.com\/avatar\/03179346ecce6cdfc13361603e8f54242a90e5cde8618fa23c5c00aa2b0aadf3?s=96&d=mm&r=g","caption":"Reda\u00e7\u00e3o"},"sameAs":["https:\/\/noticiaempauta.com\/portal\/"],"url":"https:\/\/noticiaempauta.com\/portal\/author\/fernando\/"}]}},"_links":{"self":[{"href":"https:\/\/noticiaempauta.com\/portal\/wp-json\/wp\/v2\/posts\/255600","targetHints":{"allow":["GET"]}}],"collection":[{"href":"https:\/\/noticiaempauta.com\/portal\/wp-json\/wp\/v2\/posts"}],"about":[{"href":"https:\/\/noticiaempauta.com\/portal\/wp-json\/wp\/v2\/types\/post"}],"author":[{"embeddable":true,"href":"https:\/\/noticiaempauta.com\/portal\/wp-json\/wp\/v2\/users\/2"}],"replies":[{"embeddable":true,"href":"https:\/\/noticiaempauta.com\/portal\/wp-json\/wp\/v2\/comments?post=255600"}],"version-history":[{"count":2,"href":"https:\/\/noticiaempauta.com\/portal\/wp-json\/wp\/v2\/posts\/255600\/revisions"}],"predecessor-version":[{"id":255604,"href":"https:\/\/noticiaempauta.com\/portal\/wp-json\/wp\/v2\/posts\/255600\/revisions\/255604"}],"wp:featuredmedia":[{"embeddable":true,"href":"https:\/\/noticiaempauta.com\/portal\/wp-json\/wp\/v2\/media\/255602"}],"wp:attachment":[{"href":"https:\/\/noticiaempauta.com\/portal\/wp-json\/wp\/v2\/media?parent=255600"}],"wp:term":[{"taxonomy":"category","embeddable":true,"href":"https:\/\/noticiaempauta.com\/portal\/wp-json\/wp\/v2\/categories?post=255600"},{"taxonomy":"post_tag","embeddable":true,"href":"https:\/\/noticiaempauta.com\/portal\/wp-json\/wp\/v2\/tags?post=255600"}],"curies":[{"name":"wp","href":"https:\/\/api.w.org\/{rel}","templated":true}]}}