{"id":255605,"date":"2024-03-08T09:11:27","date_gmt":"2024-03-08T12:11:27","guid":{"rendered":"https:\/\/noticiaempauta.com\/portal\/?p=255605"},"modified":"2024-03-08T09:11:28","modified_gmt":"2024-03-08T12:11:28","slug":"ibge-e-cepro-apontam-o-piaui-como-lider-no-nordeste-em-crescimento-de-renda","status":"publish","type":"post","link":"https:\/\/noticiaempauta.com\/portal\/ibge-e-cepro-apontam-o-piaui-como-lider-no-nordeste-em-crescimento-de-renda\/","title":{"rendered":"IBGE e Cepro apontam o Piau\u00ed como l\u00edder no Nordeste em crescimento de renda"},"content":{"rendered":"\n<p>O Piau\u00ed registrou a segunda melhor renda per capita da regi\u00e3o Nordeste, de acordo com dados divulgados pelo Instituto Brasileiro de Geografia e Estat\u00edstica (IBGE), analisados pela Superintend\u00eancia de Estudos Econ\u00f4micos e Sociais e Planejamento Participativo (Cepro) da Secret\u00e1ria Estadual do Planejamento (Seplan).<\/p>\n\n\n\n<p>Segundo os dados da Pesquisa Nacional por Amostra de Domic\u00edlios Cont\u00ednua (PNADC) do IBGE, o rendimento nominal per capita mensal do estado aumentou de R$ 1.110, no fim do quarto trimestre de 2022, para R$ 1.342, no fim de 2023. Com esse crescimento, o Piau\u00ed avan\u00e7ou da terceira posi\u00e7\u00e3o no ranking de 2022 para a segunda posi\u00e7\u00e3o em termos de rendimento nominal domiciliar per capita no Nordeste.<\/p>\n\n\n\n<figure class=\"wp-block-image size-full\"><img fetchpriority=\"high\" decoding=\"async\" width=\"779\" height=\"519\" src=\"https:\/\/noticiaempauta.com\/portal\/wp-content\/uploads\/2024\/03\/FA-IMG-4821265f8a2fcc6e1ff9.jpg\" alt=\"\" class=\"wp-image-255608\" srcset=\"https:\/\/noticiaempauta.com\/portal\/wp-content\/uploads\/2024\/03\/FA-IMG-4821265f8a2fcc6e1ff9.jpg 779w, https:\/\/noticiaempauta.com\/portal\/wp-content\/uploads\/2024\/03\/FA-IMG-4821265f8a2fcc6e1ff9-300x200.jpg 300w, https:\/\/noticiaempauta.com\/portal\/wp-content\/uploads\/2024\/03\/FA-IMG-4821265f8a2fcc6e1ff9-768x512.jpg 768w\" sizes=\"(max-width: 779px) 100vw, 779px\" \/><\/figure>\n\n\n\n<p>Os rendimentos totais, englobando trabalho, lucros, alugu\u00e9is e benef\u00edcios, apresentaram um aumento de 20,90% em compara\u00e7\u00e3o com 2022, destacando o Piau\u00ed como l\u00edder no Nordeste em crescimento de renda e ocupando a 5\u00aa posi\u00e7\u00e3o nacionalmente em varia\u00e7\u00e3o percentual.<\/p>\n\n\n\n<p>\u201cEsse resultado evidencia que nos \u00faltimos anos a popula\u00e7\u00e3o residente tem experimentado um aumento progressivo em seus rendimentos, decorrente do crescimento do emprego, do aumento do sal\u00e1rio m\u00e9dio em certas categorias, dos lucros das iniciativas empreendedoras e da amplia\u00e7\u00e3o da cobertura de benef\u00edcios assistenciais e previdenci\u00e1rios. Essa tend\u00eancia tem resultado em mais recursos nos lares, o que, por sua vez, amplia o acesso a bens e servi\u00e7os, impactando positivamente na qualidade de vida tanto dos residentes quanto de seus dependentes\u201d, destacou Leonardo Melo, integrante da equipe de elabora\u00e7\u00e3o da Cepro.<\/p>\n\n\n\n<figure class=\"wp-block-image size-full\"><img decoding=\"async\" width=\"500\" height=\"306\" src=\"https:\/\/noticiaempauta.com\/portal\/wp-content\/uploads\/2024\/03\/small_CEPRO_565d503314.jpg\" alt=\"\" class=\"wp-image-255607\" srcset=\"https:\/\/noticiaempauta.com\/portal\/wp-content\/uploads\/2024\/03\/small_CEPRO_565d503314.jpg 500w, https:\/\/noticiaempauta.com\/portal\/wp-content\/uploads\/2024\/03\/small_CEPRO_565d503314-300x184.jpg 300w\" sizes=\"(max-width: 500px) 100vw, 500px\" \/><\/figure>\n\n\n\n<p>No cen\u00e1rio nacional, o Piau\u00ed avan\u00e7ou uma posi\u00e7\u00e3o, alcan\u00e7ando a 17\u00aa coloca\u00e7\u00e3o, e reduziu a dist\u00e2ncia em rela\u00e7\u00e3o \u00e0 renda per capita m\u00e9dia nacional (70,9%), indicando um aumento relativo no alcance da renda m\u00e9dia estadual comparada \u00e0 nacional. Esses resultados s\u00e3o diretamente atribu\u00edveis \u00e0 atua\u00e7\u00e3o do Governo do Estado na implementa\u00e7\u00e3o de pol\u00edticas p\u00fablicas voltadas para o setor econ\u00f4mico, que viabilizaram a atra\u00e7\u00e3o de novos investimentos e a abertura de empresas locais, aproveitando a m\u00e3o de obra em diversas atividades.<\/p>\n\n\n\n<p><strong>Ranking da renda mensal domiciliar per capita entre os estados do Nordeste em 2023<\/strong><\/p>\n\n\n\n<p>Rio Grande do Norte: R$ 1.373<br>Piau\u00ed: R$ 1.342<br>Para\u00edba: R$ 1.320<br>Sergipe: R$ 1.218<br>Cear\u00e1: R$ 1.166<br>Bahia: R$ 1.139<br>Pernambuco: R$ 1.113<br>Alagoas: R$ 1.110<br>Maranh\u00e3o: R$ 945<br><br><em>Fonte: CCOM \/ Governo do Piau\u00ed<\/em><\/p>\n","protected":false},"excerpt":{"rendered":"<p>O Piau\u00ed registrou a segunda melhor renda per capita da regi\u00e3o Nordeste, de acordo com dados divulgados pelo Instituto Brasileiro de Geografia e Estat\u00edstica (IBGE), analisados pela Superintend\u00eancia de Estudos Econ\u00f4micos e Sociais e Planejamento Participativo (Cepro) da Secret\u00e1ria Estadual do Planejamento (Seplan). Segundo os dados da Pesquisa Nacional por Amostra de Domic\u00edlios Cont\u00ednua (PNADC) [&hellip;]<\/p>\n","protected":false},"author":2,"featured_media":255608,"comment_status":"open","ping_status":"open","sticky":false,"template":"","format":"standard","meta":{"_mi_skip_tracking":false,"footnotes":""},"categories":[25,6,1,16],"tags":[192],"class_list":["post-255605","post","type-post","status-publish","format-standard","has-post-thumbnail","hentry","category-destaques-site","category-economia","category-geral","category-todas","tag-destaqueprincipal"],"acf":[],"yoast_head":"<!-- This site is optimized with the Yoast SEO Premium plugin v19.2 (Yoast SEO v26.9) - https:\/\/yoast.com\/product\/yoast-seo-premium-wordpress\/ -->\n<title>IBGE e Cepro apontam o Piau\u00ed como l\u00edder no Nordeste em crescimento de renda - Portal Not\u00edcia em Pauta<\/title>\n<meta name=\"robots\" content=\"index, follow, max-snippet:-1, max-image-preview:large, max-video-preview:-1\" \/>\n<link rel=\"canonical\" href=\"https:\/\/noticiaempauta.com\/portal\/ibge-e-cepro-apontam-o-piaui-como-lider-no-nordeste-em-crescimento-de-renda\/\" \/>\n<meta property=\"og:locale\" content=\"pt_BR\" \/>\n<meta property=\"og:type\" content=\"article\" \/>\n<meta property=\"og:title\" content=\"IBGE e Cepro apontam o Piau\u00ed como l\u00edder no Nordeste em crescimento de renda\" \/>\n<meta property=\"og:description\" content=\"O Piau\u00ed registrou a segunda melhor renda per capita da regi\u00e3o Nordeste, de acordo com dados divulgados pelo Instituto Brasileiro de Geografia e Estat\u00edstica (IBGE), analisados pela Superintend\u00eancia de Estudos Econ\u00f4micos e Sociais e Planejamento Participativo (Cepro) da Secret\u00e1ria Estadual do Planejamento (Seplan). Segundo os dados da Pesquisa Nacional por Amostra de Domic\u00edlios Cont\u00ednua (PNADC) [&hellip;]\" \/>\n<meta property=\"og:url\" content=\"https:\/\/noticiaempauta.com\/portal\/ibge-e-cepro-apontam-o-piaui-como-lider-no-nordeste-em-crescimento-de-renda\/\" \/>\n<meta property=\"og:site_name\" content=\"Portal Not\u00edcia em Pauta\" \/>\n<meta property=\"article:publisher\" content=\"https:\/\/www.facebook.com\/Portal-Notcia-Em-Pauta-102292869264820\/\" \/>\n<meta property=\"article:published_time\" content=\"2024-03-08T12:11:27+00:00\" \/>\n<meta property=\"article:modified_time\" content=\"2024-03-08T12:11:28+00:00\" \/>\n<meta property=\"og:image\" content=\"https:\/\/noticiaempauta.com\/portal\/wp-content\/uploads\/2024\/03\/FA-IMG-4821265f8a2fcc6e1ff9.jpg\" \/>\n\t<meta property=\"og:image:width\" content=\"779\" \/>\n\t<meta property=\"og:image:height\" content=\"519\" \/>\n\t<meta property=\"og:image:type\" content=\"image\/jpeg\" \/>\n<meta name=\"author\" content=\"Reda\u00e7\u00e3o\" \/>\n<meta name=\"twitter:card\" content=\"summary_large_image\" \/>\n<meta name=\"twitter:label1\" content=\"Escrito por\" \/>\n\t<meta name=\"twitter:data1\" content=\"Reda\u00e7\u00e3o\" \/>\n\t<meta name=\"twitter:label2\" content=\"Est. tempo de leitura\" \/>\n\t<meta name=\"twitter:data2\" content=\"3 minutos\" \/>\n<script type=\"application\/ld+json\" class=\"yoast-schema-graph\">{\"@context\":\"https:\/\/schema.org\",\"@graph\":[{\"@type\":\"Article\",\"@id\":\"https:\/\/noticiaempauta.com\/portal\/ibge-e-cepro-apontam-o-piaui-como-lider-no-nordeste-em-crescimento-de-renda\/#article\",\"isPartOf\":{\"@id\":\"https:\/\/noticiaempauta.com\/portal\/ibge-e-cepro-apontam-o-piaui-como-lider-no-nordeste-em-crescimento-de-renda\/\"},\"author\":{\"name\":\"Reda\u00e7\u00e3o\",\"@id\":\"https:\/\/noticiaempauta.com\/portal\/#\/schema\/person\/a74af43dd1ab3deca45f988c717d57ac\"},\"headline\":\"IBGE e Cepro apontam o Piau\u00ed como l\u00edder no Nordeste em crescimento de renda\",\"datePublished\":\"2024-03-08T12:11:27+00:00\",\"dateModified\":\"2024-03-08T12:11:28+00:00\",\"mainEntityOfPage\":{\"@id\":\"https:\/\/noticiaempauta.com\/portal\/ibge-e-cepro-apontam-o-piaui-como-lider-no-nordeste-em-crescimento-de-renda\/\"},\"wordCount\":404,\"commentCount\":0,\"publisher\":{\"@id\":\"https:\/\/noticiaempauta.com\/portal\/#organization\"},\"image\":{\"@id\":\"https:\/\/noticiaempauta.com\/portal\/ibge-e-cepro-apontam-o-piaui-como-lider-no-nordeste-em-crescimento-de-renda\/#primaryimage\"},\"thumbnailUrl\":\"https:\/\/noticiaempauta.com\/portal\/wp-content\/uploads\/2024\/03\/FA-IMG-4821265f8a2fcc6e1ff9.jpg\",\"keywords\":[\"destaqueprincipal\"],\"articleSection\":[\"Destaques\",\"Economia\",\"Geral\",\"Todas as Not\u00edcias\"],\"inLanguage\":\"pt-BR\",\"potentialAction\":[{\"@type\":\"CommentAction\",\"name\":\"Comment\",\"target\":[\"https:\/\/noticiaempauta.com\/portal\/ibge-e-cepro-apontam-o-piaui-como-lider-no-nordeste-em-crescimento-de-renda\/#respond\"]}]},{\"@type\":\"WebPage\",\"@id\":\"https:\/\/noticiaempauta.com\/portal\/ibge-e-cepro-apontam-o-piaui-como-lider-no-nordeste-em-crescimento-de-renda\/\",\"url\":\"https:\/\/noticiaempauta.com\/portal\/ibge-e-cepro-apontam-o-piaui-como-lider-no-nordeste-em-crescimento-de-renda\/\",\"name\":\"IBGE e Cepro apontam o Piau\u00ed como l\u00edder no Nordeste em crescimento de renda - Portal Not\u00edcia em Pauta\",\"isPartOf\":{\"@id\":\"https:\/\/noticiaempauta.com\/portal\/#website\"},\"primaryImageOfPage\":{\"@id\":\"https:\/\/noticiaempauta.com\/portal\/ibge-e-cepro-apontam-o-piaui-como-lider-no-nordeste-em-crescimento-de-renda\/#primaryimage\"},\"image\":{\"@id\":\"https:\/\/noticiaempauta.com\/portal\/ibge-e-cepro-apontam-o-piaui-como-lider-no-nordeste-em-crescimento-de-renda\/#primaryimage\"},\"thumbnailUrl\":\"https:\/\/noticiaempauta.com\/portal\/wp-content\/uploads\/2024\/03\/FA-IMG-4821265f8a2fcc6e1ff9.jpg\",\"datePublished\":\"2024-03-08T12:11:27+00:00\",\"dateModified\":\"2024-03-08T12:11:28+00:00\",\"breadcrumb\":{\"@id\":\"https:\/\/noticiaempauta.com\/portal\/ibge-e-cepro-apontam-o-piaui-como-lider-no-nordeste-em-crescimento-de-renda\/#breadcrumb\"},\"inLanguage\":\"pt-BR\",\"potentialAction\":[{\"@type\":\"ReadAction\",\"target\":[\"https:\/\/noticiaempauta.com\/portal\/ibge-e-cepro-apontam-o-piaui-como-lider-no-nordeste-em-crescimento-de-renda\/\"]}]},{\"@type\":\"ImageObject\",\"inLanguage\":\"pt-BR\",\"@id\":\"https:\/\/noticiaempauta.com\/portal\/ibge-e-cepro-apontam-o-piaui-como-lider-no-nordeste-em-crescimento-de-renda\/#primaryimage\",\"url\":\"https:\/\/noticiaempauta.com\/portal\/wp-content\/uploads\/2024\/03\/FA-IMG-4821265f8a2fcc6e1ff9.jpg\",\"contentUrl\":\"https:\/\/noticiaempauta.com\/portal\/wp-content\/uploads\/2024\/03\/FA-IMG-4821265f8a2fcc6e1ff9.jpg\",\"width\":779,\"height\":519},{\"@type\":\"BreadcrumbList\",\"@id\":\"https:\/\/noticiaempauta.com\/portal\/ibge-e-cepro-apontam-o-piaui-como-lider-no-nordeste-em-crescimento-de-renda\/#breadcrumb\",\"itemListElement\":[{\"@type\":\"ListItem\",\"position\":1,\"name\":\"P\u00e1gina Inicial\",\"item\":\"https:\/\/noticiaempauta.com\/portal\/\"},{\"@type\":\"ListItem\",\"position\":2,\"name\":\"Destaques\",\"item\":\"https:\/\/noticiaempauta.com\/portal\/destaques-site\/\"},{\"@type\":\"ListItem\",\"position\":3,\"name\":\"IBGE e Cepro apontam o Piau\u00ed como l\u00edder no Nordeste em crescimento de renda\"}]},{\"@type\":\"WebSite\",\"@id\":\"https:\/\/noticiaempauta.com\/portal\/#website\",\"url\":\"https:\/\/noticiaempauta.com\/portal\/\",\"name\":\"Portal Not\u00edcia em Pauta\",\"description\":\"Voc\u00ea bem informado\",\"publisher\":{\"@id\":\"https:\/\/noticiaempauta.com\/portal\/#organization\"},\"potentialAction\":[{\"@type\":\"SearchAction\",\"target\":{\"@type\":\"EntryPoint\",\"urlTemplate\":\"https:\/\/noticiaempauta.com\/portal\/?s={search_term_string}\"},\"query-input\":{\"@type\":\"PropertyValueSpecification\",\"valueRequired\":true,\"valueName\":\"search_term_string\"}}],\"inLanguage\":\"pt-BR\"},{\"@type\":\"Organization\",\"@id\":\"https:\/\/noticiaempauta.com\/portal\/#organization\",\"name\":\"Portal Not\u00edcia em Pauta\",\"url\":\"https:\/\/noticiaempauta.com\/portal\/\",\"logo\":{\"@type\":\"ImageObject\",\"inLanguage\":\"pt-BR\",\"@id\":\"https:\/\/noticiaempauta.com\/portal\/#\/schema\/logo\/image\/\",\"url\":\"https:\/\/noticiaempauta.com\/portal\/wp-content\/uploads\/2022\/08\/logomarca_tema.fw_.png\",\"contentUrl\":\"https:\/\/noticiaempauta.com\/portal\/wp-content\/uploads\/2022\/08\/logomarca_tema.fw_.png\",\"width\":400,\"height\":232,\"caption\":\"Portal Not\u00edcia em Pauta\"},\"image\":{\"@id\":\"https:\/\/noticiaempauta.com\/portal\/#\/schema\/logo\/image\/\"},\"sameAs\":[\"https:\/\/www.facebook.com\/Portal-Notcia-Em-Pauta-102292869264820\/\",\"https:\/\/www.instagram.com\/portalnoticiaempauta\/\"]},{\"@type\":\"Person\",\"@id\":\"https:\/\/noticiaempauta.com\/portal\/#\/schema\/person\/a74af43dd1ab3deca45f988c717d57ac\",\"name\":\"Reda\u00e7\u00e3o\",\"image\":{\"@type\":\"ImageObject\",\"inLanguage\":\"pt-BR\",\"@id\":\"https:\/\/noticiaempauta.com\/portal\/#\/schema\/person\/image\/\",\"url\":\"https:\/\/secure.gravatar.com\/avatar\/03179346ecce6cdfc13361603e8f54242a90e5cde8618fa23c5c00aa2b0aadf3?s=96&d=mm&r=g\",\"contentUrl\":\"https:\/\/secure.gravatar.com\/avatar\/03179346ecce6cdfc13361603e8f54242a90e5cde8618fa23c5c00aa2b0aadf3?s=96&d=mm&r=g\",\"caption\":\"Reda\u00e7\u00e3o\"},\"sameAs\":[\"https:\/\/noticiaempauta.com\/portal\/\"],\"url\":\"https:\/\/noticiaempauta.com\/portal\/author\/fernando\/\"}]}<\/script>\n<!-- \/ Yoast SEO Premium plugin. -->","yoast_head_json":{"title":"IBGE e Cepro apontam o Piau\u00ed como l\u00edder no Nordeste em crescimento de renda - Portal Not\u00edcia em Pauta","robots":{"index":"index","follow":"follow","max-snippet":"max-snippet:-1","max-image-preview":"max-image-preview:large","max-video-preview":"max-video-preview:-1"},"canonical":"https:\/\/noticiaempauta.com\/portal\/ibge-e-cepro-apontam-o-piaui-como-lider-no-nordeste-em-crescimento-de-renda\/","og_locale":"pt_BR","og_type":"article","og_title":"IBGE e Cepro apontam o Piau\u00ed como l\u00edder no Nordeste em crescimento de renda","og_description":"O Piau\u00ed registrou a segunda melhor renda per capita da regi\u00e3o Nordeste, de acordo com dados divulgados pelo Instituto Brasileiro de Geografia e Estat\u00edstica (IBGE), analisados pela Superintend\u00eancia de Estudos Econ\u00f4micos e Sociais e Planejamento Participativo (Cepro) da Secret\u00e1ria Estadual do Planejamento (Seplan). Segundo os dados da Pesquisa Nacional por Amostra de Domic\u00edlios Cont\u00ednua (PNADC) [&hellip;]","og_url":"https:\/\/noticiaempauta.com\/portal\/ibge-e-cepro-apontam-o-piaui-como-lider-no-nordeste-em-crescimento-de-renda\/","og_site_name":"Portal Not\u00edcia em Pauta","article_publisher":"https:\/\/www.facebook.com\/Portal-Notcia-Em-Pauta-102292869264820\/","article_published_time":"2024-03-08T12:11:27+00:00","article_modified_time":"2024-03-08T12:11:28+00:00","og_image":[{"width":779,"height":519,"url":"https:\/\/noticiaempauta.com\/portal\/wp-content\/uploads\/2024\/03\/FA-IMG-4821265f8a2fcc6e1ff9.jpg","type":"image\/jpeg"}],"author":"Reda\u00e7\u00e3o","twitter_card":"summary_large_image","twitter_misc":{"Escrito por":"Reda\u00e7\u00e3o","Est. tempo de leitura":"3 minutos"},"schema":{"@context":"https:\/\/schema.org","@graph":[{"@type":"Article","@id":"https:\/\/noticiaempauta.com\/portal\/ibge-e-cepro-apontam-o-piaui-como-lider-no-nordeste-em-crescimento-de-renda\/#article","isPartOf":{"@id":"https:\/\/noticiaempauta.com\/portal\/ibge-e-cepro-apontam-o-piaui-como-lider-no-nordeste-em-crescimento-de-renda\/"},"author":{"name":"Reda\u00e7\u00e3o","@id":"https:\/\/noticiaempauta.com\/portal\/#\/schema\/person\/a74af43dd1ab3deca45f988c717d57ac"},"headline":"IBGE e Cepro apontam o Piau\u00ed como l\u00edder no Nordeste em crescimento de renda","datePublished":"2024-03-08T12:11:27+00:00","dateModified":"2024-03-08T12:11:28+00:00","mainEntityOfPage":{"@id":"https:\/\/noticiaempauta.com\/portal\/ibge-e-cepro-apontam-o-piaui-como-lider-no-nordeste-em-crescimento-de-renda\/"},"wordCount":404,"commentCount":0,"publisher":{"@id":"https:\/\/noticiaempauta.com\/portal\/#organization"},"image":{"@id":"https:\/\/noticiaempauta.com\/portal\/ibge-e-cepro-apontam-o-piaui-como-lider-no-nordeste-em-crescimento-de-renda\/#primaryimage"},"thumbnailUrl":"https:\/\/noticiaempauta.com\/portal\/wp-content\/uploads\/2024\/03\/FA-IMG-4821265f8a2fcc6e1ff9.jpg","keywords":["destaqueprincipal"],"articleSection":["Destaques","Economia","Geral","Todas as Not\u00edcias"],"inLanguage":"pt-BR","potentialAction":[{"@type":"CommentAction","name":"Comment","target":["https:\/\/noticiaempauta.com\/portal\/ibge-e-cepro-apontam-o-piaui-como-lider-no-nordeste-em-crescimento-de-renda\/#respond"]}]},{"@type":"WebPage","@id":"https:\/\/noticiaempauta.com\/portal\/ibge-e-cepro-apontam-o-piaui-como-lider-no-nordeste-em-crescimento-de-renda\/","url":"https:\/\/noticiaempauta.com\/portal\/ibge-e-cepro-apontam-o-piaui-como-lider-no-nordeste-em-crescimento-de-renda\/","name":"IBGE e Cepro apontam o Piau\u00ed como l\u00edder no Nordeste em crescimento de renda - Portal Not\u00edcia em Pauta","isPartOf":{"@id":"https:\/\/noticiaempauta.com\/portal\/#website"},"primaryImageOfPage":{"@id":"https:\/\/noticiaempauta.com\/portal\/ibge-e-cepro-apontam-o-piaui-como-lider-no-nordeste-em-crescimento-de-renda\/#primaryimage"},"image":{"@id":"https:\/\/noticiaempauta.com\/portal\/ibge-e-cepro-apontam-o-piaui-como-lider-no-nordeste-em-crescimento-de-renda\/#primaryimage"},"thumbnailUrl":"https:\/\/noticiaempauta.com\/portal\/wp-content\/uploads\/2024\/03\/FA-IMG-4821265f8a2fcc6e1ff9.jpg","datePublished":"2024-03-08T12:11:27+00:00","dateModified":"2024-03-08T12:11:28+00:00","breadcrumb":{"@id":"https:\/\/noticiaempauta.com\/portal\/ibge-e-cepro-apontam-o-piaui-como-lider-no-nordeste-em-crescimento-de-renda\/#breadcrumb"},"inLanguage":"pt-BR","potentialAction":[{"@type":"ReadAction","target":["https:\/\/noticiaempauta.com\/portal\/ibge-e-cepro-apontam-o-piaui-como-lider-no-nordeste-em-crescimento-de-renda\/"]}]},{"@type":"ImageObject","inLanguage":"pt-BR","@id":"https:\/\/noticiaempauta.com\/portal\/ibge-e-cepro-apontam-o-piaui-como-lider-no-nordeste-em-crescimento-de-renda\/#primaryimage","url":"https:\/\/noticiaempauta.com\/portal\/wp-content\/uploads\/2024\/03\/FA-IMG-4821265f8a2fcc6e1ff9.jpg","contentUrl":"https:\/\/noticiaempauta.com\/portal\/wp-content\/uploads\/2024\/03\/FA-IMG-4821265f8a2fcc6e1ff9.jpg","width":779,"height":519},{"@type":"BreadcrumbList","@id":"https:\/\/noticiaempauta.com\/portal\/ibge-e-cepro-apontam-o-piaui-como-lider-no-nordeste-em-crescimento-de-renda\/#breadcrumb","itemListElement":[{"@type":"ListItem","position":1,"name":"P\u00e1gina Inicial","item":"https:\/\/noticiaempauta.com\/portal\/"},{"@type":"ListItem","position":2,"name":"Destaques","item":"https:\/\/noticiaempauta.com\/portal\/destaques-site\/"},{"@type":"ListItem","position":3,"name":"IBGE e Cepro apontam o Piau\u00ed como l\u00edder no Nordeste em crescimento de renda"}]},{"@type":"WebSite","@id":"https:\/\/noticiaempauta.com\/portal\/#website","url":"https:\/\/noticiaempauta.com\/portal\/","name":"Portal Not\u00edcia em Pauta","description":"Voc\u00ea bem informado","publisher":{"@id":"https:\/\/noticiaempauta.com\/portal\/#organization"},"potentialAction":[{"@type":"SearchAction","target":{"@type":"EntryPoint","urlTemplate":"https:\/\/noticiaempauta.com\/portal\/?s={search_term_string}"},"query-input":{"@type":"PropertyValueSpecification","valueRequired":true,"valueName":"search_term_string"}}],"inLanguage":"pt-BR"},{"@type":"Organization","@id":"https:\/\/noticiaempauta.com\/portal\/#organization","name":"Portal Not\u00edcia em Pauta","url":"https:\/\/noticiaempauta.com\/portal\/","logo":{"@type":"ImageObject","inLanguage":"pt-BR","@id":"https:\/\/noticiaempauta.com\/portal\/#\/schema\/logo\/image\/","url":"https:\/\/noticiaempauta.com\/portal\/wp-content\/uploads\/2022\/08\/logomarca_tema.fw_.png","contentUrl":"https:\/\/noticiaempauta.com\/portal\/wp-content\/uploads\/2022\/08\/logomarca_tema.fw_.png","width":400,"height":232,"caption":"Portal Not\u00edcia em Pauta"},"image":{"@id":"https:\/\/noticiaempauta.com\/portal\/#\/schema\/logo\/image\/"},"sameAs":["https:\/\/www.facebook.com\/Portal-Notcia-Em-Pauta-102292869264820\/","https:\/\/www.instagram.com\/portalnoticiaempauta\/"]},{"@type":"Person","@id":"https:\/\/noticiaempauta.com\/portal\/#\/schema\/person\/a74af43dd1ab3deca45f988c717d57ac","name":"Reda\u00e7\u00e3o","image":{"@type":"ImageObject","inLanguage":"pt-BR","@id":"https:\/\/noticiaempauta.com\/portal\/#\/schema\/person\/image\/","url":"https:\/\/secure.gravatar.com\/avatar\/03179346ecce6cdfc13361603e8f54242a90e5cde8618fa23c5c00aa2b0aadf3?s=96&d=mm&r=g","contentUrl":"https:\/\/secure.gravatar.com\/avatar\/03179346ecce6cdfc13361603e8f54242a90e5cde8618fa23c5c00aa2b0aadf3?s=96&d=mm&r=g","caption":"Reda\u00e7\u00e3o"},"sameAs":["https:\/\/noticiaempauta.com\/portal\/"],"url":"https:\/\/noticiaempauta.com\/portal\/author\/fernando\/"}]}},"_links":{"self":[{"href":"https:\/\/noticiaempauta.com\/portal\/wp-json\/wp\/v2\/posts\/255605","targetHints":{"allow":["GET"]}}],"collection":[{"href":"https:\/\/noticiaempauta.com\/portal\/wp-json\/wp\/v2\/posts"}],"about":[{"href":"https:\/\/noticiaempauta.com\/portal\/wp-json\/wp\/v2\/types\/post"}],"author":[{"embeddable":true,"href":"https:\/\/noticiaempauta.com\/portal\/wp-json\/wp\/v2\/users\/2"}],"replies":[{"embeddable":true,"href":"https:\/\/noticiaempauta.com\/portal\/wp-json\/wp\/v2\/comments?post=255605"}],"version-history":[{"count":2,"href":"https:\/\/noticiaempauta.com\/portal\/wp-json\/wp\/v2\/posts\/255605\/revisions"}],"predecessor-version":[{"id":255610,"href":"https:\/\/noticiaempauta.com\/portal\/wp-json\/wp\/v2\/posts\/255605\/revisions\/255610"}],"wp:featuredmedia":[{"embeddable":true,"href":"https:\/\/noticiaempauta.com\/portal\/wp-json\/wp\/v2\/media\/255608"}],"wp:attachment":[{"href":"https:\/\/noticiaempauta.com\/portal\/wp-json\/wp\/v2\/media?parent=255605"}],"wp:term":[{"taxonomy":"category","embeddable":true,"href":"https:\/\/noticiaempauta.com\/portal\/wp-json\/wp\/v2\/categories?post=255605"},{"taxonomy":"post_tag","embeddable":true,"href":"https:\/\/noticiaempauta.com\/portal\/wp-json\/wp\/v2\/tags?post=255605"}],"curies":[{"name":"wp","href":"https:\/\/api.w.org\/{rel}","templated":true}]}}