{"id":255621,"date":"2024-03-08T16:51:10","date_gmt":"2024-03-08T19:51:10","guid":{"rendered":"https:\/\/noticiaempauta.com\/portal\/?p=255621"},"modified":"2024-03-08T16:51:11","modified_gmt":"2024-03-08T19:51:11","slug":"ceara-continua-invadindo-as-terras-do-piaui-alerta-deputado-gil-carlos","status":"publish","type":"post","link":"https:\/\/noticiaempauta.com\/portal\/ceara-continua-invadindo-as-terras-do-piaui-alerta-deputado-gil-carlos\/","title":{"rendered":"Cear\u00e1 continua invadindo as terras do Piau\u00ed, alerta deputado Gil Carlos"},"content":{"rendered":"\n<p>O Cear\u00e1 continua invadindo terras piauienses e tamb\u00e9m comprando propriedades para &#8220;transformar&#8221; a \u00e1rea em cearense.\u00a0<br><\/p>\n\n\n\n<figure class=\"wp-block-image size-large is-resized\"><img fetchpriority=\"high\" decoding=\"async\" width=\"1024\" height=\"750\" src=\"https:\/\/noticiaempauta.com\/portal\/wp-content\/uploads\/2024\/03\/4D9DF466-96C8-4F1A-9FD3-185A204B2B7C-1024x750.jpeg\" alt=\"\" class=\"wp-image-255623\" style=\"width:389px;height:auto\" srcset=\"https:\/\/noticiaempauta.com\/portal\/wp-content\/uploads\/2024\/03\/4D9DF466-96C8-4F1A-9FD3-185A204B2B7C-1024x750.jpeg 1024w, https:\/\/noticiaempauta.com\/portal\/wp-content\/uploads\/2024\/03\/4D9DF466-96C8-4F1A-9FD3-185A204B2B7C-300x220.jpeg 300w, https:\/\/noticiaempauta.com\/portal\/wp-content\/uploads\/2024\/03\/4D9DF466-96C8-4F1A-9FD3-185A204B2B7C-768x562.jpeg 768w, https:\/\/noticiaempauta.com\/portal\/wp-content\/uploads\/2024\/03\/4D9DF466-96C8-4F1A-9FD3-185A204B2B7C.jpeg 1080w\" sizes=\"(max-width: 1024px) 100vw, 1024px\" \/><\/figure>\n\n\n\n<p>O alerta \u00e9 do deputado estadual Gil Carlos (PT), que participou na noite desta quinta-feira (7) de evento sobre o lit\u00edgio entre os dois Estados, realizado pelo Instituto Mandu Ladino no campus Ininga da Universidade Federal do Piau\u00ed, na capital. O deputado estadual Ziza Carvalho (MDB) tamb\u00e9m participou.<\/p>\n\n\n\n<figure class=\"wp-block-image size-full\"><img decoding=\"async\" width=\"800\" height=\"324\" src=\"https:\/\/noticiaempauta.com\/portal\/wp-content\/uploads\/2024\/03\/D600F60C-BD78-4C62-A0D6-1945D152D730.jpeg\" alt=\"\" class=\"wp-image-255624\" srcset=\"https:\/\/noticiaempauta.com\/portal\/wp-content\/uploads\/2024\/03\/D600F60C-BD78-4C62-A0D6-1945D152D730.jpeg 800w, https:\/\/noticiaempauta.com\/portal\/wp-content\/uploads\/2024\/03\/D600F60C-BD78-4C62-A0D6-1945D152D730-300x122.jpeg 300w, https:\/\/noticiaempauta.com\/portal\/wp-content\/uploads\/2024\/03\/D600F60C-BD78-4C62-A0D6-1945D152D730-768x311.jpeg 768w\" sizes=\"(max-width: 800px) 100vw, 800px\" \/><\/figure>\n\n\n\n<p>A disputa tem mais de um s\u00e9culo e h\u00e1 d\u00e9cadas as terras piauienses v\u00eam sendo ocupadas gradativamente.<\/p>\n\n\n\n<p>Hoje, o Piau\u00ed precisa reaver 3 mil quil\u00f4metros quadrados em diversos munic\u00edpios da divisa entre os Estados. O marco natural \u00e9 Serra Grande\/Serra da Ibiapaba, mas os avan\u00e7os em solo piauiense n\u00e3o para.<\/p>\n\n\n\n<p>Em 2011, a Procuradoria Geral do Estado do Piau\u00ed entrou com a\u00e7\u00e3o no Supremo Tribunal Federal, que determinou ao Ex\u00e9rcito uma medi\u00e7\u00e3o t\u00e9cnica.<\/p>\n\n\n\n<p>Gil Carlos acredita que o resultado final do Supremo sai ainda neste semestre, mas o Cear\u00e1 tem for\u00e7a econ\u00f4mica e pol\u00edtica capaz de retardar a decis\u00e3o.<\/p>\n\n\n\n<p>O ambientalista Dion\u00edsio Carvalho, que vem denunciando as recentes invas\u00f5es cearenses e participou do evento na UFPI, afirma que a situa\u00e7\u00e3o vem se agravando.<\/p>\n\n\n\n<p>Gil Carlos acrescenta que a documenta\u00e7\u00e3o apresentada pela PGE ao Supremo \u00e9 robusta e n\u00e3o deixa d\u00favida sobre a vit\u00f3ria do Piau\u00ed.<\/p>\n\n\n\n<p>Ele cita dois deles: a Lei Imperial 1312 de 1820, que delimitou as divisas, e um mais recente, de 1920, a Conven\u00e7\u00e3o Arbitral. Esta \u00faltima ratificou a Lei.<\/p>\n\n\n\n<p>Fonte: MeioNorte<\/p>\n","protected":false},"excerpt":{"rendered":"<p>O Cear\u00e1 continua invadindo terras piauienses e tamb\u00e9m comprando propriedades para &#8220;transformar&#8221; a \u00e1rea em cearense.\u00a0 O alerta \u00e9 do deputado estadual Gil Carlos (PT), que participou na noite desta quinta-feira (7) de evento sobre o lit\u00edgio entre os dois Estados, realizado pelo Instituto Mandu Ladino no campus Ininga da Universidade Federal do Piau\u00ed, na [&hellip;]<\/p>\n","protected":false},"author":2,"featured_media":247876,"comment_status":"open","ping_status":"open","sticky":false,"template":"","format":"standard","meta":{"_mi_skip_tracking":false,"footnotes":""},"categories":[25,1,16],"tags":[192],"class_list":["post-255621","post","type-post","status-publish","format-standard","has-post-thumbnail","hentry","category-destaques-site","category-geral","category-todas","tag-destaqueprincipal"],"acf":[],"yoast_head":"<!-- This site is optimized with the Yoast SEO Premium plugin v19.2 (Yoast SEO v26.9) - https:\/\/yoast.com\/product\/yoast-seo-premium-wordpress\/ -->\n<title>Cear\u00e1 continua invadindo as terras do Piau\u00ed, alerta deputado Gil Carlos - Portal Not\u00edcia em Pauta<\/title>\n<meta name=\"robots\" content=\"index, follow, max-snippet:-1, max-image-preview:large, max-video-preview:-1\" \/>\n<link rel=\"canonical\" href=\"https:\/\/noticiaempauta.com\/portal\/ceara-continua-invadindo-as-terras-do-piaui-alerta-deputado-gil-carlos\/\" \/>\n<meta property=\"og:locale\" content=\"pt_BR\" \/>\n<meta property=\"og:type\" content=\"article\" \/>\n<meta property=\"og:title\" content=\"Cear\u00e1 continua invadindo as terras do Piau\u00ed, alerta deputado Gil Carlos\" \/>\n<meta property=\"og:description\" content=\"O Cear\u00e1 continua invadindo terras piauienses e tamb\u00e9m comprando propriedades para &#8220;transformar&#8221; a \u00e1rea em cearense.\u00a0 O alerta \u00e9 do deputado estadual Gil Carlos (PT), que participou na noite desta quinta-feira (7) de evento sobre o lit\u00edgio entre os dois Estados, realizado pelo Instituto Mandu Ladino no campus Ininga da Universidade Federal do Piau\u00ed, na [&hellip;]\" \/>\n<meta property=\"og:url\" content=\"https:\/\/noticiaempauta.com\/portal\/ceara-continua-invadindo-as-terras-do-piaui-alerta-deputado-gil-carlos\/\" \/>\n<meta property=\"og:site_name\" content=\"Portal Not\u00edcia em Pauta\" \/>\n<meta property=\"article:publisher\" content=\"https:\/\/www.facebook.com\/Portal-Notcia-Em-Pauta-102292869264820\/\" \/>\n<meta property=\"article:published_time\" content=\"2024-03-08T19:51:10+00:00\" \/>\n<meta property=\"article:modified_time\" content=\"2024-03-08T19:51:11+00:00\" \/>\n<meta property=\"og:image\" content=\"https:\/\/noticiaempauta.com\/portal\/wp-content\/uploads\/2023\/07\/litigio-entre-piaui-e-ceara-avanca-e-esta-prestes-a-ter-um-ponto-final-3e594f28-2b1b-4f15-9507-ebe8bc045a9c.webp\" \/>\n\t<meta property=\"og:image:width\" content=\"650\" \/>\n\t<meta property=\"og:image:height\" content=\"433\" \/>\n\t<meta property=\"og:image:type\" content=\"image\/webp\" \/>\n<meta name=\"author\" content=\"Reda\u00e7\u00e3o\" \/>\n<meta name=\"twitter:card\" content=\"summary_large_image\" \/>\n<meta name=\"twitter:label1\" content=\"Escrito por\" \/>\n\t<meta name=\"twitter:data1\" content=\"Reda\u00e7\u00e3o\" \/>\n\t<meta name=\"twitter:label2\" content=\"Est. tempo de leitura\" \/>\n\t<meta name=\"twitter:data2\" content=\"2 minutos\" \/>\n<script type=\"application\/ld+json\" class=\"yoast-schema-graph\">{\"@context\":\"https:\/\/schema.org\",\"@graph\":[{\"@type\":\"Article\",\"@id\":\"https:\/\/noticiaempauta.com\/portal\/ceara-continua-invadindo-as-terras-do-piaui-alerta-deputado-gil-carlos\/#article\",\"isPartOf\":{\"@id\":\"https:\/\/noticiaempauta.com\/portal\/ceara-continua-invadindo-as-terras-do-piaui-alerta-deputado-gil-carlos\/\"},\"author\":{\"name\":\"Reda\u00e7\u00e3o\",\"@id\":\"https:\/\/noticiaempauta.com\/portal\/#\/schema\/person\/a74af43dd1ab3deca45f988c717d57ac\"},\"headline\":\"Cear\u00e1 continua invadindo as terras do Piau\u00ed, alerta deputado Gil Carlos\",\"datePublished\":\"2024-03-08T19:51:10+00:00\",\"dateModified\":\"2024-03-08T19:51:11+00:00\",\"mainEntityOfPage\":{\"@id\":\"https:\/\/noticiaempauta.com\/portal\/ceara-continua-invadindo-as-terras-do-piaui-alerta-deputado-gil-carlos\/\"},\"wordCount\":268,\"commentCount\":0,\"publisher\":{\"@id\":\"https:\/\/noticiaempauta.com\/portal\/#organization\"},\"image\":{\"@id\":\"https:\/\/noticiaempauta.com\/portal\/ceara-continua-invadindo-as-terras-do-piaui-alerta-deputado-gil-carlos\/#primaryimage\"},\"thumbnailUrl\":\"https:\/\/noticiaempauta.com\/portal\/wp-content\/uploads\/2023\/07\/litigio-entre-piaui-e-ceara-avanca-e-esta-prestes-a-ter-um-ponto-final-3e594f28-2b1b-4f15-9507-ebe8bc045a9c.webp\",\"keywords\":[\"destaqueprincipal\"],\"articleSection\":[\"Destaques\",\"Geral\",\"Todas as Not\u00edcias\"],\"inLanguage\":\"pt-BR\",\"potentialAction\":[{\"@type\":\"CommentAction\",\"name\":\"Comment\",\"target\":[\"https:\/\/noticiaempauta.com\/portal\/ceara-continua-invadindo-as-terras-do-piaui-alerta-deputado-gil-carlos\/#respond\"]}]},{\"@type\":\"WebPage\",\"@id\":\"https:\/\/noticiaempauta.com\/portal\/ceara-continua-invadindo-as-terras-do-piaui-alerta-deputado-gil-carlos\/\",\"url\":\"https:\/\/noticiaempauta.com\/portal\/ceara-continua-invadindo-as-terras-do-piaui-alerta-deputado-gil-carlos\/\",\"name\":\"Cear\u00e1 continua invadindo as terras do Piau\u00ed, alerta deputado Gil Carlos - Portal Not\u00edcia em Pauta\",\"isPartOf\":{\"@id\":\"https:\/\/noticiaempauta.com\/portal\/#website\"},\"primaryImageOfPage\":{\"@id\":\"https:\/\/noticiaempauta.com\/portal\/ceara-continua-invadindo-as-terras-do-piaui-alerta-deputado-gil-carlos\/#primaryimage\"},\"image\":{\"@id\":\"https:\/\/noticiaempauta.com\/portal\/ceara-continua-invadindo-as-terras-do-piaui-alerta-deputado-gil-carlos\/#primaryimage\"},\"thumbnailUrl\":\"https:\/\/noticiaempauta.com\/portal\/wp-content\/uploads\/2023\/07\/litigio-entre-piaui-e-ceara-avanca-e-esta-prestes-a-ter-um-ponto-final-3e594f28-2b1b-4f15-9507-ebe8bc045a9c.webp\",\"datePublished\":\"2024-03-08T19:51:10+00:00\",\"dateModified\":\"2024-03-08T19:51:11+00:00\",\"breadcrumb\":{\"@id\":\"https:\/\/noticiaempauta.com\/portal\/ceara-continua-invadindo-as-terras-do-piaui-alerta-deputado-gil-carlos\/#breadcrumb\"},\"inLanguage\":\"pt-BR\",\"potentialAction\":[{\"@type\":\"ReadAction\",\"target\":[\"https:\/\/noticiaempauta.com\/portal\/ceara-continua-invadindo-as-terras-do-piaui-alerta-deputado-gil-carlos\/\"]}]},{\"@type\":\"ImageObject\",\"inLanguage\":\"pt-BR\",\"@id\":\"https:\/\/noticiaempauta.com\/portal\/ceara-continua-invadindo-as-terras-do-piaui-alerta-deputado-gil-carlos\/#primaryimage\",\"url\":\"https:\/\/noticiaempauta.com\/portal\/wp-content\/uploads\/2023\/07\/litigio-entre-piaui-e-ceara-avanca-e-esta-prestes-a-ter-um-ponto-final-3e594f28-2b1b-4f15-9507-ebe8bc045a9c.webp\",\"contentUrl\":\"https:\/\/noticiaempauta.com\/portal\/wp-content\/uploads\/2023\/07\/litigio-entre-piaui-e-ceara-avanca-e-esta-prestes-a-ter-um-ponto-final-3e594f28-2b1b-4f15-9507-ebe8bc045a9c.webp\",\"width\":650,\"height\":433},{\"@type\":\"BreadcrumbList\",\"@id\":\"https:\/\/noticiaempauta.com\/portal\/ceara-continua-invadindo-as-terras-do-piaui-alerta-deputado-gil-carlos\/#breadcrumb\",\"itemListElement\":[{\"@type\":\"ListItem\",\"position\":1,\"name\":\"P\u00e1gina Inicial\",\"item\":\"https:\/\/noticiaempauta.com\/portal\/\"},{\"@type\":\"ListItem\",\"position\":2,\"name\":\"Destaques\",\"item\":\"https:\/\/noticiaempauta.com\/portal\/destaques-site\/\"},{\"@type\":\"ListItem\",\"position\":3,\"name\":\"Cear\u00e1 continua invadindo as terras do Piau\u00ed, alerta deputado Gil Carlos\"}]},{\"@type\":\"WebSite\",\"@id\":\"https:\/\/noticiaempauta.com\/portal\/#website\",\"url\":\"https:\/\/noticiaempauta.com\/portal\/\",\"name\":\"Portal Not\u00edcia em Pauta\",\"description\":\"Voc\u00ea bem informado\",\"publisher\":{\"@id\":\"https:\/\/noticiaempauta.com\/portal\/#organization\"},\"potentialAction\":[{\"@type\":\"SearchAction\",\"target\":{\"@type\":\"EntryPoint\",\"urlTemplate\":\"https:\/\/noticiaempauta.com\/portal\/?s={search_term_string}\"},\"query-input\":{\"@type\":\"PropertyValueSpecification\",\"valueRequired\":true,\"valueName\":\"search_term_string\"}}],\"inLanguage\":\"pt-BR\"},{\"@type\":\"Organization\",\"@id\":\"https:\/\/noticiaempauta.com\/portal\/#organization\",\"name\":\"Portal Not\u00edcia em Pauta\",\"url\":\"https:\/\/noticiaempauta.com\/portal\/\",\"logo\":{\"@type\":\"ImageObject\",\"inLanguage\":\"pt-BR\",\"@id\":\"https:\/\/noticiaempauta.com\/portal\/#\/schema\/logo\/image\/\",\"url\":\"https:\/\/noticiaempauta.com\/portal\/wp-content\/uploads\/2022\/08\/logomarca_tema.fw_.png\",\"contentUrl\":\"https:\/\/noticiaempauta.com\/portal\/wp-content\/uploads\/2022\/08\/logomarca_tema.fw_.png\",\"width\":400,\"height\":232,\"caption\":\"Portal Not\u00edcia em Pauta\"},\"image\":{\"@id\":\"https:\/\/noticiaempauta.com\/portal\/#\/schema\/logo\/image\/\"},\"sameAs\":[\"https:\/\/www.facebook.com\/Portal-Notcia-Em-Pauta-102292869264820\/\",\"https:\/\/www.instagram.com\/portalnoticiaempauta\/\"]},{\"@type\":\"Person\",\"@id\":\"https:\/\/noticiaempauta.com\/portal\/#\/schema\/person\/a74af43dd1ab3deca45f988c717d57ac\",\"name\":\"Reda\u00e7\u00e3o\",\"image\":{\"@type\":\"ImageObject\",\"inLanguage\":\"pt-BR\",\"@id\":\"https:\/\/noticiaempauta.com\/portal\/#\/schema\/person\/image\/\",\"url\":\"https:\/\/secure.gravatar.com\/avatar\/03179346ecce6cdfc13361603e8f54242a90e5cde8618fa23c5c00aa2b0aadf3?s=96&d=mm&r=g\",\"contentUrl\":\"https:\/\/secure.gravatar.com\/avatar\/03179346ecce6cdfc13361603e8f54242a90e5cde8618fa23c5c00aa2b0aadf3?s=96&d=mm&r=g\",\"caption\":\"Reda\u00e7\u00e3o\"},\"sameAs\":[\"https:\/\/noticiaempauta.com\/portal\/\"],\"url\":\"https:\/\/noticiaempauta.com\/portal\/author\/fernando\/\"}]}<\/script>\n<!-- \/ Yoast SEO Premium plugin. -->","yoast_head_json":{"title":"Cear\u00e1 continua invadindo as terras do Piau\u00ed, alerta deputado Gil Carlos - Portal Not\u00edcia em Pauta","robots":{"index":"index","follow":"follow","max-snippet":"max-snippet:-1","max-image-preview":"max-image-preview:large","max-video-preview":"max-video-preview:-1"},"canonical":"https:\/\/noticiaempauta.com\/portal\/ceara-continua-invadindo-as-terras-do-piaui-alerta-deputado-gil-carlos\/","og_locale":"pt_BR","og_type":"article","og_title":"Cear\u00e1 continua invadindo as terras do Piau\u00ed, alerta deputado Gil Carlos","og_description":"O Cear\u00e1 continua invadindo terras piauienses e tamb\u00e9m comprando propriedades para &#8220;transformar&#8221; a \u00e1rea em cearense.\u00a0 O alerta \u00e9 do deputado estadual Gil Carlos (PT), que participou na noite desta quinta-feira (7) de evento sobre o lit\u00edgio entre os dois Estados, realizado pelo Instituto Mandu Ladino no campus Ininga da Universidade Federal do Piau\u00ed, na [&hellip;]","og_url":"https:\/\/noticiaempauta.com\/portal\/ceara-continua-invadindo-as-terras-do-piaui-alerta-deputado-gil-carlos\/","og_site_name":"Portal Not\u00edcia em Pauta","article_publisher":"https:\/\/www.facebook.com\/Portal-Notcia-Em-Pauta-102292869264820\/","article_published_time":"2024-03-08T19:51:10+00:00","article_modified_time":"2024-03-08T19:51:11+00:00","og_image":[{"width":650,"height":433,"url":"https:\/\/noticiaempauta.com\/portal\/wp-content\/uploads\/2023\/07\/litigio-entre-piaui-e-ceara-avanca-e-esta-prestes-a-ter-um-ponto-final-3e594f28-2b1b-4f15-9507-ebe8bc045a9c.webp","type":"image\/webp"}],"author":"Reda\u00e7\u00e3o","twitter_card":"summary_large_image","twitter_misc":{"Escrito por":"Reda\u00e7\u00e3o","Est. tempo de leitura":"2 minutos"},"schema":{"@context":"https:\/\/schema.org","@graph":[{"@type":"Article","@id":"https:\/\/noticiaempauta.com\/portal\/ceara-continua-invadindo-as-terras-do-piaui-alerta-deputado-gil-carlos\/#article","isPartOf":{"@id":"https:\/\/noticiaempauta.com\/portal\/ceara-continua-invadindo-as-terras-do-piaui-alerta-deputado-gil-carlos\/"},"author":{"name":"Reda\u00e7\u00e3o","@id":"https:\/\/noticiaempauta.com\/portal\/#\/schema\/person\/a74af43dd1ab3deca45f988c717d57ac"},"headline":"Cear\u00e1 continua invadindo as terras do Piau\u00ed, alerta deputado Gil Carlos","datePublished":"2024-03-08T19:51:10+00:00","dateModified":"2024-03-08T19:51:11+00:00","mainEntityOfPage":{"@id":"https:\/\/noticiaempauta.com\/portal\/ceara-continua-invadindo-as-terras-do-piaui-alerta-deputado-gil-carlos\/"},"wordCount":268,"commentCount":0,"publisher":{"@id":"https:\/\/noticiaempauta.com\/portal\/#organization"},"image":{"@id":"https:\/\/noticiaempauta.com\/portal\/ceara-continua-invadindo-as-terras-do-piaui-alerta-deputado-gil-carlos\/#primaryimage"},"thumbnailUrl":"https:\/\/noticiaempauta.com\/portal\/wp-content\/uploads\/2023\/07\/litigio-entre-piaui-e-ceara-avanca-e-esta-prestes-a-ter-um-ponto-final-3e594f28-2b1b-4f15-9507-ebe8bc045a9c.webp","keywords":["destaqueprincipal"],"articleSection":["Destaques","Geral","Todas as Not\u00edcias"],"inLanguage":"pt-BR","potentialAction":[{"@type":"CommentAction","name":"Comment","target":["https:\/\/noticiaempauta.com\/portal\/ceara-continua-invadindo-as-terras-do-piaui-alerta-deputado-gil-carlos\/#respond"]}]},{"@type":"WebPage","@id":"https:\/\/noticiaempauta.com\/portal\/ceara-continua-invadindo-as-terras-do-piaui-alerta-deputado-gil-carlos\/","url":"https:\/\/noticiaempauta.com\/portal\/ceara-continua-invadindo-as-terras-do-piaui-alerta-deputado-gil-carlos\/","name":"Cear\u00e1 continua invadindo as terras do Piau\u00ed, alerta deputado Gil Carlos - Portal Not\u00edcia em Pauta","isPartOf":{"@id":"https:\/\/noticiaempauta.com\/portal\/#website"},"primaryImageOfPage":{"@id":"https:\/\/noticiaempauta.com\/portal\/ceara-continua-invadindo-as-terras-do-piaui-alerta-deputado-gil-carlos\/#primaryimage"},"image":{"@id":"https:\/\/noticiaempauta.com\/portal\/ceara-continua-invadindo-as-terras-do-piaui-alerta-deputado-gil-carlos\/#primaryimage"},"thumbnailUrl":"https:\/\/noticiaempauta.com\/portal\/wp-content\/uploads\/2023\/07\/litigio-entre-piaui-e-ceara-avanca-e-esta-prestes-a-ter-um-ponto-final-3e594f28-2b1b-4f15-9507-ebe8bc045a9c.webp","datePublished":"2024-03-08T19:51:10+00:00","dateModified":"2024-03-08T19:51:11+00:00","breadcrumb":{"@id":"https:\/\/noticiaempauta.com\/portal\/ceara-continua-invadindo-as-terras-do-piaui-alerta-deputado-gil-carlos\/#breadcrumb"},"inLanguage":"pt-BR","potentialAction":[{"@type":"ReadAction","target":["https:\/\/noticiaempauta.com\/portal\/ceara-continua-invadindo-as-terras-do-piaui-alerta-deputado-gil-carlos\/"]}]},{"@type":"ImageObject","inLanguage":"pt-BR","@id":"https:\/\/noticiaempauta.com\/portal\/ceara-continua-invadindo-as-terras-do-piaui-alerta-deputado-gil-carlos\/#primaryimage","url":"https:\/\/noticiaempauta.com\/portal\/wp-content\/uploads\/2023\/07\/litigio-entre-piaui-e-ceara-avanca-e-esta-prestes-a-ter-um-ponto-final-3e594f28-2b1b-4f15-9507-ebe8bc045a9c.webp","contentUrl":"https:\/\/noticiaempauta.com\/portal\/wp-content\/uploads\/2023\/07\/litigio-entre-piaui-e-ceara-avanca-e-esta-prestes-a-ter-um-ponto-final-3e594f28-2b1b-4f15-9507-ebe8bc045a9c.webp","width":650,"height":433},{"@type":"BreadcrumbList","@id":"https:\/\/noticiaempauta.com\/portal\/ceara-continua-invadindo-as-terras-do-piaui-alerta-deputado-gil-carlos\/#breadcrumb","itemListElement":[{"@type":"ListItem","position":1,"name":"P\u00e1gina Inicial","item":"https:\/\/noticiaempauta.com\/portal\/"},{"@type":"ListItem","position":2,"name":"Destaques","item":"https:\/\/noticiaempauta.com\/portal\/destaques-site\/"},{"@type":"ListItem","position":3,"name":"Cear\u00e1 continua invadindo as terras do Piau\u00ed, alerta deputado Gil Carlos"}]},{"@type":"WebSite","@id":"https:\/\/noticiaempauta.com\/portal\/#website","url":"https:\/\/noticiaempauta.com\/portal\/","name":"Portal Not\u00edcia em Pauta","description":"Voc\u00ea bem informado","publisher":{"@id":"https:\/\/noticiaempauta.com\/portal\/#organization"},"potentialAction":[{"@type":"SearchAction","target":{"@type":"EntryPoint","urlTemplate":"https:\/\/noticiaempauta.com\/portal\/?s={search_term_string}"},"query-input":{"@type":"PropertyValueSpecification","valueRequired":true,"valueName":"search_term_string"}}],"inLanguage":"pt-BR"},{"@type":"Organization","@id":"https:\/\/noticiaempauta.com\/portal\/#organization","name":"Portal Not\u00edcia em Pauta","url":"https:\/\/noticiaempauta.com\/portal\/","logo":{"@type":"ImageObject","inLanguage":"pt-BR","@id":"https:\/\/noticiaempauta.com\/portal\/#\/schema\/logo\/image\/","url":"https:\/\/noticiaempauta.com\/portal\/wp-content\/uploads\/2022\/08\/logomarca_tema.fw_.png","contentUrl":"https:\/\/noticiaempauta.com\/portal\/wp-content\/uploads\/2022\/08\/logomarca_tema.fw_.png","width":400,"height":232,"caption":"Portal Not\u00edcia em Pauta"},"image":{"@id":"https:\/\/noticiaempauta.com\/portal\/#\/schema\/logo\/image\/"},"sameAs":["https:\/\/www.facebook.com\/Portal-Notcia-Em-Pauta-102292869264820\/","https:\/\/www.instagram.com\/portalnoticiaempauta\/"]},{"@type":"Person","@id":"https:\/\/noticiaempauta.com\/portal\/#\/schema\/person\/a74af43dd1ab3deca45f988c717d57ac","name":"Reda\u00e7\u00e3o","image":{"@type":"ImageObject","inLanguage":"pt-BR","@id":"https:\/\/noticiaempauta.com\/portal\/#\/schema\/person\/image\/","url":"https:\/\/secure.gravatar.com\/avatar\/03179346ecce6cdfc13361603e8f54242a90e5cde8618fa23c5c00aa2b0aadf3?s=96&d=mm&r=g","contentUrl":"https:\/\/secure.gravatar.com\/avatar\/03179346ecce6cdfc13361603e8f54242a90e5cde8618fa23c5c00aa2b0aadf3?s=96&d=mm&r=g","caption":"Reda\u00e7\u00e3o"},"sameAs":["https:\/\/noticiaempauta.com\/portal\/"],"url":"https:\/\/noticiaempauta.com\/portal\/author\/fernando\/"}]}},"_links":{"self":[{"href":"https:\/\/noticiaempauta.com\/portal\/wp-json\/wp\/v2\/posts\/255621","targetHints":{"allow":["GET"]}}],"collection":[{"href":"https:\/\/noticiaempauta.com\/portal\/wp-json\/wp\/v2\/posts"}],"about":[{"href":"https:\/\/noticiaempauta.com\/portal\/wp-json\/wp\/v2\/types\/post"}],"author":[{"embeddable":true,"href":"https:\/\/noticiaempauta.com\/portal\/wp-json\/wp\/v2\/users\/2"}],"replies":[{"embeddable":true,"href":"https:\/\/noticiaempauta.com\/portal\/wp-json\/wp\/v2\/comments?post=255621"}],"version-history":[{"count":2,"href":"https:\/\/noticiaempauta.com\/portal\/wp-json\/wp\/v2\/posts\/255621\/revisions"}],"predecessor-version":[{"id":255626,"href":"https:\/\/noticiaempauta.com\/portal\/wp-json\/wp\/v2\/posts\/255621\/revisions\/255626"}],"wp:featuredmedia":[{"embeddable":true,"href":"https:\/\/noticiaempauta.com\/portal\/wp-json\/wp\/v2\/media\/247876"}],"wp:attachment":[{"href":"https:\/\/noticiaempauta.com\/portal\/wp-json\/wp\/v2\/media?parent=255621"}],"wp:term":[{"taxonomy":"category","embeddable":true,"href":"https:\/\/noticiaempauta.com\/portal\/wp-json\/wp\/v2\/categories?post=255621"},{"taxonomy":"post_tag","embeddable":true,"href":"https:\/\/noticiaempauta.com\/portal\/wp-json\/wp\/v2\/tags?post=255621"}],"curies":[{"name":"wp","href":"https:\/\/api.w.org\/{rel}","templated":true}]}}