{"id":255711,"date":"2024-03-11T09:59:41","date_gmt":"2024-03-11T12:59:41","guid":{"rendered":"https:\/\/noticiaempauta.com\/portal\/?p=255711"},"modified":"2024-03-11T10:09:01","modified_gmt":"2024-03-11T13:09:01","slug":"pablo-santos-continua-na-lideranca-para-a-prefeitura-de-picos-em-nova-pesquisa-datamax","status":"publish","type":"post","link":"https:\/\/noticiaempauta.com\/portal\/pablo-santos-continua-na-lideranca-para-a-prefeitura-de-picos-em-nova-pesquisa-datamax\/","title":{"rendered":"Pablo Santos continua na lideran\u00e7a para a prefeitura de Picos em nova pesquisa Datamax"},"content":{"rendered":"\n<p>A nova pesquisa do Instituto Datamax apontou que o deputado estadual licenciado e pr\u00e9-candidato a prefeito Pablo Santos (MDB), mant\u00e9m a lideran\u00e7a com 64,72% das inten\u00e7\u00f5es de votos na estimulada. O levantamento foi realizado nos dias 06 e 07 de mar\u00e7o, com 500 entrevistados residentes em bairros da zona Urbana e Rural do munic\u00edpio.<\/p>\n\n\n\n<figure class=\"wp-block-image size-large\"><img fetchpriority=\"high\" decoding=\"async\" width=\"1024\" height=\"662\" src=\"https:\/\/noticiaempauta.com\/portal\/wp-content\/uploads\/2024\/03\/WhatsApp-Image-2024-03-11-at-09.53.11-1024x662.jpeg\" alt=\"\" class=\"wp-image-255714\" srcset=\"https:\/\/noticiaempauta.com\/portal\/wp-content\/uploads\/2024\/03\/WhatsApp-Image-2024-03-11-at-09.53.11-1024x662.jpeg 1024w, https:\/\/noticiaempauta.com\/portal\/wp-content\/uploads\/2024\/03\/WhatsApp-Image-2024-03-11-at-09.53.11-300x194.jpeg 300w, https:\/\/noticiaempauta.com\/portal\/wp-content\/uploads\/2024\/03\/WhatsApp-Image-2024-03-11-at-09.53.11-768x496.jpeg 768w, https:\/\/noticiaempauta.com\/portal\/wp-content\/uploads\/2024\/03\/WhatsApp-Image-2024-03-11-at-09.53.11-1536x993.jpeg 1536w, https:\/\/noticiaempauta.com\/portal\/wp-content\/uploads\/2024\/03\/WhatsApp-Image-2024-03-11-at-09.53.11.jpeg 1600w\" sizes=\"(max-width: 1024px) 100vw, 1024px\" \/><\/figure>\n\n\n\n<p>Quando questionados em quem votariam caso as elei\u00e7\u00f5es fossem hoje, os picoenses destacaram o nome do pr\u00e9-candidato emedebista, enquanto o atual prefeito, que deve buscar a reelei\u00e7\u00e3o, Gil Paraibano (Progressistas), aparece com 35,28% na estimulada. A pesquisa tamb\u00e9m mostrou que 58,62% da popula\u00e7\u00e3o n\u00e3o aprova a atual administra\u00e7\u00e3o municipal.<\/p>\n\n\n\n<figure class=\"wp-block-image size-large\"><img decoding=\"async\" width=\"1024\" height=\"683\" src=\"https:\/\/noticiaempauta.com\/portal\/wp-content\/uploads\/2024\/03\/WhatsApp-Image-2024-03-11-at-09.53.12-1024x683.jpeg\" alt=\"\" class=\"wp-image-255713\" srcset=\"https:\/\/noticiaempauta.com\/portal\/wp-content\/uploads\/2024\/03\/WhatsApp-Image-2024-03-11-at-09.53.12-1024x683.jpeg 1024w, https:\/\/noticiaempauta.com\/portal\/wp-content\/uploads\/2024\/03\/WhatsApp-Image-2024-03-11-at-09.53.12-300x200.jpeg 300w, https:\/\/noticiaempauta.com\/portal\/wp-content\/uploads\/2024\/03\/WhatsApp-Image-2024-03-11-at-09.53.12-768x512.jpeg 768w, https:\/\/noticiaempauta.com\/portal\/wp-content\/uploads\/2024\/03\/WhatsApp-Image-2024-03-11-at-09.53.12.jpeg 1066w\" sizes=\"(max-width: 1024px) 100vw, 1024px\" \/><\/figure>\n\n\n\n<p>Com rela\u00e7\u00e3o a pesquisa espont\u00e2nea, na qual o Instituto n\u00e3o apresenta os nomes dos pr\u00e9-candidatos, Pablo Santos figura com 33% das inten\u00e7\u00f5es de votos. 21,20% afirmaram que votariam em Gil Paraibano.<br>\u2028Al\u00e9m disso, a pesquisa do Instituto Datax tamb\u00e9m sondou a avalia\u00e7\u00e3o da popula\u00e7\u00e3o picoense sobre a administra\u00e7\u00e3o do governador do Piau\u00ed, Rafael Fonteles (PT). A gest\u00e3o foi avaliada de forma positiva pelos entrevistados, apresentando 77,7% de aprova\u00e7\u00e3o.<\/p>\n\n\n\n<p><strong>Ficha T\u00e9cnica<\/strong><\/p>\n\n\n\n<p>Registrada no TSE sob o n\u00ba PI-03998\/2024, a pesquisa utilizou, como metodologia, uma amostragem aleat\u00f3ria estratificada proporcional por sexo, idade, escolaridade e renda distribu\u00eddas na zona Urbana e Rural atrav\u00e9s de entrevistas domiciliares e individuais na cidade de Picos. O intervalo de confian\u00e7a \u00e9 de 95% com margem de erro de 4,38%.<\/p>\n\n\n\n<p>As entrevistas foram conduzidas nos bairros: Centro, Aroeiras do Matadouro, Canto da V\u00e1rzea, Malva, Paroquial, Pantanal, Paraibinha, COHAB, Jardim Natal, Conduru, Pedrinhas, Junco, Parque de Exposi\u00e7\u00e3o, DNER, Catavento, Morro da AABB, Ipueiras, Umari, Macambira, Bomba, S\u00e3o Jos\u00e9, S\u00e3o Vicente, Morada do Sol, Morada Nova, Aerol\u00e2ndia, Belo Norte, Passagem das Pedras, Boa Vista, Cidade de Deus, Boa Sorte e Trizidela(S\u00e3o Sebasti\u00e3o), e Rural, nas Localidades: F\u00e1tima do Piau\u00ed, Mirol\u00e2ndia, Torr\u00f5es, Morrinhos, Lagoa dos F\u00e9lix, Coroat\u00e1 e Val Para\u00edso.<\/p>\n\n\n\n<p><em>Ascom<\/em><\/p>\n","protected":false},"excerpt":{"rendered":"<p>A nova pesquisa do Instituto Datamax apontou que o deputado estadual licenciado e pr\u00e9-candidato a prefeito Pablo Santos (MDB), mant\u00e9m a lideran\u00e7a com 64,72% das inten\u00e7\u00f5es de votos na estimulada. O levantamento foi realizado nos dias 06 e 07 de mar\u00e7o, com 500 entrevistados residentes em bairros da zona Urbana e Rural do munic\u00edpio. Quando [&hellip;]<\/p>\n","protected":false},"author":2,"featured_media":255713,"comment_status":"open","ping_status":"open","sticky":false,"template":"","format":"standard","meta":{"_mi_skip_tracking":false,"footnotes":""},"categories":[25,1,3,16],"tags":[192],"class_list":["post-255711","post","type-post","status-publish","format-standard","has-post-thumbnail","hentry","category-destaques-site","category-geral","category-politica","category-todas","tag-destaqueprincipal"],"acf":[],"yoast_head":"<!-- This site is optimized with the Yoast SEO Premium plugin v19.2 (Yoast SEO v26.9) - https:\/\/yoast.com\/product\/yoast-seo-premium-wordpress\/ -->\n<title>Pablo Santos continua na lideran\u00e7a para a prefeitura de Picos em nova pesquisa Datamax - Portal Not\u00edcia em Pauta<\/title>\n<meta name=\"robots\" content=\"index, follow, max-snippet:-1, max-image-preview:large, max-video-preview:-1\" \/>\n<link rel=\"canonical\" href=\"https:\/\/noticiaempauta.com\/portal\/pablo-santos-continua-na-lideranca-para-a-prefeitura-de-picos-em-nova-pesquisa-datamax\/\" \/>\n<meta property=\"og:locale\" content=\"pt_BR\" \/>\n<meta property=\"og:type\" content=\"article\" \/>\n<meta property=\"og:title\" content=\"Pablo Santos continua na lideran\u00e7a para a prefeitura de Picos em nova pesquisa Datamax\" \/>\n<meta property=\"og:description\" content=\"A nova pesquisa do Instituto Datamax apontou que o deputado estadual licenciado e pr\u00e9-candidato a prefeito Pablo Santos (MDB), mant\u00e9m a lideran\u00e7a com 64,72% das inten\u00e7\u00f5es de votos na estimulada. O levantamento foi realizado nos dias 06 e 07 de mar\u00e7o, com 500 entrevistados residentes em bairros da zona Urbana e Rural do munic\u00edpio. Quando [&hellip;]\" \/>\n<meta property=\"og:url\" content=\"https:\/\/noticiaempauta.com\/portal\/pablo-santos-continua-na-lideranca-para-a-prefeitura-de-picos-em-nova-pesquisa-datamax\/\" \/>\n<meta property=\"og:site_name\" content=\"Portal Not\u00edcia em Pauta\" \/>\n<meta property=\"article:publisher\" content=\"https:\/\/www.facebook.com\/Portal-Notcia-Em-Pauta-102292869264820\/\" \/>\n<meta property=\"article:published_time\" content=\"2024-03-11T12:59:41+00:00\" \/>\n<meta property=\"article:modified_time\" content=\"2024-03-11T13:09:01+00:00\" \/>\n<meta property=\"og:image\" content=\"https:\/\/noticiaempauta.com\/portal\/wp-content\/uploads\/2024\/03\/WhatsApp-Image-2024-03-11-at-09.53.12.jpeg\" \/>\n\t<meta property=\"og:image:width\" content=\"1066\" \/>\n\t<meta property=\"og:image:height\" content=\"711\" \/>\n\t<meta property=\"og:image:type\" content=\"image\/jpeg\" \/>\n<meta name=\"author\" content=\"Reda\u00e7\u00e3o\" \/>\n<meta name=\"twitter:card\" content=\"summary_large_image\" \/>\n<meta name=\"twitter:label1\" content=\"Escrito por\" \/>\n\t<meta name=\"twitter:data1\" content=\"Reda\u00e7\u00e3o\" \/>\n\t<meta name=\"twitter:label2\" content=\"Est. tempo de leitura\" \/>\n\t<meta name=\"twitter:data2\" content=\"3 minutos\" \/>\n<script type=\"application\/ld+json\" class=\"yoast-schema-graph\">{\"@context\":\"https:\/\/schema.org\",\"@graph\":[{\"@type\":\"Article\",\"@id\":\"https:\/\/noticiaempauta.com\/portal\/pablo-santos-continua-na-lideranca-para-a-prefeitura-de-picos-em-nova-pesquisa-datamax\/#article\",\"isPartOf\":{\"@id\":\"https:\/\/noticiaempauta.com\/portal\/pablo-santos-continua-na-lideranca-para-a-prefeitura-de-picos-em-nova-pesquisa-datamax\/\"},\"author\":{\"name\":\"Reda\u00e7\u00e3o\",\"@id\":\"https:\/\/noticiaempauta.com\/portal\/#\/schema\/person\/a74af43dd1ab3deca45f988c717d57ac\"},\"headline\":\"Pablo Santos continua na lideran\u00e7a para a prefeitura de Picos em nova pesquisa Datamax\",\"datePublished\":\"2024-03-11T12:59:41+00:00\",\"dateModified\":\"2024-03-11T13:09:01+00:00\",\"mainEntityOfPage\":{\"@id\":\"https:\/\/noticiaempauta.com\/portal\/pablo-santos-continua-na-lideranca-para-a-prefeitura-de-picos-em-nova-pesquisa-datamax\/\"},\"wordCount\":349,\"commentCount\":0,\"publisher\":{\"@id\":\"https:\/\/noticiaempauta.com\/portal\/#organization\"},\"image\":{\"@id\":\"https:\/\/noticiaempauta.com\/portal\/pablo-santos-continua-na-lideranca-para-a-prefeitura-de-picos-em-nova-pesquisa-datamax\/#primaryimage\"},\"thumbnailUrl\":\"https:\/\/noticiaempauta.com\/portal\/wp-content\/uploads\/2024\/03\/WhatsApp-Image-2024-03-11-at-09.53.12.jpeg\",\"keywords\":[\"destaqueprincipal\"],\"articleSection\":[\"Destaques\",\"Geral\",\"Pol\u00edtica\",\"Todas as Not\u00edcias\"],\"inLanguage\":\"pt-BR\",\"potentialAction\":[{\"@type\":\"CommentAction\",\"name\":\"Comment\",\"target\":[\"https:\/\/noticiaempauta.com\/portal\/pablo-santos-continua-na-lideranca-para-a-prefeitura-de-picos-em-nova-pesquisa-datamax\/#respond\"]}]},{\"@type\":\"WebPage\",\"@id\":\"https:\/\/noticiaempauta.com\/portal\/pablo-santos-continua-na-lideranca-para-a-prefeitura-de-picos-em-nova-pesquisa-datamax\/\",\"url\":\"https:\/\/noticiaempauta.com\/portal\/pablo-santos-continua-na-lideranca-para-a-prefeitura-de-picos-em-nova-pesquisa-datamax\/\",\"name\":\"Pablo Santos continua na lideran\u00e7a para a prefeitura de Picos em nova pesquisa Datamax - Portal Not\u00edcia em Pauta\",\"isPartOf\":{\"@id\":\"https:\/\/noticiaempauta.com\/portal\/#website\"},\"primaryImageOfPage\":{\"@id\":\"https:\/\/noticiaempauta.com\/portal\/pablo-santos-continua-na-lideranca-para-a-prefeitura-de-picos-em-nova-pesquisa-datamax\/#primaryimage\"},\"image\":{\"@id\":\"https:\/\/noticiaempauta.com\/portal\/pablo-santos-continua-na-lideranca-para-a-prefeitura-de-picos-em-nova-pesquisa-datamax\/#primaryimage\"},\"thumbnailUrl\":\"https:\/\/noticiaempauta.com\/portal\/wp-content\/uploads\/2024\/03\/WhatsApp-Image-2024-03-11-at-09.53.12.jpeg\",\"datePublished\":\"2024-03-11T12:59:41+00:00\",\"dateModified\":\"2024-03-11T13:09:01+00:00\",\"breadcrumb\":{\"@id\":\"https:\/\/noticiaempauta.com\/portal\/pablo-santos-continua-na-lideranca-para-a-prefeitura-de-picos-em-nova-pesquisa-datamax\/#breadcrumb\"},\"inLanguage\":\"pt-BR\",\"potentialAction\":[{\"@type\":\"ReadAction\",\"target\":[\"https:\/\/noticiaempauta.com\/portal\/pablo-santos-continua-na-lideranca-para-a-prefeitura-de-picos-em-nova-pesquisa-datamax\/\"]}]},{\"@type\":\"ImageObject\",\"inLanguage\":\"pt-BR\",\"@id\":\"https:\/\/noticiaempauta.com\/portal\/pablo-santos-continua-na-lideranca-para-a-prefeitura-de-picos-em-nova-pesquisa-datamax\/#primaryimage\",\"url\":\"https:\/\/noticiaempauta.com\/portal\/wp-content\/uploads\/2024\/03\/WhatsApp-Image-2024-03-11-at-09.53.12.jpeg\",\"contentUrl\":\"https:\/\/noticiaempauta.com\/portal\/wp-content\/uploads\/2024\/03\/WhatsApp-Image-2024-03-11-at-09.53.12.jpeg\",\"width\":1066,\"height\":711},{\"@type\":\"BreadcrumbList\",\"@id\":\"https:\/\/noticiaempauta.com\/portal\/pablo-santos-continua-na-lideranca-para-a-prefeitura-de-picos-em-nova-pesquisa-datamax\/#breadcrumb\",\"itemListElement\":[{\"@type\":\"ListItem\",\"position\":1,\"name\":\"P\u00e1gina Inicial\",\"item\":\"https:\/\/noticiaempauta.com\/portal\/\"},{\"@type\":\"ListItem\",\"position\":2,\"name\":\"Destaques\",\"item\":\"https:\/\/noticiaempauta.com\/portal\/destaques-site\/\"},{\"@type\":\"ListItem\",\"position\":3,\"name\":\"Pablo Santos continua na lideran\u00e7a para a prefeitura de Picos em nova pesquisa Datamax\"}]},{\"@type\":\"WebSite\",\"@id\":\"https:\/\/noticiaempauta.com\/portal\/#website\",\"url\":\"https:\/\/noticiaempauta.com\/portal\/\",\"name\":\"Portal Not\u00edcia em Pauta\",\"description\":\"Voc\u00ea bem informado\",\"publisher\":{\"@id\":\"https:\/\/noticiaempauta.com\/portal\/#organization\"},\"potentialAction\":[{\"@type\":\"SearchAction\",\"target\":{\"@type\":\"EntryPoint\",\"urlTemplate\":\"https:\/\/noticiaempauta.com\/portal\/?s={search_term_string}\"},\"query-input\":{\"@type\":\"PropertyValueSpecification\",\"valueRequired\":true,\"valueName\":\"search_term_string\"}}],\"inLanguage\":\"pt-BR\"},{\"@type\":\"Organization\",\"@id\":\"https:\/\/noticiaempauta.com\/portal\/#organization\",\"name\":\"Portal Not\u00edcia em Pauta\",\"url\":\"https:\/\/noticiaempauta.com\/portal\/\",\"logo\":{\"@type\":\"ImageObject\",\"inLanguage\":\"pt-BR\",\"@id\":\"https:\/\/noticiaempauta.com\/portal\/#\/schema\/logo\/image\/\",\"url\":\"https:\/\/noticiaempauta.com\/portal\/wp-content\/uploads\/2022\/08\/logomarca_tema.fw_.png\",\"contentUrl\":\"https:\/\/noticiaempauta.com\/portal\/wp-content\/uploads\/2022\/08\/logomarca_tema.fw_.png\",\"width\":400,\"height\":232,\"caption\":\"Portal Not\u00edcia em Pauta\"},\"image\":{\"@id\":\"https:\/\/noticiaempauta.com\/portal\/#\/schema\/logo\/image\/\"},\"sameAs\":[\"https:\/\/www.facebook.com\/Portal-Notcia-Em-Pauta-102292869264820\/\",\"https:\/\/www.instagram.com\/portalnoticiaempauta\/\"]},{\"@type\":\"Person\",\"@id\":\"https:\/\/noticiaempauta.com\/portal\/#\/schema\/person\/a74af43dd1ab3deca45f988c717d57ac\",\"name\":\"Reda\u00e7\u00e3o\",\"image\":{\"@type\":\"ImageObject\",\"inLanguage\":\"pt-BR\",\"@id\":\"https:\/\/noticiaempauta.com\/portal\/#\/schema\/person\/image\/\",\"url\":\"https:\/\/secure.gravatar.com\/avatar\/03179346ecce6cdfc13361603e8f54242a90e5cde8618fa23c5c00aa2b0aadf3?s=96&d=mm&r=g\",\"contentUrl\":\"https:\/\/secure.gravatar.com\/avatar\/03179346ecce6cdfc13361603e8f54242a90e5cde8618fa23c5c00aa2b0aadf3?s=96&d=mm&r=g\",\"caption\":\"Reda\u00e7\u00e3o\"},\"sameAs\":[\"https:\/\/noticiaempauta.com\/portal\/\"],\"url\":\"https:\/\/noticiaempauta.com\/portal\/author\/fernando\/\"}]}<\/script>\n<!-- \/ Yoast SEO Premium plugin. -->","yoast_head_json":{"title":"Pablo Santos continua na lideran\u00e7a para a prefeitura de Picos em nova pesquisa Datamax - Portal Not\u00edcia em Pauta","robots":{"index":"index","follow":"follow","max-snippet":"max-snippet:-1","max-image-preview":"max-image-preview:large","max-video-preview":"max-video-preview:-1"},"canonical":"https:\/\/noticiaempauta.com\/portal\/pablo-santos-continua-na-lideranca-para-a-prefeitura-de-picos-em-nova-pesquisa-datamax\/","og_locale":"pt_BR","og_type":"article","og_title":"Pablo Santos continua na lideran\u00e7a para a prefeitura de Picos em nova pesquisa Datamax","og_description":"A nova pesquisa do Instituto Datamax apontou que o deputado estadual licenciado e pr\u00e9-candidato a prefeito Pablo Santos (MDB), mant\u00e9m a lideran\u00e7a com 64,72% das inten\u00e7\u00f5es de votos na estimulada. O levantamento foi realizado nos dias 06 e 07 de mar\u00e7o, com 500 entrevistados residentes em bairros da zona Urbana e Rural do munic\u00edpio. Quando [&hellip;]","og_url":"https:\/\/noticiaempauta.com\/portal\/pablo-santos-continua-na-lideranca-para-a-prefeitura-de-picos-em-nova-pesquisa-datamax\/","og_site_name":"Portal Not\u00edcia em Pauta","article_publisher":"https:\/\/www.facebook.com\/Portal-Notcia-Em-Pauta-102292869264820\/","article_published_time":"2024-03-11T12:59:41+00:00","article_modified_time":"2024-03-11T13:09:01+00:00","og_image":[{"width":1066,"height":711,"url":"https:\/\/noticiaempauta.com\/portal\/wp-content\/uploads\/2024\/03\/WhatsApp-Image-2024-03-11-at-09.53.12.jpeg","type":"image\/jpeg"}],"author":"Reda\u00e7\u00e3o","twitter_card":"summary_large_image","twitter_misc":{"Escrito por":"Reda\u00e7\u00e3o","Est. tempo de leitura":"3 minutos"},"schema":{"@context":"https:\/\/schema.org","@graph":[{"@type":"Article","@id":"https:\/\/noticiaempauta.com\/portal\/pablo-santos-continua-na-lideranca-para-a-prefeitura-de-picos-em-nova-pesquisa-datamax\/#article","isPartOf":{"@id":"https:\/\/noticiaempauta.com\/portal\/pablo-santos-continua-na-lideranca-para-a-prefeitura-de-picos-em-nova-pesquisa-datamax\/"},"author":{"name":"Reda\u00e7\u00e3o","@id":"https:\/\/noticiaempauta.com\/portal\/#\/schema\/person\/a74af43dd1ab3deca45f988c717d57ac"},"headline":"Pablo Santos continua na lideran\u00e7a para a prefeitura de Picos em nova pesquisa Datamax","datePublished":"2024-03-11T12:59:41+00:00","dateModified":"2024-03-11T13:09:01+00:00","mainEntityOfPage":{"@id":"https:\/\/noticiaempauta.com\/portal\/pablo-santos-continua-na-lideranca-para-a-prefeitura-de-picos-em-nova-pesquisa-datamax\/"},"wordCount":349,"commentCount":0,"publisher":{"@id":"https:\/\/noticiaempauta.com\/portal\/#organization"},"image":{"@id":"https:\/\/noticiaempauta.com\/portal\/pablo-santos-continua-na-lideranca-para-a-prefeitura-de-picos-em-nova-pesquisa-datamax\/#primaryimage"},"thumbnailUrl":"https:\/\/noticiaempauta.com\/portal\/wp-content\/uploads\/2024\/03\/WhatsApp-Image-2024-03-11-at-09.53.12.jpeg","keywords":["destaqueprincipal"],"articleSection":["Destaques","Geral","Pol\u00edtica","Todas as Not\u00edcias"],"inLanguage":"pt-BR","potentialAction":[{"@type":"CommentAction","name":"Comment","target":["https:\/\/noticiaempauta.com\/portal\/pablo-santos-continua-na-lideranca-para-a-prefeitura-de-picos-em-nova-pesquisa-datamax\/#respond"]}]},{"@type":"WebPage","@id":"https:\/\/noticiaempauta.com\/portal\/pablo-santos-continua-na-lideranca-para-a-prefeitura-de-picos-em-nova-pesquisa-datamax\/","url":"https:\/\/noticiaempauta.com\/portal\/pablo-santos-continua-na-lideranca-para-a-prefeitura-de-picos-em-nova-pesquisa-datamax\/","name":"Pablo Santos continua na lideran\u00e7a para a prefeitura de Picos em nova pesquisa Datamax - Portal Not\u00edcia em Pauta","isPartOf":{"@id":"https:\/\/noticiaempauta.com\/portal\/#website"},"primaryImageOfPage":{"@id":"https:\/\/noticiaempauta.com\/portal\/pablo-santos-continua-na-lideranca-para-a-prefeitura-de-picos-em-nova-pesquisa-datamax\/#primaryimage"},"image":{"@id":"https:\/\/noticiaempauta.com\/portal\/pablo-santos-continua-na-lideranca-para-a-prefeitura-de-picos-em-nova-pesquisa-datamax\/#primaryimage"},"thumbnailUrl":"https:\/\/noticiaempauta.com\/portal\/wp-content\/uploads\/2024\/03\/WhatsApp-Image-2024-03-11-at-09.53.12.jpeg","datePublished":"2024-03-11T12:59:41+00:00","dateModified":"2024-03-11T13:09:01+00:00","breadcrumb":{"@id":"https:\/\/noticiaempauta.com\/portal\/pablo-santos-continua-na-lideranca-para-a-prefeitura-de-picos-em-nova-pesquisa-datamax\/#breadcrumb"},"inLanguage":"pt-BR","potentialAction":[{"@type":"ReadAction","target":["https:\/\/noticiaempauta.com\/portal\/pablo-santos-continua-na-lideranca-para-a-prefeitura-de-picos-em-nova-pesquisa-datamax\/"]}]},{"@type":"ImageObject","inLanguage":"pt-BR","@id":"https:\/\/noticiaempauta.com\/portal\/pablo-santos-continua-na-lideranca-para-a-prefeitura-de-picos-em-nova-pesquisa-datamax\/#primaryimage","url":"https:\/\/noticiaempauta.com\/portal\/wp-content\/uploads\/2024\/03\/WhatsApp-Image-2024-03-11-at-09.53.12.jpeg","contentUrl":"https:\/\/noticiaempauta.com\/portal\/wp-content\/uploads\/2024\/03\/WhatsApp-Image-2024-03-11-at-09.53.12.jpeg","width":1066,"height":711},{"@type":"BreadcrumbList","@id":"https:\/\/noticiaempauta.com\/portal\/pablo-santos-continua-na-lideranca-para-a-prefeitura-de-picos-em-nova-pesquisa-datamax\/#breadcrumb","itemListElement":[{"@type":"ListItem","position":1,"name":"P\u00e1gina Inicial","item":"https:\/\/noticiaempauta.com\/portal\/"},{"@type":"ListItem","position":2,"name":"Destaques","item":"https:\/\/noticiaempauta.com\/portal\/destaques-site\/"},{"@type":"ListItem","position":3,"name":"Pablo Santos continua na lideran\u00e7a para a prefeitura de Picos em nova pesquisa Datamax"}]},{"@type":"WebSite","@id":"https:\/\/noticiaempauta.com\/portal\/#website","url":"https:\/\/noticiaempauta.com\/portal\/","name":"Portal Not\u00edcia em Pauta","description":"Voc\u00ea bem informado","publisher":{"@id":"https:\/\/noticiaempauta.com\/portal\/#organization"},"potentialAction":[{"@type":"SearchAction","target":{"@type":"EntryPoint","urlTemplate":"https:\/\/noticiaempauta.com\/portal\/?s={search_term_string}"},"query-input":{"@type":"PropertyValueSpecification","valueRequired":true,"valueName":"search_term_string"}}],"inLanguage":"pt-BR"},{"@type":"Organization","@id":"https:\/\/noticiaempauta.com\/portal\/#organization","name":"Portal Not\u00edcia em Pauta","url":"https:\/\/noticiaempauta.com\/portal\/","logo":{"@type":"ImageObject","inLanguage":"pt-BR","@id":"https:\/\/noticiaempauta.com\/portal\/#\/schema\/logo\/image\/","url":"https:\/\/noticiaempauta.com\/portal\/wp-content\/uploads\/2022\/08\/logomarca_tema.fw_.png","contentUrl":"https:\/\/noticiaempauta.com\/portal\/wp-content\/uploads\/2022\/08\/logomarca_tema.fw_.png","width":400,"height":232,"caption":"Portal Not\u00edcia em Pauta"},"image":{"@id":"https:\/\/noticiaempauta.com\/portal\/#\/schema\/logo\/image\/"},"sameAs":["https:\/\/www.facebook.com\/Portal-Notcia-Em-Pauta-102292869264820\/","https:\/\/www.instagram.com\/portalnoticiaempauta\/"]},{"@type":"Person","@id":"https:\/\/noticiaempauta.com\/portal\/#\/schema\/person\/a74af43dd1ab3deca45f988c717d57ac","name":"Reda\u00e7\u00e3o","image":{"@type":"ImageObject","inLanguage":"pt-BR","@id":"https:\/\/noticiaempauta.com\/portal\/#\/schema\/person\/image\/","url":"https:\/\/secure.gravatar.com\/avatar\/03179346ecce6cdfc13361603e8f54242a90e5cde8618fa23c5c00aa2b0aadf3?s=96&d=mm&r=g","contentUrl":"https:\/\/secure.gravatar.com\/avatar\/03179346ecce6cdfc13361603e8f54242a90e5cde8618fa23c5c00aa2b0aadf3?s=96&d=mm&r=g","caption":"Reda\u00e7\u00e3o"},"sameAs":["https:\/\/noticiaempauta.com\/portal\/"],"url":"https:\/\/noticiaempauta.com\/portal\/author\/fernando\/"}]}},"_links":{"self":[{"href":"https:\/\/noticiaempauta.com\/portal\/wp-json\/wp\/v2\/posts\/255711","targetHints":{"allow":["GET"]}}],"collection":[{"href":"https:\/\/noticiaempauta.com\/portal\/wp-json\/wp\/v2\/posts"}],"about":[{"href":"https:\/\/noticiaempauta.com\/portal\/wp-json\/wp\/v2\/types\/post"}],"author":[{"embeddable":true,"href":"https:\/\/noticiaempauta.com\/portal\/wp-json\/wp\/v2\/users\/2"}],"replies":[{"embeddable":true,"href":"https:\/\/noticiaempauta.com\/portal\/wp-json\/wp\/v2\/comments?post=255711"}],"version-history":[{"count":3,"href":"https:\/\/noticiaempauta.com\/portal\/wp-json\/wp\/v2\/posts\/255711\/revisions"}],"predecessor-version":[{"id":255717,"href":"https:\/\/noticiaempauta.com\/portal\/wp-json\/wp\/v2\/posts\/255711\/revisions\/255717"}],"wp:featuredmedia":[{"embeddable":true,"href":"https:\/\/noticiaempauta.com\/portal\/wp-json\/wp\/v2\/media\/255713"}],"wp:attachment":[{"href":"https:\/\/noticiaempauta.com\/portal\/wp-json\/wp\/v2\/media?parent=255711"}],"wp:term":[{"taxonomy":"category","embeddable":true,"href":"https:\/\/noticiaempauta.com\/portal\/wp-json\/wp\/v2\/categories?post=255711"},{"taxonomy":"post_tag","embeddable":true,"href":"https:\/\/noticiaempauta.com\/portal\/wp-json\/wp\/v2\/tags?post=255711"}],"curies":[{"name":"wp","href":"https:\/\/api.w.org\/{rel}","templated":true}]}}