{"id":255865,"date":"2024-03-15T08:51:12","date_gmt":"2024-03-15T11:51:12","guid":{"rendered":"https:\/\/noticiaempauta.com\/portal\/?p=255865"},"modified":"2024-03-15T08:51:14","modified_gmt":"2024-03-15T11:51:14","slug":"senado-aprova-isencao-de-ipva-para-carros-com-mais-de-20-anos","status":"publish","type":"post","link":"https:\/\/noticiaempauta.com\/portal\/senado-aprova-isencao-de-ipva-para-carros-com-mais-de-20-anos\/","title":{"rendered":"Senado aprova isen\u00e7\u00e3o de IPVA para carros com mais de 20 anos"},"content":{"rendered":"\n<p>O Senado aprovou nesta quarta-feira (13) proposta de emenda constitucional, em dois turnos, que isenta ve\u00edculos com mais de 20 anos do pagamento do Imposto sobre a Propriedade de Ve\u00edculos Automotores (IPVA). O texto vai para an\u00e1lise da C\u00e2mara dos Deputados.<\/p>\n\n\n\n<p>A regra ir\u00e1 atingir cinco estados, onde a isen\u00e7\u00e3o ainda n\u00e3o vigora &#8211; Minas Gerais, Pernambuco, Tocantins, Alagoas e Santa Catarina. Em estados onde j\u00e1 existe algum tipo de isen\u00e7\u00e3o, como Rond\u00f4nia, n\u00e3o ter\u00e1 nenhuma mudan\u00e7a.<\/p>\n\n\n\n<p>&#8220;A regra valer\u00e1 para todo o territ\u00f3rio nacional. No caso daqueles estados onde j\u00e1 h\u00e1 isen\u00e7\u00e3o, a partir de dez ou 15 anos, a regra atual n\u00e3o muda, continua como est\u00e1. A regra vai vincular seus efeitos a partir dos 20 anos, porque \u00e9 uma prote\u00e7\u00e3o contra tributar&#8221;, disse o relator, senador Marcos Rog\u00e9rio (PL-RO). Segundo o relator, a medida beneficia popula\u00e7\u00e3o com menor poder aquisitivo, que acaba por comprometer parte significativa da renda para custear o imposto.&nbsp;<\/p>\n\n\n\n<p>A norma n\u00e3o incide para micro\u00f4nibus, \u00f4nibus, reboques e semirreboques.&nbsp;<\/p>\n\n\n\n<p>Pesquisa do Sindicato Nacional da Indu?stria de Componentes para Vei?culos Automotores (Sindipec?as) aponta que a frota de vei?culos em circulac?a?o no Brasil e? a mais velha desde 1995. De 2020 a 2021, o n\u00famero de ve\u00edculos com mais de 20 anos de uso cresceu de 2,5 milh\u00f5es para 3,6 milho?es.<\/p>\n\n\n\n<p><em>Fonte: Ag\u00eancia Brasil com informa\u00e7\u00f5es da Ag\u00eancia Senado<\/em><\/p>\n","protected":false},"excerpt":{"rendered":"<p>O Senado aprovou nesta quarta-feira (13) proposta de emenda constitucional, em dois turnos, que isenta ve\u00edculos com mais de 20 anos do pagamento do Imposto sobre a Propriedade de Ve\u00edculos Automotores (IPVA). O texto vai para an\u00e1lise da C\u00e2mara dos Deputados. A regra ir\u00e1 atingir cinco estados, onde a isen\u00e7\u00e3o ainda n\u00e3o vigora &#8211; Minas [&hellip;]<\/p>\n","protected":false},"author":2,"featured_media":242871,"comment_status":"open","ping_status":"open","sticky":false,"template":"","format":"standard","meta":{"_mi_skip_tracking":false,"footnotes":""},"categories":[25,6,1,16],"tags":[192],"class_list":["post-255865","post","type-post","status-publish","format-standard","has-post-thumbnail","hentry","category-destaques-site","category-economia","category-geral","category-todas","tag-destaqueprincipal"],"acf":[],"yoast_head":"<!-- This site is optimized with the Yoast SEO Premium plugin v19.2 (Yoast SEO v26.9) - https:\/\/yoast.com\/product\/yoast-seo-premium-wordpress\/ -->\n<title>Senado aprova isen\u00e7\u00e3o de IPVA para carros com mais de 20 anos - Portal Not\u00edcia em Pauta<\/title>\n<meta name=\"robots\" content=\"index, follow, max-snippet:-1, max-image-preview:large, max-video-preview:-1\" \/>\n<link rel=\"canonical\" href=\"https:\/\/noticiaempauta.com\/portal\/senado-aprova-isencao-de-ipva-para-carros-com-mais-de-20-anos\/\" \/>\n<meta property=\"og:locale\" content=\"pt_BR\" \/>\n<meta property=\"og:type\" content=\"article\" \/>\n<meta property=\"og:title\" content=\"Senado aprova isen\u00e7\u00e3o de IPVA para carros com mais de 20 anos\" \/>\n<meta property=\"og:description\" content=\"O Senado aprovou nesta quarta-feira (13) proposta de emenda constitucional, em dois turnos, que isenta ve\u00edculos com mais de 20 anos do pagamento do Imposto sobre a Propriedade de Ve\u00edculos Automotores (IPVA). O texto vai para an\u00e1lise da C\u00e2mara dos Deputados. A regra ir\u00e1 atingir cinco estados, onde a isen\u00e7\u00e3o ainda n\u00e3o vigora &#8211; Minas [&hellip;]\" \/>\n<meta property=\"og:url\" content=\"https:\/\/noticiaempauta.com\/portal\/senado-aprova-isencao-de-ipva-para-carros-com-mais-de-20-anos\/\" \/>\n<meta property=\"og:site_name\" content=\"Portal Not\u00edcia em Pauta\" \/>\n<meta property=\"article:publisher\" content=\"https:\/\/www.facebook.com\/Portal-Notcia-Em-Pauta-102292869264820\/\" \/>\n<meta property=\"article:published_time\" content=\"2024-03-15T11:51:12+00:00\" \/>\n<meta property=\"article:modified_time\" content=\"2024-03-15T11:51:14+00:00\" \/>\n<meta property=\"og:image\" content=\"https:\/\/noticiaempauta.com\/portal\/wp-content\/uploads\/2023\/01\/37-modelos-de-carros-que-devem-ficar-isentos-de-ipva-em-2023-bbd77be2-a4a2-426b-a79c-f94e025d285f.webp\" \/>\n\t<meta property=\"og:image:width\" content=\"1200\" \/>\n\t<meta property=\"og:image:height\" content=\"900\" \/>\n\t<meta property=\"og:image:type\" content=\"image\/webp\" \/>\n<meta name=\"author\" content=\"Reda\u00e7\u00e3o\" \/>\n<meta name=\"twitter:card\" content=\"summary_large_image\" \/>\n<meta name=\"twitter:label1\" content=\"Escrito por\" \/>\n\t<meta name=\"twitter:data1\" content=\"Reda\u00e7\u00e3o\" \/>\n\t<meta name=\"twitter:label2\" content=\"Est. tempo de leitura\" \/>\n\t<meta name=\"twitter:data2\" content=\"2 minutos\" \/>\n<script type=\"application\/ld+json\" class=\"yoast-schema-graph\">{\"@context\":\"https:\/\/schema.org\",\"@graph\":[{\"@type\":\"Article\",\"@id\":\"https:\/\/noticiaempauta.com\/portal\/senado-aprova-isencao-de-ipva-para-carros-com-mais-de-20-anos\/#article\",\"isPartOf\":{\"@id\":\"https:\/\/noticiaempauta.com\/portal\/senado-aprova-isencao-de-ipva-para-carros-com-mais-de-20-anos\/\"},\"author\":{\"name\":\"Reda\u00e7\u00e3o\",\"@id\":\"https:\/\/noticiaempauta.com\/portal\/#\/schema\/person\/a74af43dd1ab3deca45f988c717d57ac\"},\"headline\":\"Senado aprova isen\u00e7\u00e3o de IPVA para carros com mais de 20 anos\",\"datePublished\":\"2024-03-15T11:51:12+00:00\",\"dateModified\":\"2024-03-15T11:51:14+00:00\",\"mainEntityOfPage\":{\"@id\":\"https:\/\/noticiaempauta.com\/portal\/senado-aprova-isencao-de-ipva-para-carros-com-mais-de-20-anos\/\"},\"wordCount\":257,\"commentCount\":0,\"publisher\":{\"@id\":\"https:\/\/noticiaempauta.com\/portal\/#organization\"},\"image\":{\"@id\":\"https:\/\/noticiaempauta.com\/portal\/senado-aprova-isencao-de-ipva-para-carros-com-mais-de-20-anos\/#primaryimage\"},\"thumbnailUrl\":\"https:\/\/noticiaempauta.com\/portal\/wp-content\/uploads\/2023\/01\/37-modelos-de-carros-que-devem-ficar-isentos-de-ipva-em-2023-bbd77be2-a4a2-426b-a79c-f94e025d285f.webp\",\"keywords\":[\"destaqueprincipal\"],\"articleSection\":[\"Destaques\",\"Economia\",\"Geral\",\"Todas as Not\u00edcias\"],\"inLanguage\":\"pt-BR\",\"potentialAction\":[{\"@type\":\"CommentAction\",\"name\":\"Comment\",\"target\":[\"https:\/\/noticiaempauta.com\/portal\/senado-aprova-isencao-de-ipva-para-carros-com-mais-de-20-anos\/#respond\"]}]},{\"@type\":\"WebPage\",\"@id\":\"https:\/\/noticiaempauta.com\/portal\/senado-aprova-isencao-de-ipva-para-carros-com-mais-de-20-anos\/\",\"url\":\"https:\/\/noticiaempauta.com\/portal\/senado-aprova-isencao-de-ipva-para-carros-com-mais-de-20-anos\/\",\"name\":\"Senado aprova isen\u00e7\u00e3o de IPVA para carros com mais de 20 anos - Portal Not\u00edcia em Pauta\",\"isPartOf\":{\"@id\":\"https:\/\/noticiaempauta.com\/portal\/#website\"},\"primaryImageOfPage\":{\"@id\":\"https:\/\/noticiaempauta.com\/portal\/senado-aprova-isencao-de-ipva-para-carros-com-mais-de-20-anos\/#primaryimage\"},\"image\":{\"@id\":\"https:\/\/noticiaempauta.com\/portal\/senado-aprova-isencao-de-ipva-para-carros-com-mais-de-20-anos\/#primaryimage\"},\"thumbnailUrl\":\"https:\/\/noticiaempauta.com\/portal\/wp-content\/uploads\/2023\/01\/37-modelos-de-carros-que-devem-ficar-isentos-de-ipva-em-2023-bbd77be2-a4a2-426b-a79c-f94e025d285f.webp\",\"datePublished\":\"2024-03-15T11:51:12+00:00\",\"dateModified\":\"2024-03-15T11:51:14+00:00\",\"breadcrumb\":{\"@id\":\"https:\/\/noticiaempauta.com\/portal\/senado-aprova-isencao-de-ipva-para-carros-com-mais-de-20-anos\/#breadcrumb\"},\"inLanguage\":\"pt-BR\",\"potentialAction\":[{\"@type\":\"ReadAction\",\"target\":[\"https:\/\/noticiaempauta.com\/portal\/senado-aprova-isencao-de-ipva-para-carros-com-mais-de-20-anos\/\"]}]},{\"@type\":\"ImageObject\",\"inLanguage\":\"pt-BR\",\"@id\":\"https:\/\/noticiaempauta.com\/portal\/senado-aprova-isencao-de-ipva-para-carros-com-mais-de-20-anos\/#primaryimage\",\"url\":\"https:\/\/noticiaempauta.com\/portal\/wp-content\/uploads\/2023\/01\/37-modelos-de-carros-que-devem-ficar-isentos-de-ipva-em-2023-bbd77be2-a4a2-426b-a79c-f94e025d285f.webp\",\"contentUrl\":\"https:\/\/noticiaempauta.com\/portal\/wp-content\/uploads\/2023\/01\/37-modelos-de-carros-que-devem-ficar-isentos-de-ipva-em-2023-bbd77be2-a4a2-426b-a79c-f94e025d285f.webp\",\"width\":1200,\"height\":900,\"caption\":\"Foto: Reprodu\u00e7\u00e3o\"},{\"@type\":\"BreadcrumbList\",\"@id\":\"https:\/\/noticiaempauta.com\/portal\/senado-aprova-isencao-de-ipva-para-carros-com-mais-de-20-anos\/#breadcrumb\",\"itemListElement\":[{\"@type\":\"ListItem\",\"position\":1,\"name\":\"P\u00e1gina Inicial\",\"item\":\"https:\/\/noticiaempauta.com\/portal\/\"},{\"@type\":\"ListItem\",\"position\":2,\"name\":\"Destaques\",\"item\":\"https:\/\/noticiaempauta.com\/portal\/destaques-site\/\"},{\"@type\":\"ListItem\",\"position\":3,\"name\":\"Senado aprova isen\u00e7\u00e3o de IPVA para carros com mais de 20 anos\"}]},{\"@type\":\"WebSite\",\"@id\":\"https:\/\/noticiaempauta.com\/portal\/#website\",\"url\":\"https:\/\/noticiaempauta.com\/portal\/\",\"name\":\"Portal Not\u00edcia em Pauta\",\"description\":\"Voc\u00ea bem informado\",\"publisher\":{\"@id\":\"https:\/\/noticiaempauta.com\/portal\/#organization\"},\"potentialAction\":[{\"@type\":\"SearchAction\",\"target\":{\"@type\":\"EntryPoint\",\"urlTemplate\":\"https:\/\/noticiaempauta.com\/portal\/?s={search_term_string}\"},\"query-input\":{\"@type\":\"PropertyValueSpecification\",\"valueRequired\":true,\"valueName\":\"search_term_string\"}}],\"inLanguage\":\"pt-BR\"},{\"@type\":\"Organization\",\"@id\":\"https:\/\/noticiaempauta.com\/portal\/#organization\",\"name\":\"Portal Not\u00edcia em Pauta\",\"url\":\"https:\/\/noticiaempauta.com\/portal\/\",\"logo\":{\"@type\":\"ImageObject\",\"inLanguage\":\"pt-BR\",\"@id\":\"https:\/\/noticiaempauta.com\/portal\/#\/schema\/logo\/image\/\",\"url\":\"https:\/\/noticiaempauta.com\/portal\/wp-content\/uploads\/2022\/08\/logomarca_tema.fw_.png\",\"contentUrl\":\"https:\/\/noticiaempauta.com\/portal\/wp-content\/uploads\/2022\/08\/logomarca_tema.fw_.png\",\"width\":400,\"height\":232,\"caption\":\"Portal Not\u00edcia em Pauta\"},\"image\":{\"@id\":\"https:\/\/noticiaempauta.com\/portal\/#\/schema\/logo\/image\/\"},\"sameAs\":[\"https:\/\/www.facebook.com\/Portal-Notcia-Em-Pauta-102292869264820\/\",\"https:\/\/www.instagram.com\/portalnoticiaempauta\/\"]},{\"@type\":\"Person\",\"@id\":\"https:\/\/noticiaempauta.com\/portal\/#\/schema\/person\/a74af43dd1ab3deca45f988c717d57ac\",\"name\":\"Reda\u00e7\u00e3o\",\"image\":{\"@type\":\"ImageObject\",\"inLanguage\":\"pt-BR\",\"@id\":\"https:\/\/noticiaempauta.com\/portal\/#\/schema\/person\/image\/\",\"url\":\"https:\/\/secure.gravatar.com\/avatar\/03179346ecce6cdfc13361603e8f54242a90e5cde8618fa23c5c00aa2b0aadf3?s=96&d=mm&r=g\",\"contentUrl\":\"https:\/\/secure.gravatar.com\/avatar\/03179346ecce6cdfc13361603e8f54242a90e5cde8618fa23c5c00aa2b0aadf3?s=96&d=mm&r=g\",\"caption\":\"Reda\u00e7\u00e3o\"},\"sameAs\":[\"https:\/\/noticiaempauta.com\/portal\/\"],\"url\":\"https:\/\/noticiaempauta.com\/portal\/author\/fernando\/\"}]}<\/script>\n<!-- \/ Yoast SEO Premium plugin. -->","yoast_head_json":{"title":"Senado aprova isen\u00e7\u00e3o de IPVA para carros com mais de 20 anos - Portal Not\u00edcia em Pauta","robots":{"index":"index","follow":"follow","max-snippet":"max-snippet:-1","max-image-preview":"max-image-preview:large","max-video-preview":"max-video-preview:-1"},"canonical":"https:\/\/noticiaempauta.com\/portal\/senado-aprova-isencao-de-ipva-para-carros-com-mais-de-20-anos\/","og_locale":"pt_BR","og_type":"article","og_title":"Senado aprova isen\u00e7\u00e3o de IPVA para carros com mais de 20 anos","og_description":"O Senado aprovou nesta quarta-feira (13) proposta de emenda constitucional, em dois turnos, que isenta ve\u00edculos com mais de 20 anos do pagamento do Imposto sobre a Propriedade de Ve\u00edculos Automotores (IPVA). O texto vai para an\u00e1lise da C\u00e2mara dos Deputados. A regra ir\u00e1 atingir cinco estados, onde a isen\u00e7\u00e3o ainda n\u00e3o vigora &#8211; Minas [&hellip;]","og_url":"https:\/\/noticiaempauta.com\/portal\/senado-aprova-isencao-de-ipva-para-carros-com-mais-de-20-anos\/","og_site_name":"Portal Not\u00edcia em Pauta","article_publisher":"https:\/\/www.facebook.com\/Portal-Notcia-Em-Pauta-102292869264820\/","article_published_time":"2024-03-15T11:51:12+00:00","article_modified_time":"2024-03-15T11:51:14+00:00","og_image":[{"width":1200,"height":900,"url":"https:\/\/noticiaempauta.com\/portal\/wp-content\/uploads\/2023\/01\/37-modelos-de-carros-que-devem-ficar-isentos-de-ipva-em-2023-bbd77be2-a4a2-426b-a79c-f94e025d285f.webp","type":"image\/webp"}],"author":"Reda\u00e7\u00e3o","twitter_card":"summary_large_image","twitter_misc":{"Escrito por":"Reda\u00e7\u00e3o","Est. tempo de leitura":"2 minutos"},"schema":{"@context":"https:\/\/schema.org","@graph":[{"@type":"Article","@id":"https:\/\/noticiaempauta.com\/portal\/senado-aprova-isencao-de-ipva-para-carros-com-mais-de-20-anos\/#article","isPartOf":{"@id":"https:\/\/noticiaempauta.com\/portal\/senado-aprova-isencao-de-ipva-para-carros-com-mais-de-20-anos\/"},"author":{"name":"Reda\u00e7\u00e3o","@id":"https:\/\/noticiaempauta.com\/portal\/#\/schema\/person\/a74af43dd1ab3deca45f988c717d57ac"},"headline":"Senado aprova isen\u00e7\u00e3o de IPVA para carros com mais de 20 anos","datePublished":"2024-03-15T11:51:12+00:00","dateModified":"2024-03-15T11:51:14+00:00","mainEntityOfPage":{"@id":"https:\/\/noticiaempauta.com\/portal\/senado-aprova-isencao-de-ipva-para-carros-com-mais-de-20-anos\/"},"wordCount":257,"commentCount":0,"publisher":{"@id":"https:\/\/noticiaempauta.com\/portal\/#organization"},"image":{"@id":"https:\/\/noticiaempauta.com\/portal\/senado-aprova-isencao-de-ipva-para-carros-com-mais-de-20-anos\/#primaryimage"},"thumbnailUrl":"https:\/\/noticiaempauta.com\/portal\/wp-content\/uploads\/2023\/01\/37-modelos-de-carros-que-devem-ficar-isentos-de-ipva-em-2023-bbd77be2-a4a2-426b-a79c-f94e025d285f.webp","keywords":["destaqueprincipal"],"articleSection":["Destaques","Economia","Geral","Todas as Not\u00edcias"],"inLanguage":"pt-BR","potentialAction":[{"@type":"CommentAction","name":"Comment","target":["https:\/\/noticiaempauta.com\/portal\/senado-aprova-isencao-de-ipva-para-carros-com-mais-de-20-anos\/#respond"]}]},{"@type":"WebPage","@id":"https:\/\/noticiaempauta.com\/portal\/senado-aprova-isencao-de-ipva-para-carros-com-mais-de-20-anos\/","url":"https:\/\/noticiaempauta.com\/portal\/senado-aprova-isencao-de-ipva-para-carros-com-mais-de-20-anos\/","name":"Senado aprova isen\u00e7\u00e3o de IPVA para carros com mais de 20 anos - Portal Not\u00edcia em Pauta","isPartOf":{"@id":"https:\/\/noticiaempauta.com\/portal\/#website"},"primaryImageOfPage":{"@id":"https:\/\/noticiaempauta.com\/portal\/senado-aprova-isencao-de-ipva-para-carros-com-mais-de-20-anos\/#primaryimage"},"image":{"@id":"https:\/\/noticiaempauta.com\/portal\/senado-aprova-isencao-de-ipva-para-carros-com-mais-de-20-anos\/#primaryimage"},"thumbnailUrl":"https:\/\/noticiaempauta.com\/portal\/wp-content\/uploads\/2023\/01\/37-modelos-de-carros-que-devem-ficar-isentos-de-ipva-em-2023-bbd77be2-a4a2-426b-a79c-f94e025d285f.webp","datePublished":"2024-03-15T11:51:12+00:00","dateModified":"2024-03-15T11:51:14+00:00","breadcrumb":{"@id":"https:\/\/noticiaempauta.com\/portal\/senado-aprova-isencao-de-ipva-para-carros-com-mais-de-20-anos\/#breadcrumb"},"inLanguage":"pt-BR","potentialAction":[{"@type":"ReadAction","target":["https:\/\/noticiaempauta.com\/portal\/senado-aprova-isencao-de-ipva-para-carros-com-mais-de-20-anos\/"]}]},{"@type":"ImageObject","inLanguage":"pt-BR","@id":"https:\/\/noticiaempauta.com\/portal\/senado-aprova-isencao-de-ipva-para-carros-com-mais-de-20-anos\/#primaryimage","url":"https:\/\/noticiaempauta.com\/portal\/wp-content\/uploads\/2023\/01\/37-modelos-de-carros-que-devem-ficar-isentos-de-ipva-em-2023-bbd77be2-a4a2-426b-a79c-f94e025d285f.webp","contentUrl":"https:\/\/noticiaempauta.com\/portal\/wp-content\/uploads\/2023\/01\/37-modelos-de-carros-que-devem-ficar-isentos-de-ipva-em-2023-bbd77be2-a4a2-426b-a79c-f94e025d285f.webp","width":1200,"height":900,"caption":"Foto: Reprodu\u00e7\u00e3o"},{"@type":"BreadcrumbList","@id":"https:\/\/noticiaempauta.com\/portal\/senado-aprova-isencao-de-ipva-para-carros-com-mais-de-20-anos\/#breadcrumb","itemListElement":[{"@type":"ListItem","position":1,"name":"P\u00e1gina Inicial","item":"https:\/\/noticiaempauta.com\/portal\/"},{"@type":"ListItem","position":2,"name":"Destaques","item":"https:\/\/noticiaempauta.com\/portal\/destaques-site\/"},{"@type":"ListItem","position":3,"name":"Senado aprova isen\u00e7\u00e3o de IPVA para carros com mais de 20 anos"}]},{"@type":"WebSite","@id":"https:\/\/noticiaempauta.com\/portal\/#website","url":"https:\/\/noticiaempauta.com\/portal\/","name":"Portal Not\u00edcia em Pauta","description":"Voc\u00ea bem informado","publisher":{"@id":"https:\/\/noticiaempauta.com\/portal\/#organization"},"potentialAction":[{"@type":"SearchAction","target":{"@type":"EntryPoint","urlTemplate":"https:\/\/noticiaempauta.com\/portal\/?s={search_term_string}"},"query-input":{"@type":"PropertyValueSpecification","valueRequired":true,"valueName":"search_term_string"}}],"inLanguage":"pt-BR"},{"@type":"Organization","@id":"https:\/\/noticiaempauta.com\/portal\/#organization","name":"Portal Not\u00edcia em Pauta","url":"https:\/\/noticiaempauta.com\/portal\/","logo":{"@type":"ImageObject","inLanguage":"pt-BR","@id":"https:\/\/noticiaempauta.com\/portal\/#\/schema\/logo\/image\/","url":"https:\/\/noticiaempauta.com\/portal\/wp-content\/uploads\/2022\/08\/logomarca_tema.fw_.png","contentUrl":"https:\/\/noticiaempauta.com\/portal\/wp-content\/uploads\/2022\/08\/logomarca_tema.fw_.png","width":400,"height":232,"caption":"Portal Not\u00edcia em Pauta"},"image":{"@id":"https:\/\/noticiaempauta.com\/portal\/#\/schema\/logo\/image\/"},"sameAs":["https:\/\/www.facebook.com\/Portal-Notcia-Em-Pauta-102292869264820\/","https:\/\/www.instagram.com\/portalnoticiaempauta\/"]},{"@type":"Person","@id":"https:\/\/noticiaempauta.com\/portal\/#\/schema\/person\/a74af43dd1ab3deca45f988c717d57ac","name":"Reda\u00e7\u00e3o","image":{"@type":"ImageObject","inLanguage":"pt-BR","@id":"https:\/\/noticiaempauta.com\/portal\/#\/schema\/person\/image\/","url":"https:\/\/secure.gravatar.com\/avatar\/03179346ecce6cdfc13361603e8f54242a90e5cde8618fa23c5c00aa2b0aadf3?s=96&d=mm&r=g","contentUrl":"https:\/\/secure.gravatar.com\/avatar\/03179346ecce6cdfc13361603e8f54242a90e5cde8618fa23c5c00aa2b0aadf3?s=96&d=mm&r=g","caption":"Reda\u00e7\u00e3o"},"sameAs":["https:\/\/noticiaempauta.com\/portal\/"],"url":"https:\/\/noticiaempauta.com\/portal\/author\/fernando\/"}]}},"_links":{"self":[{"href":"https:\/\/noticiaempauta.com\/portal\/wp-json\/wp\/v2\/posts\/255865","targetHints":{"allow":["GET"]}}],"collection":[{"href":"https:\/\/noticiaempauta.com\/portal\/wp-json\/wp\/v2\/posts"}],"about":[{"href":"https:\/\/noticiaempauta.com\/portal\/wp-json\/wp\/v2\/types\/post"}],"author":[{"embeddable":true,"href":"https:\/\/noticiaempauta.com\/portal\/wp-json\/wp\/v2\/users\/2"}],"replies":[{"embeddable":true,"href":"https:\/\/noticiaempauta.com\/portal\/wp-json\/wp\/v2\/comments?post=255865"}],"version-history":[{"count":2,"href":"https:\/\/noticiaempauta.com\/portal\/wp-json\/wp\/v2\/posts\/255865\/revisions"}],"predecessor-version":[{"id":255868,"href":"https:\/\/noticiaempauta.com\/portal\/wp-json\/wp\/v2\/posts\/255865\/revisions\/255868"}],"wp:featuredmedia":[{"embeddable":true,"href":"https:\/\/noticiaempauta.com\/portal\/wp-json\/wp\/v2\/media\/242871"}],"wp:attachment":[{"href":"https:\/\/noticiaempauta.com\/portal\/wp-json\/wp\/v2\/media?parent=255865"}],"wp:term":[{"taxonomy":"category","embeddable":true,"href":"https:\/\/noticiaempauta.com\/portal\/wp-json\/wp\/v2\/categories?post=255865"},{"taxonomy":"post_tag","embeddable":true,"href":"https:\/\/noticiaempauta.com\/portal\/wp-json\/wp\/v2\/tags?post=255865"}],"curies":[{"name":"wp","href":"https:\/\/api.w.org\/{rel}","templated":true}]}}