{"id":255869,"date":"2024-03-15T09:16:37","date_gmt":"2024-03-15T12:16:37","guid":{"rendered":"https:\/\/noticiaempauta.com\/portal\/?p=255869"},"modified":"2024-03-15T09:16:39","modified_gmt":"2024-03-15T12:16:39","slug":"declaracao-do-imposto-de-renda-comeca-hoje-veja-como-nao-cair-na-malha-fina","status":"publish","type":"post","link":"https:\/\/noticiaempauta.com\/portal\/declaracao-do-imposto-de-renda-comeca-hoje-veja-como-nao-cair-na-malha-fina\/","title":{"rendered":"Declara\u00e7\u00e3o do Imposto de Renda come\u00e7a hoje:  veja como n\u00e3o cair na malha fina"},"content":{"rendered":"\n<p>A partir desta sexta-feira, dia 15 de mar\u00e7o, \u00e0s 9h, tem in\u00edcio o\u00a0per\u00edodo para submeter a declara\u00e7\u00e3o anual do Imposto de Renda 2024\u00a0\u00e0 Receita Federal. Os contribuintes t\u00eam at\u00e9 31 de maio deste ano para realizar a entrega. O programa necess\u00e1rio para preenchimento j\u00e1 est\u00e1 dispon\u00edvel para download desde o dia 12 e pode ser adquirido aqui. \u00c9 importante ressaltar que as vers\u00f5es online e para dispositivos m\u00f3veis possuem algumas restri\u00e7\u00f5es.\u00a0<\/p>\n\n\n\n<p><strong>DECLARA\u00c7\u00c3O PR\u00c9-PREENCHIDA:<\/strong>&nbsp;A declara\u00e7\u00e3o pr\u00e9-preenchida do Imposto de Renda \u00e9 uma excelente op\u00e7\u00e3o para os contribuintes, oferecendo prioridade no recebimento das restitui\u00e7\u00f5es para aqueles que a utilizam ou optam pela restitui\u00e7\u00e3o via PIX.&nbsp;<strong>Os dados s\u00e3o inseridos a partir das informa\u00e7\u00f5es da Declara\u00e7\u00e3o de Imposto de Renda Retido na Fonte (Dirf)<\/strong>, por\u00e9m o contribuinte ainda \u00e9 respons\u00e1vel por verificar e, se necess\u00e1rio, modificar, adicionar ou excluir dados. A declara\u00e7\u00e3o pr\u00e9-preenchida est\u00e1 dispon\u00edvel via Programa Gerador de Declara\u00e7\u00e3o (PGD), Meu Imposto de Renda online ou em aplicativos para iOS e Android, sendo exclusiva para usu\u00e1rios dos n\u00edveis prata e ouro da&nbsp;<a href=\"https:\/\/www.gov.br\/pt-br\" target=\"_blank\" rel=\"noreferrer noopener\"><strong>conta gov.br<\/strong><\/a>.&nbsp;<\/p>\n\n\n\n<p><strong>PASSO A PASSO PARA FAZER DECLARA\u00c7\u00c3O<\/strong><\/p>\n\n\n\n<p>O download do programa da Receita Federal para fazer a declara\u00e7\u00e3o do Imposto de Renda pode ser feito tanto pelo computador quanto pelo celular. No computador, h\u00e1 op\u00e7\u00f5es para Windows, multiplataforma (zip) e outros sistemas como Mac, Linux e Solaris.\u00a0<a href=\"https:\/\/www.gov.br\/receitafederal\/pt-br\/centrais-de-conteudo\/download\/pgd\/dirpf\" target=\"_blank\" rel=\"noreferrer noopener\"><strong>CLIQUE AQUI PARA BAIXAR O PROGRAMA<\/strong><\/a><\/p>\n\n\n\n<p><strong>Para celulares, os programas est\u00e3o dispon\u00edveis para Android e iOS<\/strong>, e podem ser encontrados na loja de aplicativos buscando por &#8220;Meu Imposto de Renda&#8221;. Mesmo quem j\u00e1 tem o aplicativo instalado de anos anteriores precisa baixar uma nova vers\u00e3o. Al\u00e9m disso, a declara\u00e7\u00e3o pode ser feita online,&nbsp;<a href=\"https:\/\/cav.receita.fazenda.gov.br\/autenticacao\/login\/index\/107\" target=\"_blank\" rel=\"noreferrer noopener\"><strong>acessando o portal e-CAC<\/strong><\/a>&nbsp;e utilizando a p\u00e1gina &#8216;Meu Imposto de Renda&#8217;.<\/p>\n\n\n\n<p><strong>ALERTA:<\/strong>&nbsp;O contribuinte, por\u00e9m,&nbsp;<strong>n\u00e3o poder\u00e1<\/strong>&nbsp;usar as op\u00e7\u00f5es de declara\u00e7\u00e3o online e por aplicativo caso tenha recebido:<\/p>\n\n\n\n<ul class=\"wp-block-list\">\n<li>rendimento tribut\u00e1vel ou n\u00e3o, superior a R$ 5 milh\u00f5es;<\/li>\n\n\n\n<li>rendimento do exterior;<\/li>\n\n\n\n<li>rendimento relativo \u00e0 recupera\u00e7\u00e3o da parcela isenta da atividade rural;<\/li>\n\n\n\n<li>ou correspondente a lucro em venda de im\u00f3vel residencial para aquisi\u00e7\u00e3o de outro im\u00f3vel.<\/li>\n<\/ul>\n\n\n\n<p><strong>DOCUMENTA\u00c7\u00c3O:<\/strong>&nbsp;Organize seus documentos. Certifique-se de ter os informes de rendimentos da sua empresa, de institui\u00e7\u00f5es financeiras e de outras fontes de renda que recebeu no ano passado. Veja a lista de documentos necess\u00e1rios:<\/p>\n\n\n\n<p><strong>RENDA<\/strong><\/p>\n\n\n\n<ul class=\"wp-block-list\">\n<li>Informes de rendimentos de institui\u00e7\u00f5es financeiras, inclusive corretora de valores;<\/li>\n\n\n\n<li>Informes de rendimentos de sal\u00e1rios, pr\u00f3-labore, distribui\u00e7\u00e3o de lucros, aposentadoria, pens\u00f5es etc.;<\/li>\n\n\n\n<li>Informes de rendimentos de alugu\u00e9is de bens m\u00f3veis e im\u00f3veis recebidos de jur\u00eddicas etc.;<\/li>\n\n\n\n<li>Informa\u00e7\u00f5es e documentos de outras rendas percebidas no exerc\u00edcio, tais como doa\u00e7\u00f5es, heran\u00e7as, dentre outras;<\/li>\n\n\n\n<li>Livro Caixa e DARFs de Carn\u00ea-Le\u00e3o;<\/li>\n\n\n\n<li>Informes de rendimentos de participa\u00e7\u00f5es de programas fiscais (Nota Fiscal Paulista, Nota Fiscal Paulistana, dentre outros).<\/li>\n<\/ul>\n\n\n\n<p><strong>BENS E DIREITOS<\/strong><\/p>\n\n\n\n<ul class=\"wp-block-list\">\n<li>Documentos que comprovem a compra e venda de bens e direitos ocorridas em 2023;<\/li>\n\n\n\n<li>C\u00f3pia da matr\u00edcula do im\u00f3vel e\/ou escritura de compra e venda;<\/li>\n\n\n\n<li>Boleto do IPTU;<\/li>\n\n\n\n<li>Documentos que comprovem a posi\u00e7\u00e3o acion\u00e1ria de cada empresa, se houver.<\/li>\n<\/ul>\n\n\n\n<p><strong>D\u00cdVIDAS E \u00d4NUS<\/strong><\/p>\n\n\n\n<ul class=\"wp-block-list\">\n<li>Informa\u00e7\u00f5es e documentos de d\u00edvida e \u00f4nus contra\u00eddos e\/ou pagos em 2023.<\/li>\n<\/ul>\n\n\n\n<p><strong>RENDA VARI\u00c1VEL<\/strong><\/p>\n\n\n\n<ul class=\"wp-block-list\">\n<li>Controle de compra e venda de a\u00e7\u00f5es, inclusive com a apura\u00e7\u00e3o mensal de imposto (indispens\u00e1vel para o c\u00e1lculo do Imposto de Renda sobre Renda Vari\u00e1vel);<\/li>\n\n\n\n<li>DARFs de Renda Vari\u00e1vel;<\/li>\n\n\n\n<li>Informes de rendimento auferido em renda vari\u00e1vel.<\/li>\n<\/ul>\n\n\n\n<p><strong>PAGAMENTOS E DEDU\u00c7\u00d5ES EFETUADAS<\/strong><\/p>\n\n\n\n<ul class=\"wp-block-list\">\n<li>Recibos de pagamentos de plano de sa\u00fade (com CNPJ da empresa emissora);<\/li>\n\n\n\n<li>Despesas m\u00e9dicas e odontol\u00f3gicas em geral (com CNPJ da empresa emissora);<\/li>\n\n\n\n<li>Comprovantes de despesas com educa\u00e7\u00e3o (com CNPJ da empresa emissora, com a indica\u00e7\u00e3o do aluno);<\/li>\n\n\n\n<li>Comprovante de pagamento de previd\u00eancia social e privada (com CNPJ da empresa emissora);<\/li>\n\n\n\n<li>Recibos de doa\u00e7\u00f5es efetuadas;<\/li>\n\n\n\n<li>Recibos de empregada dom\u00e9stica (apenas uma), contendo n\u00famero NIT;<\/li>\n\n\n\n<li>Recibos de pagamentos efetuados a prestadores de servi\u00e7os.<\/li>\n<\/ul>\n\n\n\n<p><strong>INFORMA\u00c7\u00d5ES GERAIS<\/strong><\/p>\n\n\n\n<ul class=\"wp-block-list\">\n<li>Nome, CPF, grau de parentesco e data de nascimento dos dependentes;<\/li>\n\n\n\n<li>Endere\u00e7os atualizados;<\/li>\n\n\n\n<li>C\u00f3pia completa da \u00faltima Declara\u00e7\u00e3o de Imposto de Renda Pessoa F\u00edsica entregue;<\/li>\n\n\n\n<li>Dados da conta para restitui\u00e7\u00e3o ou d\u00e9bitos das cotas de imposto apurado, caso haja;<\/li>\n\n\n\n<li>Atividade profissional exercida atualmente.<\/li>\n<\/ul>\n\n\n\n<p>O contribuinte tamb\u00e9m pode precisar fornecer informa\u00e7\u00f5es adicionais sobre certos tipos de bens, como im\u00f3veis e ve\u00edculos, al\u00e9m de detalhes sobre contas correntes e investimentos financeiros. Veja quais s\u00e3o essas informa\u00e7\u00f5es:&nbsp;<\/p>\n\n\n\n<ul class=\"wp-block-list\">\n<li>Im\u00f3veis:&nbsp;data de aquisi\u00e7\u00e3o, \u00e1rea do im\u00f3vel, Inscri\u00e7\u00e3o municipal (IPTU), registro de inscri\u00e7\u00e3o no \u00f3rg\u00e3o p\u00fablico e registro no cart\u00f3rio de Im\u00f3veis;<\/li>\n\n\n\n<li>Ve\u00edculo, aeronaves e embarca\u00e7\u00f5es:&nbsp;n\u00famero do Renavam e\/ou registro no correspondente \u00f3rg\u00e3o fiscalizador;<\/li>\n\n\n\n<li>Contas correntes e aplica\u00e7\u00f5es financeiras: CNPJ da institui\u00e7\u00e3o financeira.<\/li>\n<\/ul>\n\n\n\n<p><strong>DECLARA\u00c7\u00c3O OU RETIFICA\u00c7\u00c3O?<\/strong><\/p>\n\n\n\n<p>Ao iniciar o programa do Imposto de Renda 2024, v\u00e1 para a aba &#8220;Nova&#8221; e selecione &#8220;Declara\u00e7\u00e3o de ajuste anual&#8221;. Em seguida, escolha &#8220;Iniciar Importando Declara\u00e7\u00e3o de 2023&#8221; se a sua declara\u00e7\u00e3o do ano anterior estiver no mesmo computador. Caso contr\u00e1rio, selecione &#8220;Iniciar Declara\u00e7\u00e3o em Branco&#8221;.&nbsp;<\/p>\n\n\n\n<p><strong>DADOS CADASTRAIS<\/strong><\/p>\n\n\n\n<p>Comece preenchendo os dados pessoais, como endere\u00e7o e CPF. Na se\u00e7\u00e3o &#8220;Identifica\u00e7\u00e3o do Contribuinte&#8221;, inclua o n\u00famero do recibo da declara\u00e7\u00e3o entregue no ano anterior, o n\u00famero do t\u00edtulo eleitoral e sua ocupa\u00e7\u00e3o. No topo da p\u00e1gina, selecione &#8220;Declara\u00e7\u00e3o de Ajuste Anual Original&#8221; para indicar que esta \u00e9 uma nova declara\u00e7\u00e3o. A op\u00e7\u00e3o &#8220;Declara\u00e7\u00e3o Retificadora&#8221; deve ser utilizada para fazer corre\u00e7\u00f5es em uma declara\u00e7\u00e3o anterior referente ao mesmo ano.<\/p>\n\n\n\n<p><strong>RENDIMENTOS<\/strong><\/p>\n\n\n\n<p>\u00c9 crucial declarar todas as informa\u00e7\u00f5es fornecidas pelas fontes pagadoras e institui\u00e7\u00f5es financeiras para evitar problemas com a Receita Federal, como cair na malha fina. Certifique-se de obter os informes da sua empresa e do banco e declarar todos os rendimentos do ano passado.<\/p>\n\n\n\n<p>Na ficha &#8220;Rendimentos tribut\u00e1veis recebidos de Pessoa Jur\u00eddica pelo Titular&#8221;, \u00e9 necess\u00e1rio incluir todas as fontes pagadoras e os valores recebidos em 2022. Os rendimentos isentos e n\u00e3o tribut\u00e1veis, como bolsas de estudo e ganhos com poupan\u00e7a, devem ser declarados em uma ficha espec\u00edfica. Os rendimentos provenientes de aplica\u00e7\u00f5es financeiras e participa\u00e7\u00e3o nos lucros e resultados devem ser declarados na ficha &#8220;Rendimentos sujeitos \u00e0 tributa\u00e7\u00e3o exclusiva&#8221;.<\/p>\n\n\n\n<p><strong>BENS E DIREITOS<\/strong><\/p>\n\n\n\n<p>As aplica\u00e7\u00f5es financeiras, saldo em conta corrente e bens como im\u00f3veis e ve\u00edculos devem ser registrados na ficha &#8220;Bens e direitos&#8221;. \u00c9 necess\u00e1rio informar o valor em reais desses itens em 31 de dezembro de 2022 e no final de 2023.<\/p>\n\n\n\n<p><strong>PAGAMENTOS EFETUADOS<\/strong><\/p>\n\n\n\n<p>Os gastos com despesas dedut\u00edveis, que podem ser comprovados, como pagamentos com sa\u00fade e educa\u00e7\u00e3o, devem ser relatados na ficha &#8220;Pagamentos efetuados&#8221;. \u00c9 necess\u00e1rio fornecer o CNPJ ou CPF da institui\u00e7\u00e3o ou do profissional.<strong>VERIFICA\u00c7\u00c3O DE PEND\u00caNCIAS<br><\/strong><\/p>\n\n\n\n<p>H\u00e1 um bot\u00e3o denominado &#8220;Verificar pend\u00eancias&#8221; dispon\u00edvel. Se algum campo obrigat\u00f3rio n\u00e3o estiver preenchido, o programa alertar\u00e1 e indicar\u00e1 as corre\u00e7\u00f5es necess\u00e1rias. &nbsp;<\/p>\n\n\n\n<p><strong>COMPLETA OU SIMPLIFICADA<\/strong><\/p>\n\n\n\n<p>No \u00faltimo passo, voc\u00ea precisa escolher o modelo de tributa\u00e7\u00e3o: por dedu\u00e7\u00f5es legais, conhecido como declara\u00e7\u00e3o completa, ou por desconto simplificado. O programa indicar\u00e1 automaticamente a op\u00e7\u00e3o mais vantajosa, que proporciona o maior valor de restitui\u00e7\u00e3o ou o menor valor de imposto a pagar.&nbsp;<\/p>\n\n\n\n<p><strong>CONTA PARA RESTITUI\u00c7\u00c3O<\/strong><\/p>\n\n\n\n<p>Para os contribuintes com direito \u00e0 restitui\u00e7\u00e3o, o sistema solicita que informem o banco, a ag\u00eancia e a conta-corrente para o dep\u00f3sito. Aqueles que tiverem imposto a pagar t\u00eam a op\u00e7\u00e3o de parcelar o valor em at\u00e9 8 cotas.&nbsp;<\/p>\n\n\n\n<p><strong>ENTREGA DA DECLARA\u00c7\u00c3O<\/strong><\/p>\n\n\n\n<p>Por \u00faltimo, clique em &#8220;Entregar Declara\u00e7\u00e3o&#8221;, localizado no canto inferior esquerdo da tela. A declara\u00e7\u00e3o ser\u00e1 salva automaticamente. Em seguida, uma nova caixa de di\u00e1logo surgir\u00e1 na tela, solicitando que o contribuinte selecione a declara\u00e7\u00e3o a ser entregue. Basta clicar em OK e pronto.<\/p>\n\n\n\n<p><em>Fonte: MeioNorte<\/em> e <em>Ag\u00eancia Brasil<\/em><\/p>\n","protected":false},"excerpt":{"rendered":"<p>Prazo de entrega vai de 15 de mar\u00e7o at\u00e9 31 de maio neste ano. O programa est\u00e1 liberado para download desde o dia 12.<\/p>\n","protected":false},"author":2,"featured_media":255871,"comment_status":"open","ping_status":"open","sticky":false,"template":"","format":"standard","meta":{"_mi_skip_tracking":false,"footnotes":""},"categories":[25,6,1,16],"tags":[192],"class_list":["post-255869","post","type-post","status-publish","format-standard","has-post-thumbnail","hentry","category-destaques-site","category-economia","category-geral","category-todas","tag-destaqueprincipal"],"acf":[],"yoast_head":"<!-- This site is optimized with the Yoast SEO Premium plugin v19.2 (Yoast SEO v26.9) - https:\/\/yoast.com\/product\/yoast-seo-premium-wordpress\/ -->\n<title>Declara\u00e7\u00e3o do Imposto de Renda come\u00e7a hoje: veja como n\u00e3o cair na malha fina - Portal Not\u00edcia em Pauta<\/title>\n<meta name=\"robots\" content=\"index, follow, max-snippet:-1, max-image-preview:large, max-video-preview:-1\" \/>\n<link rel=\"canonical\" href=\"https:\/\/noticiaempauta.com\/portal\/declaracao-do-imposto-de-renda-comeca-hoje-veja-como-nao-cair-na-malha-fina\/\" \/>\n<meta property=\"og:locale\" content=\"pt_BR\" \/>\n<meta property=\"og:type\" content=\"article\" \/>\n<meta property=\"og:title\" content=\"Declara\u00e7\u00e3o do Imposto de Renda come\u00e7a hoje: veja como n\u00e3o cair na malha fina\" \/>\n<meta property=\"og:description\" content=\"Prazo de entrega vai de 15 de mar\u00e7o at\u00e9 31 de maio neste ano. O programa est\u00e1 liberado para download desde o dia 12.\" \/>\n<meta property=\"og:url\" content=\"https:\/\/noticiaempauta.com\/portal\/declaracao-do-imposto-de-renda-comeca-hoje-veja-como-nao-cair-na-malha-fina\/\" \/>\n<meta property=\"og:site_name\" content=\"Portal Not\u00edcia em Pauta\" \/>\n<meta property=\"article:publisher\" content=\"https:\/\/www.facebook.com\/Portal-Notcia-Em-Pauta-102292869264820\/\" \/>\n<meta property=\"article:published_time\" content=\"2024-03-15T12:16:37+00:00\" \/>\n<meta property=\"article:modified_time\" content=\"2024-03-15T12:16:39+00:00\" \/>\n<meta property=\"og:image\" content=\"https:\/\/noticiaempauta.com\/portal\/wp-content\/uploads\/2024\/03\/receita-federal-abre-hoje-prazo-de-entrega-do-imposto-de-renda-bf081318-2e30-4d7c-bfd6-643b01f077c5.webp\" \/>\n\t<meta property=\"og:image:width\" content=\"855\" \/>\n\t<meta property=\"og:image:height\" content=\"480\" \/>\n\t<meta property=\"og:image:type\" content=\"image\/webp\" \/>\n<meta name=\"author\" content=\"Reda\u00e7\u00e3o\" \/>\n<meta name=\"twitter:card\" content=\"summary_large_image\" \/>\n<meta name=\"twitter:label1\" content=\"Escrito por\" \/>\n\t<meta name=\"twitter:data1\" content=\"Reda\u00e7\u00e3o\" \/>\n\t<meta name=\"twitter:label2\" content=\"Est. tempo de leitura\" \/>\n\t<meta name=\"twitter:data2\" content=\"7 minutos\" \/>\n<script type=\"application\/ld+json\" class=\"yoast-schema-graph\">{\"@context\":\"https:\/\/schema.org\",\"@graph\":[{\"@type\":\"Article\",\"@id\":\"https:\/\/noticiaempauta.com\/portal\/declaracao-do-imposto-de-renda-comeca-hoje-veja-como-nao-cair-na-malha-fina\/#article\",\"isPartOf\":{\"@id\":\"https:\/\/noticiaempauta.com\/portal\/declaracao-do-imposto-de-renda-comeca-hoje-veja-como-nao-cair-na-malha-fina\/\"},\"author\":{\"name\":\"Reda\u00e7\u00e3o\",\"@id\":\"https:\/\/noticiaempauta.com\/portal\/#\/schema\/person\/a74af43dd1ab3deca45f988c717d57ac\"},\"headline\":\"Declara\u00e7\u00e3o do Imposto de Renda come\u00e7a hoje: veja como n\u00e3o cair na malha fina\",\"datePublished\":\"2024-03-15T12:16:37+00:00\",\"dateModified\":\"2024-03-15T12:16:39+00:00\",\"mainEntityOfPage\":{\"@id\":\"https:\/\/noticiaempauta.com\/portal\/declaracao-do-imposto-de-renda-comeca-hoje-veja-como-nao-cair-na-malha-fina\/\"},\"wordCount\":1422,\"commentCount\":0,\"publisher\":{\"@id\":\"https:\/\/noticiaempauta.com\/portal\/#organization\"},\"image\":{\"@id\":\"https:\/\/noticiaempauta.com\/portal\/declaracao-do-imposto-de-renda-comeca-hoje-veja-como-nao-cair-na-malha-fina\/#primaryimage\"},\"thumbnailUrl\":\"https:\/\/noticiaempauta.com\/portal\/wp-content\/uploads\/2024\/03\/receita-federal-abre-hoje-prazo-de-entrega-do-imposto-de-renda-bf081318-2e30-4d7c-bfd6-643b01f077c5.webp\",\"keywords\":[\"destaqueprincipal\"],\"articleSection\":[\"Destaques\",\"Economia\",\"Geral\",\"Todas as Not\u00edcias\"],\"inLanguage\":\"pt-BR\",\"potentialAction\":[{\"@type\":\"CommentAction\",\"name\":\"Comment\",\"target\":[\"https:\/\/noticiaempauta.com\/portal\/declaracao-do-imposto-de-renda-comeca-hoje-veja-como-nao-cair-na-malha-fina\/#respond\"]}]},{\"@type\":\"WebPage\",\"@id\":\"https:\/\/noticiaempauta.com\/portal\/declaracao-do-imposto-de-renda-comeca-hoje-veja-como-nao-cair-na-malha-fina\/\",\"url\":\"https:\/\/noticiaempauta.com\/portal\/declaracao-do-imposto-de-renda-comeca-hoje-veja-como-nao-cair-na-malha-fina\/\",\"name\":\"Declara\u00e7\u00e3o do Imposto de Renda come\u00e7a hoje: veja como n\u00e3o cair na malha fina - Portal Not\u00edcia em Pauta\",\"isPartOf\":{\"@id\":\"https:\/\/noticiaempauta.com\/portal\/#website\"},\"primaryImageOfPage\":{\"@id\":\"https:\/\/noticiaempauta.com\/portal\/declaracao-do-imposto-de-renda-comeca-hoje-veja-como-nao-cair-na-malha-fina\/#primaryimage\"},\"image\":{\"@id\":\"https:\/\/noticiaempauta.com\/portal\/declaracao-do-imposto-de-renda-comeca-hoje-veja-como-nao-cair-na-malha-fina\/#primaryimage\"},\"thumbnailUrl\":\"https:\/\/noticiaempauta.com\/portal\/wp-content\/uploads\/2024\/03\/receita-federal-abre-hoje-prazo-de-entrega-do-imposto-de-renda-bf081318-2e30-4d7c-bfd6-643b01f077c5.webp\",\"datePublished\":\"2024-03-15T12:16:37+00:00\",\"dateModified\":\"2024-03-15T12:16:39+00:00\",\"breadcrumb\":{\"@id\":\"https:\/\/noticiaempauta.com\/portal\/declaracao-do-imposto-de-renda-comeca-hoje-veja-como-nao-cair-na-malha-fina\/#breadcrumb\"},\"inLanguage\":\"pt-BR\",\"potentialAction\":[{\"@type\":\"ReadAction\",\"target\":[\"https:\/\/noticiaempauta.com\/portal\/declaracao-do-imposto-de-renda-comeca-hoje-veja-como-nao-cair-na-malha-fina\/\"]}]},{\"@type\":\"ImageObject\",\"inLanguage\":\"pt-BR\",\"@id\":\"https:\/\/noticiaempauta.com\/portal\/declaracao-do-imposto-de-renda-comeca-hoje-veja-como-nao-cair-na-malha-fina\/#primaryimage\",\"url\":\"https:\/\/noticiaempauta.com\/portal\/wp-content\/uploads\/2024\/03\/receita-federal-abre-hoje-prazo-de-entrega-do-imposto-de-renda-bf081318-2e30-4d7c-bfd6-643b01f077c5.webp\",\"contentUrl\":\"https:\/\/noticiaempauta.com\/portal\/wp-content\/uploads\/2024\/03\/receita-federal-abre-hoje-prazo-de-entrega-do-imposto-de-renda-bf081318-2e30-4d7c-bfd6-643b01f077c5.webp\",\"width\":855,\"height\":480},{\"@type\":\"BreadcrumbList\",\"@id\":\"https:\/\/noticiaempauta.com\/portal\/declaracao-do-imposto-de-renda-comeca-hoje-veja-como-nao-cair-na-malha-fina\/#breadcrumb\",\"itemListElement\":[{\"@type\":\"ListItem\",\"position\":1,\"name\":\"P\u00e1gina Inicial\",\"item\":\"https:\/\/noticiaempauta.com\/portal\/\"},{\"@type\":\"ListItem\",\"position\":2,\"name\":\"Destaques\",\"item\":\"https:\/\/noticiaempauta.com\/portal\/destaques-site\/\"},{\"@type\":\"ListItem\",\"position\":3,\"name\":\"Declara\u00e7\u00e3o do Imposto de Renda come\u00e7a hoje: veja como n\u00e3o cair na malha fina\"}]},{\"@type\":\"WebSite\",\"@id\":\"https:\/\/noticiaempauta.com\/portal\/#website\",\"url\":\"https:\/\/noticiaempauta.com\/portal\/\",\"name\":\"Portal Not\u00edcia em Pauta\",\"description\":\"Voc\u00ea bem informado\",\"publisher\":{\"@id\":\"https:\/\/noticiaempauta.com\/portal\/#organization\"},\"potentialAction\":[{\"@type\":\"SearchAction\",\"target\":{\"@type\":\"EntryPoint\",\"urlTemplate\":\"https:\/\/noticiaempauta.com\/portal\/?s={search_term_string}\"},\"query-input\":{\"@type\":\"PropertyValueSpecification\",\"valueRequired\":true,\"valueName\":\"search_term_string\"}}],\"inLanguage\":\"pt-BR\"},{\"@type\":\"Organization\",\"@id\":\"https:\/\/noticiaempauta.com\/portal\/#organization\",\"name\":\"Portal Not\u00edcia em Pauta\",\"url\":\"https:\/\/noticiaempauta.com\/portal\/\",\"logo\":{\"@type\":\"ImageObject\",\"inLanguage\":\"pt-BR\",\"@id\":\"https:\/\/noticiaempauta.com\/portal\/#\/schema\/logo\/image\/\",\"url\":\"https:\/\/noticiaempauta.com\/portal\/wp-content\/uploads\/2022\/08\/logomarca_tema.fw_.png\",\"contentUrl\":\"https:\/\/noticiaempauta.com\/portal\/wp-content\/uploads\/2022\/08\/logomarca_tema.fw_.png\",\"width\":400,\"height\":232,\"caption\":\"Portal Not\u00edcia em Pauta\"},\"image\":{\"@id\":\"https:\/\/noticiaempauta.com\/portal\/#\/schema\/logo\/image\/\"},\"sameAs\":[\"https:\/\/www.facebook.com\/Portal-Notcia-Em-Pauta-102292869264820\/\",\"https:\/\/www.instagram.com\/portalnoticiaempauta\/\"]},{\"@type\":\"Person\",\"@id\":\"https:\/\/noticiaempauta.com\/portal\/#\/schema\/person\/a74af43dd1ab3deca45f988c717d57ac\",\"name\":\"Reda\u00e7\u00e3o\",\"image\":{\"@type\":\"ImageObject\",\"inLanguage\":\"pt-BR\",\"@id\":\"https:\/\/noticiaempauta.com\/portal\/#\/schema\/person\/image\/\",\"url\":\"https:\/\/secure.gravatar.com\/avatar\/03179346ecce6cdfc13361603e8f54242a90e5cde8618fa23c5c00aa2b0aadf3?s=96&d=mm&r=g\",\"contentUrl\":\"https:\/\/secure.gravatar.com\/avatar\/03179346ecce6cdfc13361603e8f54242a90e5cde8618fa23c5c00aa2b0aadf3?s=96&d=mm&r=g\",\"caption\":\"Reda\u00e7\u00e3o\"},\"sameAs\":[\"https:\/\/noticiaempauta.com\/portal\/\"],\"url\":\"https:\/\/noticiaempauta.com\/portal\/author\/fernando\/\"}]}<\/script>\n<!-- \/ Yoast SEO Premium plugin. -->","yoast_head_json":{"title":"Declara\u00e7\u00e3o do Imposto de Renda come\u00e7a hoje: veja como n\u00e3o cair na malha fina - Portal Not\u00edcia em Pauta","robots":{"index":"index","follow":"follow","max-snippet":"max-snippet:-1","max-image-preview":"max-image-preview:large","max-video-preview":"max-video-preview:-1"},"canonical":"https:\/\/noticiaempauta.com\/portal\/declaracao-do-imposto-de-renda-comeca-hoje-veja-como-nao-cair-na-malha-fina\/","og_locale":"pt_BR","og_type":"article","og_title":"Declara\u00e7\u00e3o do Imposto de Renda come\u00e7a hoje: veja como n\u00e3o cair na malha fina","og_description":"Prazo de entrega vai de 15 de mar\u00e7o at\u00e9 31 de maio neste ano. O programa est\u00e1 liberado para download desde o dia 12.","og_url":"https:\/\/noticiaempauta.com\/portal\/declaracao-do-imposto-de-renda-comeca-hoje-veja-como-nao-cair-na-malha-fina\/","og_site_name":"Portal Not\u00edcia em Pauta","article_publisher":"https:\/\/www.facebook.com\/Portal-Notcia-Em-Pauta-102292869264820\/","article_published_time":"2024-03-15T12:16:37+00:00","article_modified_time":"2024-03-15T12:16:39+00:00","og_image":[{"width":855,"height":480,"url":"https:\/\/noticiaempauta.com\/portal\/wp-content\/uploads\/2024\/03\/receita-federal-abre-hoje-prazo-de-entrega-do-imposto-de-renda-bf081318-2e30-4d7c-bfd6-643b01f077c5.webp","type":"image\/webp"}],"author":"Reda\u00e7\u00e3o","twitter_card":"summary_large_image","twitter_misc":{"Escrito por":"Reda\u00e7\u00e3o","Est. tempo de leitura":"7 minutos"},"schema":{"@context":"https:\/\/schema.org","@graph":[{"@type":"Article","@id":"https:\/\/noticiaempauta.com\/portal\/declaracao-do-imposto-de-renda-comeca-hoje-veja-como-nao-cair-na-malha-fina\/#article","isPartOf":{"@id":"https:\/\/noticiaempauta.com\/portal\/declaracao-do-imposto-de-renda-comeca-hoje-veja-como-nao-cair-na-malha-fina\/"},"author":{"name":"Reda\u00e7\u00e3o","@id":"https:\/\/noticiaempauta.com\/portal\/#\/schema\/person\/a74af43dd1ab3deca45f988c717d57ac"},"headline":"Declara\u00e7\u00e3o do Imposto de Renda come\u00e7a hoje: veja como n\u00e3o cair na malha fina","datePublished":"2024-03-15T12:16:37+00:00","dateModified":"2024-03-15T12:16:39+00:00","mainEntityOfPage":{"@id":"https:\/\/noticiaempauta.com\/portal\/declaracao-do-imposto-de-renda-comeca-hoje-veja-como-nao-cair-na-malha-fina\/"},"wordCount":1422,"commentCount":0,"publisher":{"@id":"https:\/\/noticiaempauta.com\/portal\/#organization"},"image":{"@id":"https:\/\/noticiaempauta.com\/portal\/declaracao-do-imposto-de-renda-comeca-hoje-veja-como-nao-cair-na-malha-fina\/#primaryimage"},"thumbnailUrl":"https:\/\/noticiaempauta.com\/portal\/wp-content\/uploads\/2024\/03\/receita-federal-abre-hoje-prazo-de-entrega-do-imposto-de-renda-bf081318-2e30-4d7c-bfd6-643b01f077c5.webp","keywords":["destaqueprincipal"],"articleSection":["Destaques","Economia","Geral","Todas as Not\u00edcias"],"inLanguage":"pt-BR","potentialAction":[{"@type":"CommentAction","name":"Comment","target":["https:\/\/noticiaempauta.com\/portal\/declaracao-do-imposto-de-renda-comeca-hoje-veja-como-nao-cair-na-malha-fina\/#respond"]}]},{"@type":"WebPage","@id":"https:\/\/noticiaempauta.com\/portal\/declaracao-do-imposto-de-renda-comeca-hoje-veja-como-nao-cair-na-malha-fina\/","url":"https:\/\/noticiaempauta.com\/portal\/declaracao-do-imposto-de-renda-comeca-hoje-veja-como-nao-cair-na-malha-fina\/","name":"Declara\u00e7\u00e3o do Imposto de Renda come\u00e7a hoje: veja como n\u00e3o cair na malha fina - Portal Not\u00edcia em Pauta","isPartOf":{"@id":"https:\/\/noticiaempauta.com\/portal\/#website"},"primaryImageOfPage":{"@id":"https:\/\/noticiaempauta.com\/portal\/declaracao-do-imposto-de-renda-comeca-hoje-veja-como-nao-cair-na-malha-fina\/#primaryimage"},"image":{"@id":"https:\/\/noticiaempauta.com\/portal\/declaracao-do-imposto-de-renda-comeca-hoje-veja-como-nao-cair-na-malha-fina\/#primaryimage"},"thumbnailUrl":"https:\/\/noticiaempauta.com\/portal\/wp-content\/uploads\/2024\/03\/receita-federal-abre-hoje-prazo-de-entrega-do-imposto-de-renda-bf081318-2e30-4d7c-bfd6-643b01f077c5.webp","datePublished":"2024-03-15T12:16:37+00:00","dateModified":"2024-03-15T12:16:39+00:00","breadcrumb":{"@id":"https:\/\/noticiaempauta.com\/portal\/declaracao-do-imposto-de-renda-comeca-hoje-veja-como-nao-cair-na-malha-fina\/#breadcrumb"},"inLanguage":"pt-BR","potentialAction":[{"@type":"ReadAction","target":["https:\/\/noticiaempauta.com\/portal\/declaracao-do-imposto-de-renda-comeca-hoje-veja-como-nao-cair-na-malha-fina\/"]}]},{"@type":"ImageObject","inLanguage":"pt-BR","@id":"https:\/\/noticiaempauta.com\/portal\/declaracao-do-imposto-de-renda-comeca-hoje-veja-como-nao-cair-na-malha-fina\/#primaryimage","url":"https:\/\/noticiaempauta.com\/portal\/wp-content\/uploads\/2024\/03\/receita-federal-abre-hoje-prazo-de-entrega-do-imposto-de-renda-bf081318-2e30-4d7c-bfd6-643b01f077c5.webp","contentUrl":"https:\/\/noticiaempauta.com\/portal\/wp-content\/uploads\/2024\/03\/receita-federal-abre-hoje-prazo-de-entrega-do-imposto-de-renda-bf081318-2e30-4d7c-bfd6-643b01f077c5.webp","width":855,"height":480},{"@type":"BreadcrumbList","@id":"https:\/\/noticiaempauta.com\/portal\/declaracao-do-imposto-de-renda-comeca-hoje-veja-como-nao-cair-na-malha-fina\/#breadcrumb","itemListElement":[{"@type":"ListItem","position":1,"name":"P\u00e1gina Inicial","item":"https:\/\/noticiaempauta.com\/portal\/"},{"@type":"ListItem","position":2,"name":"Destaques","item":"https:\/\/noticiaempauta.com\/portal\/destaques-site\/"},{"@type":"ListItem","position":3,"name":"Declara\u00e7\u00e3o do Imposto de Renda come\u00e7a hoje: veja como n\u00e3o cair na malha fina"}]},{"@type":"WebSite","@id":"https:\/\/noticiaempauta.com\/portal\/#website","url":"https:\/\/noticiaempauta.com\/portal\/","name":"Portal Not\u00edcia em Pauta","description":"Voc\u00ea bem informado","publisher":{"@id":"https:\/\/noticiaempauta.com\/portal\/#organization"},"potentialAction":[{"@type":"SearchAction","target":{"@type":"EntryPoint","urlTemplate":"https:\/\/noticiaempauta.com\/portal\/?s={search_term_string}"},"query-input":{"@type":"PropertyValueSpecification","valueRequired":true,"valueName":"search_term_string"}}],"inLanguage":"pt-BR"},{"@type":"Organization","@id":"https:\/\/noticiaempauta.com\/portal\/#organization","name":"Portal Not\u00edcia em Pauta","url":"https:\/\/noticiaempauta.com\/portal\/","logo":{"@type":"ImageObject","inLanguage":"pt-BR","@id":"https:\/\/noticiaempauta.com\/portal\/#\/schema\/logo\/image\/","url":"https:\/\/noticiaempauta.com\/portal\/wp-content\/uploads\/2022\/08\/logomarca_tema.fw_.png","contentUrl":"https:\/\/noticiaempauta.com\/portal\/wp-content\/uploads\/2022\/08\/logomarca_tema.fw_.png","width":400,"height":232,"caption":"Portal Not\u00edcia em Pauta"},"image":{"@id":"https:\/\/noticiaempauta.com\/portal\/#\/schema\/logo\/image\/"},"sameAs":["https:\/\/www.facebook.com\/Portal-Notcia-Em-Pauta-102292869264820\/","https:\/\/www.instagram.com\/portalnoticiaempauta\/"]},{"@type":"Person","@id":"https:\/\/noticiaempauta.com\/portal\/#\/schema\/person\/a74af43dd1ab3deca45f988c717d57ac","name":"Reda\u00e7\u00e3o","image":{"@type":"ImageObject","inLanguage":"pt-BR","@id":"https:\/\/noticiaempauta.com\/portal\/#\/schema\/person\/image\/","url":"https:\/\/secure.gravatar.com\/avatar\/03179346ecce6cdfc13361603e8f54242a90e5cde8618fa23c5c00aa2b0aadf3?s=96&d=mm&r=g","contentUrl":"https:\/\/secure.gravatar.com\/avatar\/03179346ecce6cdfc13361603e8f54242a90e5cde8618fa23c5c00aa2b0aadf3?s=96&d=mm&r=g","caption":"Reda\u00e7\u00e3o"},"sameAs":["https:\/\/noticiaempauta.com\/portal\/"],"url":"https:\/\/noticiaempauta.com\/portal\/author\/fernando\/"}]}},"_links":{"self":[{"href":"https:\/\/noticiaempauta.com\/portal\/wp-json\/wp\/v2\/posts\/255869","targetHints":{"allow":["GET"]}}],"collection":[{"href":"https:\/\/noticiaempauta.com\/portal\/wp-json\/wp\/v2\/posts"}],"about":[{"href":"https:\/\/noticiaempauta.com\/portal\/wp-json\/wp\/v2\/types\/post"}],"author":[{"embeddable":true,"href":"https:\/\/noticiaempauta.com\/portal\/wp-json\/wp\/v2\/users\/2"}],"replies":[{"embeddable":true,"href":"https:\/\/noticiaempauta.com\/portal\/wp-json\/wp\/v2\/comments?post=255869"}],"version-history":[{"count":2,"href":"https:\/\/noticiaempauta.com\/portal\/wp-json\/wp\/v2\/posts\/255869\/revisions"}],"predecessor-version":[{"id":255873,"href":"https:\/\/noticiaempauta.com\/portal\/wp-json\/wp\/v2\/posts\/255869\/revisions\/255873"}],"wp:featuredmedia":[{"embeddable":true,"href":"https:\/\/noticiaempauta.com\/portal\/wp-json\/wp\/v2\/media\/255871"}],"wp:attachment":[{"href":"https:\/\/noticiaempauta.com\/portal\/wp-json\/wp\/v2\/media?parent=255869"}],"wp:term":[{"taxonomy":"category","embeddable":true,"href":"https:\/\/noticiaempauta.com\/portal\/wp-json\/wp\/v2\/categories?post=255869"},{"taxonomy":"post_tag","embeddable":true,"href":"https:\/\/noticiaempauta.com\/portal\/wp-json\/wp\/v2\/tags?post=255869"}],"curies":[{"name":"wp","href":"https:\/\/api.w.org\/{rel}","templated":true}]}}