{"id":255917,"date":"2024-03-18T09:21:38","date_gmt":"2024-03-18T12:21:38","guid":{"rendered":"https:\/\/noticiaempauta.com\/portal\/?p=255917"},"modified":"2024-03-18T09:21:40","modified_gmt":"2024-03-18T12:21:40","slug":"projeto-vai-ensinar-reeducandas-da-penitenciaria-de-picos-a-produzir-ovos-de-pascoa","status":"publish","type":"post","link":"https:\/\/noticiaempauta.com\/portal\/projeto-vai-ensinar-reeducandas-da-penitenciaria-de-picos-a-produzir-ovos-de-pascoa\/","title":{"rendered":"Projeto vai ensinar reeducandas da Penitenci\u00e1ria de Picos a produzir ovos de P\u00e1scoa"},"content":{"rendered":"\n<p>No per\u00edodo da Quaresma, um projeto far\u00e1 a diferen\u00e7a na vida das reeducandas da Penitenci\u00e1ria Feminina Adalberto de Moura Santos, em Picos, o P\u00e1scoa que Liberta, \u00e9 mais uma iniciativa da Secretaria da Justi\u00e7a (Sejus) que visa proporcionar cursos de capacita\u00e7\u00e3o para mulheres do sistema prisional do Piau\u00ed. Desta vez, ser\u00e3o ofertados cursos de produ\u00e7\u00e3o de ovos de P\u00e1scoa e derivados, al\u00e9m da produ\u00e7\u00e3o de embalagens para comercializa\u00e7\u00e3o dos chocolates que come\u00e7a a partir da pr\u00f3xima segunda-feira (18) e seguem at\u00e9 a sexta-feira (22).<\/p>\n\n\n\n<figure class=\"wp-block-image size-full\"><img fetchpriority=\"high\" decoding=\"async\" width=\"800\" height=\"1000\" src=\"https:\/\/noticiaempauta.com\/portal\/wp-content\/uploads\/2024\/03\/large_Whats_App_Image_2024_03_16_at_11_24_36_3741a3616f.jpeg\" alt=\"\" class=\"wp-image-255920\" srcset=\"https:\/\/noticiaempauta.com\/portal\/wp-content\/uploads\/2024\/03\/large_Whats_App_Image_2024_03_16_at_11_24_36_3741a3616f.jpeg 800w, https:\/\/noticiaempauta.com\/portal\/wp-content\/uploads\/2024\/03\/large_Whats_App_Image_2024_03_16_at_11_24_36_3741a3616f-240x300.jpeg 240w, https:\/\/noticiaempauta.com\/portal\/wp-content\/uploads\/2024\/03\/large_Whats_App_Image_2024_03_16_at_11_24_36_3741a3616f-768x960.jpeg 768w\" sizes=\"(max-width: 800px) 100vw, 800px\" \/><\/figure>\n\n\n\n<p>Essa \u00e9 uma forma de desenvolver a\u00e7\u00f5es socioeducativas com o intuito de promover a ressocializa\u00e7\u00e3o das internas. A exemplo do que foi realizado no segundo semestre do ano passado, no mesmo local, com o curso de salgados e docinhos gourmet.<\/p>\n\n\n\n<p>Com essa pr\u00e1tica, \u00e9 poss\u00edvel levar capacita\u00e7\u00e3o as reeducandas para o mercado de trabalho; contribuir para redu\u00e7\u00e3o da pena, tendo em vista que as horas de curso incidem em dias a menos de cada uma na penitenci\u00e1ria; promover a ressocializa\u00e7\u00e3o e autovaloriza\u00e7\u00e3o; e mostrar a import\u00e2ncia da educa\u00e7\u00e3o profissionalizante dentro do sistema prisional.<\/p>\n\n\n\n<p><strong>Redu\u00e7\u00e3o da Pena<\/strong><\/p>\n\n\n\n<p>Vale lembrar que, conforme a Lei de Execu\u00e7\u00f5es Penais (LEP), a cada 12h de estudos, distribu\u00eddos em tr\u00eas dias de atividades, englobando cursos educacionais de natureza diversas, a exemplo dos profissionalizantes, a pena do detento (a) \u00e9 reduzida em 1 dia. O projeto tem o apoio do Governo do Estado, atrav\u00e9s da Secretaria da Justi\u00e7a (SEJUS).<\/p>\n\n\n\n<p>CCOM\/PI<\/p>\n","protected":false},"excerpt":{"rendered":"<p>Cursos iniciam nesta segunda-feira (18) e seguem at\u00e9 a sexta-feira (22).<\/p>\n","protected":false},"author":2,"featured_media":255921,"comment_status":"open","ping_status":"open","sticky":false,"template":"","format":"standard","meta":{"_mi_skip_tracking":false,"footnotes":""},"categories":[25,1,8,16],"tags":[192],"class_list":["post-255917","post","type-post","status-publish","format-standard","has-post-thumbnail","hentry","category-destaques-site","category-geral","category-social","category-todas","tag-destaqueprincipal"],"acf":[],"yoast_head":"<!-- This site is optimized with the Yoast SEO Premium plugin v19.2 (Yoast SEO v26.9) - https:\/\/yoast.com\/product\/yoast-seo-premium-wordpress\/ -->\n<title>Projeto vai ensinar reeducandas da Penitenci\u00e1ria de Picos a produzir ovos de P\u00e1scoa - Portal Not\u00edcia em Pauta<\/title>\n<meta name=\"robots\" content=\"index, follow, max-snippet:-1, max-image-preview:large, max-video-preview:-1\" \/>\n<link rel=\"canonical\" href=\"https:\/\/noticiaempauta.com\/portal\/projeto-vai-ensinar-reeducandas-da-penitenciaria-de-picos-a-produzir-ovos-de-pascoa\/\" \/>\n<meta property=\"og:locale\" content=\"pt_BR\" \/>\n<meta property=\"og:type\" content=\"article\" \/>\n<meta property=\"og:title\" content=\"Projeto vai ensinar reeducandas da Penitenci\u00e1ria de Picos a produzir ovos de P\u00e1scoa\" \/>\n<meta property=\"og:description\" content=\"Cursos iniciam nesta segunda-feira (18) e seguem at\u00e9 a sexta-feira (22).\" \/>\n<meta property=\"og:url\" content=\"https:\/\/noticiaempauta.com\/portal\/projeto-vai-ensinar-reeducandas-da-penitenciaria-de-picos-a-produzir-ovos-de-pascoa\/\" \/>\n<meta property=\"og:site_name\" content=\"Portal Not\u00edcia em Pauta\" \/>\n<meta property=\"article:publisher\" content=\"https:\/\/www.facebook.com\/Portal-Notcia-Em-Pauta-102292869264820\/\" \/>\n<meta property=\"article:published_time\" content=\"2024-03-18T12:21:38+00:00\" \/>\n<meta property=\"article:modified_time\" content=\"2024-03-18T12:21:40+00:00\" \/>\n<meta property=\"og:image\" content=\"https:\/\/noticiaempauta.com\/portal\/wp-content\/uploads\/2024\/03\/large-dsc-0252-4-1900x900-c_1613138549.jpg\" \/>\n\t<meta property=\"og:image:width\" content=\"800\" \/>\n\t<meta property=\"og:image:height\" content=\"427\" \/>\n\t<meta property=\"og:image:type\" content=\"image\/jpeg\" \/>\n<meta name=\"author\" content=\"Reda\u00e7\u00e3o\" \/>\n<meta name=\"twitter:card\" content=\"summary_large_image\" \/>\n<meta name=\"twitter:label1\" content=\"Escrito por\" \/>\n\t<meta name=\"twitter:data1\" content=\"Reda\u00e7\u00e3o\" \/>\n\t<meta name=\"twitter:label2\" content=\"Est. tempo de leitura\" \/>\n\t<meta name=\"twitter:data2\" content=\"2 minutos\" \/>\n<script type=\"application\/ld+json\" class=\"yoast-schema-graph\">{\"@context\":\"https:\/\/schema.org\",\"@graph\":[{\"@type\":\"Article\",\"@id\":\"https:\/\/noticiaempauta.com\/portal\/projeto-vai-ensinar-reeducandas-da-penitenciaria-de-picos-a-produzir-ovos-de-pascoa\/#article\",\"isPartOf\":{\"@id\":\"https:\/\/noticiaempauta.com\/portal\/projeto-vai-ensinar-reeducandas-da-penitenciaria-de-picos-a-produzir-ovos-de-pascoa\/\"},\"author\":{\"name\":\"Reda\u00e7\u00e3o\",\"@id\":\"https:\/\/noticiaempauta.com\/portal\/#\/schema\/person\/a74af43dd1ab3deca45f988c717d57ac\"},\"headline\":\"Projeto vai ensinar reeducandas da Penitenci\u00e1ria de Picos a produzir ovos de P\u00e1scoa\",\"datePublished\":\"2024-03-18T12:21:38+00:00\",\"dateModified\":\"2024-03-18T12:21:40+00:00\",\"mainEntityOfPage\":{\"@id\":\"https:\/\/noticiaempauta.com\/portal\/projeto-vai-ensinar-reeducandas-da-penitenciaria-de-picos-a-produzir-ovos-de-pascoa\/\"},\"wordCount\":277,\"commentCount\":0,\"publisher\":{\"@id\":\"https:\/\/noticiaempauta.com\/portal\/#organization\"},\"image\":{\"@id\":\"https:\/\/noticiaempauta.com\/portal\/projeto-vai-ensinar-reeducandas-da-penitenciaria-de-picos-a-produzir-ovos-de-pascoa\/#primaryimage\"},\"thumbnailUrl\":\"https:\/\/noticiaempauta.com\/portal\/wp-content\/uploads\/2024\/03\/large-dsc-0252-4-1900x900-c_1613138549.jpg\",\"keywords\":[\"destaqueprincipal\"],\"articleSection\":[\"Destaques\",\"Geral\",\"Social\",\"Todas as Not\u00edcias\"],\"inLanguage\":\"pt-BR\",\"potentialAction\":[{\"@type\":\"CommentAction\",\"name\":\"Comment\",\"target\":[\"https:\/\/noticiaempauta.com\/portal\/projeto-vai-ensinar-reeducandas-da-penitenciaria-de-picos-a-produzir-ovos-de-pascoa\/#respond\"]}]},{\"@type\":\"WebPage\",\"@id\":\"https:\/\/noticiaempauta.com\/portal\/projeto-vai-ensinar-reeducandas-da-penitenciaria-de-picos-a-produzir-ovos-de-pascoa\/\",\"url\":\"https:\/\/noticiaempauta.com\/portal\/projeto-vai-ensinar-reeducandas-da-penitenciaria-de-picos-a-produzir-ovos-de-pascoa\/\",\"name\":\"Projeto vai ensinar reeducandas da Penitenci\u00e1ria de Picos a produzir ovos de P\u00e1scoa - Portal Not\u00edcia em Pauta\",\"isPartOf\":{\"@id\":\"https:\/\/noticiaempauta.com\/portal\/#website\"},\"primaryImageOfPage\":{\"@id\":\"https:\/\/noticiaempauta.com\/portal\/projeto-vai-ensinar-reeducandas-da-penitenciaria-de-picos-a-produzir-ovos-de-pascoa\/#primaryimage\"},\"image\":{\"@id\":\"https:\/\/noticiaempauta.com\/portal\/projeto-vai-ensinar-reeducandas-da-penitenciaria-de-picos-a-produzir-ovos-de-pascoa\/#primaryimage\"},\"thumbnailUrl\":\"https:\/\/noticiaempauta.com\/portal\/wp-content\/uploads\/2024\/03\/large-dsc-0252-4-1900x900-c_1613138549.jpg\",\"datePublished\":\"2024-03-18T12:21:38+00:00\",\"dateModified\":\"2024-03-18T12:21:40+00:00\",\"breadcrumb\":{\"@id\":\"https:\/\/noticiaempauta.com\/portal\/projeto-vai-ensinar-reeducandas-da-penitenciaria-de-picos-a-produzir-ovos-de-pascoa\/#breadcrumb\"},\"inLanguage\":\"pt-BR\",\"potentialAction\":[{\"@type\":\"ReadAction\",\"target\":[\"https:\/\/noticiaempauta.com\/portal\/projeto-vai-ensinar-reeducandas-da-penitenciaria-de-picos-a-produzir-ovos-de-pascoa\/\"]}]},{\"@type\":\"ImageObject\",\"inLanguage\":\"pt-BR\",\"@id\":\"https:\/\/noticiaempauta.com\/portal\/projeto-vai-ensinar-reeducandas-da-penitenciaria-de-picos-a-produzir-ovos-de-pascoa\/#primaryimage\",\"url\":\"https:\/\/noticiaempauta.com\/portal\/wp-content\/uploads\/2024\/03\/large-dsc-0252-4-1900x900-c_1613138549.jpg\",\"contentUrl\":\"https:\/\/noticiaempauta.com\/portal\/wp-content\/uploads\/2024\/03\/large-dsc-0252-4-1900x900-c_1613138549.jpg\",\"width\":800,\"height\":427,\"caption\":\"Foto: Reprodu\u00e7\u00e3o\"},{\"@type\":\"BreadcrumbList\",\"@id\":\"https:\/\/noticiaempauta.com\/portal\/projeto-vai-ensinar-reeducandas-da-penitenciaria-de-picos-a-produzir-ovos-de-pascoa\/#breadcrumb\",\"itemListElement\":[{\"@type\":\"ListItem\",\"position\":1,\"name\":\"P\u00e1gina Inicial\",\"item\":\"https:\/\/noticiaempauta.com\/portal\/\"},{\"@type\":\"ListItem\",\"position\":2,\"name\":\"Destaques\",\"item\":\"https:\/\/noticiaempauta.com\/portal\/destaques-site\/\"},{\"@type\":\"ListItem\",\"position\":3,\"name\":\"Projeto vai ensinar reeducandas da Penitenci\u00e1ria de Picos a produzir ovos de P\u00e1scoa\"}]},{\"@type\":\"WebSite\",\"@id\":\"https:\/\/noticiaempauta.com\/portal\/#website\",\"url\":\"https:\/\/noticiaempauta.com\/portal\/\",\"name\":\"Portal Not\u00edcia em Pauta\",\"description\":\"Voc\u00ea bem informado\",\"publisher\":{\"@id\":\"https:\/\/noticiaempauta.com\/portal\/#organization\"},\"potentialAction\":[{\"@type\":\"SearchAction\",\"target\":{\"@type\":\"EntryPoint\",\"urlTemplate\":\"https:\/\/noticiaempauta.com\/portal\/?s={search_term_string}\"},\"query-input\":{\"@type\":\"PropertyValueSpecification\",\"valueRequired\":true,\"valueName\":\"search_term_string\"}}],\"inLanguage\":\"pt-BR\"},{\"@type\":\"Organization\",\"@id\":\"https:\/\/noticiaempauta.com\/portal\/#organization\",\"name\":\"Portal Not\u00edcia em Pauta\",\"url\":\"https:\/\/noticiaempauta.com\/portal\/\",\"logo\":{\"@type\":\"ImageObject\",\"inLanguage\":\"pt-BR\",\"@id\":\"https:\/\/noticiaempauta.com\/portal\/#\/schema\/logo\/image\/\",\"url\":\"https:\/\/noticiaempauta.com\/portal\/wp-content\/uploads\/2022\/08\/logomarca_tema.fw_.png\",\"contentUrl\":\"https:\/\/noticiaempauta.com\/portal\/wp-content\/uploads\/2022\/08\/logomarca_tema.fw_.png\",\"width\":400,\"height\":232,\"caption\":\"Portal Not\u00edcia em Pauta\"},\"image\":{\"@id\":\"https:\/\/noticiaempauta.com\/portal\/#\/schema\/logo\/image\/\"},\"sameAs\":[\"https:\/\/www.facebook.com\/Portal-Notcia-Em-Pauta-102292869264820\/\",\"https:\/\/www.instagram.com\/portalnoticiaempauta\/\"]},{\"@type\":\"Person\",\"@id\":\"https:\/\/noticiaempauta.com\/portal\/#\/schema\/person\/a74af43dd1ab3deca45f988c717d57ac\",\"name\":\"Reda\u00e7\u00e3o\",\"image\":{\"@type\":\"ImageObject\",\"inLanguage\":\"pt-BR\",\"@id\":\"https:\/\/noticiaempauta.com\/portal\/#\/schema\/person\/image\/\",\"url\":\"https:\/\/secure.gravatar.com\/avatar\/03179346ecce6cdfc13361603e8f54242a90e5cde8618fa23c5c00aa2b0aadf3?s=96&d=mm&r=g\",\"contentUrl\":\"https:\/\/secure.gravatar.com\/avatar\/03179346ecce6cdfc13361603e8f54242a90e5cde8618fa23c5c00aa2b0aadf3?s=96&d=mm&r=g\",\"caption\":\"Reda\u00e7\u00e3o\"},\"sameAs\":[\"https:\/\/noticiaempauta.com\/portal\/\"],\"url\":\"https:\/\/noticiaempauta.com\/portal\/author\/fernando\/\"}]}<\/script>\n<!-- \/ Yoast SEO Premium plugin. -->","yoast_head_json":{"title":"Projeto vai ensinar reeducandas da Penitenci\u00e1ria de Picos a produzir ovos de P\u00e1scoa - Portal Not\u00edcia em Pauta","robots":{"index":"index","follow":"follow","max-snippet":"max-snippet:-1","max-image-preview":"max-image-preview:large","max-video-preview":"max-video-preview:-1"},"canonical":"https:\/\/noticiaempauta.com\/portal\/projeto-vai-ensinar-reeducandas-da-penitenciaria-de-picos-a-produzir-ovos-de-pascoa\/","og_locale":"pt_BR","og_type":"article","og_title":"Projeto vai ensinar reeducandas da Penitenci\u00e1ria de Picos a produzir ovos de P\u00e1scoa","og_description":"Cursos iniciam nesta segunda-feira (18) e seguem at\u00e9 a sexta-feira (22).","og_url":"https:\/\/noticiaempauta.com\/portal\/projeto-vai-ensinar-reeducandas-da-penitenciaria-de-picos-a-produzir-ovos-de-pascoa\/","og_site_name":"Portal Not\u00edcia em Pauta","article_publisher":"https:\/\/www.facebook.com\/Portal-Notcia-Em-Pauta-102292869264820\/","article_published_time":"2024-03-18T12:21:38+00:00","article_modified_time":"2024-03-18T12:21:40+00:00","og_image":[{"width":800,"height":427,"url":"https:\/\/noticiaempauta.com\/portal\/wp-content\/uploads\/2024\/03\/large-dsc-0252-4-1900x900-c_1613138549.jpg","type":"image\/jpeg"}],"author":"Reda\u00e7\u00e3o","twitter_card":"summary_large_image","twitter_misc":{"Escrito por":"Reda\u00e7\u00e3o","Est. tempo de leitura":"2 minutos"},"schema":{"@context":"https:\/\/schema.org","@graph":[{"@type":"Article","@id":"https:\/\/noticiaempauta.com\/portal\/projeto-vai-ensinar-reeducandas-da-penitenciaria-de-picos-a-produzir-ovos-de-pascoa\/#article","isPartOf":{"@id":"https:\/\/noticiaempauta.com\/portal\/projeto-vai-ensinar-reeducandas-da-penitenciaria-de-picos-a-produzir-ovos-de-pascoa\/"},"author":{"name":"Reda\u00e7\u00e3o","@id":"https:\/\/noticiaempauta.com\/portal\/#\/schema\/person\/a74af43dd1ab3deca45f988c717d57ac"},"headline":"Projeto vai ensinar reeducandas da Penitenci\u00e1ria de Picos a produzir ovos de P\u00e1scoa","datePublished":"2024-03-18T12:21:38+00:00","dateModified":"2024-03-18T12:21:40+00:00","mainEntityOfPage":{"@id":"https:\/\/noticiaempauta.com\/portal\/projeto-vai-ensinar-reeducandas-da-penitenciaria-de-picos-a-produzir-ovos-de-pascoa\/"},"wordCount":277,"commentCount":0,"publisher":{"@id":"https:\/\/noticiaempauta.com\/portal\/#organization"},"image":{"@id":"https:\/\/noticiaempauta.com\/portal\/projeto-vai-ensinar-reeducandas-da-penitenciaria-de-picos-a-produzir-ovos-de-pascoa\/#primaryimage"},"thumbnailUrl":"https:\/\/noticiaempauta.com\/portal\/wp-content\/uploads\/2024\/03\/large-dsc-0252-4-1900x900-c_1613138549.jpg","keywords":["destaqueprincipal"],"articleSection":["Destaques","Geral","Social","Todas as Not\u00edcias"],"inLanguage":"pt-BR","potentialAction":[{"@type":"CommentAction","name":"Comment","target":["https:\/\/noticiaempauta.com\/portal\/projeto-vai-ensinar-reeducandas-da-penitenciaria-de-picos-a-produzir-ovos-de-pascoa\/#respond"]}]},{"@type":"WebPage","@id":"https:\/\/noticiaempauta.com\/portal\/projeto-vai-ensinar-reeducandas-da-penitenciaria-de-picos-a-produzir-ovos-de-pascoa\/","url":"https:\/\/noticiaempauta.com\/portal\/projeto-vai-ensinar-reeducandas-da-penitenciaria-de-picos-a-produzir-ovos-de-pascoa\/","name":"Projeto vai ensinar reeducandas da Penitenci\u00e1ria de Picos a produzir ovos de P\u00e1scoa - Portal Not\u00edcia em Pauta","isPartOf":{"@id":"https:\/\/noticiaempauta.com\/portal\/#website"},"primaryImageOfPage":{"@id":"https:\/\/noticiaempauta.com\/portal\/projeto-vai-ensinar-reeducandas-da-penitenciaria-de-picos-a-produzir-ovos-de-pascoa\/#primaryimage"},"image":{"@id":"https:\/\/noticiaempauta.com\/portal\/projeto-vai-ensinar-reeducandas-da-penitenciaria-de-picos-a-produzir-ovos-de-pascoa\/#primaryimage"},"thumbnailUrl":"https:\/\/noticiaempauta.com\/portal\/wp-content\/uploads\/2024\/03\/large-dsc-0252-4-1900x900-c_1613138549.jpg","datePublished":"2024-03-18T12:21:38+00:00","dateModified":"2024-03-18T12:21:40+00:00","breadcrumb":{"@id":"https:\/\/noticiaempauta.com\/portal\/projeto-vai-ensinar-reeducandas-da-penitenciaria-de-picos-a-produzir-ovos-de-pascoa\/#breadcrumb"},"inLanguage":"pt-BR","potentialAction":[{"@type":"ReadAction","target":["https:\/\/noticiaempauta.com\/portal\/projeto-vai-ensinar-reeducandas-da-penitenciaria-de-picos-a-produzir-ovos-de-pascoa\/"]}]},{"@type":"ImageObject","inLanguage":"pt-BR","@id":"https:\/\/noticiaempauta.com\/portal\/projeto-vai-ensinar-reeducandas-da-penitenciaria-de-picos-a-produzir-ovos-de-pascoa\/#primaryimage","url":"https:\/\/noticiaempauta.com\/portal\/wp-content\/uploads\/2024\/03\/large-dsc-0252-4-1900x900-c_1613138549.jpg","contentUrl":"https:\/\/noticiaempauta.com\/portal\/wp-content\/uploads\/2024\/03\/large-dsc-0252-4-1900x900-c_1613138549.jpg","width":800,"height":427,"caption":"Foto: Reprodu\u00e7\u00e3o"},{"@type":"BreadcrumbList","@id":"https:\/\/noticiaempauta.com\/portal\/projeto-vai-ensinar-reeducandas-da-penitenciaria-de-picos-a-produzir-ovos-de-pascoa\/#breadcrumb","itemListElement":[{"@type":"ListItem","position":1,"name":"P\u00e1gina Inicial","item":"https:\/\/noticiaempauta.com\/portal\/"},{"@type":"ListItem","position":2,"name":"Destaques","item":"https:\/\/noticiaempauta.com\/portal\/destaques-site\/"},{"@type":"ListItem","position":3,"name":"Projeto vai ensinar reeducandas da Penitenci\u00e1ria de Picos a produzir ovos de P\u00e1scoa"}]},{"@type":"WebSite","@id":"https:\/\/noticiaempauta.com\/portal\/#website","url":"https:\/\/noticiaempauta.com\/portal\/","name":"Portal Not\u00edcia em Pauta","description":"Voc\u00ea bem informado","publisher":{"@id":"https:\/\/noticiaempauta.com\/portal\/#organization"},"potentialAction":[{"@type":"SearchAction","target":{"@type":"EntryPoint","urlTemplate":"https:\/\/noticiaempauta.com\/portal\/?s={search_term_string}"},"query-input":{"@type":"PropertyValueSpecification","valueRequired":true,"valueName":"search_term_string"}}],"inLanguage":"pt-BR"},{"@type":"Organization","@id":"https:\/\/noticiaempauta.com\/portal\/#organization","name":"Portal Not\u00edcia em Pauta","url":"https:\/\/noticiaempauta.com\/portal\/","logo":{"@type":"ImageObject","inLanguage":"pt-BR","@id":"https:\/\/noticiaempauta.com\/portal\/#\/schema\/logo\/image\/","url":"https:\/\/noticiaempauta.com\/portal\/wp-content\/uploads\/2022\/08\/logomarca_tema.fw_.png","contentUrl":"https:\/\/noticiaempauta.com\/portal\/wp-content\/uploads\/2022\/08\/logomarca_tema.fw_.png","width":400,"height":232,"caption":"Portal Not\u00edcia em Pauta"},"image":{"@id":"https:\/\/noticiaempauta.com\/portal\/#\/schema\/logo\/image\/"},"sameAs":["https:\/\/www.facebook.com\/Portal-Notcia-Em-Pauta-102292869264820\/","https:\/\/www.instagram.com\/portalnoticiaempauta\/"]},{"@type":"Person","@id":"https:\/\/noticiaempauta.com\/portal\/#\/schema\/person\/a74af43dd1ab3deca45f988c717d57ac","name":"Reda\u00e7\u00e3o","image":{"@type":"ImageObject","inLanguage":"pt-BR","@id":"https:\/\/noticiaempauta.com\/portal\/#\/schema\/person\/image\/","url":"https:\/\/secure.gravatar.com\/avatar\/03179346ecce6cdfc13361603e8f54242a90e5cde8618fa23c5c00aa2b0aadf3?s=96&d=mm&r=g","contentUrl":"https:\/\/secure.gravatar.com\/avatar\/03179346ecce6cdfc13361603e8f54242a90e5cde8618fa23c5c00aa2b0aadf3?s=96&d=mm&r=g","caption":"Reda\u00e7\u00e3o"},"sameAs":["https:\/\/noticiaempauta.com\/portal\/"],"url":"https:\/\/noticiaempauta.com\/portal\/author\/fernando\/"}]}},"_links":{"self":[{"href":"https:\/\/noticiaempauta.com\/portal\/wp-json\/wp\/v2\/posts\/255917","targetHints":{"allow":["GET"]}}],"collection":[{"href":"https:\/\/noticiaempauta.com\/portal\/wp-json\/wp\/v2\/posts"}],"about":[{"href":"https:\/\/noticiaempauta.com\/portal\/wp-json\/wp\/v2\/types\/post"}],"author":[{"embeddable":true,"href":"https:\/\/noticiaempauta.com\/portal\/wp-json\/wp\/v2\/users\/2"}],"replies":[{"embeddable":true,"href":"https:\/\/noticiaempauta.com\/portal\/wp-json\/wp\/v2\/comments?post=255917"}],"version-history":[{"count":2,"href":"https:\/\/noticiaempauta.com\/portal\/wp-json\/wp\/v2\/posts\/255917\/revisions"}],"predecessor-version":[{"id":255923,"href":"https:\/\/noticiaempauta.com\/portal\/wp-json\/wp\/v2\/posts\/255917\/revisions\/255923"}],"wp:featuredmedia":[{"embeddable":true,"href":"https:\/\/noticiaempauta.com\/portal\/wp-json\/wp\/v2\/media\/255921"}],"wp:attachment":[{"href":"https:\/\/noticiaempauta.com\/portal\/wp-json\/wp\/v2\/media?parent=255917"}],"wp:term":[{"taxonomy":"category","embeddable":true,"href":"https:\/\/noticiaempauta.com\/portal\/wp-json\/wp\/v2\/categories?post=255917"},{"taxonomy":"post_tag","embeddable":true,"href":"https:\/\/noticiaempauta.com\/portal\/wp-json\/wp\/v2\/tags?post=255917"}],"curies":[{"name":"wp","href":"https:\/\/api.w.org\/{rel}","templated":true}]}}