{"id":255924,"date":"2024-03-18T09:26:14","date_gmt":"2024-03-18T12:26:14","guid":{"rendered":"https:\/\/noticiaempauta.com\/portal\/?p=255924"},"modified":"2024-03-18T09:26:16","modified_gmt":"2024-03-18T12:26:16","slug":"anatel-libera-ativacao-do-5g-em-mais-de-20-municipios-do-piaui-veja-a-lista-completa","status":"publish","type":"post","link":"https:\/\/noticiaempauta.com\/portal\/anatel-libera-ativacao-do-5g-em-mais-de-20-municipios-do-piaui-veja-a-lista-completa\/","title":{"rendered":"Anatel libera ativa\u00e7\u00e3o do 5G em mais de 20 munic\u00edpios do Piau\u00ed; veja a lista completa"},"content":{"rendered":"\n<p>A Ag\u00eancia Nacional de Telecomunica\u00e7\u00f5es (Anatel) liberou as opera\u00e7\u00f5es da rede 5G em 21 cidades do Piau\u00ed. A decis\u00e3o foi deliberada na \u00faltima quarta-feira (13) pelo Grupo de Acompanhamento da Implanta\u00e7\u00e3o das Solu\u00e7\u00f5es para os Problemas de Interfer\u00eancia na faixa de 3.625 a 3.700 MHz (Gaispi).<\/p>\n\n\n\n<p>De acordo com o \u00f3rg\u00e3o, as prestadoras podem solicitar o licenciamento e ativa\u00e7\u00e3o das esta\u00e7\u00f5es de 5G a partir do dia 18 de mar\u00e7o.<\/p>\n\n\n\n<p>Por\u00e9m, a Anatel destaca que a libera\u00e7\u00e3o da faixa n\u00e3o implica na instala\u00e7\u00e3o imediata das redes 5G nessas localidades. Cada prestadora precisar\u00e1 planejar individualmente a instala\u00e7\u00e3o das esta\u00e7\u00f5es de quinta gera\u00e7\u00e3o.<\/p>\n\n\n\n<p>Segundo o Minist\u00e9rio das Comunica\u00e7\u00f5es, essa decis\u00e3o segue as diretrizes do Edital do 5G e abrange munic\u00edpios onde a migra\u00e7\u00e3o da recep\u00e7\u00e3o do sinal de televis\u00e3o aberta e gratuita por meio de antenas parab\u00f3licas na banda C satelital para a banda Ku j\u00e1 foi iniciada pela Entidade Administradora da Faixa de 3,5 GHz (<a href=\"https:\/\/sigaantenado.com.br\/\">Siga Antenado<\/a>). A conclus\u00e3o das a\u00e7\u00f5es necess\u00e1rias para a desocupa\u00e7\u00e3o da faixa por sistemas do Servi\u00e7o Fixo por Sat\u00e9lite (FSS) tamb\u00e9m foi considerada, com a instala\u00e7\u00e3o de filtros para a mitiga\u00e7\u00e3o de interfer\u00eancias em todas as esta\u00e7\u00f5es do FSS impactadas.<\/p>\n\n\n\n<p>A transmiss\u00e3o da TV por meio da Banda Ku promete proporcionar maior qualidade de \u00e1udio e v\u00eddeo, mais diversidade de conte\u00fado dispon\u00edvel, al\u00e9m de contar com uma antena parab\u00f3lica menor e imune \u00e0 interfer\u00eancia do 5G, representando um avan\u00e7o significativo na infraestrutura de comunica\u00e7\u00e3o do pa\u00eds.<\/p>\n\n\n\n<p><strong>Kit Parab\u00f3lica para Cad\u00danico<\/strong><\/p>\n\n\n\n<p>Quem recebe as transmiss\u00f5es da TV Aberta pela antena parab\u00f3lica precisa adaptar o equipamento para evitar eventuais interfer\u00eancias na faixa de 3,5 GHz.<\/p>\n\n\n\n<p>Fam\u00edlias inscritas no Cadastro \u00danico para Programas Sociais do Governo Federal (Cad\u00danico) podem solicitar o kit gratuito para a adapta\u00e7\u00e3o do equipamento \u00e0 entidade Siga Antenado.<\/p>\n\n\n\n<p>\u00c9 fundamental que seja realizado agendamento para a instala\u00e7\u00e3o dos novos equipamentos. Mais informa\u00e7\u00f5es est\u00e3o dispon\u00edveis no site da Siga Antenado e pelo telefone&nbsp;<strong>0800-729-2404<\/strong>.<\/p>\n\n\n\n<p><strong>Veja a lista completa das cidades do Piau\u00ed com instala\u00e7\u00e3o do 5G liberada:<\/strong><\/p>\n\n\n\n<ul class=\"wp-block-list\">\n<li>Acau\u00e3<\/li>\n\n\n\n<li>Agricol\u00e2ndia<\/li>\n\n\n\n<li>\u00c1gua Branca<\/li>\n\n\n\n<li>Alto Long\u00e1<\/li>\n\n\n\n<li>Barro Duro<\/li>\n\n\n\n<li>Boa Hora<\/li>\n\n\n\n<li>Boqueir\u00e3o do Piau\u00ed<\/li>\n\n\n\n<li>Buriti dos Lopes<\/li>\n\n\n\n<li>Cabeceiras do Piau\u00ed<\/li>\n\n\n\n<li>Cocal<\/li>\n\n\n\n<li>Cocal dos Alves<\/li>\n\n\n\n<li>Dom Inoc\u00eancio<\/li>\n\n\n\n<li>Lagoa do Barro do Piau\u00ed<\/li>\n\n\n\n<li>Lagoinha do Piau\u00ed<\/li>\n\n\n\n<li>Nossa Senhora de Nazar\u00e9<\/li>\n\n\n\n<li>Olho D\u2019\u00c1gua do Piau\u00ed<\/li>\n\n\n\n<li>Passagem Franca do Piau\u00ed<\/li>\n\n\n\n<li>Prata do Piau\u00ed<\/li>\n\n\n\n<li>Queimada Nova<\/li>\n\n\n\n<li>S\u00e3o Miguel da Baixa Grande<\/li>\n\n\n\n<li>S\u00e3o Pedro do Piau\u00ed<\/li>\n<\/ul>\n\n\n\n<p><em>Cidade Verde, com informa\u00e7\u00f5es do Minist\u00e9rio das Comunica\u00e7\u00f5es<\/em><\/p>\n","protected":false},"excerpt":{"rendered":"<p>A Ag\u00eancia Nacional de Telecomunica\u00e7\u00f5es (Anatel) liberou as opera\u00e7\u00f5es da rede 5G em 21 cidades do Piau\u00ed. A decis\u00e3o foi deliberada na \u00faltima quarta-feira (13) pelo Grupo de Acompanhamento da Implanta\u00e7\u00e3o das Solu\u00e7\u00f5es para os Problemas de Interfer\u00eancia na faixa de 3.625 a 3.700 MHz (Gaispi). De acordo com o \u00f3rg\u00e3o, as prestadoras podem solicitar [&hellip;]<\/p>\n","protected":false},"author":2,"featured_media":255926,"comment_status":"open","ping_status":"open","sticky":false,"template":"","format":"standard","meta":{"_mi_skip_tracking":false,"footnotes":""},"categories":[25,1,9,16],"tags":[192],"class_list":["post-255924","post","type-post","status-publish","format-standard","has-post-thumbnail","hentry","category-destaques-site","category-geral","category-municipios","category-todas","tag-destaqueprincipal"],"acf":[],"yoast_head":"<!-- This site is optimized with the Yoast SEO Premium plugin v19.2 (Yoast SEO v26.9) - https:\/\/yoast.com\/product\/yoast-seo-premium-wordpress\/ -->\n<title>Anatel libera ativa\u00e7\u00e3o do 5G em mais de 20 munic\u00edpios do Piau\u00ed; veja a lista completa - Portal Not\u00edcia em Pauta<\/title>\n<meta name=\"robots\" content=\"index, follow, max-snippet:-1, max-image-preview:large, max-video-preview:-1\" \/>\n<link rel=\"canonical\" href=\"https:\/\/noticiaempauta.com\/portal\/anatel-libera-ativacao-do-5g-em-mais-de-20-municipios-do-piaui-veja-a-lista-completa\/\" \/>\n<meta property=\"og:locale\" content=\"pt_BR\" \/>\n<meta property=\"og:type\" content=\"article\" \/>\n<meta property=\"og:title\" content=\"Anatel libera ativa\u00e7\u00e3o do 5G em mais de 20 munic\u00edpios do Piau\u00ed; veja a lista completa\" \/>\n<meta property=\"og:description\" content=\"A Ag\u00eancia Nacional de Telecomunica\u00e7\u00f5es (Anatel) liberou as opera\u00e7\u00f5es da rede 5G em 21 cidades do Piau\u00ed. A decis\u00e3o foi deliberada na \u00faltima quarta-feira (13) pelo Grupo de Acompanhamento da Implanta\u00e7\u00e3o das Solu\u00e7\u00f5es para os Problemas de Interfer\u00eancia na faixa de 3.625 a 3.700 MHz (Gaispi). De acordo com o \u00f3rg\u00e3o, as prestadoras podem solicitar [&hellip;]\" \/>\n<meta property=\"og:url\" content=\"https:\/\/noticiaempauta.com\/portal\/anatel-libera-ativacao-do-5g-em-mais-de-20-municipios-do-piaui-veja-a-lista-completa\/\" \/>\n<meta property=\"og:site_name\" content=\"Portal Not\u00edcia em Pauta\" \/>\n<meta property=\"article:publisher\" content=\"https:\/\/www.facebook.com\/Portal-Notcia-Em-Pauta-102292869264820\/\" \/>\n<meta property=\"article:published_time\" content=\"2024-03-18T12:26:14+00:00\" \/>\n<meta property=\"article:modified_time\" content=\"2024-03-18T12:26:16+00:00\" \/>\n<meta property=\"og:image\" content=\"https:\/\/noticiaempauta.com\/portal\/wp-content\/uploads\/2024\/03\/telefonia_5g_mcajr_abr_2907221141.jpg\" \/>\n\t<meta property=\"og:image:width\" content=\"1200\" \/>\n\t<meta property=\"og:image:height\" content=\"717\" \/>\n\t<meta property=\"og:image:type\" content=\"image\/jpeg\" \/>\n<meta name=\"author\" content=\"Reda\u00e7\u00e3o\" \/>\n<meta name=\"twitter:card\" content=\"summary_large_image\" \/>\n<meta name=\"twitter:label1\" content=\"Escrito por\" \/>\n\t<meta name=\"twitter:data1\" content=\"Reda\u00e7\u00e3o\" \/>\n\t<meta name=\"twitter:label2\" content=\"Est. tempo de leitura\" \/>\n\t<meta name=\"twitter:data2\" content=\"3 minutos\" \/>\n<script type=\"application\/ld+json\" class=\"yoast-schema-graph\">{\"@context\":\"https:\/\/schema.org\",\"@graph\":[{\"@type\":\"Article\",\"@id\":\"https:\/\/noticiaempauta.com\/portal\/anatel-libera-ativacao-do-5g-em-mais-de-20-municipios-do-piaui-veja-a-lista-completa\/#article\",\"isPartOf\":{\"@id\":\"https:\/\/noticiaempauta.com\/portal\/anatel-libera-ativacao-do-5g-em-mais-de-20-municipios-do-piaui-veja-a-lista-completa\/\"},\"author\":{\"name\":\"Reda\u00e7\u00e3o\",\"@id\":\"https:\/\/noticiaempauta.com\/portal\/#\/schema\/person\/a74af43dd1ab3deca45f988c717d57ac\"},\"headline\":\"Anatel libera ativa\u00e7\u00e3o do 5G em mais de 20 munic\u00edpios do Piau\u00ed; veja a lista completa\",\"datePublished\":\"2024-03-18T12:26:14+00:00\",\"dateModified\":\"2024-03-18T12:26:16+00:00\",\"mainEntityOfPage\":{\"@id\":\"https:\/\/noticiaempauta.com\/portal\/anatel-libera-ativacao-do-5g-em-mais-de-20-municipios-do-piaui-veja-a-lista-completa\/\"},\"wordCount\":476,\"commentCount\":0,\"publisher\":{\"@id\":\"https:\/\/noticiaempauta.com\/portal\/#organization\"},\"image\":{\"@id\":\"https:\/\/noticiaempauta.com\/portal\/anatel-libera-ativacao-do-5g-em-mais-de-20-municipios-do-piaui-veja-a-lista-completa\/#primaryimage\"},\"thumbnailUrl\":\"https:\/\/noticiaempauta.com\/portal\/wp-content\/uploads\/2024\/03\/telefonia_5g_mcajr_abr_2907221141.jpg\",\"keywords\":[\"destaqueprincipal\"],\"articleSection\":[\"Destaques\",\"Geral\",\"Munic\u00edpios\",\"Todas as Not\u00edcias\"],\"inLanguage\":\"pt-BR\",\"potentialAction\":[{\"@type\":\"CommentAction\",\"name\":\"Comment\",\"target\":[\"https:\/\/noticiaempauta.com\/portal\/anatel-libera-ativacao-do-5g-em-mais-de-20-municipios-do-piaui-veja-a-lista-completa\/#respond\"]}]},{\"@type\":\"WebPage\",\"@id\":\"https:\/\/noticiaempauta.com\/portal\/anatel-libera-ativacao-do-5g-em-mais-de-20-municipios-do-piaui-veja-a-lista-completa\/\",\"url\":\"https:\/\/noticiaempauta.com\/portal\/anatel-libera-ativacao-do-5g-em-mais-de-20-municipios-do-piaui-veja-a-lista-completa\/\",\"name\":\"Anatel libera ativa\u00e7\u00e3o do 5G em mais de 20 munic\u00edpios do Piau\u00ed; veja a lista completa - Portal Not\u00edcia em Pauta\",\"isPartOf\":{\"@id\":\"https:\/\/noticiaempauta.com\/portal\/#website\"},\"primaryImageOfPage\":{\"@id\":\"https:\/\/noticiaempauta.com\/portal\/anatel-libera-ativacao-do-5g-em-mais-de-20-municipios-do-piaui-veja-a-lista-completa\/#primaryimage\"},\"image\":{\"@id\":\"https:\/\/noticiaempauta.com\/portal\/anatel-libera-ativacao-do-5g-em-mais-de-20-municipios-do-piaui-veja-a-lista-completa\/#primaryimage\"},\"thumbnailUrl\":\"https:\/\/noticiaempauta.com\/portal\/wp-content\/uploads\/2024\/03\/telefonia_5g_mcajr_abr_2907221141.jpg\",\"datePublished\":\"2024-03-18T12:26:14+00:00\",\"dateModified\":\"2024-03-18T12:26:16+00:00\",\"breadcrumb\":{\"@id\":\"https:\/\/noticiaempauta.com\/portal\/anatel-libera-ativacao-do-5g-em-mais-de-20-municipios-do-piaui-veja-a-lista-completa\/#breadcrumb\"},\"inLanguage\":\"pt-BR\",\"potentialAction\":[{\"@type\":\"ReadAction\",\"target\":[\"https:\/\/noticiaempauta.com\/portal\/anatel-libera-ativacao-do-5g-em-mais-de-20-municipios-do-piaui-veja-a-lista-completa\/\"]}]},{\"@type\":\"ImageObject\",\"inLanguage\":\"pt-BR\",\"@id\":\"https:\/\/noticiaempauta.com\/portal\/anatel-libera-ativacao-do-5g-em-mais-de-20-municipios-do-piaui-veja-a-lista-completa\/#primaryimage\",\"url\":\"https:\/\/noticiaempauta.com\/portal\/wp-content\/uploads\/2024\/03\/telefonia_5g_mcajr_abr_2907221141.jpg\",\"contentUrl\":\"https:\/\/noticiaempauta.com\/portal\/wp-content\/uploads\/2024\/03\/telefonia_5g_mcajr_abr_2907221141.jpg\",\"width\":1200,\"height\":717,\"caption\":\"Telefonia m\u00f3vel 5G\"},{\"@type\":\"BreadcrumbList\",\"@id\":\"https:\/\/noticiaempauta.com\/portal\/anatel-libera-ativacao-do-5g-em-mais-de-20-municipios-do-piaui-veja-a-lista-completa\/#breadcrumb\",\"itemListElement\":[{\"@type\":\"ListItem\",\"position\":1,\"name\":\"P\u00e1gina Inicial\",\"item\":\"https:\/\/noticiaempauta.com\/portal\/\"},{\"@type\":\"ListItem\",\"position\":2,\"name\":\"Destaques\",\"item\":\"https:\/\/noticiaempauta.com\/portal\/destaques-site\/\"},{\"@type\":\"ListItem\",\"position\":3,\"name\":\"Anatel libera ativa\u00e7\u00e3o do 5G em mais de 20 munic\u00edpios do Piau\u00ed; veja a lista completa\"}]},{\"@type\":\"WebSite\",\"@id\":\"https:\/\/noticiaempauta.com\/portal\/#website\",\"url\":\"https:\/\/noticiaempauta.com\/portal\/\",\"name\":\"Portal Not\u00edcia em Pauta\",\"description\":\"Voc\u00ea bem informado\",\"publisher\":{\"@id\":\"https:\/\/noticiaempauta.com\/portal\/#organization\"},\"potentialAction\":[{\"@type\":\"SearchAction\",\"target\":{\"@type\":\"EntryPoint\",\"urlTemplate\":\"https:\/\/noticiaempauta.com\/portal\/?s={search_term_string}\"},\"query-input\":{\"@type\":\"PropertyValueSpecification\",\"valueRequired\":true,\"valueName\":\"search_term_string\"}}],\"inLanguage\":\"pt-BR\"},{\"@type\":\"Organization\",\"@id\":\"https:\/\/noticiaempauta.com\/portal\/#organization\",\"name\":\"Portal Not\u00edcia em Pauta\",\"url\":\"https:\/\/noticiaempauta.com\/portal\/\",\"logo\":{\"@type\":\"ImageObject\",\"inLanguage\":\"pt-BR\",\"@id\":\"https:\/\/noticiaempauta.com\/portal\/#\/schema\/logo\/image\/\",\"url\":\"https:\/\/noticiaempauta.com\/portal\/wp-content\/uploads\/2022\/08\/logomarca_tema.fw_.png\",\"contentUrl\":\"https:\/\/noticiaempauta.com\/portal\/wp-content\/uploads\/2022\/08\/logomarca_tema.fw_.png\",\"width\":400,\"height\":232,\"caption\":\"Portal Not\u00edcia em Pauta\"},\"image\":{\"@id\":\"https:\/\/noticiaempauta.com\/portal\/#\/schema\/logo\/image\/\"},\"sameAs\":[\"https:\/\/www.facebook.com\/Portal-Notcia-Em-Pauta-102292869264820\/\",\"https:\/\/www.instagram.com\/portalnoticiaempauta\/\"]},{\"@type\":\"Person\",\"@id\":\"https:\/\/noticiaempauta.com\/portal\/#\/schema\/person\/a74af43dd1ab3deca45f988c717d57ac\",\"name\":\"Reda\u00e7\u00e3o\",\"image\":{\"@type\":\"ImageObject\",\"inLanguage\":\"pt-BR\",\"@id\":\"https:\/\/noticiaempauta.com\/portal\/#\/schema\/person\/image\/\",\"url\":\"https:\/\/secure.gravatar.com\/avatar\/03179346ecce6cdfc13361603e8f54242a90e5cde8618fa23c5c00aa2b0aadf3?s=96&d=mm&r=g\",\"contentUrl\":\"https:\/\/secure.gravatar.com\/avatar\/03179346ecce6cdfc13361603e8f54242a90e5cde8618fa23c5c00aa2b0aadf3?s=96&d=mm&r=g\",\"caption\":\"Reda\u00e7\u00e3o\"},\"sameAs\":[\"https:\/\/noticiaempauta.com\/portal\/\"],\"url\":\"https:\/\/noticiaempauta.com\/portal\/author\/fernando\/\"}]}<\/script>\n<!-- \/ Yoast SEO Premium plugin. -->","yoast_head_json":{"title":"Anatel libera ativa\u00e7\u00e3o do 5G em mais de 20 munic\u00edpios do Piau\u00ed; veja a lista completa - Portal Not\u00edcia em Pauta","robots":{"index":"index","follow":"follow","max-snippet":"max-snippet:-1","max-image-preview":"max-image-preview:large","max-video-preview":"max-video-preview:-1"},"canonical":"https:\/\/noticiaempauta.com\/portal\/anatel-libera-ativacao-do-5g-em-mais-de-20-municipios-do-piaui-veja-a-lista-completa\/","og_locale":"pt_BR","og_type":"article","og_title":"Anatel libera ativa\u00e7\u00e3o do 5G em mais de 20 munic\u00edpios do Piau\u00ed; veja a lista completa","og_description":"A Ag\u00eancia Nacional de Telecomunica\u00e7\u00f5es (Anatel) liberou as opera\u00e7\u00f5es da rede 5G em 21 cidades do Piau\u00ed. A decis\u00e3o foi deliberada na \u00faltima quarta-feira (13) pelo Grupo de Acompanhamento da Implanta\u00e7\u00e3o das Solu\u00e7\u00f5es para os Problemas de Interfer\u00eancia na faixa de 3.625 a 3.700 MHz (Gaispi). De acordo com o \u00f3rg\u00e3o, as prestadoras podem solicitar [&hellip;]","og_url":"https:\/\/noticiaempauta.com\/portal\/anatel-libera-ativacao-do-5g-em-mais-de-20-municipios-do-piaui-veja-a-lista-completa\/","og_site_name":"Portal Not\u00edcia em Pauta","article_publisher":"https:\/\/www.facebook.com\/Portal-Notcia-Em-Pauta-102292869264820\/","article_published_time":"2024-03-18T12:26:14+00:00","article_modified_time":"2024-03-18T12:26:16+00:00","og_image":[{"width":1200,"height":717,"url":"https:\/\/noticiaempauta.com\/portal\/wp-content\/uploads\/2024\/03\/telefonia_5g_mcajr_abr_2907221141.jpg","type":"image\/jpeg"}],"author":"Reda\u00e7\u00e3o","twitter_card":"summary_large_image","twitter_misc":{"Escrito por":"Reda\u00e7\u00e3o","Est. tempo de leitura":"3 minutos"},"schema":{"@context":"https:\/\/schema.org","@graph":[{"@type":"Article","@id":"https:\/\/noticiaempauta.com\/portal\/anatel-libera-ativacao-do-5g-em-mais-de-20-municipios-do-piaui-veja-a-lista-completa\/#article","isPartOf":{"@id":"https:\/\/noticiaempauta.com\/portal\/anatel-libera-ativacao-do-5g-em-mais-de-20-municipios-do-piaui-veja-a-lista-completa\/"},"author":{"name":"Reda\u00e7\u00e3o","@id":"https:\/\/noticiaempauta.com\/portal\/#\/schema\/person\/a74af43dd1ab3deca45f988c717d57ac"},"headline":"Anatel libera ativa\u00e7\u00e3o do 5G em mais de 20 munic\u00edpios do Piau\u00ed; veja a lista completa","datePublished":"2024-03-18T12:26:14+00:00","dateModified":"2024-03-18T12:26:16+00:00","mainEntityOfPage":{"@id":"https:\/\/noticiaempauta.com\/portal\/anatel-libera-ativacao-do-5g-em-mais-de-20-municipios-do-piaui-veja-a-lista-completa\/"},"wordCount":476,"commentCount":0,"publisher":{"@id":"https:\/\/noticiaempauta.com\/portal\/#organization"},"image":{"@id":"https:\/\/noticiaempauta.com\/portal\/anatel-libera-ativacao-do-5g-em-mais-de-20-municipios-do-piaui-veja-a-lista-completa\/#primaryimage"},"thumbnailUrl":"https:\/\/noticiaempauta.com\/portal\/wp-content\/uploads\/2024\/03\/telefonia_5g_mcajr_abr_2907221141.jpg","keywords":["destaqueprincipal"],"articleSection":["Destaques","Geral","Munic\u00edpios","Todas as Not\u00edcias"],"inLanguage":"pt-BR","potentialAction":[{"@type":"CommentAction","name":"Comment","target":["https:\/\/noticiaempauta.com\/portal\/anatel-libera-ativacao-do-5g-em-mais-de-20-municipios-do-piaui-veja-a-lista-completa\/#respond"]}]},{"@type":"WebPage","@id":"https:\/\/noticiaempauta.com\/portal\/anatel-libera-ativacao-do-5g-em-mais-de-20-municipios-do-piaui-veja-a-lista-completa\/","url":"https:\/\/noticiaempauta.com\/portal\/anatel-libera-ativacao-do-5g-em-mais-de-20-municipios-do-piaui-veja-a-lista-completa\/","name":"Anatel libera ativa\u00e7\u00e3o do 5G em mais de 20 munic\u00edpios do Piau\u00ed; veja a lista completa - Portal Not\u00edcia em Pauta","isPartOf":{"@id":"https:\/\/noticiaempauta.com\/portal\/#website"},"primaryImageOfPage":{"@id":"https:\/\/noticiaempauta.com\/portal\/anatel-libera-ativacao-do-5g-em-mais-de-20-municipios-do-piaui-veja-a-lista-completa\/#primaryimage"},"image":{"@id":"https:\/\/noticiaempauta.com\/portal\/anatel-libera-ativacao-do-5g-em-mais-de-20-municipios-do-piaui-veja-a-lista-completa\/#primaryimage"},"thumbnailUrl":"https:\/\/noticiaempauta.com\/portal\/wp-content\/uploads\/2024\/03\/telefonia_5g_mcajr_abr_2907221141.jpg","datePublished":"2024-03-18T12:26:14+00:00","dateModified":"2024-03-18T12:26:16+00:00","breadcrumb":{"@id":"https:\/\/noticiaempauta.com\/portal\/anatel-libera-ativacao-do-5g-em-mais-de-20-municipios-do-piaui-veja-a-lista-completa\/#breadcrumb"},"inLanguage":"pt-BR","potentialAction":[{"@type":"ReadAction","target":["https:\/\/noticiaempauta.com\/portal\/anatel-libera-ativacao-do-5g-em-mais-de-20-municipios-do-piaui-veja-a-lista-completa\/"]}]},{"@type":"ImageObject","inLanguage":"pt-BR","@id":"https:\/\/noticiaempauta.com\/portal\/anatel-libera-ativacao-do-5g-em-mais-de-20-municipios-do-piaui-veja-a-lista-completa\/#primaryimage","url":"https:\/\/noticiaempauta.com\/portal\/wp-content\/uploads\/2024\/03\/telefonia_5g_mcajr_abr_2907221141.jpg","contentUrl":"https:\/\/noticiaempauta.com\/portal\/wp-content\/uploads\/2024\/03\/telefonia_5g_mcajr_abr_2907221141.jpg","width":1200,"height":717,"caption":"Telefonia m\u00f3vel 5G"},{"@type":"BreadcrumbList","@id":"https:\/\/noticiaempauta.com\/portal\/anatel-libera-ativacao-do-5g-em-mais-de-20-municipios-do-piaui-veja-a-lista-completa\/#breadcrumb","itemListElement":[{"@type":"ListItem","position":1,"name":"P\u00e1gina Inicial","item":"https:\/\/noticiaempauta.com\/portal\/"},{"@type":"ListItem","position":2,"name":"Destaques","item":"https:\/\/noticiaempauta.com\/portal\/destaques-site\/"},{"@type":"ListItem","position":3,"name":"Anatel libera ativa\u00e7\u00e3o do 5G em mais de 20 munic\u00edpios do Piau\u00ed; veja a lista completa"}]},{"@type":"WebSite","@id":"https:\/\/noticiaempauta.com\/portal\/#website","url":"https:\/\/noticiaempauta.com\/portal\/","name":"Portal Not\u00edcia em Pauta","description":"Voc\u00ea bem informado","publisher":{"@id":"https:\/\/noticiaempauta.com\/portal\/#organization"},"potentialAction":[{"@type":"SearchAction","target":{"@type":"EntryPoint","urlTemplate":"https:\/\/noticiaempauta.com\/portal\/?s={search_term_string}"},"query-input":{"@type":"PropertyValueSpecification","valueRequired":true,"valueName":"search_term_string"}}],"inLanguage":"pt-BR"},{"@type":"Organization","@id":"https:\/\/noticiaempauta.com\/portal\/#organization","name":"Portal Not\u00edcia em Pauta","url":"https:\/\/noticiaempauta.com\/portal\/","logo":{"@type":"ImageObject","inLanguage":"pt-BR","@id":"https:\/\/noticiaempauta.com\/portal\/#\/schema\/logo\/image\/","url":"https:\/\/noticiaempauta.com\/portal\/wp-content\/uploads\/2022\/08\/logomarca_tema.fw_.png","contentUrl":"https:\/\/noticiaempauta.com\/portal\/wp-content\/uploads\/2022\/08\/logomarca_tema.fw_.png","width":400,"height":232,"caption":"Portal Not\u00edcia em Pauta"},"image":{"@id":"https:\/\/noticiaempauta.com\/portal\/#\/schema\/logo\/image\/"},"sameAs":["https:\/\/www.facebook.com\/Portal-Notcia-Em-Pauta-102292869264820\/","https:\/\/www.instagram.com\/portalnoticiaempauta\/"]},{"@type":"Person","@id":"https:\/\/noticiaempauta.com\/portal\/#\/schema\/person\/a74af43dd1ab3deca45f988c717d57ac","name":"Reda\u00e7\u00e3o","image":{"@type":"ImageObject","inLanguage":"pt-BR","@id":"https:\/\/noticiaempauta.com\/portal\/#\/schema\/person\/image\/","url":"https:\/\/secure.gravatar.com\/avatar\/03179346ecce6cdfc13361603e8f54242a90e5cde8618fa23c5c00aa2b0aadf3?s=96&d=mm&r=g","contentUrl":"https:\/\/secure.gravatar.com\/avatar\/03179346ecce6cdfc13361603e8f54242a90e5cde8618fa23c5c00aa2b0aadf3?s=96&d=mm&r=g","caption":"Reda\u00e7\u00e3o"},"sameAs":["https:\/\/noticiaempauta.com\/portal\/"],"url":"https:\/\/noticiaempauta.com\/portal\/author\/fernando\/"}]}},"_links":{"self":[{"href":"https:\/\/noticiaempauta.com\/portal\/wp-json\/wp\/v2\/posts\/255924","targetHints":{"allow":["GET"]}}],"collection":[{"href":"https:\/\/noticiaempauta.com\/portal\/wp-json\/wp\/v2\/posts"}],"about":[{"href":"https:\/\/noticiaempauta.com\/portal\/wp-json\/wp\/v2\/types\/post"}],"author":[{"embeddable":true,"href":"https:\/\/noticiaempauta.com\/portal\/wp-json\/wp\/v2\/users\/2"}],"replies":[{"embeddable":true,"href":"https:\/\/noticiaempauta.com\/portal\/wp-json\/wp\/v2\/comments?post=255924"}],"version-history":[{"count":2,"href":"https:\/\/noticiaempauta.com\/portal\/wp-json\/wp\/v2\/posts\/255924\/revisions"}],"predecessor-version":[{"id":255928,"href":"https:\/\/noticiaempauta.com\/portal\/wp-json\/wp\/v2\/posts\/255924\/revisions\/255928"}],"wp:featuredmedia":[{"embeddable":true,"href":"https:\/\/noticiaempauta.com\/portal\/wp-json\/wp\/v2\/media\/255926"}],"wp:attachment":[{"href":"https:\/\/noticiaempauta.com\/portal\/wp-json\/wp\/v2\/media?parent=255924"}],"wp:term":[{"taxonomy":"category","embeddable":true,"href":"https:\/\/noticiaempauta.com\/portal\/wp-json\/wp\/v2\/categories?post=255924"},{"taxonomy":"post_tag","embeddable":true,"href":"https:\/\/noticiaempauta.com\/portal\/wp-json\/wp\/v2\/tags?post=255924"}],"curies":[{"name":"wp","href":"https:\/\/api.w.org\/{rel}","templated":true}]}}