{"id":255938,"date":"2024-03-18T17:13:03","date_gmt":"2024-03-18T20:13:03","guid":{"rendered":"https:\/\/noticiaempauta.com\/portal\/?p=255938"},"modified":"2024-03-18T17:20:59","modified_gmt":"2024-03-18T20:20:59","slug":"diocese-de-picos-divulga-programacao-da-semana-santa-confira","status":"publish","type":"post","link":"https:\/\/noticiaempauta.com\/portal\/diocese-de-picos-divulga-programacao-da-semana-santa-confira\/","title":{"rendered":"Diocese de Picos divulga programa\u00e7\u00e3o da Semana Santa; Confira"},"content":{"rendered":"\n<p>A Diocese de Picos divulgou a programa\u00e7\u00e3o de missas e celebra\u00e7\u00f5es alusivas a Semana Santa 2024 na cidade de Picos, com in\u00edcio na pr\u00f3xima sexta-feira, 22 de mar\u00e7o, seguindo at\u00e9 o Domingo de P\u00e1scoa, 31 de mar\u00e7o.<\/p>\n\n\n\n<figure class=\"wp-block-image size-full\"><img fetchpriority=\"high\" decoding=\"async\" width=\"625\" height=\"500\" src=\"https:\/\/noticiaempauta.com\/portal\/wp-content\/uploads\/2024\/03\/20220408_17592898777434.jpg\" alt=\"\" class=\"wp-image-255943\" srcset=\"https:\/\/noticiaempauta.com\/portal\/wp-content\/uploads\/2024\/03\/20220408_17592898777434.jpg 625w, https:\/\/noticiaempauta.com\/portal\/wp-content\/uploads\/2024\/03\/20220408_17592898777434-300x240.jpg 300w\" sizes=\"(max-width: 625px) 100vw, 625px\" \/><figcaption class=\"wp-element-caption\"><em>Foto: Reprodu\u00e7\u00e3o<\/em><\/figcaption><\/figure>\n\n\n\n<p>Na sexta-feira de Passos,  22 de mar\u00e7o, haver\u00e1 prociss\u00f5es saindo da Igreja Nossa Senhora do Carmo no bairro Canto da V\u00e1rzea, com a imagem de Nossa Senhora das Dores as 16h; prociss\u00e3o da Igreja de S\u00e3o Francisco de Assis no bairro Junco at\u00e9 a Catedral de Nossa Senhora dos Rem\u00e9dios as 15h, al\u00e9m de missa e prociss\u00e3o na Igreja de S\u00e3o Jos\u00e9 do Oper\u00e1rio no bairro S\u00e3o Jos\u00e9 as 15h. <\/p>\n\n\n\n<p>Em seguida, as 18:00h haver\u00e1 o encontro das imagens e da cruz para a missa com as tr\u00eas par\u00f3quias.<\/p>\n\n\n\n<p><strong>Confira a programa\u00e7\u00e3o<\/strong><\/p>\n\n\n\n<div data-wp-interactive=\"core\/file\" class=\"wp-block-file\"><object data-wp-bind--hidden=\"!state.hasPdfPreview\" hidden class=\"wp-block-file__embed\" data=\"https:\/\/noticiaempauta.com\/portal\/wp-content\/uploads\/2024\/03\/Programacao-da-Semana-Santa-2024.pdf\" type=\"application\/pdf\" style=\"width:100%;height:600px\" aria-label=\"Incorporado de Programacao-da-Semana-Santa-2024.\"><\/object><a id=\"wp-block-file--media-bbcead55-4091-472e-8d58-79e2197e7674\" href=\"https:\/\/noticiaempauta.com\/portal\/wp-content\/uploads\/2024\/03\/Programacao-da-Semana-Santa-2024.pdf\">Programacao-da-Semana-Santa-2024<\/a><a href=\"https:\/\/noticiaempauta.com\/portal\/wp-content\/uploads\/2024\/03\/Programacao-da-Semana-Santa-2024.pdf\" class=\"wp-block-file__button wp-element-button\" download aria-describedby=\"wp-block-file--media-bbcead55-4091-472e-8d58-79e2197e7674\">Baixar<\/a><\/div>\n","protected":false},"excerpt":{"rendered":"<p>A Diocese de Picos divulgou a programa\u00e7\u00e3o de missas e celebra\u00e7\u00f5es alusivas a Semana Santa 2024 na cidade de Picos, com in\u00edcio na pr\u00f3xima sexta-feira, 22 de mar\u00e7o, seguindo at\u00e9 o Domingo de P\u00e1scoa, 31 de mar\u00e7o. Na sexta-feira de Passos, 22 de mar\u00e7o, haver\u00e1 prociss\u00f5es saindo da Igreja Nossa Senhora do Carmo no bairro [&hellip;]<\/p>\n","protected":false},"author":2,"featured_media":255943,"comment_status":"open","ping_status":"open","sticky":false,"template":"","format":"standard","meta":{"_mi_skip_tracking":false,"footnotes":""},"categories":[25,1,16],"tags":[192],"class_list":["post-255938","post","type-post","status-publish","format-standard","has-post-thumbnail","hentry","category-destaques-site","category-geral","category-todas","tag-destaqueprincipal"],"acf":[],"yoast_head":"<!-- This site is optimized with the Yoast SEO Premium plugin v19.2 (Yoast SEO v26.9) - https:\/\/yoast.com\/product\/yoast-seo-premium-wordpress\/ -->\n<title>Diocese de Picos divulga programa\u00e7\u00e3o da Semana Santa; Confira - Portal Not\u00edcia em Pauta<\/title>\n<meta name=\"robots\" content=\"index, follow, max-snippet:-1, max-image-preview:large, max-video-preview:-1\" \/>\n<link rel=\"canonical\" href=\"https:\/\/noticiaempauta.com\/portal\/diocese-de-picos-divulga-programacao-da-semana-santa-confira\/\" \/>\n<meta property=\"og:locale\" content=\"pt_BR\" \/>\n<meta property=\"og:type\" content=\"article\" \/>\n<meta property=\"og:title\" content=\"Diocese de Picos divulga programa\u00e7\u00e3o da Semana Santa; Confira\" \/>\n<meta property=\"og:description\" content=\"A Diocese de Picos divulgou a programa\u00e7\u00e3o de missas e celebra\u00e7\u00f5es alusivas a Semana Santa 2024 na cidade de Picos, com in\u00edcio na pr\u00f3xima sexta-feira, 22 de mar\u00e7o, seguindo at\u00e9 o Domingo de P\u00e1scoa, 31 de mar\u00e7o. Na sexta-feira de Passos, 22 de mar\u00e7o, haver\u00e1 prociss\u00f5es saindo da Igreja Nossa Senhora do Carmo no bairro [&hellip;]\" \/>\n<meta property=\"og:url\" content=\"https:\/\/noticiaempauta.com\/portal\/diocese-de-picos-divulga-programacao-da-semana-santa-confira\/\" \/>\n<meta property=\"og:site_name\" content=\"Portal Not\u00edcia em Pauta\" \/>\n<meta property=\"article:publisher\" content=\"https:\/\/www.facebook.com\/Portal-Notcia-Em-Pauta-102292869264820\/\" \/>\n<meta property=\"article:published_time\" content=\"2024-03-18T20:13:03+00:00\" \/>\n<meta property=\"article:modified_time\" content=\"2024-03-18T20:20:59+00:00\" \/>\n<meta property=\"og:image\" content=\"https:\/\/noticiaempauta.com\/portal\/wp-content\/uploads\/2024\/03\/20220408_17592898777434.jpg\" \/>\n\t<meta property=\"og:image:width\" content=\"625\" \/>\n\t<meta property=\"og:image:height\" content=\"500\" \/>\n\t<meta property=\"og:image:type\" content=\"image\/jpeg\" \/>\n<meta name=\"author\" content=\"Reda\u00e7\u00e3o\" \/>\n<meta name=\"twitter:card\" content=\"summary_large_image\" \/>\n<meta name=\"twitter:label1\" content=\"Escrito por\" \/>\n\t<meta name=\"twitter:data1\" content=\"Reda\u00e7\u00e3o\" \/>\n\t<meta name=\"twitter:label2\" content=\"Est. tempo de leitura\" \/>\n\t<meta name=\"twitter:data2\" content=\"2 minutos\" \/>\n<script type=\"application\/ld+json\" class=\"yoast-schema-graph\">{\"@context\":\"https:\/\/schema.org\",\"@graph\":[{\"@type\":\"Article\",\"@id\":\"https:\/\/noticiaempauta.com\/portal\/diocese-de-picos-divulga-programacao-da-semana-santa-confira\/#article\",\"isPartOf\":{\"@id\":\"https:\/\/noticiaempauta.com\/portal\/diocese-de-picos-divulga-programacao-da-semana-santa-confira\/\"},\"author\":{\"name\":\"Reda\u00e7\u00e3o\",\"@id\":\"https:\/\/noticiaempauta.com\/portal\/#\/schema\/person\/a74af43dd1ab3deca45f988c717d57ac\"},\"headline\":\"Diocese de Picos divulga programa\u00e7\u00e3o da Semana Santa; Confira\",\"datePublished\":\"2024-03-18T20:13:03+00:00\",\"dateModified\":\"2024-03-18T20:20:59+00:00\",\"mainEntityOfPage\":{\"@id\":\"https:\/\/noticiaempauta.com\/portal\/diocese-de-picos-divulga-programacao-da-semana-santa-confira\/\"},\"wordCount\":161,\"commentCount\":0,\"publisher\":{\"@id\":\"https:\/\/noticiaempauta.com\/portal\/#organization\"},\"image\":{\"@id\":\"https:\/\/noticiaempauta.com\/portal\/diocese-de-picos-divulga-programacao-da-semana-santa-confira\/#primaryimage\"},\"thumbnailUrl\":\"https:\/\/noticiaempauta.com\/portal\/wp-content\/uploads\/2024\/03\/20220408_17592898777434.jpg\",\"keywords\":[\"destaqueprincipal\"],\"articleSection\":[\"Destaques\",\"Geral\",\"Todas as Not\u00edcias\"],\"inLanguage\":\"pt-BR\",\"potentialAction\":[{\"@type\":\"CommentAction\",\"name\":\"Comment\",\"target\":[\"https:\/\/noticiaempauta.com\/portal\/diocese-de-picos-divulga-programacao-da-semana-santa-confira\/#respond\"]}]},{\"@type\":\"WebPage\",\"@id\":\"https:\/\/noticiaempauta.com\/portal\/diocese-de-picos-divulga-programacao-da-semana-santa-confira\/\",\"url\":\"https:\/\/noticiaempauta.com\/portal\/diocese-de-picos-divulga-programacao-da-semana-santa-confira\/\",\"name\":\"Diocese de Picos divulga programa\u00e7\u00e3o da Semana Santa; Confira - Portal Not\u00edcia em Pauta\",\"isPartOf\":{\"@id\":\"https:\/\/noticiaempauta.com\/portal\/#website\"},\"primaryImageOfPage\":{\"@id\":\"https:\/\/noticiaempauta.com\/portal\/diocese-de-picos-divulga-programacao-da-semana-santa-confira\/#primaryimage\"},\"image\":{\"@id\":\"https:\/\/noticiaempauta.com\/portal\/diocese-de-picos-divulga-programacao-da-semana-santa-confira\/#primaryimage\"},\"thumbnailUrl\":\"https:\/\/noticiaempauta.com\/portal\/wp-content\/uploads\/2024\/03\/20220408_17592898777434.jpg\",\"datePublished\":\"2024-03-18T20:13:03+00:00\",\"dateModified\":\"2024-03-18T20:20:59+00:00\",\"breadcrumb\":{\"@id\":\"https:\/\/noticiaempauta.com\/portal\/diocese-de-picos-divulga-programacao-da-semana-santa-confira\/#breadcrumb\"},\"inLanguage\":\"pt-BR\",\"potentialAction\":[{\"@type\":\"ReadAction\",\"target\":[\"https:\/\/noticiaempauta.com\/portal\/diocese-de-picos-divulga-programacao-da-semana-santa-confira\/\"]}]},{\"@type\":\"ImageObject\",\"inLanguage\":\"pt-BR\",\"@id\":\"https:\/\/noticiaempauta.com\/portal\/diocese-de-picos-divulga-programacao-da-semana-santa-confira\/#primaryimage\",\"url\":\"https:\/\/noticiaempauta.com\/portal\/wp-content\/uploads\/2024\/03\/20220408_17592898777434.jpg\",\"contentUrl\":\"https:\/\/noticiaempauta.com\/portal\/wp-content\/uploads\/2024\/03\/20220408_17592898777434.jpg\",\"width\":625,\"height\":500},{\"@type\":\"BreadcrumbList\",\"@id\":\"https:\/\/noticiaempauta.com\/portal\/diocese-de-picos-divulga-programacao-da-semana-santa-confira\/#breadcrumb\",\"itemListElement\":[{\"@type\":\"ListItem\",\"position\":1,\"name\":\"P\u00e1gina Inicial\",\"item\":\"https:\/\/noticiaempauta.com\/portal\/\"},{\"@type\":\"ListItem\",\"position\":2,\"name\":\"Destaques\",\"item\":\"https:\/\/noticiaempauta.com\/portal\/destaques-site\/\"},{\"@type\":\"ListItem\",\"position\":3,\"name\":\"Diocese de Picos divulga programa\u00e7\u00e3o da Semana Santa; Confira\"}]},{\"@type\":\"WebSite\",\"@id\":\"https:\/\/noticiaempauta.com\/portal\/#website\",\"url\":\"https:\/\/noticiaempauta.com\/portal\/\",\"name\":\"Portal Not\u00edcia em Pauta\",\"description\":\"Voc\u00ea bem informado\",\"publisher\":{\"@id\":\"https:\/\/noticiaempauta.com\/portal\/#organization\"},\"potentialAction\":[{\"@type\":\"SearchAction\",\"target\":{\"@type\":\"EntryPoint\",\"urlTemplate\":\"https:\/\/noticiaempauta.com\/portal\/?s={search_term_string}\"},\"query-input\":{\"@type\":\"PropertyValueSpecification\",\"valueRequired\":true,\"valueName\":\"search_term_string\"}}],\"inLanguage\":\"pt-BR\"},{\"@type\":\"Organization\",\"@id\":\"https:\/\/noticiaempauta.com\/portal\/#organization\",\"name\":\"Portal Not\u00edcia em Pauta\",\"url\":\"https:\/\/noticiaempauta.com\/portal\/\",\"logo\":{\"@type\":\"ImageObject\",\"inLanguage\":\"pt-BR\",\"@id\":\"https:\/\/noticiaempauta.com\/portal\/#\/schema\/logo\/image\/\",\"url\":\"https:\/\/noticiaempauta.com\/portal\/wp-content\/uploads\/2022\/08\/logomarca_tema.fw_.png\",\"contentUrl\":\"https:\/\/noticiaempauta.com\/portal\/wp-content\/uploads\/2022\/08\/logomarca_tema.fw_.png\",\"width\":400,\"height\":232,\"caption\":\"Portal Not\u00edcia em Pauta\"},\"image\":{\"@id\":\"https:\/\/noticiaempauta.com\/portal\/#\/schema\/logo\/image\/\"},\"sameAs\":[\"https:\/\/www.facebook.com\/Portal-Notcia-Em-Pauta-102292869264820\/\",\"https:\/\/www.instagram.com\/portalnoticiaempauta\/\"]},{\"@type\":\"Person\",\"@id\":\"https:\/\/noticiaempauta.com\/portal\/#\/schema\/person\/a74af43dd1ab3deca45f988c717d57ac\",\"name\":\"Reda\u00e7\u00e3o\",\"image\":{\"@type\":\"ImageObject\",\"inLanguage\":\"pt-BR\",\"@id\":\"https:\/\/noticiaempauta.com\/portal\/#\/schema\/person\/image\/\",\"url\":\"https:\/\/secure.gravatar.com\/avatar\/03179346ecce6cdfc13361603e8f54242a90e5cde8618fa23c5c00aa2b0aadf3?s=96&d=mm&r=g\",\"contentUrl\":\"https:\/\/secure.gravatar.com\/avatar\/03179346ecce6cdfc13361603e8f54242a90e5cde8618fa23c5c00aa2b0aadf3?s=96&d=mm&r=g\",\"caption\":\"Reda\u00e7\u00e3o\"},\"sameAs\":[\"https:\/\/noticiaempauta.com\/portal\/\"],\"url\":\"https:\/\/noticiaempauta.com\/portal\/author\/fernando\/\"}]}<\/script>\n<!-- \/ Yoast SEO Premium plugin. -->","yoast_head_json":{"title":"Diocese de Picos divulga programa\u00e7\u00e3o da Semana Santa; Confira - Portal Not\u00edcia em Pauta","robots":{"index":"index","follow":"follow","max-snippet":"max-snippet:-1","max-image-preview":"max-image-preview:large","max-video-preview":"max-video-preview:-1"},"canonical":"https:\/\/noticiaempauta.com\/portal\/diocese-de-picos-divulga-programacao-da-semana-santa-confira\/","og_locale":"pt_BR","og_type":"article","og_title":"Diocese de Picos divulga programa\u00e7\u00e3o da Semana Santa; Confira","og_description":"A Diocese de Picos divulgou a programa\u00e7\u00e3o de missas e celebra\u00e7\u00f5es alusivas a Semana Santa 2024 na cidade de Picos, com in\u00edcio na pr\u00f3xima sexta-feira, 22 de mar\u00e7o, seguindo at\u00e9 o Domingo de P\u00e1scoa, 31 de mar\u00e7o. Na sexta-feira de Passos, 22 de mar\u00e7o, haver\u00e1 prociss\u00f5es saindo da Igreja Nossa Senhora do Carmo no bairro [&hellip;]","og_url":"https:\/\/noticiaempauta.com\/portal\/diocese-de-picos-divulga-programacao-da-semana-santa-confira\/","og_site_name":"Portal Not\u00edcia em Pauta","article_publisher":"https:\/\/www.facebook.com\/Portal-Notcia-Em-Pauta-102292869264820\/","article_published_time":"2024-03-18T20:13:03+00:00","article_modified_time":"2024-03-18T20:20:59+00:00","og_image":[{"width":625,"height":500,"url":"https:\/\/noticiaempauta.com\/portal\/wp-content\/uploads\/2024\/03\/20220408_17592898777434.jpg","type":"image\/jpeg"}],"author":"Reda\u00e7\u00e3o","twitter_card":"summary_large_image","twitter_misc":{"Escrito por":"Reda\u00e7\u00e3o","Est. tempo de leitura":"2 minutos"},"schema":{"@context":"https:\/\/schema.org","@graph":[{"@type":"Article","@id":"https:\/\/noticiaempauta.com\/portal\/diocese-de-picos-divulga-programacao-da-semana-santa-confira\/#article","isPartOf":{"@id":"https:\/\/noticiaempauta.com\/portal\/diocese-de-picos-divulga-programacao-da-semana-santa-confira\/"},"author":{"name":"Reda\u00e7\u00e3o","@id":"https:\/\/noticiaempauta.com\/portal\/#\/schema\/person\/a74af43dd1ab3deca45f988c717d57ac"},"headline":"Diocese de Picos divulga programa\u00e7\u00e3o da Semana Santa; Confira","datePublished":"2024-03-18T20:13:03+00:00","dateModified":"2024-03-18T20:20:59+00:00","mainEntityOfPage":{"@id":"https:\/\/noticiaempauta.com\/portal\/diocese-de-picos-divulga-programacao-da-semana-santa-confira\/"},"wordCount":161,"commentCount":0,"publisher":{"@id":"https:\/\/noticiaempauta.com\/portal\/#organization"},"image":{"@id":"https:\/\/noticiaempauta.com\/portal\/diocese-de-picos-divulga-programacao-da-semana-santa-confira\/#primaryimage"},"thumbnailUrl":"https:\/\/noticiaempauta.com\/portal\/wp-content\/uploads\/2024\/03\/20220408_17592898777434.jpg","keywords":["destaqueprincipal"],"articleSection":["Destaques","Geral","Todas as Not\u00edcias"],"inLanguage":"pt-BR","potentialAction":[{"@type":"CommentAction","name":"Comment","target":["https:\/\/noticiaempauta.com\/portal\/diocese-de-picos-divulga-programacao-da-semana-santa-confira\/#respond"]}]},{"@type":"WebPage","@id":"https:\/\/noticiaempauta.com\/portal\/diocese-de-picos-divulga-programacao-da-semana-santa-confira\/","url":"https:\/\/noticiaempauta.com\/portal\/diocese-de-picos-divulga-programacao-da-semana-santa-confira\/","name":"Diocese de Picos divulga programa\u00e7\u00e3o da Semana Santa; Confira - Portal Not\u00edcia em Pauta","isPartOf":{"@id":"https:\/\/noticiaempauta.com\/portal\/#website"},"primaryImageOfPage":{"@id":"https:\/\/noticiaempauta.com\/portal\/diocese-de-picos-divulga-programacao-da-semana-santa-confira\/#primaryimage"},"image":{"@id":"https:\/\/noticiaempauta.com\/portal\/diocese-de-picos-divulga-programacao-da-semana-santa-confira\/#primaryimage"},"thumbnailUrl":"https:\/\/noticiaempauta.com\/portal\/wp-content\/uploads\/2024\/03\/20220408_17592898777434.jpg","datePublished":"2024-03-18T20:13:03+00:00","dateModified":"2024-03-18T20:20:59+00:00","breadcrumb":{"@id":"https:\/\/noticiaempauta.com\/portal\/diocese-de-picos-divulga-programacao-da-semana-santa-confira\/#breadcrumb"},"inLanguage":"pt-BR","potentialAction":[{"@type":"ReadAction","target":["https:\/\/noticiaempauta.com\/portal\/diocese-de-picos-divulga-programacao-da-semana-santa-confira\/"]}]},{"@type":"ImageObject","inLanguage":"pt-BR","@id":"https:\/\/noticiaempauta.com\/portal\/diocese-de-picos-divulga-programacao-da-semana-santa-confira\/#primaryimage","url":"https:\/\/noticiaempauta.com\/portal\/wp-content\/uploads\/2024\/03\/20220408_17592898777434.jpg","contentUrl":"https:\/\/noticiaempauta.com\/portal\/wp-content\/uploads\/2024\/03\/20220408_17592898777434.jpg","width":625,"height":500},{"@type":"BreadcrumbList","@id":"https:\/\/noticiaempauta.com\/portal\/diocese-de-picos-divulga-programacao-da-semana-santa-confira\/#breadcrumb","itemListElement":[{"@type":"ListItem","position":1,"name":"P\u00e1gina Inicial","item":"https:\/\/noticiaempauta.com\/portal\/"},{"@type":"ListItem","position":2,"name":"Destaques","item":"https:\/\/noticiaempauta.com\/portal\/destaques-site\/"},{"@type":"ListItem","position":3,"name":"Diocese de Picos divulga programa\u00e7\u00e3o da Semana Santa; Confira"}]},{"@type":"WebSite","@id":"https:\/\/noticiaempauta.com\/portal\/#website","url":"https:\/\/noticiaempauta.com\/portal\/","name":"Portal Not\u00edcia em Pauta","description":"Voc\u00ea bem informado","publisher":{"@id":"https:\/\/noticiaempauta.com\/portal\/#organization"},"potentialAction":[{"@type":"SearchAction","target":{"@type":"EntryPoint","urlTemplate":"https:\/\/noticiaempauta.com\/portal\/?s={search_term_string}"},"query-input":{"@type":"PropertyValueSpecification","valueRequired":true,"valueName":"search_term_string"}}],"inLanguage":"pt-BR"},{"@type":"Organization","@id":"https:\/\/noticiaempauta.com\/portal\/#organization","name":"Portal Not\u00edcia em Pauta","url":"https:\/\/noticiaempauta.com\/portal\/","logo":{"@type":"ImageObject","inLanguage":"pt-BR","@id":"https:\/\/noticiaempauta.com\/portal\/#\/schema\/logo\/image\/","url":"https:\/\/noticiaempauta.com\/portal\/wp-content\/uploads\/2022\/08\/logomarca_tema.fw_.png","contentUrl":"https:\/\/noticiaempauta.com\/portal\/wp-content\/uploads\/2022\/08\/logomarca_tema.fw_.png","width":400,"height":232,"caption":"Portal Not\u00edcia em Pauta"},"image":{"@id":"https:\/\/noticiaempauta.com\/portal\/#\/schema\/logo\/image\/"},"sameAs":["https:\/\/www.facebook.com\/Portal-Notcia-Em-Pauta-102292869264820\/","https:\/\/www.instagram.com\/portalnoticiaempauta\/"]},{"@type":"Person","@id":"https:\/\/noticiaempauta.com\/portal\/#\/schema\/person\/a74af43dd1ab3deca45f988c717d57ac","name":"Reda\u00e7\u00e3o","image":{"@type":"ImageObject","inLanguage":"pt-BR","@id":"https:\/\/noticiaempauta.com\/portal\/#\/schema\/person\/image\/","url":"https:\/\/secure.gravatar.com\/avatar\/03179346ecce6cdfc13361603e8f54242a90e5cde8618fa23c5c00aa2b0aadf3?s=96&d=mm&r=g","contentUrl":"https:\/\/secure.gravatar.com\/avatar\/03179346ecce6cdfc13361603e8f54242a90e5cde8618fa23c5c00aa2b0aadf3?s=96&d=mm&r=g","caption":"Reda\u00e7\u00e3o"},"sameAs":["https:\/\/noticiaempauta.com\/portal\/"],"url":"https:\/\/noticiaempauta.com\/portal\/author\/fernando\/"}]}},"_links":{"self":[{"href":"https:\/\/noticiaempauta.com\/portal\/wp-json\/wp\/v2\/posts\/255938","targetHints":{"allow":["GET"]}}],"collection":[{"href":"https:\/\/noticiaempauta.com\/portal\/wp-json\/wp\/v2\/posts"}],"about":[{"href":"https:\/\/noticiaempauta.com\/portal\/wp-json\/wp\/v2\/types\/post"}],"author":[{"embeddable":true,"href":"https:\/\/noticiaempauta.com\/portal\/wp-json\/wp\/v2\/users\/2"}],"replies":[{"embeddable":true,"href":"https:\/\/noticiaempauta.com\/portal\/wp-json\/wp\/v2\/comments?post=255938"}],"version-history":[{"count":4,"href":"https:\/\/noticiaempauta.com\/portal\/wp-json\/wp\/v2\/posts\/255938\/revisions"}],"predecessor-version":[{"id":255947,"href":"https:\/\/noticiaempauta.com\/portal\/wp-json\/wp\/v2\/posts\/255938\/revisions\/255947"}],"wp:featuredmedia":[{"embeddable":true,"href":"https:\/\/noticiaempauta.com\/portal\/wp-json\/wp\/v2\/media\/255943"}],"wp:attachment":[{"href":"https:\/\/noticiaempauta.com\/portal\/wp-json\/wp\/v2\/media?parent=255938"}],"wp:term":[{"taxonomy":"category","embeddable":true,"href":"https:\/\/noticiaempauta.com\/portal\/wp-json\/wp\/v2\/categories?post=255938"},{"taxonomy":"post_tag","embeddable":true,"href":"https:\/\/noticiaempauta.com\/portal\/wp-json\/wp\/v2\/tags?post=255938"}],"curies":[{"name":"wp","href":"https:\/\/api.w.org\/{rel}","templated":true}]}}